	{"id":56504,"date":"2016-05-10T12:58:32","date_gmt":"2016-05-10T10:58:32","guid":{"rendered":"http:\/\/pre.italcamara-es.com\/senza-categoria\/abertis-ha-raggiunto-un-accordo-per-lacquisizione-del-514-delle-autostrade-italiane-a4-e-a31\/"},"modified":"2016-05-10T12:58:32","modified_gmt":"2016-05-10T10:58:32","slug":"abertis-ha-raggiunto-un-accordo-per-lacquisizione-del-514-delle-autostrade-italiane-a4-e-a31","status":"publish","type":"post","link":"https:\/\/italcamara-es.com\/it\/notizie\/abertis-ha-raggiunto-un-accordo-per-lacquisizione-del-514-delle-autostrade-italiane-a4-e-a31\/","title":{"rendered":"Abertis ha raggiunto un accordo per l&#8217;acquisizione del 51,4% delle autostrade italiane A4 e A31"},"content":{"rendered":"<p style=\"text-align: justify;\"><em>Per il gruppo spagnolo leader internazionale nella gestione di strade a pedaggio\u00a0questa incorporazione permetter\u00e0 di implementare il proprio know how industriale e di creare una piattaforma in Italia per esplorare nuovi progetti potenziali in un mercato maturo e stabile<\/em><\/p>\n<p style=\"text-align: justify;\">\n<p style=\"text-align: justify;\">Abertis ha raggiunto un accordo con Intesa, Astaldi e Famiglia Tabacchi per l&#8217;acquisizione delle due societ\u00e0 che controllano il 51,4% del gruppo industriale italiano A4 Holding, le cui principali attivit\u00e0 sono le autostrade A4 Brescia-Padova e A31.<\/p>\n<p style=\"text-align: justify;\">\n<p style=\"text-align: justify;\">L\u2019acquisizione prevede per Abertis il pagamento di un importo totale di 594 milioni di Euro, che verr\u00e0 corrisposto al termine del mese di gennaio 2023 (ad eccezione di 5 milioni di Euro che saranno pagati alla chiusura dell\u2019operazione, prevista nei prossimi mesi).<\/p>\n<p style=\"text-align: justify;\">\n<p style=\"text-align: justify;\">Attualmente A4 Holding gestisce complessivamente 235 chilometri di autostrade nella Regione Veneto, area strategica per la sua posizione di collegamento tra il nord industrializzato dell\u2019Italia con il centro economico dell\u2019Europa.<\/p>\n<p style=\"text-align: justify;\">\n<p style=\"text-align: justify;\">L&#8217;accordo \u00e8 subordinato, tra le altre condizioni, all\u2019approvazione da parte del Governo Italiano del prolungamento dell\u2019autostrada A31 (progetto Connessione Nord), un piano di investimenti di importanza strategica per il Paese.<\/p>\n<p style=\"text-align: justify;\">\n<p style=\"text-align: justify;\"><strong><em>Descrizione delle attivit\u00e0<\/em><\/strong><\/p>\n<p style=\"text-align: justify;\">A4 Holding gestisce il tratto a tre corsie per lato di marcia dell\u2019autostrada A4 noto come \u201cLa Serenissima\u201d, che collega le citt\u00e0 di Brescia e di Padova attraverso 146 km.<\/p>\n<p style=\"text-align: justify;\">Si tratta della terza autostrada per volume di traffico in Italia, con un indice di Traffico Giornaliero Medio (TGM) di 91.000 veicoli.<\/p>\n<p style=\"text-align: justify;\">\n<p style=\"text-align: justify;\">L\u2019autostrada A31 (Autostrada della Valdastico), che si estende per una lunghezza di 89 chilometri, pu\u00f2 contare su un TGM di 12.000 veicoli, si divide in due tratte: la Vicenza-Piovene Rocchette di 36 chilometri e la Vicenza-Badia Polesine di 53 chilometri.<\/p>\n<p style=\"text-align: justify;\">Il contratto di concessione di entrambe le autostrade \u2013 A4 e A31 \u2013 scade nel 2026, soggetto all\u2019approvazione del prolungamento dell\u2019A31.<\/p>\n<p style=\"text-align: justify;\">\n<p style=\"text-align: justify;\"><strong><em>Il prolungamento dell\u2019autostrada A31<\/em><\/strong><\/p>\n<p style=\"text-align: justify;\">L\u2019accordo raggiunto include un piano completo di investimenti relativo all\u2019autostrada A31, che implica la costruzione di una nuova autostrada che completer\u00e0 la connessione della tratta gi\u00e0 esistente con l\u2019autostrada A22. Come risultato, la A31 diventer\u00e0 il percorso pi\u00f9 breve e rapido tra l&#8217;Europa centrale e quella orientale, con un forte potenziale di attrarre volumi consistenti di traffico dall&#8217;Italia del nord verso la costa Adriatica.<\/p>\n<p style=\"text-align: justify;\">\n<p style=\"text-align: justify;\">Il progetto \u00e8 subordinato all\u2019approvazione da parte del Comitato Interministeriale per la Programmazione Economica (CIPE) del Governo Italiano. La definizione del tracciato del progetto \u00e8 nella fase finale di negoziazione tra le Autorit\u00e0 locali della Provincia di Trento, la Regione Veneto e il Governo Italiano.<\/p>\n<p style=\"text-align: justify;\">\n<p style=\"text-align: justify;\"><strong><em>L\u2019importanza dell&#8217;operazione per Abertis<\/em><\/strong><\/p>\n<p style=\"text-align: justify;\">Con l&#8217;acquisizione delle due autostrade, il Gruppo Abertis fa il proprio ingresso nel settore autostradale italiano e incrementa la sua posizione come leader di settore a livello internazionale, con pi\u00f9 di 8.500 chilometri di autostrade in gestione.<\/p>\n<p style=\"text-align: justify;\">\n<p style=\"text-align: justify;\">Dal punto di vista finanziario, l&#8217;acquisizione dei due asset consentir\u00e0 ad Abertis di consolidare nel proprio bilancio circa 610 milioni di euro di ricavi e circa 200 milioni di euro di EBITDA ogni anno. Pertanto, l&#8217;Italia rappresenter\u00e0 il 6% dell&#8217;EBITDA di Abertis.<\/p>\n<p style=\"text-align: justify;\">\n<p style=\"text-align: justify;\">L\u2019incorporazione di queste attivit\u00e0 nel portafoglio di Abertis permetter\u00e0 al Gruppo di sfruttare il proprio know-how industriale, nonch\u00e9 di costituire in Italia un trampolino per lo studio di nuovi possibili progetti in un&#8217;economia stabile e matura, dotata di una lunga e comprovata esperienza nel settore delle concessioni autostradali.<\/p>\n<p style=\"text-align: justify;\">\n<p style=\"text-align: justify;\">Grazie a questa operazione Abertis rafforza il proprio impegno nella realizzazione del Piano Strategico 2015-2017, entrando in un mercato target e dimostrando la capacit\u00e0 di investire secondo una logica finanziaria in grado di creare valore per i propri azionisti.<\/p>\n<p style=\"text-align: center;\">\u00a0<a href=\"https:\/\/www.italcamara-es.com\/wp-content\/uploads\/2016\/07\/abertisen.jpg\"><img fetchpriority=\"high\" decoding=\"async\" class=\" size-full wp-image-2269 aligncenter\" src=\"https:\/\/www.italcamara-es.com\/wp-content\/uploads\/2016\/07\/abertisen.jpg\" alt=\"abertisen\" width=\"311\" height=\"800\" \/><\/a><\/p>\n<p style=\"text-align: center;\">\n<p style=\"text-align: center;\">\n","protected":false},"excerpt":{"rendered":"<p>Per il gruppo spagnolo leader internazionale nella gestione di strade a pedaggio\u00a0questa incorporazione permetter\u00e0 di implementare il proprio know how industriale e di creare una piattaforma in Italia per esplorare nuovi progetti potenziali in un mercato maturo e stabile Abertis ha raggiunto un accordo con Intesa, Astaldi e Famiglia Tabacchi per l&#8217;acquisizione delle due societ\u00e0 [&hellip;]<\/p>\n","protected":false},"author":1,"featured_media":53465,"comment_status":"open","ping_status":"open","sticky":false,"template":"","format":"standard","meta":{"inline_featured_image":false,"ocean_post_layout":"","ocean_both_sidebars_style":"","ocean_both_sidebars_content_width":0,"ocean_both_sidebars_sidebars_width":0,"ocean_sidebar":"","ocean_second_sidebar":"","ocean_disable_margins":"enable","ocean_add_body_class":"","ocean_shortcode_before_top_bar":"","ocean_shortcode_after_top_bar":"","ocean_shortcode_before_header":"","ocean_shortcode_after_header":"","ocean_has_shortcode":"","ocean_shortcode_after_title":"","ocean_shortcode_before_footer_widgets":"","ocean_shortcode_after_footer_widgets":"","ocean_shortcode_before_footer_bottom":"","ocean_shortcode_after_footer_bottom":"","ocean_display_top_bar":"default","ocean_display_header":"default","ocean_header_style":"","ocean_center_header_left_menu":"","ocean_custom_header_template":"","ocean_custom_logo":0,"ocean_custom_retina_logo":0,"ocean_custom_logo_max_width":0,"ocean_custom_logo_tablet_max_width":0,"ocean_custom_logo_mobile_max_width":0,"ocean_custom_logo_max_height":0,"ocean_custom_logo_tablet_max_height":0,"ocean_custom_logo_mobile_max_height":0,"ocean_header_custom_menu":"","ocean_menu_typo_font_family":"","ocean_menu_typo_font_subset":"","ocean_menu_typo_font_size":0,"ocean_menu_typo_font_size_tablet":0,"ocean_menu_typo_font_size_mobile":0,"ocean_menu_typo_font_size_unit":"px","ocean_menu_typo_font_weight":"","ocean_menu_typo_font_weight_tablet":"","ocean_menu_typo_font_weight_mobile":"","ocean_menu_typo_transform":"","ocean_menu_typo_transform_tablet":"","ocean_menu_typo_transform_mobile":"","ocean_menu_typo_line_height":0,"ocean_menu_typo_line_height_tablet":0,"ocean_menu_typo_line_height_mobile":0,"ocean_menu_typo_line_height_unit":"","ocean_menu_typo_spacing":0,"ocean_menu_typo_spacing_tablet":0,"ocean_menu_typo_spacing_mobile":0,"ocean_menu_typo_spacing_unit":"","ocean_menu_link_color":"","ocean_menu_link_color_hover":"","ocean_menu_link_color_active":"","ocean_menu_link_background":"","ocean_menu_link_hover_background":"","ocean_menu_link_active_background":"","ocean_menu_social_links_bg":"","ocean_menu_social_hover_links_bg":"","ocean_menu_social_links_color":"","ocean_menu_social_hover_links_color":"","ocean_disable_title":"default","ocean_disable_heading":"default","ocean_post_title":"","ocean_post_subheading":"","ocean_post_title_style":"","ocean_post_title_background_color":"","ocean_post_title_background":0,"ocean_post_title_bg_image_position":"","ocean_post_title_bg_image_attachment":"","ocean_post_title_bg_image_repeat":"","ocean_post_title_bg_image_size":"","ocean_post_title_height":0,"ocean_post_title_bg_overlay":0.5,"ocean_post_title_bg_overlay_color":"","ocean_disable_breadcrumbs":"default","ocean_breadcrumbs_color":"","ocean_breadcrumbs_separator_color":"","ocean_breadcrumbs_links_color":"","ocean_breadcrumbs_links_hover_color":"","ocean_display_footer_widgets":"default","ocean_display_footer_bottom":"default","ocean_custom_footer_template":"","ocean_post_oembed":"","ocean_post_self_hosted_media":"","ocean_post_video_embed":"","ocean_link_format":"","ocean_link_format_target":"self","ocean_quote_format":"","ocean_quote_format_link":"post","ocean_gallery_link_images":"on","ocean_gallery_id":[],"footnotes":""},"categories":[133],"tags":[138],"class_list":["post-56504","post","type-post","status-publish","format-standard","has-post-thumbnail","hentry","category-notizie","tag-notizie-di-mercato","entry","has-media"],"yoast_head":"<!-- This site is optimized with the Yoast SEO plugin v27.4 - https:\/\/yoast.com\/product\/yoast-seo-wordpress\/ -->\n<title>Abertis ha raggiunto un accordo per l&#039;acquisizione del 51,4% delle autostrade italiane A4 e A31 - Italcamara<\/title>\n<meta name=\"robots\" content=\"index, follow, max-snippet:-1, max-image-preview:large, max-video-preview:-1\" \/>\n<link rel=\"canonical\" href=\"https:\/\/italcamara-es.com\/it\/notizie\/abertis-ha-raggiunto-un-accordo-per-lacquisizione-del-514-delle-autostrade-italiane-a4-e-a31\/\" \/>\n<meta property=\"og:locale\" content=\"it_IT\" \/>\n<meta property=\"og:type\" content=\"article\" \/>\n<meta property=\"og:title\" content=\"Abertis ha raggiunto un accordo per l&#039;acquisizione del 51,4% delle autostrade italiane A4 e A31 - Italcamara\" \/>\n<meta property=\"og:description\" content=\"Per il gruppo spagnolo leader internazionale nella gestione di strade a pedaggio\u00a0questa incorporazione permetter\u00e0 di implementare il proprio know how industriale e di creare una piattaforma in Italia per esplorare nuovi progetti potenziali in un mercato maturo e stabile Abertis ha raggiunto un accordo con Intesa, Astaldi e Famiglia Tabacchi per l&#8217;acquisizione delle due societ\u00e0 [&hellip;]\" \/>\n<meta property=\"og:url\" content=\"https:\/\/italcamara-es.com\/it\/notizie\/abertis-ha-raggiunto-un-accordo-per-lacquisizione-del-514-delle-autostrade-italiane-a4-e-a31\/\" \/>\n<meta property=\"og:site_name\" content=\"Italcamara\" \/>\n<meta property=\"article:published_time\" content=\"2016-05-10T10:58:32+00:00\" \/>\n<meta property=\"og:image\" content=\"https:\/\/italcamara-es.com\/wp-content\/uploads\/2025\/03\/A4110def.jpg\" \/>\n\t<meta property=\"og:image:width\" content=\"110\" \/>\n\t<meta property=\"og:image:height\" content=\"110\" \/>\n\t<meta property=\"og:image:type\" content=\"image\/jpeg\" \/>\n<meta name=\"author\" content=\"administrador\" \/>\n<meta name=\"twitter:card\" content=\"summary_large_image\" \/>\n<meta name=\"twitter:label1\" content=\"Scritto da\" \/>\n\t<meta name=\"twitter:data1\" content=\"administrador\" \/>\n\t<meta name=\"twitter:label2\" content=\"Tempo di lettura stimato\" \/>\n\t<meta name=\"twitter:data2\" content=\"3 minuti\" \/>\n<script type=\"application\/ld+json\" class=\"yoast-schema-graph\">{\"@context\":\"https:\\\/\\\/schema.org\",\"@graph\":[{\"@type\":\"Article\",\"@id\":\"https:\\\/\\\/italcamara-es.com\\\/it\\\/notizie\\\/abertis-ha-raggiunto-un-accordo-per-lacquisizione-del-514-delle-autostrade-italiane-a4-e-a31\\\/#article\",\"isPartOf\":{\"@id\":\"https:\\\/\\\/italcamara-es.com\\\/it\\\/notizie\\\/abertis-ha-raggiunto-un-accordo-per-lacquisizione-del-514-delle-autostrade-italiane-a4-e-a31\\\/\"},\"author\":{\"name\":\"administrador\",\"@id\":\"https:\\\/\\\/italcamara-es.com\\\/#\\\/schema\\\/person\\\/bb3c56263e405bbd9a15171dcfee93bb\"},\"headline\":\"Abertis ha raggiunto un accordo per l&#8217;acquisizione del 51,4% delle autostrade italiane A4 e A31\",\"datePublished\":\"2016-05-10T10:58:32+00:00\",\"mainEntityOfPage\":{\"@id\":\"https:\\\/\\\/italcamara-es.com\\\/it\\\/notizie\\\/abertis-ha-raggiunto-un-accordo-per-lacquisizione-del-514-delle-autostrade-italiane-a4-e-a31\\\/\"},\"wordCount\":599,\"commentCount\":0,\"image\":{\"@id\":\"https:\\\/\\\/italcamara-es.com\\\/it\\\/notizie\\\/abertis-ha-raggiunto-un-accordo-per-lacquisizione-del-514-delle-autostrade-italiane-a4-e-a31\\\/#primaryimage\"},\"thumbnailUrl\":\"https:\\\/\\\/italcamara-es.com\\\/wp-content\\\/uploads\\\/2025\\\/03\\\/A4110def.jpg\",\"keywords\":[\"Notizie di Mercato\"],\"articleSection\":[\"Notizie\"],\"inLanguage\":\"it-IT\",\"potentialAction\":[{\"@type\":\"CommentAction\",\"name\":\"Comment\",\"target\":[\"https:\\\/\\\/italcamara-es.com\\\/it\\\/notizie\\\/abertis-ha-raggiunto-un-accordo-per-lacquisizione-del-514-delle-autostrade-italiane-a4-e-a31\\\/#respond\"]}]},{\"@type\":\"WebPage\",\"@id\":\"https:\\\/\\\/italcamara-es.com\\\/it\\\/notizie\\\/abertis-ha-raggiunto-un-accordo-per-lacquisizione-del-514-delle-autostrade-italiane-a4-e-a31\\\/\",\"url\":\"https:\\\/\\\/italcamara-es.com\\\/it\\\/notizie\\\/abertis-ha-raggiunto-un-accordo-per-lacquisizione-del-514-delle-autostrade-italiane-a4-e-a31\\\/\",\"name\":\"Abertis ha raggiunto un accordo per l'acquisizione del 51,4% delle autostrade italiane A4 e A31 - Italcamara\",\"isPartOf\":{\"@id\":\"https:\\\/\\\/italcamara-es.com\\\/#website\"},\"primaryImageOfPage\":{\"@id\":\"https:\\\/\\\/italcamara-es.com\\\/it\\\/notizie\\\/abertis-ha-raggiunto-un-accordo-per-lacquisizione-del-514-delle-autostrade-italiane-a4-e-a31\\\/#primaryimage\"},\"image\":{\"@id\":\"https:\\\/\\\/italcamara-es.com\\\/it\\\/notizie\\\/abertis-ha-raggiunto-un-accordo-per-lacquisizione-del-514-delle-autostrade-italiane-a4-e-a31\\\/#primaryimage\"},\"thumbnailUrl\":\"https:\\\/\\\/italcamara-es.com\\\/wp-content\\\/uploads\\\/2025\\\/03\\\/A4110def.jpg\",\"datePublished\":\"2016-05-10T10:58:32+00:00\",\"author\":{\"@id\":\"https:\\\/\\\/italcamara-es.com\\\/#\\\/schema\\\/person\\\/bb3c56263e405bbd9a15171dcfee93bb\"},\"breadcrumb\":{\"@id\":\"https:\\\/\\\/italcamara-es.com\\\/it\\\/notizie\\\/abertis-ha-raggiunto-un-accordo-per-lacquisizione-del-514-delle-autostrade-italiane-a4-e-a31\\\/#breadcrumb\"},\"inLanguage\":\"it-IT\",\"potentialAction\":[{\"@type\":\"ReadAction\",\"target\":[\"https:\\\/\\\/italcamara-es.com\\\/it\\\/notizie\\\/abertis-ha-raggiunto-un-accordo-per-lacquisizione-del-514-delle-autostrade-italiane-a4-e-a31\\\/\"]}]},{\"@type\":\"ImageObject\",\"inLanguage\":\"it-IT\",\"@id\":\"https:\\\/\\\/italcamara-es.com\\\/it\\\/notizie\\\/abertis-ha-raggiunto-un-accordo-per-lacquisizione-del-514-delle-autostrade-italiane-a4-e-a31\\\/#primaryimage\",\"url\":\"https:\\\/\\\/italcamara-es.com\\\/wp-content\\\/uploads\\\/2025\\\/03\\\/A4110def.jpg\",\"contentUrl\":\"https:\\\/\\\/italcamara-es.com\\\/wp-content\\\/uploads\\\/2025\\\/03\\\/A4110def.jpg\",\"width\":110,\"height\":110},{\"@type\":\"BreadcrumbList\",\"@id\":\"https:\\\/\\\/italcamara-es.com\\\/it\\\/notizie\\\/abertis-ha-raggiunto-un-accordo-per-lacquisizione-del-514-delle-autostrade-italiane-a4-e-a31\\\/#breadcrumb\",\"itemListElement\":[{\"@type\":\"ListItem\",\"position\":1,\"name\":\"Inicio\",\"item\":\"https:\\\/\\\/italcamara-es.com\\\/it\\\/homepage-ita\\\/\"},{\"@type\":\"ListItem\",\"position\":2,\"name\":\"Abertis ha raggiunto un accordo per l&#8217;acquisizione del 51,4% delle autostrade italiane A4 e A31\"}]},{\"@type\":\"WebSite\",\"@id\":\"https:\\\/\\\/italcamara-es.com\\\/#website\",\"url\":\"https:\\\/\\\/italcamara-es.com\\\/\",\"name\":\"Italcamara\",\"description\":\"\",\"potentialAction\":[{\"@type\":\"SearchAction\",\"target\":{\"@type\":\"EntryPoint\",\"urlTemplate\":\"https:\\\/\\\/italcamara-es.com\\\/?s={search_term_string}\"},\"query-input\":{\"@type\":\"PropertyValueSpecification\",\"valueRequired\":true,\"valueName\":\"search_term_string\"}}],\"inLanguage\":\"it-IT\"},{\"@type\":\"Person\",\"@id\":\"https:\\\/\\\/italcamara-es.com\\\/#\\\/schema\\\/person\\\/bb3c56263e405bbd9a15171dcfee93bb\",\"name\":\"administrador\",\"image\":{\"@type\":\"ImageObject\",\"inLanguage\":\"it-IT\",\"@id\":\"https:\\\/\\\/secure.gravatar.com\\\/avatar\\\/14b5e63db38320b12031bb28cf9f77e210aa71fb3a8a3602a3c9a05134fa75eb?s=96&d=mm&r=g\",\"url\":\"https:\\\/\\\/secure.gravatar.com\\\/avatar\\\/14b5e63db38320b12031bb28cf9f77e210aa71fb3a8a3602a3c9a05134fa75eb?s=96&d=mm&r=g\",\"contentUrl\":\"https:\\\/\\\/secure.gravatar.com\\\/avatar\\\/14b5e63db38320b12031bb28cf9f77e210aa71fb3a8a3602a3c9a05134fa75eb?s=96&d=mm&r=g\",\"caption\":\"administrador\"},\"sameAs\":[\"http:\\\/\\\/pre.italcamara-es.com\"],\"url\":\"https:\\\/\\\/italcamara-es.com\\\/it\\\/author\\\/administrador\\\/\"}]}<\/script>\n<!-- \/ Yoast SEO plugin. -->","yoast_head_json":{"title":"Abertis ha raggiunto un accordo per l'acquisizione del 51,4% delle autostrade italiane A4 e A31 - Italcamara","robots":{"index":"index","follow":"follow","max-snippet":"max-snippet:-1","max-image-preview":"max-image-preview:large","max-video-preview":"max-video-preview:-1"},"canonical":"https:\/\/italcamara-es.com\/it\/notizie\/abertis-ha-raggiunto-un-accordo-per-lacquisizione-del-514-delle-autostrade-italiane-a4-e-a31\/","og_locale":"it_IT","og_type":"article","og_title":"Abertis ha raggiunto un accordo per l'acquisizione del 51,4% delle autostrade italiane A4 e A31 - Italcamara","og_description":"Per il gruppo spagnolo leader internazionale nella gestione di strade a pedaggio\u00a0questa incorporazione permetter\u00e0 di implementare il proprio know how industriale e di creare una piattaforma in Italia per esplorare nuovi progetti potenziali in un mercato maturo e stabile Abertis ha raggiunto un accordo con Intesa, Astaldi e Famiglia Tabacchi per l&#8217;acquisizione delle due societ\u00e0 [&hellip;]","og_url":"https:\/\/italcamara-es.com\/it\/notizie\/abertis-ha-raggiunto-un-accordo-per-lacquisizione-del-514-delle-autostrade-italiane-a4-e-a31\/","og_site_name":"Italcamara","article_published_time":"2016-05-10T10:58:32+00:00","og_image":[{"width":110,"height":110,"url":"https:\/\/italcamara-es.com\/wp-content\/uploads\/2025\/03\/A4110def.jpg","type":"image\/jpeg"}],"author":"administrador","twitter_card":"summary_large_image","twitter_misc":{"Scritto da":"administrador","Tempo di lettura stimato":"3 minuti"},"schema":{"@context":"https:\/\/schema.org","@graph":[{"@type":"Article","@id":"https:\/\/italcamara-es.com\/it\/notizie\/abertis-ha-raggiunto-un-accordo-per-lacquisizione-del-514-delle-autostrade-italiane-a4-e-a31\/#article","isPartOf":{"@id":"https:\/\/italcamara-es.com\/it\/notizie\/abertis-ha-raggiunto-un-accordo-per-lacquisizione-del-514-delle-autostrade-italiane-a4-e-a31\/"},"author":{"name":"administrador","@id":"https:\/\/italcamara-es.com\/#\/schema\/person\/bb3c56263e405bbd9a15171dcfee93bb"},"headline":"Abertis ha raggiunto un accordo per l&#8217;acquisizione del 51,4% delle autostrade italiane A4 e A31","datePublished":"2016-05-10T10:58:32+00:00","mainEntityOfPage":{"@id":"https:\/\/italcamara-es.com\/it\/notizie\/abertis-ha-raggiunto-un-accordo-per-lacquisizione-del-514-delle-autostrade-italiane-a4-e-a31\/"},"wordCount":599,"commentCount":0,"image":{"@id":"https:\/\/italcamara-es.com\/it\/notizie\/abertis-ha-raggiunto-un-accordo-per-lacquisizione-del-514-delle-autostrade-italiane-a4-e-a31\/#primaryimage"},"thumbnailUrl":"https:\/\/italcamara-es.com\/wp-content\/uploads\/2025\/03\/A4110def.jpg","keywords":["Notizie di Mercato"],"articleSection":["Notizie"],"inLanguage":"it-IT","potentialAction":[{"@type":"CommentAction","name":"Comment","target":["https:\/\/italcamara-es.com\/it\/notizie\/abertis-ha-raggiunto-un-accordo-per-lacquisizione-del-514-delle-autostrade-italiane-a4-e-a31\/#respond"]}]},{"@type":"WebPage","@id":"https:\/\/italcamara-es.com\/it\/notizie\/abertis-ha-raggiunto-un-accordo-per-lacquisizione-del-514-delle-autostrade-italiane-a4-e-a31\/","url":"https:\/\/italcamara-es.com\/it\/notizie\/abertis-ha-raggiunto-un-accordo-per-lacquisizione-del-514-delle-autostrade-italiane-a4-e-a31\/","name":"Abertis ha raggiunto un accordo per l'acquisizione del 51,4% delle autostrade italiane A4 e A31 - Italcamara","isPartOf":{"@id":"https:\/\/italcamara-es.com\/#website"},"primaryImageOfPage":{"@id":"https:\/\/italcamara-es.com\/it\/notizie\/abertis-ha-raggiunto-un-accordo-per-lacquisizione-del-514-delle-autostrade-italiane-a4-e-a31\/#primaryimage"},"image":{"@id":"https:\/\/italcamara-es.com\/it\/notizie\/abertis-ha-raggiunto-un-accordo-per-lacquisizione-del-514-delle-autostrade-italiane-a4-e-a31\/#primaryimage"},"thumbnailUrl":"https:\/\/italcamara-es.com\/wp-content\/uploads\/2025\/03\/A4110def.jpg","datePublished":"2016-05-10T10:58:32+00:00","author":{"@id":"https:\/\/italcamara-es.com\/#\/schema\/person\/bb3c56263e405bbd9a15171dcfee93bb"},"breadcrumb":{"@id":"https:\/\/italcamara-es.com\/it\/notizie\/abertis-ha-raggiunto-un-accordo-per-lacquisizione-del-514-delle-autostrade-italiane-a4-e-a31\/#breadcrumb"},"inLanguage":"it-IT","potentialAction":[{"@type":"ReadAction","target":["https:\/\/italcamara-es.com\/it\/notizie\/abertis-ha-raggiunto-un-accordo-per-lacquisizione-del-514-delle-autostrade-italiane-a4-e-a31\/"]}]},{"@type":"ImageObject","inLanguage":"it-IT","@id":"https:\/\/italcamara-es.com\/it\/notizie\/abertis-ha-raggiunto-un-accordo-per-lacquisizione-del-514-delle-autostrade-italiane-a4-e-a31\/#primaryimage","url":"https:\/\/italcamara-es.com\/wp-content\/uploads\/2025\/03\/A4110def.jpg","contentUrl":"https:\/\/italcamara-es.com\/wp-content\/uploads\/2025\/03\/A4110def.jpg","width":110,"height":110},{"@type":"BreadcrumbList","@id":"https:\/\/italcamara-es.com\/it\/notizie\/abertis-ha-raggiunto-un-accordo-per-lacquisizione-del-514-delle-autostrade-italiane-a4-e-a31\/#breadcrumb","itemListElement":[{"@type":"ListItem","position":1,"name":"Inicio","item":"https:\/\/italcamara-es.com\/it\/homepage-ita\/"},{"@type":"ListItem","position":2,"name":"Abertis ha raggiunto un accordo per l&#8217;acquisizione del 51,4% delle autostrade italiane A4 e A31"}]},{"@type":"WebSite","@id":"https:\/\/italcamara-es.com\/#website","url":"https:\/\/italcamara-es.com\/","name":"Italcamara","description":"","potentialAction":[{"@type":"SearchAction","target":{"@type":"EntryPoint","urlTemplate":"https:\/\/italcamara-es.com\/?s={search_term_string}"},"query-input":{"@type":"PropertyValueSpecification","valueRequired":true,"valueName":"search_term_string"}}],"inLanguage":"it-IT"},{"@type":"Person","@id":"https:\/\/italcamara-es.com\/#\/schema\/person\/bb3c56263e405bbd9a15171dcfee93bb","name":"administrador","image":{"@type":"ImageObject","inLanguage":"it-IT","@id":"https:\/\/secure.gravatar.com\/avatar\/14b5e63db38320b12031bb28cf9f77e210aa71fb3a8a3602a3c9a05134fa75eb?s=96&d=mm&r=g","url":"https:\/\/secure.gravatar.com\/avatar\/14b5e63db38320b12031bb28cf9f77e210aa71fb3a8a3602a3c9a05134fa75eb?s=96&d=mm&r=g","contentUrl":"https:\/\/secure.gravatar.com\/avatar\/14b5e63db38320b12031bb28cf9f77e210aa71fb3a8a3602a3c9a05134fa75eb?s=96&d=mm&r=g","caption":"administrador"},"sameAs":["http:\/\/pre.italcamara-es.com"],"url":"https:\/\/italcamara-es.com\/it\/author\/administrador\/"}]}},"rttpg_featured_image_url":{"full":["https:\/\/italcamara-es.com\/wp-content\/uploads\/2025\/03\/A4110def.jpg",110,110,false],"landscape":["https:\/\/italcamara-es.com\/wp-content\/uploads\/2025\/03\/A4110def.jpg",110,110,false],"portraits":["https:\/\/italcamara-es.com\/wp-content\/uploads\/2025\/03\/A4110def.jpg",110,110,false],"thumbnail":["https:\/\/italcamara-es.com\/wp-content\/uploads\/2025\/03\/A4110def.jpg",110,110,false],"medium":["https:\/\/italcamara-es.com\/wp-content\/uploads\/2025\/03\/A4110def.jpg",110,110,false],"large":["https:\/\/italcamara-es.com\/wp-content\/uploads\/2025\/03\/A4110def.jpg",110,110,false],"1536x1536":["https:\/\/italcamara-es.com\/wp-content\/uploads\/2025\/03\/A4110def.jpg",110,110,false],"2048x2048":["https:\/\/italcamara-es.com\/wp-content\/uploads\/2025\/03\/A4110def.jpg",110,110,false],"ocean-thumb-m":["https:\/\/italcamara-es.com\/wp-content\/uploads\/2025\/03\/A4110def.jpg",110,110,false],"ocean-thumb-ml":["https:\/\/italcamara-es.com\/wp-content\/uploads\/2025\/03\/A4110def.jpg",110,110,false],"ocean-thumb-l":["https:\/\/italcamara-es.com\/wp-content\/uploads\/2025\/03\/A4110def.jpg",110,110,false],"directorist_preview":["https:\/\/italcamara-es.com\/wp-content\/uploads\/2025\/03\/A4110def.jpg",110,110,false]},"rttpg_author":{"display_name":"administrador","author_link":"https:\/\/italcamara-es.com\/it\/author\/administrador\/"},"rttpg_comment":0,"rttpg_category":"<a href=\"https:\/\/italcamara-es.com\/it\/category\/notizie\/\" rel=\"category tag\">Notizie<\/a>","rttpg_excerpt":"Per il gruppo spagnolo leader internazionale nella gestione di strade a pedaggio\u00a0questa incorporazione permetter\u00e0 di implementare il proprio know how industriale e di creare una piattaforma in Italia per esplorare nuovi progetti potenziali in un mercato maturo e stabile Abertis ha raggiunto un accordo con Intesa, Astaldi e Famiglia Tabacchi per l&#8217;acquisizione delle due societ\u00e0&hellip;","_links":{"self":[{"href":"https:\/\/italcamara-es.com\/it\/wp-json\/wp\/v2\/posts\/56504","targetHints":{"allow":["GET"]}}],"collection":[{"href":"https:\/\/italcamara-es.com\/it\/wp-json\/wp\/v2\/posts"}],"about":[{"href":"https:\/\/italcamara-es.com\/it\/wp-json\/wp\/v2\/types\/post"}],"author":[{"embeddable":true,"href":"https:\/\/italcamara-es.com\/it\/wp-json\/wp\/v2\/users\/1"}],"replies":[{"embeddable":true,"href":"https:\/\/italcamara-es.com\/it\/wp-json\/wp\/v2\/comments?post=56504"}],"version-history":[{"count":0,"href":"https:\/\/italcamara-es.com\/it\/wp-json\/wp\/v2\/posts\/56504\/revisions"}],"wp:featuredmedia":[{"embeddable":true,"href":"https:\/\/italcamara-es.com\/it\/wp-json\/wp\/v2\/media\/53465"}],"wp:attachment":[{"href":"https:\/\/italcamara-es.com\/it\/wp-json\/wp\/v2\/media?parent=56504"}],"wp:term":[{"taxonomy":"category","embeddable":true,"href":"https:\/\/italcamara-es.com\/it\/wp-json\/wp\/v2\/categories?post=56504"},{"taxonomy":"post_tag","embeddable":true,"href":"https:\/\/italcamara-es.com\/it\/wp-json\/wp\/v2\/tags?post=56504"}],"curies":[{"name":"wp","href":"https:\/\/api.w.org\/{rel}","templated":true}]}}