	{"id":56509,"date":"2016-03-22T09:38:07","date_gmt":"2016-03-22T08:38:07","guid":{"rendered":"http:\/\/pre.italcamara-es.com\/senza-categoria\/cresce-il-sistema-del-franchising-in-spagna\/"},"modified":"2016-03-22T09:38:07","modified_gmt":"2016-03-22T08:38:07","slug":"cresce-il-sistema-del-franchising-in-spagna","status":"publish","type":"post","link":"https:\/\/italcamara-es.com\/it\/notizie\/cresce-il-sistema-del-franchising-in-spagna\/","title":{"rendered":"Cresce il sistema del franchising in Spagna"},"content":{"rendered":"<p><em>Il report pubblicato dall\u2019Asociaci\u00f3n Espa\u00f1ola de Franquiciadores (AEF) mette in evidenza i risultati positivi in termini di fatturato e di occupazione registrati nel 2015<\/em><\/p>\n<p>&nbsp;<\/p>\n<p>Il Servizio di Studi Statistici dell\u2019<strong>Asociaci\u00f3n Espa\u00f1ola de Franquiciadores <\/strong>(AEF) ha realizzato, in collaborazione con il Gruppo Cooperativo Cajamar, il report \u201c<strong>Il Franchising in Spagna 2016<\/strong>\u201d, nel quale la principale conclusione \u00e8 che il sistema di franchising si trova in un momento di crescita e ha lasciato definitivamente alle spalle la crisi<\/p>\n<p>&nbsp;<\/p>\n<p>Il sistema di franchising spagnolo \u00e8 formato da un totaale di 1.232 marche, il 2,7% in pi\u00f9 rispetto al 2014. Di queste, il maggior numero corresponde al segmento \u201cModa\u201d, con 204 reti, seguito da \u201cAlberghi\/ristorazione\u201d con 174 catene.<\/p>\n<p>&nbsp;<\/p>\n<p>L\u2019insieme del sistema di franchising alla chiusura del 2015 ha ottenuto un fatturato di 26.482 milioni di euro, il 2,3% in pi\u00f9rispetto ai 25.879,5 raggiunti nel 2014. Gli stabilimenti in proprio hanno fatturato 11.305,1 milioni, il 0,6% in pi\u00f9 rispetto al 2014, mentre quelli in franchising hanno fatturato 15.176,8 milioni, il 3,5% in pi\u00f9 rispetto all\u2019anno precedente.<\/p>\n<p>&nbsp;<\/p>\n<p>Il settore che ha registrato il maggior fatturato \u00e8 stato quello dell\u2019Alimentazione, con un totale di 10.042,6 milioni di euro (607,9 milioni in pi\u00f9 rispetto al 2014), seguito da \u201cRistorazione\/Fast Food\u201d, con 2,643,5 milioni (39,3 milioni in pi\u00f9); e \u201cRistorazione\/Hotel\u201d, con un fatturato di 2.151,5 milioni di euro (+12,9 milioni \u20ac).<\/p>\n<p>&nbsp;<\/p>\n<p>Relativamente ai posti di lavoro generati dal franchhising, nel 2015 sono stati 253.913 i lavoratori contrattati nell\u2019insieme del sistema. 4.999 in pi\u00f9 rispetto al 2014, con un incremento del 2%.<\/p>\n<p>&nbsp;<\/p>\n<p>Per settori, quelli che che hanno geenrato un maggior numero di posti di lavoro sono stati \u201cAlimentazione\u201d, con 63.766 lavoratori contrattati (4.950 in pi\u00f9 rispetto al 2014); \u201cRistorazione \/ Fast Food\u201d, con 29.271 lavoratori (+736), \u201cRistoranti\/Hotel\u201d, con 17.790 lavoratori (+65); \u201cServizi\/ trasporti\u201d che da lavoro a 12.290 persone (-153) e \u201cBellezza\/ Estetica\u201d, nel quale lavorano 11.989 persone (-1.390).<\/p>\n<p>&nbsp;<\/p>\n<p>Secondo <strong>Xavier Vallhonrat<\/strong>, presidente della AEF, \u201d<em>il numero i reti continua a crescere anno dopo anno dal 2005, e ci\u00f2 dimostra la fiducia a livello di imprenditoria nei confronti della formula del franchising quando si vuole espandere la propria attivit\u00e0. Inoltre, stiamo vivendo una fase di recupero di certi settori con molto protagonismo nel sistema del franchising, come l\u2019immobiliario, quello della bellezza\/estetica o quello della cartoleria, che hanno contribuito alla crescita di tutto il sistema<\/em>.\u201d<\/p>\n<p>Relativamente al fatturato, Vallhonrat assicura che \u201c<em>l\u2019incremento del 2,3% in termini di fatturato globale del sistema del franchising \u00e8 una conferma del recupero economico e dell\u2019addio definitivo alla crisi. Inoltre, bisogna sottolineare che si \u00e8 registrata una crescita del 3,5% nel fatturato degli stabilimenti franchigiati, e ci\u00f2 indica un cambio di tendenza, dovuto in particolare al fatto che le entit\u00e0 bancarie concedono finanziamenti e questo aiuta l\u2019espansione delle reti<\/em>\u201d.<\/p>\n<p>&nbsp;<\/p>\n<p>Fonte: <em>Restauraci\u00f3n News<\/em><\/p>\n","protected":false},"excerpt":{"rendered":"<p>Il report pubblicato dall\u2019Asociaci\u00f3n Espa\u00f1ola de Franquiciadores (AEF) mette in evidenza i risultati positivi in termini di fatturato e di occupazione registrati nel 2015 &nbsp; Il Servizio di Studi Statistici dell\u2019Asociaci\u00f3n Espa\u00f1ola de Franquiciadores (AEF) ha realizzato, in collaborazione con il Gruppo Cooperativo Cajamar, il report \u201cIl Franchising in Spagna 2016\u201d, nel quale la principale [&hellip;]<\/p>\n","protected":false},"author":1,"featured_media":53475,"comment_status":"open","ping_status":"open","sticky":false,"template":"","format":"standard","meta":{"inline_featured_image":false,"ocean_post_layout":"","ocean_both_sidebars_style":"","ocean_both_sidebars_content_width":0,"ocean_both_sidebars_sidebars_width":0,"ocean_sidebar":"","ocean_second_sidebar":"","ocean_disable_margins":"enable","ocean_add_body_class":"","ocean_shortcode_before_top_bar":"","ocean_shortcode_after_top_bar":"","ocean_shortcode_before_header":"","ocean_shortcode_after_header":"","ocean_has_shortcode":"","ocean_shortcode_after_title":"","ocean_shortcode_before_footer_widgets":"","ocean_shortcode_after_footer_widgets":"","ocean_shortcode_before_footer_bottom":"","ocean_shortcode_after_footer_bottom":"","ocean_display_top_bar":"default","ocean_display_header":"default","ocean_header_style":"","ocean_center_header_left_menu":"","ocean_custom_header_template":"","ocean_custom_logo":0,"ocean_custom_retina_logo":0,"ocean_custom_logo_max_width":0,"ocean_custom_logo_tablet_max_width":0,"ocean_custom_logo_mobile_max_width":0,"ocean_custom_logo_max_height":0,"ocean_custom_logo_tablet_max_height":0,"ocean_custom_logo_mobile_max_height":0,"ocean_header_custom_menu":"","ocean_menu_typo_font_family":"","ocean_menu_typo_font_subset":"","ocean_menu_typo_font_size":0,"ocean_menu_typo_font_size_tablet":0,"ocean_menu_typo_font_size_mobile":0,"ocean_menu_typo_font_size_unit":"px","ocean_menu_typo_font_weight":"","ocean_menu_typo_font_weight_tablet":"","ocean_menu_typo_font_weight_mobile":"","ocean_menu_typo_transform":"","ocean_menu_typo_transform_tablet":"","ocean_menu_typo_transform_mobile":"","ocean_menu_typo_line_height":0,"ocean_menu_typo_line_height_tablet":0,"ocean_menu_typo_line_height_mobile":0,"ocean_menu_typo_line_height_unit":"","ocean_menu_typo_spacing":0,"ocean_menu_typo_spacing_tablet":0,"ocean_menu_typo_spacing_mobile":0,"ocean_menu_typo_spacing_unit":"","ocean_menu_link_color":"","ocean_menu_link_color_hover":"","ocean_menu_link_color_active":"","ocean_menu_link_background":"","ocean_menu_link_hover_background":"","ocean_menu_link_active_background":"","ocean_menu_social_links_bg":"","ocean_menu_social_hover_links_bg":"","ocean_menu_social_links_color":"","ocean_menu_social_hover_links_color":"","ocean_disable_title":"default","ocean_disable_heading":"default","ocean_post_title":"","ocean_post_subheading":"","ocean_post_title_style":"","ocean_post_title_background_color":"","ocean_post_title_background":0,"ocean_post_title_bg_image_position":"","ocean_post_title_bg_image_attachment":"","ocean_post_title_bg_image_repeat":"","ocean_post_title_bg_image_size":"","ocean_post_title_height":0,"ocean_post_title_bg_overlay":0.5,"ocean_post_title_bg_overlay_color":"","ocean_disable_breadcrumbs":"default","ocean_breadcrumbs_color":"","ocean_breadcrumbs_separator_color":"","ocean_breadcrumbs_links_color":"","ocean_breadcrumbs_links_hover_color":"","ocean_display_footer_widgets":"default","ocean_display_footer_bottom":"default","ocean_custom_footer_template":"","ocean_post_oembed":"","ocean_post_self_hosted_media":"","ocean_post_video_embed":"","ocean_link_format":"","ocean_link_format_target":"self","ocean_quote_format":"","ocean_quote_format_link":"post","ocean_gallery_link_images":"on","ocean_gallery_id":[],"footnotes":""},"categories":[133],"tags":[138],"class_list":["post-56509","post","type-post","status-publish","format-standard","has-post-thumbnail","hentry","category-notizie","tag-notizie-di-mercato","entry","has-media"],"yoast_head":"<!-- This site is optimized with the Yoast SEO plugin v27.4 - https:\/\/yoast.com\/product\/yoast-seo-wordpress\/ -->\n<title>Cresce il sistema del franchising in Spagna - Italcamara<\/title>\n<meta name=\"robots\" content=\"index, follow, max-snippet:-1, max-image-preview:large, max-video-preview:-1\" \/>\n<link rel=\"canonical\" href=\"https:\/\/italcamara-es.com\/it\/notizie\/cresce-il-sistema-del-franchising-in-spagna\/\" \/>\n<meta property=\"og:locale\" content=\"it_IT\" \/>\n<meta property=\"og:type\" content=\"article\" \/>\n<meta property=\"og:title\" content=\"Cresce il sistema del franchising in Spagna - Italcamara\" \/>\n<meta property=\"og:description\" content=\"Il report pubblicato dall\u2019Asociaci\u00f3n Espa\u00f1ola de Franquiciadores (AEF) mette in evidenza i risultati positivi in termini di fatturato e di occupazione registrati nel 2015 &nbsp; Il Servizio di Studi Statistici dell\u2019Asociaci\u00f3n Espa\u00f1ola de Franquiciadores (AEF) ha realizzato, in collaborazione con il Gruppo Cooperativo Cajamar, il report \u201cIl Franchising in Spagna 2016\u201d, nel quale la principale [&hellip;]\" \/>\n<meta property=\"og:url\" content=\"https:\/\/italcamara-es.com\/it\/notizie\/cresce-il-sistema-del-franchising-in-spagna\/\" \/>\n<meta property=\"og:site_name\" content=\"Italcamara\" \/>\n<meta property=\"article:published_time\" content=\"2016-03-22T08:38:07+00:00\" \/>\n<meta property=\"og:image\" content=\"https:\/\/italcamara-es.com\/wp-content\/uploads\/2025\/03\/franquiias-250.jpg\" \/>\n\t<meta property=\"og:image:width\" content=\"250\" \/>\n\t<meta property=\"og:image:height\" content=\"166\" \/>\n\t<meta property=\"og:image:type\" content=\"image\/jpeg\" \/>\n<meta name=\"author\" content=\"administrador\" \/>\n<meta name=\"twitter:card\" content=\"summary_large_image\" \/>\n<meta name=\"twitter:label1\" content=\"Scritto da\" \/>\n\t<meta name=\"twitter:data1\" content=\"administrador\" \/>\n\t<meta name=\"twitter:label2\" content=\"Tempo di lettura stimato\" \/>\n\t<meta name=\"twitter:data2\" content=\"2 minuti\" \/>\n<script type=\"application\/ld+json\" class=\"yoast-schema-graph\">{\"@context\":\"https:\\\/\\\/schema.org\",\"@graph\":[{\"@type\":\"Article\",\"@id\":\"https:\\\/\\\/italcamara-es.com\\\/it\\\/notizie\\\/cresce-il-sistema-del-franchising-in-spagna\\\/#article\",\"isPartOf\":{\"@id\":\"https:\\\/\\\/italcamara-es.com\\\/it\\\/notizie\\\/cresce-il-sistema-del-franchising-in-spagna\\\/\"},\"author\":{\"name\":\"administrador\",\"@id\":\"https:\\\/\\\/italcamara-es.com\\\/#\\\/schema\\\/person\\\/bb3c56263e405bbd9a15171dcfee93bb\"},\"headline\":\"Cresce il sistema del franchising in Spagna\",\"datePublished\":\"2016-03-22T08:38:07+00:00\",\"mainEntityOfPage\":{\"@id\":\"https:\\\/\\\/italcamara-es.com\\\/it\\\/notizie\\\/cresce-il-sistema-del-franchising-in-spagna\\\/\"},\"wordCount\":445,\"commentCount\":0,\"image\":{\"@id\":\"https:\\\/\\\/italcamara-es.com\\\/it\\\/notizie\\\/cresce-il-sistema-del-franchising-in-spagna\\\/#primaryimage\"},\"thumbnailUrl\":\"https:\\\/\\\/italcamara-es.com\\\/wp-content\\\/uploads\\\/2025\\\/03\\\/franquiias-250.jpg\",\"keywords\":[\"Notizie di Mercato\"],\"articleSection\":[\"Notizie\"],\"inLanguage\":\"it-IT\",\"potentialAction\":[{\"@type\":\"CommentAction\",\"name\":\"Comment\",\"target\":[\"https:\\\/\\\/italcamara-es.com\\\/it\\\/notizie\\\/cresce-il-sistema-del-franchising-in-spagna\\\/#respond\"]}]},{\"@type\":\"WebPage\",\"@id\":\"https:\\\/\\\/italcamara-es.com\\\/it\\\/notizie\\\/cresce-il-sistema-del-franchising-in-spagna\\\/\",\"url\":\"https:\\\/\\\/italcamara-es.com\\\/it\\\/notizie\\\/cresce-il-sistema-del-franchising-in-spagna\\\/\",\"name\":\"Cresce il sistema del franchising in Spagna - Italcamara\",\"isPartOf\":{\"@id\":\"https:\\\/\\\/italcamara-es.com\\\/#website\"},\"primaryImageOfPage\":{\"@id\":\"https:\\\/\\\/italcamara-es.com\\\/it\\\/notizie\\\/cresce-il-sistema-del-franchising-in-spagna\\\/#primaryimage\"},\"image\":{\"@id\":\"https:\\\/\\\/italcamara-es.com\\\/it\\\/notizie\\\/cresce-il-sistema-del-franchising-in-spagna\\\/#primaryimage\"},\"thumbnailUrl\":\"https:\\\/\\\/italcamara-es.com\\\/wp-content\\\/uploads\\\/2025\\\/03\\\/franquiias-250.jpg\",\"datePublished\":\"2016-03-22T08:38:07+00:00\",\"author\":{\"@id\":\"https:\\\/\\\/italcamara-es.com\\\/#\\\/schema\\\/person\\\/bb3c56263e405bbd9a15171dcfee93bb\"},\"breadcrumb\":{\"@id\":\"https:\\\/\\\/italcamara-es.com\\\/it\\\/notizie\\\/cresce-il-sistema-del-franchising-in-spagna\\\/#breadcrumb\"},\"inLanguage\":\"it-IT\",\"potentialAction\":[{\"@type\":\"ReadAction\",\"target\":[\"https:\\\/\\\/italcamara-es.com\\\/it\\\/notizie\\\/cresce-il-sistema-del-franchising-in-spagna\\\/\"]}]},{\"@type\":\"ImageObject\",\"inLanguage\":\"it-IT\",\"@id\":\"https:\\\/\\\/italcamara-es.com\\\/it\\\/notizie\\\/cresce-il-sistema-del-franchising-in-spagna\\\/#primaryimage\",\"url\":\"https:\\\/\\\/italcamara-es.com\\\/wp-content\\\/uploads\\\/2025\\\/03\\\/franquiias-250.jpg\",\"contentUrl\":\"https:\\\/\\\/italcamara-es.com\\\/wp-content\\\/uploads\\\/2025\\\/03\\\/franquiias-250.jpg\",\"width\":250,\"height\":166},{\"@type\":\"BreadcrumbList\",\"@id\":\"https:\\\/\\\/italcamara-es.com\\\/it\\\/notizie\\\/cresce-il-sistema-del-franchising-in-spagna\\\/#breadcrumb\",\"itemListElement\":[{\"@type\":\"ListItem\",\"position\":1,\"name\":\"Inicio\",\"item\":\"https:\\\/\\\/italcamara-es.com\\\/it\\\/homepage-ita\\\/\"},{\"@type\":\"ListItem\",\"position\":2,\"name\":\"Cresce il sistema del franchising in Spagna\"}]},{\"@type\":\"WebSite\",\"@id\":\"https:\\\/\\\/italcamara-es.com\\\/#website\",\"url\":\"https:\\\/\\\/italcamara-es.com\\\/\",\"name\":\"Italcamara\",\"description\":\"\",\"potentialAction\":[{\"@type\":\"SearchAction\",\"target\":{\"@type\":\"EntryPoint\",\"urlTemplate\":\"https:\\\/\\\/italcamara-es.com\\\/?s={search_term_string}\"},\"query-input\":{\"@type\":\"PropertyValueSpecification\",\"valueRequired\":true,\"valueName\":\"search_term_string\"}}],\"inLanguage\":\"it-IT\"},{\"@type\":\"Person\",\"@id\":\"https:\\\/\\\/italcamara-es.com\\\/#\\\/schema\\\/person\\\/bb3c56263e405bbd9a15171dcfee93bb\",\"name\":\"administrador\",\"image\":{\"@type\":\"ImageObject\",\"inLanguage\":\"it-IT\",\"@id\":\"https:\\\/\\\/secure.gravatar.com\\\/avatar\\\/14b5e63db38320b12031bb28cf9f77e210aa71fb3a8a3602a3c9a05134fa75eb?s=96&d=mm&r=g\",\"url\":\"https:\\\/\\\/secure.gravatar.com\\\/avatar\\\/14b5e63db38320b12031bb28cf9f77e210aa71fb3a8a3602a3c9a05134fa75eb?s=96&d=mm&r=g\",\"contentUrl\":\"https:\\\/\\\/secure.gravatar.com\\\/avatar\\\/14b5e63db38320b12031bb28cf9f77e210aa71fb3a8a3602a3c9a05134fa75eb?s=96&d=mm&r=g\",\"caption\":\"administrador\"},\"sameAs\":[\"http:\\\/\\\/pre.italcamara-es.com\"],\"url\":\"https:\\\/\\\/italcamara-es.com\\\/it\\\/author\\\/administrador\\\/\"}]}<\/script>\n<!-- \/ Yoast SEO plugin. -->","yoast_head_json":{"title":"Cresce il sistema del franchising in Spagna - Italcamara","robots":{"index":"index","follow":"follow","max-snippet":"max-snippet:-1","max-image-preview":"max-image-preview:large","max-video-preview":"max-video-preview:-1"},"canonical":"https:\/\/italcamara-es.com\/it\/notizie\/cresce-il-sistema-del-franchising-in-spagna\/","og_locale":"it_IT","og_type":"article","og_title":"Cresce il sistema del franchising in Spagna - Italcamara","og_description":"Il report pubblicato dall\u2019Asociaci\u00f3n Espa\u00f1ola de Franquiciadores (AEF) mette in evidenza i risultati positivi in termini di fatturato e di occupazione registrati nel 2015 &nbsp; Il Servizio di Studi Statistici dell\u2019Asociaci\u00f3n Espa\u00f1ola de Franquiciadores (AEF) ha realizzato, in collaborazione con il Gruppo Cooperativo Cajamar, il report \u201cIl Franchising in Spagna 2016\u201d, nel quale la principale [&hellip;]","og_url":"https:\/\/italcamara-es.com\/it\/notizie\/cresce-il-sistema-del-franchising-in-spagna\/","og_site_name":"Italcamara","article_published_time":"2016-03-22T08:38:07+00:00","og_image":[{"width":250,"height":166,"url":"https:\/\/italcamara-es.com\/wp-content\/uploads\/2025\/03\/franquiias-250.jpg","type":"image\/jpeg"}],"author":"administrador","twitter_card":"summary_large_image","twitter_misc":{"Scritto da":"administrador","Tempo di lettura stimato":"2 minuti"},"schema":{"@context":"https:\/\/schema.org","@graph":[{"@type":"Article","@id":"https:\/\/italcamara-es.com\/it\/notizie\/cresce-il-sistema-del-franchising-in-spagna\/#article","isPartOf":{"@id":"https:\/\/italcamara-es.com\/it\/notizie\/cresce-il-sistema-del-franchising-in-spagna\/"},"author":{"name":"administrador","@id":"https:\/\/italcamara-es.com\/#\/schema\/person\/bb3c56263e405bbd9a15171dcfee93bb"},"headline":"Cresce il sistema del franchising in Spagna","datePublished":"2016-03-22T08:38:07+00:00","mainEntityOfPage":{"@id":"https:\/\/italcamara-es.com\/it\/notizie\/cresce-il-sistema-del-franchising-in-spagna\/"},"wordCount":445,"commentCount":0,"image":{"@id":"https:\/\/italcamara-es.com\/it\/notizie\/cresce-il-sistema-del-franchising-in-spagna\/#primaryimage"},"thumbnailUrl":"https:\/\/italcamara-es.com\/wp-content\/uploads\/2025\/03\/franquiias-250.jpg","keywords":["Notizie di Mercato"],"articleSection":["Notizie"],"inLanguage":"it-IT","potentialAction":[{"@type":"CommentAction","name":"Comment","target":["https:\/\/italcamara-es.com\/it\/notizie\/cresce-il-sistema-del-franchising-in-spagna\/#respond"]}]},{"@type":"WebPage","@id":"https:\/\/italcamara-es.com\/it\/notizie\/cresce-il-sistema-del-franchising-in-spagna\/","url":"https:\/\/italcamara-es.com\/it\/notizie\/cresce-il-sistema-del-franchising-in-spagna\/","name":"Cresce il sistema del franchising in Spagna - Italcamara","isPartOf":{"@id":"https:\/\/italcamara-es.com\/#website"},"primaryImageOfPage":{"@id":"https:\/\/italcamara-es.com\/it\/notizie\/cresce-il-sistema-del-franchising-in-spagna\/#primaryimage"},"image":{"@id":"https:\/\/italcamara-es.com\/it\/notizie\/cresce-il-sistema-del-franchising-in-spagna\/#primaryimage"},"thumbnailUrl":"https:\/\/italcamara-es.com\/wp-content\/uploads\/2025\/03\/franquiias-250.jpg","datePublished":"2016-03-22T08:38:07+00:00","author":{"@id":"https:\/\/italcamara-es.com\/#\/schema\/person\/bb3c56263e405bbd9a15171dcfee93bb"},"breadcrumb":{"@id":"https:\/\/italcamara-es.com\/it\/notizie\/cresce-il-sistema-del-franchising-in-spagna\/#breadcrumb"},"inLanguage":"it-IT","potentialAction":[{"@type":"ReadAction","target":["https:\/\/italcamara-es.com\/it\/notizie\/cresce-il-sistema-del-franchising-in-spagna\/"]}]},{"@type":"ImageObject","inLanguage":"it-IT","@id":"https:\/\/italcamara-es.com\/it\/notizie\/cresce-il-sistema-del-franchising-in-spagna\/#primaryimage","url":"https:\/\/italcamara-es.com\/wp-content\/uploads\/2025\/03\/franquiias-250.jpg","contentUrl":"https:\/\/italcamara-es.com\/wp-content\/uploads\/2025\/03\/franquiias-250.jpg","width":250,"height":166},{"@type":"BreadcrumbList","@id":"https:\/\/italcamara-es.com\/it\/notizie\/cresce-il-sistema-del-franchising-in-spagna\/#breadcrumb","itemListElement":[{"@type":"ListItem","position":1,"name":"Inicio","item":"https:\/\/italcamara-es.com\/it\/homepage-ita\/"},{"@type":"ListItem","position":2,"name":"Cresce il sistema del franchising in Spagna"}]},{"@type":"WebSite","@id":"https:\/\/italcamara-es.com\/#website","url":"https:\/\/italcamara-es.com\/","name":"Italcamara","description":"","potentialAction":[{"@type":"SearchAction","target":{"@type":"EntryPoint","urlTemplate":"https:\/\/italcamara-es.com\/?s={search_term_string}"},"query-input":{"@type":"PropertyValueSpecification","valueRequired":true,"valueName":"search_term_string"}}],"inLanguage":"it-IT"},{"@type":"Person","@id":"https:\/\/italcamara-es.com\/#\/schema\/person\/bb3c56263e405bbd9a15171dcfee93bb","name":"administrador","image":{"@type":"ImageObject","inLanguage":"it-IT","@id":"https:\/\/secure.gravatar.com\/avatar\/14b5e63db38320b12031bb28cf9f77e210aa71fb3a8a3602a3c9a05134fa75eb?s=96&d=mm&r=g","url":"https:\/\/secure.gravatar.com\/avatar\/14b5e63db38320b12031bb28cf9f77e210aa71fb3a8a3602a3c9a05134fa75eb?s=96&d=mm&r=g","contentUrl":"https:\/\/secure.gravatar.com\/avatar\/14b5e63db38320b12031bb28cf9f77e210aa71fb3a8a3602a3c9a05134fa75eb?s=96&d=mm&r=g","caption":"administrador"},"sameAs":["http:\/\/pre.italcamara-es.com"],"url":"https:\/\/italcamara-es.com\/it\/author\/administrador\/"}]}},"rttpg_featured_image_url":{"full":["https:\/\/italcamara-es.com\/wp-content\/uploads\/2025\/03\/franquiias-250.jpg",250,166,false],"landscape":["https:\/\/italcamara-es.com\/wp-content\/uploads\/2025\/03\/franquiias-250.jpg",250,166,false],"portraits":["https:\/\/italcamara-es.com\/wp-content\/uploads\/2025\/03\/franquiias-250.jpg",250,166,false],"thumbnail":["https:\/\/italcamara-es.com\/wp-content\/uploads\/2025\/03\/franquiias-250-150x150.jpg",150,150,true],"medium":["https:\/\/italcamara-es.com\/wp-content\/uploads\/2025\/03\/franquiias-250.jpg",250,166,false],"large":["https:\/\/italcamara-es.com\/wp-content\/uploads\/2025\/03\/franquiias-250.jpg",250,166,false],"1536x1536":["https:\/\/italcamara-es.com\/wp-content\/uploads\/2025\/03\/franquiias-250.jpg",250,166,false],"2048x2048":["https:\/\/italcamara-es.com\/wp-content\/uploads\/2025\/03\/franquiias-250.jpg",250,166,false],"ocean-thumb-m":["https:\/\/italcamara-es.com\/wp-content\/uploads\/2025\/03\/franquiias-250.jpg",250,166,false],"ocean-thumb-ml":["https:\/\/italcamara-es.com\/wp-content\/uploads\/2025\/03\/franquiias-250.jpg",250,166,false],"ocean-thumb-l":["https:\/\/italcamara-es.com\/wp-content\/uploads\/2025\/03\/franquiias-250.jpg",250,166,false],"directorist_preview":["https:\/\/italcamara-es.com\/wp-content\/uploads\/2025\/03\/franquiias-250.jpg",250,166,false]},"rttpg_author":{"display_name":"administrador","author_link":"https:\/\/italcamara-es.com\/it\/author\/administrador\/"},"rttpg_comment":0,"rttpg_category":"<a href=\"https:\/\/italcamara-es.com\/it\/category\/notizie\/\" rel=\"category tag\">Notizie<\/a>","rttpg_excerpt":"Il report pubblicato dall\u2019Asociaci\u00f3n Espa\u00f1ola de Franquiciadores (AEF) mette in evidenza i risultati positivi in termini di fatturato e di occupazione registrati nel 2015 &nbsp; Il Servizio di Studi Statistici dell\u2019Asociaci\u00f3n Espa\u00f1ola de Franquiciadores (AEF) ha realizzato, in collaborazione con il Gruppo Cooperativo Cajamar, il report \u201cIl Franchising in Spagna 2016\u201d, nel quale la principale&hellip;","_links":{"self":[{"href":"https:\/\/italcamara-es.com\/it\/wp-json\/wp\/v2\/posts\/56509","targetHints":{"allow":["GET"]}}],"collection":[{"href":"https:\/\/italcamara-es.com\/it\/wp-json\/wp\/v2\/posts"}],"about":[{"href":"https:\/\/italcamara-es.com\/it\/wp-json\/wp\/v2\/types\/post"}],"author":[{"embeddable":true,"href":"https:\/\/italcamara-es.com\/it\/wp-json\/wp\/v2\/users\/1"}],"replies":[{"embeddable":true,"href":"https:\/\/italcamara-es.com\/it\/wp-json\/wp\/v2\/comments?post=56509"}],"version-history":[{"count":0,"href":"https:\/\/italcamara-es.com\/it\/wp-json\/wp\/v2\/posts\/56509\/revisions"}],"wp:featuredmedia":[{"embeddable":true,"href":"https:\/\/italcamara-es.com\/it\/wp-json\/wp\/v2\/media\/53475"}],"wp:attachment":[{"href":"https:\/\/italcamara-es.com\/it\/wp-json\/wp\/v2\/media?parent=56509"}],"wp:term":[{"taxonomy":"category","embeddable":true,"href":"https:\/\/italcamara-es.com\/it\/wp-json\/wp\/v2\/categories?post=56509"},{"taxonomy":"post_tag","embeddable":true,"href":"https:\/\/italcamara-es.com\/it\/wp-json\/wp\/v2\/tags?post=56509"}],"curies":[{"name":"wp","href":"https:\/\/api.w.org\/{rel}","templated":true}]}}