	{"id":56512,"date":"2016-02-29T10:25:22","date_gmt":"2016-02-29T09:25:22","guid":{"rendered":"http:\/\/pre.italcamara-es.com\/senza-categoria\/la-spagna-registra-un-nuovo-record-dellexport-di-beni-nel-2015\/"},"modified":"2016-02-29T10:25:22","modified_gmt":"2016-02-29T09:25:22","slug":"la-spagna-registra-un-nuovo-record-dellexport-di-beni-nel-2015","status":"publish","type":"post","link":"https:\/\/italcamara-es.com\/it\/notizie\/la-spagna-registra-un-nuovo-record-dellexport-di-beni-nel-2015\/","title":{"rendered":"La Spagna registra un nuovo record dell\u2019export di beni nel 2015"},"content":{"rendered":"<p style=\"text-align: justify;\"><em>Automotive e alimentazione sono i settori che vendono maggiormente all\u2019estero. Il deficit commerciale si riduce dell\u20191,2%<\/em><\/p>\n<p style=\"text-align: justify;\">\n<p style=\"text-align: justify;\">L\u2019export spagnolo di beni \u00e8 crescito del 4,3% in termini tendenziali nel 2015 (1,8 punti in pi\u00f9 rispetto al tasso registrato nel 2014, 2,5%) fino a raggiungere i 250.241,3 milioni di euro, il valore pi\u00f9 alto dall\u2019inizio della serie storica. In termini di volume, l\u2019aumento \u00e8 stato del 3,7%, al netto della crescita dello 0,6% dei prezzi approssimati dagli Indici di Valore Unitario. Le importazioni, invece, sono cresciute del 3,7%, per un valore complessivo di 274.415,2 milioni di euro. In termini di volume, l\u2019aumento \u00e8 stato maggiore, del 6,4%, dal momento che i prezzi sono diminuiti del 2,5%.<\/p>\n<p style=\"text-align: justify;\">\n<p style=\"text-align: justify;\">Nel 2015, quindi, il deficit commerciale ha raggiunto i 24.173,9 milioni di euro, con una riduzione dell\u20191,2% rispetto a quello del 2014 ed il secondo valore pi\u00f9 basso dal 1998 (superato solo dal dato del 2013, -16.532 mlioni di euro). Il saldo non energetico ha registrato un surplus di 1.911,7 milioni di euro (13.599,3 milioni di euro nel 2014),mentre il saldo energetico ha registrato un miglioramento del 31,5% (riduzione del deficit energetico), favorito dalla caduta dei prezzi dell\u2019energia.<\/p>\n<p style=\"text-align: justify;\">\n<p style=\"text-align: justify;\"><strong>Settori economici<\/strong><\/p>\n<p style=\"text-align: justify;\">Nel 2015 l\u2019export spagnolo \u00e8 cresciuto nei principali settori. I beni strumentali(20,1% del totale) hanno registrato un aumento del 4,2% annuale. Il settore dell\u2019automotive (17,0% del totale) \u00e8 cresciuto del 19,6% annuale, mentre i settori dell\u2019alimentazione, bevande tabacchi (16,2% del totale) e dei prodotti chimici (14,4% del totoale) hanno aumentato le vendite all\u2019estero rispettivamente del 9,0% e del 5,5%. Gli unici settori ad ever registrato un calo sono stati i prodotti energetici \u00a0(-27,7% interannuale) e le materie prime (-3,8%).<\/p>\n<p style=\"text-align: justify;\">\n<p style=\"text-align: justify;\">Per ci\u00f2 che concerne le importazioni, il consolidamento della domanda interna ha favorito l\u2019acquisto di beni dall\u2019estero. In particolare, le importazioni di beni strumentali (20,4% del totale) sono cresciute del 18,9%, quelle del settore automobilistico (13,1% del totale) del 16,8%, quelle dei prodotti manufatturieri di consumo del 13,7% e quelle dei beni di consumo durevoli del 14,6%.<\/p>\n<p style=\"text-align: justify;\">\n<p style=\"text-align: justify;\"><strong>Aree greografiche<\/strong><\/p>\n<p style=\"text-align: justify;\">L\u2019export diretto all\u2019UE 28 (64,8% del totale) \u00e8 cresciuto del 6,4% nel 2015 rispetto all\u2019anno precedente, spinto dal recupero delle economie della regione. In particolare le vendite alla zona euro (50,4% del totale), hanno registrato un aumento del 5,4%, mentre quelle dirette al resto dell\u2019UE (14,3% del totale) del 10,1%. Le esportazioni a paesi terzi sono aumentate dello 0,5% interannuale e rappresentano il 35,2% del totale.<\/p>\n<p style=\"text-align: justify;\">\n<p style=\"text-align: justify;\">I paesi che hanno contribuito maggiormente alla variazione positiva del tasso interannuale dell\u2019export spagnolo nel 2015 (+4,3%) sono la <strong>Germania<\/strong> (0,9 punti, soprattutto per le maggiori vendite di auto e moto, frutta, ortaggi e legumi e, per ultimo, dei medicinali), <strong>Regno Unito<\/strong> (0,7 punti, principalmente per l\u2019aumento dell\u2019export di autoveicoli e, in misuna minore, di frutta, ortaggi, legumi e motori), l\u2019<strong>Italia<\/strong> (0,6 punti, soprattutto per l\u2019aumento delle vendite di autoveicoli, frutta ortaggi, legumi e prodotti ittici) e la <strong>Francia<\/strong> (0,4 punti, soprattutto per l\u2019export di autoveicoli, frutta, ortaggi, legumi e componente per il settore dell\u2019auto).<\/p>\n","protected":false},"excerpt":{"rendered":"<p>Automotive e alimentazione sono i settori che vendono maggiormente all\u2019estero. Il deficit commerciale si riduce dell\u20191,2% L\u2019export spagnolo di beni \u00e8 crescito del 4,3% in termini tendenziali nel 2015 (1,8 punti in pi\u00f9 rispetto al tasso registrato nel 2014, 2,5%) fino a raggiungere i 250.241,3 milioni di euro, il valore pi\u00f9 alto dall\u2019inizio della serie [&hellip;]<\/p>\n","protected":false},"author":1,"featured_media":53481,"comment_status":"open","ping_status":"open","sticky":false,"template":"","format":"standard","meta":{"inline_featured_image":false,"ocean_post_layout":"","ocean_both_sidebars_style":"","ocean_both_sidebars_content_width":0,"ocean_both_sidebars_sidebars_width":0,"ocean_sidebar":"","ocean_second_sidebar":"","ocean_disable_margins":"enable","ocean_add_body_class":"","ocean_shortcode_before_top_bar":"","ocean_shortcode_after_top_bar":"","ocean_shortcode_before_header":"","ocean_shortcode_after_header":"","ocean_has_shortcode":"","ocean_shortcode_after_title":"","ocean_shortcode_before_footer_widgets":"","ocean_shortcode_after_footer_widgets":"","ocean_shortcode_before_footer_bottom":"","ocean_shortcode_after_footer_bottom":"","ocean_display_top_bar":"default","ocean_display_header":"default","ocean_header_style":"","ocean_center_header_left_menu":"","ocean_custom_header_template":"","ocean_custom_logo":0,"ocean_custom_retina_logo":0,"ocean_custom_logo_max_width":0,"ocean_custom_logo_tablet_max_width":0,"ocean_custom_logo_mobile_max_width":0,"ocean_custom_logo_max_height":0,"ocean_custom_logo_tablet_max_height":0,"ocean_custom_logo_mobile_max_height":0,"ocean_header_custom_menu":"","ocean_menu_typo_font_family":"","ocean_menu_typo_font_subset":"","ocean_menu_typo_font_size":0,"ocean_menu_typo_font_size_tablet":0,"ocean_menu_typo_font_size_mobile":0,"ocean_menu_typo_font_size_unit":"px","ocean_menu_typo_font_weight":"","ocean_menu_typo_font_weight_tablet":"","ocean_menu_typo_font_weight_mobile":"","ocean_menu_typo_transform":"","ocean_menu_typo_transform_tablet":"","ocean_menu_typo_transform_mobile":"","ocean_menu_typo_line_height":0,"ocean_menu_typo_line_height_tablet":0,"ocean_menu_typo_line_height_mobile":0,"ocean_menu_typo_line_height_unit":"","ocean_menu_typo_spacing":0,"ocean_menu_typo_spacing_tablet":0,"ocean_menu_typo_spacing_mobile":0,"ocean_menu_typo_spacing_unit":"","ocean_menu_link_color":"","ocean_menu_link_color_hover":"","ocean_menu_link_color_active":"","ocean_menu_link_background":"","ocean_menu_link_hover_background":"","ocean_menu_link_active_background":"","ocean_menu_social_links_bg":"","ocean_menu_social_hover_links_bg":"","ocean_menu_social_links_color":"","ocean_menu_social_hover_links_color":"","ocean_disable_title":"default","ocean_disable_heading":"default","ocean_post_title":"","ocean_post_subheading":"","ocean_post_title_style":"","ocean_post_title_background_color":"","ocean_post_title_background":0,"ocean_post_title_bg_image_position":"","ocean_post_title_bg_image_attachment":"","ocean_post_title_bg_image_repeat":"","ocean_post_title_bg_image_size":"","ocean_post_title_height":0,"ocean_post_title_bg_overlay":0.5,"ocean_post_title_bg_overlay_color":"","ocean_disable_breadcrumbs":"default","ocean_breadcrumbs_color":"","ocean_breadcrumbs_separator_color":"","ocean_breadcrumbs_links_color":"","ocean_breadcrumbs_links_hover_color":"","ocean_display_footer_widgets":"default","ocean_display_footer_bottom":"default","ocean_custom_footer_template":"","ocean_post_oembed":"","ocean_post_self_hosted_media":"","ocean_post_video_embed":"","ocean_link_format":"","ocean_link_format_target":"self","ocean_quote_format":"","ocean_quote_format_link":"post","ocean_gallery_link_images":"on","ocean_gallery_id":[],"footnotes":""},"categories":[133],"tags":[138],"class_list":["post-56512","post","type-post","status-publish","format-standard","has-post-thumbnail","hentry","category-notizie","tag-notizie-di-mercato","entry","has-media"],"yoast_head":"<!-- This site is optimized with the Yoast SEO plugin v27.4 - https:\/\/yoast.com\/product\/yoast-seo-wordpress\/ -->\n<title>La Spagna registra un nuovo record dell\u2019export di beni nel 2015 - Italcamara<\/title>\n<meta name=\"robots\" content=\"index, follow, max-snippet:-1, max-image-preview:large, max-video-preview:-1\" \/>\n<link rel=\"canonical\" href=\"https:\/\/italcamara-es.com\/it\/notizie\/la-spagna-registra-un-nuovo-record-dellexport-di-beni-nel-2015\/\" \/>\n<meta property=\"og:locale\" content=\"it_IT\" \/>\n<meta property=\"og:type\" content=\"article\" \/>\n<meta property=\"og:title\" content=\"La Spagna registra un nuovo record dell\u2019export di beni nel 2015 - Italcamara\" \/>\n<meta property=\"og:description\" content=\"Automotive e alimentazione sono i settori che vendono maggiormente all\u2019estero. Il deficit commerciale si riduce dell\u20191,2% L\u2019export spagnolo di beni \u00e8 crescito del 4,3% in termini tendenziali nel 2015 (1,8 punti in pi\u00f9 rispetto al tasso registrato nel 2014, 2,5%) fino a raggiungere i 250.241,3 milioni di euro, il valore pi\u00f9 alto dall\u2019inizio della serie [&hellip;]\" \/>\n<meta property=\"og:url\" content=\"https:\/\/italcamara-es.com\/it\/notizie\/la-spagna-registra-un-nuovo-record-dellexport-di-beni-nel-2015\/\" \/>\n<meta property=\"og:site_name\" content=\"Italcamara\" \/>\n<meta property=\"article:published_time\" content=\"2016-02-29T09:25:22+00:00\" \/>\n<meta property=\"og:image\" content=\"https:\/\/italcamara-es.com\/wp-content\/uploads\/2025\/03\/expport-espana250.jpg\" \/>\n\t<meta property=\"og:image:width\" content=\"250\" \/>\n\t<meta property=\"og:image:height\" content=\"154\" \/>\n\t<meta property=\"og:image:type\" content=\"image\/jpeg\" \/>\n<meta name=\"author\" content=\"administrador\" \/>\n<meta name=\"twitter:card\" content=\"summary_large_image\" \/>\n<meta name=\"twitter:label1\" content=\"Scritto da\" \/>\n\t<meta name=\"twitter:data1\" content=\"administrador\" \/>\n\t<meta name=\"twitter:label2\" content=\"Tempo di lettura stimato\" \/>\n\t<meta name=\"twitter:data2\" content=\"2 minuti\" \/>\n<script type=\"application\/ld+json\" class=\"yoast-schema-graph\">{\"@context\":\"https:\\\/\\\/schema.org\",\"@graph\":[{\"@type\":\"Article\",\"@id\":\"https:\\\/\\\/italcamara-es.com\\\/it\\\/notizie\\\/la-spagna-registra-un-nuovo-record-dellexport-di-beni-nel-2015\\\/#article\",\"isPartOf\":{\"@id\":\"https:\\\/\\\/italcamara-es.com\\\/it\\\/notizie\\\/la-spagna-registra-un-nuovo-record-dellexport-di-beni-nel-2015\\\/\"},\"author\":{\"name\":\"administrador\",\"@id\":\"https:\\\/\\\/italcamara-es.com\\\/#\\\/schema\\\/person\\\/bb3c56263e405bbd9a15171dcfee93bb\"},\"headline\":\"La Spagna registra un nuovo record dell\u2019export di beni nel 2015\",\"datePublished\":\"2016-02-29T09:25:22+00:00\",\"mainEntityOfPage\":{\"@id\":\"https:\\\/\\\/italcamara-es.com\\\/it\\\/notizie\\\/la-spagna-registra-un-nuovo-record-dellexport-di-beni-nel-2015\\\/\"},\"wordCount\":471,\"commentCount\":0,\"image\":{\"@id\":\"https:\\\/\\\/italcamara-es.com\\\/it\\\/notizie\\\/la-spagna-registra-un-nuovo-record-dellexport-di-beni-nel-2015\\\/#primaryimage\"},\"thumbnailUrl\":\"https:\\\/\\\/italcamara-es.com\\\/wp-content\\\/uploads\\\/2025\\\/03\\\/expport-espana250.jpg\",\"keywords\":[\"Notizie di Mercato\"],\"articleSection\":[\"Notizie\"],\"inLanguage\":\"it-IT\",\"potentialAction\":[{\"@type\":\"CommentAction\",\"name\":\"Comment\",\"target\":[\"https:\\\/\\\/italcamara-es.com\\\/it\\\/notizie\\\/la-spagna-registra-un-nuovo-record-dellexport-di-beni-nel-2015\\\/#respond\"]}]},{\"@type\":\"WebPage\",\"@id\":\"https:\\\/\\\/italcamara-es.com\\\/it\\\/notizie\\\/la-spagna-registra-un-nuovo-record-dellexport-di-beni-nel-2015\\\/\",\"url\":\"https:\\\/\\\/italcamara-es.com\\\/it\\\/notizie\\\/la-spagna-registra-un-nuovo-record-dellexport-di-beni-nel-2015\\\/\",\"name\":\"La Spagna registra un nuovo record dell\u2019export di beni nel 2015 - Italcamara\",\"isPartOf\":{\"@id\":\"https:\\\/\\\/italcamara-es.com\\\/#website\"},\"primaryImageOfPage\":{\"@id\":\"https:\\\/\\\/italcamara-es.com\\\/it\\\/notizie\\\/la-spagna-registra-un-nuovo-record-dellexport-di-beni-nel-2015\\\/#primaryimage\"},\"image\":{\"@id\":\"https:\\\/\\\/italcamara-es.com\\\/it\\\/notizie\\\/la-spagna-registra-un-nuovo-record-dellexport-di-beni-nel-2015\\\/#primaryimage\"},\"thumbnailUrl\":\"https:\\\/\\\/italcamara-es.com\\\/wp-content\\\/uploads\\\/2025\\\/03\\\/expport-espana250.jpg\",\"datePublished\":\"2016-02-29T09:25:22+00:00\",\"author\":{\"@id\":\"https:\\\/\\\/italcamara-es.com\\\/#\\\/schema\\\/person\\\/bb3c56263e405bbd9a15171dcfee93bb\"},\"breadcrumb\":{\"@id\":\"https:\\\/\\\/italcamara-es.com\\\/it\\\/notizie\\\/la-spagna-registra-un-nuovo-record-dellexport-di-beni-nel-2015\\\/#breadcrumb\"},\"inLanguage\":\"it-IT\",\"potentialAction\":[{\"@type\":\"ReadAction\",\"target\":[\"https:\\\/\\\/italcamara-es.com\\\/it\\\/notizie\\\/la-spagna-registra-un-nuovo-record-dellexport-di-beni-nel-2015\\\/\"]}]},{\"@type\":\"ImageObject\",\"inLanguage\":\"it-IT\",\"@id\":\"https:\\\/\\\/italcamara-es.com\\\/it\\\/notizie\\\/la-spagna-registra-un-nuovo-record-dellexport-di-beni-nel-2015\\\/#primaryimage\",\"url\":\"https:\\\/\\\/italcamara-es.com\\\/wp-content\\\/uploads\\\/2025\\\/03\\\/expport-espana250.jpg\",\"contentUrl\":\"https:\\\/\\\/italcamara-es.com\\\/wp-content\\\/uploads\\\/2025\\\/03\\\/expport-espana250.jpg\",\"width\":250,\"height\":154},{\"@type\":\"BreadcrumbList\",\"@id\":\"https:\\\/\\\/italcamara-es.com\\\/it\\\/notizie\\\/la-spagna-registra-un-nuovo-record-dellexport-di-beni-nel-2015\\\/#breadcrumb\",\"itemListElement\":[{\"@type\":\"ListItem\",\"position\":1,\"name\":\"Inicio\",\"item\":\"https:\\\/\\\/italcamara-es.com\\\/it\\\/homepage-ita\\\/\"},{\"@type\":\"ListItem\",\"position\":2,\"name\":\"La Spagna registra un nuovo record dell\u2019export di beni nel 2015\"}]},{\"@type\":\"WebSite\",\"@id\":\"https:\\\/\\\/italcamara-es.com\\\/#website\",\"url\":\"https:\\\/\\\/italcamara-es.com\\\/\",\"name\":\"Italcamara\",\"description\":\"\",\"potentialAction\":[{\"@type\":\"SearchAction\",\"target\":{\"@type\":\"EntryPoint\",\"urlTemplate\":\"https:\\\/\\\/italcamara-es.com\\\/?s={search_term_string}\"},\"query-input\":{\"@type\":\"PropertyValueSpecification\",\"valueRequired\":true,\"valueName\":\"search_term_string\"}}],\"inLanguage\":\"it-IT\"},{\"@type\":\"Person\",\"@id\":\"https:\\\/\\\/italcamara-es.com\\\/#\\\/schema\\\/person\\\/bb3c56263e405bbd9a15171dcfee93bb\",\"name\":\"administrador\",\"image\":{\"@type\":\"ImageObject\",\"inLanguage\":\"it-IT\",\"@id\":\"https:\\\/\\\/secure.gravatar.com\\\/avatar\\\/14b5e63db38320b12031bb28cf9f77e210aa71fb3a8a3602a3c9a05134fa75eb?s=96&d=mm&r=g\",\"url\":\"https:\\\/\\\/secure.gravatar.com\\\/avatar\\\/14b5e63db38320b12031bb28cf9f77e210aa71fb3a8a3602a3c9a05134fa75eb?s=96&d=mm&r=g\",\"contentUrl\":\"https:\\\/\\\/secure.gravatar.com\\\/avatar\\\/14b5e63db38320b12031bb28cf9f77e210aa71fb3a8a3602a3c9a05134fa75eb?s=96&d=mm&r=g\",\"caption\":\"administrador\"},\"sameAs\":[\"http:\\\/\\\/pre.italcamara-es.com\"],\"url\":\"https:\\\/\\\/italcamara-es.com\\\/it\\\/author\\\/administrador\\\/\"}]}<\/script>\n<!-- \/ Yoast SEO plugin. -->","yoast_head_json":{"title":"La Spagna registra un nuovo record dell\u2019export di beni nel 2015 - Italcamara","robots":{"index":"index","follow":"follow","max-snippet":"max-snippet:-1","max-image-preview":"max-image-preview:large","max-video-preview":"max-video-preview:-1"},"canonical":"https:\/\/italcamara-es.com\/it\/notizie\/la-spagna-registra-un-nuovo-record-dellexport-di-beni-nel-2015\/","og_locale":"it_IT","og_type":"article","og_title":"La Spagna registra un nuovo record dell\u2019export di beni nel 2015 - Italcamara","og_description":"Automotive e alimentazione sono i settori che vendono maggiormente all\u2019estero. Il deficit commerciale si riduce dell\u20191,2% L\u2019export spagnolo di beni \u00e8 crescito del 4,3% in termini tendenziali nel 2015 (1,8 punti in pi\u00f9 rispetto al tasso registrato nel 2014, 2,5%) fino a raggiungere i 250.241,3 milioni di euro, il valore pi\u00f9 alto dall\u2019inizio della serie [&hellip;]","og_url":"https:\/\/italcamara-es.com\/it\/notizie\/la-spagna-registra-un-nuovo-record-dellexport-di-beni-nel-2015\/","og_site_name":"Italcamara","article_published_time":"2016-02-29T09:25:22+00:00","og_image":[{"width":250,"height":154,"url":"https:\/\/italcamara-es.com\/wp-content\/uploads\/2025\/03\/expport-espana250.jpg","type":"image\/jpeg"}],"author":"administrador","twitter_card":"summary_large_image","twitter_misc":{"Scritto da":"administrador","Tempo di lettura stimato":"2 minuti"},"schema":{"@context":"https:\/\/schema.org","@graph":[{"@type":"Article","@id":"https:\/\/italcamara-es.com\/it\/notizie\/la-spagna-registra-un-nuovo-record-dellexport-di-beni-nel-2015\/#article","isPartOf":{"@id":"https:\/\/italcamara-es.com\/it\/notizie\/la-spagna-registra-un-nuovo-record-dellexport-di-beni-nel-2015\/"},"author":{"name":"administrador","@id":"https:\/\/italcamara-es.com\/#\/schema\/person\/bb3c56263e405bbd9a15171dcfee93bb"},"headline":"La Spagna registra un nuovo record dell\u2019export di beni nel 2015","datePublished":"2016-02-29T09:25:22+00:00","mainEntityOfPage":{"@id":"https:\/\/italcamara-es.com\/it\/notizie\/la-spagna-registra-un-nuovo-record-dellexport-di-beni-nel-2015\/"},"wordCount":471,"commentCount":0,"image":{"@id":"https:\/\/italcamara-es.com\/it\/notizie\/la-spagna-registra-un-nuovo-record-dellexport-di-beni-nel-2015\/#primaryimage"},"thumbnailUrl":"https:\/\/italcamara-es.com\/wp-content\/uploads\/2025\/03\/expport-espana250.jpg","keywords":["Notizie di Mercato"],"articleSection":["Notizie"],"inLanguage":"it-IT","potentialAction":[{"@type":"CommentAction","name":"Comment","target":["https:\/\/italcamara-es.com\/it\/notizie\/la-spagna-registra-un-nuovo-record-dellexport-di-beni-nel-2015\/#respond"]}]},{"@type":"WebPage","@id":"https:\/\/italcamara-es.com\/it\/notizie\/la-spagna-registra-un-nuovo-record-dellexport-di-beni-nel-2015\/","url":"https:\/\/italcamara-es.com\/it\/notizie\/la-spagna-registra-un-nuovo-record-dellexport-di-beni-nel-2015\/","name":"La Spagna registra un nuovo record dell\u2019export di beni nel 2015 - Italcamara","isPartOf":{"@id":"https:\/\/italcamara-es.com\/#website"},"primaryImageOfPage":{"@id":"https:\/\/italcamara-es.com\/it\/notizie\/la-spagna-registra-un-nuovo-record-dellexport-di-beni-nel-2015\/#primaryimage"},"image":{"@id":"https:\/\/italcamara-es.com\/it\/notizie\/la-spagna-registra-un-nuovo-record-dellexport-di-beni-nel-2015\/#primaryimage"},"thumbnailUrl":"https:\/\/italcamara-es.com\/wp-content\/uploads\/2025\/03\/expport-espana250.jpg","datePublished":"2016-02-29T09:25:22+00:00","author":{"@id":"https:\/\/italcamara-es.com\/#\/schema\/person\/bb3c56263e405bbd9a15171dcfee93bb"},"breadcrumb":{"@id":"https:\/\/italcamara-es.com\/it\/notizie\/la-spagna-registra-un-nuovo-record-dellexport-di-beni-nel-2015\/#breadcrumb"},"inLanguage":"it-IT","potentialAction":[{"@type":"ReadAction","target":["https:\/\/italcamara-es.com\/it\/notizie\/la-spagna-registra-un-nuovo-record-dellexport-di-beni-nel-2015\/"]}]},{"@type":"ImageObject","inLanguage":"it-IT","@id":"https:\/\/italcamara-es.com\/it\/notizie\/la-spagna-registra-un-nuovo-record-dellexport-di-beni-nel-2015\/#primaryimage","url":"https:\/\/italcamara-es.com\/wp-content\/uploads\/2025\/03\/expport-espana250.jpg","contentUrl":"https:\/\/italcamara-es.com\/wp-content\/uploads\/2025\/03\/expport-espana250.jpg","width":250,"height":154},{"@type":"BreadcrumbList","@id":"https:\/\/italcamara-es.com\/it\/notizie\/la-spagna-registra-un-nuovo-record-dellexport-di-beni-nel-2015\/#breadcrumb","itemListElement":[{"@type":"ListItem","position":1,"name":"Inicio","item":"https:\/\/italcamara-es.com\/it\/homepage-ita\/"},{"@type":"ListItem","position":2,"name":"La Spagna registra un nuovo record dell\u2019export di beni nel 2015"}]},{"@type":"WebSite","@id":"https:\/\/italcamara-es.com\/#website","url":"https:\/\/italcamara-es.com\/","name":"Italcamara","description":"","potentialAction":[{"@type":"SearchAction","target":{"@type":"EntryPoint","urlTemplate":"https:\/\/italcamara-es.com\/?s={search_term_string}"},"query-input":{"@type":"PropertyValueSpecification","valueRequired":true,"valueName":"search_term_string"}}],"inLanguage":"it-IT"},{"@type":"Person","@id":"https:\/\/italcamara-es.com\/#\/schema\/person\/bb3c56263e405bbd9a15171dcfee93bb","name":"administrador","image":{"@type":"ImageObject","inLanguage":"it-IT","@id":"https:\/\/secure.gravatar.com\/avatar\/14b5e63db38320b12031bb28cf9f77e210aa71fb3a8a3602a3c9a05134fa75eb?s=96&d=mm&r=g","url":"https:\/\/secure.gravatar.com\/avatar\/14b5e63db38320b12031bb28cf9f77e210aa71fb3a8a3602a3c9a05134fa75eb?s=96&d=mm&r=g","contentUrl":"https:\/\/secure.gravatar.com\/avatar\/14b5e63db38320b12031bb28cf9f77e210aa71fb3a8a3602a3c9a05134fa75eb?s=96&d=mm&r=g","caption":"administrador"},"sameAs":["http:\/\/pre.italcamara-es.com"],"url":"https:\/\/italcamara-es.com\/it\/author\/administrador\/"}]}},"rttpg_featured_image_url":{"full":["https:\/\/italcamara-es.com\/wp-content\/uploads\/2025\/03\/expport-espana250.jpg",250,154,false],"landscape":["https:\/\/italcamara-es.com\/wp-content\/uploads\/2025\/03\/expport-espana250.jpg",250,154,false],"portraits":["https:\/\/italcamara-es.com\/wp-content\/uploads\/2025\/03\/expport-espana250.jpg",250,154,false],"thumbnail":["https:\/\/italcamara-es.com\/wp-content\/uploads\/2025\/03\/expport-espana250-150x150.jpg",150,150,true],"medium":["https:\/\/italcamara-es.com\/wp-content\/uploads\/2025\/03\/expport-espana250.jpg",250,154,false],"large":["https:\/\/italcamara-es.com\/wp-content\/uploads\/2025\/03\/expport-espana250.jpg",250,154,false],"1536x1536":["https:\/\/italcamara-es.com\/wp-content\/uploads\/2025\/03\/expport-espana250.jpg",250,154,false],"2048x2048":["https:\/\/italcamara-es.com\/wp-content\/uploads\/2025\/03\/expport-espana250.jpg",250,154,false],"ocean-thumb-m":["https:\/\/italcamara-es.com\/wp-content\/uploads\/2025\/03\/expport-espana250.jpg",250,154,false],"ocean-thumb-ml":["https:\/\/italcamara-es.com\/wp-content\/uploads\/2025\/03\/expport-espana250.jpg",250,154,false],"ocean-thumb-l":["https:\/\/italcamara-es.com\/wp-content\/uploads\/2025\/03\/expport-espana250.jpg",250,154,false],"directorist_preview":["https:\/\/italcamara-es.com\/wp-content\/uploads\/2025\/03\/expport-espana250.jpg",250,154,false]},"rttpg_author":{"display_name":"administrador","author_link":"https:\/\/italcamara-es.com\/it\/author\/administrador\/"},"rttpg_comment":0,"rttpg_category":"<a href=\"https:\/\/italcamara-es.com\/it\/category\/notizie\/\" rel=\"category tag\">Notizie<\/a>","rttpg_excerpt":"Automotive e alimentazione sono i settori che vendono maggiormente all\u2019estero. Il deficit commerciale si riduce dell\u20191,2% L\u2019export spagnolo di beni \u00e8 crescito del 4,3% in termini tendenziali nel 2015 (1,8 punti in pi\u00f9 rispetto al tasso registrato nel 2014, 2,5%) fino a raggiungere i 250.241,3 milioni di euro, il valore pi\u00f9 alto dall\u2019inizio della serie&hellip;","_links":{"self":[{"href":"https:\/\/italcamara-es.com\/it\/wp-json\/wp\/v2\/posts\/56512","targetHints":{"allow":["GET"]}}],"collection":[{"href":"https:\/\/italcamara-es.com\/it\/wp-json\/wp\/v2\/posts"}],"about":[{"href":"https:\/\/italcamara-es.com\/it\/wp-json\/wp\/v2\/types\/post"}],"author":[{"embeddable":true,"href":"https:\/\/italcamara-es.com\/it\/wp-json\/wp\/v2\/users\/1"}],"replies":[{"embeddable":true,"href":"https:\/\/italcamara-es.com\/it\/wp-json\/wp\/v2\/comments?post=56512"}],"version-history":[{"count":0,"href":"https:\/\/italcamara-es.com\/it\/wp-json\/wp\/v2\/posts\/56512\/revisions"}],"wp:featuredmedia":[{"embeddable":true,"href":"https:\/\/italcamara-es.com\/it\/wp-json\/wp\/v2\/media\/53481"}],"wp:attachment":[{"href":"https:\/\/italcamara-es.com\/it\/wp-json\/wp\/v2\/media?parent=56512"}],"wp:term":[{"taxonomy":"category","embeddable":true,"href":"https:\/\/italcamara-es.com\/it\/wp-json\/wp\/v2\/categories?post=56512"},{"taxonomy":"post_tag","embeddable":true,"href":"https:\/\/italcamara-es.com\/it\/wp-json\/wp\/v2\/tags?post=56512"}],"curies":[{"name":"wp","href":"https:\/\/api.w.org\/{rel}","templated":true}]}}