	{"id":56513,"date":"2016-02-09T12:24:39","date_gmt":"2016-02-09T11:24:39","guid":{"rendered":"http:\/\/pre.italcamara-es.com\/senza-categoria\/spagna-il-settore-della-ristorazione-ha-aumentato-le-vendite-dell-14-nel-2015\/"},"modified":"2016-02-09T12:24:39","modified_gmt":"2016-02-09T11:24:39","slug":"spagna-il-settore-della-ristorazione-ha-aumentato-le-vendite-dell-14-nel-2015","status":"publish","type":"post","link":"https:\/\/italcamara-es.com\/it\/notizie\/spagna-il-settore-della-ristorazione-ha-aumentato-le-vendite-dell-14-nel-2015\/","title":{"rendered":"Spagna: il settore della ristorazione ha aumentato le vendite dell\u2019 1,4% nel 2015"},"content":{"rendered":"<p style=\"text-align: justify;\"><em>Il volume totale di vendite ha raggiunto i 34.467 milioni di euro, secondo il dossier pubblicato dall\u2019agenzia NPD e dall\u2019associazione Marcas de Restauraci\u00f3n<\/em><\/p>\n<p style=\"text-align: justify;\">\n<p style=\"text-align: justify;\">Il settore della ristorazione ha registrato nel 2015 un aumento di 480 milioni di eurointermine di vendite, l\u2019 1,4% in pi\u00fa rispetto all\u2019anno scorso, per un volume totale di 34.467 milioni di euro, secondo il dossier pubblicato dall\u2019agenzia NPD e dall\u2019associazione Marcas de Restauraci\u00f3n.<\/p>\n<p style=\"text-align: justify;\">\n<p style=\"text-align: justify;\">In termini di posti di lavoro, nel 2015 le catene di ristorazione hanno ne hanno creati circa 10.000 in pi\u00f9 e si prevede che nell\u2019anno in corso \u00a0se ne generino altri 14.500.<\/p>\n<p style=\"text-align: justify;\">\n<p style=\"text-align: justify;\">Lo studio rileva anche un leggero incremento di una visita all\u2019anno nella ristorazione nel consumo pro-capite, con 155 visite per ogni spagnolo durante il 2015, essendo il primo esercizio nel quale si frena la perdita di affluenza, dopo sette anni di diminuzione di questo valore.<\/p>\n<p style=\"text-align: justify;\">\n<p style=\"text-align: justify;\">Questo incremento ha riguardato soprattutto il canale pi\u00fa orientato al servizio rapido (fast food, consegna a domicilio, bar di tapas, caffetterie e gelaterie), che, insieme ai servizi alle collettivit\u00e1, ha concentrato l\u201980% delle nuove visite nei locali di ristorazione.<\/p>\n<p style=\"text-align: justify;\">\n<p style=\"text-align: justify;\">Alla fine del 2015 le catene organizzate hanno registrato il 23% delle visite da parte dei consumatori, attratti dalle nuove aperture e dalla capacit\u00e1 del settore di attrarre nuovo pubblico.<\/p>\n<p style=\"text-align: justify;\">\n<p style=\"text-align: justify;\">Il dossier segnala anche che il costo medio per consumatore si \u00e9 mantenuto stabile nel 2015, al di sotto dei 5\u20ac, il che dimostra che la caduta del mercato durante la crisi ha avuto come principale causa l\u2019eliminazione dei consumi, pi\u00fa che la riduzione del costo. In media, gli spagnoli hanno consumato in ognuna delle loro visite 4,8\u20ac, il che suppone un incremento dell\u20191% in termini annuali.<\/p>\n<p style=\"text-align: justify;\">\n<p style=\"text-align: justify;\">Per ci\u00f2 ch riguarda i momenti in cui i consumatori visitano i locali di ristorazione, il rapporto indica che l\u2019orario delle colazioni e quello delle merende sono state le fasce pi\u00fa dinamiche. Di fatto, dalla met\u00e1 del 2014, fare merenda fuori di casa si \u00e9 convertito in un fenomeno che ha avuto ripercussioni negative per i pranzi. Inoltre, il 50% dell\u2019aumento delle visite si \u00e9 concentrato nella fascia oraria dedicata alla colazione.<\/p>\n<p style=\"text-align: justify;\">\n<p style=\"text-align: justify;\">Negli ultimi due anni si osserva anche un incremento nell\u2019acquisto di prodotti elaborati nei ristoranti, bar e caffetterie, per il consumo in casa. Cos\u00ed, la consegna a domicilio concentra praticamente la totalit\u00e1 dell\u2019incremento del commercio dei ristoranti fuori dai suoi locali, superando chiaramente altri tipi di servizi, come il take away o la macchina drive thruogh.<\/p>\n","protected":false},"excerpt":{"rendered":"<p>Il volume totale di vendite ha raggiunto i 34.467 milioni di euro, secondo il dossier pubblicato dall\u2019agenzia NPD e dall\u2019associazione Marcas de Restauraci\u00f3n Il settore della ristorazione ha registrato nel 2015 un aumento di 480 milioni di eurointermine di vendite, l\u2019 1,4% in pi\u00fa rispetto all\u2019anno scorso, per un volume totale di 34.467 milioni di [&hellip;]<\/p>\n","protected":false},"author":1,"featured_media":53483,"comment_status":"open","ping_status":"open","sticky":false,"template":"","format":"standard","meta":{"inline_featured_image":false,"ocean_post_layout":"","ocean_both_sidebars_style":"","ocean_both_sidebars_content_width":0,"ocean_both_sidebars_sidebars_width":0,"ocean_sidebar":"","ocean_second_sidebar":"","ocean_disable_margins":"enable","ocean_add_body_class":"","ocean_shortcode_before_top_bar":"","ocean_shortcode_after_top_bar":"","ocean_shortcode_before_header":"","ocean_shortcode_after_header":"","ocean_has_shortcode":"","ocean_shortcode_after_title":"","ocean_shortcode_before_footer_widgets":"","ocean_shortcode_after_footer_widgets":"","ocean_shortcode_before_footer_bottom":"","ocean_shortcode_after_footer_bottom":"","ocean_display_top_bar":"default","ocean_display_header":"default","ocean_header_style":"","ocean_center_header_left_menu":"","ocean_custom_header_template":"","ocean_custom_logo":0,"ocean_custom_retina_logo":0,"ocean_custom_logo_max_width":0,"ocean_custom_logo_tablet_max_width":0,"ocean_custom_logo_mobile_max_width":0,"ocean_custom_logo_max_height":0,"ocean_custom_logo_tablet_max_height":0,"ocean_custom_logo_mobile_max_height":0,"ocean_header_custom_menu":"","ocean_menu_typo_font_family":"","ocean_menu_typo_font_subset":"","ocean_menu_typo_font_size":0,"ocean_menu_typo_font_size_tablet":0,"ocean_menu_typo_font_size_mobile":0,"ocean_menu_typo_font_size_unit":"px","ocean_menu_typo_font_weight":"","ocean_menu_typo_font_weight_tablet":"","ocean_menu_typo_font_weight_mobile":"","ocean_menu_typo_transform":"","ocean_menu_typo_transform_tablet":"","ocean_menu_typo_transform_mobile":"","ocean_menu_typo_line_height":0,"ocean_menu_typo_line_height_tablet":0,"ocean_menu_typo_line_height_mobile":0,"ocean_menu_typo_line_height_unit":"","ocean_menu_typo_spacing":0,"ocean_menu_typo_spacing_tablet":0,"ocean_menu_typo_spacing_mobile":0,"ocean_menu_typo_spacing_unit":"","ocean_menu_link_color":"","ocean_menu_link_color_hover":"","ocean_menu_link_color_active":"","ocean_menu_link_background":"","ocean_menu_link_hover_background":"","ocean_menu_link_active_background":"","ocean_menu_social_links_bg":"","ocean_menu_social_hover_links_bg":"","ocean_menu_social_links_color":"","ocean_menu_social_hover_links_color":"","ocean_disable_title":"default","ocean_disable_heading":"default","ocean_post_title":"","ocean_post_subheading":"","ocean_post_title_style":"","ocean_post_title_background_color":"","ocean_post_title_background":0,"ocean_post_title_bg_image_position":"","ocean_post_title_bg_image_attachment":"","ocean_post_title_bg_image_repeat":"","ocean_post_title_bg_image_size":"","ocean_post_title_height":0,"ocean_post_title_bg_overlay":0.5,"ocean_post_title_bg_overlay_color":"","ocean_disable_breadcrumbs":"default","ocean_breadcrumbs_color":"","ocean_breadcrumbs_separator_color":"","ocean_breadcrumbs_links_color":"","ocean_breadcrumbs_links_hover_color":"","ocean_display_footer_widgets":"default","ocean_display_footer_bottom":"default","ocean_custom_footer_template":"","ocean_post_oembed":"","ocean_post_self_hosted_media":"","ocean_post_video_embed":"","ocean_link_format":"","ocean_link_format_target":"self","ocean_quote_format":"","ocean_quote_format_link":"post","ocean_gallery_link_images":"on","ocean_gallery_id":[],"footnotes":""},"categories":[133],"tags":[138],"class_list":["post-56513","post","type-post","status-publish","format-standard","has-post-thumbnail","hentry","category-notizie","tag-notizie-di-mercato","entry","has-media"],"yoast_head":"<!-- This site is optimized with the Yoast SEO plugin v27.4 - https:\/\/yoast.com\/product\/yoast-seo-wordpress\/ -->\n<title>Spagna: il settore della ristorazione ha aumentato le vendite dell\u2019 1,4% nel 2015 - Italcamara<\/title>\n<meta name=\"robots\" content=\"index, follow, max-snippet:-1, max-image-preview:large, max-video-preview:-1\" \/>\n<link rel=\"canonical\" href=\"https:\/\/italcamara-es.com\/it\/notizie\/spagna-il-settore-della-ristorazione-ha-aumentato-le-vendite-dell-14-nel-2015\/\" \/>\n<meta property=\"og:locale\" content=\"it_IT\" \/>\n<meta property=\"og:type\" content=\"article\" \/>\n<meta property=\"og:title\" content=\"Spagna: il settore della ristorazione ha aumentato le vendite dell\u2019 1,4% nel 2015 - Italcamara\" \/>\n<meta property=\"og:description\" content=\"Il volume totale di vendite ha raggiunto i 34.467 milioni di euro, secondo il dossier pubblicato dall\u2019agenzia NPD e dall\u2019associazione Marcas de Restauraci\u00f3n Il settore della ristorazione ha registrato nel 2015 un aumento di 480 milioni di eurointermine di vendite, l\u2019 1,4% in pi\u00fa rispetto all\u2019anno scorso, per un volume totale di 34.467 milioni di [&hellip;]\" \/>\n<meta property=\"og:url\" content=\"https:\/\/italcamara-es.com\/it\/notizie\/spagna-il-settore-della-ristorazione-ha-aumentato-le-vendite-dell-14-nel-2015\/\" \/>\n<meta property=\"og:site_name\" content=\"Italcamara\" \/>\n<meta property=\"article:published_time\" content=\"2016-02-09T11:24:39+00:00\" \/>\n<meta property=\"og:image\" content=\"https:\/\/italcamara-es.com\/wp-content\/uploads\/2025\/03\/restauracion-e1469794973825.jpg\" \/>\n\t<meta property=\"og:image:width\" content=\"250\" \/>\n\t<meta property=\"og:image:height\" content=\"167\" \/>\n\t<meta property=\"og:image:type\" content=\"image\/jpeg\" \/>\n<meta name=\"author\" content=\"administrador\" \/>\n<meta name=\"twitter:card\" content=\"summary_large_image\" \/>\n<meta name=\"twitter:label1\" content=\"Scritto da\" \/>\n\t<meta name=\"twitter:data1\" content=\"administrador\" \/>\n\t<meta name=\"twitter:label2\" content=\"Tempo di lettura stimato\" \/>\n\t<meta name=\"twitter:data2\" content=\"2 minuti\" \/>\n<script type=\"application\/ld+json\" class=\"yoast-schema-graph\">{\"@context\":\"https:\\\/\\\/schema.org\",\"@graph\":[{\"@type\":\"Article\",\"@id\":\"https:\\\/\\\/italcamara-es.com\\\/it\\\/notizie\\\/spagna-il-settore-della-ristorazione-ha-aumentato-le-vendite-dell-14-nel-2015\\\/#article\",\"isPartOf\":{\"@id\":\"https:\\\/\\\/italcamara-es.com\\\/it\\\/notizie\\\/spagna-il-settore-della-ristorazione-ha-aumentato-le-vendite-dell-14-nel-2015\\\/\"},\"author\":{\"name\":\"administrador\",\"@id\":\"https:\\\/\\\/italcamara-es.com\\\/#\\\/schema\\\/person\\\/bb3c56263e405bbd9a15171dcfee93bb\"},\"headline\":\"Spagna: il settore della ristorazione ha aumentato le vendite dell\u2019 1,4% nel 2015\",\"datePublished\":\"2016-02-09T11:24:39+00:00\",\"mainEntityOfPage\":{\"@id\":\"https:\\\/\\\/italcamara-es.com\\\/it\\\/notizie\\\/spagna-il-settore-della-ristorazione-ha-aumentato-le-vendite-dell-14-nel-2015\\\/\"},\"wordCount\":413,\"commentCount\":0,\"image\":{\"@id\":\"https:\\\/\\\/italcamara-es.com\\\/it\\\/notizie\\\/spagna-il-settore-della-ristorazione-ha-aumentato-le-vendite-dell-14-nel-2015\\\/#primaryimage\"},\"thumbnailUrl\":\"https:\\\/\\\/italcamara-es.com\\\/wp-content\\\/uploads\\\/2025\\\/03\\\/restauracion-e1469794973825.jpg\",\"keywords\":[\"Notizie di Mercato\"],\"articleSection\":[\"Notizie\"],\"inLanguage\":\"it-IT\",\"potentialAction\":[{\"@type\":\"CommentAction\",\"name\":\"Comment\",\"target\":[\"https:\\\/\\\/italcamara-es.com\\\/it\\\/notizie\\\/spagna-il-settore-della-ristorazione-ha-aumentato-le-vendite-dell-14-nel-2015\\\/#respond\"]}]},{\"@type\":\"WebPage\",\"@id\":\"https:\\\/\\\/italcamara-es.com\\\/it\\\/notizie\\\/spagna-il-settore-della-ristorazione-ha-aumentato-le-vendite-dell-14-nel-2015\\\/\",\"url\":\"https:\\\/\\\/italcamara-es.com\\\/it\\\/notizie\\\/spagna-il-settore-della-ristorazione-ha-aumentato-le-vendite-dell-14-nel-2015\\\/\",\"name\":\"Spagna: il settore della ristorazione ha aumentato le vendite dell\u2019 1,4% nel 2015 - Italcamara\",\"isPartOf\":{\"@id\":\"https:\\\/\\\/italcamara-es.com\\\/#website\"},\"primaryImageOfPage\":{\"@id\":\"https:\\\/\\\/italcamara-es.com\\\/it\\\/notizie\\\/spagna-il-settore-della-ristorazione-ha-aumentato-le-vendite-dell-14-nel-2015\\\/#primaryimage\"},\"image\":{\"@id\":\"https:\\\/\\\/italcamara-es.com\\\/it\\\/notizie\\\/spagna-il-settore-della-ristorazione-ha-aumentato-le-vendite-dell-14-nel-2015\\\/#primaryimage\"},\"thumbnailUrl\":\"https:\\\/\\\/italcamara-es.com\\\/wp-content\\\/uploads\\\/2025\\\/03\\\/restauracion-e1469794973825.jpg\",\"datePublished\":\"2016-02-09T11:24:39+00:00\",\"author\":{\"@id\":\"https:\\\/\\\/italcamara-es.com\\\/#\\\/schema\\\/person\\\/bb3c56263e405bbd9a15171dcfee93bb\"},\"breadcrumb\":{\"@id\":\"https:\\\/\\\/italcamara-es.com\\\/it\\\/notizie\\\/spagna-il-settore-della-ristorazione-ha-aumentato-le-vendite-dell-14-nel-2015\\\/#breadcrumb\"},\"inLanguage\":\"it-IT\",\"potentialAction\":[{\"@type\":\"ReadAction\",\"target\":[\"https:\\\/\\\/italcamara-es.com\\\/it\\\/notizie\\\/spagna-il-settore-della-ristorazione-ha-aumentato-le-vendite-dell-14-nel-2015\\\/\"]}]},{\"@type\":\"ImageObject\",\"inLanguage\":\"it-IT\",\"@id\":\"https:\\\/\\\/italcamara-es.com\\\/it\\\/notizie\\\/spagna-il-settore-della-ristorazione-ha-aumentato-le-vendite-dell-14-nel-2015\\\/#primaryimage\",\"url\":\"https:\\\/\\\/italcamara-es.com\\\/wp-content\\\/uploads\\\/2025\\\/03\\\/restauracion-e1469794973825.jpg\",\"contentUrl\":\"https:\\\/\\\/italcamara-es.com\\\/wp-content\\\/uploads\\\/2025\\\/03\\\/restauracion-e1469794973825.jpg\",\"width\":250,\"height\":167},{\"@type\":\"BreadcrumbList\",\"@id\":\"https:\\\/\\\/italcamara-es.com\\\/it\\\/notizie\\\/spagna-il-settore-della-ristorazione-ha-aumentato-le-vendite-dell-14-nel-2015\\\/#breadcrumb\",\"itemListElement\":[{\"@type\":\"ListItem\",\"position\":1,\"name\":\"Inicio\",\"item\":\"https:\\\/\\\/italcamara-es.com\\\/it\\\/homepage-ita\\\/\"},{\"@type\":\"ListItem\",\"position\":2,\"name\":\"Spagna: il settore della ristorazione ha aumentato le vendite dell\u2019 1,4% nel 2015\"}]},{\"@type\":\"WebSite\",\"@id\":\"https:\\\/\\\/italcamara-es.com\\\/#website\",\"url\":\"https:\\\/\\\/italcamara-es.com\\\/\",\"name\":\"Italcamara\",\"description\":\"\",\"potentialAction\":[{\"@type\":\"SearchAction\",\"target\":{\"@type\":\"EntryPoint\",\"urlTemplate\":\"https:\\\/\\\/italcamara-es.com\\\/?s={search_term_string}\"},\"query-input\":{\"@type\":\"PropertyValueSpecification\",\"valueRequired\":true,\"valueName\":\"search_term_string\"}}],\"inLanguage\":\"it-IT\"},{\"@type\":\"Person\",\"@id\":\"https:\\\/\\\/italcamara-es.com\\\/#\\\/schema\\\/person\\\/bb3c56263e405bbd9a15171dcfee93bb\",\"name\":\"administrador\",\"image\":{\"@type\":\"ImageObject\",\"inLanguage\":\"it-IT\",\"@id\":\"https:\\\/\\\/secure.gravatar.com\\\/avatar\\\/14b5e63db38320b12031bb28cf9f77e210aa71fb3a8a3602a3c9a05134fa75eb?s=96&d=mm&r=g\",\"url\":\"https:\\\/\\\/secure.gravatar.com\\\/avatar\\\/14b5e63db38320b12031bb28cf9f77e210aa71fb3a8a3602a3c9a05134fa75eb?s=96&d=mm&r=g\",\"contentUrl\":\"https:\\\/\\\/secure.gravatar.com\\\/avatar\\\/14b5e63db38320b12031bb28cf9f77e210aa71fb3a8a3602a3c9a05134fa75eb?s=96&d=mm&r=g\",\"caption\":\"administrador\"},\"sameAs\":[\"http:\\\/\\\/pre.italcamara-es.com\"],\"url\":\"https:\\\/\\\/italcamara-es.com\\\/it\\\/author\\\/administrador\\\/\"}]}<\/script>\n<!-- \/ Yoast SEO plugin. -->","yoast_head_json":{"title":"Spagna: il settore della ristorazione ha aumentato le vendite dell\u2019 1,4% nel 2015 - Italcamara","robots":{"index":"index","follow":"follow","max-snippet":"max-snippet:-1","max-image-preview":"max-image-preview:large","max-video-preview":"max-video-preview:-1"},"canonical":"https:\/\/italcamara-es.com\/it\/notizie\/spagna-il-settore-della-ristorazione-ha-aumentato-le-vendite-dell-14-nel-2015\/","og_locale":"it_IT","og_type":"article","og_title":"Spagna: il settore della ristorazione ha aumentato le vendite dell\u2019 1,4% nel 2015 - Italcamara","og_description":"Il volume totale di vendite ha raggiunto i 34.467 milioni di euro, secondo il dossier pubblicato dall\u2019agenzia NPD e dall\u2019associazione Marcas de Restauraci\u00f3n Il settore della ristorazione ha registrato nel 2015 un aumento di 480 milioni di eurointermine di vendite, l\u2019 1,4% in pi\u00fa rispetto all\u2019anno scorso, per un volume totale di 34.467 milioni di [&hellip;]","og_url":"https:\/\/italcamara-es.com\/it\/notizie\/spagna-il-settore-della-ristorazione-ha-aumentato-le-vendite-dell-14-nel-2015\/","og_site_name":"Italcamara","article_published_time":"2016-02-09T11:24:39+00:00","og_image":[{"width":250,"height":167,"url":"https:\/\/italcamara-es.com\/wp-content\/uploads\/2025\/03\/restauracion-e1469794973825.jpg","type":"image\/jpeg"}],"author":"administrador","twitter_card":"summary_large_image","twitter_misc":{"Scritto da":"administrador","Tempo di lettura stimato":"2 minuti"},"schema":{"@context":"https:\/\/schema.org","@graph":[{"@type":"Article","@id":"https:\/\/italcamara-es.com\/it\/notizie\/spagna-il-settore-della-ristorazione-ha-aumentato-le-vendite-dell-14-nel-2015\/#article","isPartOf":{"@id":"https:\/\/italcamara-es.com\/it\/notizie\/spagna-il-settore-della-ristorazione-ha-aumentato-le-vendite-dell-14-nel-2015\/"},"author":{"name":"administrador","@id":"https:\/\/italcamara-es.com\/#\/schema\/person\/bb3c56263e405bbd9a15171dcfee93bb"},"headline":"Spagna: il settore della ristorazione ha aumentato le vendite dell\u2019 1,4% nel 2015","datePublished":"2016-02-09T11:24:39+00:00","mainEntityOfPage":{"@id":"https:\/\/italcamara-es.com\/it\/notizie\/spagna-il-settore-della-ristorazione-ha-aumentato-le-vendite-dell-14-nel-2015\/"},"wordCount":413,"commentCount":0,"image":{"@id":"https:\/\/italcamara-es.com\/it\/notizie\/spagna-il-settore-della-ristorazione-ha-aumentato-le-vendite-dell-14-nel-2015\/#primaryimage"},"thumbnailUrl":"https:\/\/italcamara-es.com\/wp-content\/uploads\/2025\/03\/restauracion-e1469794973825.jpg","keywords":["Notizie di Mercato"],"articleSection":["Notizie"],"inLanguage":"it-IT","potentialAction":[{"@type":"CommentAction","name":"Comment","target":["https:\/\/italcamara-es.com\/it\/notizie\/spagna-il-settore-della-ristorazione-ha-aumentato-le-vendite-dell-14-nel-2015\/#respond"]}]},{"@type":"WebPage","@id":"https:\/\/italcamara-es.com\/it\/notizie\/spagna-il-settore-della-ristorazione-ha-aumentato-le-vendite-dell-14-nel-2015\/","url":"https:\/\/italcamara-es.com\/it\/notizie\/spagna-il-settore-della-ristorazione-ha-aumentato-le-vendite-dell-14-nel-2015\/","name":"Spagna: il settore della ristorazione ha aumentato le vendite dell\u2019 1,4% nel 2015 - Italcamara","isPartOf":{"@id":"https:\/\/italcamara-es.com\/#website"},"primaryImageOfPage":{"@id":"https:\/\/italcamara-es.com\/it\/notizie\/spagna-il-settore-della-ristorazione-ha-aumentato-le-vendite-dell-14-nel-2015\/#primaryimage"},"image":{"@id":"https:\/\/italcamara-es.com\/it\/notizie\/spagna-il-settore-della-ristorazione-ha-aumentato-le-vendite-dell-14-nel-2015\/#primaryimage"},"thumbnailUrl":"https:\/\/italcamara-es.com\/wp-content\/uploads\/2025\/03\/restauracion-e1469794973825.jpg","datePublished":"2016-02-09T11:24:39+00:00","author":{"@id":"https:\/\/italcamara-es.com\/#\/schema\/person\/bb3c56263e405bbd9a15171dcfee93bb"},"breadcrumb":{"@id":"https:\/\/italcamara-es.com\/it\/notizie\/spagna-il-settore-della-ristorazione-ha-aumentato-le-vendite-dell-14-nel-2015\/#breadcrumb"},"inLanguage":"it-IT","potentialAction":[{"@type":"ReadAction","target":["https:\/\/italcamara-es.com\/it\/notizie\/spagna-il-settore-della-ristorazione-ha-aumentato-le-vendite-dell-14-nel-2015\/"]}]},{"@type":"ImageObject","inLanguage":"it-IT","@id":"https:\/\/italcamara-es.com\/it\/notizie\/spagna-il-settore-della-ristorazione-ha-aumentato-le-vendite-dell-14-nel-2015\/#primaryimage","url":"https:\/\/italcamara-es.com\/wp-content\/uploads\/2025\/03\/restauracion-e1469794973825.jpg","contentUrl":"https:\/\/italcamara-es.com\/wp-content\/uploads\/2025\/03\/restauracion-e1469794973825.jpg","width":250,"height":167},{"@type":"BreadcrumbList","@id":"https:\/\/italcamara-es.com\/it\/notizie\/spagna-il-settore-della-ristorazione-ha-aumentato-le-vendite-dell-14-nel-2015\/#breadcrumb","itemListElement":[{"@type":"ListItem","position":1,"name":"Inicio","item":"https:\/\/italcamara-es.com\/it\/homepage-ita\/"},{"@type":"ListItem","position":2,"name":"Spagna: il settore della ristorazione ha aumentato le vendite dell\u2019 1,4% nel 2015"}]},{"@type":"WebSite","@id":"https:\/\/italcamara-es.com\/#website","url":"https:\/\/italcamara-es.com\/","name":"Italcamara","description":"","potentialAction":[{"@type":"SearchAction","target":{"@type":"EntryPoint","urlTemplate":"https:\/\/italcamara-es.com\/?s={search_term_string}"},"query-input":{"@type":"PropertyValueSpecification","valueRequired":true,"valueName":"search_term_string"}}],"inLanguage":"it-IT"},{"@type":"Person","@id":"https:\/\/italcamara-es.com\/#\/schema\/person\/bb3c56263e405bbd9a15171dcfee93bb","name":"administrador","image":{"@type":"ImageObject","inLanguage":"it-IT","@id":"https:\/\/secure.gravatar.com\/avatar\/14b5e63db38320b12031bb28cf9f77e210aa71fb3a8a3602a3c9a05134fa75eb?s=96&d=mm&r=g","url":"https:\/\/secure.gravatar.com\/avatar\/14b5e63db38320b12031bb28cf9f77e210aa71fb3a8a3602a3c9a05134fa75eb?s=96&d=mm&r=g","contentUrl":"https:\/\/secure.gravatar.com\/avatar\/14b5e63db38320b12031bb28cf9f77e210aa71fb3a8a3602a3c9a05134fa75eb?s=96&d=mm&r=g","caption":"administrador"},"sameAs":["http:\/\/pre.italcamara-es.com"],"url":"https:\/\/italcamara-es.com\/it\/author\/administrador\/"}]}},"rttpg_featured_image_url":{"full":["https:\/\/italcamara-es.com\/wp-content\/uploads\/2025\/03\/restauracion-e1469794973825.jpg",250,167,false],"landscape":["https:\/\/italcamara-es.com\/wp-content\/uploads\/2025\/03\/restauracion-e1469794973825.jpg",250,167,false],"portraits":["https:\/\/italcamara-es.com\/wp-content\/uploads\/2025\/03\/restauracion-e1469794973825.jpg",250,167,false],"thumbnail":["https:\/\/italcamara-es.com\/wp-content\/uploads\/2025\/03\/restauracion-e1469794973825-150x150.jpg",150,150,true],"medium":["https:\/\/italcamara-es.com\/wp-content\/uploads\/2025\/03\/restauracion-e1469794973825.jpg",250,167,false],"large":["https:\/\/italcamara-es.com\/wp-content\/uploads\/2025\/03\/restauracion-e1469794973825.jpg",250,167,false],"1536x1536":["https:\/\/italcamara-es.com\/wp-content\/uploads\/2025\/03\/restauracion-e1469794973825.jpg",250,167,false],"2048x2048":["https:\/\/italcamara-es.com\/wp-content\/uploads\/2025\/03\/restauracion-e1469794973825.jpg",250,167,false],"ocean-thumb-m":["https:\/\/italcamara-es.com\/wp-content\/uploads\/2025\/03\/restauracion-e1469794973825.jpg",250,167,false],"ocean-thumb-ml":["https:\/\/italcamara-es.com\/wp-content\/uploads\/2025\/03\/restauracion-e1469794973825.jpg",250,167,false],"ocean-thumb-l":["https:\/\/italcamara-es.com\/wp-content\/uploads\/2025\/03\/restauracion-e1469794973825.jpg",250,167,false],"directorist_preview":["https:\/\/italcamara-es.com\/wp-content\/uploads\/2025\/03\/restauracion-e1469794973825.jpg",250,167,false]},"rttpg_author":{"display_name":"administrador","author_link":"https:\/\/italcamara-es.com\/it\/author\/administrador\/"},"rttpg_comment":0,"rttpg_category":"<a href=\"https:\/\/italcamara-es.com\/it\/category\/notizie\/\" rel=\"category tag\">Notizie<\/a>","rttpg_excerpt":"Il volume totale di vendite ha raggiunto i 34.467 milioni di euro, secondo il dossier pubblicato dall\u2019agenzia NPD e dall\u2019associazione Marcas de Restauraci\u00f3n Il settore della ristorazione ha registrato nel 2015 un aumento di 480 milioni di eurointermine di vendite, l\u2019 1,4% in pi\u00fa rispetto all\u2019anno scorso, per un volume totale di 34.467 milioni di&hellip;","_links":{"self":[{"href":"https:\/\/italcamara-es.com\/it\/wp-json\/wp\/v2\/posts\/56513","targetHints":{"allow":["GET"]}}],"collection":[{"href":"https:\/\/italcamara-es.com\/it\/wp-json\/wp\/v2\/posts"}],"about":[{"href":"https:\/\/italcamara-es.com\/it\/wp-json\/wp\/v2\/types\/post"}],"author":[{"embeddable":true,"href":"https:\/\/italcamara-es.com\/it\/wp-json\/wp\/v2\/users\/1"}],"replies":[{"embeddable":true,"href":"https:\/\/italcamara-es.com\/it\/wp-json\/wp\/v2\/comments?post=56513"}],"version-history":[{"count":0,"href":"https:\/\/italcamara-es.com\/it\/wp-json\/wp\/v2\/posts\/56513\/revisions"}],"wp:featuredmedia":[{"embeddable":true,"href":"https:\/\/italcamara-es.com\/it\/wp-json\/wp\/v2\/media\/53483"}],"wp:attachment":[{"href":"https:\/\/italcamara-es.com\/it\/wp-json\/wp\/v2\/media?parent=56513"}],"wp:term":[{"taxonomy":"category","embeddable":true,"href":"https:\/\/italcamara-es.com\/it\/wp-json\/wp\/v2\/categories?post=56513"},{"taxonomy":"post_tag","embeddable":true,"href":"https:\/\/italcamara-es.com\/it\/wp-json\/wp\/v2\/tags?post=56513"}],"curies":[{"name":"wp","href":"https:\/\/api.w.org\/{rel}","templated":true}]}}