	{"id":56517,"date":"2016-01-19T13:50:55","date_gmt":"2016-01-19T12:50:55","guid":{"rendered":"http:\/\/pre.italcamara-es.com\/senza-categoria\/pubblicati-i-dati-sulla-spesa-dei-turisti-internazionali-in-spagna-relativi-al-mese-di-novembre-2015\/"},"modified":"2016-01-19T13:50:55","modified_gmt":"2016-01-19T12:50:55","slug":"pubblicati-i-dati-sulla-spesa-dei-turisti-internazionali-in-spagna-relativi-al-mese-di-novembre-2015","status":"publish","type":"post","link":"https:\/\/italcamara-es.com\/it\/notizie\/pubblicati-i-dati-sulla-spesa-dei-turisti-internazionali-in-spagna-relativi-al-mese-di-novembre-2015\/","title":{"rendered":"Pubblicati i dati sulla spesa dei turisti internazionali in Spagna relativi al mese di novembre 2015"},"content":{"rendered":"<p style=\"text-align: justify;\"><em>La spesa totale nel penultimo mese dell\u2019anno raggiunge i 3.943 milioni di euro, il 12,2% in pi\u00f9 rispetto allo stesso periodo dell\u2019anno precedente.<\/em><\/p>\n<p style=\"text-align: justify;\">\n<p style=\"text-align: justify;\">La spesa totale dei turisti internazionali in Spagna nei primi undici mesi del 2015 \u00e8 cresciuta del 6,4% rispetto allo stesso periodo del 2014, in base ai dati pubblicati dalla Encuesta de Gasto Tur\u00edstico (EGATUR) pubblicata lo scorso 18 gennaio dall\u2019INE. La spesa media per turista in ciascun viaggio si \u00e8 attestata sui 1.063 euro, l\u20191,4% in pi\u00f9 rispetto a novembre 2014. La spesa media giornaliera \u00e8 aumentata a 126 euro al giorno,il \u00a04,4% in pi\u00f9 rispetto allo steso periodo dell\u2019anno precedente.<\/p>\n<p style=\"text-align: justify;\">\n<p style=\"text-align: justify;\">I principali paesi di origine nel mese di \u00a0novembre 2015 sono stati il Regno Unito, con il 16,7% della spesa totale, la Germania \u00a0(12,7%), la Francia (8,2%) e l&#8217;Italia (3,6%). La spesa dei turisti residenti nel Regno Unito \u00e8 aumentata del 7,2% rispetto a novembre dello scorso anno. I cittadini tedeschi hanno ridotto la loro spesa dell\u201911,7%, a causa della diminuzione del numero dei turisti (il 6,8% in meno rispetto a novembre 2014).<\/p>\n<p style=\"text-align: justify;\">\n<p style=\"text-align: justify;\">Le destinazioni preferite nel mese di novembre per i turisti internazionali sono stati le Canarie, con il 30,2% del totale, la Catalogna (22,3%) e l&#8217;Andalusia (14,9%).<\/p>\n<p style=\"text-align: justify;\">\n<p style=\"text-align: center;\"><a href=\"https:\/\/www.italcamara-es.com\/wp-content\/uploads\/2016\/07\/700barcelonaturismo-23en1.jpg\"><img fetchpriority=\"high\" decoding=\"async\" class=\" size-full wp-image-2697 aligncenter\" src=\"https:\/\/www.italcamara-es.com\/wp-content\/uploads\/2016\/07\/700barcelonaturismo-23en1.jpg\" alt=\"700barcelonaturismo-23en\" width=\"650\" height=\"342\" \/><\/a><\/p>\n<p>&nbsp;<\/p>\n<p style=\"text-align: justify;\">A Madrid si \u00e8 registrato un notevole incremento dei turisti che hanno speso il 23,3% in pi\u00f9 in termini tendenziali, mentre la spesa totale dei turisti internazionali \u00e8 scesa dell&#8217;8,3% nella Comunit\u00e0 Valenciana e dell\u20198,2% nelle Isole Baleari.<\/p>\n<p style=\"text-align: justify;\">\n<p style=\"text-align: justify;\">La spesa dei turisti che non hanno viaggiato attraverso pacchetto turistico rappresenta il 73% del totale, ed \u00e8 cresciuta del 18,7% in termini tendenziali, mentre la spesa per l&#8217;acquisto di un pacchetto turistico per viaggiare in Spagna \u00e8 scesa del 2,2%.<\/p>\n<p style=\"text-align: justify;\">\n<p style=\"text-align: justify;\">Nel penultimo mese dell&#8217;anno \u00e8 stato anche notevole l&#8217;aumento della spesa totale da parte dei turisti che sono venuti in Spagna per lavoro o per affari, con un \u00a0incremento del 74,6% in pi\u00f9 rispetto allo stesso mese del 2014.<\/p>\n","protected":false},"excerpt":{"rendered":"<p>La spesa totale nel penultimo mese dell\u2019anno raggiunge i 3.943 milioni di euro, il 12,2% in pi\u00f9 rispetto allo stesso periodo dell\u2019anno precedente. La spesa totale dei turisti internazionali in Spagna nei primi undici mesi del 2015 \u00e8 cresciuta del 6,4% rispetto allo stesso periodo del 2014, in base ai dati pubblicati dalla Encuesta de [&hellip;]<\/p>\n","protected":false},"author":1,"featured_media":53491,"comment_status":"open","ping_status":"open","sticky":false,"template":"","format":"standard","meta":{"inline_featured_image":false,"ocean_post_layout":"","ocean_both_sidebars_style":"","ocean_both_sidebars_content_width":0,"ocean_both_sidebars_sidebars_width":0,"ocean_sidebar":"","ocean_second_sidebar":"","ocean_disable_margins":"enable","ocean_add_body_class":"","ocean_shortcode_before_top_bar":"","ocean_shortcode_after_top_bar":"","ocean_shortcode_before_header":"","ocean_shortcode_after_header":"","ocean_has_shortcode":"","ocean_shortcode_after_title":"","ocean_shortcode_before_footer_widgets":"","ocean_shortcode_after_footer_widgets":"","ocean_shortcode_before_footer_bottom":"","ocean_shortcode_after_footer_bottom":"","ocean_display_top_bar":"default","ocean_display_header":"default","ocean_header_style":"","ocean_center_header_left_menu":"","ocean_custom_header_template":"","ocean_custom_logo":0,"ocean_custom_retina_logo":0,"ocean_custom_logo_max_width":0,"ocean_custom_logo_tablet_max_width":0,"ocean_custom_logo_mobile_max_width":0,"ocean_custom_logo_max_height":0,"ocean_custom_logo_tablet_max_height":0,"ocean_custom_logo_mobile_max_height":0,"ocean_header_custom_menu":"","ocean_menu_typo_font_family":"","ocean_menu_typo_font_subset":"","ocean_menu_typo_font_size":0,"ocean_menu_typo_font_size_tablet":0,"ocean_menu_typo_font_size_mobile":0,"ocean_menu_typo_font_size_unit":"px","ocean_menu_typo_font_weight":"","ocean_menu_typo_font_weight_tablet":"","ocean_menu_typo_font_weight_mobile":"","ocean_menu_typo_transform":"","ocean_menu_typo_transform_tablet":"","ocean_menu_typo_transform_mobile":"","ocean_menu_typo_line_height":0,"ocean_menu_typo_line_height_tablet":0,"ocean_menu_typo_line_height_mobile":0,"ocean_menu_typo_line_height_unit":"","ocean_menu_typo_spacing":0,"ocean_menu_typo_spacing_tablet":0,"ocean_menu_typo_spacing_mobile":0,"ocean_menu_typo_spacing_unit":"","ocean_menu_link_color":"","ocean_menu_link_color_hover":"","ocean_menu_link_color_active":"","ocean_menu_link_background":"","ocean_menu_link_hover_background":"","ocean_menu_link_active_background":"","ocean_menu_social_links_bg":"","ocean_menu_social_hover_links_bg":"","ocean_menu_social_links_color":"","ocean_menu_social_hover_links_color":"","ocean_disable_title":"default","ocean_disable_heading":"default","ocean_post_title":"","ocean_post_subheading":"","ocean_post_title_style":"","ocean_post_title_background_color":"","ocean_post_title_background":0,"ocean_post_title_bg_image_position":"","ocean_post_title_bg_image_attachment":"","ocean_post_title_bg_image_repeat":"","ocean_post_title_bg_image_size":"","ocean_post_title_height":0,"ocean_post_title_bg_overlay":0.5,"ocean_post_title_bg_overlay_color":"","ocean_disable_breadcrumbs":"default","ocean_breadcrumbs_color":"","ocean_breadcrumbs_separator_color":"","ocean_breadcrumbs_links_color":"","ocean_breadcrumbs_links_hover_color":"","ocean_display_footer_widgets":"default","ocean_display_footer_bottom":"default","ocean_custom_footer_template":"","ocean_post_oembed":"","ocean_post_self_hosted_media":"","ocean_post_video_embed":"","ocean_link_format":"","ocean_link_format_target":"self","ocean_quote_format":"","ocean_quote_format_link":"post","ocean_gallery_link_images":"on","ocean_gallery_id":[],"footnotes":""},"categories":[133],"tags":[138],"class_list":["post-56517","post","type-post","status-publish","format-standard","has-post-thumbnail","hentry","category-notizie","tag-notizie-di-mercato","entry","has-media"],"yoast_head":"<!-- This site is optimized with the Yoast SEO plugin v27.4 - https:\/\/yoast.com\/product\/yoast-seo-wordpress\/ -->\n<title>Pubblicati i dati sulla spesa dei turisti internazionali in Spagna relativi al mese di novembre 2015 - Italcamara<\/title>\n<meta name=\"robots\" content=\"index, follow, max-snippet:-1, max-image-preview:large, max-video-preview:-1\" \/>\n<link rel=\"canonical\" href=\"https:\/\/italcamara-es.com\/it\/notizie\/pubblicati-i-dati-sulla-spesa-dei-turisti-internazionali-in-spagna-relativi-al-mese-di-novembre-2015\/\" \/>\n<meta property=\"og:locale\" content=\"it_IT\" \/>\n<meta property=\"og:type\" content=\"article\" \/>\n<meta property=\"og:title\" content=\"Pubblicati i dati sulla spesa dei turisti internazionali in Spagna relativi al mese di novembre 2015 - Italcamara\" \/>\n<meta property=\"og:description\" content=\"La spesa totale nel penultimo mese dell\u2019anno raggiunge i 3.943 milioni di euro, il 12,2% in pi\u00f9 rispetto allo stesso periodo dell\u2019anno precedente. La spesa totale dei turisti internazionali in Spagna nei primi undici mesi del 2015 \u00e8 cresciuta del 6,4% rispetto allo stesso periodo del 2014, in base ai dati pubblicati dalla Encuesta de [&hellip;]\" \/>\n<meta property=\"og:url\" content=\"https:\/\/italcamara-es.com\/it\/notizie\/pubblicati-i-dati-sulla-spesa-dei-turisti-internazionali-in-spagna-relativi-al-mese-di-novembre-2015\/\" \/>\n<meta property=\"og:site_name\" content=\"Italcamara\" \/>\n<meta property=\"article:published_time\" content=\"2016-01-19T12:50:55+00:00\" \/>\n<meta property=\"og:image\" content=\"https:\/\/italcamara-es.com\/wp-content\/uploads\/2025\/03\/barcelonaturismo-23en.jpg\" \/>\n\t<meta property=\"og:image:width\" content=\"569\" \/>\n\t<meta property=\"og:image:height\" content=\"299\" \/>\n\t<meta property=\"og:image:type\" content=\"image\/jpeg\" \/>\n<meta name=\"author\" content=\"administrador\" \/>\n<meta name=\"twitter:card\" content=\"summary_large_image\" \/>\n<meta name=\"twitter:label1\" content=\"Scritto da\" \/>\n\t<meta name=\"twitter:data1\" content=\"administrador\" \/>\n\t<meta name=\"twitter:label2\" content=\"Tempo di lettura stimato\" \/>\n\t<meta name=\"twitter:data2\" content=\"1 minuto\" \/>\n<script type=\"application\/ld+json\" class=\"yoast-schema-graph\">{\"@context\":\"https:\\\/\\\/schema.org\",\"@graph\":[{\"@type\":\"Article\",\"@id\":\"https:\\\/\\\/italcamara-es.com\\\/it\\\/notizie\\\/pubblicati-i-dati-sulla-spesa-dei-turisti-internazionali-in-spagna-relativi-al-mese-di-novembre-2015\\\/#article\",\"isPartOf\":{\"@id\":\"https:\\\/\\\/italcamara-es.com\\\/it\\\/notizie\\\/pubblicati-i-dati-sulla-spesa-dei-turisti-internazionali-in-spagna-relativi-al-mese-di-novembre-2015\\\/\"},\"author\":{\"name\":\"administrador\",\"@id\":\"https:\\\/\\\/italcamara-es.com\\\/#\\\/schema\\\/person\\\/bb3c56263e405bbd9a15171dcfee93bb\"},\"headline\":\"Pubblicati i dati sulla spesa dei turisti internazionali in Spagna relativi al mese di novembre 2015\",\"datePublished\":\"2016-01-19T12:50:55+00:00\",\"mainEntityOfPage\":{\"@id\":\"https:\\\/\\\/italcamara-es.com\\\/it\\\/notizie\\\/pubblicati-i-dati-sulla-spesa-dei-turisti-internazionali-in-spagna-relativi-al-mese-di-novembre-2015\\\/\"},\"wordCount\":313,\"commentCount\":0,\"image\":{\"@id\":\"https:\\\/\\\/italcamara-es.com\\\/it\\\/notizie\\\/pubblicati-i-dati-sulla-spesa-dei-turisti-internazionali-in-spagna-relativi-al-mese-di-novembre-2015\\\/#primaryimage\"},\"thumbnailUrl\":\"https:\\\/\\\/italcamara-es.com\\\/wp-content\\\/uploads\\\/2025\\\/03\\\/barcelonaturismo-23en.jpg\",\"keywords\":[\"Notizie di Mercato\"],\"articleSection\":[\"Notizie\"],\"inLanguage\":\"it-IT\",\"potentialAction\":[{\"@type\":\"CommentAction\",\"name\":\"Comment\",\"target\":[\"https:\\\/\\\/italcamara-es.com\\\/it\\\/notizie\\\/pubblicati-i-dati-sulla-spesa-dei-turisti-internazionali-in-spagna-relativi-al-mese-di-novembre-2015\\\/#respond\"]}]},{\"@type\":\"WebPage\",\"@id\":\"https:\\\/\\\/italcamara-es.com\\\/it\\\/notizie\\\/pubblicati-i-dati-sulla-spesa-dei-turisti-internazionali-in-spagna-relativi-al-mese-di-novembre-2015\\\/\",\"url\":\"https:\\\/\\\/italcamara-es.com\\\/it\\\/notizie\\\/pubblicati-i-dati-sulla-spesa-dei-turisti-internazionali-in-spagna-relativi-al-mese-di-novembre-2015\\\/\",\"name\":\"Pubblicati i dati sulla spesa dei turisti internazionali in Spagna relativi al mese di novembre 2015 - Italcamara\",\"isPartOf\":{\"@id\":\"https:\\\/\\\/italcamara-es.com\\\/#website\"},\"primaryImageOfPage\":{\"@id\":\"https:\\\/\\\/italcamara-es.com\\\/it\\\/notizie\\\/pubblicati-i-dati-sulla-spesa-dei-turisti-internazionali-in-spagna-relativi-al-mese-di-novembre-2015\\\/#primaryimage\"},\"image\":{\"@id\":\"https:\\\/\\\/italcamara-es.com\\\/it\\\/notizie\\\/pubblicati-i-dati-sulla-spesa-dei-turisti-internazionali-in-spagna-relativi-al-mese-di-novembre-2015\\\/#primaryimage\"},\"thumbnailUrl\":\"https:\\\/\\\/italcamara-es.com\\\/wp-content\\\/uploads\\\/2025\\\/03\\\/barcelonaturismo-23en.jpg\",\"datePublished\":\"2016-01-19T12:50:55+00:00\",\"author\":{\"@id\":\"https:\\\/\\\/italcamara-es.com\\\/#\\\/schema\\\/person\\\/bb3c56263e405bbd9a15171dcfee93bb\"},\"breadcrumb\":{\"@id\":\"https:\\\/\\\/italcamara-es.com\\\/it\\\/notizie\\\/pubblicati-i-dati-sulla-spesa-dei-turisti-internazionali-in-spagna-relativi-al-mese-di-novembre-2015\\\/#breadcrumb\"},\"inLanguage\":\"it-IT\",\"potentialAction\":[{\"@type\":\"ReadAction\",\"target\":[\"https:\\\/\\\/italcamara-es.com\\\/it\\\/notizie\\\/pubblicati-i-dati-sulla-spesa-dei-turisti-internazionali-in-spagna-relativi-al-mese-di-novembre-2015\\\/\"]}]},{\"@type\":\"ImageObject\",\"inLanguage\":\"it-IT\",\"@id\":\"https:\\\/\\\/italcamara-es.com\\\/it\\\/notizie\\\/pubblicati-i-dati-sulla-spesa-dei-turisti-internazionali-in-spagna-relativi-al-mese-di-novembre-2015\\\/#primaryimage\",\"url\":\"https:\\\/\\\/italcamara-es.com\\\/wp-content\\\/uploads\\\/2025\\\/03\\\/barcelonaturismo-23en.jpg\",\"contentUrl\":\"https:\\\/\\\/italcamara-es.com\\\/wp-content\\\/uploads\\\/2025\\\/03\\\/barcelonaturismo-23en.jpg\",\"width\":569,\"height\":299},{\"@type\":\"BreadcrumbList\",\"@id\":\"https:\\\/\\\/italcamara-es.com\\\/it\\\/notizie\\\/pubblicati-i-dati-sulla-spesa-dei-turisti-internazionali-in-spagna-relativi-al-mese-di-novembre-2015\\\/#breadcrumb\",\"itemListElement\":[{\"@type\":\"ListItem\",\"position\":1,\"name\":\"Inicio\",\"item\":\"https:\\\/\\\/italcamara-es.com\\\/it\\\/homepage-ita\\\/\"},{\"@type\":\"ListItem\",\"position\":2,\"name\":\"Pubblicati i dati sulla spesa dei turisti internazionali in Spagna relativi al mese di novembre 2015\"}]},{\"@type\":\"WebSite\",\"@id\":\"https:\\\/\\\/italcamara-es.com\\\/#website\",\"url\":\"https:\\\/\\\/italcamara-es.com\\\/\",\"name\":\"Italcamara\",\"description\":\"\",\"potentialAction\":[{\"@type\":\"SearchAction\",\"target\":{\"@type\":\"EntryPoint\",\"urlTemplate\":\"https:\\\/\\\/italcamara-es.com\\\/?s={search_term_string}\"},\"query-input\":{\"@type\":\"PropertyValueSpecification\",\"valueRequired\":true,\"valueName\":\"search_term_string\"}}],\"inLanguage\":\"it-IT\"},{\"@type\":\"Person\",\"@id\":\"https:\\\/\\\/italcamara-es.com\\\/#\\\/schema\\\/person\\\/bb3c56263e405bbd9a15171dcfee93bb\",\"name\":\"administrador\",\"image\":{\"@type\":\"ImageObject\",\"inLanguage\":\"it-IT\",\"@id\":\"https:\\\/\\\/secure.gravatar.com\\\/avatar\\\/14b5e63db38320b12031bb28cf9f77e210aa71fb3a8a3602a3c9a05134fa75eb?s=96&d=mm&r=g\",\"url\":\"https:\\\/\\\/secure.gravatar.com\\\/avatar\\\/14b5e63db38320b12031bb28cf9f77e210aa71fb3a8a3602a3c9a05134fa75eb?s=96&d=mm&r=g\",\"contentUrl\":\"https:\\\/\\\/secure.gravatar.com\\\/avatar\\\/14b5e63db38320b12031bb28cf9f77e210aa71fb3a8a3602a3c9a05134fa75eb?s=96&d=mm&r=g\",\"caption\":\"administrador\"},\"sameAs\":[\"http:\\\/\\\/pre.italcamara-es.com\"],\"url\":\"https:\\\/\\\/italcamara-es.com\\\/it\\\/author\\\/administrador\\\/\"}]}<\/script>\n<!-- \/ Yoast SEO plugin. -->","yoast_head_json":{"title":"Pubblicati i dati sulla spesa dei turisti internazionali in Spagna relativi al mese di novembre 2015 - Italcamara","robots":{"index":"index","follow":"follow","max-snippet":"max-snippet:-1","max-image-preview":"max-image-preview:large","max-video-preview":"max-video-preview:-1"},"canonical":"https:\/\/italcamara-es.com\/it\/notizie\/pubblicati-i-dati-sulla-spesa-dei-turisti-internazionali-in-spagna-relativi-al-mese-di-novembre-2015\/","og_locale":"it_IT","og_type":"article","og_title":"Pubblicati i dati sulla spesa dei turisti internazionali in Spagna relativi al mese di novembre 2015 - Italcamara","og_description":"La spesa totale nel penultimo mese dell\u2019anno raggiunge i 3.943 milioni di euro, il 12,2% in pi\u00f9 rispetto allo stesso periodo dell\u2019anno precedente. La spesa totale dei turisti internazionali in Spagna nei primi undici mesi del 2015 \u00e8 cresciuta del 6,4% rispetto allo stesso periodo del 2014, in base ai dati pubblicati dalla Encuesta de [&hellip;]","og_url":"https:\/\/italcamara-es.com\/it\/notizie\/pubblicati-i-dati-sulla-spesa-dei-turisti-internazionali-in-spagna-relativi-al-mese-di-novembre-2015\/","og_site_name":"Italcamara","article_published_time":"2016-01-19T12:50:55+00:00","og_image":[{"width":569,"height":299,"url":"https:\/\/italcamara-es.com\/wp-content\/uploads\/2025\/03\/barcelonaturismo-23en.jpg","type":"image\/jpeg"}],"author":"administrador","twitter_card":"summary_large_image","twitter_misc":{"Scritto da":"administrador","Tempo di lettura stimato":"1 minuto"},"schema":{"@context":"https:\/\/schema.org","@graph":[{"@type":"Article","@id":"https:\/\/italcamara-es.com\/it\/notizie\/pubblicati-i-dati-sulla-spesa-dei-turisti-internazionali-in-spagna-relativi-al-mese-di-novembre-2015\/#article","isPartOf":{"@id":"https:\/\/italcamara-es.com\/it\/notizie\/pubblicati-i-dati-sulla-spesa-dei-turisti-internazionali-in-spagna-relativi-al-mese-di-novembre-2015\/"},"author":{"name":"administrador","@id":"https:\/\/italcamara-es.com\/#\/schema\/person\/bb3c56263e405bbd9a15171dcfee93bb"},"headline":"Pubblicati i dati sulla spesa dei turisti internazionali in Spagna relativi al mese di novembre 2015","datePublished":"2016-01-19T12:50:55+00:00","mainEntityOfPage":{"@id":"https:\/\/italcamara-es.com\/it\/notizie\/pubblicati-i-dati-sulla-spesa-dei-turisti-internazionali-in-spagna-relativi-al-mese-di-novembre-2015\/"},"wordCount":313,"commentCount":0,"image":{"@id":"https:\/\/italcamara-es.com\/it\/notizie\/pubblicati-i-dati-sulla-spesa-dei-turisti-internazionali-in-spagna-relativi-al-mese-di-novembre-2015\/#primaryimage"},"thumbnailUrl":"https:\/\/italcamara-es.com\/wp-content\/uploads\/2025\/03\/barcelonaturismo-23en.jpg","keywords":["Notizie di Mercato"],"articleSection":["Notizie"],"inLanguage":"it-IT","potentialAction":[{"@type":"CommentAction","name":"Comment","target":["https:\/\/italcamara-es.com\/it\/notizie\/pubblicati-i-dati-sulla-spesa-dei-turisti-internazionali-in-spagna-relativi-al-mese-di-novembre-2015\/#respond"]}]},{"@type":"WebPage","@id":"https:\/\/italcamara-es.com\/it\/notizie\/pubblicati-i-dati-sulla-spesa-dei-turisti-internazionali-in-spagna-relativi-al-mese-di-novembre-2015\/","url":"https:\/\/italcamara-es.com\/it\/notizie\/pubblicati-i-dati-sulla-spesa-dei-turisti-internazionali-in-spagna-relativi-al-mese-di-novembre-2015\/","name":"Pubblicati i dati sulla spesa dei turisti internazionali in Spagna relativi al mese di novembre 2015 - Italcamara","isPartOf":{"@id":"https:\/\/italcamara-es.com\/#website"},"primaryImageOfPage":{"@id":"https:\/\/italcamara-es.com\/it\/notizie\/pubblicati-i-dati-sulla-spesa-dei-turisti-internazionali-in-spagna-relativi-al-mese-di-novembre-2015\/#primaryimage"},"image":{"@id":"https:\/\/italcamara-es.com\/it\/notizie\/pubblicati-i-dati-sulla-spesa-dei-turisti-internazionali-in-spagna-relativi-al-mese-di-novembre-2015\/#primaryimage"},"thumbnailUrl":"https:\/\/italcamara-es.com\/wp-content\/uploads\/2025\/03\/barcelonaturismo-23en.jpg","datePublished":"2016-01-19T12:50:55+00:00","author":{"@id":"https:\/\/italcamara-es.com\/#\/schema\/person\/bb3c56263e405bbd9a15171dcfee93bb"},"breadcrumb":{"@id":"https:\/\/italcamara-es.com\/it\/notizie\/pubblicati-i-dati-sulla-spesa-dei-turisti-internazionali-in-spagna-relativi-al-mese-di-novembre-2015\/#breadcrumb"},"inLanguage":"it-IT","potentialAction":[{"@type":"ReadAction","target":["https:\/\/italcamara-es.com\/it\/notizie\/pubblicati-i-dati-sulla-spesa-dei-turisti-internazionali-in-spagna-relativi-al-mese-di-novembre-2015\/"]}]},{"@type":"ImageObject","inLanguage":"it-IT","@id":"https:\/\/italcamara-es.com\/it\/notizie\/pubblicati-i-dati-sulla-spesa-dei-turisti-internazionali-in-spagna-relativi-al-mese-di-novembre-2015\/#primaryimage","url":"https:\/\/italcamara-es.com\/wp-content\/uploads\/2025\/03\/barcelonaturismo-23en.jpg","contentUrl":"https:\/\/italcamara-es.com\/wp-content\/uploads\/2025\/03\/barcelonaturismo-23en.jpg","width":569,"height":299},{"@type":"BreadcrumbList","@id":"https:\/\/italcamara-es.com\/it\/notizie\/pubblicati-i-dati-sulla-spesa-dei-turisti-internazionali-in-spagna-relativi-al-mese-di-novembre-2015\/#breadcrumb","itemListElement":[{"@type":"ListItem","position":1,"name":"Inicio","item":"https:\/\/italcamara-es.com\/it\/homepage-ita\/"},{"@type":"ListItem","position":2,"name":"Pubblicati i dati sulla spesa dei turisti internazionali in Spagna relativi al mese di novembre 2015"}]},{"@type":"WebSite","@id":"https:\/\/italcamara-es.com\/#website","url":"https:\/\/italcamara-es.com\/","name":"Italcamara","description":"","potentialAction":[{"@type":"SearchAction","target":{"@type":"EntryPoint","urlTemplate":"https:\/\/italcamara-es.com\/?s={search_term_string}"},"query-input":{"@type":"PropertyValueSpecification","valueRequired":true,"valueName":"search_term_string"}}],"inLanguage":"it-IT"},{"@type":"Person","@id":"https:\/\/italcamara-es.com\/#\/schema\/person\/bb3c56263e405bbd9a15171dcfee93bb","name":"administrador","image":{"@type":"ImageObject","inLanguage":"it-IT","@id":"https:\/\/secure.gravatar.com\/avatar\/14b5e63db38320b12031bb28cf9f77e210aa71fb3a8a3602a3c9a05134fa75eb?s=96&d=mm&r=g","url":"https:\/\/secure.gravatar.com\/avatar\/14b5e63db38320b12031bb28cf9f77e210aa71fb3a8a3602a3c9a05134fa75eb?s=96&d=mm&r=g","contentUrl":"https:\/\/secure.gravatar.com\/avatar\/14b5e63db38320b12031bb28cf9f77e210aa71fb3a8a3602a3c9a05134fa75eb?s=96&d=mm&r=g","caption":"administrador"},"sameAs":["http:\/\/pre.italcamara-es.com"],"url":"https:\/\/italcamara-es.com\/it\/author\/administrador\/"}]}},"rttpg_featured_image_url":{"full":["https:\/\/italcamara-es.com\/wp-content\/uploads\/2025\/03\/barcelonaturismo-23en.jpg",569,299,false],"landscape":["https:\/\/italcamara-es.com\/wp-content\/uploads\/2025\/03\/barcelonaturismo-23en.jpg",569,299,false],"portraits":["https:\/\/italcamara-es.com\/wp-content\/uploads\/2025\/03\/barcelonaturismo-23en.jpg",569,299,false],"thumbnail":["https:\/\/italcamara-es.com\/wp-content\/uploads\/2025\/03\/barcelonaturismo-23en-150x150.jpg",150,150,true],"medium":["https:\/\/italcamara-es.com\/wp-content\/uploads\/2025\/03\/barcelonaturismo-23en-300x158.jpg",300,158,true],"large":["https:\/\/italcamara-es.com\/wp-content\/uploads\/2025\/03\/barcelonaturismo-23en.jpg",569,299,false],"1536x1536":["https:\/\/italcamara-es.com\/wp-content\/uploads\/2025\/03\/barcelonaturismo-23en.jpg",569,299,false],"2048x2048":["https:\/\/italcamara-es.com\/wp-content\/uploads\/2025\/03\/barcelonaturismo-23en.jpg",569,299,false],"ocean-thumb-m":["https:\/\/italcamara-es.com\/wp-content\/uploads\/2025\/03\/barcelonaturismo-23en.jpg",569,299,false],"ocean-thumb-ml":["https:\/\/italcamara-es.com\/wp-content\/uploads\/2025\/03\/barcelonaturismo-23en.jpg",569,299,false],"ocean-thumb-l":["https:\/\/italcamara-es.com\/wp-content\/uploads\/2025\/03\/barcelonaturismo-23en.jpg",569,299,false],"directorist_preview":["https:\/\/italcamara-es.com\/wp-content\/uploads\/2025\/03\/barcelonaturismo-23en.jpg",569,299,false]},"rttpg_author":{"display_name":"administrador","author_link":"https:\/\/italcamara-es.com\/it\/author\/administrador\/"},"rttpg_comment":0,"rttpg_category":"<a href=\"https:\/\/italcamara-es.com\/it\/category\/notizie\/\" rel=\"category tag\">Notizie<\/a>","rttpg_excerpt":"La spesa totale nel penultimo mese dell\u2019anno raggiunge i 3.943 milioni di euro, il 12,2% in pi\u00f9 rispetto allo stesso periodo dell\u2019anno precedente. La spesa totale dei turisti internazionali in Spagna nei primi undici mesi del 2015 \u00e8 cresciuta del 6,4% rispetto allo stesso periodo del 2014, in base ai dati pubblicati dalla Encuesta de&hellip;","_links":{"self":[{"href":"https:\/\/italcamara-es.com\/it\/wp-json\/wp\/v2\/posts\/56517","targetHints":{"allow":["GET"]}}],"collection":[{"href":"https:\/\/italcamara-es.com\/it\/wp-json\/wp\/v2\/posts"}],"about":[{"href":"https:\/\/italcamara-es.com\/it\/wp-json\/wp\/v2\/types\/post"}],"author":[{"embeddable":true,"href":"https:\/\/italcamara-es.com\/it\/wp-json\/wp\/v2\/users\/1"}],"replies":[{"embeddable":true,"href":"https:\/\/italcamara-es.com\/it\/wp-json\/wp\/v2\/comments?post=56517"}],"version-history":[{"count":0,"href":"https:\/\/italcamara-es.com\/it\/wp-json\/wp\/v2\/posts\/56517\/revisions"}],"wp:featuredmedia":[{"embeddable":true,"href":"https:\/\/italcamara-es.com\/it\/wp-json\/wp\/v2\/media\/53491"}],"wp:attachment":[{"href":"https:\/\/italcamara-es.com\/it\/wp-json\/wp\/v2\/media?parent=56517"}],"wp:term":[{"taxonomy":"category","embeddable":true,"href":"https:\/\/italcamara-es.com\/it\/wp-json\/wp\/v2\/categories?post=56517"},{"taxonomy":"post_tag","embeddable":true,"href":"https:\/\/italcamara-es.com\/it\/wp-json\/wp\/v2\/tags?post=56517"}],"curies":[{"name":"wp","href":"https:\/\/api.w.org\/{rel}","templated":true}]}}