	{"id":56518,"date":"2016-01-18T10:22:10","date_gmt":"2016-01-18T09:22:10","guid":{"rendered":"http:\/\/pre.italcamara-es.com\/senza-categoria\/aena-chiude-il-2015-come-il-secondo-miglior-anno-della-storia\/"},"modified":"2016-01-18T10:22:10","modified_gmt":"2016-01-18T09:22:10","slug":"aena-chiude-il-2015-come-il-secondo-miglior-anno-della-storia","status":"publish","type":"post","link":"https:\/\/italcamara-es.com\/it\/notizie\/aena-chiude-il-2015-come-il-secondo-miglior-anno-della-storia\/","title":{"rendered":"Aena chiude il 2015 come il secondo miglior anno della storia"},"content":{"rendered":"<p style=\"text-align: justify;\"><em>Gli aeroporti della rete hanno registrato pi\u00f9 di 207,4 milioni di viaggiatori tra gennaio e dicembre<\/em><\/p>\n<p style=\"text-align: justify;\">\n<p style=\"text-align: justify;\">Aena ha registrato un afflusso di oltre 207,4 milioni di viaggiatori nel 2015, con un incremento del 5,9% rispetto all&#8217;anno precedente. L\u2019esercizio appena concluso si converte pertanto nel \u00a0secondo miglior anno della sua storia, superato solo dai 210,4 milioni di viaggiatori del 2007.<\/p>\n<p style=\"text-align: justify;\">\n<p style=\"text-align: justify;\">In particolare, i passeggeri internazionali hanno segnato una cifra record con pi\u00f9 di 144,4milioni \u00a0il 5,9% in pi\u00f9 rispetto al 2014, mentre il numero di passeggeri nazionali \u00e8 stato di 62,1 milioni, il 6,1% in pi\u00f9 in termini annuali.<\/p>\n<p style=\"text-align: justify;\">\n<p style=\"text-align: justify;\">L\u2019aeroporto di \u00a0Madrid-Barajas Adolfo Suarez \u00e8 stato quello che ha registrato il traffico pi\u00f9 alto della rete, con 46,8 milioni di passeggeri transitati nel 2015, l\u201911,9% in pi\u00f9 rispetto all&#8217;anno precedente. Si tratta del miglior anno dal 2012. Inoltre, l\u2019aeroporto di Barcellona-El Prat ha raggiunto il suo record con oltre 39,7 milioni di passeggeri, il 5,7% in pi\u00f9 rispetto al 2014.<\/p>\n<p style=\"text-align: justify;\"><a href=\"https:\/\/www.italcamara-es.com\/wp-content\/uploads\/2016\/08\/700prat.jpg\"><img fetchpriority=\"high\" decoding=\"async\" class=\"  wp-image-2913 aligncenter\" src=\"https:\/\/www.italcamara-es.com\/wp-content\/uploads\/2016\/08\/700prat.jpg\" alt=\"700prat\" width=\"740\" height=\"296\" \/><\/a><\/p>\n<p style=\"text-align: justify;\">Palma de Mallorca, Malaga-Costa del Sol, Alicante-Elche, Gran Canaria, Lanzarote, Ibiza, Fuerteventura e Minorca sono le altre strutture della rete Aena che hanno raggiunto livelli record storici nel 2015.<\/p>\n<p style=\"text-align: justify;\">\n<p style=\"text-align: justify;\">Relativamente al mese di \u00a0dicembre, il numero di passeggeri \u00e8 cresciuto del 9% per un totale di 13,3 milioni di viaggiatori, con una tendenza \u00a0di crescita continua e mantenuta da pi\u00f9 di due anni (26 mesi consecutivi).<\/p>\n","protected":false},"excerpt":{"rendered":"<p>Gli aeroporti della rete hanno registrato pi\u00f9 di 207,4 milioni di viaggiatori tra gennaio e dicembre Aena ha registrato un afflusso di oltre 207,4 milioni di viaggiatori nel 2015, con un incremento del 5,9% rispetto all&#8217;anno precedente. L\u2019esercizio appena concluso si converte pertanto nel \u00a0secondo miglior anno della sua storia, superato solo dai 210,4 milioni [&hellip;]<\/p>\n","protected":false},"author":1,"featured_media":53493,"comment_status":"open","ping_status":"open","sticky":false,"template":"","format":"standard","meta":{"inline_featured_image":false,"ocean_post_layout":"","ocean_both_sidebars_style":"","ocean_both_sidebars_content_width":0,"ocean_both_sidebars_sidebars_width":0,"ocean_sidebar":"","ocean_second_sidebar":"","ocean_disable_margins":"enable","ocean_add_body_class":"","ocean_shortcode_before_top_bar":"","ocean_shortcode_after_top_bar":"","ocean_shortcode_before_header":"","ocean_shortcode_after_header":"","ocean_has_shortcode":"","ocean_shortcode_after_title":"","ocean_shortcode_before_footer_widgets":"","ocean_shortcode_after_footer_widgets":"","ocean_shortcode_before_footer_bottom":"","ocean_shortcode_after_footer_bottom":"","ocean_display_top_bar":"default","ocean_display_header":"default","ocean_header_style":"","ocean_center_header_left_menu":"","ocean_custom_header_template":"","ocean_custom_logo":0,"ocean_custom_retina_logo":0,"ocean_custom_logo_max_width":0,"ocean_custom_logo_tablet_max_width":0,"ocean_custom_logo_mobile_max_width":0,"ocean_custom_logo_max_height":0,"ocean_custom_logo_tablet_max_height":0,"ocean_custom_logo_mobile_max_height":0,"ocean_header_custom_menu":"","ocean_menu_typo_font_family":"","ocean_menu_typo_font_subset":"","ocean_menu_typo_font_size":0,"ocean_menu_typo_font_size_tablet":0,"ocean_menu_typo_font_size_mobile":0,"ocean_menu_typo_font_size_unit":"px","ocean_menu_typo_font_weight":"","ocean_menu_typo_font_weight_tablet":"","ocean_menu_typo_font_weight_mobile":"","ocean_menu_typo_transform":"","ocean_menu_typo_transform_tablet":"","ocean_menu_typo_transform_mobile":"","ocean_menu_typo_line_height":0,"ocean_menu_typo_line_height_tablet":0,"ocean_menu_typo_line_height_mobile":0,"ocean_menu_typo_line_height_unit":"","ocean_menu_typo_spacing":0,"ocean_menu_typo_spacing_tablet":0,"ocean_menu_typo_spacing_mobile":0,"ocean_menu_typo_spacing_unit":"","ocean_menu_link_color":"","ocean_menu_link_color_hover":"","ocean_menu_link_color_active":"","ocean_menu_link_background":"","ocean_menu_link_hover_background":"","ocean_menu_link_active_background":"","ocean_menu_social_links_bg":"","ocean_menu_social_hover_links_bg":"","ocean_menu_social_links_color":"","ocean_menu_social_hover_links_color":"","ocean_disable_title":"default","ocean_disable_heading":"default","ocean_post_title":"","ocean_post_subheading":"","ocean_post_title_style":"","ocean_post_title_background_color":"","ocean_post_title_background":0,"ocean_post_title_bg_image_position":"","ocean_post_title_bg_image_attachment":"","ocean_post_title_bg_image_repeat":"","ocean_post_title_bg_image_size":"","ocean_post_title_height":0,"ocean_post_title_bg_overlay":0.5,"ocean_post_title_bg_overlay_color":"","ocean_disable_breadcrumbs":"default","ocean_breadcrumbs_color":"","ocean_breadcrumbs_separator_color":"","ocean_breadcrumbs_links_color":"","ocean_breadcrumbs_links_hover_color":"","ocean_display_footer_widgets":"default","ocean_display_footer_bottom":"default","ocean_custom_footer_template":"","ocean_post_oembed":"","ocean_post_self_hosted_media":"","ocean_post_video_embed":"","ocean_link_format":"","ocean_link_format_target":"self","ocean_quote_format":"","ocean_quote_format_link":"post","ocean_gallery_link_images":"on","ocean_gallery_id":[],"footnotes":""},"categories":[133],"tags":[138],"class_list":["post-56518","post","type-post","status-publish","format-standard","has-post-thumbnail","hentry","category-notizie","tag-notizie-di-mercato","entry","has-media"],"yoast_head":"<!-- This site is optimized with the Yoast SEO plugin v27.4 - https:\/\/yoast.com\/product\/yoast-seo-wordpress\/ -->\n<title>Aena chiude il 2015 come il secondo miglior anno della storia - Italcamara<\/title>\n<meta name=\"robots\" content=\"index, follow, max-snippet:-1, max-image-preview:large, max-video-preview:-1\" \/>\n<link rel=\"canonical\" href=\"https:\/\/italcamara-es.com\/it\/notizie\/aena-chiude-il-2015-come-il-secondo-miglior-anno-della-storia\/\" \/>\n<meta property=\"og:locale\" content=\"it_IT\" \/>\n<meta property=\"og:type\" content=\"article\" \/>\n<meta property=\"og:title\" content=\"Aena chiude il 2015 come il secondo miglior anno della storia - Italcamara\" \/>\n<meta property=\"og:description\" content=\"Gli aeroporti della rete hanno registrato pi\u00f9 di 207,4 milioni di viaggiatori tra gennaio e dicembre Aena ha registrato un afflusso di oltre 207,4 milioni di viaggiatori nel 2015, con un incremento del 5,9% rispetto all&#8217;anno precedente. L\u2019esercizio appena concluso si converte pertanto nel \u00a0secondo miglior anno della sua storia, superato solo dai 210,4 milioni [&hellip;]\" \/>\n<meta property=\"og:url\" content=\"https:\/\/italcamara-es.com\/it\/notizie\/aena-chiude-il-2015-come-il-secondo-miglior-anno-della-storia\/\" \/>\n<meta property=\"og:site_name\" content=\"Italcamara\" \/>\n<meta property=\"article:published_time\" content=\"2016-01-18T09:22:10+00:00\" \/>\n<meta property=\"og:image\" content=\"https:\/\/italcamara-es.com\/wp-content\/uploads\/2025\/03\/250prat.jpg\" \/>\n\t<meta property=\"og:image:width\" content=\"250\" \/>\n\t<meta property=\"og:image:height\" content=\"127\" \/>\n\t<meta property=\"og:image:type\" content=\"image\/jpeg\" \/>\n<meta name=\"author\" content=\"administrador\" \/>\n<meta name=\"twitter:card\" content=\"summary_large_image\" \/>\n<meta name=\"twitter:label1\" content=\"Scritto da\" \/>\n\t<meta name=\"twitter:data1\" content=\"administrador\" \/>\n\t<meta name=\"twitter:label2\" content=\"Tempo di lettura stimato\" \/>\n\t<meta name=\"twitter:data2\" content=\"1 minuto\" \/>\n<script type=\"application\/ld+json\" class=\"yoast-schema-graph\">{\"@context\":\"https:\\\/\\\/schema.org\",\"@graph\":[{\"@type\":\"Article\",\"@id\":\"https:\\\/\\\/italcamara-es.com\\\/it\\\/notizie\\\/aena-chiude-il-2015-come-il-secondo-miglior-anno-della-storia\\\/#article\",\"isPartOf\":{\"@id\":\"https:\\\/\\\/italcamara-es.com\\\/it\\\/notizie\\\/aena-chiude-il-2015-come-il-secondo-miglior-anno-della-storia\\\/\"},\"author\":{\"name\":\"administrador\",\"@id\":\"https:\\\/\\\/italcamara-es.com\\\/#\\\/schema\\\/person\\\/bb3c56263e405bbd9a15171dcfee93bb\"},\"headline\":\"Aena chiude il 2015 come il secondo miglior anno della storia\",\"datePublished\":\"2016-01-18T09:22:10+00:00\",\"mainEntityOfPage\":{\"@id\":\"https:\\\/\\\/italcamara-es.com\\\/it\\\/notizie\\\/aena-chiude-il-2015-come-il-secondo-miglior-anno-della-storia\\\/\"},\"wordCount\":217,\"commentCount\":0,\"image\":{\"@id\":\"https:\\\/\\\/italcamara-es.com\\\/it\\\/notizie\\\/aena-chiude-il-2015-come-il-secondo-miglior-anno-della-storia\\\/#primaryimage\"},\"thumbnailUrl\":\"https:\\\/\\\/italcamara-es.com\\\/wp-content\\\/uploads\\\/2025\\\/03\\\/250prat.jpg\",\"keywords\":[\"Notizie di Mercato\"],\"articleSection\":[\"Notizie\"],\"inLanguage\":\"it-IT\",\"potentialAction\":[{\"@type\":\"CommentAction\",\"name\":\"Comment\",\"target\":[\"https:\\\/\\\/italcamara-es.com\\\/it\\\/notizie\\\/aena-chiude-il-2015-come-il-secondo-miglior-anno-della-storia\\\/#respond\"]}]},{\"@type\":\"WebPage\",\"@id\":\"https:\\\/\\\/italcamara-es.com\\\/it\\\/notizie\\\/aena-chiude-il-2015-come-il-secondo-miglior-anno-della-storia\\\/\",\"url\":\"https:\\\/\\\/italcamara-es.com\\\/it\\\/notizie\\\/aena-chiude-il-2015-come-il-secondo-miglior-anno-della-storia\\\/\",\"name\":\"Aena chiude il 2015 come il secondo miglior anno della storia - Italcamara\",\"isPartOf\":{\"@id\":\"https:\\\/\\\/italcamara-es.com\\\/#website\"},\"primaryImageOfPage\":{\"@id\":\"https:\\\/\\\/italcamara-es.com\\\/it\\\/notizie\\\/aena-chiude-il-2015-come-il-secondo-miglior-anno-della-storia\\\/#primaryimage\"},\"image\":{\"@id\":\"https:\\\/\\\/italcamara-es.com\\\/it\\\/notizie\\\/aena-chiude-il-2015-come-il-secondo-miglior-anno-della-storia\\\/#primaryimage\"},\"thumbnailUrl\":\"https:\\\/\\\/italcamara-es.com\\\/wp-content\\\/uploads\\\/2025\\\/03\\\/250prat.jpg\",\"datePublished\":\"2016-01-18T09:22:10+00:00\",\"author\":{\"@id\":\"https:\\\/\\\/italcamara-es.com\\\/#\\\/schema\\\/person\\\/bb3c56263e405bbd9a15171dcfee93bb\"},\"breadcrumb\":{\"@id\":\"https:\\\/\\\/italcamara-es.com\\\/it\\\/notizie\\\/aena-chiude-il-2015-come-il-secondo-miglior-anno-della-storia\\\/#breadcrumb\"},\"inLanguage\":\"it-IT\",\"potentialAction\":[{\"@type\":\"ReadAction\",\"target\":[\"https:\\\/\\\/italcamara-es.com\\\/it\\\/notizie\\\/aena-chiude-il-2015-come-il-secondo-miglior-anno-della-storia\\\/\"]}]},{\"@type\":\"ImageObject\",\"inLanguage\":\"it-IT\",\"@id\":\"https:\\\/\\\/italcamara-es.com\\\/it\\\/notizie\\\/aena-chiude-il-2015-come-il-secondo-miglior-anno-della-storia\\\/#primaryimage\",\"url\":\"https:\\\/\\\/italcamara-es.com\\\/wp-content\\\/uploads\\\/2025\\\/03\\\/250prat.jpg\",\"contentUrl\":\"https:\\\/\\\/italcamara-es.com\\\/wp-content\\\/uploads\\\/2025\\\/03\\\/250prat.jpg\",\"width\":250,\"height\":127},{\"@type\":\"BreadcrumbList\",\"@id\":\"https:\\\/\\\/italcamara-es.com\\\/it\\\/notizie\\\/aena-chiude-il-2015-come-il-secondo-miglior-anno-della-storia\\\/#breadcrumb\",\"itemListElement\":[{\"@type\":\"ListItem\",\"position\":1,\"name\":\"Inicio\",\"item\":\"https:\\\/\\\/italcamara-es.com\\\/it\\\/homepage-ita\\\/\"},{\"@type\":\"ListItem\",\"position\":2,\"name\":\"Aena chiude il 2015 come il secondo miglior anno della storia\"}]},{\"@type\":\"WebSite\",\"@id\":\"https:\\\/\\\/italcamara-es.com\\\/#website\",\"url\":\"https:\\\/\\\/italcamara-es.com\\\/\",\"name\":\"Italcamara\",\"description\":\"\",\"potentialAction\":[{\"@type\":\"SearchAction\",\"target\":{\"@type\":\"EntryPoint\",\"urlTemplate\":\"https:\\\/\\\/italcamara-es.com\\\/?s={search_term_string}\"},\"query-input\":{\"@type\":\"PropertyValueSpecification\",\"valueRequired\":true,\"valueName\":\"search_term_string\"}}],\"inLanguage\":\"it-IT\"},{\"@type\":\"Person\",\"@id\":\"https:\\\/\\\/italcamara-es.com\\\/#\\\/schema\\\/person\\\/bb3c56263e405bbd9a15171dcfee93bb\",\"name\":\"administrador\",\"image\":{\"@type\":\"ImageObject\",\"inLanguage\":\"it-IT\",\"@id\":\"https:\\\/\\\/secure.gravatar.com\\\/avatar\\\/14b5e63db38320b12031bb28cf9f77e210aa71fb3a8a3602a3c9a05134fa75eb?s=96&d=mm&r=g\",\"url\":\"https:\\\/\\\/secure.gravatar.com\\\/avatar\\\/14b5e63db38320b12031bb28cf9f77e210aa71fb3a8a3602a3c9a05134fa75eb?s=96&d=mm&r=g\",\"contentUrl\":\"https:\\\/\\\/secure.gravatar.com\\\/avatar\\\/14b5e63db38320b12031bb28cf9f77e210aa71fb3a8a3602a3c9a05134fa75eb?s=96&d=mm&r=g\",\"caption\":\"administrador\"},\"sameAs\":[\"http:\\\/\\\/pre.italcamara-es.com\"],\"url\":\"https:\\\/\\\/italcamara-es.com\\\/it\\\/author\\\/administrador\\\/\"}]}<\/script>\n<!-- \/ Yoast SEO plugin. -->","yoast_head_json":{"title":"Aena chiude il 2015 come il secondo miglior anno della storia - Italcamara","robots":{"index":"index","follow":"follow","max-snippet":"max-snippet:-1","max-image-preview":"max-image-preview:large","max-video-preview":"max-video-preview:-1"},"canonical":"https:\/\/italcamara-es.com\/it\/notizie\/aena-chiude-il-2015-come-il-secondo-miglior-anno-della-storia\/","og_locale":"it_IT","og_type":"article","og_title":"Aena chiude il 2015 come il secondo miglior anno della storia - Italcamara","og_description":"Gli aeroporti della rete hanno registrato pi\u00f9 di 207,4 milioni di viaggiatori tra gennaio e dicembre Aena ha registrato un afflusso di oltre 207,4 milioni di viaggiatori nel 2015, con un incremento del 5,9% rispetto all&#8217;anno precedente. L\u2019esercizio appena concluso si converte pertanto nel \u00a0secondo miglior anno della sua storia, superato solo dai 210,4 milioni [&hellip;]","og_url":"https:\/\/italcamara-es.com\/it\/notizie\/aena-chiude-il-2015-come-il-secondo-miglior-anno-della-storia\/","og_site_name":"Italcamara","article_published_time":"2016-01-18T09:22:10+00:00","og_image":[{"width":250,"height":127,"url":"https:\/\/italcamara-es.com\/wp-content\/uploads\/2025\/03\/250prat.jpg","type":"image\/jpeg"}],"author":"administrador","twitter_card":"summary_large_image","twitter_misc":{"Scritto da":"administrador","Tempo di lettura stimato":"1 minuto"},"schema":{"@context":"https:\/\/schema.org","@graph":[{"@type":"Article","@id":"https:\/\/italcamara-es.com\/it\/notizie\/aena-chiude-il-2015-come-il-secondo-miglior-anno-della-storia\/#article","isPartOf":{"@id":"https:\/\/italcamara-es.com\/it\/notizie\/aena-chiude-il-2015-come-il-secondo-miglior-anno-della-storia\/"},"author":{"name":"administrador","@id":"https:\/\/italcamara-es.com\/#\/schema\/person\/bb3c56263e405bbd9a15171dcfee93bb"},"headline":"Aena chiude il 2015 come il secondo miglior anno della storia","datePublished":"2016-01-18T09:22:10+00:00","mainEntityOfPage":{"@id":"https:\/\/italcamara-es.com\/it\/notizie\/aena-chiude-il-2015-come-il-secondo-miglior-anno-della-storia\/"},"wordCount":217,"commentCount":0,"image":{"@id":"https:\/\/italcamara-es.com\/it\/notizie\/aena-chiude-il-2015-come-il-secondo-miglior-anno-della-storia\/#primaryimage"},"thumbnailUrl":"https:\/\/italcamara-es.com\/wp-content\/uploads\/2025\/03\/250prat.jpg","keywords":["Notizie di Mercato"],"articleSection":["Notizie"],"inLanguage":"it-IT","potentialAction":[{"@type":"CommentAction","name":"Comment","target":["https:\/\/italcamara-es.com\/it\/notizie\/aena-chiude-il-2015-come-il-secondo-miglior-anno-della-storia\/#respond"]}]},{"@type":"WebPage","@id":"https:\/\/italcamara-es.com\/it\/notizie\/aena-chiude-il-2015-come-il-secondo-miglior-anno-della-storia\/","url":"https:\/\/italcamara-es.com\/it\/notizie\/aena-chiude-il-2015-come-il-secondo-miglior-anno-della-storia\/","name":"Aena chiude il 2015 come il secondo miglior anno della storia - Italcamara","isPartOf":{"@id":"https:\/\/italcamara-es.com\/#website"},"primaryImageOfPage":{"@id":"https:\/\/italcamara-es.com\/it\/notizie\/aena-chiude-il-2015-come-il-secondo-miglior-anno-della-storia\/#primaryimage"},"image":{"@id":"https:\/\/italcamara-es.com\/it\/notizie\/aena-chiude-il-2015-come-il-secondo-miglior-anno-della-storia\/#primaryimage"},"thumbnailUrl":"https:\/\/italcamara-es.com\/wp-content\/uploads\/2025\/03\/250prat.jpg","datePublished":"2016-01-18T09:22:10+00:00","author":{"@id":"https:\/\/italcamara-es.com\/#\/schema\/person\/bb3c56263e405bbd9a15171dcfee93bb"},"breadcrumb":{"@id":"https:\/\/italcamara-es.com\/it\/notizie\/aena-chiude-il-2015-come-il-secondo-miglior-anno-della-storia\/#breadcrumb"},"inLanguage":"it-IT","potentialAction":[{"@type":"ReadAction","target":["https:\/\/italcamara-es.com\/it\/notizie\/aena-chiude-il-2015-come-il-secondo-miglior-anno-della-storia\/"]}]},{"@type":"ImageObject","inLanguage":"it-IT","@id":"https:\/\/italcamara-es.com\/it\/notizie\/aena-chiude-il-2015-come-il-secondo-miglior-anno-della-storia\/#primaryimage","url":"https:\/\/italcamara-es.com\/wp-content\/uploads\/2025\/03\/250prat.jpg","contentUrl":"https:\/\/italcamara-es.com\/wp-content\/uploads\/2025\/03\/250prat.jpg","width":250,"height":127},{"@type":"BreadcrumbList","@id":"https:\/\/italcamara-es.com\/it\/notizie\/aena-chiude-il-2015-come-il-secondo-miglior-anno-della-storia\/#breadcrumb","itemListElement":[{"@type":"ListItem","position":1,"name":"Inicio","item":"https:\/\/italcamara-es.com\/it\/homepage-ita\/"},{"@type":"ListItem","position":2,"name":"Aena chiude il 2015 come il secondo miglior anno della storia"}]},{"@type":"WebSite","@id":"https:\/\/italcamara-es.com\/#website","url":"https:\/\/italcamara-es.com\/","name":"Italcamara","description":"","potentialAction":[{"@type":"SearchAction","target":{"@type":"EntryPoint","urlTemplate":"https:\/\/italcamara-es.com\/?s={search_term_string}"},"query-input":{"@type":"PropertyValueSpecification","valueRequired":true,"valueName":"search_term_string"}}],"inLanguage":"it-IT"},{"@type":"Person","@id":"https:\/\/italcamara-es.com\/#\/schema\/person\/bb3c56263e405bbd9a15171dcfee93bb","name":"administrador","image":{"@type":"ImageObject","inLanguage":"it-IT","@id":"https:\/\/secure.gravatar.com\/avatar\/14b5e63db38320b12031bb28cf9f77e210aa71fb3a8a3602a3c9a05134fa75eb?s=96&d=mm&r=g","url":"https:\/\/secure.gravatar.com\/avatar\/14b5e63db38320b12031bb28cf9f77e210aa71fb3a8a3602a3c9a05134fa75eb?s=96&d=mm&r=g","contentUrl":"https:\/\/secure.gravatar.com\/avatar\/14b5e63db38320b12031bb28cf9f77e210aa71fb3a8a3602a3c9a05134fa75eb?s=96&d=mm&r=g","caption":"administrador"},"sameAs":["http:\/\/pre.italcamara-es.com"],"url":"https:\/\/italcamara-es.com\/it\/author\/administrador\/"}]}},"rttpg_featured_image_url":{"full":["https:\/\/italcamara-es.com\/wp-content\/uploads\/2025\/03\/250prat.jpg",250,127,false],"landscape":["https:\/\/italcamara-es.com\/wp-content\/uploads\/2025\/03\/250prat.jpg",250,127,false],"portraits":["https:\/\/italcamara-es.com\/wp-content\/uploads\/2025\/03\/250prat.jpg",250,127,false],"thumbnail":["https:\/\/italcamara-es.com\/wp-content\/uploads\/2025\/03\/250prat-150x127.jpg",150,127,true],"medium":["https:\/\/italcamara-es.com\/wp-content\/uploads\/2025\/03\/250prat.jpg",250,127,false],"large":["https:\/\/italcamara-es.com\/wp-content\/uploads\/2025\/03\/250prat.jpg",250,127,false],"1536x1536":["https:\/\/italcamara-es.com\/wp-content\/uploads\/2025\/03\/250prat.jpg",250,127,false],"2048x2048":["https:\/\/italcamara-es.com\/wp-content\/uploads\/2025\/03\/250prat.jpg",250,127,false],"ocean-thumb-m":["https:\/\/italcamara-es.com\/wp-content\/uploads\/2025\/03\/250prat.jpg",250,127,false],"ocean-thumb-ml":["https:\/\/italcamara-es.com\/wp-content\/uploads\/2025\/03\/250prat.jpg",250,127,false],"ocean-thumb-l":["https:\/\/italcamara-es.com\/wp-content\/uploads\/2025\/03\/250prat.jpg",250,127,false],"directorist_preview":["https:\/\/italcamara-es.com\/wp-content\/uploads\/2025\/03\/250prat.jpg",250,127,false]},"rttpg_author":{"display_name":"administrador","author_link":"https:\/\/italcamara-es.com\/it\/author\/administrador\/"},"rttpg_comment":0,"rttpg_category":"<a href=\"https:\/\/italcamara-es.com\/it\/category\/notizie\/\" rel=\"category tag\">Notizie<\/a>","rttpg_excerpt":"Gli aeroporti della rete hanno registrato pi\u00f9 di 207,4 milioni di viaggiatori tra gennaio e dicembre Aena ha registrato un afflusso di oltre 207,4 milioni di viaggiatori nel 2015, con un incremento del 5,9% rispetto all&#8217;anno precedente. L\u2019esercizio appena concluso si converte pertanto nel \u00a0secondo miglior anno della sua storia, superato solo dai 210,4 milioni&hellip;","_links":{"self":[{"href":"https:\/\/italcamara-es.com\/it\/wp-json\/wp\/v2\/posts\/56518","targetHints":{"allow":["GET"]}}],"collection":[{"href":"https:\/\/italcamara-es.com\/it\/wp-json\/wp\/v2\/posts"}],"about":[{"href":"https:\/\/italcamara-es.com\/it\/wp-json\/wp\/v2\/types\/post"}],"author":[{"embeddable":true,"href":"https:\/\/italcamara-es.com\/it\/wp-json\/wp\/v2\/users\/1"}],"replies":[{"embeddable":true,"href":"https:\/\/italcamara-es.com\/it\/wp-json\/wp\/v2\/comments?post=56518"}],"version-history":[{"count":0,"href":"https:\/\/italcamara-es.com\/it\/wp-json\/wp\/v2\/posts\/56518\/revisions"}],"wp:featuredmedia":[{"embeddable":true,"href":"https:\/\/italcamara-es.com\/it\/wp-json\/wp\/v2\/media\/53493"}],"wp:attachment":[{"href":"https:\/\/italcamara-es.com\/it\/wp-json\/wp\/v2\/media?parent=56518"}],"wp:term":[{"taxonomy":"category","embeddable":true,"href":"https:\/\/italcamara-es.com\/it\/wp-json\/wp\/v2\/categories?post=56518"},{"taxonomy":"post_tag","embeddable":true,"href":"https:\/\/italcamara-es.com\/it\/wp-json\/wp\/v2\/tags?post=56518"}],"curies":[{"name":"wp","href":"https:\/\/api.w.org\/{rel}","templated":true}]}}