	{"id":56522,"date":"2015-12-22T10:49:48","date_gmt":"2015-12-22T09:49:48","guid":{"rendered":"http:\/\/pre.italcamara-es.com\/senza-categoria\/i-posti-di-lavoro-nellindustria-dellalimentazione-sono-cresciuti-ad-una-media-del-22-nel-2015\/"},"modified":"2015-12-22T10:49:48","modified_gmt":"2015-12-22T09:49:48","slug":"i-posti-di-lavoro-nellindustria-dellalimentazione-sono-cresciuti-ad-una-media-del-22-nel-2015","status":"publish","type":"post","link":"https:\/\/italcamara-es.com\/it\/notizie\/i-posti-di-lavoro-nellindustria-dellalimentazione-sono-cresciuti-ad-una-media-del-22-nel-2015\/","title":{"rendered":"I posti di lavoro nell\u2019industria dell\u2019alimentazione sono cresciuti ad una media del 2,2% nel 2015"},"content":{"rendered":"<p style=\"text-align: justify;\"><em>I dati sono stati diffusi durante l\u2019Assemblea Generale celebrata lo scorso 17 dicembre dalla Federaci\u00f3n Espa\u00f1ola de Industrias de Alimentaci\u00f3n y Bebidas (FIAB)<\/em><\/p>\n<p style=\"text-align: justify;\">La recente Assemblea Generale celebrata dalla Federaci\u00f3n Espa\u00f1ola de Industrias de Alimentaci\u00f3n y Bebidas (FIAB) gha confermato le aspettative positive di crescita dell\u2019industria alimentare, che si \u00e8 consolidata come il primo settore industriale del Paese. Nel novembre del 2015, sono stati registrati 397.750 lavoratori provvisti di contratto all\u2019interno di questo settore, con un incremento di 12.000 unit\u00e0 rispetto allo stesso mese dell\u2019anno scorso, per una crescita media interannuale del 2,2%.<\/p>\n<p style=\"text-align: justify;\">Inoltre, in termini di occupazione EPA (ricerca sulla popolazione attiva), la crescita dell\u2019industria dell\u2019alimentazione \u00e8 stata dell\u20191,5%.<\/p>\n<p style=\"text-align: justify;\">Il presidente della FIAB, Man\u00e9 Calvo, ha sottolineato il carattere strategico del settore come motore dell\u2019economia ed esempio di cultura, talento, prestigio e buon operato, dentro e fuori della Spagna; e come elemento fondamentale del territorio, stabilizzatore della popolazione e generatore di lavoro e ricchezza.<\/p>\n<p style=\"text-align: justify;\">Da parte sua, il direttore generale, Mauricio Garc\u00eda de Quevedo, ha sottolineato la profonda trasformazione sperimentata dalla FIAB durante il 2015, con una nuova presidenza, il rinnovo delle vicepresidenze, e la chiusura dell\u2019organigramma direttivo. In questo esercizio, ha affermato \u201c\u00e8 stata adottata maggiore trasparenza per conferire agilit\u00e1 e efficienza all\u2019organizzazione\u201d in modo da dare risposte alle necessit\u00e1 del settore e della societ\u00e1.<\/p>\n<p style=\"text-align: justify;\">\n<p style=\"text-align: justify;\">Fonte: Restauraci\u00f3n news<\/p>\n","protected":false},"excerpt":{"rendered":"<p>I dati sono stati diffusi durante l\u2019Assemblea Generale celebrata lo scorso 17 dicembre dalla Federaci\u00f3n Espa\u00f1ola de Industrias de Alimentaci\u00f3n y Bebidas (FIAB) La recente Assemblea Generale celebrata dalla Federaci\u00f3n Espa\u00f1ola de Industrias de Alimentaci\u00f3n y Bebidas (FIAB) gha confermato le aspettative positive di crescita dell\u2019industria alimentare, che si \u00e8 consolidata come il primo settore [&hellip;]<\/p>\n","protected":false},"author":1,"featured_media":53501,"comment_status":"open","ping_status":"open","sticky":false,"template":"","format":"standard","meta":{"inline_featured_image":false,"ocean_post_layout":"","ocean_both_sidebars_style":"","ocean_both_sidebars_content_width":0,"ocean_both_sidebars_sidebars_width":0,"ocean_sidebar":"","ocean_second_sidebar":"","ocean_disable_margins":"enable","ocean_add_body_class":"","ocean_shortcode_before_top_bar":"","ocean_shortcode_after_top_bar":"","ocean_shortcode_before_header":"","ocean_shortcode_after_header":"","ocean_has_shortcode":"","ocean_shortcode_after_title":"","ocean_shortcode_before_footer_widgets":"","ocean_shortcode_after_footer_widgets":"","ocean_shortcode_before_footer_bottom":"","ocean_shortcode_after_footer_bottom":"","ocean_display_top_bar":"default","ocean_display_header":"default","ocean_header_style":"","ocean_center_header_left_menu":"","ocean_custom_header_template":"","ocean_custom_logo":0,"ocean_custom_retina_logo":0,"ocean_custom_logo_max_width":0,"ocean_custom_logo_tablet_max_width":0,"ocean_custom_logo_mobile_max_width":0,"ocean_custom_logo_max_height":0,"ocean_custom_logo_tablet_max_height":0,"ocean_custom_logo_mobile_max_height":0,"ocean_header_custom_menu":"","ocean_menu_typo_font_family":"","ocean_menu_typo_font_subset":"","ocean_menu_typo_font_size":0,"ocean_menu_typo_font_size_tablet":0,"ocean_menu_typo_font_size_mobile":0,"ocean_menu_typo_font_size_unit":"px","ocean_menu_typo_font_weight":"","ocean_menu_typo_font_weight_tablet":"","ocean_menu_typo_font_weight_mobile":"","ocean_menu_typo_transform":"","ocean_menu_typo_transform_tablet":"","ocean_menu_typo_transform_mobile":"","ocean_menu_typo_line_height":0,"ocean_menu_typo_line_height_tablet":0,"ocean_menu_typo_line_height_mobile":0,"ocean_menu_typo_line_height_unit":"","ocean_menu_typo_spacing":0,"ocean_menu_typo_spacing_tablet":0,"ocean_menu_typo_spacing_mobile":0,"ocean_menu_typo_spacing_unit":"","ocean_menu_link_color":"","ocean_menu_link_color_hover":"","ocean_menu_link_color_active":"","ocean_menu_link_background":"","ocean_menu_link_hover_background":"","ocean_menu_link_active_background":"","ocean_menu_social_links_bg":"","ocean_menu_social_hover_links_bg":"","ocean_menu_social_links_color":"","ocean_menu_social_hover_links_color":"","ocean_disable_title":"default","ocean_disable_heading":"default","ocean_post_title":"","ocean_post_subheading":"","ocean_post_title_style":"","ocean_post_title_background_color":"","ocean_post_title_background":0,"ocean_post_title_bg_image_position":"","ocean_post_title_bg_image_attachment":"","ocean_post_title_bg_image_repeat":"","ocean_post_title_bg_image_size":"","ocean_post_title_height":0,"ocean_post_title_bg_overlay":0.5,"ocean_post_title_bg_overlay_color":"","ocean_disable_breadcrumbs":"default","ocean_breadcrumbs_color":"","ocean_breadcrumbs_separator_color":"","ocean_breadcrumbs_links_color":"","ocean_breadcrumbs_links_hover_color":"","ocean_display_footer_widgets":"default","ocean_display_footer_bottom":"default","ocean_custom_footer_template":"","ocean_post_oembed":"","ocean_post_self_hosted_media":"","ocean_post_video_embed":"","ocean_link_format":"","ocean_link_format_target":"self","ocean_quote_format":"","ocean_quote_format_link":"post","ocean_gallery_link_images":"on","ocean_gallery_id":[],"footnotes":""},"categories":[133],"tags":[138],"class_list":["post-56522","post","type-post","status-publish","format-standard","has-post-thumbnail","hentry","category-notizie","tag-notizie-di-mercato","entry","has-media"],"yoast_head":"<!-- This site is optimized with the Yoast SEO plugin v27.4 - https:\/\/yoast.com\/product\/yoast-seo-wordpress\/ -->\n<title>I posti di lavoro nell\u2019industria dell\u2019alimentazione sono cresciuti ad una media del 2,2% nel 2015 - Italcamara<\/title>\n<meta name=\"robots\" content=\"index, follow, max-snippet:-1, max-image-preview:large, max-video-preview:-1\" \/>\n<link rel=\"canonical\" href=\"https:\/\/italcamara-es.com\/it\/notizie\/i-posti-di-lavoro-nellindustria-dellalimentazione-sono-cresciuti-ad-una-media-del-22-nel-2015\/\" \/>\n<meta property=\"og:locale\" content=\"it_IT\" \/>\n<meta property=\"og:type\" content=\"article\" \/>\n<meta property=\"og:title\" content=\"I posti di lavoro nell\u2019industria dell\u2019alimentazione sono cresciuti ad una media del 2,2% nel 2015 - Italcamara\" \/>\n<meta property=\"og:description\" content=\"I dati sono stati diffusi durante l\u2019Assemblea Generale celebrata lo scorso 17 dicembre dalla Federaci\u00f3n Espa\u00f1ola de Industrias de Alimentaci\u00f3n y Bebidas (FIAB) La recente Assemblea Generale celebrata dalla Federaci\u00f3n Espa\u00f1ola de Industrias de Alimentaci\u00f3n y Bebidas (FIAB) gha confermato le aspettative positive di crescita dell\u2019industria alimentare, che si \u00e8 consolidata come il primo settore [&hellip;]\" \/>\n<meta property=\"og:url\" content=\"https:\/\/italcamara-es.com\/it\/notizie\/i-posti-di-lavoro-nellindustria-dellalimentazione-sono-cresciuti-ad-una-media-del-22-nel-2015\/\" \/>\n<meta property=\"og:site_name\" content=\"Italcamara\" \/>\n<meta property=\"article:published_time\" content=\"2015-12-22T09:49:48+00:00\" \/>\n<meta property=\"og:image\" content=\"https:\/\/italcamara-es.com\/wp-content\/uploads\/2025\/03\/industria-alimentaria250.jpg\" \/>\n\t<meta property=\"og:image:width\" content=\"249\" \/>\n\t<meta property=\"og:image:height\" content=\"150\" \/>\n\t<meta property=\"og:image:type\" content=\"image\/jpeg\" \/>\n<meta name=\"author\" content=\"administrador\" \/>\n<meta name=\"twitter:card\" content=\"summary_large_image\" \/>\n<meta name=\"twitter:label1\" content=\"Scritto da\" \/>\n\t<meta name=\"twitter:data1\" content=\"administrador\" \/>\n\t<meta name=\"twitter:label2\" content=\"Tempo di lettura stimato\" \/>\n\t<meta name=\"twitter:data2\" content=\"1 minuto\" \/>\n<script type=\"application\/ld+json\" class=\"yoast-schema-graph\">{\"@context\":\"https:\\\/\\\/schema.org\",\"@graph\":[{\"@type\":\"Article\",\"@id\":\"https:\\\/\\\/italcamara-es.com\\\/it\\\/notizie\\\/i-posti-di-lavoro-nellindustria-dellalimentazione-sono-cresciuti-ad-una-media-del-22-nel-2015\\\/#article\",\"isPartOf\":{\"@id\":\"https:\\\/\\\/italcamara-es.com\\\/it\\\/notizie\\\/i-posti-di-lavoro-nellindustria-dellalimentazione-sono-cresciuti-ad-una-media-del-22-nel-2015\\\/\"},\"author\":{\"name\":\"administrador\",\"@id\":\"https:\\\/\\\/italcamara-es.com\\\/#\\\/schema\\\/person\\\/bb3c56263e405bbd9a15171dcfee93bb\"},\"headline\":\"I posti di lavoro nell\u2019industria dell\u2019alimentazione sono cresciuti ad una media del 2,2% nel 2015\",\"datePublished\":\"2015-12-22T09:49:48+00:00\",\"mainEntityOfPage\":{\"@id\":\"https:\\\/\\\/italcamara-es.com\\\/it\\\/notizie\\\/i-posti-di-lavoro-nellindustria-dellalimentazione-sono-cresciuti-ad-una-media-del-22-nel-2015\\\/\"},\"wordCount\":243,\"commentCount\":0,\"image\":{\"@id\":\"https:\\\/\\\/italcamara-es.com\\\/it\\\/notizie\\\/i-posti-di-lavoro-nellindustria-dellalimentazione-sono-cresciuti-ad-una-media-del-22-nel-2015\\\/#primaryimage\"},\"thumbnailUrl\":\"https:\\\/\\\/italcamara-es.com\\\/wp-content\\\/uploads\\\/2025\\\/03\\\/industria-alimentaria250.jpg\",\"keywords\":[\"Notizie di Mercato\"],\"articleSection\":[\"Notizie\"],\"inLanguage\":\"it-IT\",\"potentialAction\":[{\"@type\":\"CommentAction\",\"name\":\"Comment\",\"target\":[\"https:\\\/\\\/italcamara-es.com\\\/it\\\/notizie\\\/i-posti-di-lavoro-nellindustria-dellalimentazione-sono-cresciuti-ad-una-media-del-22-nel-2015\\\/#respond\"]}]},{\"@type\":\"WebPage\",\"@id\":\"https:\\\/\\\/italcamara-es.com\\\/it\\\/notizie\\\/i-posti-di-lavoro-nellindustria-dellalimentazione-sono-cresciuti-ad-una-media-del-22-nel-2015\\\/\",\"url\":\"https:\\\/\\\/italcamara-es.com\\\/it\\\/notizie\\\/i-posti-di-lavoro-nellindustria-dellalimentazione-sono-cresciuti-ad-una-media-del-22-nel-2015\\\/\",\"name\":\"I posti di lavoro nell\u2019industria dell\u2019alimentazione sono cresciuti ad una media del 2,2% nel 2015 - Italcamara\",\"isPartOf\":{\"@id\":\"https:\\\/\\\/italcamara-es.com\\\/#website\"},\"primaryImageOfPage\":{\"@id\":\"https:\\\/\\\/italcamara-es.com\\\/it\\\/notizie\\\/i-posti-di-lavoro-nellindustria-dellalimentazione-sono-cresciuti-ad-una-media-del-22-nel-2015\\\/#primaryimage\"},\"image\":{\"@id\":\"https:\\\/\\\/italcamara-es.com\\\/it\\\/notizie\\\/i-posti-di-lavoro-nellindustria-dellalimentazione-sono-cresciuti-ad-una-media-del-22-nel-2015\\\/#primaryimage\"},\"thumbnailUrl\":\"https:\\\/\\\/italcamara-es.com\\\/wp-content\\\/uploads\\\/2025\\\/03\\\/industria-alimentaria250.jpg\",\"datePublished\":\"2015-12-22T09:49:48+00:00\",\"author\":{\"@id\":\"https:\\\/\\\/italcamara-es.com\\\/#\\\/schema\\\/person\\\/bb3c56263e405bbd9a15171dcfee93bb\"},\"breadcrumb\":{\"@id\":\"https:\\\/\\\/italcamara-es.com\\\/it\\\/notizie\\\/i-posti-di-lavoro-nellindustria-dellalimentazione-sono-cresciuti-ad-una-media-del-22-nel-2015\\\/#breadcrumb\"},\"inLanguage\":\"it-IT\",\"potentialAction\":[{\"@type\":\"ReadAction\",\"target\":[\"https:\\\/\\\/italcamara-es.com\\\/it\\\/notizie\\\/i-posti-di-lavoro-nellindustria-dellalimentazione-sono-cresciuti-ad-una-media-del-22-nel-2015\\\/\"]}]},{\"@type\":\"ImageObject\",\"inLanguage\":\"it-IT\",\"@id\":\"https:\\\/\\\/italcamara-es.com\\\/it\\\/notizie\\\/i-posti-di-lavoro-nellindustria-dellalimentazione-sono-cresciuti-ad-una-media-del-22-nel-2015\\\/#primaryimage\",\"url\":\"https:\\\/\\\/italcamara-es.com\\\/wp-content\\\/uploads\\\/2025\\\/03\\\/industria-alimentaria250.jpg\",\"contentUrl\":\"https:\\\/\\\/italcamara-es.com\\\/wp-content\\\/uploads\\\/2025\\\/03\\\/industria-alimentaria250.jpg\",\"width\":249,\"height\":150},{\"@type\":\"BreadcrumbList\",\"@id\":\"https:\\\/\\\/italcamara-es.com\\\/it\\\/notizie\\\/i-posti-di-lavoro-nellindustria-dellalimentazione-sono-cresciuti-ad-una-media-del-22-nel-2015\\\/#breadcrumb\",\"itemListElement\":[{\"@type\":\"ListItem\",\"position\":1,\"name\":\"Inicio\",\"item\":\"https:\\\/\\\/italcamara-es.com\\\/it\\\/homepage-ita\\\/\"},{\"@type\":\"ListItem\",\"position\":2,\"name\":\"I posti di lavoro nell\u2019industria dell\u2019alimentazione sono cresciuti ad una media del 2,2% nel 2015\"}]},{\"@type\":\"WebSite\",\"@id\":\"https:\\\/\\\/italcamara-es.com\\\/#website\",\"url\":\"https:\\\/\\\/italcamara-es.com\\\/\",\"name\":\"Italcamara\",\"description\":\"\",\"potentialAction\":[{\"@type\":\"SearchAction\",\"target\":{\"@type\":\"EntryPoint\",\"urlTemplate\":\"https:\\\/\\\/italcamara-es.com\\\/?s={search_term_string}\"},\"query-input\":{\"@type\":\"PropertyValueSpecification\",\"valueRequired\":true,\"valueName\":\"search_term_string\"}}],\"inLanguage\":\"it-IT\"},{\"@type\":\"Person\",\"@id\":\"https:\\\/\\\/italcamara-es.com\\\/#\\\/schema\\\/person\\\/bb3c56263e405bbd9a15171dcfee93bb\",\"name\":\"administrador\",\"image\":{\"@type\":\"ImageObject\",\"inLanguage\":\"it-IT\",\"@id\":\"https:\\\/\\\/secure.gravatar.com\\\/avatar\\\/14b5e63db38320b12031bb28cf9f77e210aa71fb3a8a3602a3c9a05134fa75eb?s=96&d=mm&r=g\",\"url\":\"https:\\\/\\\/secure.gravatar.com\\\/avatar\\\/14b5e63db38320b12031bb28cf9f77e210aa71fb3a8a3602a3c9a05134fa75eb?s=96&d=mm&r=g\",\"contentUrl\":\"https:\\\/\\\/secure.gravatar.com\\\/avatar\\\/14b5e63db38320b12031bb28cf9f77e210aa71fb3a8a3602a3c9a05134fa75eb?s=96&d=mm&r=g\",\"caption\":\"administrador\"},\"sameAs\":[\"http:\\\/\\\/pre.italcamara-es.com\"],\"url\":\"https:\\\/\\\/italcamara-es.com\\\/it\\\/author\\\/administrador\\\/\"}]}<\/script>\n<!-- \/ Yoast SEO plugin. -->","yoast_head_json":{"title":"I posti di lavoro nell\u2019industria dell\u2019alimentazione sono cresciuti ad una media del 2,2% nel 2015 - Italcamara","robots":{"index":"index","follow":"follow","max-snippet":"max-snippet:-1","max-image-preview":"max-image-preview:large","max-video-preview":"max-video-preview:-1"},"canonical":"https:\/\/italcamara-es.com\/it\/notizie\/i-posti-di-lavoro-nellindustria-dellalimentazione-sono-cresciuti-ad-una-media-del-22-nel-2015\/","og_locale":"it_IT","og_type":"article","og_title":"I posti di lavoro nell\u2019industria dell\u2019alimentazione sono cresciuti ad una media del 2,2% nel 2015 - Italcamara","og_description":"I dati sono stati diffusi durante l\u2019Assemblea Generale celebrata lo scorso 17 dicembre dalla Federaci\u00f3n Espa\u00f1ola de Industrias de Alimentaci\u00f3n y Bebidas (FIAB) La recente Assemblea Generale celebrata dalla Federaci\u00f3n Espa\u00f1ola de Industrias de Alimentaci\u00f3n y Bebidas (FIAB) gha confermato le aspettative positive di crescita dell\u2019industria alimentare, che si \u00e8 consolidata come il primo settore [&hellip;]","og_url":"https:\/\/italcamara-es.com\/it\/notizie\/i-posti-di-lavoro-nellindustria-dellalimentazione-sono-cresciuti-ad-una-media-del-22-nel-2015\/","og_site_name":"Italcamara","article_published_time":"2015-12-22T09:49:48+00:00","og_image":[{"width":249,"height":150,"url":"https:\/\/italcamara-es.com\/wp-content\/uploads\/2025\/03\/industria-alimentaria250.jpg","type":"image\/jpeg"}],"author":"administrador","twitter_card":"summary_large_image","twitter_misc":{"Scritto da":"administrador","Tempo di lettura stimato":"1 minuto"},"schema":{"@context":"https:\/\/schema.org","@graph":[{"@type":"Article","@id":"https:\/\/italcamara-es.com\/it\/notizie\/i-posti-di-lavoro-nellindustria-dellalimentazione-sono-cresciuti-ad-una-media-del-22-nel-2015\/#article","isPartOf":{"@id":"https:\/\/italcamara-es.com\/it\/notizie\/i-posti-di-lavoro-nellindustria-dellalimentazione-sono-cresciuti-ad-una-media-del-22-nel-2015\/"},"author":{"name":"administrador","@id":"https:\/\/italcamara-es.com\/#\/schema\/person\/bb3c56263e405bbd9a15171dcfee93bb"},"headline":"I posti di lavoro nell\u2019industria dell\u2019alimentazione sono cresciuti ad una media del 2,2% nel 2015","datePublished":"2015-12-22T09:49:48+00:00","mainEntityOfPage":{"@id":"https:\/\/italcamara-es.com\/it\/notizie\/i-posti-di-lavoro-nellindustria-dellalimentazione-sono-cresciuti-ad-una-media-del-22-nel-2015\/"},"wordCount":243,"commentCount":0,"image":{"@id":"https:\/\/italcamara-es.com\/it\/notizie\/i-posti-di-lavoro-nellindustria-dellalimentazione-sono-cresciuti-ad-una-media-del-22-nel-2015\/#primaryimage"},"thumbnailUrl":"https:\/\/italcamara-es.com\/wp-content\/uploads\/2025\/03\/industria-alimentaria250.jpg","keywords":["Notizie di Mercato"],"articleSection":["Notizie"],"inLanguage":"it-IT","potentialAction":[{"@type":"CommentAction","name":"Comment","target":["https:\/\/italcamara-es.com\/it\/notizie\/i-posti-di-lavoro-nellindustria-dellalimentazione-sono-cresciuti-ad-una-media-del-22-nel-2015\/#respond"]}]},{"@type":"WebPage","@id":"https:\/\/italcamara-es.com\/it\/notizie\/i-posti-di-lavoro-nellindustria-dellalimentazione-sono-cresciuti-ad-una-media-del-22-nel-2015\/","url":"https:\/\/italcamara-es.com\/it\/notizie\/i-posti-di-lavoro-nellindustria-dellalimentazione-sono-cresciuti-ad-una-media-del-22-nel-2015\/","name":"I posti di lavoro nell\u2019industria dell\u2019alimentazione sono cresciuti ad una media del 2,2% nel 2015 - Italcamara","isPartOf":{"@id":"https:\/\/italcamara-es.com\/#website"},"primaryImageOfPage":{"@id":"https:\/\/italcamara-es.com\/it\/notizie\/i-posti-di-lavoro-nellindustria-dellalimentazione-sono-cresciuti-ad-una-media-del-22-nel-2015\/#primaryimage"},"image":{"@id":"https:\/\/italcamara-es.com\/it\/notizie\/i-posti-di-lavoro-nellindustria-dellalimentazione-sono-cresciuti-ad-una-media-del-22-nel-2015\/#primaryimage"},"thumbnailUrl":"https:\/\/italcamara-es.com\/wp-content\/uploads\/2025\/03\/industria-alimentaria250.jpg","datePublished":"2015-12-22T09:49:48+00:00","author":{"@id":"https:\/\/italcamara-es.com\/#\/schema\/person\/bb3c56263e405bbd9a15171dcfee93bb"},"breadcrumb":{"@id":"https:\/\/italcamara-es.com\/it\/notizie\/i-posti-di-lavoro-nellindustria-dellalimentazione-sono-cresciuti-ad-una-media-del-22-nel-2015\/#breadcrumb"},"inLanguage":"it-IT","potentialAction":[{"@type":"ReadAction","target":["https:\/\/italcamara-es.com\/it\/notizie\/i-posti-di-lavoro-nellindustria-dellalimentazione-sono-cresciuti-ad-una-media-del-22-nel-2015\/"]}]},{"@type":"ImageObject","inLanguage":"it-IT","@id":"https:\/\/italcamara-es.com\/it\/notizie\/i-posti-di-lavoro-nellindustria-dellalimentazione-sono-cresciuti-ad-una-media-del-22-nel-2015\/#primaryimage","url":"https:\/\/italcamara-es.com\/wp-content\/uploads\/2025\/03\/industria-alimentaria250.jpg","contentUrl":"https:\/\/italcamara-es.com\/wp-content\/uploads\/2025\/03\/industria-alimentaria250.jpg","width":249,"height":150},{"@type":"BreadcrumbList","@id":"https:\/\/italcamara-es.com\/it\/notizie\/i-posti-di-lavoro-nellindustria-dellalimentazione-sono-cresciuti-ad-una-media-del-22-nel-2015\/#breadcrumb","itemListElement":[{"@type":"ListItem","position":1,"name":"Inicio","item":"https:\/\/italcamara-es.com\/it\/homepage-ita\/"},{"@type":"ListItem","position":2,"name":"I posti di lavoro nell\u2019industria dell\u2019alimentazione sono cresciuti ad una media del 2,2% nel 2015"}]},{"@type":"WebSite","@id":"https:\/\/italcamara-es.com\/#website","url":"https:\/\/italcamara-es.com\/","name":"Italcamara","description":"","potentialAction":[{"@type":"SearchAction","target":{"@type":"EntryPoint","urlTemplate":"https:\/\/italcamara-es.com\/?s={search_term_string}"},"query-input":{"@type":"PropertyValueSpecification","valueRequired":true,"valueName":"search_term_string"}}],"inLanguage":"it-IT"},{"@type":"Person","@id":"https:\/\/italcamara-es.com\/#\/schema\/person\/bb3c56263e405bbd9a15171dcfee93bb","name":"administrador","image":{"@type":"ImageObject","inLanguage":"it-IT","@id":"https:\/\/secure.gravatar.com\/avatar\/14b5e63db38320b12031bb28cf9f77e210aa71fb3a8a3602a3c9a05134fa75eb?s=96&d=mm&r=g","url":"https:\/\/secure.gravatar.com\/avatar\/14b5e63db38320b12031bb28cf9f77e210aa71fb3a8a3602a3c9a05134fa75eb?s=96&d=mm&r=g","contentUrl":"https:\/\/secure.gravatar.com\/avatar\/14b5e63db38320b12031bb28cf9f77e210aa71fb3a8a3602a3c9a05134fa75eb?s=96&d=mm&r=g","caption":"administrador"},"sameAs":["http:\/\/pre.italcamara-es.com"],"url":"https:\/\/italcamara-es.com\/it\/author\/administrador\/"}]}},"rttpg_featured_image_url":{"full":["https:\/\/italcamara-es.com\/wp-content\/uploads\/2025\/03\/industria-alimentaria250.jpg",249,150,false],"landscape":["https:\/\/italcamara-es.com\/wp-content\/uploads\/2025\/03\/industria-alimentaria250.jpg",249,150,false],"portraits":["https:\/\/italcamara-es.com\/wp-content\/uploads\/2025\/03\/industria-alimentaria250.jpg",249,150,false],"thumbnail":["https:\/\/italcamara-es.com\/wp-content\/uploads\/2025\/03\/industria-alimentaria250-150x150.jpg",150,150,true],"medium":["https:\/\/italcamara-es.com\/wp-content\/uploads\/2025\/03\/industria-alimentaria250.jpg",249,150,false],"large":["https:\/\/italcamara-es.com\/wp-content\/uploads\/2025\/03\/industria-alimentaria250.jpg",249,150,false],"1536x1536":["https:\/\/italcamara-es.com\/wp-content\/uploads\/2025\/03\/industria-alimentaria250.jpg",249,150,false],"2048x2048":["https:\/\/italcamara-es.com\/wp-content\/uploads\/2025\/03\/industria-alimentaria250.jpg",249,150,false],"ocean-thumb-m":["https:\/\/italcamara-es.com\/wp-content\/uploads\/2025\/03\/industria-alimentaria250.jpg",249,150,false],"ocean-thumb-ml":["https:\/\/italcamara-es.com\/wp-content\/uploads\/2025\/03\/industria-alimentaria250.jpg",249,150,false],"ocean-thumb-l":["https:\/\/italcamara-es.com\/wp-content\/uploads\/2025\/03\/industria-alimentaria250.jpg",249,150,false],"directorist_preview":["https:\/\/italcamara-es.com\/wp-content\/uploads\/2025\/03\/industria-alimentaria250.jpg",249,150,false]},"rttpg_author":{"display_name":"administrador","author_link":"https:\/\/italcamara-es.com\/it\/author\/administrador\/"},"rttpg_comment":0,"rttpg_category":"<a href=\"https:\/\/italcamara-es.com\/it\/category\/notizie\/\" rel=\"category tag\">Notizie<\/a>","rttpg_excerpt":"I dati sono stati diffusi durante l\u2019Assemblea Generale celebrata lo scorso 17 dicembre dalla Federaci\u00f3n Espa\u00f1ola de Industrias de Alimentaci\u00f3n y Bebidas (FIAB) La recente Assemblea Generale celebrata dalla Federaci\u00f3n Espa\u00f1ola de Industrias de Alimentaci\u00f3n y Bebidas (FIAB) gha confermato le aspettative positive di crescita dell\u2019industria alimentare, che si \u00e8 consolidata come il primo settore&hellip;","_links":{"self":[{"href":"https:\/\/italcamara-es.com\/it\/wp-json\/wp\/v2\/posts\/56522","targetHints":{"allow":["GET"]}}],"collection":[{"href":"https:\/\/italcamara-es.com\/it\/wp-json\/wp\/v2\/posts"}],"about":[{"href":"https:\/\/italcamara-es.com\/it\/wp-json\/wp\/v2\/types\/post"}],"author":[{"embeddable":true,"href":"https:\/\/italcamara-es.com\/it\/wp-json\/wp\/v2\/users\/1"}],"replies":[{"embeddable":true,"href":"https:\/\/italcamara-es.com\/it\/wp-json\/wp\/v2\/comments?post=56522"}],"version-history":[{"count":0,"href":"https:\/\/italcamara-es.com\/it\/wp-json\/wp\/v2\/posts\/56522\/revisions"}],"wp:featuredmedia":[{"embeddable":true,"href":"https:\/\/italcamara-es.com\/it\/wp-json\/wp\/v2\/media\/53501"}],"wp:attachment":[{"href":"https:\/\/italcamara-es.com\/it\/wp-json\/wp\/v2\/media?parent=56522"}],"wp:term":[{"taxonomy":"category","embeddable":true,"href":"https:\/\/italcamara-es.com\/it\/wp-json\/wp\/v2\/categories?post=56522"},{"taxonomy":"post_tag","embeddable":true,"href":"https:\/\/italcamara-es.com\/it\/wp-json\/wp\/v2\/tags?post=56522"}],"curies":[{"name":"wp","href":"https:\/\/api.w.org\/{rel}","templated":true}]}}