	{"id":56528,"date":"2015-11-10T07:21:10","date_gmt":"2015-11-10T06:21:10","guid":{"rendered":"http:\/\/pre.italcamara-es.com\/senza-categoria\/occupazione-in-crescita-nelle-pmi-italiane-nei-primi-nove-mesi-del-2015\/"},"modified":"2015-11-10T07:21:10","modified_gmt":"2015-11-10T06:21:10","slug":"occupazione-in-crescita-nelle-pmi-italiane-nei-primi-nove-mesi-del-2015","status":"publish","type":"post","link":"https:\/\/italcamara-es.com\/it\/notizie\/occupazione-in-crescita-nelle-pmi-italiane-nei-primi-nove-mesi-del-2015\/","title":{"rendered":"Occupazione in crescita nelle PMI italiane nei primi nove mesi del 2015"},"content":{"rendered":"<p style=\"text-align: justify;\"><em>Secondo l\u2019indagine condotta da Cna un\u2019impresa su sette ha assunto. Il 90% si tratta di occupazione stabile<\/em><\/p>\n<p style=\"text-align: justify;\">\n<p style=\"text-align: justify;\">Le micro e piccole imprese cominciano a \u201csentire\u201d la ripresa. Utilizzando le misure messe in campo dal governo per migliorare il mercato del lavoro. Lo rileva l\u2019Osservatorio mercato del lavoro, curato dal Centro studi della Cna, che analizza mensilmente l\u2019occupazione in un campione di 20.500 micro e piccole imprese, con circa 125.000 dipendenti.<\/p>\n<p style=\"text-align: justify;\">\n<p style=\"text-align: justify;\">Bisogner\u00e0 attendere la fine dell\u2019anno per avere conferma dell\u2019effettiva portata di questo capitolo nuovo della legislazione del lavoro. Ma la tendenza, positiva, appare marcata. E, se fosse confermata nell\u2019ultimo trimestre dell\u2019anno, rappresenterebbe un indicatore significativo di progressivo superamento della crisi occupazionale.<\/p>\n<p style=\"text-align: justify;\">\n<p style=\"text-align: center;\"><a href=\"https:\/\/www.italcamara-es.com\/wp-content\/uploads\/2016\/08\/grafica7001.jpg\"><img fetchpriority=\"high\" decoding=\"async\" class=\" size-full wp-image-3423 aligncenter\" src=\"https:\/\/www.italcamara-es.com\/wp-content\/uploads\/2016\/08\/grafica7001.jpg\" alt=\"grafica700\" width=\"700\" height=\"494\" \/><\/a><\/p>\n<p>&nbsp;<\/p>\n<p style=\"text-align: justify;\">Il dato positivo \u00e8 il risultato del combinato disposto tra la crescita delle assunzioni e la riduzione delle cessazioni. Nel periodo gennaio-settembre 2015 le imprese osservate hanno assunto 27.858 dipendenti (+816 addetti rispetto allo stesso periodo del 2014) mentre le cessazioni hanno interessato 24.698 lavoratori (-816 in confronto ai primi nove mesi del 2014), determinando una differenza positiva di 3.160 unit\u00e0.<\/p>\n<p style=\"text-align: justify;\">\n<p style=\"text-align: justify;\">Nel periodo analizzato dal Centro studi della Cna emerge un dato poco noto al di fuori del circuito degli esperti: nelle micro e piccole imprese l\u201988,9% degli occupati ha un contratto stabile. In particolare, l\u201982,6% \u00e8 assunto a tempo indeterminato, il 6,3% \u00e8 contrattualizzato da apprendista. Il 9,4% \u00e8 un lavoratore a tempo determinato, mentre altre forme riguardano il residuo 1,8%.<\/p>\n<p style=\"text-align: justify;\">\n<p style=\"text-align: justify;\">A che cosa \u00e8 dovuto il miglioramento dell\u2019occupazione? Sicuramente al nuovo tono dell\u2019economia italiana, fotografata dalla crescita, bench\u00e9 modesta, del Pil. Sulla scelta dei contratti applicati ai nuovi assunti hanno influito le misure mirate ad attenuare la rigidit\u00e0 del mercato del lavoro: il Decreto Poletti, che consente alle imprese di non dover pi\u00f9 \u201cgiustificare\u201d l\u2019attivazione dei rapporti a tempo determinato; il Dl 167 sull\u2019apprendistato; la Legge di Stabilit\u00e0 per il 2015, che ha ridotto il costo del lavoro sui contratti a tempo indeterminato, cancellando i contributi Inps sui primi tre anni di attivit\u00e0; Il Decreto attuativo 23\/2015 del Jobs Act, in vigore dal 7 marzo, che ha introdotto una maggiore flessibilit\u00e0 nella gestione dei rapporti di lavoro.<\/p>\n<p style=\"text-align: justify;\">\n<p style=\"text-align: justify;\"><em>Fonte:<\/em>\u00a0<span style=\"color: #0000ff; text-decoration: underline;\"><a href=\"http:\/\/www.ilnordestquotidiano.com\" target=\"_blank\" rel=\"noopener\">www.ilnordestquotidiano.com<\/a><\/span><\/p>\n","protected":false},"excerpt":{"rendered":"<p>Secondo l\u2019indagine condotta da Cna un\u2019impresa su sette ha assunto. Il 90% si tratta di occupazione stabile Le micro e piccole imprese cominciano a \u201csentire\u201d la ripresa. Utilizzando le misure messe in campo dal governo per migliorare il mercato del lavoro. Lo rileva l\u2019Osservatorio mercato del lavoro, curato dal Centro studi della Cna, che analizza [&hellip;]<\/p>\n","protected":false},"author":1,"featured_media":53513,"comment_status":"open","ping_status":"open","sticky":false,"template":"","format":"standard","meta":{"inline_featured_image":false,"ocean_post_layout":"","ocean_both_sidebars_style":"","ocean_both_sidebars_content_width":0,"ocean_both_sidebars_sidebars_width":0,"ocean_sidebar":"","ocean_second_sidebar":"","ocean_disable_margins":"enable","ocean_add_body_class":"","ocean_shortcode_before_top_bar":"","ocean_shortcode_after_top_bar":"","ocean_shortcode_before_header":"","ocean_shortcode_after_header":"","ocean_has_shortcode":"","ocean_shortcode_after_title":"","ocean_shortcode_before_footer_widgets":"","ocean_shortcode_after_footer_widgets":"","ocean_shortcode_before_footer_bottom":"","ocean_shortcode_after_footer_bottom":"","ocean_display_top_bar":"default","ocean_display_header":"default","ocean_header_style":"","ocean_center_header_left_menu":"","ocean_custom_header_template":"","ocean_custom_logo":0,"ocean_custom_retina_logo":0,"ocean_custom_logo_max_width":0,"ocean_custom_logo_tablet_max_width":0,"ocean_custom_logo_mobile_max_width":0,"ocean_custom_logo_max_height":0,"ocean_custom_logo_tablet_max_height":0,"ocean_custom_logo_mobile_max_height":0,"ocean_header_custom_menu":"","ocean_menu_typo_font_family":"","ocean_menu_typo_font_subset":"","ocean_menu_typo_font_size":0,"ocean_menu_typo_font_size_tablet":0,"ocean_menu_typo_font_size_mobile":0,"ocean_menu_typo_font_size_unit":"px","ocean_menu_typo_font_weight":"","ocean_menu_typo_font_weight_tablet":"","ocean_menu_typo_font_weight_mobile":"","ocean_menu_typo_transform":"","ocean_menu_typo_transform_tablet":"","ocean_menu_typo_transform_mobile":"","ocean_menu_typo_line_height":0,"ocean_menu_typo_line_height_tablet":0,"ocean_menu_typo_line_height_mobile":0,"ocean_menu_typo_line_height_unit":"","ocean_menu_typo_spacing":0,"ocean_menu_typo_spacing_tablet":0,"ocean_menu_typo_spacing_mobile":0,"ocean_menu_typo_spacing_unit":"","ocean_menu_link_color":"","ocean_menu_link_color_hover":"","ocean_menu_link_color_active":"","ocean_menu_link_background":"","ocean_menu_link_hover_background":"","ocean_menu_link_active_background":"","ocean_menu_social_links_bg":"","ocean_menu_social_hover_links_bg":"","ocean_menu_social_links_color":"","ocean_menu_social_hover_links_color":"","ocean_disable_title":"default","ocean_disable_heading":"default","ocean_post_title":"","ocean_post_subheading":"","ocean_post_title_style":"","ocean_post_title_background_color":"","ocean_post_title_background":0,"ocean_post_title_bg_image_position":"","ocean_post_title_bg_image_attachment":"","ocean_post_title_bg_image_repeat":"","ocean_post_title_bg_image_size":"","ocean_post_title_height":0,"ocean_post_title_bg_overlay":0.5,"ocean_post_title_bg_overlay_color":"","ocean_disable_breadcrumbs":"default","ocean_breadcrumbs_color":"","ocean_breadcrumbs_separator_color":"","ocean_breadcrumbs_links_color":"","ocean_breadcrumbs_links_hover_color":"","ocean_display_footer_widgets":"default","ocean_display_footer_bottom":"default","ocean_custom_footer_template":"","ocean_post_oembed":"","ocean_post_self_hosted_media":"","ocean_post_video_embed":"","ocean_link_format":"","ocean_link_format_target":"self","ocean_quote_format":"","ocean_quote_format_link":"post","ocean_gallery_link_images":"on","ocean_gallery_id":[],"footnotes":""},"categories":[133],"tags":[138],"class_list":["post-56528","post","type-post","status-publish","format-standard","has-post-thumbnail","hentry","category-notizie","tag-notizie-di-mercato","entry","has-media"],"yoast_head":"<!-- This site is optimized with the Yoast SEO plugin v27.4 - https:\/\/yoast.com\/product\/yoast-seo-wordpress\/ -->\n<title>Occupazione in crescita nelle PMI italiane nei primi nove mesi del 2015 - Italcamara<\/title>\n<meta name=\"robots\" content=\"index, follow, max-snippet:-1, max-image-preview:large, max-video-preview:-1\" \/>\n<link rel=\"canonical\" href=\"https:\/\/italcamara-es.com\/it\/notizie\/occupazione-in-crescita-nelle-pmi-italiane-nei-primi-nove-mesi-del-2015\/\" \/>\n<meta property=\"og:locale\" content=\"it_IT\" \/>\n<meta property=\"og:type\" content=\"article\" \/>\n<meta property=\"og:title\" content=\"Occupazione in crescita nelle PMI italiane nei primi nove mesi del 2015 - Italcamara\" \/>\n<meta property=\"og:description\" content=\"Secondo l\u2019indagine condotta da Cna un\u2019impresa su sette ha assunto. Il 90% si tratta di occupazione stabile Le micro e piccole imprese cominciano a \u201csentire\u201d la ripresa. Utilizzando le misure messe in campo dal governo per migliorare il mercato del lavoro. Lo rileva l\u2019Osservatorio mercato del lavoro, curato dal Centro studi della Cna, che analizza [&hellip;]\" \/>\n<meta property=\"og:url\" content=\"https:\/\/italcamara-es.com\/it\/notizie\/occupazione-in-crescita-nelle-pmi-italiane-nei-primi-nove-mesi-del-2015\/\" \/>\n<meta property=\"og:site_name\" content=\"Italcamara\" \/>\n<meta property=\"article:published_time\" content=\"2015-11-10T06:21:10+00:00\" \/>\n<meta property=\"og:image\" content=\"https:\/\/italcamara-es.com\/wp-content\/uploads\/2025\/03\/crecimiento.jpg\" \/>\n\t<meta property=\"og:image:width\" content=\"280\" \/>\n\t<meta property=\"og:image:height\" content=\"180\" \/>\n\t<meta property=\"og:image:type\" content=\"image\/jpeg\" \/>\n<meta name=\"author\" content=\"administrador\" \/>\n<meta name=\"twitter:card\" content=\"summary_large_image\" \/>\n<meta name=\"twitter:label1\" content=\"Scritto da\" \/>\n\t<meta name=\"twitter:data1\" content=\"administrador\" \/>\n\t<meta name=\"twitter:label2\" content=\"Tempo di lettura stimato\" \/>\n\t<meta name=\"twitter:data2\" content=\"2 minuti\" \/>\n<script type=\"application\/ld+json\" class=\"yoast-schema-graph\">{\"@context\":\"https:\\\/\\\/schema.org\",\"@graph\":[{\"@type\":\"Article\",\"@id\":\"https:\\\/\\\/italcamara-es.com\\\/it\\\/notizie\\\/occupazione-in-crescita-nelle-pmi-italiane-nei-primi-nove-mesi-del-2015\\\/#article\",\"isPartOf\":{\"@id\":\"https:\\\/\\\/italcamara-es.com\\\/it\\\/notizie\\\/occupazione-in-crescita-nelle-pmi-italiane-nei-primi-nove-mesi-del-2015\\\/\"},\"author\":{\"name\":\"administrador\",\"@id\":\"https:\\\/\\\/italcamara-es.com\\\/#\\\/schema\\\/person\\\/bb3c56263e405bbd9a15171dcfee93bb\"},\"headline\":\"Occupazione in crescita nelle PMI italiane nei primi nove mesi del 2015\",\"datePublished\":\"2015-11-10T06:21:10+00:00\",\"mainEntityOfPage\":{\"@id\":\"https:\\\/\\\/italcamara-es.com\\\/it\\\/notizie\\\/occupazione-in-crescita-nelle-pmi-italiane-nei-primi-nove-mesi-del-2015\\\/\"},\"wordCount\":356,\"commentCount\":0,\"image\":{\"@id\":\"https:\\\/\\\/italcamara-es.com\\\/it\\\/notizie\\\/occupazione-in-crescita-nelle-pmi-italiane-nei-primi-nove-mesi-del-2015\\\/#primaryimage\"},\"thumbnailUrl\":\"https:\\\/\\\/italcamara-es.com\\\/wp-content\\\/uploads\\\/2025\\\/03\\\/crecimiento.jpg\",\"keywords\":[\"Notizie di Mercato\"],\"articleSection\":[\"Notizie\"],\"inLanguage\":\"it-IT\",\"potentialAction\":[{\"@type\":\"CommentAction\",\"name\":\"Comment\",\"target\":[\"https:\\\/\\\/italcamara-es.com\\\/it\\\/notizie\\\/occupazione-in-crescita-nelle-pmi-italiane-nei-primi-nove-mesi-del-2015\\\/#respond\"]}]},{\"@type\":\"WebPage\",\"@id\":\"https:\\\/\\\/italcamara-es.com\\\/it\\\/notizie\\\/occupazione-in-crescita-nelle-pmi-italiane-nei-primi-nove-mesi-del-2015\\\/\",\"url\":\"https:\\\/\\\/italcamara-es.com\\\/it\\\/notizie\\\/occupazione-in-crescita-nelle-pmi-italiane-nei-primi-nove-mesi-del-2015\\\/\",\"name\":\"Occupazione in crescita nelle PMI italiane nei primi nove mesi del 2015 - Italcamara\",\"isPartOf\":{\"@id\":\"https:\\\/\\\/italcamara-es.com\\\/#website\"},\"primaryImageOfPage\":{\"@id\":\"https:\\\/\\\/italcamara-es.com\\\/it\\\/notizie\\\/occupazione-in-crescita-nelle-pmi-italiane-nei-primi-nove-mesi-del-2015\\\/#primaryimage\"},\"image\":{\"@id\":\"https:\\\/\\\/italcamara-es.com\\\/it\\\/notizie\\\/occupazione-in-crescita-nelle-pmi-italiane-nei-primi-nove-mesi-del-2015\\\/#primaryimage\"},\"thumbnailUrl\":\"https:\\\/\\\/italcamara-es.com\\\/wp-content\\\/uploads\\\/2025\\\/03\\\/crecimiento.jpg\",\"datePublished\":\"2015-11-10T06:21:10+00:00\",\"author\":{\"@id\":\"https:\\\/\\\/italcamara-es.com\\\/#\\\/schema\\\/person\\\/bb3c56263e405bbd9a15171dcfee93bb\"},\"breadcrumb\":{\"@id\":\"https:\\\/\\\/italcamara-es.com\\\/it\\\/notizie\\\/occupazione-in-crescita-nelle-pmi-italiane-nei-primi-nove-mesi-del-2015\\\/#breadcrumb\"},\"inLanguage\":\"it-IT\",\"potentialAction\":[{\"@type\":\"ReadAction\",\"target\":[\"https:\\\/\\\/italcamara-es.com\\\/it\\\/notizie\\\/occupazione-in-crescita-nelle-pmi-italiane-nei-primi-nove-mesi-del-2015\\\/\"]}]},{\"@type\":\"ImageObject\",\"inLanguage\":\"it-IT\",\"@id\":\"https:\\\/\\\/italcamara-es.com\\\/it\\\/notizie\\\/occupazione-in-crescita-nelle-pmi-italiane-nei-primi-nove-mesi-del-2015\\\/#primaryimage\",\"url\":\"https:\\\/\\\/italcamara-es.com\\\/wp-content\\\/uploads\\\/2025\\\/03\\\/crecimiento.jpg\",\"contentUrl\":\"https:\\\/\\\/italcamara-es.com\\\/wp-content\\\/uploads\\\/2025\\\/03\\\/crecimiento.jpg\",\"width\":280,\"height\":180},{\"@type\":\"BreadcrumbList\",\"@id\":\"https:\\\/\\\/italcamara-es.com\\\/it\\\/notizie\\\/occupazione-in-crescita-nelle-pmi-italiane-nei-primi-nove-mesi-del-2015\\\/#breadcrumb\",\"itemListElement\":[{\"@type\":\"ListItem\",\"position\":1,\"name\":\"Inicio\",\"item\":\"https:\\\/\\\/italcamara-es.com\\\/it\\\/homepage-ita\\\/\"},{\"@type\":\"ListItem\",\"position\":2,\"name\":\"Occupazione in crescita nelle PMI italiane nei primi nove mesi del 2015\"}]},{\"@type\":\"WebSite\",\"@id\":\"https:\\\/\\\/italcamara-es.com\\\/#website\",\"url\":\"https:\\\/\\\/italcamara-es.com\\\/\",\"name\":\"Italcamara\",\"description\":\"\",\"potentialAction\":[{\"@type\":\"SearchAction\",\"target\":{\"@type\":\"EntryPoint\",\"urlTemplate\":\"https:\\\/\\\/italcamara-es.com\\\/?s={search_term_string}\"},\"query-input\":{\"@type\":\"PropertyValueSpecification\",\"valueRequired\":true,\"valueName\":\"search_term_string\"}}],\"inLanguage\":\"it-IT\"},{\"@type\":\"Person\",\"@id\":\"https:\\\/\\\/italcamara-es.com\\\/#\\\/schema\\\/person\\\/bb3c56263e405bbd9a15171dcfee93bb\",\"name\":\"administrador\",\"image\":{\"@type\":\"ImageObject\",\"inLanguage\":\"it-IT\",\"@id\":\"https:\\\/\\\/secure.gravatar.com\\\/avatar\\\/14b5e63db38320b12031bb28cf9f77e210aa71fb3a8a3602a3c9a05134fa75eb?s=96&d=mm&r=g\",\"url\":\"https:\\\/\\\/secure.gravatar.com\\\/avatar\\\/14b5e63db38320b12031bb28cf9f77e210aa71fb3a8a3602a3c9a05134fa75eb?s=96&d=mm&r=g\",\"contentUrl\":\"https:\\\/\\\/secure.gravatar.com\\\/avatar\\\/14b5e63db38320b12031bb28cf9f77e210aa71fb3a8a3602a3c9a05134fa75eb?s=96&d=mm&r=g\",\"caption\":\"administrador\"},\"sameAs\":[\"http:\\\/\\\/pre.italcamara-es.com\"],\"url\":\"https:\\\/\\\/italcamara-es.com\\\/it\\\/author\\\/administrador\\\/\"}]}<\/script>\n<!-- \/ Yoast SEO plugin. -->","yoast_head_json":{"title":"Occupazione in crescita nelle PMI italiane nei primi nove mesi del 2015 - Italcamara","robots":{"index":"index","follow":"follow","max-snippet":"max-snippet:-1","max-image-preview":"max-image-preview:large","max-video-preview":"max-video-preview:-1"},"canonical":"https:\/\/italcamara-es.com\/it\/notizie\/occupazione-in-crescita-nelle-pmi-italiane-nei-primi-nove-mesi-del-2015\/","og_locale":"it_IT","og_type":"article","og_title":"Occupazione in crescita nelle PMI italiane nei primi nove mesi del 2015 - Italcamara","og_description":"Secondo l\u2019indagine condotta da Cna un\u2019impresa su sette ha assunto. Il 90% si tratta di occupazione stabile Le micro e piccole imprese cominciano a \u201csentire\u201d la ripresa. Utilizzando le misure messe in campo dal governo per migliorare il mercato del lavoro. Lo rileva l\u2019Osservatorio mercato del lavoro, curato dal Centro studi della Cna, che analizza [&hellip;]","og_url":"https:\/\/italcamara-es.com\/it\/notizie\/occupazione-in-crescita-nelle-pmi-italiane-nei-primi-nove-mesi-del-2015\/","og_site_name":"Italcamara","article_published_time":"2015-11-10T06:21:10+00:00","og_image":[{"width":280,"height":180,"url":"https:\/\/italcamara-es.com\/wp-content\/uploads\/2025\/03\/crecimiento.jpg","type":"image\/jpeg"}],"author":"administrador","twitter_card":"summary_large_image","twitter_misc":{"Scritto da":"administrador","Tempo di lettura stimato":"2 minuti"},"schema":{"@context":"https:\/\/schema.org","@graph":[{"@type":"Article","@id":"https:\/\/italcamara-es.com\/it\/notizie\/occupazione-in-crescita-nelle-pmi-italiane-nei-primi-nove-mesi-del-2015\/#article","isPartOf":{"@id":"https:\/\/italcamara-es.com\/it\/notizie\/occupazione-in-crescita-nelle-pmi-italiane-nei-primi-nove-mesi-del-2015\/"},"author":{"name":"administrador","@id":"https:\/\/italcamara-es.com\/#\/schema\/person\/bb3c56263e405bbd9a15171dcfee93bb"},"headline":"Occupazione in crescita nelle PMI italiane nei primi nove mesi del 2015","datePublished":"2015-11-10T06:21:10+00:00","mainEntityOfPage":{"@id":"https:\/\/italcamara-es.com\/it\/notizie\/occupazione-in-crescita-nelle-pmi-italiane-nei-primi-nove-mesi-del-2015\/"},"wordCount":356,"commentCount":0,"image":{"@id":"https:\/\/italcamara-es.com\/it\/notizie\/occupazione-in-crescita-nelle-pmi-italiane-nei-primi-nove-mesi-del-2015\/#primaryimage"},"thumbnailUrl":"https:\/\/italcamara-es.com\/wp-content\/uploads\/2025\/03\/crecimiento.jpg","keywords":["Notizie di Mercato"],"articleSection":["Notizie"],"inLanguage":"it-IT","potentialAction":[{"@type":"CommentAction","name":"Comment","target":["https:\/\/italcamara-es.com\/it\/notizie\/occupazione-in-crescita-nelle-pmi-italiane-nei-primi-nove-mesi-del-2015\/#respond"]}]},{"@type":"WebPage","@id":"https:\/\/italcamara-es.com\/it\/notizie\/occupazione-in-crescita-nelle-pmi-italiane-nei-primi-nove-mesi-del-2015\/","url":"https:\/\/italcamara-es.com\/it\/notizie\/occupazione-in-crescita-nelle-pmi-italiane-nei-primi-nove-mesi-del-2015\/","name":"Occupazione in crescita nelle PMI italiane nei primi nove mesi del 2015 - Italcamara","isPartOf":{"@id":"https:\/\/italcamara-es.com\/#website"},"primaryImageOfPage":{"@id":"https:\/\/italcamara-es.com\/it\/notizie\/occupazione-in-crescita-nelle-pmi-italiane-nei-primi-nove-mesi-del-2015\/#primaryimage"},"image":{"@id":"https:\/\/italcamara-es.com\/it\/notizie\/occupazione-in-crescita-nelle-pmi-italiane-nei-primi-nove-mesi-del-2015\/#primaryimage"},"thumbnailUrl":"https:\/\/italcamara-es.com\/wp-content\/uploads\/2025\/03\/crecimiento.jpg","datePublished":"2015-11-10T06:21:10+00:00","author":{"@id":"https:\/\/italcamara-es.com\/#\/schema\/person\/bb3c56263e405bbd9a15171dcfee93bb"},"breadcrumb":{"@id":"https:\/\/italcamara-es.com\/it\/notizie\/occupazione-in-crescita-nelle-pmi-italiane-nei-primi-nove-mesi-del-2015\/#breadcrumb"},"inLanguage":"it-IT","potentialAction":[{"@type":"ReadAction","target":["https:\/\/italcamara-es.com\/it\/notizie\/occupazione-in-crescita-nelle-pmi-italiane-nei-primi-nove-mesi-del-2015\/"]}]},{"@type":"ImageObject","inLanguage":"it-IT","@id":"https:\/\/italcamara-es.com\/it\/notizie\/occupazione-in-crescita-nelle-pmi-italiane-nei-primi-nove-mesi-del-2015\/#primaryimage","url":"https:\/\/italcamara-es.com\/wp-content\/uploads\/2025\/03\/crecimiento.jpg","contentUrl":"https:\/\/italcamara-es.com\/wp-content\/uploads\/2025\/03\/crecimiento.jpg","width":280,"height":180},{"@type":"BreadcrumbList","@id":"https:\/\/italcamara-es.com\/it\/notizie\/occupazione-in-crescita-nelle-pmi-italiane-nei-primi-nove-mesi-del-2015\/#breadcrumb","itemListElement":[{"@type":"ListItem","position":1,"name":"Inicio","item":"https:\/\/italcamara-es.com\/it\/homepage-ita\/"},{"@type":"ListItem","position":2,"name":"Occupazione in crescita nelle PMI italiane nei primi nove mesi del 2015"}]},{"@type":"WebSite","@id":"https:\/\/italcamara-es.com\/#website","url":"https:\/\/italcamara-es.com\/","name":"Italcamara","description":"","potentialAction":[{"@type":"SearchAction","target":{"@type":"EntryPoint","urlTemplate":"https:\/\/italcamara-es.com\/?s={search_term_string}"},"query-input":{"@type":"PropertyValueSpecification","valueRequired":true,"valueName":"search_term_string"}}],"inLanguage":"it-IT"},{"@type":"Person","@id":"https:\/\/italcamara-es.com\/#\/schema\/person\/bb3c56263e405bbd9a15171dcfee93bb","name":"administrador","image":{"@type":"ImageObject","inLanguage":"it-IT","@id":"https:\/\/secure.gravatar.com\/avatar\/14b5e63db38320b12031bb28cf9f77e210aa71fb3a8a3602a3c9a05134fa75eb?s=96&d=mm&r=g","url":"https:\/\/secure.gravatar.com\/avatar\/14b5e63db38320b12031bb28cf9f77e210aa71fb3a8a3602a3c9a05134fa75eb?s=96&d=mm&r=g","contentUrl":"https:\/\/secure.gravatar.com\/avatar\/14b5e63db38320b12031bb28cf9f77e210aa71fb3a8a3602a3c9a05134fa75eb?s=96&d=mm&r=g","caption":"administrador"},"sameAs":["http:\/\/pre.italcamara-es.com"],"url":"https:\/\/italcamara-es.com\/it\/author\/administrador\/"}]}},"rttpg_featured_image_url":{"full":["https:\/\/italcamara-es.com\/wp-content\/uploads\/2025\/03\/crecimiento.jpg",280,180,false],"landscape":["https:\/\/italcamara-es.com\/wp-content\/uploads\/2025\/03\/crecimiento.jpg",280,180,false],"portraits":["https:\/\/italcamara-es.com\/wp-content\/uploads\/2025\/03\/crecimiento.jpg",280,180,false],"thumbnail":["https:\/\/italcamara-es.com\/wp-content\/uploads\/2025\/03\/crecimiento-150x150.jpg",150,150,true],"medium":["https:\/\/italcamara-es.com\/wp-content\/uploads\/2025\/03\/crecimiento.jpg",280,180,false],"large":["https:\/\/italcamara-es.com\/wp-content\/uploads\/2025\/03\/crecimiento.jpg",280,180,false],"1536x1536":["https:\/\/italcamara-es.com\/wp-content\/uploads\/2025\/03\/crecimiento.jpg",280,180,false],"2048x2048":["https:\/\/italcamara-es.com\/wp-content\/uploads\/2025\/03\/crecimiento.jpg",280,180,false],"ocean-thumb-m":["https:\/\/italcamara-es.com\/wp-content\/uploads\/2025\/03\/crecimiento.jpg",280,180,false],"ocean-thumb-ml":["https:\/\/italcamara-es.com\/wp-content\/uploads\/2025\/03\/crecimiento.jpg",280,180,false],"ocean-thumb-l":["https:\/\/italcamara-es.com\/wp-content\/uploads\/2025\/03\/crecimiento.jpg",280,180,false],"directorist_preview":["https:\/\/italcamara-es.com\/wp-content\/uploads\/2025\/03\/crecimiento.jpg",280,180,false]},"rttpg_author":{"display_name":"administrador","author_link":"https:\/\/italcamara-es.com\/it\/author\/administrador\/"},"rttpg_comment":0,"rttpg_category":"<a href=\"https:\/\/italcamara-es.com\/it\/category\/notizie\/\" rel=\"category tag\">Notizie<\/a>","rttpg_excerpt":"Secondo l\u2019indagine condotta da Cna un\u2019impresa su sette ha assunto. Il 90% si tratta di occupazione stabile Le micro e piccole imprese cominciano a \u201csentire\u201d la ripresa. Utilizzando le misure messe in campo dal governo per migliorare il mercato del lavoro. Lo rileva l\u2019Osservatorio mercato del lavoro, curato dal Centro studi della Cna, che analizza&hellip;","_links":{"self":[{"href":"https:\/\/italcamara-es.com\/it\/wp-json\/wp\/v2\/posts\/56528","targetHints":{"allow":["GET"]}}],"collection":[{"href":"https:\/\/italcamara-es.com\/it\/wp-json\/wp\/v2\/posts"}],"about":[{"href":"https:\/\/italcamara-es.com\/it\/wp-json\/wp\/v2\/types\/post"}],"author":[{"embeddable":true,"href":"https:\/\/italcamara-es.com\/it\/wp-json\/wp\/v2\/users\/1"}],"replies":[{"embeddable":true,"href":"https:\/\/italcamara-es.com\/it\/wp-json\/wp\/v2\/comments?post=56528"}],"version-history":[{"count":0,"href":"https:\/\/italcamara-es.com\/it\/wp-json\/wp\/v2\/posts\/56528\/revisions"}],"wp:featuredmedia":[{"embeddable":true,"href":"https:\/\/italcamara-es.com\/it\/wp-json\/wp\/v2\/media\/53513"}],"wp:attachment":[{"href":"https:\/\/italcamara-es.com\/it\/wp-json\/wp\/v2\/media?parent=56528"}],"wp:term":[{"taxonomy":"category","embeddable":true,"href":"https:\/\/italcamara-es.com\/it\/wp-json\/wp\/v2\/categories?post=56528"},{"taxonomy":"post_tag","embeddable":true,"href":"https:\/\/italcamara-es.com\/it\/wp-json\/wp\/v2\/tags?post=56528"}],"curies":[{"name":"wp","href":"https:\/\/api.w.org\/{rel}","templated":true}]}}