	{"id":56531,"date":"2015-10-22T07:54:24","date_gmt":"2015-10-22T05:54:24","guid":{"rendered":"http:\/\/pre.italcamara-es.com\/senza-categoria\/spagna-298-200-disoccupati-in-meno-nel-terzo-trimestre\/"},"modified":"2015-10-22T07:54:24","modified_gmt":"2015-10-22T05:54:24","slug":"spagna-298-200-disoccupati-in-meno-nel-terzo-trimestre","status":"publish","type":"post","link":"https:\/\/italcamara-es.com\/it\/notizie\/spagna-298-200-disoccupati-in-meno-nel-terzo-trimestre\/","title":{"rendered":"Spagna: 298.200 disoccupati in meno nel terzo trimestre"},"content":{"rendered":"<p style=\"text-align: justify;\"><em>Il tasso di disoccupazione diminuisce di 2,5 punti in un anno, assestandosi al 21,18%, secondo i dati pubblicati dall\u2019INE<\/em><\/p>\n<p style=\"text-align: justify;\">\n<p style=\"text-align: justify;\">Secondo l\u2019indagine sulla popolazioe attiva (EPA \u2013 Encuesta de Poblaci\u00f3n activa) pubblicata dall\u2019INE (Instituto Nacional de estad\u00edstica ) il 22 ottobre 2015, il numero di disoccupati in Spagna \u00e8 diminuito di 298.000 persone nel terzo trimestre, per un totale di 4,85 milioni. Si tratta del pi\u00f9 grande calo intertrimestrale dall&#8217;inizio della crisi.<\/p>\n<p style=\"text-align: justify;\">\n<p style=\"text-align: justify;\">Negli ultimi 12 mesi, il tasso di disoccupazione \u00e8 sceso di quasi 2,5 punti, raggiungendo il 21,18%, dopo il 22,37% registrato tra i mesi d\u2019aprile e giugno. Le donne hanno registrato un calo pi\u00f9 elevato della disoccupazione in questo trimestre, con 168.500 disoccupate di meno, per un totale di 2.392.000 persone. Tra gli uomini, il numero dei disoccupati si \u00e8 ridotto di 129.700 unit\u00e0, per un totale di 2.458.800.<\/p>\n<p style=\"text-align: justify;\">\n<p style=\"text-align: justify;\"><a href=\"https:\/\/www.italcamara-es.com\/wp-content\/uploads\/2016\/08\/700oficina1.jpg\"><img fetchpriority=\"high\" decoding=\"async\" class=\" size-full wp-image-3478 aligncenter\" src=\"https:\/\/www.italcamara-es.com\/wp-content\/uploads\/2016\/08\/700oficina1.jpg\" alt=\"700oficina\" width=\"700\" height=\"361\" \/><\/a><\/p>\n<p style=\"text-align: justify;\">\n<p style=\"text-align: justify;\">Oltre al calo della disoccupazione, nel terzo trimestre si registra un aumento dell&#8217;occupazione. In particolare, il numero degli \u00a0occupati \u00e8 aumentato di 182.200 persone, \u00a0per un totale di 18.048.700 unit\u00e0. \u00c8 la prima volta che viene superato il traguardo di 18 milioni di persone occupate dalla fine del 2011. Negli ultimi 12 mesi, l&#8217;occupazione \u00e8 cresciuta di 544.700 persone, per un incremento tendenziale del 3,11%. Il maggior contributo in questa fase di crescita si deve al \u00a0settore privato: \u00a0+483.900 occupati.<\/p>\n<p style=\"text-align: justify;\">\n<p style=\"text-align: justify;\">A livello settoriale, il numero di occupati \u00e8 cresciuto nei servizi (210.200 in pi\u00f9) e nell&#8217;industria (13.100). \u00c8 diminuito invece nell\u2019 Agricoltura (30.900 occupati in meno) e nell\u2019edilizia (-10.300).<\/p>\n<p style=\"text-align: justify;\">\n<p style=\"text-align: justify;\">Negli ultimi 12 mesi il numero dei lavoratori dipendenti \u00e8 aumentato di 535.800 unit\u00e0, di cui 178.100 a tempo indeterminato e 357.700 a tempo determinato.<\/p>\n","protected":false},"excerpt":{"rendered":"<p>Il tasso di disoccupazione diminuisce di 2,5 punti in un anno, assestandosi al 21,18%, secondo i dati pubblicati dall\u2019INE Secondo l\u2019indagine sulla popolazioe attiva (EPA \u2013 Encuesta de Poblaci\u00f3n activa) pubblicata dall\u2019INE (Instituto Nacional de estad\u00edstica ) il 22 ottobre 2015, il numero di disoccupati in Spagna \u00e8 diminuito di 298.000 persone nel terzo trimestre, [&hellip;]<\/p>\n","protected":false},"author":1,"featured_media":53519,"comment_status":"open","ping_status":"open","sticky":false,"template":"","format":"standard","meta":{"inline_featured_image":false,"ocean_post_layout":"","ocean_both_sidebars_style":"","ocean_both_sidebars_content_width":0,"ocean_both_sidebars_sidebars_width":0,"ocean_sidebar":"","ocean_second_sidebar":"","ocean_disable_margins":"enable","ocean_add_body_class":"","ocean_shortcode_before_top_bar":"","ocean_shortcode_after_top_bar":"","ocean_shortcode_before_header":"","ocean_shortcode_after_header":"","ocean_has_shortcode":"","ocean_shortcode_after_title":"","ocean_shortcode_before_footer_widgets":"","ocean_shortcode_after_footer_widgets":"","ocean_shortcode_before_footer_bottom":"","ocean_shortcode_after_footer_bottom":"","ocean_display_top_bar":"default","ocean_display_header":"default","ocean_header_style":"","ocean_center_header_left_menu":"","ocean_custom_header_template":"","ocean_custom_logo":0,"ocean_custom_retina_logo":0,"ocean_custom_logo_max_width":0,"ocean_custom_logo_tablet_max_width":0,"ocean_custom_logo_mobile_max_width":0,"ocean_custom_logo_max_height":0,"ocean_custom_logo_tablet_max_height":0,"ocean_custom_logo_mobile_max_height":0,"ocean_header_custom_menu":"","ocean_menu_typo_font_family":"","ocean_menu_typo_font_subset":"","ocean_menu_typo_font_size":0,"ocean_menu_typo_font_size_tablet":0,"ocean_menu_typo_font_size_mobile":0,"ocean_menu_typo_font_size_unit":"px","ocean_menu_typo_font_weight":"","ocean_menu_typo_font_weight_tablet":"","ocean_menu_typo_font_weight_mobile":"","ocean_menu_typo_transform":"","ocean_menu_typo_transform_tablet":"","ocean_menu_typo_transform_mobile":"","ocean_menu_typo_line_height":0,"ocean_menu_typo_line_height_tablet":0,"ocean_menu_typo_line_height_mobile":0,"ocean_menu_typo_line_height_unit":"","ocean_menu_typo_spacing":0,"ocean_menu_typo_spacing_tablet":0,"ocean_menu_typo_spacing_mobile":0,"ocean_menu_typo_spacing_unit":"","ocean_menu_link_color":"","ocean_menu_link_color_hover":"","ocean_menu_link_color_active":"","ocean_menu_link_background":"","ocean_menu_link_hover_background":"","ocean_menu_link_active_background":"","ocean_menu_social_links_bg":"","ocean_menu_social_hover_links_bg":"","ocean_menu_social_links_color":"","ocean_menu_social_hover_links_color":"","ocean_disable_title":"default","ocean_disable_heading":"default","ocean_post_title":"","ocean_post_subheading":"","ocean_post_title_style":"","ocean_post_title_background_color":"","ocean_post_title_background":0,"ocean_post_title_bg_image_position":"","ocean_post_title_bg_image_attachment":"","ocean_post_title_bg_image_repeat":"","ocean_post_title_bg_image_size":"","ocean_post_title_height":0,"ocean_post_title_bg_overlay":0.5,"ocean_post_title_bg_overlay_color":"","ocean_disable_breadcrumbs":"default","ocean_breadcrumbs_color":"","ocean_breadcrumbs_separator_color":"","ocean_breadcrumbs_links_color":"","ocean_breadcrumbs_links_hover_color":"","ocean_display_footer_widgets":"default","ocean_display_footer_bottom":"default","ocean_custom_footer_template":"","ocean_post_oembed":"","ocean_post_self_hosted_media":"","ocean_post_video_embed":"","ocean_link_format":"","ocean_link_format_target":"self","ocean_quote_format":"","ocean_quote_format_link":"post","ocean_gallery_link_images":"on","ocean_gallery_id":[],"footnotes":""},"categories":[133],"tags":[138],"class_list":["post-56531","post","type-post","status-publish","format-standard","has-post-thumbnail","hentry","category-notizie","tag-notizie-di-mercato","entry","has-media"],"yoast_head":"<!-- This site is optimized with the Yoast SEO plugin v27.4 - https:\/\/yoast.com\/product\/yoast-seo-wordpress\/ -->\n<title>Spagna: 298.200 disoccupati in meno nel terzo trimestre - Italcamara<\/title>\n<meta name=\"robots\" content=\"index, follow, max-snippet:-1, max-image-preview:large, max-video-preview:-1\" \/>\n<link rel=\"canonical\" href=\"https:\/\/italcamara-es.com\/it\/notizie\/spagna-298-200-disoccupati-in-meno-nel-terzo-trimestre\/\" \/>\n<meta property=\"og:locale\" content=\"it_IT\" \/>\n<meta property=\"og:type\" content=\"article\" \/>\n<meta property=\"og:title\" content=\"Spagna: 298.200 disoccupati in meno nel terzo trimestre - Italcamara\" \/>\n<meta property=\"og:description\" content=\"Il tasso di disoccupazione diminuisce di 2,5 punti in un anno, assestandosi al 21,18%, secondo i dati pubblicati dall\u2019INE Secondo l\u2019indagine sulla popolazioe attiva (EPA \u2013 Encuesta de Poblaci\u00f3n activa) pubblicata dall\u2019INE (Instituto Nacional de estad\u00edstica ) il 22 ottobre 2015, il numero di disoccupati in Spagna \u00e8 diminuito di 298.000 persone nel terzo trimestre, [&hellip;]\" \/>\n<meta property=\"og:url\" content=\"https:\/\/italcamara-es.com\/it\/notizie\/spagna-298-200-disoccupati-in-meno-nel-terzo-trimestre\/\" \/>\n<meta property=\"og:site_name\" content=\"Italcamara\" \/>\n<meta property=\"article:published_time\" content=\"2015-10-22T05:54:24+00:00\" \/>\n<meta property=\"og:image\" content=\"https:\/\/italcamara-es.com\/wp-content\/uploads\/2025\/03\/oficina250.jpg\" \/>\n\t<meta property=\"og:image:width\" content=\"250\" \/>\n\t<meta property=\"og:image:height\" content=\"129\" \/>\n\t<meta property=\"og:image:type\" content=\"image\/jpeg\" \/>\n<meta name=\"author\" content=\"administrador\" \/>\n<meta name=\"twitter:card\" content=\"summary_large_image\" \/>\n<meta name=\"twitter:label1\" content=\"Scritto da\" \/>\n\t<meta name=\"twitter:data1\" content=\"administrador\" \/>\n\t<meta name=\"twitter:label2\" content=\"Tempo di lettura stimato\" \/>\n\t<meta name=\"twitter:data2\" content=\"1 minuto\" \/>\n<script type=\"application\/ld+json\" class=\"yoast-schema-graph\">{\"@context\":\"https:\\\/\\\/schema.org\",\"@graph\":[{\"@type\":\"Article\",\"@id\":\"https:\\\/\\\/italcamara-es.com\\\/it\\\/notizie\\\/spagna-298-200-disoccupati-in-meno-nel-terzo-trimestre\\\/#article\",\"isPartOf\":{\"@id\":\"https:\\\/\\\/italcamara-es.com\\\/it\\\/notizie\\\/spagna-298-200-disoccupati-in-meno-nel-terzo-trimestre\\\/\"},\"author\":{\"name\":\"administrador\",\"@id\":\"https:\\\/\\\/italcamara-es.com\\\/#\\\/schema\\\/person\\\/bb3c56263e405bbd9a15171dcfee93bb\"},\"headline\":\"Spagna: 298.200 disoccupati in meno nel terzo trimestre\",\"datePublished\":\"2015-10-22T05:54:24+00:00\",\"mainEntityOfPage\":{\"@id\":\"https:\\\/\\\/italcamara-es.com\\\/it\\\/notizie\\\/spagna-298-200-disoccupati-in-meno-nel-terzo-trimestre\\\/\"},\"wordCount\":252,\"commentCount\":0,\"image\":{\"@id\":\"https:\\\/\\\/italcamara-es.com\\\/it\\\/notizie\\\/spagna-298-200-disoccupati-in-meno-nel-terzo-trimestre\\\/#primaryimage\"},\"thumbnailUrl\":\"https:\\\/\\\/italcamara-es.com\\\/wp-content\\\/uploads\\\/2025\\\/03\\\/oficina250.jpg\",\"keywords\":[\"Notizie di Mercato\"],\"articleSection\":[\"Notizie\"],\"inLanguage\":\"it-IT\",\"potentialAction\":[{\"@type\":\"CommentAction\",\"name\":\"Comment\",\"target\":[\"https:\\\/\\\/italcamara-es.com\\\/it\\\/notizie\\\/spagna-298-200-disoccupati-in-meno-nel-terzo-trimestre\\\/#respond\"]}]},{\"@type\":\"WebPage\",\"@id\":\"https:\\\/\\\/italcamara-es.com\\\/it\\\/notizie\\\/spagna-298-200-disoccupati-in-meno-nel-terzo-trimestre\\\/\",\"url\":\"https:\\\/\\\/italcamara-es.com\\\/it\\\/notizie\\\/spagna-298-200-disoccupati-in-meno-nel-terzo-trimestre\\\/\",\"name\":\"Spagna: 298.200 disoccupati in meno nel terzo trimestre - Italcamara\",\"isPartOf\":{\"@id\":\"https:\\\/\\\/italcamara-es.com\\\/#website\"},\"primaryImageOfPage\":{\"@id\":\"https:\\\/\\\/italcamara-es.com\\\/it\\\/notizie\\\/spagna-298-200-disoccupati-in-meno-nel-terzo-trimestre\\\/#primaryimage\"},\"image\":{\"@id\":\"https:\\\/\\\/italcamara-es.com\\\/it\\\/notizie\\\/spagna-298-200-disoccupati-in-meno-nel-terzo-trimestre\\\/#primaryimage\"},\"thumbnailUrl\":\"https:\\\/\\\/italcamara-es.com\\\/wp-content\\\/uploads\\\/2025\\\/03\\\/oficina250.jpg\",\"datePublished\":\"2015-10-22T05:54:24+00:00\",\"author\":{\"@id\":\"https:\\\/\\\/italcamara-es.com\\\/#\\\/schema\\\/person\\\/bb3c56263e405bbd9a15171dcfee93bb\"},\"breadcrumb\":{\"@id\":\"https:\\\/\\\/italcamara-es.com\\\/it\\\/notizie\\\/spagna-298-200-disoccupati-in-meno-nel-terzo-trimestre\\\/#breadcrumb\"},\"inLanguage\":\"it-IT\",\"potentialAction\":[{\"@type\":\"ReadAction\",\"target\":[\"https:\\\/\\\/italcamara-es.com\\\/it\\\/notizie\\\/spagna-298-200-disoccupati-in-meno-nel-terzo-trimestre\\\/\"]}]},{\"@type\":\"ImageObject\",\"inLanguage\":\"it-IT\",\"@id\":\"https:\\\/\\\/italcamara-es.com\\\/it\\\/notizie\\\/spagna-298-200-disoccupati-in-meno-nel-terzo-trimestre\\\/#primaryimage\",\"url\":\"https:\\\/\\\/italcamara-es.com\\\/wp-content\\\/uploads\\\/2025\\\/03\\\/oficina250.jpg\",\"contentUrl\":\"https:\\\/\\\/italcamara-es.com\\\/wp-content\\\/uploads\\\/2025\\\/03\\\/oficina250.jpg\",\"width\":250,\"height\":129},{\"@type\":\"BreadcrumbList\",\"@id\":\"https:\\\/\\\/italcamara-es.com\\\/it\\\/notizie\\\/spagna-298-200-disoccupati-in-meno-nel-terzo-trimestre\\\/#breadcrumb\",\"itemListElement\":[{\"@type\":\"ListItem\",\"position\":1,\"name\":\"Inicio\",\"item\":\"https:\\\/\\\/italcamara-es.com\\\/it\\\/homepage-ita\\\/\"},{\"@type\":\"ListItem\",\"position\":2,\"name\":\"Spagna: 298.200 disoccupati in meno nel terzo trimestre\"}]},{\"@type\":\"WebSite\",\"@id\":\"https:\\\/\\\/italcamara-es.com\\\/#website\",\"url\":\"https:\\\/\\\/italcamara-es.com\\\/\",\"name\":\"Italcamara\",\"description\":\"\",\"potentialAction\":[{\"@type\":\"SearchAction\",\"target\":{\"@type\":\"EntryPoint\",\"urlTemplate\":\"https:\\\/\\\/italcamara-es.com\\\/?s={search_term_string}\"},\"query-input\":{\"@type\":\"PropertyValueSpecification\",\"valueRequired\":true,\"valueName\":\"search_term_string\"}}],\"inLanguage\":\"it-IT\"},{\"@type\":\"Person\",\"@id\":\"https:\\\/\\\/italcamara-es.com\\\/#\\\/schema\\\/person\\\/bb3c56263e405bbd9a15171dcfee93bb\",\"name\":\"administrador\",\"image\":{\"@type\":\"ImageObject\",\"inLanguage\":\"it-IT\",\"@id\":\"https:\\\/\\\/secure.gravatar.com\\\/avatar\\\/14b5e63db38320b12031bb28cf9f77e210aa71fb3a8a3602a3c9a05134fa75eb?s=96&d=mm&r=g\",\"url\":\"https:\\\/\\\/secure.gravatar.com\\\/avatar\\\/14b5e63db38320b12031bb28cf9f77e210aa71fb3a8a3602a3c9a05134fa75eb?s=96&d=mm&r=g\",\"contentUrl\":\"https:\\\/\\\/secure.gravatar.com\\\/avatar\\\/14b5e63db38320b12031bb28cf9f77e210aa71fb3a8a3602a3c9a05134fa75eb?s=96&d=mm&r=g\",\"caption\":\"administrador\"},\"sameAs\":[\"http:\\\/\\\/pre.italcamara-es.com\"],\"url\":\"https:\\\/\\\/italcamara-es.com\\\/it\\\/author\\\/administrador\\\/\"}]}<\/script>\n<!-- \/ Yoast SEO plugin. -->","yoast_head_json":{"title":"Spagna: 298.200 disoccupati in meno nel terzo trimestre - Italcamara","robots":{"index":"index","follow":"follow","max-snippet":"max-snippet:-1","max-image-preview":"max-image-preview:large","max-video-preview":"max-video-preview:-1"},"canonical":"https:\/\/italcamara-es.com\/it\/notizie\/spagna-298-200-disoccupati-in-meno-nel-terzo-trimestre\/","og_locale":"it_IT","og_type":"article","og_title":"Spagna: 298.200 disoccupati in meno nel terzo trimestre - Italcamara","og_description":"Il tasso di disoccupazione diminuisce di 2,5 punti in un anno, assestandosi al 21,18%, secondo i dati pubblicati dall\u2019INE Secondo l\u2019indagine sulla popolazioe attiva (EPA \u2013 Encuesta de Poblaci\u00f3n activa) pubblicata dall\u2019INE (Instituto Nacional de estad\u00edstica ) il 22 ottobre 2015, il numero di disoccupati in Spagna \u00e8 diminuito di 298.000 persone nel terzo trimestre, [&hellip;]","og_url":"https:\/\/italcamara-es.com\/it\/notizie\/spagna-298-200-disoccupati-in-meno-nel-terzo-trimestre\/","og_site_name":"Italcamara","article_published_time":"2015-10-22T05:54:24+00:00","og_image":[{"width":250,"height":129,"url":"https:\/\/italcamara-es.com\/wp-content\/uploads\/2025\/03\/oficina250.jpg","type":"image\/jpeg"}],"author":"administrador","twitter_card":"summary_large_image","twitter_misc":{"Scritto da":"administrador","Tempo di lettura stimato":"1 minuto"},"schema":{"@context":"https:\/\/schema.org","@graph":[{"@type":"Article","@id":"https:\/\/italcamara-es.com\/it\/notizie\/spagna-298-200-disoccupati-in-meno-nel-terzo-trimestre\/#article","isPartOf":{"@id":"https:\/\/italcamara-es.com\/it\/notizie\/spagna-298-200-disoccupati-in-meno-nel-terzo-trimestre\/"},"author":{"name":"administrador","@id":"https:\/\/italcamara-es.com\/#\/schema\/person\/bb3c56263e405bbd9a15171dcfee93bb"},"headline":"Spagna: 298.200 disoccupati in meno nel terzo trimestre","datePublished":"2015-10-22T05:54:24+00:00","mainEntityOfPage":{"@id":"https:\/\/italcamara-es.com\/it\/notizie\/spagna-298-200-disoccupati-in-meno-nel-terzo-trimestre\/"},"wordCount":252,"commentCount":0,"image":{"@id":"https:\/\/italcamara-es.com\/it\/notizie\/spagna-298-200-disoccupati-in-meno-nel-terzo-trimestre\/#primaryimage"},"thumbnailUrl":"https:\/\/italcamara-es.com\/wp-content\/uploads\/2025\/03\/oficina250.jpg","keywords":["Notizie di Mercato"],"articleSection":["Notizie"],"inLanguage":"it-IT","potentialAction":[{"@type":"CommentAction","name":"Comment","target":["https:\/\/italcamara-es.com\/it\/notizie\/spagna-298-200-disoccupati-in-meno-nel-terzo-trimestre\/#respond"]}]},{"@type":"WebPage","@id":"https:\/\/italcamara-es.com\/it\/notizie\/spagna-298-200-disoccupati-in-meno-nel-terzo-trimestre\/","url":"https:\/\/italcamara-es.com\/it\/notizie\/spagna-298-200-disoccupati-in-meno-nel-terzo-trimestre\/","name":"Spagna: 298.200 disoccupati in meno nel terzo trimestre - Italcamara","isPartOf":{"@id":"https:\/\/italcamara-es.com\/#website"},"primaryImageOfPage":{"@id":"https:\/\/italcamara-es.com\/it\/notizie\/spagna-298-200-disoccupati-in-meno-nel-terzo-trimestre\/#primaryimage"},"image":{"@id":"https:\/\/italcamara-es.com\/it\/notizie\/spagna-298-200-disoccupati-in-meno-nel-terzo-trimestre\/#primaryimage"},"thumbnailUrl":"https:\/\/italcamara-es.com\/wp-content\/uploads\/2025\/03\/oficina250.jpg","datePublished":"2015-10-22T05:54:24+00:00","author":{"@id":"https:\/\/italcamara-es.com\/#\/schema\/person\/bb3c56263e405bbd9a15171dcfee93bb"},"breadcrumb":{"@id":"https:\/\/italcamara-es.com\/it\/notizie\/spagna-298-200-disoccupati-in-meno-nel-terzo-trimestre\/#breadcrumb"},"inLanguage":"it-IT","potentialAction":[{"@type":"ReadAction","target":["https:\/\/italcamara-es.com\/it\/notizie\/spagna-298-200-disoccupati-in-meno-nel-terzo-trimestre\/"]}]},{"@type":"ImageObject","inLanguage":"it-IT","@id":"https:\/\/italcamara-es.com\/it\/notizie\/spagna-298-200-disoccupati-in-meno-nel-terzo-trimestre\/#primaryimage","url":"https:\/\/italcamara-es.com\/wp-content\/uploads\/2025\/03\/oficina250.jpg","contentUrl":"https:\/\/italcamara-es.com\/wp-content\/uploads\/2025\/03\/oficina250.jpg","width":250,"height":129},{"@type":"BreadcrumbList","@id":"https:\/\/italcamara-es.com\/it\/notizie\/spagna-298-200-disoccupati-in-meno-nel-terzo-trimestre\/#breadcrumb","itemListElement":[{"@type":"ListItem","position":1,"name":"Inicio","item":"https:\/\/italcamara-es.com\/it\/homepage-ita\/"},{"@type":"ListItem","position":2,"name":"Spagna: 298.200 disoccupati in meno nel terzo trimestre"}]},{"@type":"WebSite","@id":"https:\/\/italcamara-es.com\/#website","url":"https:\/\/italcamara-es.com\/","name":"Italcamara","description":"","potentialAction":[{"@type":"SearchAction","target":{"@type":"EntryPoint","urlTemplate":"https:\/\/italcamara-es.com\/?s={search_term_string}"},"query-input":{"@type":"PropertyValueSpecification","valueRequired":true,"valueName":"search_term_string"}}],"inLanguage":"it-IT"},{"@type":"Person","@id":"https:\/\/italcamara-es.com\/#\/schema\/person\/bb3c56263e405bbd9a15171dcfee93bb","name":"administrador","image":{"@type":"ImageObject","inLanguage":"it-IT","@id":"https:\/\/secure.gravatar.com\/avatar\/14b5e63db38320b12031bb28cf9f77e210aa71fb3a8a3602a3c9a05134fa75eb?s=96&d=mm&r=g","url":"https:\/\/secure.gravatar.com\/avatar\/14b5e63db38320b12031bb28cf9f77e210aa71fb3a8a3602a3c9a05134fa75eb?s=96&d=mm&r=g","contentUrl":"https:\/\/secure.gravatar.com\/avatar\/14b5e63db38320b12031bb28cf9f77e210aa71fb3a8a3602a3c9a05134fa75eb?s=96&d=mm&r=g","caption":"administrador"},"sameAs":["http:\/\/pre.italcamara-es.com"],"url":"https:\/\/italcamara-es.com\/it\/author\/administrador\/"}]}},"rttpg_featured_image_url":{"full":["https:\/\/italcamara-es.com\/wp-content\/uploads\/2025\/03\/oficina250.jpg",250,129,false],"landscape":["https:\/\/italcamara-es.com\/wp-content\/uploads\/2025\/03\/oficina250.jpg",250,129,false],"portraits":["https:\/\/italcamara-es.com\/wp-content\/uploads\/2025\/03\/oficina250.jpg",250,129,false],"thumbnail":["https:\/\/italcamara-es.com\/wp-content\/uploads\/2025\/03\/oficina250-150x129.jpg",150,129,true],"medium":["https:\/\/italcamara-es.com\/wp-content\/uploads\/2025\/03\/oficina250.jpg",250,129,false],"large":["https:\/\/italcamara-es.com\/wp-content\/uploads\/2025\/03\/oficina250.jpg",250,129,false],"1536x1536":["https:\/\/italcamara-es.com\/wp-content\/uploads\/2025\/03\/oficina250.jpg",250,129,false],"2048x2048":["https:\/\/italcamara-es.com\/wp-content\/uploads\/2025\/03\/oficina250.jpg",250,129,false],"ocean-thumb-m":["https:\/\/italcamara-es.com\/wp-content\/uploads\/2025\/03\/oficina250.jpg",250,129,false],"ocean-thumb-ml":["https:\/\/italcamara-es.com\/wp-content\/uploads\/2025\/03\/oficina250.jpg",250,129,false],"ocean-thumb-l":["https:\/\/italcamara-es.com\/wp-content\/uploads\/2025\/03\/oficina250.jpg",250,129,false],"directorist_preview":["https:\/\/italcamara-es.com\/wp-content\/uploads\/2025\/03\/oficina250.jpg",250,129,false]},"rttpg_author":{"display_name":"administrador","author_link":"https:\/\/italcamara-es.com\/it\/author\/administrador\/"},"rttpg_comment":0,"rttpg_category":"<a href=\"https:\/\/italcamara-es.com\/it\/category\/notizie\/\" rel=\"category tag\">Notizie<\/a>","rttpg_excerpt":"Il tasso di disoccupazione diminuisce di 2,5 punti in un anno, assestandosi al 21,18%, secondo i dati pubblicati dall\u2019INE Secondo l\u2019indagine sulla popolazioe attiva (EPA \u2013 Encuesta de Poblaci\u00f3n activa) pubblicata dall\u2019INE (Instituto Nacional de estad\u00edstica ) il 22 ottobre 2015, il numero di disoccupati in Spagna \u00e8 diminuito di 298.000 persone nel terzo trimestre,&hellip;","_links":{"self":[{"href":"https:\/\/italcamara-es.com\/it\/wp-json\/wp\/v2\/posts\/56531","targetHints":{"allow":["GET"]}}],"collection":[{"href":"https:\/\/italcamara-es.com\/it\/wp-json\/wp\/v2\/posts"}],"about":[{"href":"https:\/\/italcamara-es.com\/it\/wp-json\/wp\/v2\/types\/post"}],"author":[{"embeddable":true,"href":"https:\/\/italcamara-es.com\/it\/wp-json\/wp\/v2\/users\/1"}],"replies":[{"embeddable":true,"href":"https:\/\/italcamara-es.com\/it\/wp-json\/wp\/v2\/comments?post=56531"}],"version-history":[{"count":0,"href":"https:\/\/italcamara-es.com\/it\/wp-json\/wp\/v2\/posts\/56531\/revisions"}],"wp:featuredmedia":[{"embeddable":true,"href":"https:\/\/italcamara-es.com\/it\/wp-json\/wp\/v2\/media\/53519"}],"wp:attachment":[{"href":"https:\/\/italcamara-es.com\/it\/wp-json\/wp\/v2\/media?parent=56531"}],"wp:term":[{"taxonomy":"category","embeddable":true,"href":"https:\/\/italcamara-es.com\/it\/wp-json\/wp\/v2\/categories?post=56531"},{"taxonomy":"post_tag","embeddable":true,"href":"https:\/\/italcamara-es.com\/it\/wp-json\/wp\/v2\/tags?post=56531"}],"curies":[{"name":"wp","href":"https:\/\/api.w.org\/{rel}","templated":true}]}}