	{"id":56533,"date":"2015-10-06T08:22:44","date_gmt":"2015-10-06T06:22:44","guid":{"rendered":"http:\/\/pre.italcamara-es.com\/senza-categoria\/spagna-il-pil-cresce-del-34-in-termini-interannuali-nel-terzo-trimestre-del-2015\/"},"modified":"2015-10-06T08:22:44","modified_gmt":"2015-10-06T06:22:44","slug":"spagna-il-pil-cresce-del-34-in-termini-interannuali-nel-terzo-trimestre-del-2015","status":"publish","type":"post","link":"https:\/\/italcamara-es.com\/it\/notizie\/spagna-il-pil-cresce-del-34-in-termini-interannuali-nel-terzo-trimestre-del-2015\/","title":{"rendered":"Spagna: il PIL cresce del 3,4% in termini interannuali nel terzo trimestre del 2015"},"content":{"rendered":"<p style=\"text-align: justify;\"><em>Secondo le stime preliminari pubblicate dal Banco de Espa\u00f1a, l\u2019economia spagnola ha prolungato la sua fase di espansione nel periodo compreso tra luglio e settembre\u00a0<\/em><\/p>\n<p style=\"text-align: justify;\">\n<p style=\"text-align: justify;\">\u00c8 stato pubblicato in data odierna il dossier sull\u2019economia spagnola da parte del Banco de Espa\u00f1a. In particolare, l\u2019organismo ha stimato che il PIL del paese ib\u00e9rico \u00e8 cresciuto dello 0,8% nel terzo trimestre rispetto ai tre mesi precedenti e del 3,4% in termini interannuali. La crescita intertrimestrale stimata dell\u2019entit\u00e0 \u00e8 inferiore di 2 decimi al valore registrato tra aprile e giugno (1%), anche se lo stesso Banco de Espa\u00f1a avvisa che si tratta di un dato preliminare e che bisogner\u00e0 aspettare fino al 30 ottobre quando verr\u00e0 pubblicato dall\u2019INE (Instituto Nacional de Estad\u00edstica) il dato ufficiale del PIL.<\/p>\n<p style=\"text-align: justify;\">\n<p style=\"text-align: justify;\">In questo senso, il dossier riconosce che \u201cl\u2019economia spagnola ha prolungato la sua fase di espansione, anche se a un ritmo inferiore rispetto alla prima met\u00e0 dell\u2019esercizio\u201d. \u00a0Nonostante ci\u00f2, il dato interannuale es migiore rispetto a quello registrato nel secondo trimestre. In particolare, il 3,4% stimato dall\u2019organismo resulta di 3 decimi superiore a quello registrato tra aprile e giugno.<\/p>\n<p style=\"text-align: justify;\">\n<p style=\"text-align: justify;\">Inoltre, l\u2019analisi realizzata dal Banco de Espa\u00f1a conferma \u201clo scenario di recupero\u201d e la crescita stimata del 3,1% e del 2,7% rispettivamente nel 2015 en el 2016.<\/p>\n","protected":false},"excerpt":{"rendered":"<p>Secondo le stime preliminari pubblicate dal Banco de Espa\u00f1a, l\u2019economia spagnola ha prolungato la sua fase di espansione nel periodo compreso tra luglio e settembre\u00a0 \u00c8 stato pubblicato in data odierna il dossier sull\u2019economia spagnola da parte del Banco de Espa\u00f1a. In particolare, l\u2019organismo ha stimato che il PIL del paese ib\u00e9rico \u00e8 cresciuto dello [&hellip;]<\/p>\n","protected":false},"author":1,"featured_media":53523,"comment_status":"open","ping_status":"open","sticky":false,"template":"","format":"standard","meta":{"inline_featured_image":false,"ocean_post_layout":"","ocean_both_sidebars_style":"","ocean_both_sidebars_content_width":0,"ocean_both_sidebars_sidebars_width":0,"ocean_sidebar":"","ocean_second_sidebar":"","ocean_disable_margins":"enable","ocean_add_body_class":"","ocean_shortcode_before_top_bar":"","ocean_shortcode_after_top_bar":"","ocean_shortcode_before_header":"","ocean_shortcode_after_header":"","ocean_has_shortcode":"","ocean_shortcode_after_title":"","ocean_shortcode_before_footer_widgets":"","ocean_shortcode_after_footer_widgets":"","ocean_shortcode_before_footer_bottom":"","ocean_shortcode_after_footer_bottom":"","ocean_display_top_bar":"default","ocean_display_header":"default","ocean_header_style":"","ocean_center_header_left_menu":"","ocean_custom_header_template":"","ocean_custom_logo":0,"ocean_custom_retina_logo":0,"ocean_custom_logo_max_width":0,"ocean_custom_logo_tablet_max_width":0,"ocean_custom_logo_mobile_max_width":0,"ocean_custom_logo_max_height":0,"ocean_custom_logo_tablet_max_height":0,"ocean_custom_logo_mobile_max_height":0,"ocean_header_custom_menu":"","ocean_menu_typo_font_family":"","ocean_menu_typo_font_subset":"","ocean_menu_typo_font_size":0,"ocean_menu_typo_font_size_tablet":0,"ocean_menu_typo_font_size_mobile":0,"ocean_menu_typo_font_size_unit":"px","ocean_menu_typo_font_weight":"","ocean_menu_typo_font_weight_tablet":"","ocean_menu_typo_font_weight_mobile":"","ocean_menu_typo_transform":"","ocean_menu_typo_transform_tablet":"","ocean_menu_typo_transform_mobile":"","ocean_menu_typo_line_height":0,"ocean_menu_typo_line_height_tablet":0,"ocean_menu_typo_line_height_mobile":0,"ocean_menu_typo_line_height_unit":"","ocean_menu_typo_spacing":0,"ocean_menu_typo_spacing_tablet":0,"ocean_menu_typo_spacing_mobile":0,"ocean_menu_typo_spacing_unit":"","ocean_menu_link_color":"","ocean_menu_link_color_hover":"","ocean_menu_link_color_active":"","ocean_menu_link_background":"","ocean_menu_link_hover_background":"","ocean_menu_link_active_background":"","ocean_menu_social_links_bg":"","ocean_menu_social_hover_links_bg":"","ocean_menu_social_links_color":"","ocean_menu_social_hover_links_color":"","ocean_disable_title":"default","ocean_disable_heading":"default","ocean_post_title":"","ocean_post_subheading":"","ocean_post_title_style":"","ocean_post_title_background_color":"","ocean_post_title_background":0,"ocean_post_title_bg_image_position":"","ocean_post_title_bg_image_attachment":"","ocean_post_title_bg_image_repeat":"","ocean_post_title_bg_image_size":"","ocean_post_title_height":0,"ocean_post_title_bg_overlay":0.5,"ocean_post_title_bg_overlay_color":"","ocean_disable_breadcrumbs":"default","ocean_breadcrumbs_color":"","ocean_breadcrumbs_separator_color":"","ocean_breadcrumbs_links_color":"","ocean_breadcrumbs_links_hover_color":"","ocean_display_footer_widgets":"default","ocean_display_footer_bottom":"default","ocean_custom_footer_template":"","ocean_post_oembed":"","ocean_post_self_hosted_media":"","ocean_post_video_embed":"","ocean_link_format":"","ocean_link_format_target":"self","ocean_quote_format":"","ocean_quote_format_link":"post","ocean_gallery_link_images":"on","ocean_gallery_id":[],"footnotes":""},"categories":[133],"tags":[138],"class_list":["post-56533","post","type-post","status-publish","format-standard","has-post-thumbnail","hentry","category-notizie","tag-notizie-di-mercato","entry","has-media"],"yoast_head":"<!-- This site is optimized with the Yoast SEO plugin v27.5 - https:\/\/yoast.com\/product\/yoast-seo-wordpress\/ -->\n<title>Spagna: il PIL cresce del 3,4% in termini interannuali nel terzo trimestre del 2015 - Italcamara<\/title>\n<meta name=\"robots\" content=\"index, follow, max-snippet:-1, max-image-preview:large, max-video-preview:-1\" \/>\n<link rel=\"canonical\" href=\"https:\/\/italcamara-es.com\/it\/notizie\/spagna-il-pil-cresce-del-34-in-termini-interannuali-nel-terzo-trimestre-del-2015\/\" \/>\n<meta property=\"og:locale\" content=\"it_IT\" \/>\n<meta property=\"og:type\" content=\"article\" \/>\n<meta property=\"og:title\" content=\"Spagna: il PIL cresce del 3,4% in termini interannuali nel terzo trimestre del 2015 - Italcamara\" \/>\n<meta property=\"og:description\" content=\"Secondo le stime preliminari pubblicate dal Banco de Espa\u00f1a, l\u2019economia spagnola ha prolungato la sua fase di espansione nel periodo compreso tra luglio e settembre\u00a0 \u00c8 stato pubblicato in data odierna il dossier sull\u2019economia spagnola da parte del Banco de Espa\u00f1a. In particolare, l\u2019organismo ha stimato che il PIL del paese ib\u00e9rico \u00e8 cresciuto dello [&hellip;]\" \/>\n<meta property=\"og:url\" content=\"https:\/\/italcamara-es.com\/it\/notizie\/spagna-il-pil-cresce-del-34-in-termini-interannuali-nel-terzo-trimestre-del-2015\/\" \/>\n<meta property=\"og:site_name\" content=\"Italcamara\" \/>\n<meta property=\"article:published_time\" content=\"2015-10-06T06:22:44+00:00\" \/>\n<meta property=\"og:image\" content=\"https:\/\/italcamara-es.com\/wp-content\/uploads\/2025\/03\/economiaESP250.jpg\" \/>\n\t<meta property=\"og:image:width\" content=\"250\" \/>\n\t<meta property=\"og:image:height\" content=\"167\" \/>\n\t<meta property=\"og:image:type\" content=\"image\/jpeg\" \/>\n<meta name=\"author\" content=\"administrador\" \/>\n<meta name=\"twitter:card\" content=\"summary_large_image\" \/>\n<meta name=\"twitter:label1\" content=\"Scritto da\" \/>\n\t<meta name=\"twitter:data1\" content=\"administrador\" \/>\n\t<meta name=\"twitter:label2\" content=\"Tempo di lettura stimato\" \/>\n\t<meta name=\"twitter:data2\" content=\"1 minuto\" \/>\n<script type=\"application\/ld+json\" class=\"yoast-schema-graph\">{\"@context\":\"https:\\\/\\\/schema.org\",\"@graph\":[{\"@type\":\"Article\",\"@id\":\"https:\\\/\\\/italcamara-es.com\\\/it\\\/notizie\\\/spagna-il-pil-cresce-del-34-in-termini-interannuali-nel-terzo-trimestre-del-2015\\\/#article\",\"isPartOf\":{\"@id\":\"https:\\\/\\\/italcamara-es.com\\\/it\\\/notizie\\\/spagna-il-pil-cresce-del-34-in-termini-interannuali-nel-terzo-trimestre-del-2015\\\/\"},\"author\":{\"name\":\"administrador\",\"@id\":\"https:\\\/\\\/italcamara-es.com\\\/#\\\/schema\\\/person\\\/bb3c56263e405bbd9a15171dcfee93bb\"},\"headline\":\"Spagna: il PIL cresce del 3,4% in termini interannuali nel terzo trimestre del 2015\",\"datePublished\":\"2015-10-06T06:22:44+00:00\",\"mainEntityOfPage\":{\"@id\":\"https:\\\/\\\/italcamara-es.com\\\/it\\\/notizie\\\/spagna-il-pil-cresce-del-34-in-termini-interannuali-nel-terzo-trimestre-del-2015\\\/\"},\"wordCount\":223,\"commentCount\":0,\"image\":{\"@id\":\"https:\\\/\\\/italcamara-es.com\\\/it\\\/notizie\\\/spagna-il-pil-cresce-del-34-in-termini-interannuali-nel-terzo-trimestre-del-2015\\\/#primaryimage\"},\"thumbnailUrl\":\"https:\\\/\\\/italcamara-es.com\\\/wp-content\\\/uploads\\\/2025\\\/03\\\/economiaESP250.jpg\",\"keywords\":[\"Notizie di Mercato\"],\"articleSection\":[\"Notizie\"],\"inLanguage\":\"it-IT\",\"potentialAction\":[{\"@type\":\"CommentAction\",\"name\":\"Comment\",\"target\":[\"https:\\\/\\\/italcamara-es.com\\\/it\\\/notizie\\\/spagna-il-pil-cresce-del-34-in-termini-interannuali-nel-terzo-trimestre-del-2015\\\/#respond\"]}]},{\"@type\":\"WebPage\",\"@id\":\"https:\\\/\\\/italcamara-es.com\\\/it\\\/notizie\\\/spagna-il-pil-cresce-del-34-in-termini-interannuali-nel-terzo-trimestre-del-2015\\\/\",\"url\":\"https:\\\/\\\/italcamara-es.com\\\/it\\\/notizie\\\/spagna-il-pil-cresce-del-34-in-termini-interannuali-nel-terzo-trimestre-del-2015\\\/\",\"name\":\"Spagna: il PIL cresce del 3,4% in termini interannuali nel terzo trimestre del 2015 - Italcamara\",\"isPartOf\":{\"@id\":\"https:\\\/\\\/italcamara-es.com\\\/#website\"},\"primaryImageOfPage\":{\"@id\":\"https:\\\/\\\/italcamara-es.com\\\/it\\\/notizie\\\/spagna-il-pil-cresce-del-34-in-termini-interannuali-nel-terzo-trimestre-del-2015\\\/#primaryimage\"},\"image\":{\"@id\":\"https:\\\/\\\/italcamara-es.com\\\/it\\\/notizie\\\/spagna-il-pil-cresce-del-34-in-termini-interannuali-nel-terzo-trimestre-del-2015\\\/#primaryimage\"},\"thumbnailUrl\":\"https:\\\/\\\/italcamara-es.com\\\/wp-content\\\/uploads\\\/2025\\\/03\\\/economiaESP250.jpg\",\"datePublished\":\"2015-10-06T06:22:44+00:00\",\"author\":{\"@id\":\"https:\\\/\\\/italcamara-es.com\\\/#\\\/schema\\\/person\\\/bb3c56263e405bbd9a15171dcfee93bb\"},\"breadcrumb\":{\"@id\":\"https:\\\/\\\/italcamara-es.com\\\/it\\\/notizie\\\/spagna-il-pil-cresce-del-34-in-termini-interannuali-nel-terzo-trimestre-del-2015\\\/#breadcrumb\"},\"inLanguage\":\"it-IT\",\"potentialAction\":[{\"@type\":\"ReadAction\",\"target\":[\"https:\\\/\\\/italcamara-es.com\\\/it\\\/notizie\\\/spagna-il-pil-cresce-del-34-in-termini-interannuali-nel-terzo-trimestre-del-2015\\\/\"]}]},{\"@type\":\"ImageObject\",\"inLanguage\":\"it-IT\",\"@id\":\"https:\\\/\\\/italcamara-es.com\\\/it\\\/notizie\\\/spagna-il-pil-cresce-del-34-in-termini-interannuali-nel-terzo-trimestre-del-2015\\\/#primaryimage\",\"url\":\"https:\\\/\\\/italcamara-es.com\\\/wp-content\\\/uploads\\\/2025\\\/03\\\/economiaESP250.jpg\",\"contentUrl\":\"https:\\\/\\\/italcamara-es.com\\\/wp-content\\\/uploads\\\/2025\\\/03\\\/economiaESP250.jpg\",\"width\":250,\"height\":167},{\"@type\":\"BreadcrumbList\",\"@id\":\"https:\\\/\\\/italcamara-es.com\\\/it\\\/notizie\\\/spagna-il-pil-cresce-del-34-in-termini-interannuali-nel-terzo-trimestre-del-2015\\\/#breadcrumb\",\"itemListElement\":[{\"@type\":\"ListItem\",\"position\":1,\"name\":\"Inicio\",\"item\":\"https:\\\/\\\/italcamara-es.com\\\/it\\\/homepage-ita\\\/\"},{\"@type\":\"ListItem\",\"position\":2,\"name\":\"Spagna: il PIL cresce del 3,4% in termini interannuali nel terzo trimestre del 2015\"}]},{\"@type\":\"WebSite\",\"@id\":\"https:\\\/\\\/italcamara-es.com\\\/#website\",\"url\":\"https:\\\/\\\/italcamara-es.com\\\/\",\"name\":\"Italcamara\",\"description\":\"\",\"potentialAction\":[{\"@type\":\"SearchAction\",\"target\":{\"@type\":\"EntryPoint\",\"urlTemplate\":\"https:\\\/\\\/italcamara-es.com\\\/?s={search_term_string}\"},\"query-input\":{\"@type\":\"PropertyValueSpecification\",\"valueRequired\":true,\"valueName\":\"search_term_string\"}}],\"inLanguage\":\"it-IT\"},{\"@type\":\"Person\",\"@id\":\"https:\\\/\\\/italcamara-es.com\\\/#\\\/schema\\\/person\\\/bb3c56263e405bbd9a15171dcfee93bb\",\"name\":\"administrador\",\"image\":{\"@type\":\"ImageObject\",\"inLanguage\":\"it-IT\",\"@id\":\"https:\\\/\\\/secure.gravatar.com\\\/avatar\\\/14b5e63db38320b12031bb28cf9f77e210aa71fb3a8a3602a3c9a05134fa75eb?s=96&d=mm&r=g\",\"url\":\"https:\\\/\\\/secure.gravatar.com\\\/avatar\\\/14b5e63db38320b12031bb28cf9f77e210aa71fb3a8a3602a3c9a05134fa75eb?s=96&d=mm&r=g\",\"contentUrl\":\"https:\\\/\\\/secure.gravatar.com\\\/avatar\\\/14b5e63db38320b12031bb28cf9f77e210aa71fb3a8a3602a3c9a05134fa75eb?s=96&d=mm&r=g\",\"caption\":\"administrador\"},\"sameAs\":[\"http:\\\/\\\/pre.italcamara-es.com\"],\"url\":\"https:\\\/\\\/italcamara-es.com\\\/it\\\/author\\\/administrador\\\/\"}]}<\/script>\n<!-- \/ Yoast SEO plugin. -->","yoast_head_json":{"title":"Spagna: il PIL cresce del 3,4% in termini interannuali nel terzo trimestre del 2015 - Italcamara","robots":{"index":"index","follow":"follow","max-snippet":"max-snippet:-1","max-image-preview":"max-image-preview:large","max-video-preview":"max-video-preview:-1"},"canonical":"https:\/\/italcamara-es.com\/it\/notizie\/spagna-il-pil-cresce-del-34-in-termini-interannuali-nel-terzo-trimestre-del-2015\/","og_locale":"it_IT","og_type":"article","og_title":"Spagna: il PIL cresce del 3,4% in termini interannuali nel terzo trimestre del 2015 - Italcamara","og_description":"Secondo le stime preliminari pubblicate dal Banco de Espa\u00f1a, l\u2019economia spagnola ha prolungato la sua fase di espansione nel periodo compreso tra luglio e settembre\u00a0 \u00c8 stato pubblicato in data odierna il dossier sull\u2019economia spagnola da parte del Banco de Espa\u00f1a. In particolare, l\u2019organismo ha stimato che il PIL del paese ib\u00e9rico \u00e8 cresciuto dello [&hellip;]","og_url":"https:\/\/italcamara-es.com\/it\/notizie\/spagna-il-pil-cresce-del-34-in-termini-interannuali-nel-terzo-trimestre-del-2015\/","og_site_name":"Italcamara","article_published_time":"2015-10-06T06:22:44+00:00","og_image":[{"width":250,"height":167,"url":"https:\/\/italcamara-es.com\/wp-content\/uploads\/2025\/03\/economiaESP250.jpg","type":"image\/jpeg"}],"author":"administrador","twitter_card":"summary_large_image","twitter_misc":{"Scritto da":"administrador","Tempo di lettura stimato":"1 minuto"},"schema":{"@context":"https:\/\/schema.org","@graph":[{"@type":"Article","@id":"https:\/\/italcamara-es.com\/it\/notizie\/spagna-il-pil-cresce-del-34-in-termini-interannuali-nel-terzo-trimestre-del-2015\/#article","isPartOf":{"@id":"https:\/\/italcamara-es.com\/it\/notizie\/spagna-il-pil-cresce-del-34-in-termini-interannuali-nel-terzo-trimestre-del-2015\/"},"author":{"name":"administrador","@id":"https:\/\/italcamara-es.com\/#\/schema\/person\/bb3c56263e405bbd9a15171dcfee93bb"},"headline":"Spagna: il PIL cresce del 3,4% in termini interannuali nel terzo trimestre del 2015","datePublished":"2015-10-06T06:22:44+00:00","mainEntityOfPage":{"@id":"https:\/\/italcamara-es.com\/it\/notizie\/spagna-il-pil-cresce-del-34-in-termini-interannuali-nel-terzo-trimestre-del-2015\/"},"wordCount":223,"commentCount":0,"image":{"@id":"https:\/\/italcamara-es.com\/it\/notizie\/spagna-il-pil-cresce-del-34-in-termini-interannuali-nel-terzo-trimestre-del-2015\/#primaryimage"},"thumbnailUrl":"https:\/\/italcamara-es.com\/wp-content\/uploads\/2025\/03\/economiaESP250.jpg","keywords":["Notizie di Mercato"],"articleSection":["Notizie"],"inLanguage":"it-IT","potentialAction":[{"@type":"CommentAction","name":"Comment","target":["https:\/\/italcamara-es.com\/it\/notizie\/spagna-il-pil-cresce-del-34-in-termini-interannuali-nel-terzo-trimestre-del-2015\/#respond"]}]},{"@type":"WebPage","@id":"https:\/\/italcamara-es.com\/it\/notizie\/spagna-il-pil-cresce-del-34-in-termini-interannuali-nel-terzo-trimestre-del-2015\/","url":"https:\/\/italcamara-es.com\/it\/notizie\/spagna-il-pil-cresce-del-34-in-termini-interannuali-nel-terzo-trimestre-del-2015\/","name":"Spagna: il PIL cresce del 3,4% in termini interannuali nel terzo trimestre del 2015 - Italcamara","isPartOf":{"@id":"https:\/\/italcamara-es.com\/#website"},"primaryImageOfPage":{"@id":"https:\/\/italcamara-es.com\/it\/notizie\/spagna-il-pil-cresce-del-34-in-termini-interannuali-nel-terzo-trimestre-del-2015\/#primaryimage"},"image":{"@id":"https:\/\/italcamara-es.com\/it\/notizie\/spagna-il-pil-cresce-del-34-in-termini-interannuali-nel-terzo-trimestre-del-2015\/#primaryimage"},"thumbnailUrl":"https:\/\/italcamara-es.com\/wp-content\/uploads\/2025\/03\/economiaESP250.jpg","datePublished":"2015-10-06T06:22:44+00:00","author":{"@id":"https:\/\/italcamara-es.com\/#\/schema\/person\/bb3c56263e405bbd9a15171dcfee93bb"},"breadcrumb":{"@id":"https:\/\/italcamara-es.com\/it\/notizie\/spagna-il-pil-cresce-del-34-in-termini-interannuali-nel-terzo-trimestre-del-2015\/#breadcrumb"},"inLanguage":"it-IT","potentialAction":[{"@type":"ReadAction","target":["https:\/\/italcamara-es.com\/it\/notizie\/spagna-il-pil-cresce-del-34-in-termini-interannuali-nel-terzo-trimestre-del-2015\/"]}]},{"@type":"ImageObject","inLanguage":"it-IT","@id":"https:\/\/italcamara-es.com\/it\/notizie\/spagna-il-pil-cresce-del-34-in-termini-interannuali-nel-terzo-trimestre-del-2015\/#primaryimage","url":"https:\/\/italcamara-es.com\/wp-content\/uploads\/2025\/03\/economiaESP250.jpg","contentUrl":"https:\/\/italcamara-es.com\/wp-content\/uploads\/2025\/03\/economiaESP250.jpg","width":250,"height":167},{"@type":"BreadcrumbList","@id":"https:\/\/italcamara-es.com\/it\/notizie\/spagna-il-pil-cresce-del-34-in-termini-interannuali-nel-terzo-trimestre-del-2015\/#breadcrumb","itemListElement":[{"@type":"ListItem","position":1,"name":"Inicio","item":"https:\/\/italcamara-es.com\/it\/homepage-ita\/"},{"@type":"ListItem","position":2,"name":"Spagna: il PIL cresce del 3,4% in termini interannuali nel terzo trimestre del 2015"}]},{"@type":"WebSite","@id":"https:\/\/italcamara-es.com\/#website","url":"https:\/\/italcamara-es.com\/","name":"Italcamara","description":"","potentialAction":[{"@type":"SearchAction","target":{"@type":"EntryPoint","urlTemplate":"https:\/\/italcamara-es.com\/?s={search_term_string}"},"query-input":{"@type":"PropertyValueSpecification","valueRequired":true,"valueName":"search_term_string"}}],"inLanguage":"it-IT"},{"@type":"Person","@id":"https:\/\/italcamara-es.com\/#\/schema\/person\/bb3c56263e405bbd9a15171dcfee93bb","name":"administrador","image":{"@type":"ImageObject","inLanguage":"it-IT","@id":"https:\/\/secure.gravatar.com\/avatar\/14b5e63db38320b12031bb28cf9f77e210aa71fb3a8a3602a3c9a05134fa75eb?s=96&d=mm&r=g","url":"https:\/\/secure.gravatar.com\/avatar\/14b5e63db38320b12031bb28cf9f77e210aa71fb3a8a3602a3c9a05134fa75eb?s=96&d=mm&r=g","contentUrl":"https:\/\/secure.gravatar.com\/avatar\/14b5e63db38320b12031bb28cf9f77e210aa71fb3a8a3602a3c9a05134fa75eb?s=96&d=mm&r=g","caption":"administrador"},"sameAs":["http:\/\/pre.italcamara-es.com"],"url":"https:\/\/italcamara-es.com\/it\/author\/administrador\/"}]}},"rttpg_featured_image_url":{"full":["https:\/\/italcamara-es.com\/wp-content\/uploads\/2025\/03\/economiaESP250.jpg",250,167,false],"landscape":["https:\/\/italcamara-es.com\/wp-content\/uploads\/2025\/03\/economiaESP250.jpg",250,167,false],"portraits":["https:\/\/italcamara-es.com\/wp-content\/uploads\/2025\/03\/economiaESP250.jpg",250,167,false],"thumbnail":["https:\/\/italcamara-es.com\/wp-content\/uploads\/2025\/03\/economiaESP250-150x150.jpg",150,150,true],"medium":["https:\/\/italcamara-es.com\/wp-content\/uploads\/2025\/03\/economiaESP250.jpg",250,167,false],"large":["https:\/\/italcamara-es.com\/wp-content\/uploads\/2025\/03\/economiaESP250.jpg",250,167,false],"1536x1536":["https:\/\/italcamara-es.com\/wp-content\/uploads\/2025\/03\/economiaESP250.jpg",250,167,false],"2048x2048":["https:\/\/italcamara-es.com\/wp-content\/uploads\/2025\/03\/economiaESP250.jpg",250,167,false],"ocean-thumb-m":["https:\/\/italcamara-es.com\/wp-content\/uploads\/2025\/03\/economiaESP250.jpg",250,167,false],"ocean-thumb-ml":["https:\/\/italcamara-es.com\/wp-content\/uploads\/2025\/03\/economiaESP250.jpg",250,167,false],"ocean-thumb-l":["https:\/\/italcamara-es.com\/wp-content\/uploads\/2025\/03\/economiaESP250.jpg",250,167,false],"directorist_preview":["https:\/\/italcamara-es.com\/wp-content\/uploads\/2025\/03\/economiaESP250.jpg",250,167,false]},"rttpg_author":{"display_name":"administrador","author_link":"https:\/\/italcamara-es.com\/it\/author\/administrador\/"},"rttpg_comment":0,"rttpg_category":"<a href=\"https:\/\/italcamara-es.com\/it\/category\/notizie\/\" rel=\"category tag\">Notizie<\/a>","rttpg_excerpt":"Secondo le stime preliminari pubblicate dal Banco de Espa\u00f1a, l\u2019economia spagnola ha prolungato la sua fase di espansione nel periodo compreso tra luglio e settembre\u00a0 \u00c8 stato pubblicato in data odierna il dossier sull\u2019economia spagnola da parte del Banco de Espa\u00f1a. In particolare, l\u2019organismo ha stimato che il PIL del paese ib\u00e9rico \u00e8 cresciuto dello&hellip;","_links":{"self":[{"href":"https:\/\/italcamara-es.com\/it\/wp-json\/wp\/v2\/posts\/56533","targetHints":{"allow":["GET"]}}],"collection":[{"href":"https:\/\/italcamara-es.com\/it\/wp-json\/wp\/v2\/posts"}],"about":[{"href":"https:\/\/italcamara-es.com\/it\/wp-json\/wp\/v2\/types\/post"}],"author":[{"embeddable":true,"href":"https:\/\/italcamara-es.com\/it\/wp-json\/wp\/v2\/users\/1"}],"replies":[{"embeddable":true,"href":"https:\/\/italcamara-es.com\/it\/wp-json\/wp\/v2\/comments?post=56533"}],"version-history":[{"count":0,"href":"https:\/\/italcamara-es.com\/it\/wp-json\/wp\/v2\/posts\/56533\/revisions"}],"wp:featuredmedia":[{"embeddable":true,"href":"https:\/\/italcamara-es.com\/it\/wp-json\/wp\/v2\/media\/53523"}],"wp:attachment":[{"href":"https:\/\/italcamara-es.com\/it\/wp-json\/wp\/v2\/media?parent=56533"}],"wp:term":[{"taxonomy":"category","embeddable":true,"href":"https:\/\/italcamara-es.com\/it\/wp-json\/wp\/v2\/categories?post=56533"},{"taxonomy":"post_tag","embeddable":true,"href":"https:\/\/italcamara-es.com\/it\/wp-json\/wp\/v2\/tags?post=56533"}],"curies":[{"name":"wp","href":"https:\/\/api.w.org\/{rel}","templated":true}]}}