	{"id":56534,"date":"2015-10-03T08:30:09","date_gmt":"2015-10-03T06:30:09","guid":{"rendered":"http:\/\/pre.italcamara-es.com\/senza-categoria\/la-spagna-aumenta-del-4-il-numero-di-turisti-internazionali-nei-primi-otto-mesi-dellanno\/"},"modified":"2015-10-03T08:30:09","modified_gmt":"2015-10-03T06:30:09","slug":"la-spagna-aumenta-del-4-il-numero-di-turisti-internazionali-nei-primi-otto-mesi-dellanno","status":"publish","type":"post","link":"https:\/\/italcamara-es.com\/it\/notizie\/la-spagna-aumenta-del-4-il-numero-di-turisti-internazionali-nei-primi-otto-mesi-dellanno\/","title":{"rendered":"La Spagna aumenta del 4% il numero di turisti internazionali nei primi otto mesi dell\u2019anno"},"content":{"rendered":"<p style=\"text-align: justify;\"><em>Il paese Iberico ha ricevuto pi\u00f9 di 47,2 milioni di visitatori da gennaio ad agosto. I turisti provenienti da\u00a0Regno Unito, Francia e Germania sono pi\u00f9 del 55,4% del totale<\/em><\/p>\n<p style=\"text-align: justify;\">\n<p style=\"text-align: justify;\">Secondo i dati pubblicati lo scorso 22 ettembre dall&#8217;Instituto de Estudios Tur\u00edsticos, organismo che dipende dal Ministerio de Industria, Turismo y Energ\u00eda, la Spagna ha ricevuto pi\u00f9 di 47,2 milioni di visitatori nei primi otto mesi dell\u2019anno, ci\u00f2 suppone un aumento di 1,8 milioni di persone rispetto al 2014.<\/p>\n<p style=\"text-align: center;\"><a href=\"https:\/\/www.italcamara-es.com\/wp-content\/uploads\/2016\/08\/turistas-7001.jpg\"><img fetchpriority=\"high\" decoding=\"async\" class=\" size-full wp-image-3544 aligncenter\" src=\"https:\/\/www.italcamara-es.com\/wp-content\/uploads\/2016\/08\/turistas-7001.jpg\" alt=\"turistas-700\" width=\"700\" height=\"452\" \/><\/a><\/p>\n<p style=\"text-align: justify;\">Il maggior contributo in termini assoluti a questa crescita proviene dalla Francia, dai paesi asiatici, dal Regno Unito e dagli Stati Uniti.<\/p>\n<p style=\"text-align: justify;\">\n<p style=\"text-align: justify;\">Ad agosto, 9,2 milioni di turisti hanno visitato la Spagna, l\u20191,6% in pi\u00f9 rispetto allo stesso mese dell\u2019anno scorso.<\/p>\n<p style=\"text-align: justify;\">Relativamente ai mercati di provenienza, Regno Unito, Francia e Germania hanno contribuito per il 55,4% del totale dei visitatori stranieri in Spagna nei primi otto mesi dell\u2019anno.<\/p>\n<p style=\"text-align: justify;\">\n<p style=\"text-align: justify;\">I turisti britannici rappresentano il 23% del totale degli arrivi, con 10,88 milioni, il 2,9% in pi\u00f9 rispetto allo stesso periodo del 2015, seguiti dai provenienti dalla Francia, con 8,16 milioni di turisti, il 17,3% del totale( +7,1%).<\/p>\n<p style=\"text-align: justify;\">Al terzo posto si situa il mercato tedesco, con pi\u00f9 di sette milioni di turisti internazioni fino ad agosto, il 15% del totale (-0,4%).<\/p>\n<p style=\"text-align: justify;\">La perdita pi\u00f9 netta \u00e8 quella relativa ai turisti russi, che sono arrivati in un 36,7% in meno rispetto allo stesso periodo del 2014, per un totale di 675.231 visitatori.<\/p>\n<p style=\"text-align: justify;\">\n<p style=\"text-align: justify;\">Sono invece 2.774.479 i turisti italiani che hanno visitato la Spagna da gennaio ad agosto, il 5,9% del totale, con un incremento del 6,8% rspetto al 2014.<\/p>\n<p style=\"text-align: justify;\">\n<p style=\"text-align: justify;\">\n<p style=\"text-align: justify;\">Catalogna, Baleari e Andalusia sono le comunit\u00e0 con pi\u00f9 arrivi internazionali e raggiungono rispettivamente il 25,7%, il 18,5% ed il 13,5% del totale.<\/p>\n<p style=\"text-align: justify;\">\n<p style=\"text-align: justify;\">Pi\u00f9 di 12,11 milioni di turisti internazionali hanno visitato la Catalogna da gennaio ad agosto, il 3,8% in pi\u00f9 rispetto all\u2019anno scorso, seguono le Baleari con 8,72 milioni di visitatori (+3,1%), e l\u2019Andalusia, con 6,38 milioni di visitatori (+6,7%)<\/p>\n<p style=\"text-align: justify;\">Tutte le comunit\u00e0 autonome accumulano aumenti interannuali. Le Canarie hanno registrato l\u2019aumento pi\u00f9 moderato nei primi otto mesi dell\u2019anno (+1%).<\/p>\n","protected":false},"excerpt":{"rendered":"<p>Il paese Iberico ha ricevuto pi\u00f9 di 47,2 milioni di visitatori da gennaio ad agosto. I turisti provenienti da\u00a0Regno Unito, Francia e Germania sono pi\u00f9 del 55,4% del totale Secondo i dati pubblicati lo scorso 22 ettembre dall&#8217;Instituto de Estudios Tur\u00edsticos, organismo che dipende dal Ministerio de Industria, Turismo y Energ\u00eda, la Spagna ha ricevuto [&hellip;]<\/p>\n","protected":false},"author":1,"featured_media":53525,"comment_status":"open","ping_status":"open","sticky":false,"template":"","format":"standard","meta":{"inline_featured_image":false,"ocean_post_layout":"","ocean_both_sidebars_style":"","ocean_both_sidebars_content_width":0,"ocean_both_sidebars_sidebars_width":0,"ocean_sidebar":"","ocean_second_sidebar":"","ocean_disable_margins":"enable","ocean_add_body_class":"","ocean_shortcode_before_top_bar":"","ocean_shortcode_after_top_bar":"","ocean_shortcode_before_header":"","ocean_shortcode_after_header":"","ocean_has_shortcode":"","ocean_shortcode_after_title":"","ocean_shortcode_before_footer_widgets":"","ocean_shortcode_after_footer_widgets":"","ocean_shortcode_before_footer_bottom":"","ocean_shortcode_after_footer_bottom":"","ocean_display_top_bar":"default","ocean_display_header":"default","ocean_header_style":"","ocean_center_header_left_menu":"","ocean_custom_header_template":"","ocean_custom_logo":0,"ocean_custom_retina_logo":0,"ocean_custom_logo_max_width":0,"ocean_custom_logo_tablet_max_width":0,"ocean_custom_logo_mobile_max_width":0,"ocean_custom_logo_max_height":0,"ocean_custom_logo_tablet_max_height":0,"ocean_custom_logo_mobile_max_height":0,"ocean_header_custom_menu":"","ocean_menu_typo_font_family":"","ocean_menu_typo_font_subset":"","ocean_menu_typo_font_size":0,"ocean_menu_typo_font_size_tablet":0,"ocean_menu_typo_font_size_mobile":0,"ocean_menu_typo_font_size_unit":"px","ocean_menu_typo_font_weight":"","ocean_menu_typo_font_weight_tablet":"","ocean_menu_typo_font_weight_mobile":"","ocean_menu_typo_transform":"","ocean_menu_typo_transform_tablet":"","ocean_menu_typo_transform_mobile":"","ocean_menu_typo_line_height":0,"ocean_menu_typo_line_height_tablet":0,"ocean_menu_typo_line_height_mobile":0,"ocean_menu_typo_line_height_unit":"","ocean_menu_typo_spacing":0,"ocean_menu_typo_spacing_tablet":0,"ocean_menu_typo_spacing_mobile":0,"ocean_menu_typo_spacing_unit":"","ocean_menu_link_color":"","ocean_menu_link_color_hover":"","ocean_menu_link_color_active":"","ocean_menu_link_background":"","ocean_menu_link_hover_background":"","ocean_menu_link_active_background":"","ocean_menu_social_links_bg":"","ocean_menu_social_hover_links_bg":"","ocean_menu_social_links_color":"","ocean_menu_social_hover_links_color":"","ocean_disable_title":"default","ocean_disable_heading":"default","ocean_post_title":"","ocean_post_subheading":"","ocean_post_title_style":"","ocean_post_title_background_color":"","ocean_post_title_background":0,"ocean_post_title_bg_image_position":"","ocean_post_title_bg_image_attachment":"","ocean_post_title_bg_image_repeat":"","ocean_post_title_bg_image_size":"","ocean_post_title_height":0,"ocean_post_title_bg_overlay":0.5,"ocean_post_title_bg_overlay_color":"","ocean_disable_breadcrumbs":"default","ocean_breadcrumbs_color":"","ocean_breadcrumbs_separator_color":"","ocean_breadcrumbs_links_color":"","ocean_breadcrumbs_links_hover_color":"","ocean_display_footer_widgets":"default","ocean_display_footer_bottom":"default","ocean_custom_footer_template":"","ocean_post_oembed":"","ocean_post_self_hosted_media":"","ocean_post_video_embed":"","ocean_link_format":"","ocean_link_format_target":"self","ocean_quote_format":"","ocean_quote_format_link":"post","ocean_gallery_link_images":"on","ocean_gallery_id":[],"footnotes":""},"categories":[133],"tags":[138],"class_list":["post-56534","post","type-post","status-publish","format-standard","has-post-thumbnail","hentry","category-notizie","tag-notizie-di-mercato","entry","has-media"],"yoast_head":"<!-- This site is optimized with the Yoast SEO plugin v27.4 - https:\/\/yoast.com\/product\/yoast-seo-wordpress\/ -->\n<title>La Spagna aumenta del 4% il numero di turisti internazionali nei primi otto mesi dell\u2019anno - Italcamara<\/title>\n<meta name=\"robots\" content=\"index, follow, max-snippet:-1, max-image-preview:large, max-video-preview:-1\" \/>\n<link rel=\"canonical\" href=\"https:\/\/italcamara-es.com\/it\/notizie\/la-spagna-aumenta-del-4-il-numero-di-turisti-internazionali-nei-primi-otto-mesi-dellanno\/\" \/>\n<meta property=\"og:locale\" content=\"it_IT\" \/>\n<meta property=\"og:type\" content=\"article\" \/>\n<meta property=\"og:title\" content=\"La Spagna aumenta del 4% il numero di turisti internazionali nei primi otto mesi dell\u2019anno - Italcamara\" \/>\n<meta property=\"og:description\" content=\"Il paese Iberico ha ricevuto pi\u00f9 di 47,2 milioni di visitatori da gennaio ad agosto. I turisti provenienti da\u00a0Regno Unito, Francia e Germania sono pi\u00f9 del 55,4% del totale Secondo i dati pubblicati lo scorso 22 ettembre dall&#8217;Instituto de Estudios Tur\u00edsticos, organismo che dipende dal Ministerio de Industria, Turismo y Energ\u00eda, la Spagna ha ricevuto [&hellip;]\" \/>\n<meta property=\"og:url\" content=\"https:\/\/italcamara-es.com\/it\/notizie\/la-spagna-aumenta-del-4-il-numero-di-turisti-internazionali-nei-primi-otto-mesi-dellanno\/\" \/>\n<meta property=\"og:site_name\" content=\"Italcamara\" \/>\n<meta property=\"article:published_time\" content=\"2015-10-03T06:30:09+00:00\" \/>\n<meta property=\"og:image\" content=\"https:\/\/italcamara-es.com\/wp-content\/uploads\/2025\/03\/turistas-250jpg.jpg\" \/>\n\t<meta property=\"og:image:width\" content=\"250\" \/>\n\t<meta property=\"og:image:height\" content=\"161\" \/>\n\t<meta property=\"og:image:type\" content=\"image\/jpeg\" \/>\n<meta name=\"author\" content=\"administrador\" \/>\n<meta name=\"twitter:card\" content=\"summary_large_image\" \/>\n<meta name=\"twitter:label1\" content=\"Scritto da\" \/>\n\t<meta name=\"twitter:data1\" content=\"administrador\" \/>\n\t<meta name=\"twitter:label2\" content=\"Tempo di lettura stimato\" \/>\n\t<meta name=\"twitter:data2\" content=\"2 minuti\" \/>\n<script type=\"application\/ld+json\" class=\"yoast-schema-graph\">{\"@context\":\"https:\\\/\\\/schema.org\",\"@graph\":[{\"@type\":\"Article\",\"@id\":\"https:\\\/\\\/italcamara-es.com\\\/it\\\/notizie\\\/la-spagna-aumenta-del-4-il-numero-di-turisti-internazionali-nei-primi-otto-mesi-dellanno\\\/#article\",\"isPartOf\":{\"@id\":\"https:\\\/\\\/italcamara-es.com\\\/it\\\/notizie\\\/la-spagna-aumenta-del-4-il-numero-di-turisti-internazionali-nei-primi-otto-mesi-dellanno\\\/\"},\"author\":{\"name\":\"administrador\",\"@id\":\"https:\\\/\\\/italcamara-es.com\\\/#\\\/schema\\\/person\\\/bb3c56263e405bbd9a15171dcfee93bb\"},\"headline\":\"La Spagna aumenta del 4% il numero di turisti internazionali nei primi otto mesi dell\u2019anno\",\"datePublished\":\"2015-10-03T06:30:09+00:00\",\"mainEntityOfPage\":{\"@id\":\"https:\\\/\\\/italcamara-es.com\\\/it\\\/notizie\\\/la-spagna-aumenta-del-4-il-numero-di-turisti-internazionali-nei-primi-otto-mesi-dellanno\\\/\"},\"wordCount\":339,\"commentCount\":0,\"image\":{\"@id\":\"https:\\\/\\\/italcamara-es.com\\\/it\\\/notizie\\\/la-spagna-aumenta-del-4-il-numero-di-turisti-internazionali-nei-primi-otto-mesi-dellanno\\\/#primaryimage\"},\"thumbnailUrl\":\"https:\\\/\\\/italcamara-es.com\\\/wp-content\\\/uploads\\\/2025\\\/03\\\/turistas-250jpg.jpg\",\"keywords\":[\"Notizie di Mercato\"],\"articleSection\":[\"Notizie\"],\"inLanguage\":\"it-IT\",\"potentialAction\":[{\"@type\":\"CommentAction\",\"name\":\"Comment\",\"target\":[\"https:\\\/\\\/italcamara-es.com\\\/it\\\/notizie\\\/la-spagna-aumenta-del-4-il-numero-di-turisti-internazionali-nei-primi-otto-mesi-dellanno\\\/#respond\"]}]},{\"@type\":\"WebPage\",\"@id\":\"https:\\\/\\\/italcamara-es.com\\\/it\\\/notizie\\\/la-spagna-aumenta-del-4-il-numero-di-turisti-internazionali-nei-primi-otto-mesi-dellanno\\\/\",\"url\":\"https:\\\/\\\/italcamara-es.com\\\/it\\\/notizie\\\/la-spagna-aumenta-del-4-il-numero-di-turisti-internazionali-nei-primi-otto-mesi-dellanno\\\/\",\"name\":\"La Spagna aumenta del 4% il numero di turisti internazionali nei primi otto mesi dell\u2019anno - Italcamara\",\"isPartOf\":{\"@id\":\"https:\\\/\\\/italcamara-es.com\\\/#website\"},\"primaryImageOfPage\":{\"@id\":\"https:\\\/\\\/italcamara-es.com\\\/it\\\/notizie\\\/la-spagna-aumenta-del-4-il-numero-di-turisti-internazionali-nei-primi-otto-mesi-dellanno\\\/#primaryimage\"},\"image\":{\"@id\":\"https:\\\/\\\/italcamara-es.com\\\/it\\\/notizie\\\/la-spagna-aumenta-del-4-il-numero-di-turisti-internazionali-nei-primi-otto-mesi-dellanno\\\/#primaryimage\"},\"thumbnailUrl\":\"https:\\\/\\\/italcamara-es.com\\\/wp-content\\\/uploads\\\/2025\\\/03\\\/turistas-250jpg.jpg\",\"datePublished\":\"2015-10-03T06:30:09+00:00\",\"author\":{\"@id\":\"https:\\\/\\\/italcamara-es.com\\\/#\\\/schema\\\/person\\\/bb3c56263e405bbd9a15171dcfee93bb\"},\"breadcrumb\":{\"@id\":\"https:\\\/\\\/italcamara-es.com\\\/it\\\/notizie\\\/la-spagna-aumenta-del-4-il-numero-di-turisti-internazionali-nei-primi-otto-mesi-dellanno\\\/#breadcrumb\"},\"inLanguage\":\"it-IT\",\"potentialAction\":[{\"@type\":\"ReadAction\",\"target\":[\"https:\\\/\\\/italcamara-es.com\\\/it\\\/notizie\\\/la-spagna-aumenta-del-4-il-numero-di-turisti-internazionali-nei-primi-otto-mesi-dellanno\\\/\"]}]},{\"@type\":\"ImageObject\",\"inLanguage\":\"it-IT\",\"@id\":\"https:\\\/\\\/italcamara-es.com\\\/it\\\/notizie\\\/la-spagna-aumenta-del-4-il-numero-di-turisti-internazionali-nei-primi-otto-mesi-dellanno\\\/#primaryimage\",\"url\":\"https:\\\/\\\/italcamara-es.com\\\/wp-content\\\/uploads\\\/2025\\\/03\\\/turistas-250jpg.jpg\",\"contentUrl\":\"https:\\\/\\\/italcamara-es.com\\\/wp-content\\\/uploads\\\/2025\\\/03\\\/turistas-250jpg.jpg\",\"width\":250,\"height\":161},{\"@type\":\"BreadcrumbList\",\"@id\":\"https:\\\/\\\/italcamara-es.com\\\/it\\\/notizie\\\/la-spagna-aumenta-del-4-il-numero-di-turisti-internazionali-nei-primi-otto-mesi-dellanno\\\/#breadcrumb\",\"itemListElement\":[{\"@type\":\"ListItem\",\"position\":1,\"name\":\"Inicio\",\"item\":\"https:\\\/\\\/italcamara-es.com\\\/it\\\/homepage-ita\\\/\"},{\"@type\":\"ListItem\",\"position\":2,\"name\":\"La Spagna aumenta del 4% il numero di turisti internazionali nei primi otto mesi dell\u2019anno\"}]},{\"@type\":\"WebSite\",\"@id\":\"https:\\\/\\\/italcamara-es.com\\\/#website\",\"url\":\"https:\\\/\\\/italcamara-es.com\\\/\",\"name\":\"Italcamara\",\"description\":\"\",\"potentialAction\":[{\"@type\":\"SearchAction\",\"target\":{\"@type\":\"EntryPoint\",\"urlTemplate\":\"https:\\\/\\\/italcamara-es.com\\\/?s={search_term_string}\"},\"query-input\":{\"@type\":\"PropertyValueSpecification\",\"valueRequired\":true,\"valueName\":\"search_term_string\"}}],\"inLanguage\":\"it-IT\"},{\"@type\":\"Person\",\"@id\":\"https:\\\/\\\/italcamara-es.com\\\/#\\\/schema\\\/person\\\/bb3c56263e405bbd9a15171dcfee93bb\",\"name\":\"administrador\",\"image\":{\"@type\":\"ImageObject\",\"inLanguage\":\"it-IT\",\"@id\":\"https:\\\/\\\/secure.gravatar.com\\\/avatar\\\/14b5e63db38320b12031bb28cf9f77e210aa71fb3a8a3602a3c9a05134fa75eb?s=96&d=mm&r=g\",\"url\":\"https:\\\/\\\/secure.gravatar.com\\\/avatar\\\/14b5e63db38320b12031bb28cf9f77e210aa71fb3a8a3602a3c9a05134fa75eb?s=96&d=mm&r=g\",\"contentUrl\":\"https:\\\/\\\/secure.gravatar.com\\\/avatar\\\/14b5e63db38320b12031bb28cf9f77e210aa71fb3a8a3602a3c9a05134fa75eb?s=96&d=mm&r=g\",\"caption\":\"administrador\"},\"sameAs\":[\"http:\\\/\\\/pre.italcamara-es.com\"],\"url\":\"https:\\\/\\\/italcamara-es.com\\\/it\\\/author\\\/administrador\\\/\"}]}<\/script>\n<!-- \/ Yoast SEO plugin. -->","yoast_head_json":{"title":"La Spagna aumenta del 4% il numero di turisti internazionali nei primi otto mesi dell\u2019anno - Italcamara","robots":{"index":"index","follow":"follow","max-snippet":"max-snippet:-1","max-image-preview":"max-image-preview:large","max-video-preview":"max-video-preview:-1"},"canonical":"https:\/\/italcamara-es.com\/it\/notizie\/la-spagna-aumenta-del-4-il-numero-di-turisti-internazionali-nei-primi-otto-mesi-dellanno\/","og_locale":"it_IT","og_type":"article","og_title":"La Spagna aumenta del 4% il numero di turisti internazionali nei primi otto mesi dell\u2019anno - Italcamara","og_description":"Il paese Iberico ha ricevuto pi\u00f9 di 47,2 milioni di visitatori da gennaio ad agosto. I turisti provenienti da\u00a0Regno Unito, Francia e Germania sono pi\u00f9 del 55,4% del totale Secondo i dati pubblicati lo scorso 22 ettembre dall&#8217;Instituto de Estudios Tur\u00edsticos, organismo che dipende dal Ministerio de Industria, Turismo y Energ\u00eda, la Spagna ha ricevuto [&hellip;]","og_url":"https:\/\/italcamara-es.com\/it\/notizie\/la-spagna-aumenta-del-4-il-numero-di-turisti-internazionali-nei-primi-otto-mesi-dellanno\/","og_site_name":"Italcamara","article_published_time":"2015-10-03T06:30:09+00:00","og_image":[{"width":250,"height":161,"url":"https:\/\/italcamara-es.com\/wp-content\/uploads\/2025\/03\/turistas-250jpg.jpg","type":"image\/jpeg"}],"author":"administrador","twitter_card":"summary_large_image","twitter_misc":{"Scritto da":"administrador","Tempo di lettura stimato":"2 minuti"},"schema":{"@context":"https:\/\/schema.org","@graph":[{"@type":"Article","@id":"https:\/\/italcamara-es.com\/it\/notizie\/la-spagna-aumenta-del-4-il-numero-di-turisti-internazionali-nei-primi-otto-mesi-dellanno\/#article","isPartOf":{"@id":"https:\/\/italcamara-es.com\/it\/notizie\/la-spagna-aumenta-del-4-il-numero-di-turisti-internazionali-nei-primi-otto-mesi-dellanno\/"},"author":{"name":"administrador","@id":"https:\/\/italcamara-es.com\/#\/schema\/person\/bb3c56263e405bbd9a15171dcfee93bb"},"headline":"La Spagna aumenta del 4% il numero di turisti internazionali nei primi otto mesi dell\u2019anno","datePublished":"2015-10-03T06:30:09+00:00","mainEntityOfPage":{"@id":"https:\/\/italcamara-es.com\/it\/notizie\/la-spagna-aumenta-del-4-il-numero-di-turisti-internazionali-nei-primi-otto-mesi-dellanno\/"},"wordCount":339,"commentCount":0,"image":{"@id":"https:\/\/italcamara-es.com\/it\/notizie\/la-spagna-aumenta-del-4-il-numero-di-turisti-internazionali-nei-primi-otto-mesi-dellanno\/#primaryimage"},"thumbnailUrl":"https:\/\/italcamara-es.com\/wp-content\/uploads\/2025\/03\/turistas-250jpg.jpg","keywords":["Notizie di Mercato"],"articleSection":["Notizie"],"inLanguage":"it-IT","potentialAction":[{"@type":"CommentAction","name":"Comment","target":["https:\/\/italcamara-es.com\/it\/notizie\/la-spagna-aumenta-del-4-il-numero-di-turisti-internazionali-nei-primi-otto-mesi-dellanno\/#respond"]}]},{"@type":"WebPage","@id":"https:\/\/italcamara-es.com\/it\/notizie\/la-spagna-aumenta-del-4-il-numero-di-turisti-internazionali-nei-primi-otto-mesi-dellanno\/","url":"https:\/\/italcamara-es.com\/it\/notizie\/la-spagna-aumenta-del-4-il-numero-di-turisti-internazionali-nei-primi-otto-mesi-dellanno\/","name":"La Spagna aumenta del 4% il numero di turisti internazionali nei primi otto mesi dell\u2019anno - Italcamara","isPartOf":{"@id":"https:\/\/italcamara-es.com\/#website"},"primaryImageOfPage":{"@id":"https:\/\/italcamara-es.com\/it\/notizie\/la-spagna-aumenta-del-4-il-numero-di-turisti-internazionali-nei-primi-otto-mesi-dellanno\/#primaryimage"},"image":{"@id":"https:\/\/italcamara-es.com\/it\/notizie\/la-spagna-aumenta-del-4-il-numero-di-turisti-internazionali-nei-primi-otto-mesi-dellanno\/#primaryimage"},"thumbnailUrl":"https:\/\/italcamara-es.com\/wp-content\/uploads\/2025\/03\/turistas-250jpg.jpg","datePublished":"2015-10-03T06:30:09+00:00","author":{"@id":"https:\/\/italcamara-es.com\/#\/schema\/person\/bb3c56263e405bbd9a15171dcfee93bb"},"breadcrumb":{"@id":"https:\/\/italcamara-es.com\/it\/notizie\/la-spagna-aumenta-del-4-il-numero-di-turisti-internazionali-nei-primi-otto-mesi-dellanno\/#breadcrumb"},"inLanguage":"it-IT","potentialAction":[{"@type":"ReadAction","target":["https:\/\/italcamara-es.com\/it\/notizie\/la-spagna-aumenta-del-4-il-numero-di-turisti-internazionali-nei-primi-otto-mesi-dellanno\/"]}]},{"@type":"ImageObject","inLanguage":"it-IT","@id":"https:\/\/italcamara-es.com\/it\/notizie\/la-spagna-aumenta-del-4-il-numero-di-turisti-internazionali-nei-primi-otto-mesi-dellanno\/#primaryimage","url":"https:\/\/italcamara-es.com\/wp-content\/uploads\/2025\/03\/turistas-250jpg.jpg","contentUrl":"https:\/\/italcamara-es.com\/wp-content\/uploads\/2025\/03\/turistas-250jpg.jpg","width":250,"height":161},{"@type":"BreadcrumbList","@id":"https:\/\/italcamara-es.com\/it\/notizie\/la-spagna-aumenta-del-4-il-numero-di-turisti-internazionali-nei-primi-otto-mesi-dellanno\/#breadcrumb","itemListElement":[{"@type":"ListItem","position":1,"name":"Inicio","item":"https:\/\/italcamara-es.com\/it\/homepage-ita\/"},{"@type":"ListItem","position":2,"name":"La Spagna aumenta del 4% il numero di turisti internazionali nei primi otto mesi dell\u2019anno"}]},{"@type":"WebSite","@id":"https:\/\/italcamara-es.com\/#website","url":"https:\/\/italcamara-es.com\/","name":"Italcamara","description":"","potentialAction":[{"@type":"SearchAction","target":{"@type":"EntryPoint","urlTemplate":"https:\/\/italcamara-es.com\/?s={search_term_string}"},"query-input":{"@type":"PropertyValueSpecification","valueRequired":true,"valueName":"search_term_string"}}],"inLanguage":"it-IT"},{"@type":"Person","@id":"https:\/\/italcamara-es.com\/#\/schema\/person\/bb3c56263e405bbd9a15171dcfee93bb","name":"administrador","image":{"@type":"ImageObject","inLanguage":"it-IT","@id":"https:\/\/secure.gravatar.com\/avatar\/14b5e63db38320b12031bb28cf9f77e210aa71fb3a8a3602a3c9a05134fa75eb?s=96&d=mm&r=g","url":"https:\/\/secure.gravatar.com\/avatar\/14b5e63db38320b12031bb28cf9f77e210aa71fb3a8a3602a3c9a05134fa75eb?s=96&d=mm&r=g","contentUrl":"https:\/\/secure.gravatar.com\/avatar\/14b5e63db38320b12031bb28cf9f77e210aa71fb3a8a3602a3c9a05134fa75eb?s=96&d=mm&r=g","caption":"administrador"},"sameAs":["http:\/\/pre.italcamara-es.com"],"url":"https:\/\/italcamara-es.com\/it\/author\/administrador\/"}]}},"rttpg_featured_image_url":{"full":["https:\/\/italcamara-es.com\/wp-content\/uploads\/2025\/03\/turistas-250jpg.jpg",250,161,false],"landscape":["https:\/\/italcamara-es.com\/wp-content\/uploads\/2025\/03\/turistas-250jpg.jpg",250,161,false],"portraits":["https:\/\/italcamara-es.com\/wp-content\/uploads\/2025\/03\/turistas-250jpg.jpg",250,161,false],"thumbnail":["https:\/\/italcamara-es.com\/wp-content\/uploads\/2025\/03\/turistas-250jpg-150x150.jpg",150,150,true],"medium":["https:\/\/italcamara-es.com\/wp-content\/uploads\/2025\/03\/turistas-250jpg.jpg",250,161,false],"large":["https:\/\/italcamara-es.com\/wp-content\/uploads\/2025\/03\/turistas-250jpg.jpg",250,161,false],"1536x1536":["https:\/\/italcamara-es.com\/wp-content\/uploads\/2025\/03\/turistas-250jpg.jpg",250,161,false],"2048x2048":["https:\/\/italcamara-es.com\/wp-content\/uploads\/2025\/03\/turistas-250jpg.jpg",250,161,false],"ocean-thumb-m":["https:\/\/italcamara-es.com\/wp-content\/uploads\/2025\/03\/turistas-250jpg.jpg",250,161,false],"ocean-thumb-ml":["https:\/\/italcamara-es.com\/wp-content\/uploads\/2025\/03\/turistas-250jpg.jpg",250,161,false],"ocean-thumb-l":["https:\/\/italcamara-es.com\/wp-content\/uploads\/2025\/03\/turistas-250jpg.jpg",250,161,false],"directorist_preview":["https:\/\/italcamara-es.com\/wp-content\/uploads\/2025\/03\/turistas-250jpg.jpg",250,161,false]},"rttpg_author":{"display_name":"administrador","author_link":"https:\/\/italcamara-es.com\/it\/author\/administrador\/"},"rttpg_comment":0,"rttpg_category":"<a href=\"https:\/\/italcamara-es.com\/it\/category\/notizie\/\" rel=\"category tag\">Notizie<\/a>","rttpg_excerpt":"Il paese Iberico ha ricevuto pi\u00f9 di 47,2 milioni di visitatori da gennaio ad agosto. I turisti provenienti da\u00a0Regno Unito, Francia e Germania sono pi\u00f9 del 55,4% del totale Secondo i dati pubblicati lo scorso 22 ettembre dall&#8217;Instituto de Estudios Tur\u00edsticos, organismo che dipende dal Ministerio de Industria, Turismo y Energ\u00eda, la Spagna ha ricevuto&hellip;","_links":{"self":[{"href":"https:\/\/italcamara-es.com\/it\/wp-json\/wp\/v2\/posts\/56534","targetHints":{"allow":["GET"]}}],"collection":[{"href":"https:\/\/italcamara-es.com\/it\/wp-json\/wp\/v2\/posts"}],"about":[{"href":"https:\/\/italcamara-es.com\/it\/wp-json\/wp\/v2\/types\/post"}],"author":[{"embeddable":true,"href":"https:\/\/italcamara-es.com\/it\/wp-json\/wp\/v2\/users\/1"}],"replies":[{"embeddable":true,"href":"https:\/\/italcamara-es.com\/it\/wp-json\/wp\/v2\/comments?post=56534"}],"version-history":[{"count":0,"href":"https:\/\/italcamara-es.com\/it\/wp-json\/wp\/v2\/posts\/56534\/revisions"}],"wp:featuredmedia":[{"embeddable":true,"href":"https:\/\/italcamara-es.com\/it\/wp-json\/wp\/v2\/media\/53525"}],"wp:attachment":[{"href":"https:\/\/italcamara-es.com\/it\/wp-json\/wp\/v2\/media?parent=56534"}],"wp:term":[{"taxonomy":"category","embeddable":true,"href":"https:\/\/italcamara-es.com\/it\/wp-json\/wp\/v2\/categories?post=56534"},{"taxonomy":"post_tag","embeddable":true,"href":"https:\/\/italcamara-es.com\/it\/wp-json\/wp\/v2\/tags?post=56534"}],"curies":[{"name":"wp","href":"https:\/\/api.w.org\/{rel}","templated":true}]}}