	{"id":56536,"date":"2015-09-01T09:22:29","date_gmt":"2015-09-01T07:22:29","guid":{"rendered":"http:\/\/pre.italcamara-es.com\/senza-categoria\/positivi-gli-ultimi-dati-sulla-disoccupazione-in-italia\/"},"modified":"2015-09-01T09:22:29","modified_gmt":"2015-09-01T07:22:29","slug":"positivi-gli-ultimi-dati-sulla-disoccupazione-in-italia","status":"publish","type":"post","link":"https:\/\/italcamara-es.com\/it\/notizie\/positivi-gli-ultimi-dati-sulla-disoccupazione-in-italia\/","title":{"rendered":"Positivi gli ultimi dati sulla disoccupazione in Italia"},"content":{"rendered":"<p style=\"text-align: justify;\"><em>Buoni segnali anche per la crescita dell&#8217;economia, rivista al rialzo rispetto alle stime di met\u00e0 agosto<\/em><\/p>\n<p style=\"text-align: justify;\">\n<p style=\"text-align: justify;\">Secondo i dati diffusi dall\u2019Istat, la disoccupazione in Italia \u00e8 calata nel mese di luglio 2015 attestandosi al 12,0%.<\/p>\n<p style=\"text-align: justify;\">\n<p style=\"text-align: justify;\">In particolare, la stima dei disoccupati, pari a 3,074 milioni di persone, diminuisce del 4,4% (-143 mila) su base mensile e nei dodici mesi la disoccupazione diminuisce del 6,6% (-217 mila persone in cerca di lavoro). Nell\u2019ultimo mese la stima della disoccupazione \u00e8 in calo sia tra gli uomini (-3,5%) sia tra le donne (-5,6%). Lo stesso andamento si osserva per i tassi di disoccupazione: quello maschile, pari all\u201911,5%, cala di 0,4 punti percentuali, quello femminile, pari al 12,7%, cala di 0,6 punti. Nella media del periodo maggio-luglio, il tasso di disoccupazione rimane invariato per gli uomini, mentre diminuisce per le donne (-0,1 punti). Su base annua gli uomini vedono calare il tasso di disoccupazione (-0,5%), come anche le donne (-1,3%). L\u2019Istat sottolinea anche come nel secondo trimestre si amplino i divari territoriali: dal 7,9% nelle regioni settentrionali, al 10,7% nel Centro fino ad arrivare al 20,2% nel Mezzogiorno.<\/p>\n<p style=\"text-align: justify;\">\n<p style=\"text-align: justify;\">Anche per la crescita i dati diffusi dall\u2019Istat invitano all\u2019ottimismo: L\u2019incremento del PIL nel secondo trimestre dell\u2019anno \u00e8 stato rivisto al rialzo rispetto alle stime di met\u00e0 agosto, passando dal +0,2% ad un pi\u00f9 confortante +0,3% in termini intertrimestrali, e a +0,7% su base annua (da 0,5%). Si tratta dell\u2019aumento tendenziale pi\u00f9 alto da quattro anni.<\/p>\n","protected":false},"excerpt":{"rendered":"<p>Buoni segnali anche per la crescita dell&#8217;economia, rivista al rialzo rispetto alle stime di met\u00e0 agosto Secondo i dati diffusi dall\u2019Istat, la disoccupazione in Italia \u00e8 calata nel mese di luglio 2015 attestandosi al 12,0%. In particolare, la stima dei disoccupati, pari a 3,074 milioni di persone, diminuisce del 4,4% (-143 mila) su base mensile [&hellip;]<\/p>\n","protected":false},"author":1,"featured_media":53529,"comment_status":"open","ping_status":"open","sticky":false,"template":"","format":"standard","meta":{"inline_featured_image":false,"ocean_post_layout":"","ocean_both_sidebars_style":"","ocean_both_sidebars_content_width":0,"ocean_both_sidebars_sidebars_width":0,"ocean_sidebar":"","ocean_second_sidebar":"","ocean_disable_margins":"enable","ocean_add_body_class":"","ocean_shortcode_before_top_bar":"","ocean_shortcode_after_top_bar":"","ocean_shortcode_before_header":"","ocean_shortcode_after_header":"","ocean_has_shortcode":"","ocean_shortcode_after_title":"","ocean_shortcode_before_footer_widgets":"","ocean_shortcode_after_footer_widgets":"","ocean_shortcode_before_footer_bottom":"","ocean_shortcode_after_footer_bottom":"","ocean_display_top_bar":"default","ocean_display_header":"default","ocean_header_style":"","ocean_center_header_left_menu":"","ocean_custom_header_template":"","ocean_custom_logo":0,"ocean_custom_retina_logo":0,"ocean_custom_logo_max_width":0,"ocean_custom_logo_tablet_max_width":0,"ocean_custom_logo_mobile_max_width":0,"ocean_custom_logo_max_height":0,"ocean_custom_logo_tablet_max_height":0,"ocean_custom_logo_mobile_max_height":0,"ocean_header_custom_menu":"","ocean_menu_typo_font_family":"","ocean_menu_typo_font_subset":"","ocean_menu_typo_font_size":0,"ocean_menu_typo_font_size_tablet":0,"ocean_menu_typo_font_size_mobile":0,"ocean_menu_typo_font_size_unit":"px","ocean_menu_typo_font_weight":"","ocean_menu_typo_font_weight_tablet":"","ocean_menu_typo_font_weight_mobile":"","ocean_menu_typo_transform":"","ocean_menu_typo_transform_tablet":"","ocean_menu_typo_transform_mobile":"","ocean_menu_typo_line_height":0,"ocean_menu_typo_line_height_tablet":0,"ocean_menu_typo_line_height_mobile":0,"ocean_menu_typo_line_height_unit":"","ocean_menu_typo_spacing":0,"ocean_menu_typo_spacing_tablet":0,"ocean_menu_typo_spacing_mobile":0,"ocean_menu_typo_spacing_unit":"","ocean_menu_link_color":"","ocean_menu_link_color_hover":"","ocean_menu_link_color_active":"","ocean_menu_link_background":"","ocean_menu_link_hover_background":"","ocean_menu_link_active_background":"","ocean_menu_social_links_bg":"","ocean_menu_social_hover_links_bg":"","ocean_menu_social_links_color":"","ocean_menu_social_hover_links_color":"","ocean_disable_title":"default","ocean_disable_heading":"default","ocean_post_title":"","ocean_post_subheading":"","ocean_post_title_style":"","ocean_post_title_background_color":"","ocean_post_title_background":0,"ocean_post_title_bg_image_position":"","ocean_post_title_bg_image_attachment":"","ocean_post_title_bg_image_repeat":"","ocean_post_title_bg_image_size":"","ocean_post_title_height":0,"ocean_post_title_bg_overlay":0.5,"ocean_post_title_bg_overlay_color":"","ocean_disable_breadcrumbs":"default","ocean_breadcrumbs_color":"","ocean_breadcrumbs_separator_color":"","ocean_breadcrumbs_links_color":"","ocean_breadcrumbs_links_hover_color":"","ocean_display_footer_widgets":"default","ocean_display_footer_bottom":"default","ocean_custom_footer_template":"","ocean_post_oembed":"","ocean_post_self_hosted_media":"","ocean_post_video_embed":"","ocean_link_format":"","ocean_link_format_target":"self","ocean_quote_format":"","ocean_quote_format_link":"post","ocean_gallery_link_images":"on","ocean_gallery_id":[],"footnotes":""},"categories":[133],"tags":[138],"class_list":["post-56536","post","type-post","status-publish","format-standard","has-post-thumbnail","hentry","category-notizie","tag-notizie-di-mercato","entry","has-media"],"yoast_head":"<!-- This site is optimized with the Yoast SEO plugin v27.4 - https:\/\/yoast.com\/product\/yoast-seo-wordpress\/ -->\n<title>Positivi gli ultimi dati sulla disoccupazione in Italia - Italcamara<\/title>\n<meta name=\"robots\" content=\"index, follow, max-snippet:-1, max-image-preview:large, max-video-preview:-1\" \/>\n<link rel=\"canonical\" href=\"https:\/\/italcamara-es.com\/it\/notizie\/positivi-gli-ultimi-dati-sulla-disoccupazione-in-italia\/\" \/>\n<meta property=\"og:locale\" content=\"it_IT\" \/>\n<meta property=\"og:type\" content=\"article\" \/>\n<meta property=\"og:title\" content=\"Positivi gli ultimi dati sulla disoccupazione in Italia - Italcamara\" \/>\n<meta property=\"og:description\" content=\"Buoni segnali anche per la crescita dell&#8217;economia, rivista al rialzo rispetto alle stime di met\u00e0 agosto Secondo i dati diffusi dall\u2019Istat, la disoccupazione in Italia \u00e8 calata nel mese di luglio 2015 attestandosi al 12,0%. In particolare, la stima dei disoccupati, pari a 3,074 milioni di persone, diminuisce del 4,4% (-143 mila) su base mensile [&hellip;]\" \/>\n<meta property=\"og:url\" content=\"https:\/\/italcamara-es.com\/it\/notizie\/positivi-gli-ultimi-dati-sulla-disoccupazione-in-italia\/\" \/>\n<meta property=\"og:site_name\" content=\"Italcamara\" \/>\n<meta property=\"article:published_time\" content=\"2015-09-01T07:22:29+00:00\" \/>\n<meta property=\"og:image\" content=\"https:\/\/italcamara-es.com\/wp-content\/uploads\/2025\/03\/lavoro230.jpg\" \/>\n\t<meta property=\"og:image:width\" content=\"230\" \/>\n\t<meta property=\"og:image:height\" content=\"137\" \/>\n\t<meta property=\"og:image:type\" content=\"image\/jpeg\" \/>\n<meta name=\"author\" content=\"administrador\" \/>\n<meta name=\"twitter:card\" content=\"summary_large_image\" \/>\n<meta name=\"twitter:label1\" content=\"Scritto da\" \/>\n\t<meta name=\"twitter:data1\" content=\"administrador\" \/>\n\t<meta name=\"twitter:label2\" content=\"Tempo di lettura stimato\" \/>\n\t<meta name=\"twitter:data2\" content=\"1 minuto\" \/>\n<script type=\"application\/ld+json\" class=\"yoast-schema-graph\">{\"@context\":\"https:\\\/\\\/schema.org\",\"@graph\":[{\"@type\":\"Article\",\"@id\":\"https:\\\/\\\/italcamara-es.com\\\/it\\\/notizie\\\/positivi-gli-ultimi-dati-sulla-disoccupazione-in-italia\\\/#article\",\"isPartOf\":{\"@id\":\"https:\\\/\\\/italcamara-es.com\\\/it\\\/notizie\\\/positivi-gli-ultimi-dati-sulla-disoccupazione-in-italia\\\/\"},\"author\":{\"name\":\"administrador\",\"@id\":\"https:\\\/\\\/italcamara-es.com\\\/#\\\/schema\\\/person\\\/bb3c56263e405bbd9a15171dcfee93bb\"},\"headline\":\"Positivi gli ultimi dati sulla disoccupazione in Italia\",\"datePublished\":\"2015-09-01T07:22:29+00:00\",\"mainEntityOfPage\":{\"@id\":\"https:\\\/\\\/italcamara-es.com\\\/it\\\/notizie\\\/positivi-gli-ultimi-dati-sulla-disoccupazione-in-italia\\\/\"},\"wordCount\":239,\"commentCount\":0,\"image\":{\"@id\":\"https:\\\/\\\/italcamara-es.com\\\/it\\\/notizie\\\/positivi-gli-ultimi-dati-sulla-disoccupazione-in-italia\\\/#primaryimage\"},\"thumbnailUrl\":\"https:\\\/\\\/italcamara-es.com\\\/wp-content\\\/uploads\\\/2025\\\/03\\\/lavoro230.jpg\",\"keywords\":[\"Notizie di Mercato\"],\"articleSection\":[\"Notizie\"],\"inLanguage\":\"it-IT\",\"potentialAction\":[{\"@type\":\"CommentAction\",\"name\":\"Comment\",\"target\":[\"https:\\\/\\\/italcamara-es.com\\\/it\\\/notizie\\\/positivi-gli-ultimi-dati-sulla-disoccupazione-in-italia\\\/#respond\"]}]},{\"@type\":\"WebPage\",\"@id\":\"https:\\\/\\\/italcamara-es.com\\\/it\\\/notizie\\\/positivi-gli-ultimi-dati-sulla-disoccupazione-in-italia\\\/\",\"url\":\"https:\\\/\\\/italcamara-es.com\\\/it\\\/notizie\\\/positivi-gli-ultimi-dati-sulla-disoccupazione-in-italia\\\/\",\"name\":\"Positivi gli ultimi dati sulla disoccupazione in Italia - Italcamara\",\"isPartOf\":{\"@id\":\"https:\\\/\\\/italcamara-es.com\\\/#website\"},\"primaryImageOfPage\":{\"@id\":\"https:\\\/\\\/italcamara-es.com\\\/it\\\/notizie\\\/positivi-gli-ultimi-dati-sulla-disoccupazione-in-italia\\\/#primaryimage\"},\"image\":{\"@id\":\"https:\\\/\\\/italcamara-es.com\\\/it\\\/notizie\\\/positivi-gli-ultimi-dati-sulla-disoccupazione-in-italia\\\/#primaryimage\"},\"thumbnailUrl\":\"https:\\\/\\\/italcamara-es.com\\\/wp-content\\\/uploads\\\/2025\\\/03\\\/lavoro230.jpg\",\"datePublished\":\"2015-09-01T07:22:29+00:00\",\"author\":{\"@id\":\"https:\\\/\\\/italcamara-es.com\\\/#\\\/schema\\\/person\\\/bb3c56263e405bbd9a15171dcfee93bb\"},\"breadcrumb\":{\"@id\":\"https:\\\/\\\/italcamara-es.com\\\/it\\\/notizie\\\/positivi-gli-ultimi-dati-sulla-disoccupazione-in-italia\\\/#breadcrumb\"},\"inLanguage\":\"it-IT\",\"potentialAction\":[{\"@type\":\"ReadAction\",\"target\":[\"https:\\\/\\\/italcamara-es.com\\\/it\\\/notizie\\\/positivi-gli-ultimi-dati-sulla-disoccupazione-in-italia\\\/\"]}]},{\"@type\":\"ImageObject\",\"inLanguage\":\"it-IT\",\"@id\":\"https:\\\/\\\/italcamara-es.com\\\/it\\\/notizie\\\/positivi-gli-ultimi-dati-sulla-disoccupazione-in-italia\\\/#primaryimage\",\"url\":\"https:\\\/\\\/italcamara-es.com\\\/wp-content\\\/uploads\\\/2025\\\/03\\\/lavoro230.jpg\",\"contentUrl\":\"https:\\\/\\\/italcamara-es.com\\\/wp-content\\\/uploads\\\/2025\\\/03\\\/lavoro230.jpg\",\"width\":230,\"height\":137},{\"@type\":\"BreadcrumbList\",\"@id\":\"https:\\\/\\\/italcamara-es.com\\\/it\\\/notizie\\\/positivi-gli-ultimi-dati-sulla-disoccupazione-in-italia\\\/#breadcrumb\",\"itemListElement\":[{\"@type\":\"ListItem\",\"position\":1,\"name\":\"Inicio\",\"item\":\"https:\\\/\\\/italcamara-es.com\\\/it\\\/homepage-ita\\\/\"},{\"@type\":\"ListItem\",\"position\":2,\"name\":\"Positivi gli ultimi dati sulla disoccupazione in Italia\"}]},{\"@type\":\"WebSite\",\"@id\":\"https:\\\/\\\/italcamara-es.com\\\/#website\",\"url\":\"https:\\\/\\\/italcamara-es.com\\\/\",\"name\":\"Italcamara\",\"description\":\"\",\"potentialAction\":[{\"@type\":\"SearchAction\",\"target\":{\"@type\":\"EntryPoint\",\"urlTemplate\":\"https:\\\/\\\/italcamara-es.com\\\/?s={search_term_string}\"},\"query-input\":{\"@type\":\"PropertyValueSpecification\",\"valueRequired\":true,\"valueName\":\"search_term_string\"}}],\"inLanguage\":\"it-IT\"},{\"@type\":\"Person\",\"@id\":\"https:\\\/\\\/italcamara-es.com\\\/#\\\/schema\\\/person\\\/bb3c56263e405bbd9a15171dcfee93bb\",\"name\":\"administrador\",\"image\":{\"@type\":\"ImageObject\",\"inLanguage\":\"it-IT\",\"@id\":\"https:\\\/\\\/secure.gravatar.com\\\/avatar\\\/14b5e63db38320b12031bb28cf9f77e210aa71fb3a8a3602a3c9a05134fa75eb?s=96&d=mm&r=g\",\"url\":\"https:\\\/\\\/secure.gravatar.com\\\/avatar\\\/14b5e63db38320b12031bb28cf9f77e210aa71fb3a8a3602a3c9a05134fa75eb?s=96&d=mm&r=g\",\"contentUrl\":\"https:\\\/\\\/secure.gravatar.com\\\/avatar\\\/14b5e63db38320b12031bb28cf9f77e210aa71fb3a8a3602a3c9a05134fa75eb?s=96&d=mm&r=g\",\"caption\":\"administrador\"},\"sameAs\":[\"http:\\\/\\\/pre.italcamara-es.com\"],\"url\":\"https:\\\/\\\/italcamara-es.com\\\/it\\\/author\\\/administrador\\\/\"}]}<\/script>\n<!-- \/ Yoast SEO plugin. -->","yoast_head_json":{"title":"Positivi gli ultimi dati sulla disoccupazione in Italia - Italcamara","robots":{"index":"index","follow":"follow","max-snippet":"max-snippet:-1","max-image-preview":"max-image-preview:large","max-video-preview":"max-video-preview:-1"},"canonical":"https:\/\/italcamara-es.com\/it\/notizie\/positivi-gli-ultimi-dati-sulla-disoccupazione-in-italia\/","og_locale":"it_IT","og_type":"article","og_title":"Positivi gli ultimi dati sulla disoccupazione in Italia - Italcamara","og_description":"Buoni segnali anche per la crescita dell&#8217;economia, rivista al rialzo rispetto alle stime di met\u00e0 agosto Secondo i dati diffusi dall\u2019Istat, la disoccupazione in Italia \u00e8 calata nel mese di luglio 2015 attestandosi al 12,0%. In particolare, la stima dei disoccupati, pari a 3,074 milioni di persone, diminuisce del 4,4% (-143 mila) su base mensile [&hellip;]","og_url":"https:\/\/italcamara-es.com\/it\/notizie\/positivi-gli-ultimi-dati-sulla-disoccupazione-in-italia\/","og_site_name":"Italcamara","article_published_time":"2015-09-01T07:22:29+00:00","og_image":[{"width":230,"height":137,"url":"https:\/\/italcamara-es.com\/wp-content\/uploads\/2025\/03\/lavoro230.jpg","type":"image\/jpeg"}],"author":"administrador","twitter_card":"summary_large_image","twitter_misc":{"Scritto da":"administrador","Tempo di lettura stimato":"1 minuto"},"schema":{"@context":"https:\/\/schema.org","@graph":[{"@type":"Article","@id":"https:\/\/italcamara-es.com\/it\/notizie\/positivi-gli-ultimi-dati-sulla-disoccupazione-in-italia\/#article","isPartOf":{"@id":"https:\/\/italcamara-es.com\/it\/notizie\/positivi-gli-ultimi-dati-sulla-disoccupazione-in-italia\/"},"author":{"name":"administrador","@id":"https:\/\/italcamara-es.com\/#\/schema\/person\/bb3c56263e405bbd9a15171dcfee93bb"},"headline":"Positivi gli ultimi dati sulla disoccupazione in Italia","datePublished":"2015-09-01T07:22:29+00:00","mainEntityOfPage":{"@id":"https:\/\/italcamara-es.com\/it\/notizie\/positivi-gli-ultimi-dati-sulla-disoccupazione-in-italia\/"},"wordCount":239,"commentCount":0,"image":{"@id":"https:\/\/italcamara-es.com\/it\/notizie\/positivi-gli-ultimi-dati-sulla-disoccupazione-in-italia\/#primaryimage"},"thumbnailUrl":"https:\/\/italcamara-es.com\/wp-content\/uploads\/2025\/03\/lavoro230.jpg","keywords":["Notizie di Mercato"],"articleSection":["Notizie"],"inLanguage":"it-IT","potentialAction":[{"@type":"CommentAction","name":"Comment","target":["https:\/\/italcamara-es.com\/it\/notizie\/positivi-gli-ultimi-dati-sulla-disoccupazione-in-italia\/#respond"]}]},{"@type":"WebPage","@id":"https:\/\/italcamara-es.com\/it\/notizie\/positivi-gli-ultimi-dati-sulla-disoccupazione-in-italia\/","url":"https:\/\/italcamara-es.com\/it\/notizie\/positivi-gli-ultimi-dati-sulla-disoccupazione-in-italia\/","name":"Positivi gli ultimi dati sulla disoccupazione in Italia - Italcamara","isPartOf":{"@id":"https:\/\/italcamara-es.com\/#website"},"primaryImageOfPage":{"@id":"https:\/\/italcamara-es.com\/it\/notizie\/positivi-gli-ultimi-dati-sulla-disoccupazione-in-italia\/#primaryimage"},"image":{"@id":"https:\/\/italcamara-es.com\/it\/notizie\/positivi-gli-ultimi-dati-sulla-disoccupazione-in-italia\/#primaryimage"},"thumbnailUrl":"https:\/\/italcamara-es.com\/wp-content\/uploads\/2025\/03\/lavoro230.jpg","datePublished":"2015-09-01T07:22:29+00:00","author":{"@id":"https:\/\/italcamara-es.com\/#\/schema\/person\/bb3c56263e405bbd9a15171dcfee93bb"},"breadcrumb":{"@id":"https:\/\/italcamara-es.com\/it\/notizie\/positivi-gli-ultimi-dati-sulla-disoccupazione-in-italia\/#breadcrumb"},"inLanguage":"it-IT","potentialAction":[{"@type":"ReadAction","target":["https:\/\/italcamara-es.com\/it\/notizie\/positivi-gli-ultimi-dati-sulla-disoccupazione-in-italia\/"]}]},{"@type":"ImageObject","inLanguage":"it-IT","@id":"https:\/\/italcamara-es.com\/it\/notizie\/positivi-gli-ultimi-dati-sulla-disoccupazione-in-italia\/#primaryimage","url":"https:\/\/italcamara-es.com\/wp-content\/uploads\/2025\/03\/lavoro230.jpg","contentUrl":"https:\/\/italcamara-es.com\/wp-content\/uploads\/2025\/03\/lavoro230.jpg","width":230,"height":137},{"@type":"BreadcrumbList","@id":"https:\/\/italcamara-es.com\/it\/notizie\/positivi-gli-ultimi-dati-sulla-disoccupazione-in-italia\/#breadcrumb","itemListElement":[{"@type":"ListItem","position":1,"name":"Inicio","item":"https:\/\/italcamara-es.com\/it\/homepage-ita\/"},{"@type":"ListItem","position":2,"name":"Positivi gli ultimi dati sulla disoccupazione in Italia"}]},{"@type":"WebSite","@id":"https:\/\/italcamara-es.com\/#website","url":"https:\/\/italcamara-es.com\/","name":"Italcamara","description":"","potentialAction":[{"@type":"SearchAction","target":{"@type":"EntryPoint","urlTemplate":"https:\/\/italcamara-es.com\/?s={search_term_string}"},"query-input":{"@type":"PropertyValueSpecification","valueRequired":true,"valueName":"search_term_string"}}],"inLanguage":"it-IT"},{"@type":"Person","@id":"https:\/\/italcamara-es.com\/#\/schema\/person\/bb3c56263e405bbd9a15171dcfee93bb","name":"administrador","image":{"@type":"ImageObject","inLanguage":"it-IT","@id":"https:\/\/secure.gravatar.com\/avatar\/14b5e63db38320b12031bb28cf9f77e210aa71fb3a8a3602a3c9a05134fa75eb?s=96&d=mm&r=g","url":"https:\/\/secure.gravatar.com\/avatar\/14b5e63db38320b12031bb28cf9f77e210aa71fb3a8a3602a3c9a05134fa75eb?s=96&d=mm&r=g","contentUrl":"https:\/\/secure.gravatar.com\/avatar\/14b5e63db38320b12031bb28cf9f77e210aa71fb3a8a3602a3c9a05134fa75eb?s=96&d=mm&r=g","caption":"administrador"},"sameAs":["http:\/\/pre.italcamara-es.com"],"url":"https:\/\/italcamara-es.com\/it\/author\/administrador\/"}]}},"rttpg_featured_image_url":{"full":["https:\/\/italcamara-es.com\/wp-content\/uploads\/2025\/03\/lavoro230.jpg",230,137,false],"landscape":["https:\/\/italcamara-es.com\/wp-content\/uploads\/2025\/03\/lavoro230.jpg",230,137,false],"portraits":["https:\/\/italcamara-es.com\/wp-content\/uploads\/2025\/03\/lavoro230.jpg",230,137,false],"thumbnail":["https:\/\/italcamara-es.com\/wp-content\/uploads\/2025\/03\/lavoro230-150x137.jpg",150,137,true],"medium":["https:\/\/italcamara-es.com\/wp-content\/uploads\/2025\/03\/lavoro230.jpg",230,137,false],"large":["https:\/\/italcamara-es.com\/wp-content\/uploads\/2025\/03\/lavoro230.jpg",230,137,false],"1536x1536":["https:\/\/italcamara-es.com\/wp-content\/uploads\/2025\/03\/lavoro230.jpg",230,137,false],"2048x2048":["https:\/\/italcamara-es.com\/wp-content\/uploads\/2025\/03\/lavoro230.jpg",230,137,false],"ocean-thumb-m":["https:\/\/italcamara-es.com\/wp-content\/uploads\/2025\/03\/lavoro230.jpg",230,137,false],"ocean-thumb-ml":["https:\/\/italcamara-es.com\/wp-content\/uploads\/2025\/03\/lavoro230.jpg",230,137,false],"ocean-thumb-l":["https:\/\/italcamara-es.com\/wp-content\/uploads\/2025\/03\/lavoro230.jpg",230,137,false],"directorist_preview":["https:\/\/italcamara-es.com\/wp-content\/uploads\/2025\/03\/lavoro230.jpg",230,137,false]},"rttpg_author":{"display_name":"administrador","author_link":"https:\/\/italcamara-es.com\/it\/author\/administrador\/"},"rttpg_comment":0,"rttpg_category":"<a href=\"https:\/\/italcamara-es.com\/it\/category\/notizie\/\" rel=\"category tag\">Notizie<\/a>","rttpg_excerpt":"Buoni segnali anche per la crescita dell&#8217;economia, rivista al rialzo rispetto alle stime di met\u00e0 agosto Secondo i dati diffusi dall\u2019Istat, la disoccupazione in Italia \u00e8 calata nel mese di luglio 2015 attestandosi al 12,0%. In particolare, la stima dei disoccupati, pari a 3,074 milioni di persone, diminuisce del 4,4% (-143 mila) su base mensile&hellip;","_links":{"self":[{"href":"https:\/\/italcamara-es.com\/it\/wp-json\/wp\/v2\/posts\/56536","targetHints":{"allow":["GET"]}}],"collection":[{"href":"https:\/\/italcamara-es.com\/it\/wp-json\/wp\/v2\/posts"}],"about":[{"href":"https:\/\/italcamara-es.com\/it\/wp-json\/wp\/v2\/types\/post"}],"author":[{"embeddable":true,"href":"https:\/\/italcamara-es.com\/it\/wp-json\/wp\/v2\/users\/1"}],"replies":[{"embeddable":true,"href":"https:\/\/italcamara-es.com\/it\/wp-json\/wp\/v2\/comments?post=56536"}],"version-history":[{"count":0,"href":"https:\/\/italcamara-es.com\/it\/wp-json\/wp\/v2\/posts\/56536\/revisions"}],"wp:featuredmedia":[{"embeddable":true,"href":"https:\/\/italcamara-es.com\/it\/wp-json\/wp\/v2\/media\/53529"}],"wp:attachment":[{"href":"https:\/\/italcamara-es.com\/it\/wp-json\/wp\/v2\/media?parent=56536"}],"wp:term":[{"taxonomy":"category","embeddable":true,"href":"https:\/\/italcamara-es.com\/it\/wp-json\/wp\/v2\/categories?post=56536"},{"taxonomy":"post_tag","embeddable":true,"href":"https:\/\/italcamara-es.com\/it\/wp-json\/wp\/v2\/tags?post=56536"}],"curies":[{"name":"wp","href":"https:\/\/api.w.org\/{rel}","templated":true}]}}