	{"id":56539,"date":"2016-09-07T09:12:07","date_gmt":"2016-09-07T07:12:07","guid":{"rendered":"http:\/\/pre.italcamara-es.com\/senza-categoria\/nei-primi-sette-mesi-dellanno-la-spagna-ha-accolto-422-milioni-di-turisti-stranieri\/"},"modified":"2016-09-07T09:12:07","modified_gmt":"2016-09-07T07:12:07","slug":"nei-primi-sette-mesi-dellanno-la-spagna-ha-accolto-422-milioni-di-turisti-stranieri","status":"publish","type":"post","link":"https:\/\/italcamara-es.com\/it\/notizie\/nei-primi-sette-mesi-dellanno-la-spagna-ha-accolto-422-milioni-di-turisti-stranieri\/","title":{"rendered":"Nei primi sette mesi dell\u2019anno la Spagna ha accolto 42,2 milioni di turisti stranieri"},"content":{"rendered":"<p style=\"text-align: justify;\"><em>Solo nel mese di luglio, la Spagna ha ricevuto 9,6 milioni di turisti internazionali, il 9,3% in pi\u00f9 rispetto allo stesso mese del 2015<\/em><\/p>\n<p style=\"text-align: justify;\"><em>\u00a0<\/em><\/p>\n<p style=\"text-align: justify;\">Secondo la Estad\u00edstica de Movimientos Tur\u00edsticos en Fronteras (FRONTUR), pubblicata dall\u2019Istituto Nazionale di Statistica (INE), nei primi sette mesi dell\u2019anno il numero di turisti internazionali che hanno visitato la Spagna \u00e8 aumentato dell\u201911,1%, raggiungendo i 42,2 milioni.<\/p>\n<p style=\"text-align: justify;\">\n<p style=\"text-align: justify;\">Il Regno Unito si classifica come il primo paese emittente con 10,1 milioni di turisti ed un incremento del 15,3% rispetto allo stesso periodo dell\u2019anno precedente. \u00a0Seguono la Germania, con 6,2 milioni di turisti e la Francia, con 6,1 milioni, cio\u00e8 rispettivamente un 6% e un 9,5% in pi\u00f9.<\/p>\n<p style=\"text-align: justify;\">\n<p style=\"text-align: justify;\">Per regioni, la Catalogna si colloca al primo posto tra le mete pi\u00f9 visitate con pi\u00f9 di 10 milioni di turisti ed un aumento del 4,7% rispetto allo stesso periodo del 2015. Gli arcipelaghi, Canarie e Baleari, si dividono il secondo e il terzo posto, rispettivamente con 7,5 e 7,3 milioni.<\/p>\n<p style=\"text-align: justify;\">\n<p style=\"text-align: justify;\">Solo nel mese di Luglio la Spagna ha accolto 9,6 milioni di turisti stranieri, il 9,3% in pi\u00f9 rispetto allo stesso mese del 2015. In questo mese, il Regno Unito si \u00e8 dimostrato essere ancora una volta il principale paese emittente, con 2,1 milioni, cio\u00e8 un 23% del totale dei turisti e con un incremento del 11,4% rispetto allo stesso mese dell\u2019anno precedente.<\/p>\n<p style=\"text-align: justify;\">\n<p style=\"text-align: justify;\">Per quanto riguarda il resto dei paesi, va evidenziata la crescita annuale dei turisti provenienti da Portogallo (19,3%), America (19,8%) e resto del mondo (15,8%).<\/p>\n<div style=\"text-align: justify;\"><\/div>\n","protected":false},"excerpt":{"rendered":"<p>Solo nel mese di luglio, la Spagna ha ricevuto 9,6 milioni di turisti internazionali, il 9,3% in pi\u00f9 rispetto allo stesso mese del 2015 \u00a0 Secondo la Estad\u00edstica de Movimientos Tur\u00edsticos en Fronteras (FRONTUR), pubblicata dall\u2019Istituto Nazionale di Statistica (INE), nei primi sette mesi dell\u2019anno il numero di turisti internazionali che hanno visitato la Spagna [&hellip;]<\/p>\n","protected":false},"author":1,"featured_media":53535,"comment_status":"open","ping_status":"open","sticky":false,"template":"","format":"standard","meta":{"inline_featured_image":false,"ocean_post_layout":"","ocean_both_sidebars_style":"","ocean_both_sidebars_content_width":0,"ocean_both_sidebars_sidebars_width":0,"ocean_sidebar":"","ocean_second_sidebar":"","ocean_disable_margins":"enable","ocean_add_body_class":"","ocean_shortcode_before_top_bar":"","ocean_shortcode_after_top_bar":"","ocean_shortcode_before_header":"","ocean_shortcode_after_header":"","ocean_has_shortcode":"","ocean_shortcode_after_title":"","ocean_shortcode_before_footer_widgets":"","ocean_shortcode_after_footer_widgets":"","ocean_shortcode_before_footer_bottom":"","ocean_shortcode_after_footer_bottom":"","ocean_display_top_bar":"default","ocean_display_header":"default","ocean_header_style":"","ocean_center_header_left_menu":"","ocean_custom_header_template":"","ocean_custom_logo":0,"ocean_custom_retina_logo":0,"ocean_custom_logo_max_width":0,"ocean_custom_logo_tablet_max_width":0,"ocean_custom_logo_mobile_max_width":0,"ocean_custom_logo_max_height":0,"ocean_custom_logo_tablet_max_height":0,"ocean_custom_logo_mobile_max_height":0,"ocean_header_custom_menu":"","ocean_menu_typo_font_family":"","ocean_menu_typo_font_subset":"","ocean_menu_typo_font_size":0,"ocean_menu_typo_font_size_tablet":0,"ocean_menu_typo_font_size_mobile":0,"ocean_menu_typo_font_size_unit":"px","ocean_menu_typo_font_weight":"","ocean_menu_typo_font_weight_tablet":"","ocean_menu_typo_font_weight_mobile":"","ocean_menu_typo_transform":"","ocean_menu_typo_transform_tablet":"","ocean_menu_typo_transform_mobile":"","ocean_menu_typo_line_height":0,"ocean_menu_typo_line_height_tablet":0,"ocean_menu_typo_line_height_mobile":0,"ocean_menu_typo_line_height_unit":"","ocean_menu_typo_spacing":0,"ocean_menu_typo_spacing_tablet":0,"ocean_menu_typo_spacing_mobile":0,"ocean_menu_typo_spacing_unit":"","ocean_menu_link_color":"","ocean_menu_link_color_hover":"","ocean_menu_link_color_active":"","ocean_menu_link_background":"","ocean_menu_link_hover_background":"","ocean_menu_link_active_background":"","ocean_menu_social_links_bg":"","ocean_menu_social_hover_links_bg":"","ocean_menu_social_links_color":"","ocean_menu_social_hover_links_color":"","ocean_disable_title":"default","ocean_disable_heading":"default","ocean_post_title":"","ocean_post_subheading":"","ocean_post_title_style":"","ocean_post_title_background_color":"","ocean_post_title_background":0,"ocean_post_title_bg_image_position":"","ocean_post_title_bg_image_attachment":"","ocean_post_title_bg_image_repeat":"","ocean_post_title_bg_image_size":"","ocean_post_title_height":0,"ocean_post_title_bg_overlay":0.5,"ocean_post_title_bg_overlay_color":"","ocean_disable_breadcrumbs":"default","ocean_breadcrumbs_color":"","ocean_breadcrumbs_separator_color":"","ocean_breadcrumbs_links_color":"","ocean_breadcrumbs_links_hover_color":"","ocean_display_footer_widgets":"default","ocean_display_footer_bottom":"default","ocean_custom_footer_template":"","ocean_post_oembed":"","ocean_post_self_hosted_media":"","ocean_post_video_embed":"","ocean_link_format":"","ocean_link_format_target":"self","ocean_quote_format":"","ocean_quote_format_link":"post","ocean_gallery_link_images":"on","ocean_gallery_id":[],"footnotes":""},"categories":[133],"tags":[138],"class_list":["post-56539","post","type-post","status-publish","format-standard","has-post-thumbnail","hentry","category-notizie","tag-notizie-di-mercato","entry","has-media"],"yoast_head":"<!-- This site is optimized with the Yoast SEO plugin v27.4 - https:\/\/yoast.com\/product\/yoast-seo-wordpress\/ -->\n<title>Nei primi sette mesi dell\u2019anno la Spagna ha accolto 42,2 milioni di turisti stranieri - Italcamara<\/title>\n<meta name=\"robots\" content=\"index, follow, max-snippet:-1, max-image-preview:large, max-video-preview:-1\" \/>\n<link rel=\"canonical\" href=\"https:\/\/italcamara-es.com\/it\/notizie\/nei-primi-sette-mesi-dellanno-la-spagna-ha-accolto-422-milioni-di-turisti-stranieri\/\" \/>\n<meta property=\"og:locale\" content=\"it_IT\" \/>\n<meta property=\"og:type\" content=\"article\" \/>\n<meta property=\"og:title\" content=\"Nei primi sette mesi dell\u2019anno la Spagna ha accolto 42,2 milioni di turisti stranieri - Italcamara\" \/>\n<meta property=\"og:description\" content=\"Solo nel mese di luglio, la Spagna ha ricevuto 9,6 milioni di turisti internazionali, il 9,3% in pi\u00f9 rispetto allo stesso mese del 2015 \u00a0 Secondo la Estad\u00edstica de Movimientos Tur\u00edsticos en Fronteras (FRONTUR), pubblicata dall\u2019Istituto Nazionale di Statistica (INE), nei primi sette mesi dell\u2019anno il numero di turisti internazionali che hanno visitato la Spagna [&hellip;]\" \/>\n<meta property=\"og:url\" content=\"https:\/\/italcamara-es.com\/it\/notizie\/nei-primi-sette-mesi-dellanno-la-spagna-ha-accolto-422-milioni-di-turisti-stranieri\/\" \/>\n<meta property=\"og:site_name\" content=\"Italcamara\" \/>\n<meta property=\"article:published_time\" content=\"2016-09-07T07:12:07+00:00\" \/>\n<meta property=\"og:image\" content=\"https:\/\/italcamara-es.com\/wp-content\/uploads\/2025\/03\/turismo-200.jpg\" \/>\n\t<meta property=\"og:image:width\" content=\"200\" \/>\n\t<meta property=\"og:image:height\" content=\"136\" \/>\n\t<meta property=\"og:image:type\" content=\"image\/jpeg\" \/>\n<meta name=\"author\" content=\"administrador\" \/>\n<meta name=\"twitter:card\" content=\"summary_large_image\" \/>\n<meta name=\"twitter:label1\" content=\"Scritto da\" \/>\n\t<meta name=\"twitter:data1\" content=\"administrador\" \/>\n\t<meta name=\"twitter:label2\" content=\"Tempo di lettura stimato\" \/>\n\t<meta name=\"twitter:data2\" content=\"1 minuto\" \/>\n<script type=\"application\/ld+json\" class=\"yoast-schema-graph\">{\"@context\":\"https:\\\/\\\/schema.org\",\"@graph\":[{\"@type\":\"Article\",\"@id\":\"https:\\\/\\\/italcamara-es.com\\\/it\\\/notizie\\\/nei-primi-sette-mesi-dellanno-la-spagna-ha-accolto-422-milioni-di-turisti-stranieri\\\/#article\",\"isPartOf\":{\"@id\":\"https:\\\/\\\/italcamara-es.com\\\/it\\\/notizie\\\/nei-primi-sette-mesi-dellanno-la-spagna-ha-accolto-422-milioni-di-turisti-stranieri\\\/\"},\"author\":{\"name\":\"administrador\",\"@id\":\"https:\\\/\\\/italcamara-es.com\\\/#\\\/schema\\\/person\\\/bb3c56263e405bbd9a15171dcfee93bb\"},\"headline\":\"Nei primi sette mesi dell\u2019anno la Spagna ha accolto 42,2 milioni di turisti stranieri\",\"datePublished\":\"2016-09-07T07:12:07+00:00\",\"mainEntityOfPage\":{\"@id\":\"https:\\\/\\\/italcamara-es.com\\\/it\\\/notizie\\\/nei-primi-sette-mesi-dellanno-la-spagna-ha-accolto-422-milioni-di-turisti-stranieri\\\/\"},\"wordCount\":243,\"commentCount\":0,\"image\":{\"@id\":\"https:\\\/\\\/italcamara-es.com\\\/it\\\/notizie\\\/nei-primi-sette-mesi-dellanno-la-spagna-ha-accolto-422-milioni-di-turisti-stranieri\\\/#primaryimage\"},\"thumbnailUrl\":\"https:\\\/\\\/italcamara-es.com\\\/wp-content\\\/uploads\\\/2025\\\/03\\\/turismo-200.jpg\",\"keywords\":[\"Notizie di Mercato\"],\"articleSection\":[\"Notizie\"],\"inLanguage\":\"it-IT\",\"potentialAction\":[{\"@type\":\"CommentAction\",\"name\":\"Comment\",\"target\":[\"https:\\\/\\\/italcamara-es.com\\\/it\\\/notizie\\\/nei-primi-sette-mesi-dellanno-la-spagna-ha-accolto-422-milioni-di-turisti-stranieri\\\/#respond\"]}]},{\"@type\":\"WebPage\",\"@id\":\"https:\\\/\\\/italcamara-es.com\\\/it\\\/notizie\\\/nei-primi-sette-mesi-dellanno-la-spagna-ha-accolto-422-milioni-di-turisti-stranieri\\\/\",\"url\":\"https:\\\/\\\/italcamara-es.com\\\/it\\\/notizie\\\/nei-primi-sette-mesi-dellanno-la-spagna-ha-accolto-422-milioni-di-turisti-stranieri\\\/\",\"name\":\"Nei primi sette mesi dell\u2019anno la Spagna ha accolto 42,2 milioni di turisti stranieri - Italcamara\",\"isPartOf\":{\"@id\":\"https:\\\/\\\/italcamara-es.com\\\/#website\"},\"primaryImageOfPage\":{\"@id\":\"https:\\\/\\\/italcamara-es.com\\\/it\\\/notizie\\\/nei-primi-sette-mesi-dellanno-la-spagna-ha-accolto-422-milioni-di-turisti-stranieri\\\/#primaryimage\"},\"image\":{\"@id\":\"https:\\\/\\\/italcamara-es.com\\\/it\\\/notizie\\\/nei-primi-sette-mesi-dellanno-la-spagna-ha-accolto-422-milioni-di-turisti-stranieri\\\/#primaryimage\"},\"thumbnailUrl\":\"https:\\\/\\\/italcamara-es.com\\\/wp-content\\\/uploads\\\/2025\\\/03\\\/turismo-200.jpg\",\"datePublished\":\"2016-09-07T07:12:07+00:00\",\"author\":{\"@id\":\"https:\\\/\\\/italcamara-es.com\\\/#\\\/schema\\\/person\\\/bb3c56263e405bbd9a15171dcfee93bb\"},\"breadcrumb\":{\"@id\":\"https:\\\/\\\/italcamara-es.com\\\/it\\\/notizie\\\/nei-primi-sette-mesi-dellanno-la-spagna-ha-accolto-422-milioni-di-turisti-stranieri\\\/#breadcrumb\"},\"inLanguage\":\"it-IT\",\"potentialAction\":[{\"@type\":\"ReadAction\",\"target\":[\"https:\\\/\\\/italcamara-es.com\\\/it\\\/notizie\\\/nei-primi-sette-mesi-dellanno-la-spagna-ha-accolto-422-milioni-di-turisti-stranieri\\\/\"]}]},{\"@type\":\"ImageObject\",\"inLanguage\":\"it-IT\",\"@id\":\"https:\\\/\\\/italcamara-es.com\\\/it\\\/notizie\\\/nei-primi-sette-mesi-dellanno-la-spagna-ha-accolto-422-milioni-di-turisti-stranieri\\\/#primaryimage\",\"url\":\"https:\\\/\\\/italcamara-es.com\\\/wp-content\\\/uploads\\\/2025\\\/03\\\/turismo-200.jpg\",\"contentUrl\":\"https:\\\/\\\/italcamara-es.com\\\/wp-content\\\/uploads\\\/2025\\\/03\\\/turismo-200.jpg\",\"width\":200,\"height\":136},{\"@type\":\"BreadcrumbList\",\"@id\":\"https:\\\/\\\/italcamara-es.com\\\/it\\\/notizie\\\/nei-primi-sette-mesi-dellanno-la-spagna-ha-accolto-422-milioni-di-turisti-stranieri\\\/#breadcrumb\",\"itemListElement\":[{\"@type\":\"ListItem\",\"position\":1,\"name\":\"Inicio\",\"item\":\"https:\\\/\\\/italcamara-es.com\\\/it\\\/homepage-ita\\\/\"},{\"@type\":\"ListItem\",\"position\":2,\"name\":\"Nei primi sette mesi dell\u2019anno la Spagna ha accolto 42,2 milioni di turisti stranieri\"}]},{\"@type\":\"WebSite\",\"@id\":\"https:\\\/\\\/italcamara-es.com\\\/#website\",\"url\":\"https:\\\/\\\/italcamara-es.com\\\/\",\"name\":\"Italcamara\",\"description\":\"\",\"potentialAction\":[{\"@type\":\"SearchAction\",\"target\":{\"@type\":\"EntryPoint\",\"urlTemplate\":\"https:\\\/\\\/italcamara-es.com\\\/?s={search_term_string}\"},\"query-input\":{\"@type\":\"PropertyValueSpecification\",\"valueRequired\":true,\"valueName\":\"search_term_string\"}}],\"inLanguage\":\"it-IT\"},{\"@type\":\"Person\",\"@id\":\"https:\\\/\\\/italcamara-es.com\\\/#\\\/schema\\\/person\\\/bb3c56263e405bbd9a15171dcfee93bb\",\"name\":\"administrador\",\"image\":{\"@type\":\"ImageObject\",\"inLanguage\":\"it-IT\",\"@id\":\"https:\\\/\\\/secure.gravatar.com\\\/avatar\\\/14b5e63db38320b12031bb28cf9f77e210aa71fb3a8a3602a3c9a05134fa75eb?s=96&d=mm&r=g\",\"url\":\"https:\\\/\\\/secure.gravatar.com\\\/avatar\\\/14b5e63db38320b12031bb28cf9f77e210aa71fb3a8a3602a3c9a05134fa75eb?s=96&d=mm&r=g\",\"contentUrl\":\"https:\\\/\\\/secure.gravatar.com\\\/avatar\\\/14b5e63db38320b12031bb28cf9f77e210aa71fb3a8a3602a3c9a05134fa75eb?s=96&d=mm&r=g\",\"caption\":\"administrador\"},\"sameAs\":[\"http:\\\/\\\/pre.italcamara-es.com\"],\"url\":\"https:\\\/\\\/italcamara-es.com\\\/it\\\/author\\\/administrador\\\/\"}]}<\/script>\n<!-- \/ Yoast SEO plugin. -->","yoast_head_json":{"title":"Nei primi sette mesi dell\u2019anno la Spagna ha accolto 42,2 milioni di turisti stranieri - Italcamara","robots":{"index":"index","follow":"follow","max-snippet":"max-snippet:-1","max-image-preview":"max-image-preview:large","max-video-preview":"max-video-preview:-1"},"canonical":"https:\/\/italcamara-es.com\/it\/notizie\/nei-primi-sette-mesi-dellanno-la-spagna-ha-accolto-422-milioni-di-turisti-stranieri\/","og_locale":"it_IT","og_type":"article","og_title":"Nei primi sette mesi dell\u2019anno la Spagna ha accolto 42,2 milioni di turisti stranieri - Italcamara","og_description":"Solo nel mese di luglio, la Spagna ha ricevuto 9,6 milioni di turisti internazionali, il 9,3% in pi\u00f9 rispetto allo stesso mese del 2015 \u00a0 Secondo la Estad\u00edstica de Movimientos Tur\u00edsticos en Fronteras (FRONTUR), pubblicata dall\u2019Istituto Nazionale di Statistica (INE), nei primi sette mesi dell\u2019anno il numero di turisti internazionali che hanno visitato la Spagna [&hellip;]","og_url":"https:\/\/italcamara-es.com\/it\/notizie\/nei-primi-sette-mesi-dellanno-la-spagna-ha-accolto-422-milioni-di-turisti-stranieri\/","og_site_name":"Italcamara","article_published_time":"2016-09-07T07:12:07+00:00","og_image":[{"width":200,"height":136,"url":"https:\/\/italcamara-es.com\/wp-content\/uploads\/2025\/03\/turismo-200.jpg","type":"image\/jpeg"}],"author":"administrador","twitter_card":"summary_large_image","twitter_misc":{"Scritto da":"administrador","Tempo di lettura stimato":"1 minuto"},"schema":{"@context":"https:\/\/schema.org","@graph":[{"@type":"Article","@id":"https:\/\/italcamara-es.com\/it\/notizie\/nei-primi-sette-mesi-dellanno-la-spagna-ha-accolto-422-milioni-di-turisti-stranieri\/#article","isPartOf":{"@id":"https:\/\/italcamara-es.com\/it\/notizie\/nei-primi-sette-mesi-dellanno-la-spagna-ha-accolto-422-milioni-di-turisti-stranieri\/"},"author":{"name":"administrador","@id":"https:\/\/italcamara-es.com\/#\/schema\/person\/bb3c56263e405bbd9a15171dcfee93bb"},"headline":"Nei primi sette mesi dell\u2019anno la Spagna ha accolto 42,2 milioni di turisti stranieri","datePublished":"2016-09-07T07:12:07+00:00","mainEntityOfPage":{"@id":"https:\/\/italcamara-es.com\/it\/notizie\/nei-primi-sette-mesi-dellanno-la-spagna-ha-accolto-422-milioni-di-turisti-stranieri\/"},"wordCount":243,"commentCount":0,"image":{"@id":"https:\/\/italcamara-es.com\/it\/notizie\/nei-primi-sette-mesi-dellanno-la-spagna-ha-accolto-422-milioni-di-turisti-stranieri\/#primaryimage"},"thumbnailUrl":"https:\/\/italcamara-es.com\/wp-content\/uploads\/2025\/03\/turismo-200.jpg","keywords":["Notizie di Mercato"],"articleSection":["Notizie"],"inLanguage":"it-IT","potentialAction":[{"@type":"CommentAction","name":"Comment","target":["https:\/\/italcamara-es.com\/it\/notizie\/nei-primi-sette-mesi-dellanno-la-spagna-ha-accolto-422-milioni-di-turisti-stranieri\/#respond"]}]},{"@type":"WebPage","@id":"https:\/\/italcamara-es.com\/it\/notizie\/nei-primi-sette-mesi-dellanno-la-spagna-ha-accolto-422-milioni-di-turisti-stranieri\/","url":"https:\/\/italcamara-es.com\/it\/notizie\/nei-primi-sette-mesi-dellanno-la-spagna-ha-accolto-422-milioni-di-turisti-stranieri\/","name":"Nei primi sette mesi dell\u2019anno la Spagna ha accolto 42,2 milioni di turisti stranieri - Italcamara","isPartOf":{"@id":"https:\/\/italcamara-es.com\/#website"},"primaryImageOfPage":{"@id":"https:\/\/italcamara-es.com\/it\/notizie\/nei-primi-sette-mesi-dellanno-la-spagna-ha-accolto-422-milioni-di-turisti-stranieri\/#primaryimage"},"image":{"@id":"https:\/\/italcamara-es.com\/it\/notizie\/nei-primi-sette-mesi-dellanno-la-spagna-ha-accolto-422-milioni-di-turisti-stranieri\/#primaryimage"},"thumbnailUrl":"https:\/\/italcamara-es.com\/wp-content\/uploads\/2025\/03\/turismo-200.jpg","datePublished":"2016-09-07T07:12:07+00:00","author":{"@id":"https:\/\/italcamara-es.com\/#\/schema\/person\/bb3c56263e405bbd9a15171dcfee93bb"},"breadcrumb":{"@id":"https:\/\/italcamara-es.com\/it\/notizie\/nei-primi-sette-mesi-dellanno-la-spagna-ha-accolto-422-milioni-di-turisti-stranieri\/#breadcrumb"},"inLanguage":"it-IT","potentialAction":[{"@type":"ReadAction","target":["https:\/\/italcamara-es.com\/it\/notizie\/nei-primi-sette-mesi-dellanno-la-spagna-ha-accolto-422-milioni-di-turisti-stranieri\/"]}]},{"@type":"ImageObject","inLanguage":"it-IT","@id":"https:\/\/italcamara-es.com\/it\/notizie\/nei-primi-sette-mesi-dellanno-la-spagna-ha-accolto-422-milioni-di-turisti-stranieri\/#primaryimage","url":"https:\/\/italcamara-es.com\/wp-content\/uploads\/2025\/03\/turismo-200.jpg","contentUrl":"https:\/\/italcamara-es.com\/wp-content\/uploads\/2025\/03\/turismo-200.jpg","width":200,"height":136},{"@type":"BreadcrumbList","@id":"https:\/\/italcamara-es.com\/it\/notizie\/nei-primi-sette-mesi-dellanno-la-spagna-ha-accolto-422-milioni-di-turisti-stranieri\/#breadcrumb","itemListElement":[{"@type":"ListItem","position":1,"name":"Inicio","item":"https:\/\/italcamara-es.com\/it\/homepage-ita\/"},{"@type":"ListItem","position":2,"name":"Nei primi sette mesi dell\u2019anno la Spagna ha accolto 42,2 milioni di turisti stranieri"}]},{"@type":"WebSite","@id":"https:\/\/italcamara-es.com\/#website","url":"https:\/\/italcamara-es.com\/","name":"Italcamara","description":"","potentialAction":[{"@type":"SearchAction","target":{"@type":"EntryPoint","urlTemplate":"https:\/\/italcamara-es.com\/?s={search_term_string}"},"query-input":{"@type":"PropertyValueSpecification","valueRequired":true,"valueName":"search_term_string"}}],"inLanguage":"it-IT"},{"@type":"Person","@id":"https:\/\/italcamara-es.com\/#\/schema\/person\/bb3c56263e405bbd9a15171dcfee93bb","name":"administrador","image":{"@type":"ImageObject","inLanguage":"it-IT","@id":"https:\/\/secure.gravatar.com\/avatar\/14b5e63db38320b12031bb28cf9f77e210aa71fb3a8a3602a3c9a05134fa75eb?s=96&d=mm&r=g","url":"https:\/\/secure.gravatar.com\/avatar\/14b5e63db38320b12031bb28cf9f77e210aa71fb3a8a3602a3c9a05134fa75eb?s=96&d=mm&r=g","contentUrl":"https:\/\/secure.gravatar.com\/avatar\/14b5e63db38320b12031bb28cf9f77e210aa71fb3a8a3602a3c9a05134fa75eb?s=96&d=mm&r=g","caption":"administrador"},"sameAs":["http:\/\/pre.italcamara-es.com"],"url":"https:\/\/italcamara-es.com\/it\/author\/administrador\/"}]}},"rttpg_featured_image_url":{"full":["https:\/\/italcamara-es.com\/wp-content\/uploads\/2025\/03\/turismo-200.jpg",200,136,false],"landscape":["https:\/\/italcamara-es.com\/wp-content\/uploads\/2025\/03\/turismo-200.jpg",200,136,false],"portraits":["https:\/\/italcamara-es.com\/wp-content\/uploads\/2025\/03\/turismo-200.jpg",200,136,false],"thumbnail":["https:\/\/italcamara-es.com\/wp-content\/uploads\/2025\/03\/turismo-200-150x136.jpg",150,136,true],"medium":["https:\/\/italcamara-es.com\/wp-content\/uploads\/2025\/03\/turismo-200.jpg",200,136,false],"large":["https:\/\/italcamara-es.com\/wp-content\/uploads\/2025\/03\/turismo-200.jpg",200,136,false],"1536x1536":["https:\/\/italcamara-es.com\/wp-content\/uploads\/2025\/03\/turismo-200.jpg",200,136,false],"2048x2048":["https:\/\/italcamara-es.com\/wp-content\/uploads\/2025\/03\/turismo-200.jpg",200,136,false],"ocean-thumb-m":["https:\/\/italcamara-es.com\/wp-content\/uploads\/2025\/03\/turismo-200.jpg",200,136,false],"ocean-thumb-ml":["https:\/\/italcamara-es.com\/wp-content\/uploads\/2025\/03\/turismo-200.jpg",200,136,false],"ocean-thumb-l":["https:\/\/italcamara-es.com\/wp-content\/uploads\/2025\/03\/turismo-200.jpg",200,136,false],"directorist_preview":["https:\/\/italcamara-es.com\/wp-content\/uploads\/2025\/03\/turismo-200.jpg",200,136,false]},"rttpg_author":{"display_name":"administrador","author_link":"https:\/\/italcamara-es.com\/it\/author\/administrador\/"},"rttpg_comment":0,"rttpg_category":"<a href=\"https:\/\/italcamara-es.com\/it\/category\/notizie\/\" rel=\"category tag\">Notizie<\/a>","rttpg_excerpt":"Solo nel mese di luglio, la Spagna ha ricevuto 9,6 milioni di turisti internazionali, il 9,3% in pi\u00f9 rispetto allo stesso mese del 2015 \u00a0 Secondo la Estad\u00edstica de Movimientos Tur\u00edsticos en Fronteras (FRONTUR), pubblicata dall\u2019Istituto Nazionale di Statistica (INE), nei primi sette mesi dell\u2019anno il numero di turisti internazionali che hanno visitato la Spagna&hellip;","_links":{"self":[{"href":"https:\/\/italcamara-es.com\/it\/wp-json\/wp\/v2\/posts\/56539","targetHints":{"allow":["GET"]}}],"collection":[{"href":"https:\/\/italcamara-es.com\/it\/wp-json\/wp\/v2\/posts"}],"about":[{"href":"https:\/\/italcamara-es.com\/it\/wp-json\/wp\/v2\/types\/post"}],"author":[{"embeddable":true,"href":"https:\/\/italcamara-es.com\/it\/wp-json\/wp\/v2\/users\/1"}],"replies":[{"embeddable":true,"href":"https:\/\/italcamara-es.com\/it\/wp-json\/wp\/v2\/comments?post=56539"}],"version-history":[{"count":0,"href":"https:\/\/italcamara-es.com\/it\/wp-json\/wp\/v2\/posts\/56539\/revisions"}],"wp:featuredmedia":[{"embeddable":true,"href":"https:\/\/italcamara-es.com\/it\/wp-json\/wp\/v2\/media\/53535"}],"wp:attachment":[{"href":"https:\/\/italcamara-es.com\/it\/wp-json\/wp\/v2\/media?parent=56539"}],"wp:term":[{"taxonomy":"category","embeddable":true,"href":"https:\/\/italcamara-es.com\/it\/wp-json\/wp\/v2\/categories?post=56539"},{"taxonomy":"post_tag","embeddable":true,"href":"https:\/\/italcamara-es.com\/it\/wp-json\/wp\/v2\/tags?post=56539"}],"curies":[{"name":"wp","href":"https:\/\/api.w.org\/{rel}","templated":true}]}}