	{"id":56542,"date":"2016-09-19T10:04:56","date_gmt":"2016-09-19T08:04:56","guid":{"rendered":"http:\/\/pre.italcamara-es.com\/senza-categoria\/piu-di-16-milioni-di-veicoli-prodotti-in-spagna-nel-primo-semestre-dellanno\/"},"modified":"2016-09-19T10:04:56","modified_gmt":"2016-09-19T08:04:56","slug":"piu-di-16-milioni-di-veicoli-prodotti-in-spagna-nel-primo-semestre-dellanno","status":"publish","type":"post","link":"https:\/\/italcamara-es.com\/it\/notizie\/piu-di-16-milioni-di-veicoli-prodotti-in-spagna-nel-primo-semestre-dellanno\/","title":{"rendered":"Pi\u00f9 di 1,6 milioni di veicoli prodotti in Spagna nel primo semestre dell\u2019anno"},"content":{"rendered":"<p style=\"text-align: justify;\"><em>Nel primo semestre dell\u2019anno la produzione di veicoli in Spagna \u00e8 cresciuta del 11,2% rispetto allo stesso periodo dell\u2019anno precedente, fino a raggiungere 1,6 milioni di unit\u00e0 (163.300 in pi\u00f9). <\/em><\/p>\n<p style=\"text-align: justify;\">\n<p style=\"text-align: justify;\">Nel mese di Giugno \u00e8 stato registrato un aumento del 13,46% ed un volume di 298.899 unit\u00e0, rendendo questo mese il migliore dal 2004.<\/p>\n<p style=\"text-align: justify;\">\n<p style=\"text-align: justify;\">Con questi dati, la \u201cAsociaci\u00f3n Espa\u00f1ola de Fabricantes de Autom\u00f3viles y Camiones (Anfac)\u201d ha stimato che il 2016 si concluder\u00e0 con una produzione di circa 2,8 milioni di veicoli, e che nel 2017 si raggiungeranno i tre milioni.<\/p>\n<p style=\"text-align: justify;\">\n<p style=\"text-align: justify;\">Per Anfac, questo semestre ha determinato un miglioramento importante nel settore della produzione di veicoli in Spagna, grazie al buon andamento dei mercati europei, destinatari del 75% dei veicoli prodotti nella penisola iberica. Ha fatto la differenza anche la diversificazione dei paesi importatori, tra cui bisogna menzionare Turchia, Algeria, Messico, Stati Uniti, Australia e Corea del Sud.<\/p>\n<p style=\"text-align: justify;\">\n<p style=\"text-align: justify;\">L\u2019esportazione di veicoli \u00e8 cresciuta del 12,28% fino a raggiungere 1.333.049 unit\u00e0 nei primi sei mesi dell\u2019anno. Questa cifra corrisponde all\u201982% dei veicoli prodotti in terra spagnola. Anche in questo caso il mese di Giugno \u00e8 degno di nota, con una crescita del 17,42% nelle esportazioni, per un totale di 221.477 veicoli esportati.<\/p>\n<p style=\"text-align: justify;\">\n<p style=\"text-align: justify;\">\n<p style=\"text-align: justify;\">Secondo Anfac, questi dati consolidano il settore automobilistico come il secondo con maggiori esportazioni del mercato spagnolo, con il 18,8% del totale delle esportazioni rispetto al 18% del 2015. Dunque, la produzione di automobili continua a contribuire in modo positivo al bilancio commerciale spagnolo.<\/p>\n<p style=\"text-align: justify;\">\n<p style=\"text-align: justify;\">\n<p style=\"text-align: justify;\">Fino al mese di Maggio sono stati esportati veicoli per un valore di 16,5 miliardi di euro, con un incremento del 16,6%. Se a questra cifra si aggiungono anche i componenti di automozione, le esportazioni raggiungono i 21,7 miliardi di euro, con un incremento del 14,9% rispetto al 2015. Queste cifre determinano un surplus commerciale dei produttori di veicoli pari a 8,2 miliardi di euro fino al mese di Maggio, con una crescita del 13,5%.<\/p>\n<p style=\"text-align: justify;\">\n","protected":false},"excerpt":{"rendered":"<p>Nel primo semestre dell\u2019anno la produzione di veicoli in Spagna \u00e8 cresciuta del 11,2% rispetto allo stesso periodo dell\u2019anno precedente, fino a raggiungere 1,6 milioni di unit\u00e0 (163.300 in pi\u00f9). Nel mese di Giugno \u00e8 stato registrato un aumento del 13,46% ed un volume di 298.899 unit\u00e0, rendendo questo mese il migliore dal 2004. Con [&hellip;]<\/p>\n","protected":false},"author":1,"featured_media":53539,"comment_status":"open","ping_status":"open","sticky":false,"template":"","format":"standard","meta":{"inline_featured_image":false,"ocean_post_layout":"","ocean_both_sidebars_style":"","ocean_both_sidebars_content_width":0,"ocean_both_sidebars_sidebars_width":0,"ocean_sidebar":"","ocean_second_sidebar":"","ocean_disable_margins":"enable","ocean_add_body_class":"","ocean_shortcode_before_top_bar":"","ocean_shortcode_after_top_bar":"","ocean_shortcode_before_header":"","ocean_shortcode_after_header":"","ocean_has_shortcode":"","ocean_shortcode_after_title":"","ocean_shortcode_before_footer_widgets":"","ocean_shortcode_after_footer_widgets":"","ocean_shortcode_before_footer_bottom":"","ocean_shortcode_after_footer_bottom":"","ocean_display_top_bar":"default","ocean_display_header":"default","ocean_header_style":"","ocean_center_header_left_menu":"","ocean_custom_header_template":"","ocean_custom_logo":0,"ocean_custom_retina_logo":0,"ocean_custom_logo_max_width":0,"ocean_custom_logo_tablet_max_width":0,"ocean_custom_logo_mobile_max_width":0,"ocean_custom_logo_max_height":0,"ocean_custom_logo_tablet_max_height":0,"ocean_custom_logo_mobile_max_height":0,"ocean_header_custom_menu":"","ocean_menu_typo_font_family":"","ocean_menu_typo_font_subset":"","ocean_menu_typo_font_size":0,"ocean_menu_typo_font_size_tablet":0,"ocean_menu_typo_font_size_mobile":0,"ocean_menu_typo_font_size_unit":"px","ocean_menu_typo_font_weight":"","ocean_menu_typo_font_weight_tablet":"","ocean_menu_typo_font_weight_mobile":"","ocean_menu_typo_transform":"","ocean_menu_typo_transform_tablet":"","ocean_menu_typo_transform_mobile":"","ocean_menu_typo_line_height":0,"ocean_menu_typo_line_height_tablet":0,"ocean_menu_typo_line_height_mobile":0,"ocean_menu_typo_line_height_unit":"","ocean_menu_typo_spacing":0,"ocean_menu_typo_spacing_tablet":0,"ocean_menu_typo_spacing_mobile":0,"ocean_menu_typo_spacing_unit":"","ocean_menu_link_color":"","ocean_menu_link_color_hover":"","ocean_menu_link_color_active":"","ocean_menu_link_background":"","ocean_menu_link_hover_background":"","ocean_menu_link_active_background":"","ocean_menu_social_links_bg":"","ocean_menu_social_hover_links_bg":"","ocean_menu_social_links_color":"","ocean_menu_social_hover_links_color":"","ocean_disable_title":"default","ocean_disable_heading":"default","ocean_post_title":"","ocean_post_subheading":"","ocean_post_title_style":"","ocean_post_title_background_color":"","ocean_post_title_background":0,"ocean_post_title_bg_image_position":"","ocean_post_title_bg_image_attachment":"","ocean_post_title_bg_image_repeat":"","ocean_post_title_bg_image_size":"","ocean_post_title_height":0,"ocean_post_title_bg_overlay":0.5,"ocean_post_title_bg_overlay_color":"","ocean_disable_breadcrumbs":"default","ocean_breadcrumbs_color":"","ocean_breadcrumbs_separator_color":"","ocean_breadcrumbs_links_color":"","ocean_breadcrumbs_links_hover_color":"","ocean_display_footer_widgets":"default","ocean_display_footer_bottom":"default","ocean_custom_footer_template":"","ocean_post_oembed":"","ocean_post_self_hosted_media":"","ocean_post_video_embed":"","ocean_link_format":"","ocean_link_format_target":"self","ocean_quote_format":"","ocean_quote_format_link":"post","ocean_gallery_link_images":"on","ocean_gallery_id":[],"footnotes":""},"categories":[133],"tags":[138],"class_list":["post-56542","post","type-post","status-publish","format-standard","has-post-thumbnail","hentry","category-notizie","tag-notizie-di-mercato","entry","has-media"],"yoast_head":"<!-- This site is optimized with the Yoast SEO plugin v27.5 - https:\/\/yoast.com\/product\/yoast-seo-wordpress\/ -->\n<title>Pi\u00f9 di 1,6 milioni di veicoli prodotti in Spagna nel primo semestre dell\u2019anno - Italcamara<\/title>\n<meta name=\"robots\" content=\"index, follow, max-snippet:-1, max-image-preview:large, max-video-preview:-1\" \/>\n<link rel=\"canonical\" href=\"https:\/\/italcamara-es.com\/it\/notizie\/piu-di-16-milioni-di-veicoli-prodotti-in-spagna-nel-primo-semestre-dellanno\/\" \/>\n<meta property=\"og:locale\" content=\"it_IT\" \/>\n<meta property=\"og:type\" content=\"article\" \/>\n<meta property=\"og:title\" content=\"Pi\u00f9 di 1,6 milioni di veicoli prodotti in Spagna nel primo semestre dell\u2019anno - Italcamara\" \/>\n<meta property=\"og:description\" content=\"Nel primo semestre dell\u2019anno la produzione di veicoli in Spagna \u00e8 cresciuta del 11,2% rispetto allo stesso periodo dell\u2019anno precedente, fino a raggiungere 1,6 milioni di unit\u00e0 (163.300 in pi\u00f9). Nel mese di Giugno \u00e8 stato registrato un aumento del 13,46% ed un volume di 298.899 unit\u00e0, rendendo questo mese il migliore dal 2004. Con [&hellip;]\" \/>\n<meta property=\"og:url\" content=\"https:\/\/italcamara-es.com\/it\/notizie\/piu-di-16-milioni-di-veicoli-prodotti-in-spagna-nel-primo-semestre-dellanno\/\" \/>\n<meta property=\"og:site_name\" content=\"Italcamara\" \/>\n<meta property=\"article:published_time\" content=\"2016-09-19T08:04:56+00:00\" \/>\n<meta property=\"og:image\" content=\"https:\/\/italcamara-es.com\/wp-content\/uploads\/2025\/03\/Vehiculos-250.jpg\" \/>\n\t<meta property=\"og:image:width\" content=\"250\" \/>\n\t<meta property=\"og:image:height\" content=\"157\" \/>\n\t<meta property=\"og:image:type\" content=\"image\/jpeg\" \/>\n<meta name=\"author\" content=\"administrador\" \/>\n<meta name=\"twitter:card\" content=\"summary_large_image\" \/>\n<meta name=\"twitter:label1\" content=\"Scritto da\" \/>\n\t<meta name=\"twitter:data1\" content=\"administrador\" \/>\n\t<meta name=\"twitter:label2\" content=\"Tempo di lettura stimato\" \/>\n\t<meta name=\"twitter:data2\" content=\"2 minuti\" \/>\n<script type=\"application\/ld+json\" class=\"yoast-schema-graph\">{\"@context\":\"https:\\\/\\\/schema.org\",\"@graph\":[{\"@type\":\"Article\",\"@id\":\"https:\\\/\\\/italcamara-es.com\\\/it\\\/notizie\\\/piu-di-16-milioni-di-veicoli-prodotti-in-spagna-nel-primo-semestre-dellanno\\\/#article\",\"isPartOf\":{\"@id\":\"https:\\\/\\\/italcamara-es.com\\\/it\\\/notizie\\\/piu-di-16-milioni-di-veicoli-prodotti-in-spagna-nel-primo-semestre-dellanno\\\/\"},\"author\":{\"name\":\"administrador\",\"@id\":\"https:\\\/\\\/italcamara-es.com\\\/#\\\/schema\\\/person\\\/bb3c56263e405bbd9a15171dcfee93bb\"},\"headline\":\"Pi\u00f9 di 1,6 milioni di veicoli prodotti in Spagna nel primo semestre dell\u2019anno\",\"datePublished\":\"2016-09-19T08:04:56+00:00\",\"mainEntityOfPage\":{\"@id\":\"https:\\\/\\\/italcamara-es.com\\\/it\\\/notizie\\\/piu-di-16-milioni-di-veicoli-prodotti-in-spagna-nel-primo-semestre-dellanno\\\/\"},\"wordCount\":313,\"commentCount\":0,\"image\":{\"@id\":\"https:\\\/\\\/italcamara-es.com\\\/it\\\/notizie\\\/piu-di-16-milioni-di-veicoli-prodotti-in-spagna-nel-primo-semestre-dellanno\\\/#primaryimage\"},\"thumbnailUrl\":\"https:\\\/\\\/italcamara-es.com\\\/wp-content\\\/uploads\\\/2025\\\/03\\\/Vehiculos-250.jpg\",\"keywords\":[\"Notizie di Mercato\"],\"articleSection\":[\"Notizie\"],\"inLanguage\":\"it-IT\",\"potentialAction\":[{\"@type\":\"CommentAction\",\"name\":\"Comment\",\"target\":[\"https:\\\/\\\/italcamara-es.com\\\/it\\\/notizie\\\/piu-di-16-milioni-di-veicoli-prodotti-in-spagna-nel-primo-semestre-dellanno\\\/#respond\"]}]},{\"@type\":\"WebPage\",\"@id\":\"https:\\\/\\\/italcamara-es.com\\\/it\\\/notizie\\\/piu-di-16-milioni-di-veicoli-prodotti-in-spagna-nel-primo-semestre-dellanno\\\/\",\"url\":\"https:\\\/\\\/italcamara-es.com\\\/it\\\/notizie\\\/piu-di-16-milioni-di-veicoli-prodotti-in-spagna-nel-primo-semestre-dellanno\\\/\",\"name\":\"Pi\u00f9 di 1,6 milioni di veicoli prodotti in Spagna nel primo semestre dell\u2019anno - Italcamara\",\"isPartOf\":{\"@id\":\"https:\\\/\\\/italcamara-es.com\\\/#website\"},\"primaryImageOfPage\":{\"@id\":\"https:\\\/\\\/italcamara-es.com\\\/it\\\/notizie\\\/piu-di-16-milioni-di-veicoli-prodotti-in-spagna-nel-primo-semestre-dellanno\\\/#primaryimage\"},\"image\":{\"@id\":\"https:\\\/\\\/italcamara-es.com\\\/it\\\/notizie\\\/piu-di-16-milioni-di-veicoli-prodotti-in-spagna-nel-primo-semestre-dellanno\\\/#primaryimage\"},\"thumbnailUrl\":\"https:\\\/\\\/italcamara-es.com\\\/wp-content\\\/uploads\\\/2025\\\/03\\\/Vehiculos-250.jpg\",\"datePublished\":\"2016-09-19T08:04:56+00:00\",\"author\":{\"@id\":\"https:\\\/\\\/italcamara-es.com\\\/#\\\/schema\\\/person\\\/bb3c56263e405bbd9a15171dcfee93bb\"},\"breadcrumb\":{\"@id\":\"https:\\\/\\\/italcamara-es.com\\\/it\\\/notizie\\\/piu-di-16-milioni-di-veicoli-prodotti-in-spagna-nel-primo-semestre-dellanno\\\/#breadcrumb\"},\"inLanguage\":\"it-IT\",\"potentialAction\":[{\"@type\":\"ReadAction\",\"target\":[\"https:\\\/\\\/italcamara-es.com\\\/it\\\/notizie\\\/piu-di-16-milioni-di-veicoli-prodotti-in-spagna-nel-primo-semestre-dellanno\\\/\"]}]},{\"@type\":\"ImageObject\",\"inLanguage\":\"it-IT\",\"@id\":\"https:\\\/\\\/italcamara-es.com\\\/it\\\/notizie\\\/piu-di-16-milioni-di-veicoli-prodotti-in-spagna-nel-primo-semestre-dellanno\\\/#primaryimage\",\"url\":\"https:\\\/\\\/italcamara-es.com\\\/wp-content\\\/uploads\\\/2025\\\/03\\\/Vehiculos-250.jpg\",\"contentUrl\":\"https:\\\/\\\/italcamara-es.com\\\/wp-content\\\/uploads\\\/2025\\\/03\\\/Vehiculos-250.jpg\",\"width\":250,\"height\":157},{\"@type\":\"BreadcrumbList\",\"@id\":\"https:\\\/\\\/italcamara-es.com\\\/it\\\/notizie\\\/piu-di-16-milioni-di-veicoli-prodotti-in-spagna-nel-primo-semestre-dellanno\\\/#breadcrumb\",\"itemListElement\":[{\"@type\":\"ListItem\",\"position\":1,\"name\":\"Inicio\",\"item\":\"https:\\\/\\\/italcamara-es.com\\\/it\\\/homepage-ita\\\/\"},{\"@type\":\"ListItem\",\"position\":2,\"name\":\"Pi\u00f9 di 1,6 milioni di veicoli prodotti in Spagna nel primo semestre dell\u2019anno\"}]},{\"@type\":\"WebSite\",\"@id\":\"https:\\\/\\\/italcamara-es.com\\\/#website\",\"url\":\"https:\\\/\\\/italcamara-es.com\\\/\",\"name\":\"Italcamara\",\"description\":\"\",\"potentialAction\":[{\"@type\":\"SearchAction\",\"target\":{\"@type\":\"EntryPoint\",\"urlTemplate\":\"https:\\\/\\\/italcamara-es.com\\\/?s={search_term_string}\"},\"query-input\":{\"@type\":\"PropertyValueSpecification\",\"valueRequired\":true,\"valueName\":\"search_term_string\"}}],\"inLanguage\":\"it-IT\"},{\"@type\":\"Person\",\"@id\":\"https:\\\/\\\/italcamara-es.com\\\/#\\\/schema\\\/person\\\/bb3c56263e405bbd9a15171dcfee93bb\",\"name\":\"administrador\",\"image\":{\"@type\":\"ImageObject\",\"inLanguage\":\"it-IT\",\"@id\":\"https:\\\/\\\/secure.gravatar.com\\\/avatar\\\/14b5e63db38320b12031bb28cf9f77e210aa71fb3a8a3602a3c9a05134fa75eb?s=96&d=mm&r=g\",\"url\":\"https:\\\/\\\/secure.gravatar.com\\\/avatar\\\/14b5e63db38320b12031bb28cf9f77e210aa71fb3a8a3602a3c9a05134fa75eb?s=96&d=mm&r=g\",\"contentUrl\":\"https:\\\/\\\/secure.gravatar.com\\\/avatar\\\/14b5e63db38320b12031bb28cf9f77e210aa71fb3a8a3602a3c9a05134fa75eb?s=96&d=mm&r=g\",\"caption\":\"administrador\"},\"sameAs\":[\"http:\\\/\\\/pre.italcamara-es.com\"],\"url\":\"https:\\\/\\\/italcamara-es.com\\\/it\\\/author\\\/administrador\\\/\"}]}<\/script>\n<!-- \/ Yoast SEO plugin. -->","yoast_head_json":{"title":"Pi\u00f9 di 1,6 milioni di veicoli prodotti in Spagna nel primo semestre dell\u2019anno - Italcamara","robots":{"index":"index","follow":"follow","max-snippet":"max-snippet:-1","max-image-preview":"max-image-preview:large","max-video-preview":"max-video-preview:-1"},"canonical":"https:\/\/italcamara-es.com\/it\/notizie\/piu-di-16-milioni-di-veicoli-prodotti-in-spagna-nel-primo-semestre-dellanno\/","og_locale":"it_IT","og_type":"article","og_title":"Pi\u00f9 di 1,6 milioni di veicoli prodotti in Spagna nel primo semestre dell\u2019anno - Italcamara","og_description":"Nel primo semestre dell\u2019anno la produzione di veicoli in Spagna \u00e8 cresciuta del 11,2% rispetto allo stesso periodo dell\u2019anno precedente, fino a raggiungere 1,6 milioni di unit\u00e0 (163.300 in pi\u00f9). Nel mese di Giugno \u00e8 stato registrato un aumento del 13,46% ed un volume di 298.899 unit\u00e0, rendendo questo mese il migliore dal 2004. Con [&hellip;]","og_url":"https:\/\/italcamara-es.com\/it\/notizie\/piu-di-16-milioni-di-veicoli-prodotti-in-spagna-nel-primo-semestre-dellanno\/","og_site_name":"Italcamara","article_published_time":"2016-09-19T08:04:56+00:00","og_image":[{"width":250,"height":157,"url":"https:\/\/italcamara-es.com\/wp-content\/uploads\/2025\/03\/Vehiculos-250.jpg","type":"image\/jpeg"}],"author":"administrador","twitter_card":"summary_large_image","twitter_misc":{"Scritto da":"administrador","Tempo di lettura stimato":"2 minuti"},"schema":{"@context":"https:\/\/schema.org","@graph":[{"@type":"Article","@id":"https:\/\/italcamara-es.com\/it\/notizie\/piu-di-16-milioni-di-veicoli-prodotti-in-spagna-nel-primo-semestre-dellanno\/#article","isPartOf":{"@id":"https:\/\/italcamara-es.com\/it\/notizie\/piu-di-16-milioni-di-veicoli-prodotti-in-spagna-nel-primo-semestre-dellanno\/"},"author":{"name":"administrador","@id":"https:\/\/italcamara-es.com\/#\/schema\/person\/bb3c56263e405bbd9a15171dcfee93bb"},"headline":"Pi\u00f9 di 1,6 milioni di veicoli prodotti in Spagna nel primo semestre dell\u2019anno","datePublished":"2016-09-19T08:04:56+00:00","mainEntityOfPage":{"@id":"https:\/\/italcamara-es.com\/it\/notizie\/piu-di-16-milioni-di-veicoli-prodotti-in-spagna-nel-primo-semestre-dellanno\/"},"wordCount":313,"commentCount":0,"image":{"@id":"https:\/\/italcamara-es.com\/it\/notizie\/piu-di-16-milioni-di-veicoli-prodotti-in-spagna-nel-primo-semestre-dellanno\/#primaryimage"},"thumbnailUrl":"https:\/\/italcamara-es.com\/wp-content\/uploads\/2025\/03\/Vehiculos-250.jpg","keywords":["Notizie di Mercato"],"articleSection":["Notizie"],"inLanguage":"it-IT","potentialAction":[{"@type":"CommentAction","name":"Comment","target":["https:\/\/italcamara-es.com\/it\/notizie\/piu-di-16-milioni-di-veicoli-prodotti-in-spagna-nel-primo-semestre-dellanno\/#respond"]}]},{"@type":"WebPage","@id":"https:\/\/italcamara-es.com\/it\/notizie\/piu-di-16-milioni-di-veicoli-prodotti-in-spagna-nel-primo-semestre-dellanno\/","url":"https:\/\/italcamara-es.com\/it\/notizie\/piu-di-16-milioni-di-veicoli-prodotti-in-spagna-nel-primo-semestre-dellanno\/","name":"Pi\u00f9 di 1,6 milioni di veicoli prodotti in Spagna nel primo semestre dell\u2019anno - Italcamara","isPartOf":{"@id":"https:\/\/italcamara-es.com\/#website"},"primaryImageOfPage":{"@id":"https:\/\/italcamara-es.com\/it\/notizie\/piu-di-16-milioni-di-veicoli-prodotti-in-spagna-nel-primo-semestre-dellanno\/#primaryimage"},"image":{"@id":"https:\/\/italcamara-es.com\/it\/notizie\/piu-di-16-milioni-di-veicoli-prodotti-in-spagna-nel-primo-semestre-dellanno\/#primaryimage"},"thumbnailUrl":"https:\/\/italcamara-es.com\/wp-content\/uploads\/2025\/03\/Vehiculos-250.jpg","datePublished":"2016-09-19T08:04:56+00:00","author":{"@id":"https:\/\/italcamara-es.com\/#\/schema\/person\/bb3c56263e405bbd9a15171dcfee93bb"},"breadcrumb":{"@id":"https:\/\/italcamara-es.com\/it\/notizie\/piu-di-16-milioni-di-veicoli-prodotti-in-spagna-nel-primo-semestre-dellanno\/#breadcrumb"},"inLanguage":"it-IT","potentialAction":[{"@type":"ReadAction","target":["https:\/\/italcamara-es.com\/it\/notizie\/piu-di-16-milioni-di-veicoli-prodotti-in-spagna-nel-primo-semestre-dellanno\/"]}]},{"@type":"ImageObject","inLanguage":"it-IT","@id":"https:\/\/italcamara-es.com\/it\/notizie\/piu-di-16-milioni-di-veicoli-prodotti-in-spagna-nel-primo-semestre-dellanno\/#primaryimage","url":"https:\/\/italcamara-es.com\/wp-content\/uploads\/2025\/03\/Vehiculos-250.jpg","contentUrl":"https:\/\/italcamara-es.com\/wp-content\/uploads\/2025\/03\/Vehiculos-250.jpg","width":250,"height":157},{"@type":"BreadcrumbList","@id":"https:\/\/italcamara-es.com\/it\/notizie\/piu-di-16-milioni-di-veicoli-prodotti-in-spagna-nel-primo-semestre-dellanno\/#breadcrumb","itemListElement":[{"@type":"ListItem","position":1,"name":"Inicio","item":"https:\/\/italcamara-es.com\/it\/homepage-ita\/"},{"@type":"ListItem","position":2,"name":"Pi\u00f9 di 1,6 milioni di veicoli prodotti in Spagna nel primo semestre dell\u2019anno"}]},{"@type":"WebSite","@id":"https:\/\/italcamara-es.com\/#website","url":"https:\/\/italcamara-es.com\/","name":"Italcamara","description":"","potentialAction":[{"@type":"SearchAction","target":{"@type":"EntryPoint","urlTemplate":"https:\/\/italcamara-es.com\/?s={search_term_string}"},"query-input":{"@type":"PropertyValueSpecification","valueRequired":true,"valueName":"search_term_string"}}],"inLanguage":"it-IT"},{"@type":"Person","@id":"https:\/\/italcamara-es.com\/#\/schema\/person\/bb3c56263e405bbd9a15171dcfee93bb","name":"administrador","image":{"@type":"ImageObject","inLanguage":"it-IT","@id":"https:\/\/secure.gravatar.com\/avatar\/14b5e63db38320b12031bb28cf9f77e210aa71fb3a8a3602a3c9a05134fa75eb?s=96&d=mm&r=g","url":"https:\/\/secure.gravatar.com\/avatar\/14b5e63db38320b12031bb28cf9f77e210aa71fb3a8a3602a3c9a05134fa75eb?s=96&d=mm&r=g","contentUrl":"https:\/\/secure.gravatar.com\/avatar\/14b5e63db38320b12031bb28cf9f77e210aa71fb3a8a3602a3c9a05134fa75eb?s=96&d=mm&r=g","caption":"administrador"},"sameAs":["http:\/\/pre.italcamara-es.com"],"url":"https:\/\/italcamara-es.com\/it\/author\/administrador\/"}]}},"rttpg_featured_image_url":{"full":["https:\/\/italcamara-es.com\/wp-content\/uploads\/2025\/03\/Vehiculos-250.jpg",250,157,false],"landscape":["https:\/\/italcamara-es.com\/wp-content\/uploads\/2025\/03\/Vehiculos-250.jpg",250,157,false],"portraits":["https:\/\/italcamara-es.com\/wp-content\/uploads\/2025\/03\/Vehiculos-250.jpg",250,157,false],"thumbnail":["https:\/\/italcamara-es.com\/wp-content\/uploads\/2025\/03\/Vehiculos-250-150x150.jpg",150,150,true],"medium":["https:\/\/italcamara-es.com\/wp-content\/uploads\/2025\/03\/Vehiculos-250.jpg",250,157,false],"large":["https:\/\/italcamara-es.com\/wp-content\/uploads\/2025\/03\/Vehiculos-250.jpg",250,157,false],"1536x1536":["https:\/\/italcamara-es.com\/wp-content\/uploads\/2025\/03\/Vehiculos-250.jpg",250,157,false],"2048x2048":["https:\/\/italcamara-es.com\/wp-content\/uploads\/2025\/03\/Vehiculos-250.jpg",250,157,false],"ocean-thumb-m":["https:\/\/italcamara-es.com\/wp-content\/uploads\/2025\/03\/Vehiculos-250.jpg",250,157,false],"ocean-thumb-ml":["https:\/\/italcamara-es.com\/wp-content\/uploads\/2025\/03\/Vehiculos-250.jpg",250,157,false],"ocean-thumb-l":["https:\/\/italcamara-es.com\/wp-content\/uploads\/2025\/03\/Vehiculos-250.jpg",250,157,false],"directorist_preview":["https:\/\/italcamara-es.com\/wp-content\/uploads\/2025\/03\/Vehiculos-250.jpg",250,157,false]},"rttpg_author":{"display_name":"administrador","author_link":"https:\/\/italcamara-es.com\/it\/author\/administrador\/"},"rttpg_comment":0,"rttpg_category":"<a href=\"https:\/\/italcamara-es.com\/it\/category\/notizie\/\" rel=\"category tag\">Notizie<\/a>","rttpg_excerpt":"Nel primo semestre dell\u2019anno la produzione di veicoli in Spagna \u00e8 cresciuta del 11,2% rispetto allo stesso periodo dell\u2019anno precedente, fino a raggiungere 1,6 milioni di unit\u00e0 (163.300 in pi\u00f9). Nel mese di Giugno \u00e8 stato registrato un aumento del 13,46% ed un volume di 298.899 unit\u00e0, rendendo questo mese il migliore dal 2004. Con&hellip;","_links":{"self":[{"href":"https:\/\/italcamara-es.com\/it\/wp-json\/wp\/v2\/posts\/56542","targetHints":{"allow":["GET"]}}],"collection":[{"href":"https:\/\/italcamara-es.com\/it\/wp-json\/wp\/v2\/posts"}],"about":[{"href":"https:\/\/italcamara-es.com\/it\/wp-json\/wp\/v2\/types\/post"}],"author":[{"embeddable":true,"href":"https:\/\/italcamara-es.com\/it\/wp-json\/wp\/v2\/users\/1"}],"replies":[{"embeddable":true,"href":"https:\/\/italcamara-es.com\/it\/wp-json\/wp\/v2\/comments?post=56542"}],"version-history":[{"count":0,"href":"https:\/\/italcamara-es.com\/it\/wp-json\/wp\/v2\/posts\/56542\/revisions"}],"wp:featuredmedia":[{"embeddable":true,"href":"https:\/\/italcamara-es.com\/it\/wp-json\/wp\/v2\/media\/53539"}],"wp:attachment":[{"href":"https:\/\/italcamara-es.com\/it\/wp-json\/wp\/v2\/media?parent=56542"}],"wp:term":[{"taxonomy":"category","embeddable":true,"href":"https:\/\/italcamara-es.com\/it\/wp-json\/wp\/v2\/categories?post=56542"},{"taxonomy":"post_tag","embeddable":true,"href":"https:\/\/italcamara-es.com\/it\/wp-json\/wp\/v2\/tags?post=56542"}],"curies":[{"name":"wp","href":"https:\/\/api.w.org\/{rel}","templated":true}]}}