	{"id":56544,"date":"2015-04-09T07:34:18","date_gmt":"2015-04-09T05:34:18","guid":{"rendered":"http:\/\/pre.italcamara-es.com\/senza-categoria\/consolidare-i-legami-tra-italia-e-spagna-per-rafforzare-leuropa\/"},"modified":"2015-04-09T07:34:18","modified_gmt":"2015-04-09T05:34:18","slug":"consolidare-i-legami-tra-italia-e-spagna-per-rafforzare-leuropa","status":"publish","type":"post","link":"https:\/\/italcamara-es.com\/it\/notizie\/consolidare-i-legami-tra-italia-e-spagna-per-rafforzare-leuropa\/","title":{"rendered":"Consolidare i legami tra Italia e Spagna per rafforzare l\u2019Europa"},"content":{"rendered":"<p style=\"text-align: justify;\"><em>La riattivazione economica dell\u2019UE e gli effetti del TTIP nelle due economie tra i temi trattati nella XIV edizione del Foro di Dialogo Italia-Spagna, che si \u00e8 celebrata a Barcellona l&#8217;8 e il 9 aprile 2015<\/em><\/p>\n<p style=\"text-align: justify;\">Si \u00e8 da poco conclusa la XIV edizione del <strong>Foro di Dialogo Italia-Spagna<\/strong>. Organizzato dal <strong>Barcelona Centre for International Affairs (Cidob)<\/strong> e dall&#8217;<strong>Agenzia di Ricerche e legislazione (Arel)<\/strong>, dal 1999 il Foro \u00e8 diventato un appuntamento che riunisce, alternativamente in Spagna e in Italia, rappresentanti di alto livello degli ambiti politico, accademico, imprenditoriale, economico e dei mezzi di comunicazione.<\/p>\n<p style=\"text-align: justify;\">La riunione di Barcellona si \u00e8 inseriita in un momento particolarmente intenso per l\u2019Unione Europea, caratterizzato dai recenti annunci della nuova Commissione Europea, tra cui il Piano Junker per stimolare investimenti in setori chiave dell\u2019economia europea. In questo senso, i lavori del Foro si sono focalizzati nell\u2019analisi, nel dibattito e nella ricerca di risposte congiunte sia per la riattivazione economica che negli effetti dell\u2019Accordo transatlantico per il Commercio e l\u2019Investimento (conosciuto con l\u2019acronimo inglese TTIP) nei due paesi.<\/p>\n<p style=\"text-align: justify;\">Sono state studiate inoltre nuove proposte per l\u2019internazionalizzazione delle imprese nei due paesi in un nuovo contesto di accordi di associazione commerciale con l\u2019UE, tenendo conto dell\u2019importanza della cooperazione italo-spagnola come fattore cruciale per poter dare una risposta europea alla crisi economica.<\/p>\n<p style=\"text-align: center;\"><a href=\"https:\/\/www.italcamara-es.com\/wp-content\/uploads\/2016\/09\/foro-interno7001.jpg\"><img fetchpriority=\"high\" decoding=\"async\" class=\"alignnone size-full wp-image-5886\" src=\"https:\/\/www.italcamara-es.com\/wp-content\/uploads\/2016\/09\/foro-interno7001.jpg\" alt=\"Immagine della sessione mattutina del XIV Foro di Dialogo Italia-Spagna\" width=\"700\" height=\"428\" \/><\/a><\/p>\n<p style=\"text-align: justify;\">Al Foro hanno partecipato i Ministri degli Esteri di Spagna e Italia, <strong>Jos\u00e9 Manuel Garcia-Margallo<\/strong> e <strong>Paolo Gentiloni<\/strong> e di altre personalit\u00e0 del mondo politico ed imprenditorale dei due paesi, come il presidente della Ceoe, Joan Rosell; il presidente del <em>Centre for Economic Policy Research<\/em>, Guillermo de la Dehesa; il presidente di Fincantieri, Vincenzo Petrone; l\u2019ex Primo Ministro italiano Enrico Letta; l\u2019amministratore delegato di BBVA, Jos\u00e9 Manuel Gonz\u00e1lez-P\u00e1ramo; il direttore generale di Commercio della Commissione Europea (CE), Fernando Perreau; il presidente di Endesa, Borja Prado; l\u2019amministratore delegato di Saba, Josep Mart\u00ednez Vila; il presidente di Telecom Italia, Giuseppe Recchi,e l\u2019amministratore delegato di Atlantia e Autostrade per l&#8217;Italia, Giovanni Castellucci.<\/p>\n<p style=\"text-align: justify;\">Hanno assistito ai lavori anche l&#8217;Ambasciatore d&#8217;Italia in Spagna, Pietro Sebastiani, il presidente della CCIS, Marco Pizzi, ed il segretario generale, Giovanni Aric\u00f2.<\/p>\n","protected":false},"excerpt":{"rendered":"<p>La riattivazione economica dell\u2019UE e gli effetti del TTIP nelle due economie tra i temi trattati nella XIV edizione del Foro di Dialogo Italia-Spagna, che si \u00e8 celebrata a Barcellona l&#8217;8 e il 9 aprile 2015 Si \u00e8 da poco conclusa la XIV edizione del Foro di Dialogo Italia-Spagna. Organizzato dal Barcelona Centre for International [&hellip;]<\/p>\n","protected":false},"author":1,"featured_media":53543,"comment_status":"open","ping_status":"open","sticky":false,"template":"","format":"standard","meta":{"inline_featured_image":false,"ocean_post_layout":"","ocean_both_sidebars_style":"","ocean_both_sidebars_content_width":0,"ocean_both_sidebars_sidebars_width":0,"ocean_sidebar":"","ocean_second_sidebar":"","ocean_disable_margins":"enable","ocean_add_body_class":"","ocean_shortcode_before_top_bar":"","ocean_shortcode_after_top_bar":"","ocean_shortcode_before_header":"","ocean_shortcode_after_header":"","ocean_has_shortcode":"","ocean_shortcode_after_title":"","ocean_shortcode_before_footer_widgets":"","ocean_shortcode_after_footer_widgets":"","ocean_shortcode_before_footer_bottom":"","ocean_shortcode_after_footer_bottom":"","ocean_display_top_bar":"default","ocean_display_header":"default","ocean_header_style":"","ocean_center_header_left_menu":"","ocean_custom_header_template":"","ocean_custom_logo":0,"ocean_custom_retina_logo":0,"ocean_custom_logo_max_width":0,"ocean_custom_logo_tablet_max_width":0,"ocean_custom_logo_mobile_max_width":0,"ocean_custom_logo_max_height":0,"ocean_custom_logo_tablet_max_height":0,"ocean_custom_logo_mobile_max_height":0,"ocean_header_custom_menu":"","ocean_menu_typo_font_family":"","ocean_menu_typo_font_subset":"","ocean_menu_typo_font_size":0,"ocean_menu_typo_font_size_tablet":0,"ocean_menu_typo_font_size_mobile":0,"ocean_menu_typo_font_size_unit":"px","ocean_menu_typo_font_weight":"","ocean_menu_typo_font_weight_tablet":"","ocean_menu_typo_font_weight_mobile":"","ocean_menu_typo_transform":"","ocean_menu_typo_transform_tablet":"","ocean_menu_typo_transform_mobile":"","ocean_menu_typo_line_height":0,"ocean_menu_typo_line_height_tablet":0,"ocean_menu_typo_line_height_mobile":0,"ocean_menu_typo_line_height_unit":"","ocean_menu_typo_spacing":0,"ocean_menu_typo_spacing_tablet":0,"ocean_menu_typo_spacing_mobile":0,"ocean_menu_typo_spacing_unit":"","ocean_menu_link_color":"","ocean_menu_link_color_hover":"","ocean_menu_link_color_active":"","ocean_menu_link_background":"","ocean_menu_link_hover_background":"","ocean_menu_link_active_background":"","ocean_menu_social_links_bg":"","ocean_menu_social_hover_links_bg":"","ocean_menu_social_links_color":"","ocean_menu_social_hover_links_color":"","ocean_disable_title":"default","ocean_disable_heading":"default","ocean_post_title":"","ocean_post_subheading":"","ocean_post_title_style":"","ocean_post_title_background_color":"","ocean_post_title_background":0,"ocean_post_title_bg_image_position":"","ocean_post_title_bg_image_attachment":"","ocean_post_title_bg_image_repeat":"","ocean_post_title_bg_image_size":"","ocean_post_title_height":0,"ocean_post_title_bg_overlay":0.5,"ocean_post_title_bg_overlay_color":"","ocean_disable_breadcrumbs":"default","ocean_breadcrumbs_color":"","ocean_breadcrumbs_separator_color":"","ocean_breadcrumbs_links_color":"","ocean_breadcrumbs_links_hover_color":"","ocean_display_footer_widgets":"default","ocean_display_footer_bottom":"default","ocean_custom_footer_template":"","ocean_post_oembed":"","ocean_post_self_hosted_media":"","ocean_post_video_embed":"","ocean_link_format":"","ocean_link_format_target":"self","ocean_quote_format":"","ocean_quote_format_link":"post","ocean_gallery_link_images":"on","ocean_gallery_id":[],"footnotes":""},"categories":[133],"tags":[138],"class_list":["post-56544","post","type-post","status-publish","format-standard","has-post-thumbnail","hentry","category-notizie","tag-notizie-di-mercato","entry","has-media"],"yoast_head":"<!-- This site is optimized with the Yoast SEO plugin v27.4 - https:\/\/yoast.com\/product\/yoast-seo-wordpress\/ -->\n<title>Consolidare i legami tra Italia e Spagna per rafforzare l\u2019Europa - Italcamara<\/title>\n<meta name=\"robots\" content=\"index, follow, max-snippet:-1, max-image-preview:large, max-video-preview:-1\" \/>\n<link rel=\"canonical\" href=\"https:\/\/italcamara-es.com\/it\/notizie\/consolidare-i-legami-tra-italia-e-spagna-per-rafforzare-leuropa\/\" \/>\n<meta property=\"og:locale\" content=\"it_IT\" \/>\n<meta property=\"og:type\" content=\"article\" \/>\n<meta property=\"og:title\" content=\"Consolidare i legami tra Italia e Spagna per rafforzare l\u2019Europa - Italcamara\" \/>\n<meta property=\"og:description\" content=\"La riattivazione economica dell\u2019UE e gli effetti del TTIP nelle due economie tra i temi trattati nella XIV edizione del Foro di Dialogo Italia-Spagna, che si \u00e8 celebrata a Barcellona l&#8217;8 e il 9 aprile 2015 Si \u00e8 da poco conclusa la XIV edizione del Foro di Dialogo Italia-Spagna. Organizzato dal Barcelona Centre for International [&hellip;]\" \/>\n<meta property=\"og:url\" content=\"https:\/\/italcamara-es.com\/it\/notizie\/consolidare-i-legami-tra-italia-e-spagna-per-rafforzare-leuropa\/\" \/>\n<meta property=\"og:site_name\" content=\"Italcamara\" \/>\n<meta property=\"article:published_time\" content=\"2015-04-09T05:34:18+00:00\" \/>\n<meta property=\"og:image\" content=\"https:\/\/italcamara-es.com\/wp-content\/uploads\/2025\/03\/foro-interno250.jpg\" \/>\n\t<meta property=\"og:image:width\" content=\"250\" \/>\n\t<meta property=\"og:image:height\" content=\"153\" \/>\n\t<meta property=\"og:image:type\" content=\"image\/jpeg\" \/>\n<meta name=\"author\" content=\"administrador\" \/>\n<meta name=\"twitter:card\" content=\"summary_large_image\" \/>\n<meta name=\"twitter:label1\" content=\"Scritto da\" \/>\n\t<meta name=\"twitter:data1\" content=\"administrador\" \/>\n\t<meta name=\"twitter:label2\" content=\"Tempo di lettura stimato\" \/>\n\t<meta name=\"twitter:data2\" content=\"2 minuti\" \/>\n<script type=\"application\/ld+json\" class=\"yoast-schema-graph\">{\"@context\":\"https:\\\/\\\/schema.org\",\"@graph\":[{\"@type\":\"Article\",\"@id\":\"https:\\\/\\\/italcamara-es.com\\\/it\\\/notizie\\\/consolidare-i-legami-tra-italia-e-spagna-per-rafforzare-leuropa\\\/#article\",\"isPartOf\":{\"@id\":\"https:\\\/\\\/italcamara-es.com\\\/it\\\/notizie\\\/consolidare-i-legami-tra-italia-e-spagna-per-rafforzare-leuropa\\\/\"},\"author\":{\"name\":\"administrador\",\"@id\":\"https:\\\/\\\/italcamara-es.com\\\/#\\\/schema\\\/person\\\/bb3c56263e405bbd9a15171dcfee93bb\"},\"headline\":\"Consolidare i legami tra Italia e Spagna per rafforzare l\u2019Europa\",\"datePublished\":\"2015-04-09T05:34:18+00:00\",\"mainEntityOfPage\":{\"@id\":\"https:\\\/\\\/italcamara-es.com\\\/it\\\/notizie\\\/consolidare-i-legami-tra-italia-e-spagna-per-rafforzare-leuropa\\\/\"},\"wordCount\":373,\"commentCount\":0,\"image\":{\"@id\":\"https:\\\/\\\/italcamara-es.com\\\/it\\\/notizie\\\/consolidare-i-legami-tra-italia-e-spagna-per-rafforzare-leuropa\\\/#primaryimage\"},\"thumbnailUrl\":\"https:\\\/\\\/italcamara-es.com\\\/wp-content\\\/uploads\\\/2025\\\/03\\\/foro-interno250.jpg\",\"keywords\":[\"Notizie di Mercato\"],\"articleSection\":[\"Notizie\"],\"inLanguage\":\"it-IT\",\"potentialAction\":[{\"@type\":\"CommentAction\",\"name\":\"Comment\",\"target\":[\"https:\\\/\\\/italcamara-es.com\\\/it\\\/notizie\\\/consolidare-i-legami-tra-italia-e-spagna-per-rafforzare-leuropa\\\/#respond\"]}]},{\"@type\":\"WebPage\",\"@id\":\"https:\\\/\\\/italcamara-es.com\\\/it\\\/notizie\\\/consolidare-i-legami-tra-italia-e-spagna-per-rafforzare-leuropa\\\/\",\"url\":\"https:\\\/\\\/italcamara-es.com\\\/it\\\/notizie\\\/consolidare-i-legami-tra-italia-e-spagna-per-rafforzare-leuropa\\\/\",\"name\":\"Consolidare i legami tra Italia e Spagna per rafforzare l\u2019Europa - Italcamara\",\"isPartOf\":{\"@id\":\"https:\\\/\\\/italcamara-es.com\\\/#website\"},\"primaryImageOfPage\":{\"@id\":\"https:\\\/\\\/italcamara-es.com\\\/it\\\/notizie\\\/consolidare-i-legami-tra-italia-e-spagna-per-rafforzare-leuropa\\\/#primaryimage\"},\"image\":{\"@id\":\"https:\\\/\\\/italcamara-es.com\\\/it\\\/notizie\\\/consolidare-i-legami-tra-italia-e-spagna-per-rafforzare-leuropa\\\/#primaryimage\"},\"thumbnailUrl\":\"https:\\\/\\\/italcamara-es.com\\\/wp-content\\\/uploads\\\/2025\\\/03\\\/foro-interno250.jpg\",\"datePublished\":\"2015-04-09T05:34:18+00:00\",\"author\":{\"@id\":\"https:\\\/\\\/italcamara-es.com\\\/#\\\/schema\\\/person\\\/bb3c56263e405bbd9a15171dcfee93bb\"},\"breadcrumb\":{\"@id\":\"https:\\\/\\\/italcamara-es.com\\\/it\\\/notizie\\\/consolidare-i-legami-tra-italia-e-spagna-per-rafforzare-leuropa\\\/#breadcrumb\"},\"inLanguage\":\"it-IT\",\"potentialAction\":[{\"@type\":\"ReadAction\",\"target\":[\"https:\\\/\\\/italcamara-es.com\\\/it\\\/notizie\\\/consolidare-i-legami-tra-italia-e-spagna-per-rafforzare-leuropa\\\/\"]}]},{\"@type\":\"ImageObject\",\"inLanguage\":\"it-IT\",\"@id\":\"https:\\\/\\\/italcamara-es.com\\\/it\\\/notizie\\\/consolidare-i-legami-tra-italia-e-spagna-per-rafforzare-leuropa\\\/#primaryimage\",\"url\":\"https:\\\/\\\/italcamara-es.com\\\/wp-content\\\/uploads\\\/2025\\\/03\\\/foro-interno250.jpg\",\"contentUrl\":\"https:\\\/\\\/italcamara-es.com\\\/wp-content\\\/uploads\\\/2025\\\/03\\\/foro-interno250.jpg\",\"width\":250,\"height\":153},{\"@type\":\"BreadcrumbList\",\"@id\":\"https:\\\/\\\/italcamara-es.com\\\/it\\\/notizie\\\/consolidare-i-legami-tra-italia-e-spagna-per-rafforzare-leuropa\\\/#breadcrumb\",\"itemListElement\":[{\"@type\":\"ListItem\",\"position\":1,\"name\":\"Inicio\",\"item\":\"https:\\\/\\\/italcamara-es.com\\\/it\\\/homepage-ita\\\/\"},{\"@type\":\"ListItem\",\"position\":2,\"name\":\"Consolidare i legami tra Italia e Spagna per rafforzare l\u2019Europa\"}]},{\"@type\":\"WebSite\",\"@id\":\"https:\\\/\\\/italcamara-es.com\\\/#website\",\"url\":\"https:\\\/\\\/italcamara-es.com\\\/\",\"name\":\"Italcamara\",\"description\":\"\",\"potentialAction\":[{\"@type\":\"SearchAction\",\"target\":{\"@type\":\"EntryPoint\",\"urlTemplate\":\"https:\\\/\\\/italcamara-es.com\\\/?s={search_term_string}\"},\"query-input\":{\"@type\":\"PropertyValueSpecification\",\"valueRequired\":true,\"valueName\":\"search_term_string\"}}],\"inLanguage\":\"it-IT\"},{\"@type\":\"Person\",\"@id\":\"https:\\\/\\\/italcamara-es.com\\\/#\\\/schema\\\/person\\\/bb3c56263e405bbd9a15171dcfee93bb\",\"name\":\"administrador\",\"image\":{\"@type\":\"ImageObject\",\"inLanguage\":\"it-IT\",\"@id\":\"https:\\\/\\\/secure.gravatar.com\\\/avatar\\\/14b5e63db38320b12031bb28cf9f77e210aa71fb3a8a3602a3c9a05134fa75eb?s=96&d=mm&r=g\",\"url\":\"https:\\\/\\\/secure.gravatar.com\\\/avatar\\\/14b5e63db38320b12031bb28cf9f77e210aa71fb3a8a3602a3c9a05134fa75eb?s=96&d=mm&r=g\",\"contentUrl\":\"https:\\\/\\\/secure.gravatar.com\\\/avatar\\\/14b5e63db38320b12031bb28cf9f77e210aa71fb3a8a3602a3c9a05134fa75eb?s=96&d=mm&r=g\",\"caption\":\"administrador\"},\"sameAs\":[\"http:\\\/\\\/pre.italcamara-es.com\"],\"url\":\"https:\\\/\\\/italcamara-es.com\\\/it\\\/author\\\/administrador\\\/\"}]}<\/script>\n<!-- \/ Yoast SEO plugin. -->","yoast_head_json":{"title":"Consolidare i legami tra Italia e Spagna per rafforzare l\u2019Europa - Italcamara","robots":{"index":"index","follow":"follow","max-snippet":"max-snippet:-1","max-image-preview":"max-image-preview:large","max-video-preview":"max-video-preview:-1"},"canonical":"https:\/\/italcamara-es.com\/it\/notizie\/consolidare-i-legami-tra-italia-e-spagna-per-rafforzare-leuropa\/","og_locale":"it_IT","og_type":"article","og_title":"Consolidare i legami tra Italia e Spagna per rafforzare l\u2019Europa - Italcamara","og_description":"La riattivazione economica dell\u2019UE e gli effetti del TTIP nelle due economie tra i temi trattati nella XIV edizione del Foro di Dialogo Italia-Spagna, che si \u00e8 celebrata a Barcellona l&#8217;8 e il 9 aprile 2015 Si \u00e8 da poco conclusa la XIV edizione del Foro di Dialogo Italia-Spagna. Organizzato dal Barcelona Centre for International [&hellip;]","og_url":"https:\/\/italcamara-es.com\/it\/notizie\/consolidare-i-legami-tra-italia-e-spagna-per-rafforzare-leuropa\/","og_site_name":"Italcamara","article_published_time":"2015-04-09T05:34:18+00:00","og_image":[{"width":250,"height":153,"url":"https:\/\/italcamara-es.com\/wp-content\/uploads\/2025\/03\/foro-interno250.jpg","type":"image\/jpeg"}],"author":"administrador","twitter_card":"summary_large_image","twitter_misc":{"Scritto da":"administrador","Tempo di lettura stimato":"2 minuti"},"schema":{"@context":"https:\/\/schema.org","@graph":[{"@type":"Article","@id":"https:\/\/italcamara-es.com\/it\/notizie\/consolidare-i-legami-tra-italia-e-spagna-per-rafforzare-leuropa\/#article","isPartOf":{"@id":"https:\/\/italcamara-es.com\/it\/notizie\/consolidare-i-legami-tra-italia-e-spagna-per-rafforzare-leuropa\/"},"author":{"name":"administrador","@id":"https:\/\/italcamara-es.com\/#\/schema\/person\/bb3c56263e405bbd9a15171dcfee93bb"},"headline":"Consolidare i legami tra Italia e Spagna per rafforzare l\u2019Europa","datePublished":"2015-04-09T05:34:18+00:00","mainEntityOfPage":{"@id":"https:\/\/italcamara-es.com\/it\/notizie\/consolidare-i-legami-tra-italia-e-spagna-per-rafforzare-leuropa\/"},"wordCount":373,"commentCount":0,"image":{"@id":"https:\/\/italcamara-es.com\/it\/notizie\/consolidare-i-legami-tra-italia-e-spagna-per-rafforzare-leuropa\/#primaryimage"},"thumbnailUrl":"https:\/\/italcamara-es.com\/wp-content\/uploads\/2025\/03\/foro-interno250.jpg","keywords":["Notizie di Mercato"],"articleSection":["Notizie"],"inLanguage":"it-IT","potentialAction":[{"@type":"CommentAction","name":"Comment","target":["https:\/\/italcamara-es.com\/it\/notizie\/consolidare-i-legami-tra-italia-e-spagna-per-rafforzare-leuropa\/#respond"]}]},{"@type":"WebPage","@id":"https:\/\/italcamara-es.com\/it\/notizie\/consolidare-i-legami-tra-italia-e-spagna-per-rafforzare-leuropa\/","url":"https:\/\/italcamara-es.com\/it\/notizie\/consolidare-i-legami-tra-italia-e-spagna-per-rafforzare-leuropa\/","name":"Consolidare i legami tra Italia e Spagna per rafforzare l\u2019Europa - Italcamara","isPartOf":{"@id":"https:\/\/italcamara-es.com\/#website"},"primaryImageOfPage":{"@id":"https:\/\/italcamara-es.com\/it\/notizie\/consolidare-i-legami-tra-italia-e-spagna-per-rafforzare-leuropa\/#primaryimage"},"image":{"@id":"https:\/\/italcamara-es.com\/it\/notizie\/consolidare-i-legami-tra-italia-e-spagna-per-rafforzare-leuropa\/#primaryimage"},"thumbnailUrl":"https:\/\/italcamara-es.com\/wp-content\/uploads\/2025\/03\/foro-interno250.jpg","datePublished":"2015-04-09T05:34:18+00:00","author":{"@id":"https:\/\/italcamara-es.com\/#\/schema\/person\/bb3c56263e405bbd9a15171dcfee93bb"},"breadcrumb":{"@id":"https:\/\/italcamara-es.com\/it\/notizie\/consolidare-i-legami-tra-italia-e-spagna-per-rafforzare-leuropa\/#breadcrumb"},"inLanguage":"it-IT","potentialAction":[{"@type":"ReadAction","target":["https:\/\/italcamara-es.com\/it\/notizie\/consolidare-i-legami-tra-italia-e-spagna-per-rafforzare-leuropa\/"]}]},{"@type":"ImageObject","inLanguage":"it-IT","@id":"https:\/\/italcamara-es.com\/it\/notizie\/consolidare-i-legami-tra-italia-e-spagna-per-rafforzare-leuropa\/#primaryimage","url":"https:\/\/italcamara-es.com\/wp-content\/uploads\/2025\/03\/foro-interno250.jpg","contentUrl":"https:\/\/italcamara-es.com\/wp-content\/uploads\/2025\/03\/foro-interno250.jpg","width":250,"height":153},{"@type":"BreadcrumbList","@id":"https:\/\/italcamara-es.com\/it\/notizie\/consolidare-i-legami-tra-italia-e-spagna-per-rafforzare-leuropa\/#breadcrumb","itemListElement":[{"@type":"ListItem","position":1,"name":"Inicio","item":"https:\/\/italcamara-es.com\/it\/homepage-ita\/"},{"@type":"ListItem","position":2,"name":"Consolidare i legami tra Italia e Spagna per rafforzare l\u2019Europa"}]},{"@type":"WebSite","@id":"https:\/\/italcamara-es.com\/#website","url":"https:\/\/italcamara-es.com\/","name":"Italcamara","description":"","potentialAction":[{"@type":"SearchAction","target":{"@type":"EntryPoint","urlTemplate":"https:\/\/italcamara-es.com\/?s={search_term_string}"},"query-input":{"@type":"PropertyValueSpecification","valueRequired":true,"valueName":"search_term_string"}}],"inLanguage":"it-IT"},{"@type":"Person","@id":"https:\/\/italcamara-es.com\/#\/schema\/person\/bb3c56263e405bbd9a15171dcfee93bb","name":"administrador","image":{"@type":"ImageObject","inLanguage":"it-IT","@id":"https:\/\/secure.gravatar.com\/avatar\/14b5e63db38320b12031bb28cf9f77e210aa71fb3a8a3602a3c9a05134fa75eb?s=96&d=mm&r=g","url":"https:\/\/secure.gravatar.com\/avatar\/14b5e63db38320b12031bb28cf9f77e210aa71fb3a8a3602a3c9a05134fa75eb?s=96&d=mm&r=g","contentUrl":"https:\/\/secure.gravatar.com\/avatar\/14b5e63db38320b12031bb28cf9f77e210aa71fb3a8a3602a3c9a05134fa75eb?s=96&d=mm&r=g","caption":"administrador"},"sameAs":["http:\/\/pre.italcamara-es.com"],"url":"https:\/\/italcamara-es.com\/it\/author\/administrador\/"}]}},"rttpg_featured_image_url":{"full":["https:\/\/italcamara-es.com\/wp-content\/uploads\/2025\/03\/foro-interno250.jpg",250,153,false],"landscape":["https:\/\/italcamara-es.com\/wp-content\/uploads\/2025\/03\/foro-interno250.jpg",250,153,false],"portraits":["https:\/\/italcamara-es.com\/wp-content\/uploads\/2025\/03\/foro-interno250.jpg",250,153,false],"thumbnail":["https:\/\/italcamara-es.com\/wp-content\/uploads\/2025\/03\/foro-interno250-150x150.jpg",150,150,true],"medium":["https:\/\/italcamara-es.com\/wp-content\/uploads\/2025\/03\/foro-interno250.jpg",250,153,false],"large":["https:\/\/italcamara-es.com\/wp-content\/uploads\/2025\/03\/foro-interno250.jpg",250,153,false],"1536x1536":["https:\/\/italcamara-es.com\/wp-content\/uploads\/2025\/03\/foro-interno250.jpg",250,153,false],"2048x2048":["https:\/\/italcamara-es.com\/wp-content\/uploads\/2025\/03\/foro-interno250.jpg",250,153,false],"ocean-thumb-m":["https:\/\/italcamara-es.com\/wp-content\/uploads\/2025\/03\/foro-interno250.jpg",250,153,false],"ocean-thumb-ml":["https:\/\/italcamara-es.com\/wp-content\/uploads\/2025\/03\/foro-interno250.jpg",250,153,false],"ocean-thumb-l":["https:\/\/italcamara-es.com\/wp-content\/uploads\/2025\/03\/foro-interno250.jpg",250,153,false],"directorist_preview":["https:\/\/italcamara-es.com\/wp-content\/uploads\/2025\/03\/foro-interno250.jpg",250,153,false]},"rttpg_author":{"display_name":"administrador","author_link":"https:\/\/italcamara-es.com\/it\/author\/administrador\/"},"rttpg_comment":0,"rttpg_category":"<a href=\"https:\/\/italcamara-es.com\/it\/category\/notizie\/\" rel=\"category tag\">Notizie<\/a>","rttpg_excerpt":"La riattivazione economica dell\u2019UE e gli effetti del TTIP nelle due economie tra i temi trattati nella XIV edizione del Foro di Dialogo Italia-Spagna, che si \u00e8 celebrata a Barcellona l&#8217;8 e il 9 aprile 2015 Si \u00e8 da poco conclusa la XIV edizione del Foro di Dialogo Italia-Spagna. Organizzato dal Barcelona Centre for International&hellip;","_links":{"self":[{"href":"https:\/\/italcamara-es.com\/it\/wp-json\/wp\/v2\/posts\/56544","targetHints":{"allow":["GET"]}}],"collection":[{"href":"https:\/\/italcamara-es.com\/it\/wp-json\/wp\/v2\/posts"}],"about":[{"href":"https:\/\/italcamara-es.com\/it\/wp-json\/wp\/v2\/types\/post"}],"author":[{"embeddable":true,"href":"https:\/\/italcamara-es.com\/it\/wp-json\/wp\/v2\/users\/1"}],"replies":[{"embeddable":true,"href":"https:\/\/italcamara-es.com\/it\/wp-json\/wp\/v2\/comments?post=56544"}],"version-history":[{"count":0,"href":"https:\/\/italcamara-es.com\/it\/wp-json\/wp\/v2\/posts\/56544\/revisions"}],"wp:featuredmedia":[{"embeddable":true,"href":"https:\/\/italcamara-es.com\/it\/wp-json\/wp\/v2\/media\/53543"}],"wp:attachment":[{"href":"https:\/\/italcamara-es.com\/it\/wp-json\/wp\/v2\/media?parent=56544"}],"wp:term":[{"taxonomy":"category","embeddable":true,"href":"https:\/\/italcamara-es.com\/it\/wp-json\/wp\/v2\/categories?post=56544"},{"taxonomy":"post_tag","embeddable":true,"href":"https:\/\/italcamara-es.com\/it\/wp-json\/wp\/v2\/tags?post=56544"}],"curies":[{"name":"wp","href":"https:\/\/api.w.org\/{rel}","templated":true}]}}