	{"id":56549,"date":"2015-02-24T10:29:31","date_gmt":"2015-02-24T09:29:31","guid":{"rendered":"http:\/\/pre.italcamara-es.com\/senza-categoria\/i-10-selfie-della-competitivita-italiana\/"},"modified":"2015-02-24T10:29:31","modified_gmt":"2015-02-24T09:29:31","slug":"i-10-selfie-della-competitivita-italiana","status":"publish","type":"post","link":"https:\/\/italcamara-es.com\/it\/notizie\/i-10-selfie-della-competitivita-italiana\/","title":{"rendered":"I 10 selfie della competitivit\u00e0 italiana"},"content":{"rendered":"<p><em>Il rapporto della fondazione Symbola presenta i punti di forza di un&#8217;Italia vincente ed efficiente<\/em><\/p>\n<p>&nbsp;<\/p>\n<p>La <em><strong>Fondazione Symbola<\/strong><\/em> ha pubblicato di recente il dossier: \u201c<strong>L\u2019Italia in dieci selfie<\/strong>\u201d. Si tratta di un\u2019iniziativa per comunicare un\u2019immagine diversa dell\u2019Italia e del suo potenziale che spesso, soprattutto in questo periodo di crisi, non riceve l\u2019attenzione che merita.<\/p>\n<p>&nbsp;<\/p>\n<p>I dati e gli spunti proposti nel dossier sono il frutto di indagini e ricerche effettuate dalla stessa fondazione Symbola, e da altri enti e associazioni che hanno collaborato nel progetto, tra cui <strong>Unioncamere, Fondazione Edison, Aaster, Coldiretti e Ucimu<\/strong><\/p>\n<p>&nbsp;<\/p>\n<p>Questi i 10 selfie:<\/p>\n<p>&nbsp;<\/p>\n<p><strong>1) L\u2019Italia \u00e8 uno dei soli cinque paesi al mondo che vanta un surplus manifatturiero sopra i 100 miliardi di dollari,<\/strong>\u00a0in compagnia di grandi potenze industriali come Cina, Germania, Giappone e Corea del Sud. Mentre Francia (-34 mld), Gran Bretagna (-99) e Usa (-610) vedono la bilancia commerciale manifatturiera pendere al contrario (fonte: 10 Verit\u00e0 sulla competitivit\u00e0 italiana di Fondazione Symbola, Unioncamere e Fondazione Edison)<\/p>\n<p>&nbsp;<\/p>\n<p><strong>2) L<\/strong><strong>e imprese italiane sono tra le pi\u00f9 competitive al mondo. <\/strong>Su un totale di 5.117 prodotti (il massimo livello di disaggregazione statistica del commercio mondiale) nel 2012 l\u2019Italia si \u00e8 piazzata prima, seconda o terza al mondo per attivo commerciale con l\u2019estero in ben 935 (fonte: 10 Verit\u00e0 sulla competitivit\u00e0 italiana di Fondazione Symbola, Unioncamere e Fondazione Edison);<\/p>\n<p>&nbsp;<\/p>\n<p><strong>3) C<\/strong><strong>onsiderando il debito aggregato (Stato, famiglie, imprese) l\u2019Italia \u00e8 uno dei paesi meno indebitati al mondo<\/strong>: quello italiano, nonostante crisi e austerity non siano state indolori nemmeno per le famiglie, pesa il 261% del Pil. Quello del Giappone il 412%, quello della Spagna il 305%, quello del Regno Unito il 284% e quello degli Stati Uniti il 264% (fonte: 10 Verit\u00e0 sulla competitivit\u00e0 italiana di Fondazione Symbola, Unioncamere e Fondazione Edison);<\/p>\n<p>&nbsp;<\/p>\n<p><strong>4) Per 77 prodotti l\u2019Italia \u00e8 leader dell\u2019agroalimentare nel mondo. <\/strong>Tra i prodotti dell\u2019agroalimentare italiano ben 23 non hanno rivali sui mercati internazionali e vantano le maggiori quote di mercato mondiale. E ce ne sono altri 54 per i quali \u00e8 seconda o terza. Nonostante la contraffazione e la concorrenza sleale dell\u2019Italian sounding, \u00e8 sul podio nel commercio mondiale per ben 77 prodotti. \u00c8, inoltre, il Paese pi\u00f9 forte per prodotti \u2018distintivi\u2019, con 269 prodotti Dop, Igp e Stg (a cui si aggiungono 4.816 specialit\u00e0 tradizionali regionali), seguito a distanza dalla Francia, con 207, e dalla Spagna, con 162. (fonte: 10 Verit\u00e0 sulla competitivit\u00e0 italiana \u2013 Focus Agroalimentare di Fondazione Symbola, Unioncamere e Fondazione Edison per Coldiretti);<\/p>\n<p>&nbsp;<\/p>\n<p><strong>5) L\u2019Italia \u00e8 il secondo paese pi\u00f9 competitivo al mondo nel machinery.<\/strong> L\u2019industria italiana del machinery occupa i vertici delle graduatorie mondiali di settore. Nella classifica di competitivit\u00e0 calcolata sulla base del <em>Trade performance Index<\/em>, elaborato dall\u2019<em>International Trade Centre<\/em> dell\u2019UNCTAD\/WTO, l\u2019industria italiana della meccanica risulta seconda solo a quella tedesca. (Fonte: 10 Verit\u00e0 sulla competitivit\u00e0 italiana \u2013 Focus Machinery di Fondazione Symbola, Unioncamere e Fondazione Edison per Fondazione Ucimu);<\/p>\n<p>&nbsp;<\/p>\n<p><strong>6) Dalla <em>green economy <\/em>il turbo per le imprese italiane. <\/strong>Il 22% delle aziende italiane, percentuale che sale al 33% delle imprese manifatturiere, nella crisi hanno scommesso sulla green economy, settore che vale 101 miliardi di euro di valore aggiunto, il 10,2% dell\u2019economia nazionale. Una scelta vincente. In termini di export: se consideriamo le imprese manifatturiere, il 44% di quelle che investono <em>green<\/em> esportano stabilmente, contro il 24% di quelle che non lo fanno. E di innovazione: il 30% delle aziende manifatturiere che puntano sul verde hanno sviluppato nuovi prodotti o nuovi servizi, contro il 15% delle altre. Con i<em> green jobs:\u00a0<\/em>sono diventati protagonisti dell\u2019innovazione e coprono addirittura il 70% di tutte le assunzioni destinate alle attivit\u00e0 di ricerca e sviluppo delle aziende italiane (fonte: GreenItaly 2014 di Fondazione Symbola e Unioncamere);<\/p>\n<p>&nbsp;<\/p>\n<p><strong>7) L\u2019Italia \u00e8 leader in Europa per eco-efficienza del sistema produttivo.<\/strong> Ed \u00e8 campione nell\u2019industria del riciclo. Il modello produttivo italiano \u00e8 tra i pi\u00f9 innovativi in campo ambientale, con 104 tonnellate di anidride carbonica per milione di euro prodotto (la Germania ne immette in atmosfera 143, il Regno Unito 130) e 41 di rifiuti (65 la Germania e il Regno Unito, 93 la Francia). \u00c8 campione europeo nell\u2019industria del riciclo: a fronte di un avvio a recupero industriale di 163 milioni di tonnellate di rifiuti su scala europea, in Italia ne sono stati recuperati 24,1 milioni, il valore assoluto pi\u00f9 elevato tra tutti i Paesi europei (in Germania sono 22,4). Milano, la citt\u00e0 dell\u2019EXPO \u00e8, insieme a Vienna, per raccolta differenziata, in cima alla classifica delle metropoli europee sopra il milione di abitanti e ha nel mondo, fra le grandi citt\u00e0, il primato delle persone servite dalla raccolta dell\u2019organico (fonti: GreenItaly 2014 di Fondazione Symbola e Unioncamere e 10 Verit\u00e0 sulla competitivit\u00e0 italiana di Fondazione Symbola, Unioncamere e Fondazione Edison);<\/p>\n<p>&nbsp;<\/p>\n<p><strong>8) Con la cultura l\u2019Italia mangia.<\/strong> Alla filiera della cultura \u2013 443.458 aziende, il 7,3% del totale nazionale \u2013 l\u2019Italia deve 80 miliardi di euro, il 5,7% della ricchezza prodotta. Ma arriva a 214 miliardi, il 15,3% del valore aggiunto nazionale, se consideriamo quella parte dell\u2019economia nazionale che, come il turismo, cresce di 1,67 euro per ogni euro prodotto dalla cultura (fonte: Io sono Cultura \u2013 L\u2019Italia della qualit\u00e0 e della bellezza sfida la crisi. Rapporto 2014 di Fondazione Symbola e Unioncamere);<\/p>\n<p>&nbsp;<\/p>\n<p><strong>9) L\u2019Italia \u00e8, nell\u2019eurozona, la meta preferita dei turisti extraeuropei. <\/strong>Grazie a cultura, bellezza e qualit\u00e0, \u00e8 il primo paese per pernottamenti di turisti extra Ue, con 56 milioni di notti. \u00c8 la meta preferita di Paesi come la Cina, il Brasile, il Giappone, la Corea del Sud, l\u2019Australia, gli Usa e il Canada (dati Eurostat). Un risultato che ha solide radici nella bellezza e nella cultura di cui il Paese \u00e8 ricco. L\u2019Italia, non a caso, \u00e8 il Paese che nel mondo vanta il maggior numero di siti Unesco nella Lista del Patrimonio Mondiale dell\u2019Umanit\u00e0 (51 su 1001). Fonte: 10 Verit\u00e0 sulla competitivit\u00e0 italiana \u2013 Fondazione Symbola, Unioncamere e Fondazione Edison;<\/p>\n<p>&nbsp;<\/p>\n<p><strong>10) Coesione: ricetta per competere.<\/strong> Le imprese \u201ccoesive\u201d \u2013 quelle pi\u00f9 legate alle comunit\u00e0, ai lavoratori, al territorio, che investono nelle competenze, nella sostenibilit\u00e0, nella qualit\u00e0 e bellezza \u2013 sono pi\u00f9 competitive. Nel 2013 queste imprese hanno aumentato il fatturato nel 39% dei casi rispetto al 2012, contro il 31% delle non coesive. Hanno visto crescere l\u2019occupazione nel 22% contro il 15%. Non \u00e8 forse un caso se, tra il 2007 e il 2012, pur senza misure pubbliche a sostegno, sono imprese italiane quelle che hanno guidato \u2013 dietro gli Usa \u2013 il re-shoring mondiale e rappresentano oggi il 60% delle rilocalizzazioni europee. (Fonte: Coesione \u00e8 Competizione \u2013 Le nuove geografie della produzione del valore in Italia di Consorzio Aaster, Fondazione Symbola e Unioncamere.)<\/p>\n<p>&nbsp;<\/p>\n<p><em>Per maggiori informazioni:\u00a0<\/em><span style=\"text-decoration: underline; color: #0000ff;\"><a style=\"color: #0000ff; text-decoration: underline;\" href=\"http:\/\/www.symbola.net\/html\/article\/italia10selfie2015\" target=\"_blank\" rel=\"noopener\">http:\/\/www.symbola.net\/html\/article\/italia10selfie2015<\/a><\/span><\/p>\n<p>&nbsp;<\/p>\n","protected":false},"excerpt":{"rendered":"<p>Il rapporto della fondazione Symbola presenta i punti di forza di un&#8217;Italia vincente ed efficiente &nbsp; La Fondazione Symbola ha pubblicato di recente il dossier: \u201cL\u2019Italia in dieci selfie\u201d. Si tratta di un\u2019iniziativa per comunicare un\u2019immagine diversa dell\u2019Italia e del suo potenziale che spesso, soprattutto in questo periodo di crisi, non riceve l\u2019attenzione che merita. [&hellip;]<\/p>\n","protected":false},"author":1,"featured_media":53553,"comment_status":"open","ping_status":"open","sticky":false,"template":"","format":"standard","meta":{"inline_featured_image":false,"ocean_post_layout":"","ocean_both_sidebars_style":"","ocean_both_sidebars_content_width":0,"ocean_both_sidebars_sidebars_width":0,"ocean_sidebar":"","ocean_second_sidebar":"","ocean_disable_margins":"enable","ocean_add_body_class":"","ocean_shortcode_before_top_bar":"","ocean_shortcode_after_top_bar":"","ocean_shortcode_before_header":"","ocean_shortcode_after_header":"","ocean_has_shortcode":"","ocean_shortcode_after_title":"","ocean_shortcode_before_footer_widgets":"","ocean_shortcode_after_footer_widgets":"","ocean_shortcode_before_footer_bottom":"","ocean_shortcode_after_footer_bottom":"","ocean_display_top_bar":"default","ocean_display_header":"default","ocean_header_style":"","ocean_center_header_left_menu":"","ocean_custom_header_template":"","ocean_custom_logo":0,"ocean_custom_retina_logo":0,"ocean_custom_logo_max_width":0,"ocean_custom_logo_tablet_max_width":0,"ocean_custom_logo_mobile_max_width":0,"ocean_custom_logo_max_height":0,"ocean_custom_logo_tablet_max_height":0,"ocean_custom_logo_mobile_max_height":0,"ocean_header_custom_menu":"","ocean_menu_typo_font_family":"","ocean_menu_typo_font_subset":"","ocean_menu_typo_font_size":0,"ocean_menu_typo_font_size_tablet":0,"ocean_menu_typo_font_size_mobile":0,"ocean_menu_typo_font_size_unit":"px","ocean_menu_typo_font_weight":"","ocean_menu_typo_font_weight_tablet":"","ocean_menu_typo_font_weight_mobile":"","ocean_menu_typo_transform":"","ocean_menu_typo_transform_tablet":"","ocean_menu_typo_transform_mobile":"","ocean_menu_typo_line_height":0,"ocean_menu_typo_line_height_tablet":0,"ocean_menu_typo_line_height_mobile":0,"ocean_menu_typo_line_height_unit":"","ocean_menu_typo_spacing":0,"ocean_menu_typo_spacing_tablet":0,"ocean_menu_typo_spacing_mobile":0,"ocean_menu_typo_spacing_unit":"","ocean_menu_link_color":"","ocean_menu_link_color_hover":"","ocean_menu_link_color_active":"","ocean_menu_link_background":"","ocean_menu_link_hover_background":"","ocean_menu_link_active_background":"","ocean_menu_social_links_bg":"","ocean_menu_social_hover_links_bg":"","ocean_menu_social_links_color":"","ocean_menu_social_hover_links_color":"","ocean_disable_title":"default","ocean_disable_heading":"default","ocean_post_title":"","ocean_post_subheading":"","ocean_post_title_style":"","ocean_post_title_background_color":"","ocean_post_title_background":0,"ocean_post_title_bg_image_position":"","ocean_post_title_bg_image_attachment":"","ocean_post_title_bg_image_repeat":"","ocean_post_title_bg_image_size":"","ocean_post_title_height":0,"ocean_post_title_bg_overlay":0.5,"ocean_post_title_bg_overlay_color":"","ocean_disable_breadcrumbs":"default","ocean_breadcrumbs_color":"","ocean_breadcrumbs_separator_color":"","ocean_breadcrumbs_links_color":"","ocean_breadcrumbs_links_hover_color":"","ocean_display_footer_widgets":"default","ocean_display_footer_bottom":"default","ocean_custom_footer_template":"","ocean_post_oembed":"","ocean_post_self_hosted_media":"","ocean_post_video_embed":"","ocean_link_format":"","ocean_link_format_target":"self","ocean_quote_format":"","ocean_quote_format_link":"post","ocean_gallery_link_images":"on","ocean_gallery_id":[],"footnotes":""},"categories":[133],"tags":[138],"class_list":["post-56549","post","type-post","status-publish","format-standard","has-post-thumbnail","hentry","category-notizie","tag-notizie-di-mercato","entry","has-media"],"yoast_head":"<!-- This site is optimized with the Yoast SEO plugin v27.4 - https:\/\/yoast.com\/product\/yoast-seo-wordpress\/ -->\n<title>I 10 selfie della competitivit\u00e0 italiana - Italcamara<\/title>\n<meta name=\"robots\" content=\"index, follow, max-snippet:-1, max-image-preview:large, max-video-preview:-1\" \/>\n<link rel=\"canonical\" href=\"https:\/\/italcamara-es.com\/it\/notizie\/i-10-selfie-della-competitivita-italiana\/\" \/>\n<meta property=\"og:locale\" content=\"it_IT\" \/>\n<meta property=\"og:type\" content=\"article\" \/>\n<meta property=\"og:title\" content=\"I 10 selfie della competitivit\u00e0 italiana - Italcamara\" \/>\n<meta property=\"og:description\" content=\"Il rapporto della fondazione Symbola presenta i punti di forza di un&#8217;Italia vincente ed efficiente &nbsp; La Fondazione Symbola ha pubblicato di recente il dossier: \u201cL\u2019Italia in dieci selfie\u201d. Si tratta di un\u2019iniziativa per comunicare un\u2019immagine diversa dell\u2019Italia e del suo potenziale che spesso, soprattutto in questo periodo di crisi, non riceve l\u2019attenzione che merita. [&hellip;]\" \/>\n<meta property=\"og:url\" content=\"https:\/\/italcamara-es.com\/it\/notizie\/i-10-selfie-della-competitivita-italiana\/\" \/>\n<meta property=\"og:site_name\" content=\"Italcamara\" \/>\n<meta property=\"article:published_time\" content=\"2015-02-24T09:29:31+00:00\" \/>\n<meta property=\"og:image\" content=\"https:\/\/italcamara-es.com\/wp-content\/uploads\/2025\/03\/10selfie250.jpg\" \/>\n\t<meta property=\"og:image:width\" content=\"250\" \/>\n\t<meta property=\"og:image:height\" content=\"209\" \/>\n\t<meta property=\"og:image:type\" content=\"image\/jpeg\" \/>\n<meta name=\"author\" content=\"administrador\" \/>\n<meta name=\"twitter:card\" content=\"summary_large_image\" \/>\n<meta name=\"twitter:label1\" content=\"Scritto da\" \/>\n\t<meta name=\"twitter:data1\" content=\"administrador\" \/>\n\t<meta name=\"twitter:label2\" content=\"Tempo di lettura stimato\" \/>\n\t<meta name=\"twitter:data2\" content=\"5 minuti\" \/>\n<script type=\"application\/ld+json\" class=\"yoast-schema-graph\">{\"@context\":\"https:\\\/\\\/schema.org\",\"@graph\":[{\"@type\":\"Article\",\"@id\":\"https:\\\/\\\/italcamara-es.com\\\/it\\\/notizie\\\/i-10-selfie-della-competitivita-italiana\\\/#article\",\"isPartOf\":{\"@id\":\"https:\\\/\\\/italcamara-es.com\\\/it\\\/notizie\\\/i-10-selfie-della-competitivita-italiana\\\/\"},\"author\":{\"name\":\"administrador\",\"@id\":\"https:\\\/\\\/italcamara-es.com\\\/#\\\/schema\\\/person\\\/bb3c56263e405bbd9a15171dcfee93bb\"},\"headline\":\"I 10 selfie della competitivit\u00e0 italiana\",\"datePublished\":\"2015-02-24T09:29:31+00:00\",\"mainEntityOfPage\":{\"@id\":\"https:\\\/\\\/italcamara-es.com\\\/it\\\/notizie\\\/i-10-selfie-della-competitivita-italiana\\\/\"},\"wordCount\":1067,\"commentCount\":0,\"image\":{\"@id\":\"https:\\\/\\\/italcamara-es.com\\\/it\\\/notizie\\\/i-10-selfie-della-competitivita-italiana\\\/#primaryimage\"},\"thumbnailUrl\":\"https:\\\/\\\/italcamara-es.com\\\/wp-content\\\/uploads\\\/2025\\\/03\\\/10selfie250.jpg\",\"keywords\":[\"Notizie di Mercato\"],\"articleSection\":[\"Notizie\"],\"inLanguage\":\"it-IT\",\"potentialAction\":[{\"@type\":\"CommentAction\",\"name\":\"Comment\",\"target\":[\"https:\\\/\\\/italcamara-es.com\\\/it\\\/notizie\\\/i-10-selfie-della-competitivita-italiana\\\/#respond\"]}]},{\"@type\":\"WebPage\",\"@id\":\"https:\\\/\\\/italcamara-es.com\\\/it\\\/notizie\\\/i-10-selfie-della-competitivita-italiana\\\/\",\"url\":\"https:\\\/\\\/italcamara-es.com\\\/it\\\/notizie\\\/i-10-selfie-della-competitivita-italiana\\\/\",\"name\":\"I 10 selfie della competitivit\u00e0 italiana - Italcamara\",\"isPartOf\":{\"@id\":\"https:\\\/\\\/italcamara-es.com\\\/#website\"},\"primaryImageOfPage\":{\"@id\":\"https:\\\/\\\/italcamara-es.com\\\/it\\\/notizie\\\/i-10-selfie-della-competitivita-italiana\\\/#primaryimage\"},\"image\":{\"@id\":\"https:\\\/\\\/italcamara-es.com\\\/it\\\/notizie\\\/i-10-selfie-della-competitivita-italiana\\\/#primaryimage\"},\"thumbnailUrl\":\"https:\\\/\\\/italcamara-es.com\\\/wp-content\\\/uploads\\\/2025\\\/03\\\/10selfie250.jpg\",\"datePublished\":\"2015-02-24T09:29:31+00:00\",\"author\":{\"@id\":\"https:\\\/\\\/italcamara-es.com\\\/#\\\/schema\\\/person\\\/bb3c56263e405bbd9a15171dcfee93bb\"},\"breadcrumb\":{\"@id\":\"https:\\\/\\\/italcamara-es.com\\\/it\\\/notizie\\\/i-10-selfie-della-competitivita-italiana\\\/#breadcrumb\"},\"inLanguage\":\"it-IT\",\"potentialAction\":[{\"@type\":\"ReadAction\",\"target\":[\"https:\\\/\\\/italcamara-es.com\\\/it\\\/notizie\\\/i-10-selfie-della-competitivita-italiana\\\/\"]}]},{\"@type\":\"ImageObject\",\"inLanguage\":\"it-IT\",\"@id\":\"https:\\\/\\\/italcamara-es.com\\\/it\\\/notizie\\\/i-10-selfie-della-competitivita-italiana\\\/#primaryimage\",\"url\":\"https:\\\/\\\/italcamara-es.com\\\/wp-content\\\/uploads\\\/2025\\\/03\\\/10selfie250.jpg\",\"contentUrl\":\"https:\\\/\\\/italcamara-es.com\\\/wp-content\\\/uploads\\\/2025\\\/03\\\/10selfie250.jpg\",\"width\":250,\"height\":209},{\"@type\":\"BreadcrumbList\",\"@id\":\"https:\\\/\\\/italcamara-es.com\\\/it\\\/notizie\\\/i-10-selfie-della-competitivita-italiana\\\/#breadcrumb\",\"itemListElement\":[{\"@type\":\"ListItem\",\"position\":1,\"name\":\"Inicio\",\"item\":\"https:\\\/\\\/italcamara-es.com\\\/it\\\/homepage-ita\\\/\"},{\"@type\":\"ListItem\",\"position\":2,\"name\":\"I 10 selfie della competitivit\u00e0 italiana\"}]},{\"@type\":\"WebSite\",\"@id\":\"https:\\\/\\\/italcamara-es.com\\\/#website\",\"url\":\"https:\\\/\\\/italcamara-es.com\\\/\",\"name\":\"Italcamara\",\"description\":\"\",\"potentialAction\":[{\"@type\":\"SearchAction\",\"target\":{\"@type\":\"EntryPoint\",\"urlTemplate\":\"https:\\\/\\\/italcamara-es.com\\\/?s={search_term_string}\"},\"query-input\":{\"@type\":\"PropertyValueSpecification\",\"valueRequired\":true,\"valueName\":\"search_term_string\"}}],\"inLanguage\":\"it-IT\"},{\"@type\":\"Person\",\"@id\":\"https:\\\/\\\/italcamara-es.com\\\/#\\\/schema\\\/person\\\/bb3c56263e405bbd9a15171dcfee93bb\",\"name\":\"administrador\",\"image\":{\"@type\":\"ImageObject\",\"inLanguage\":\"it-IT\",\"@id\":\"https:\\\/\\\/secure.gravatar.com\\\/avatar\\\/14b5e63db38320b12031bb28cf9f77e210aa71fb3a8a3602a3c9a05134fa75eb?s=96&d=mm&r=g\",\"url\":\"https:\\\/\\\/secure.gravatar.com\\\/avatar\\\/14b5e63db38320b12031bb28cf9f77e210aa71fb3a8a3602a3c9a05134fa75eb?s=96&d=mm&r=g\",\"contentUrl\":\"https:\\\/\\\/secure.gravatar.com\\\/avatar\\\/14b5e63db38320b12031bb28cf9f77e210aa71fb3a8a3602a3c9a05134fa75eb?s=96&d=mm&r=g\",\"caption\":\"administrador\"},\"sameAs\":[\"http:\\\/\\\/pre.italcamara-es.com\"],\"url\":\"https:\\\/\\\/italcamara-es.com\\\/it\\\/author\\\/administrador\\\/\"}]}<\/script>\n<!-- \/ Yoast SEO plugin. -->","yoast_head_json":{"title":"I 10 selfie della competitivit\u00e0 italiana - Italcamara","robots":{"index":"index","follow":"follow","max-snippet":"max-snippet:-1","max-image-preview":"max-image-preview:large","max-video-preview":"max-video-preview:-1"},"canonical":"https:\/\/italcamara-es.com\/it\/notizie\/i-10-selfie-della-competitivita-italiana\/","og_locale":"it_IT","og_type":"article","og_title":"I 10 selfie della competitivit\u00e0 italiana - Italcamara","og_description":"Il rapporto della fondazione Symbola presenta i punti di forza di un&#8217;Italia vincente ed efficiente &nbsp; La Fondazione Symbola ha pubblicato di recente il dossier: \u201cL\u2019Italia in dieci selfie\u201d. Si tratta di un\u2019iniziativa per comunicare un\u2019immagine diversa dell\u2019Italia e del suo potenziale che spesso, soprattutto in questo periodo di crisi, non riceve l\u2019attenzione che merita. [&hellip;]","og_url":"https:\/\/italcamara-es.com\/it\/notizie\/i-10-selfie-della-competitivita-italiana\/","og_site_name":"Italcamara","article_published_time":"2015-02-24T09:29:31+00:00","og_image":[{"width":250,"height":209,"url":"https:\/\/italcamara-es.com\/wp-content\/uploads\/2025\/03\/10selfie250.jpg","type":"image\/jpeg"}],"author":"administrador","twitter_card":"summary_large_image","twitter_misc":{"Scritto da":"administrador","Tempo di lettura stimato":"5 minuti"},"schema":{"@context":"https:\/\/schema.org","@graph":[{"@type":"Article","@id":"https:\/\/italcamara-es.com\/it\/notizie\/i-10-selfie-della-competitivita-italiana\/#article","isPartOf":{"@id":"https:\/\/italcamara-es.com\/it\/notizie\/i-10-selfie-della-competitivita-italiana\/"},"author":{"name":"administrador","@id":"https:\/\/italcamara-es.com\/#\/schema\/person\/bb3c56263e405bbd9a15171dcfee93bb"},"headline":"I 10 selfie della competitivit\u00e0 italiana","datePublished":"2015-02-24T09:29:31+00:00","mainEntityOfPage":{"@id":"https:\/\/italcamara-es.com\/it\/notizie\/i-10-selfie-della-competitivita-italiana\/"},"wordCount":1067,"commentCount":0,"image":{"@id":"https:\/\/italcamara-es.com\/it\/notizie\/i-10-selfie-della-competitivita-italiana\/#primaryimage"},"thumbnailUrl":"https:\/\/italcamara-es.com\/wp-content\/uploads\/2025\/03\/10selfie250.jpg","keywords":["Notizie di Mercato"],"articleSection":["Notizie"],"inLanguage":"it-IT","potentialAction":[{"@type":"CommentAction","name":"Comment","target":["https:\/\/italcamara-es.com\/it\/notizie\/i-10-selfie-della-competitivita-italiana\/#respond"]}]},{"@type":"WebPage","@id":"https:\/\/italcamara-es.com\/it\/notizie\/i-10-selfie-della-competitivita-italiana\/","url":"https:\/\/italcamara-es.com\/it\/notizie\/i-10-selfie-della-competitivita-italiana\/","name":"I 10 selfie della competitivit\u00e0 italiana - Italcamara","isPartOf":{"@id":"https:\/\/italcamara-es.com\/#website"},"primaryImageOfPage":{"@id":"https:\/\/italcamara-es.com\/it\/notizie\/i-10-selfie-della-competitivita-italiana\/#primaryimage"},"image":{"@id":"https:\/\/italcamara-es.com\/it\/notizie\/i-10-selfie-della-competitivita-italiana\/#primaryimage"},"thumbnailUrl":"https:\/\/italcamara-es.com\/wp-content\/uploads\/2025\/03\/10selfie250.jpg","datePublished":"2015-02-24T09:29:31+00:00","author":{"@id":"https:\/\/italcamara-es.com\/#\/schema\/person\/bb3c56263e405bbd9a15171dcfee93bb"},"breadcrumb":{"@id":"https:\/\/italcamara-es.com\/it\/notizie\/i-10-selfie-della-competitivita-italiana\/#breadcrumb"},"inLanguage":"it-IT","potentialAction":[{"@type":"ReadAction","target":["https:\/\/italcamara-es.com\/it\/notizie\/i-10-selfie-della-competitivita-italiana\/"]}]},{"@type":"ImageObject","inLanguage":"it-IT","@id":"https:\/\/italcamara-es.com\/it\/notizie\/i-10-selfie-della-competitivita-italiana\/#primaryimage","url":"https:\/\/italcamara-es.com\/wp-content\/uploads\/2025\/03\/10selfie250.jpg","contentUrl":"https:\/\/italcamara-es.com\/wp-content\/uploads\/2025\/03\/10selfie250.jpg","width":250,"height":209},{"@type":"BreadcrumbList","@id":"https:\/\/italcamara-es.com\/it\/notizie\/i-10-selfie-della-competitivita-italiana\/#breadcrumb","itemListElement":[{"@type":"ListItem","position":1,"name":"Inicio","item":"https:\/\/italcamara-es.com\/it\/homepage-ita\/"},{"@type":"ListItem","position":2,"name":"I 10 selfie della competitivit\u00e0 italiana"}]},{"@type":"WebSite","@id":"https:\/\/italcamara-es.com\/#website","url":"https:\/\/italcamara-es.com\/","name":"Italcamara","description":"","potentialAction":[{"@type":"SearchAction","target":{"@type":"EntryPoint","urlTemplate":"https:\/\/italcamara-es.com\/?s={search_term_string}"},"query-input":{"@type":"PropertyValueSpecification","valueRequired":true,"valueName":"search_term_string"}}],"inLanguage":"it-IT"},{"@type":"Person","@id":"https:\/\/italcamara-es.com\/#\/schema\/person\/bb3c56263e405bbd9a15171dcfee93bb","name":"administrador","image":{"@type":"ImageObject","inLanguage":"it-IT","@id":"https:\/\/secure.gravatar.com\/avatar\/14b5e63db38320b12031bb28cf9f77e210aa71fb3a8a3602a3c9a05134fa75eb?s=96&d=mm&r=g","url":"https:\/\/secure.gravatar.com\/avatar\/14b5e63db38320b12031bb28cf9f77e210aa71fb3a8a3602a3c9a05134fa75eb?s=96&d=mm&r=g","contentUrl":"https:\/\/secure.gravatar.com\/avatar\/14b5e63db38320b12031bb28cf9f77e210aa71fb3a8a3602a3c9a05134fa75eb?s=96&d=mm&r=g","caption":"administrador"},"sameAs":["http:\/\/pre.italcamara-es.com"],"url":"https:\/\/italcamara-es.com\/it\/author\/administrador\/"}]}},"rttpg_featured_image_url":{"full":["https:\/\/italcamara-es.com\/wp-content\/uploads\/2025\/03\/10selfie250.jpg",250,209,false],"landscape":["https:\/\/italcamara-es.com\/wp-content\/uploads\/2025\/03\/10selfie250.jpg",250,209,false],"portraits":["https:\/\/italcamara-es.com\/wp-content\/uploads\/2025\/03\/10selfie250.jpg",250,209,false],"thumbnail":["https:\/\/italcamara-es.com\/wp-content\/uploads\/2025\/03\/10selfie250-150x150.jpg",150,150,true],"medium":["https:\/\/italcamara-es.com\/wp-content\/uploads\/2025\/03\/10selfie250.jpg",250,209,false],"large":["https:\/\/italcamara-es.com\/wp-content\/uploads\/2025\/03\/10selfie250.jpg",250,209,false],"1536x1536":["https:\/\/italcamara-es.com\/wp-content\/uploads\/2025\/03\/10selfie250.jpg",250,209,false],"2048x2048":["https:\/\/italcamara-es.com\/wp-content\/uploads\/2025\/03\/10selfie250.jpg",250,209,false],"ocean-thumb-m":["https:\/\/italcamara-es.com\/wp-content\/uploads\/2025\/03\/10selfie250.jpg",250,209,false],"ocean-thumb-ml":["https:\/\/italcamara-es.com\/wp-content\/uploads\/2025\/03\/10selfie250.jpg",250,209,false],"ocean-thumb-l":["https:\/\/italcamara-es.com\/wp-content\/uploads\/2025\/03\/10selfie250.jpg",250,209,false],"directorist_preview":["https:\/\/italcamara-es.com\/wp-content\/uploads\/2025\/03\/10selfie250.jpg",250,209,false]},"rttpg_author":{"display_name":"administrador","author_link":"https:\/\/italcamara-es.com\/it\/author\/administrador\/"},"rttpg_comment":0,"rttpg_category":"<a href=\"https:\/\/italcamara-es.com\/it\/category\/notizie\/\" rel=\"category tag\">Notizie<\/a>","rttpg_excerpt":"Il rapporto della fondazione Symbola presenta i punti di forza di un&#8217;Italia vincente ed efficiente &nbsp; La Fondazione Symbola ha pubblicato di recente il dossier: \u201cL\u2019Italia in dieci selfie\u201d. Si tratta di un\u2019iniziativa per comunicare un\u2019immagine diversa dell\u2019Italia e del suo potenziale che spesso, soprattutto in questo periodo di crisi, non riceve l\u2019attenzione che merita.&hellip;","_links":{"self":[{"href":"https:\/\/italcamara-es.com\/it\/wp-json\/wp\/v2\/posts\/56549","targetHints":{"allow":["GET"]}}],"collection":[{"href":"https:\/\/italcamara-es.com\/it\/wp-json\/wp\/v2\/posts"}],"about":[{"href":"https:\/\/italcamara-es.com\/it\/wp-json\/wp\/v2\/types\/post"}],"author":[{"embeddable":true,"href":"https:\/\/italcamara-es.com\/it\/wp-json\/wp\/v2\/users\/1"}],"replies":[{"embeddable":true,"href":"https:\/\/italcamara-es.com\/it\/wp-json\/wp\/v2\/comments?post=56549"}],"version-history":[{"count":0,"href":"https:\/\/italcamara-es.com\/it\/wp-json\/wp\/v2\/posts\/56549\/revisions"}],"wp:featuredmedia":[{"embeddable":true,"href":"https:\/\/italcamara-es.com\/it\/wp-json\/wp\/v2\/media\/53553"}],"wp:attachment":[{"href":"https:\/\/italcamara-es.com\/it\/wp-json\/wp\/v2\/media?parent=56549"}],"wp:term":[{"taxonomy":"category","embeddable":true,"href":"https:\/\/italcamara-es.com\/it\/wp-json\/wp\/v2\/categories?post=56549"},{"taxonomy":"post_tag","embeddable":true,"href":"https:\/\/italcamara-es.com\/it\/wp-json\/wp\/v2\/tags?post=56549"}],"curies":[{"name":"wp","href":"https:\/\/api.w.org\/{rel}","templated":true}]}}