	{"id":56550,"date":"2015-02-09T10:51:03","date_gmt":"2015-02-09T09:51:03","guid":{"rendered":"http:\/\/pre.italcamara-es.com\/senza-categoria\/creativita-nelle-imprese-la-situazione-in-spagna\/"},"modified":"2015-02-09T10:51:03","modified_gmt":"2015-02-09T09:51:03","slug":"creativita-nelle-imprese-la-situazione-in-spagna","status":"publish","type":"post","link":"https:\/\/italcamara-es.com\/it\/notizie\/creativita-nelle-imprese-la-situazione-in-spagna\/","title":{"rendered":"Creativit\u00e0 nelle imprese: la situazione in Spagna"},"content":{"rendered":"<p><em>Intervista a Mar\u00eda Escat, Professoressa Associata presso il Dip. Di organizzazione Aziendale dell&#8217;Universit\u00e0 Autonoma di Madrid<\/em><\/p>\n<p>&nbsp;<\/p>\n<p><strong>1) Crede che in Spagna si dia il giusto peso alla creativit\u00e0 come elemento necessario per lo sviluppo di un\u2019attivit\u00e0 imprenditoriale?<\/strong><\/p>\n<p>No. Credo che in Spagna non si conosca ancora il concetto di creativit\u00e0 e si confonde con quello di Innovazione, quando invece si tratta di due processi differenti. Mentre il primo si riferisce alla capacit\u00e0 di creare, il secondo si associa alla capacit\u00e0 di introdurre novit\u00e0 nell\u2019impresa. Si tratta di una differenza notevole dal momento che la creativit\u00e0 ha a che fare con una capacit\u00e0 individuale, e l\u2019innovazione con uno sforzo collettivo nel quale deve implicarsi necessariamente la Direzione Generale.<\/p>\n<p>D\u2019altra parte \u2013 e per non essere pessimista- credo che, o per necessit\u00e0 o per novit\u00e0, si stia iniziando a dare un certo peso all\u2019innovazione. Tuttavia si vede in essa una forma per uscire dalla crisi o comunque un\u2019opportunit\u00e0 data alla crisi; in un certo modo, sembra che in alcune imprese spagnole si inizi a pensare al ritorno dell\u2019investimento come come forma di raggiungere una migliore produttivit\u00e0 nel mercato.<\/p>\n<p>&nbsp;<\/p>\n<p><strong>2)\u00a0La crisi sembra quindi aver modificato la percezione sulla necessit\u00e0 di innovare da parte delle imprese spagnole<\/strong><\/p>\n<p>Effettivamente la ricerca di un maggiore vantaggio competitivo ha portato le imprese a dover \u00a0\u201cdefinire se stesse\u201d (in Spagna nel campo della Direzione di Persona siamo passati dal ripensare lo sviluppo della carriera professionale alla ricerca della felicit\u00e0 del lavoratore, passando per la malriuscita retenzione del talento) e logicamente a ricercare nuove soluzioni, tra cui sembra esserci l\u2019innovazione ma,-attenzione!- non la creativit\u00e0, che \u00e8 forse il punto per cui si sarebbe potuto iniziare; mentre la creativit\u00e0 inizia dall\u2019individuo, l\u2019innovazione parte dall\u2019intero staff.<\/p>\n<p>L\u2019impresa spagnola, nella sua ricerca di differenzazione, credo che ha iniziato a scommettere sull\u2019innovazione come ritorno dell\u2019investimento.<\/p>\n<p>&nbsp;<\/p>\n<p><a href=\"https:\/\/www.italcamara-es.com\/wp-content\/uploads\/2016\/09\/MariaAllineataADx2.jpg\"><img fetchpriority=\"high\" decoding=\"async\" class=\"  wp-image-5966 aligncenter\" src=\"https:\/\/www.italcamara-es.com\/wp-content\/uploads\/2016\/09\/MariaAllineataADx2.jpg\" alt=\"Profesora Maria Escat\" width=\"306\" height=\"463\" \/><\/a><\/p>\n<p>&nbsp;<\/p>\n<p><strong>3)\u00a0In che modo si pu\u00f2 promuovere la creativit\u00e0 nell\u2019ambiente di lavoro?<\/strong><\/p>\n<p>Come ho affermato in precedenza, non vedo chiari sintomi di creativit\u00e0 nell\u2019impresa spagnola, anche se, considerando la creativit\u00e0 come prodotto dell\u2019innovazione (ovvero come l\u2019insieme di contributi individuali che danno come risultato qualcosa di innovativo), possiamo dire che si sono indizi di creativit\u00e0.<\/p>\n<p>Alcuni esempi di come promuovere la creativit\u00e0 li stiamo gi\u00e0 individuando. Alcune imprese spagnole, infatti, stanno pagando bonus per creativit\u00e0, altre concedono pi\u00f9 autonomia ai propri lavoratori, in altri casi ancora le imprese partecipano a concorsi per l\u2019innovazione. Sono tutte formule che favoriscono e incentivano la creativit\u00e0 nel lavoratore.<\/p>\n<p>&nbsp;<\/p>\n<p><strong>4)\u00a0Crede che la creativit\u00e0 e l\u2019innovazione abbiano un peso sufficiente negli attuali piani formativi per manager e imprenditori?\u00a0<\/strong><\/p>\n<p>Onestamente credo di no. Secondo me siamo ancora molto indietro in questo ambito, anche se c\u2019\u00e8 a riconoscere che, relativamente agli imprenditori, la creativit\u00e0 \u00e8 un\u2019abilit\u00e0 che \u00e8 associata alla loro stessa condizione, spinti dalla crisi che ha colpito il nostro Paese negli ultimi anni.<\/p>\n<p>Per ci\u00f2 che riguarda i manager, non c\u2019\u00e8 ancora un\u2019effettiva presa di coscienza sull\u2019importanza della creativit\u00e0 e dell\u2019innovazione. Dal mio punto di \u00a0vista, il manager vede nell\u2019innovazione un modo di aumentare la produttivit\u00e0, ma non ancora un elemento necessario nell\u2019organizzazione.<\/p>\n<p style=\"text-align: center;\">\n","protected":false},"excerpt":{"rendered":"<p>Intervista a Mar\u00eda Escat, Professoressa Associata presso il Dip. Di organizzazione Aziendale dell&#8217;Universit\u00e0 Autonoma di Madrid &nbsp; 1) Crede che in Spagna si dia il giusto peso alla creativit\u00e0 come elemento necessario per lo sviluppo di un\u2019attivit\u00e0 imprenditoriale? No. Credo che in Spagna non si conosca ancora il concetto di creativit\u00e0 e si confonde con [&hellip;]<\/p>\n","protected":false},"author":1,"featured_media":53555,"comment_status":"open","ping_status":"open","sticky":false,"template":"","format":"standard","meta":{"inline_featured_image":false,"ocean_post_layout":"","ocean_both_sidebars_style":"","ocean_both_sidebars_content_width":0,"ocean_both_sidebars_sidebars_width":0,"ocean_sidebar":"","ocean_second_sidebar":"","ocean_disable_margins":"enable","ocean_add_body_class":"","ocean_shortcode_before_top_bar":"","ocean_shortcode_after_top_bar":"","ocean_shortcode_before_header":"","ocean_shortcode_after_header":"","ocean_has_shortcode":"","ocean_shortcode_after_title":"","ocean_shortcode_before_footer_widgets":"","ocean_shortcode_after_footer_widgets":"","ocean_shortcode_before_footer_bottom":"","ocean_shortcode_after_footer_bottom":"","ocean_display_top_bar":"default","ocean_display_header":"default","ocean_header_style":"","ocean_center_header_left_menu":"","ocean_custom_header_template":"","ocean_custom_logo":0,"ocean_custom_retina_logo":0,"ocean_custom_logo_max_width":0,"ocean_custom_logo_tablet_max_width":0,"ocean_custom_logo_mobile_max_width":0,"ocean_custom_logo_max_height":0,"ocean_custom_logo_tablet_max_height":0,"ocean_custom_logo_mobile_max_height":0,"ocean_header_custom_menu":"","ocean_menu_typo_font_family":"","ocean_menu_typo_font_subset":"","ocean_menu_typo_font_size":0,"ocean_menu_typo_font_size_tablet":0,"ocean_menu_typo_font_size_mobile":0,"ocean_menu_typo_font_size_unit":"px","ocean_menu_typo_font_weight":"","ocean_menu_typo_font_weight_tablet":"","ocean_menu_typo_font_weight_mobile":"","ocean_menu_typo_transform":"","ocean_menu_typo_transform_tablet":"","ocean_menu_typo_transform_mobile":"","ocean_menu_typo_line_height":0,"ocean_menu_typo_line_height_tablet":0,"ocean_menu_typo_line_height_mobile":0,"ocean_menu_typo_line_height_unit":"","ocean_menu_typo_spacing":0,"ocean_menu_typo_spacing_tablet":0,"ocean_menu_typo_spacing_mobile":0,"ocean_menu_typo_spacing_unit":"","ocean_menu_link_color":"","ocean_menu_link_color_hover":"","ocean_menu_link_color_active":"","ocean_menu_link_background":"","ocean_menu_link_hover_background":"","ocean_menu_link_active_background":"","ocean_menu_social_links_bg":"","ocean_menu_social_hover_links_bg":"","ocean_menu_social_links_color":"","ocean_menu_social_hover_links_color":"","ocean_disable_title":"default","ocean_disable_heading":"default","ocean_post_title":"","ocean_post_subheading":"","ocean_post_title_style":"","ocean_post_title_background_color":"","ocean_post_title_background":0,"ocean_post_title_bg_image_position":"","ocean_post_title_bg_image_attachment":"","ocean_post_title_bg_image_repeat":"","ocean_post_title_bg_image_size":"","ocean_post_title_height":0,"ocean_post_title_bg_overlay":0.5,"ocean_post_title_bg_overlay_color":"","ocean_disable_breadcrumbs":"default","ocean_breadcrumbs_color":"","ocean_breadcrumbs_separator_color":"","ocean_breadcrumbs_links_color":"","ocean_breadcrumbs_links_hover_color":"","ocean_display_footer_widgets":"default","ocean_display_footer_bottom":"default","ocean_custom_footer_template":"","ocean_post_oembed":"","ocean_post_self_hosted_media":"","ocean_post_video_embed":"","ocean_link_format":"","ocean_link_format_target":"self","ocean_quote_format":"","ocean_quote_format_link":"post","ocean_gallery_link_images":"on","ocean_gallery_id":[],"footnotes":""},"categories":[133],"tags":[138],"class_list":["post-56550","post","type-post","status-publish","format-standard","has-post-thumbnail","hentry","category-notizie","tag-notizie-di-mercato","entry","has-media"],"yoast_head":"<!-- This site is optimized with the Yoast SEO plugin v27.4 - https:\/\/yoast.com\/product\/yoast-seo-wordpress\/ -->\n<title>Creativit\u00e0 nelle imprese: la situazione in Spagna - Italcamara<\/title>\n<meta name=\"robots\" content=\"index, follow, max-snippet:-1, max-image-preview:large, max-video-preview:-1\" \/>\n<link rel=\"canonical\" href=\"https:\/\/italcamara-es.com\/it\/notizie\/creativita-nelle-imprese-la-situazione-in-spagna\/\" \/>\n<meta property=\"og:locale\" content=\"it_IT\" \/>\n<meta property=\"og:type\" content=\"article\" \/>\n<meta property=\"og:title\" content=\"Creativit\u00e0 nelle imprese: la situazione in Spagna - Italcamara\" \/>\n<meta property=\"og:description\" content=\"Intervista a Mar\u00eda Escat, Professoressa Associata presso il Dip. Di organizzazione Aziendale dell&#8217;Universit\u00e0 Autonoma di Madrid &nbsp; 1) Crede che in Spagna si dia il giusto peso alla creativit\u00e0 come elemento necessario per lo sviluppo di un\u2019attivit\u00e0 imprenditoriale? No. Credo che in Spagna non si conosca ancora il concetto di creativit\u00e0 e si confonde con [&hellip;]\" \/>\n<meta property=\"og:url\" content=\"https:\/\/italcamara-es.com\/it\/notizie\/creativita-nelle-imprese-la-situazione-in-spagna\/\" \/>\n<meta property=\"og:site_name\" content=\"Italcamara\" \/>\n<meta property=\"article:published_time\" content=\"2015-02-09T09:51:03+00:00\" \/>\n<meta property=\"og:image\" content=\"https:\/\/italcamara-es.com\/wp-content\/uploads\/2025\/03\/creativity250.jpg\" \/>\n\t<meta property=\"og:image:width\" content=\"250\" \/>\n\t<meta property=\"og:image:height\" content=\"146\" \/>\n\t<meta property=\"og:image:type\" content=\"image\/jpeg\" \/>\n<meta name=\"author\" content=\"administrador\" \/>\n<meta name=\"twitter:card\" content=\"summary_large_image\" \/>\n<meta name=\"twitter:label1\" content=\"Scritto da\" \/>\n\t<meta name=\"twitter:data1\" content=\"administrador\" \/>\n\t<meta name=\"twitter:label2\" content=\"Tempo di lettura stimato\" \/>\n\t<meta name=\"twitter:data2\" content=\"3 minuti\" \/>\n<script type=\"application\/ld+json\" class=\"yoast-schema-graph\">{\"@context\":\"https:\\\/\\\/schema.org\",\"@graph\":[{\"@type\":\"Article\",\"@id\":\"https:\\\/\\\/italcamara-es.com\\\/it\\\/notizie\\\/creativita-nelle-imprese-la-situazione-in-spagna\\\/#article\",\"isPartOf\":{\"@id\":\"https:\\\/\\\/italcamara-es.com\\\/it\\\/notizie\\\/creativita-nelle-imprese-la-situazione-in-spagna\\\/\"},\"author\":{\"name\":\"administrador\",\"@id\":\"https:\\\/\\\/italcamara-es.com\\\/#\\\/schema\\\/person\\\/bb3c56263e405bbd9a15171dcfee93bb\"},\"headline\":\"Creativit\u00e0 nelle imprese: la situazione in Spagna\",\"datePublished\":\"2015-02-09T09:51:03+00:00\",\"mainEntityOfPage\":{\"@id\":\"https:\\\/\\\/italcamara-es.com\\\/it\\\/notizie\\\/creativita-nelle-imprese-la-situazione-in-spagna\\\/\"},\"wordCount\":544,\"commentCount\":0,\"image\":{\"@id\":\"https:\\\/\\\/italcamara-es.com\\\/it\\\/notizie\\\/creativita-nelle-imprese-la-situazione-in-spagna\\\/#primaryimage\"},\"thumbnailUrl\":\"https:\\\/\\\/italcamara-es.com\\\/wp-content\\\/uploads\\\/2025\\\/03\\\/creativity250.jpg\",\"keywords\":[\"Notizie di Mercato\"],\"articleSection\":[\"Notizie\"],\"inLanguage\":\"it-IT\",\"potentialAction\":[{\"@type\":\"CommentAction\",\"name\":\"Comment\",\"target\":[\"https:\\\/\\\/italcamara-es.com\\\/it\\\/notizie\\\/creativita-nelle-imprese-la-situazione-in-spagna\\\/#respond\"]}]},{\"@type\":\"WebPage\",\"@id\":\"https:\\\/\\\/italcamara-es.com\\\/it\\\/notizie\\\/creativita-nelle-imprese-la-situazione-in-spagna\\\/\",\"url\":\"https:\\\/\\\/italcamara-es.com\\\/it\\\/notizie\\\/creativita-nelle-imprese-la-situazione-in-spagna\\\/\",\"name\":\"Creativit\u00e0 nelle imprese: la situazione in Spagna - Italcamara\",\"isPartOf\":{\"@id\":\"https:\\\/\\\/italcamara-es.com\\\/#website\"},\"primaryImageOfPage\":{\"@id\":\"https:\\\/\\\/italcamara-es.com\\\/it\\\/notizie\\\/creativita-nelle-imprese-la-situazione-in-spagna\\\/#primaryimage\"},\"image\":{\"@id\":\"https:\\\/\\\/italcamara-es.com\\\/it\\\/notizie\\\/creativita-nelle-imprese-la-situazione-in-spagna\\\/#primaryimage\"},\"thumbnailUrl\":\"https:\\\/\\\/italcamara-es.com\\\/wp-content\\\/uploads\\\/2025\\\/03\\\/creativity250.jpg\",\"datePublished\":\"2015-02-09T09:51:03+00:00\",\"author\":{\"@id\":\"https:\\\/\\\/italcamara-es.com\\\/#\\\/schema\\\/person\\\/bb3c56263e405bbd9a15171dcfee93bb\"},\"breadcrumb\":{\"@id\":\"https:\\\/\\\/italcamara-es.com\\\/it\\\/notizie\\\/creativita-nelle-imprese-la-situazione-in-spagna\\\/#breadcrumb\"},\"inLanguage\":\"it-IT\",\"potentialAction\":[{\"@type\":\"ReadAction\",\"target\":[\"https:\\\/\\\/italcamara-es.com\\\/it\\\/notizie\\\/creativita-nelle-imprese-la-situazione-in-spagna\\\/\"]}]},{\"@type\":\"ImageObject\",\"inLanguage\":\"it-IT\",\"@id\":\"https:\\\/\\\/italcamara-es.com\\\/it\\\/notizie\\\/creativita-nelle-imprese-la-situazione-in-spagna\\\/#primaryimage\",\"url\":\"https:\\\/\\\/italcamara-es.com\\\/wp-content\\\/uploads\\\/2025\\\/03\\\/creativity250.jpg\",\"contentUrl\":\"https:\\\/\\\/italcamara-es.com\\\/wp-content\\\/uploads\\\/2025\\\/03\\\/creativity250.jpg\",\"width\":250,\"height\":146},{\"@type\":\"BreadcrumbList\",\"@id\":\"https:\\\/\\\/italcamara-es.com\\\/it\\\/notizie\\\/creativita-nelle-imprese-la-situazione-in-spagna\\\/#breadcrumb\",\"itemListElement\":[{\"@type\":\"ListItem\",\"position\":1,\"name\":\"Inicio\",\"item\":\"https:\\\/\\\/italcamara-es.com\\\/it\\\/homepage-ita\\\/\"},{\"@type\":\"ListItem\",\"position\":2,\"name\":\"Creativit\u00e0 nelle imprese: la situazione in Spagna\"}]},{\"@type\":\"WebSite\",\"@id\":\"https:\\\/\\\/italcamara-es.com\\\/#website\",\"url\":\"https:\\\/\\\/italcamara-es.com\\\/\",\"name\":\"Italcamara\",\"description\":\"\",\"potentialAction\":[{\"@type\":\"SearchAction\",\"target\":{\"@type\":\"EntryPoint\",\"urlTemplate\":\"https:\\\/\\\/italcamara-es.com\\\/?s={search_term_string}\"},\"query-input\":{\"@type\":\"PropertyValueSpecification\",\"valueRequired\":true,\"valueName\":\"search_term_string\"}}],\"inLanguage\":\"it-IT\"},{\"@type\":\"Person\",\"@id\":\"https:\\\/\\\/italcamara-es.com\\\/#\\\/schema\\\/person\\\/bb3c56263e405bbd9a15171dcfee93bb\",\"name\":\"administrador\",\"image\":{\"@type\":\"ImageObject\",\"inLanguage\":\"it-IT\",\"@id\":\"https:\\\/\\\/secure.gravatar.com\\\/avatar\\\/14b5e63db38320b12031bb28cf9f77e210aa71fb3a8a3602a3c9a05134fa75eb?s=96&d=mm&r=g\",\"url\":\"https:\\\/\\\/secure.gravatar.com\\\/avatar\\\/14b5e63db38320b12031bb28cf9f77e210aa71fb3a8a3602a3c9a05134fa75eb?s=96&d=mm&r=g\",\"contentUrl\":\"https:\\\/\\\/secure.gravatar.com\\\/avatar\\\/14b5e63db38320b12031bb28cf9f77e210aa71fb3a8a3602a3c9a05134fa75eb?s=96&d=mm&r=g\",\"caption\":\"administrador\"},\"sameAs\":[\"http:\\\/\\\/pre.italcamara-es.com\"],\"url\":\"https:\\\/\\\/italcamara-es.com\\\/it\\\/author\\\/administrador\\\/\"}]}<\/script>\n<!-- \/ Yoast SEO plugin. -->","yoast_head_json":{"title":"Creativit\u00e0 nelle imprese: la situazione in Spagna - Italcamara","robots":{"index":"index","follow":"follow","max-snippet":"max-snippet:-1","max-image-preview":"max-image-preview:large","max-video-preview":"max-video-preview:-1"},"canonical":"https:\/\/italcamara-es.com\/it\/notizie\/creativita-nelle-imprese-la-situazione-in-spagna\/","og_locale":"it_IT","og_type":"article","og_title":"Creativit\u00e0 nelle imprese: la situazione in Spagna - Italcamara","og_description":"Intervista a Mar\u00eda Escat, Professoressa Associata presso il Dip. Di organizzazione Aziendale dell&#8217;Universit\u00e0 Autonoma di Madrid &nbsp; 1) Crede che in Spagna si dia il giusto peso alla creativit\u00e0 come elemento necessario per lo sviluppo di un\u2019attivit\u00e0 imprenditoriale? No. Credo che in Spagna non si conosca ancora il concetto di creativit\u00e0 e si confonde con [&hellip;]","og_url":"https:\/\/italcamara-es.com\/it\/notizie\/creativita-nelle-imprese-la-situazione-in-spagna\/","og_site_name":"Italcamara","article_published_time":"2015-02-09T09:51:03+00:00","og_image":[{"width":250,"height":146,"url":"https:\/\/italcamara-es.com\/wp-content\/uploads\/2025\/03\/creativity250.jpg","type":"image\/jpeg"}],"author":"administrador","twitter_card":"summary_large_image","twitter_misc":{"Scritto da":"administrador","Tempo di lettura stimato":"3 minuti"},"schema":{"@context":"https:\/\/schema.org","@graph":[{"@type":"Article","@id":"https:\/\/italcamara-es.com\/it\/notizie\/creativita-nelle-imprese-la-situazione-in-spagna\/#article","isPartOf":{"@id":"https:\/\/italcamara-es.com\/it\/notizie\/creativita-nelle-imprese-la-situazione-in-spagna\/"},"author":{"name":"administrador","@id":"https:\/\/italcamara-es.com\/#\/schema\/person\/bb3c56263e405bbd9a15171dcfee93bb"},"headline":"Creativit\u00e0 nelle imprese: la situazione in Spagna","datePublished":"2015-02-09T09:51:03+00:00","mainEntityOfPage":{"@id":"https:\/\/italcamara-es.com\/it\/notizie\/creativita-nelle-imprese-la-situazione-in-spagna\/"},"wordCount":544,"commentCount":0,"image":{"@id":"https:\/\/italcamara-es.com\/it\/notizie\/creativita-nelle-imprese-la-situazione-in-spagna\/#primaryimage"},"thumbnailUrl":"https:\/\/italcamara-es.com\/wp-content\/uploads\/2025\/03\/creativity250.jpg","keywords":["Notizie di Mercato"],"articleSection":["Notizie"],"inLanguage":"it-IT","potentialAction":[{"@type":"CommentAction","name":"Comment","target":["https:\/\/italcamara-es.com\/it\/notizie\/creativita-nelle-imprese-la-situazione-in-spagna\/#respond"]}]},{"@type":"WebPage","@id":"https:\/\/italcamara-es.com\/it\/notizie\/creativita-nelle-imprese-la-situazione-in-spagna\/","url":"https:\/\/italcamara-es.com\/it\/notizie\/creativita-nelle-imprese-la-situazione-in-spagna\/","name":"Creativit\u00e0 nelle imprese: la situazione in Spagna - Italcamara","isPartOf":{"@id":"https:\/\/italcamara-es.com\/#website"},"primaryImageOfPage":{"@id":"https:\/\/italcamara-es.com\/it\/notizie\/creativita-nelle-imprese-la-situazione-in-spagna\/#primaryimage"},"image":{"@id":"https:\/\/italcamara-es.com\/it\/notizie\/creativita-nelle-imprese-la-situazione-in-spagna\/#primaryimage"},"thumbnailUrl":"https:\/\/italcamara-es.com\/wp-content\/uploads\/2025\/03\/creativity250.jpg","datePublished":"2015-02-09T09:51:03+00:00","author":{"@id":"https:\/\/italcamara-es.com\/#\/schema\/person\/bb3c56263e405bbd9a15171dcfee93bb"},"breadcrumb":{"@id":"https:\/\/italcamara-es.com\/it\/notizie\/creativita-nelle-imprese-la-situazione-in-spagna\/#breadcrumb"},"inLanguage":"it-IT","potentialAction":[{"@type":"ReadAction","target":["https:\/\/italcamara-es.com\/it\/notizie\/creativita-nelle-imprese-la-situazione-in-spagna\/"]}]},{"@type":"ImageObject","inLanguage":"it-IT","@id":"https:\/\/italcamara-es.com\/it\/notizie\/creativita-nelle-imprese-la-situazione-in-spagna\/#primaryimage","url":"https:\/\/italcamara-es.com\/wp-content\/uploads\/2025\/03\/creativity250.jpg","contentUrl":"https:\/\/italcamara-es.com\/wp-content\/uploads\/2025\/03\/creativity250.jpg","width":250,"height":146},{"@type":"BreadcrumbList","@id":"https:\/\/italcamara-es.com\/it\/notizie\/creativita-nelle-imprese-la-situazione-in-spagna\/#breadcrumb","itemListElement":[{"@type":"ListItem","position":1,"name":"Inicio","item":"https:\/\/italcamara-es.com\/it\/homepage-ita\/"},{"@type":"ListItem","position":2,"name":"Creativit\u00e0 nelle imprese: la situazione in Spagna"}]},{"@type":"WebSite","@id":"https:\/\/italcamara-es.com\/#website","url":"https:\/\/italcamara-es.com\/","name":"Italcamara","description":"","potentialAction":[{"@type":"SearchAction","target":{"@type":"EntryPoint","urlTemplate":"https:\/\/italcamara-es.com\/?s={search_term_string}"},"query-input":{"@type":"PropertyValueSpecification","valueRequired":true,"valueName":"search_term_string"}}],"inLanguage":"it-IT"},{"@type":"Person","@id":"https:\/\/italcamara-es.com\/#\/schema\/person\/bb3c56263e405bbd9a15171dcfee93bb","name":"administrador","image":{"@type":"ImageObject","inLanguage":"it-IT","@id":"https:\/\/secure.gravatar.com\/avatar\/14b5e63db38320b12031bb28cf9f77e210aa71fb3a8a3602a3c9a05134fa75eb?s=96&d=mm&r=g","url":"https:\/\/secure.gravatar.com\/avatar\/14b5e63db38320b12031bb28cf9f77e210aa71fb3a8a3602a3c9a05134fa75eb?s=96&d=mm&r=g","contentUrl":"https:\/\/secure.gravatar.com\/avatar\/14b5e63db38320b12031bb28cf9f77e210aa71fb3a8a3602a3c9a05134fa75eb?s=96&d=mm&r=g","caption":"administrador"},"sameAs":["http:\/\/pre.italcamara-es.com"],"url":"https:\/\/italcamara-es.com\/it\/author\/administrador\/"}]}},"rttpg_featured_image_url":{"full":["https:\/\/italcamara-es.com\/wp-content\/uploads\/2025\/03\/creativity250.jpg",250,146,false],"landscape":["https:\/\/italcamara-es.com\/wp-content\/uploads\/2025\/03\/creativity250.jpg",250,146,false],"portraits":["https:\/\/italcamara-es.com\/wp-content\/uploads\/2025\/03\/creativity250.jpg",250,146,false],"thumbnail":["https:\/\/italcamara-es.com\/wp-content\/uploads\/2025\/03\/creativity250-150x146.jpg",150,146,true],"medium":["https:\/\/italcamara-es.com\/wp-content\/uploads\/2025\/03\/creativity250.jpg",250,146,false],"large":["https:\/\/italcamara-es.com\/wp-content\/uploads\/2025\/03\/creativity250.jpg",250,146,false],"1536x1536":["https:\/\/italcamara-es.com\/wp-content\/uploads\/2025\/03\/creativity250.jpg",250,146,false],"2048x2048":["https:\/\/italcamara-es.com\/wp-content\/uploads\/2025\/03\/creativity250.jpg",250,146,false],"ocean-thumb-m":["https:\/\/italcamara-es.com\/wp-content\/uploads\/2025\/03\/creativity250.jpg",250,146,false],"ocean-thumb-ml":["https:\/\/italcamara-es.com\/wp-content\/uploads\/2025\/03\/creativity250.jpg",250,146,false],"ocean-thumb-l":["https:\/\/italcamara-es.com\/wp-content\/uploads\/2025\/03\/creativity250.jpg",250,146,false],"directorist_preview":["https:\/\/italcamara-es.com\/wp-content\/uploads\/2025\/03\/creativity250.jpg",250,146,false]},"rttpg_author":{"display_name":"administrador","author_link":"https:\/\/italcamara-es.com\/it\/author\/administrador\/"},"rttpg_comment":0,"rttpg_category":"<a href=\"https:\/\/italcamara-es.com\/it\/category\/notizie\/\" rel=\"category tag\">Notizie<\/a>","rttpg_excerpt":"Intervista a Mar\u00eda Escat, Professoressa Associata presso il Dip. Di organizzazione Aziendale dell&#8217;Universit\u00e0 Autonoma di Madrid &nbsp; 1) Crede che in Spagna si dia il giusto peso alla creativit\u00e0 come elemento necessario per lo sviluppo di un\u2019attivit\u00e0 imprenditoriale? No. Credo che in Spagna non si conosca ancora il concetto di creativit\u00e0 e si confonde con&hellip;","_links":{"self":[{"href":"https:\/\/italcamara-es.com\/it\/wp-json\/wp\/v2\/posts\/56550","targetHints":{"allow":["GET"]}}],"collection":[{"href":"https:\/\/italcamara-es.com\/it\/wp-json\/wp\/v2\/posts"}],"about":[{"href":"https:\/\/italcamara-es.com\/it\/wp-json\/wp\/v2\/types\/post"}],"author":[{"embeddable":true,"href":"https:\/\/italcamara-es.com\/it\/wp-json\/wp\/v2\/users\/1"}],"replies":[{"embeddable":true,"href":"https:\/\/italcamara-es.com\/it\/wp-json\/wp\/v2\/comments?post=56550"}],"version-history":[{"count":0,"href":"https:\/\/italcamara-es.com\/it\/wp-json\/wp\/v2\/posts\/56550\/revisions"}],"wp:featuredmedia":[{"embeddable":true,"href":"https:\/\/italcamara-es.com\/it\/wp-json\/wp\/v2\/media\/53555"}],"wp:attachment":[{"href":"https:\/\/italcamara-es.com\/it\/wp-json\/wp\/v2\/media?parent=56550"}],"wp:term":[{"taxonomy":"category","embeddable":true,"href":"https:\/\/italcamara-es.com\/it\/wp-json\/wp\/v2\/categories?post=56550"},{"taxonomy":"post_tag","embeddable":true,"href":"https:\/\/italcamara-es.com\/it\/wp-json\/wp\/v2\/tags?post=56550"}],"curies":[{"name":"wp","href":"https:\/\/api.w.org\/{rel}","templated":true}]}}