	{"id":56558,"date":"2016-11-28T14:34:19","date_gmt":"2016-11-28T13:34:19","guid":{"rendered":"http:\/\/pre.italcamara-es.com\/senza-categoria\/la-ristorazione-organizzata-cresce-di-un-76-nel-2016\/"},"modified":"2016-11-28T14:34:19","modified_gmt":"2016-11-28T13:34:19","slug":"la-ristorazione-organizzata-cresce-di-un-76-nel-2016","status":"publish","type":"post","link":"https:\/\/italcamara-es.com\/it\/notizie\/la-ristorazione-organizzata-cresce-di-un-76-nel-2016\/","title":{"rendered":"La ristorazione organizzata cresce di un 7,6% nel 2016"},"content":{"rendered":"<p>Lo scorso 28 ottobre, presso l\u2019Auditorio Rafael del Pino di Madrid, si \u00e8 tenuto l\u2019incontro annuale Restaurant Trends, al quale hanno partecipato i responsabili dei principali gruppi di ristorazione organizzata, gli enti multisettoriali ed altri esperti il cui obiettivo \u00e8 quello di analizzare le caratteristiche del settore.<\/p>\n<p>&nbsp;<\/p>\n<p>Nel suo discorso di apertura, Octavio Llamas, presidente dell\u2019associazione e presidente e direttore generale di Autogrill Iberia, nonch\u00e8 consigliere della Camera di Commercio e Industria italiana per la Spagna, ha spiegato: \u201cSe il 2015 \u00e8 stato l\u2019anno del recupero e del cambio del settore alberghiero spagnolo, il 2016 \u00e8 stato quello della consolidazione. Oggi, il settore della Ristorazione Organizzata \u00e8 cresciuto di un 7,6%. Si prevede che nel 2017 il settore cresca di un 4,6%. La Ristorazione Organizzata genera direttamente 135.000 occupati e rappresenta l\u20191% del PIL spagnolo (il settore alberghiero genera sette punti percentuali di prodotto interno lordo)\u201d. Llamas ha aggiunto che affinch\u00e8 \u201cil settore continui a funzionare, \u00e8 necessario che le Amministrazioni Pubbliche tutelino il consumo interno\u201d.<\/p>\n<p>&nbsp;<\/p>\n<p>Successivamente \u00e8 intervnuto il Direttore Esecutivo del Sud Europa di NPD, Vicente Montesinos, il quale ha svelato le prospettive economiche del settore della ristorazione in Spagna: \u201cLa tendenza del mercato della Ristorazione \u00e8 sempre stata vincolata allo stato dell\u2019economia nazionale. Solo la Legge Anti-tabacco e l\u2019aumento dell\u2019IVA sono stati capaci di rompere questa correlazione diretta. Questo settore ora necessita di un contesto nel quale il PIL cresca di un punto per poter incrementare le sue vendite. Questo significa che per crescere nel 2016 di un 2%, abbiamo avuto bisogno di una crescita del PIL pari al 3%. Questa tendenza \u00e8 comportata dal fatto che, coperte le necessit\u00e0 di base, i consumatori sostengono spese che non sono quella di cenare fuori\u201d.<\/p>\n<p>&nbsp;<\/p>\n<p>Vicente Montesinos ha concluso affermando: \u201cNel 2016, gli spagnoli hanno usufruito dei servizi di ristorazione due volte pi\u00f9 che nel 2015. La spesa media realizzata \u00e8 pari a 4,79\u20ac per visita. Il trimestre che ha fatto registrare la maggior crescista \u00e8 stato il primo dell\u2019anno, nel quale la spesa \u00e8 cresciuta di un 2,3%. Anche l\u2019ultimo trimestre \u00e8 stato positivo, nonostante a settembre sia stato registrato un rallentamento. I canali pi\u00f9 in crescita sono stati i pi\u00f9 organizzati, che sono cresciuti un punto in pi\u00f9 del totale del settore nel suo complesso. Lo scenario lascia ben sperare: la predisposizione del consumatore a consumare \u00e8 in crescita e, affinch\u00e8 la Spagna continui in questa direzione, la chiave \u00e8 far uscire il consumatore di casa. La predisposizione a consumare di piu c\u2019\u00e8, solo bisogna incentivarla\u201d.<\/p>\n","protected":false},"excerpt":{"rendered":"<p>Lo scorso 28 ottobre, presso l\u2019Auditorio Rafael del Pino di Madrid, si \u00e8 tenuto l\u2019incontro annuale Restaurant Trends, al quale hanno partecipato i responsabili dei principali gruppi di ristorazione organizzata, gli enti multisettoriali ed altri esperti il cui obiettivo \u00e8 quello di analizzare le caratteristiche del settore. &nbsp; Nel suo discorso di apertura, Octavio Llamas, [&hellip;]<\/p>\n","protected":false},"author":1,"featured_media":53568,"comment_status":"open","ping_status":"open","sticky":false,"template":"","format":"standard","meta":{"inline_featured_image":false,"ocean_post_layout":"","ocean_both_sidebars_style":"","ocean_both_sidebars_content_width":0,"ocean_both_sidebars_sidebars_width":0,"ocean_sidebar":"","ocean_second_sidebar":"","ocean_disable_margins":"enable","ocean_add_body_class":"","ocean_shortcode_before_top_bar":"","ocean_shortcode_after_top_bar":"","ocean_shortcode_before_header":"","ocean_shortcode_after_header":"","ocean_has_shortcode":"","ocean_shortcode_after_title":"","ocean_shortcode_before_footer_widgets":"","ocean_shortcode_after_footer_widgets":"","ocean_shortcode_before_footer_bottom":"","ocean_shortcode_after_footer_bottom":"","ocean_display_top_bar":"default","ocean_display_header":"default","ocean_header_style":"","ocean_center_header_left_menu":"","ocean_custom_header_template":"","ocean_custom_logo":0,"ocean_custom_retina_logo":0,"ocean_custom_logo_max_width":0,"ocean_custom_logo_tablet_max_width":0,"ocean_custom_logo_mobile_max_width":0,"ocean_custom_logo_max_height":0,"ocean_custom_logo_tablet_max_height":0,"ocean_custom_logo_mobile_max_height":0,"ocean_header_custom_menu":"","ocean_menu_typo_font_family":"","ocean_menu_typo_font_subset":"","ocean_menu_typo_font_size":0,"ocean_menu_typo_font_size_tablet":0,"ocean_menu_typo_font_size_mobile":0,"ocean_menu_typo_font_size_unit":"px","ocean_menu_typo_font_weight":"","ocean_menu_typo_font_weight_tablet":"","ocean_menu_typo_font_weight_mobile":"","ocean_menu_typo_transform":"","ocean_menu_typo_transform_tablet":"","ocean_menu_typo_transform_mobile":"","ocean_menu_typo_line_height":0,"ocean_menu_typo_line_height_tablet":0,"ocean_menu_typo_line_height_mobile":0,"ocean_menu_typo_line_height_unit":"","ocean_menu_typo_spacing":0,"ocean_menu_typo_spacing_tablet":0,"ocean_menu_typo_spacing_mobile":0,"ocean_menu_typo_spacing_unit":"","ocean_menu_link_color":"","ocean_menu_link_color_hover":"","ocean_menu_link_color_active":"","ocean_menu_link_background":"","ocean_menu_link_hover_background":"","ocean_menu_link_active_background":"","ocean_menu_social_links_bg":"","ocean_menu_social_hover_links_bg":"","ocean_menu_social_links_color":"","ocean_menu_social_hover_links_color":"","ocean_disable_title":"default","ocean_disable_heading":"default","ocean_post_title":"","ocean_post_subheading":"","ocean_post_title_style":"","ocean_post_title_background_color":"","ocean_post_title_background":0,"ocean_post_title_bg_image_position":"","ocean_post_title_bg_image_attachment":"","ocean_post_title_bg_image_repeat":"","ocean_post_title_bg_image_size":"","ocean_post_title_height":0,"ocean_post_title_bg_overlay":0.5,"ocean_post_title_bg_overlay_color":"","ocean_disable_breadcrumbs":"default","ocean_breadcrumbs_color":"","ocean_breadcrumbs_separator_color":"","ocean_breadcrumbs_links_color":"","ocean_breadcrumbs_links_hover_color":"","ocean_display_footer_widgets":"default","ocean_display_footer_bottom":"default","ocean_custom_footer_template":"","ocean_post_oembed":"","ocean_post_self_hosted_media":"","ocean_post_video_embed":"","ocean_link_format":"","ocean_link_format_target":"self","ocean_quote_format":"","ocean_quote_format_link":"post","ocean_gallery_link_images":"on","ocean_gallery_id":[],"footnotes":""},"categories":[133],"tags":[138],"class_list":["post-56558","post","type-post","status-publish","format-standard","has-post-thumbnail","hentry","category-notizie","tag-notizie-di-mercato","entry","has-media"],"yoast_head":"<!-- This site is optimized with the Yoast SEO plugin v27.4 - https:\/\/yoast.com\/product\/yoast-seo-wordpress\/ -->\n<title>La ristorazione organizzata cresce di un 7,6% nel 2016 - Italcamara<\/title>\n<meta name=\"robots\" content=\"index, follow, max-snippet:-1, max-image-preview:large, max-video-preview:-1\" \/>\n<link rel=\"canonical\" href=\"https:\/\/italcamara-es.com\/it\/notizie\/la-ristorazione-organizzata-cresce-di-un-76-nel-2016\/\" \/>\n<meta property=\"og:locale\" content=\"it_IT\" \/>\n<meta property=\"og:type\" content=\"article\" \/>\n<meta property=\"og:title\" content=\"La ristorazione organizzata cresce di un 7,6% nel 2016 - Italcamara\" \/>\n<meta property=\"og:description\" content=\"Lo scorso 28 ottobre, presso l\u2019Auditorio Rafael del Pino di Madrid, si \u00e8 tenuto l\u2019incontro annuale Restaurant Trends, al quale hanno partecipato i responsabili dei principali gruppi di ristorazione organizzata, gli enti multisettoriali ed altri esperti il cui obiettivo \u00e8 quello di analizzare le caratteristiche del settore. &nbsp; Nel suo discorso di apertura, Octavio Llamas, [&hellip;]\" \/>\n<meta property=\"og:url\" content=\"https:\/\/italcamara-es.com\/it\/notizie\/la-ristorazione-organizzata-cresce-di-un-76-nel-2016\/\" \/>\n<meta property=\"og:site_name\" content=\"Italcamara\" \/>\n<meta property=\"article:published_time\" content=\"2016-11-28T13:34:19+00:00\" \/>\n<meta property=\"og:image\" content=\"https:\/\/italcamara-es.com\/wp-content\/uploads\/2025\/03\/Ristorazione250.jpg\" \/>\n\t<meta property=\"og:image:width\" content=\"250\" \/>\n\t<meta property=\"og:image:height\" content=\"146\" \/>\n\t<meta property=\"og:image:type\" content=\"image\/jpeg\" \/>\n<meta name=\"author\" content=\"administrador\" \/>\n<meta name=\"twitter:card\" content=\"summary_large_image\" \/>\n<meta name=\"twitter:label1\" content=\"Scritto da\" \/>\n\t<meta name=\"twitter:data1\" content=\"administrador\" \/>\n\t<meta name=\"twitter:label2\" content=\"Tempo di lettura stimato\" \/>\n\t<meta name=\"twitter:data2\" content=\"2 minuti\" \/>\n<script type=\"application\/ld+json\" class=\"yoast-schema-graph\">{\"@context\":\"https:\\\/\\\/schema.org\",\"@graph\":[{\"@type\":\"Article\",\"@id\":\"https:\\\/\\\/italcamara-es.com\\\/it\\\/notizie\\\/la-ristorazione-organizzata-cresce-di-un-76-nel-2016\\\/#article\",\"isPartOf\":{\"@id\":\"https:\\\/\\\/italcamara-es.com\\\/it\\\/notizie\\\/la-ristorazione-organizzata-cresce-di-un-76-nel-2016\\\/\"},\"author\":{\"name\":\"administrador\",\"@id\":\"https:\\\/\\\/italcamara-es.com\\\/#\\\/schema\\\/person\\\/bb3c56263e405bbd9a15171dcfee93bb\"},\"headline\":\"La ristorazione organizzata cresce di un 7,6% nel 2016\",\"datePublished\":\"2016-11-28T13:34:19+00:00\",\"mainEntityOfPage\":{\"@id\":\"https:\\\/\\\/italcamara-es.com\\\/it\\\/notizie\\\/la-ristorazione-organizzata-cresce-di-un-76-nel-2016\\\/\"},\"wordCount\":409,\"commentCount\":0,\"image\":{\"@id\":\"https:\\\/\\\/italcamara-es.com\\\/it\\\/notizie\\\/la-ristorazione-organizzata-cresce-di-un-76-nel-2016\\\/#primaryimage\"},\"thumbnailUrl\":\"https:\\\/\\\/italcamara-es.com\\\/wp-content\\\/uploads\\\/2025\\\/03\\\/Ristorazione250.jpg\",\"keywords\":[\"Notizie di Mercato\"],\"articleSection\":[\"Notizie\"],\"inLanguage\":\"it-IT\",\"potentialAction\":[{\"@type\":\"CommentAction\",\"name\":\"Comment\",\"target\":[\"https:\\\/\\\/italcamara-es.com\\\/it\\\/notizie\\\/la-ristorazione-organizzata-cresce-di-un-76-nel-2016\\\/#respond\"]}]},{\"@type\":\"WebPage\",\"@id\":\"https:\\\/\\\/italcamara-es.com\\\/it\\\/notizie\\\/la-ristorazione-organizzata-cresce-di-un-76-nel-2016\\\/\",\"url\":\"https:\\\/\\\/italcamara-es.com\\\/it\\\/notizie\\\/la-ristorazione-organizzata-cresce-di-un-76-nel-2016\\\/\",\"name\":\"La ristorazione organizzata cresce di un 7,6% nel 2016 - Italcamara\",\"isPartOf\":{\"@id\":\"https:\\\/\\\/italcamara-es.com\\\/#website\"},\"primaryImageOfPage\":{\"@id\":\"https:\\\/\\\/italcamara-es.com\\\/it\\\/notizie\\\/la-ristorazione-organizzata-cresce-di-un-76-nel-2016\\\/#primaryimage\"},\"image\":{\"@id\":\"https:\\\/\\\/italcamara-es.com\\\/it\\\/notizie\\\/la-ristorazione-organizzata-cresce-di-un-76-nel-2016\\\/#primaryimage\"},\"thumbnailUrl\":\"https:\\\/\\\/italcamara-es.com\\\/wp-content\\\/uploads\\\/2025\\\/03\\\/Ristorazione250.jpg\",\"datePublished\":\"2016-11-28T13:34:19+00:00\",\"author\":{\"@id\":\"https:\\\/\\\/italcamara-es.com\\\/#\\\/schema\\\/person\\\/bb3c56263e405bbd9a15171dcfee93bb\"},\"breadcrumb\":{\"@id\":\"https:\\\/\\\/italcamara-es.com\\\/it\\\/notizie\\\/la-ristorazione-organizzata-cresce-di-un-76-nel-2016\\\/#breadcrumb\"},\"inLanguage\":\"it-IT\",\"potentialAction\":[{\"@type\":\"ReadAction\",\"target\":[\"https:\\\/\\\/italcamara-es.com\\\/it\\\/notizie\\\/la-ristorazione-organizzata-cresce-di-un-76-nel-2016\\\/\"]}]},{\"@type\":\"ImageObject\",\"inLanguage\":\"it-IT\",\"@id\":\"https:\\\/\\\/italcamara-es.com\\\/it\\\/notizie\\\/la-ristorazione-organizzata-cresce-di-un-76-nel-2016\\\/#primaryimage\",\"url\":\"https:\\\/\\\/italcamara-es.com\\\/wp-content\\\/uploads\\\/2025\\\/03\\\/Ristorazione250.jpg\",\"contentUrl\":\"https:\\\/\\\/italcamara-es.com\\\/wp-content\\\/uploads\\\/2025\\\/03\\\/Ristorazione250.jpg\",\"width\":250,\"height\":146},{\"@type\":\"BreadcrumbList\",\"@id\":\"https:\\\/\\\/italcamara-es.com\\\/it\\\/notizie\\\/la-ristorazione-organizzata-cresce-di-un-76-nel-2016\\\/#breadcrumb\",\"itemListElement\":[{\"@type\":\"ListItem\",\"position\":1,\"name\":\"Inicio\",\"item\":\"https:\\\/\\\/italcamara-es.com\\\/it\\\/homepage-ita\\\/\"},{\"@type\":\"ListItem\",\"position\":2,\"name\":\"La ristorazione organizzata cresce di un 7,6% nel 2016\"}]},{\"@type\":\"WebSite\",\"@id\":\"https:\\\/\\\/italcamara-es.com\\\/#website\",\"url\":\"https:\\\/\\\/italcamara-es.com\\\/\",\"name\":\"Italcamara\",\"description\":\"\",\"potentialAction\":[{\"@type\":\"SearchAction\",\"target\":{\"@type\":\"EntryPoint\",\"urlTemplate\":\"https:\\\/\\\/italcamara-es.com\\\/?s={search_term_string}\"},\"query-input\":{\"@type\":\"PropertyValueSpecification\",\"valueRequired\":true,\"valueName\":\"search_term_string\"}}],\"inLanguage\":\"it-IT\"},{\"@type\":\"Person\",\"@id\":\"https:\\\/\\\/italcamara-es.com\\\/#\\\/schema\\\/person\\\/bb3c56263e405bbd9a15171dcfee93bb\",\"name\":\"administrador\",\"image\":{\"@type\":\"ImageObject\",\"inLanguage\":\"it-IT\",\"@id\":\"https:\\\/\\\/secure.gravatar.com\\\/avatar\\\/14b5e63db38320b12031bb28cf9f77e210aa71fb3a8a3602a3c9a05134fa75eb?s=96&d=mm&r=g\",\"url\":\"https:\\\/\\\/secure.gravatar.com\\\/avatar\\\/14b5e63db38320b12031bb28cf9f77e210aa71fb3a8a3602a3c9a05134fa75eb?s=96&d=mm&r=g\",\"contentUrl\":\"https:\\\/\\\/secure.gravatar.com\\\/avatar\\\/14b5e63db38320b12031bb28cf9f77e210aa71fb3a8a3602a3c9a05134fa75eb?s=96&d=mm&r=g\",\"caption\":\"administrador\"},\"sameAs\":[\"http:\\\/\\\/pre.italcamara-es.com\"],\"url\":\"https:\\\/\\\/italcamara-es.com\\\/it\\\/author\\\/administrador\\\/\"}]}<\/script>\n<!-- \/ Yoast SEO plugin. -->","yoast_head_json":{"title":"La ristorazione organizzata cresce di un 7,6% nel 2016 - Italcamara","robots":{"index":"index","follow":"follow","max-snippet":"max-snippet:-1","max-image-preview":"max-image-preview:large","max-video-preview":"max-video-preview:-1"},"canonical":"https:\/\/italcamara-es.com\/it\/notizie\/la-ristorazione-organizzata-cresce-di-un-76-nel-2016\/","og_locale":"it_IT","og_type":"article","og_title":"La ristorazione organizzata cresce di un 7,6% nel 2016 - Italcamara","og_description":"Lo scorso 28 ottobre, presso l\u2019Auditorio Rafael del Pino di Madrid, si \u00e8 tenuto l\u2019incontro annuale Restaurant Trends, al quale hanno partecipato i responsabili dei principali gruppi di ristorazione organizzata, gli enti multisettoriali ed altri esperti il cui obiettivo \u00e8 quello di analizzare le caratteristiche del settore. &nbsp; Nel suo discorso di apertura, Octavio Llamas, [&hellip;]","og_url":"https:\/\/italcamara-es.com\/it\/notizie\/la-ristorazione-organizzata-cresce-di-un-76-nel-2016\/","og_site_name":"Italcamara","article_published_time":"2016-11-28T13:34:19+00:00","og_image":[{"width":250,"height":146,"url":"https:\/\/italcamara-es.com\/wp-content\/uploads\/2025\/03\/Ristorazione250.jpg","type":"image\/jpeg"}],"author":"administrador","twitter_card":"summary_large_image","twitter_misc":{"Scritto da":"administrador","Tempo di lettura stimato":"2 minuti"},"schema":{"@context":"https:\/\/schema.org","@graph":[{"@type":"Article","@id":"https:\/\/italcamara-es.com\/it\/notizie\/la-ristorazione-organizzata-cresce-di-un-76-nel-2016\/#article","isPartOf":{"@id":"https:\/\/italcamara-es.com\/it\/notizie\/la-ristorazione-organizzata-cresce-di-un-76-nel-2016\/"},"author":{"name":"administrador","@id":"https:\/\/italcamara-es.com\/#\/schema\/person\/bb3c56263e405bbd9a15171dcfee93bb"},"headline":"La ristorazione organizzata cresce di un 7,6% nel 2016","datePublished":"2016-11-28T13:34:19+00:00","mainEntityOfPage":{"@id":"https:\/\/italcamara-es.com\/it\/notizie\/la-ristorazione-organizzata-cresce-di-un-76-nel-2016\/"},"wordCount":409,"commentCount":0,"image":{"@id":"https:\/\/italcamara-es.com\/it\/notizie\/la-ristorazione-organizzata-cresce-di-un-76-nel-2016\/#primaryimage"},"thumbnailUrl":"https:\/\/italcamara-es.com\/wp-content\/uploads\/2025\/03\/Ristorazione250.jpg","keywords":["Notizie di Mercato"],"articleSection":["Notizie"],"inLanguage":"it-IT","potentialAction":[{"@type":"CommentAction","name":"Comment","target":["https:\/\/italcamara-es.com\/it\/notizie\/la-ristorazione-organizzata-cresce-di-un-76-nel-2016\/#respond"]}]},{"@type":"WebPage","@id":"https:\/\/italcamara-es.com\/it\/notizie\/la-ristorazione-organizzata-cresce-di-un-76-nel-2016\/","url":"https:\/\/italcamara-es.com\/it\/notizie\/la-ristorazione-organizzata-cresce-di-un-76-nel-2016\/","name":"La ristorazione organizzata cresce di un 7,6% nel 2016 - Italcamara","isPartOf":{"@id":"https:\/\/italcamara-es.com\/#website"},"primaryImageOfPage":{"@id":"https:\/\/italcamara-es.com\/it\/notizie\/la-ristorazione-organizzata-cresce-di-un-76-nel-2016\/#primaryimage"},"image":{"@id":"https:\/\/italcamara-es.com\/it\/notizie\/la-ristorazione-organizzata-cresce-di-un-76-nel-2016\/#primaryimage"},"thumbnailUrl":"https:\/\/italcamara-es.com\/wp-content\/uploads\/2025\/03\/Ristorazione250.jpg","datePublished":"2016-11-28T13:34:19+00:00","author":{"@id":"https:\/\/italcamara-es.com\/#\/schema\/person\/bb3c56263e405bbd9a15171dcfee93bb"},"breadcrumb":{"@id":"https:\/\/italcamara-es.com\/it\/notizie\/la-ristorazione-organizzata-cresce-di-un-76-nel-2016\/#breadcrumb"},"inLanguage":"it-IT","potentialAction":[{"@type":"ReadAction","target":["https:\/\/italcamara-es.com\/it\/notizie\/la-ristorazione-organizzata-cresce-di-un-76-nel-2016\/"]}]},{"@type":"ImageObject","inLanguage":"it-IT","@id":"https:\/\/italcamara-es.com\/it\/notizie\/la-ristorazione-organizzata-cresce-di-un-76-nel-2016\/#primaryimage","url":"https:\/\/italcamara-es.com\/wp-content\/uploads\/2025\/03\/Ristorazione250.jpg","contentUrl":"https:\/\/italcamara-es.com\/wp-content\/uploads\/2025\/03\/Ristorazione250.jpg","width":250,"height":146},{"@type":"BreadcrumbList","@id":"https:\/\/italcamara-es.com\/it\/notizie\/la-ristorazione-organizzata-cresce-di-un-76-nel-2016\/#breadcrumb","itemListElement":[{"@type":"ListItem","position":1,"name":"Inicio","item":"https:\/\/italcamara-es.com\/it\/homepage-ita\/"},{"@type":"ListItem","position":2,"name":"La ristorazione organizzata cresce di un 7,6% nel 2016"}]},{"@type":"WebSite","@id":"https:\/\/italcamara-es.com\/#website","url":"https:\/\/italcamara-es.com\/","name":"Italcamara","description":"","potentialAction":[{"@type":"SearchAction","target":{"@type":"EntryPoint","urlTemplate":"https:\/\/italcamara-es.com\/?s={search_term_string}"},"query-input":{"@type":"PropertyValueSpecification","valueRequired":true,"valueName":"search_term_string"}}],"inLanguage":"it-IT"},{"@type":"Person","@id":"https:\/\/italcamara-es.com\/#\/schema\/person\/bb3c56263e405bbd9a15171dcfee93bb","name":"administrador","image":{"@type":"ImageObject","inLanguage":"it-IT","@id":"https:\/\/secure.gravatar.com\/avatar\/14b5e63db38320b12031bb28cf9f77e210aa71fb3a8a3602a3c9a05134fa75eb?s=96&d=mm&r=g","url":"https:\/\/secure.gravatar.com\/avatar\/14b5e63db38320b12031bb28cf9f77e210aa71fb3a8a3602a3c9a05134fa75eb?s=96&d=mm&r=g","contentUrl":"https:\/\/secure.gravatar.com\/avatar\/14b5e63db38320b12031bb28cf9f77e210aa71fb3a8a3602a3c9a05134fa75eb?s=96&d=mm&r=g","caption":"administrador"},"sameAs":["http:\/\/pre.italcamara-es.com"],"url":"https:\/\/italcamara-es.com\/it\/author\/administrador\/"}]}},"rttpg_featured_image_url":{"full":["https:\/\/italcamara-es.com\/wp-content\/uploads\/2025\/03\/Ristorazione250.jpg",250,146,false],"landscape":["https:\/\/italcamara-es.com\/wp-content\/uploads\/2025\/03\/Ristorazione250.jpg",250,146,false],"portraits":["https:\/\/italcamara-es.com\/wp-content\/uploads\/2025\/03\/Ristorazione250.jpg",250,146,false],"thumbnail":["https:\/\/italcamara-es.com\/wp-content\/uploads\/2025\/03\/Ristorazione250-150x146.jpg",150,146,true],"medium":["https:\/\/italcamara-es.com\/wp-content\/uploads\/2025\/03\/Ristorazione250.jpg",250,146,false],"large":["https:\/\/italcamara-es.com\/wp-content\/uploads\/2025\/03\/Ristorazione250.jpg",250,146,false],"1536x1536":["https:\/\/italcamara-es.com\/wp-content\/uploads\/2025\/03\/Ristorazione250.jpg",250,146,false],"2048x2048":["https:\/\/italcamara-es.com\/wp-content\/uploads\/2025\/03\/Ristorazione250.jpg",250,146,false],"ocean-thumb-m":["https:\/\/italcamara-es.com\/wp-content\/uploads\/2025\/03\/Ristorazione250.jpg",250,146,false],"ocean-thumb-ml":["https:\/\/italcamara-es.com\/wp-content\/uploads\/2025\/03\/Ristorazione250.jpg",250,146,false],"ocean-thumb-l":["https:\/\/italcamara-es.com\/wp-content\/uploads\/2025\/03\/Ristorazione250.jpg",250,146,false],"directorist_preview":["https:\/\/italcamara-es.com\/wp-content\/uploads\/2025\/03\/Ristorazione250.jpg",250,146,false]},"rttpg_author":{"display_name":"administrador","author_link":"https:\/\/italcamara-es.com\/it\/author\/administrador\/"},"rttpg_comment":0,"rttpg_category":"<a href=\"https:\/\/italcamara-es.com\/it\/category\/notizie\/\" rel=\"category tag\">Notizie<\/a>","rttpg_excerpt":"Lo scorso 28 ottobre, presso l\u2019Auditorio Rafael del Pino di Madrid, si \u00e8 tenuto l\u2019incontro annuale Restaurant Trends, al quale hanno partecipato i responsabili dei principali gruppi di ristorazione organizzata, gli enti multisettoriali ed altri esperti il cui obiettivo \u00e8 quello di analizzare le caratteristiche del settore. &nbsp; Nel suo discorso di apertura, Octavio Llamas,&hellip;","_links":{"self":[{"href":"https:\/\/italcamara-es.com\/it\/wp-json\/wp\/v2\/posts\/56558","targetHints":{"allow":["GET"]}}],"collection":[{"href":"https:\/\/italcamara-es.com\/it\/wp-json\/wp\/v2\/posts"}],"about":[{"href":"https:\/\/italcamara-es.com\/it\/wp-json\/wp\/v2\/types\/post"}],"author":[{"embeddable":true,"href":"https:\/\/italcamara-es.com\/it\/wp-json\/wp\/v2\/users\/1"}],"replies":[{"embeddable":true,"href":"https:\/\/italcamara-es.com\/it\/wp-json\/wp\/v2\/comments?post=56558"}],"version-history":[{"count":0,"href":"https:\/\/italcamara-es.com\/it\/wp-json\/wp\/v2\/posts\/56558\/revisions"}],"wp:featuredmedia":[{"embeddable":true,"href":"https:\/\/italcamara-es.com\/it\/wp-json\/wp\/v2\/media\/53568"}],"wp:attachment":[{"href":"https:\/\/italcamara-es.com\/it\/wp-json\/wp\/v2\/media?parent=56558"}],"wp:term":[{"taxonomy":"category","embeddable":true,"href":"https:\/\/italcamara-es.com\/it\/wp-json\/wp\/v2\/categories?post=56558"},{"taxonomy":"post_tag","embeddable":true,"href":"https:\/\/italcamara-es.com\/it\/wp-json\/wp\/v2\/tags?post=56558"}],"curies":[{"name":"wp","href":"https:\/\/api.w.org\/{rel}","templated":true}]}}