	{"id":56565,"date":"2014-11-24T08:34:29","date_gmt":"2014-11-24T07:34:29","guid":{"rendered":"http:\/\/pre.italcamara-es.com\/senza-categoria\/luso-della-creativita-puo-aprire-molte-porte-nel-mondo-del-lavoro\/"},"modified":"2014-11-24T08:34:29","modified_gmt":"2014-11-24T07:34:29","slug":"luso-della-creativita-puo-aprire-molte-porte-nel-mondo-del-lavoro","status":"publish","type":"post","link":"https:\/\/italcamara-es.com\/it\/notizie\/luso-della-creativita-puo-aprire-molte-porte-nel-mondo-del-lavoro\/","title":{"rendered":"&#8220;L\u2019uso della Creativit\u00e0 pu\u00f2 aprire molte porte nel mondo del lavoro&#8221;"},"content":{"rendered":"<p><em>In questa intervista concessa alla CCIS, Jordi David, direttore di ELALMAD\u00c9N, Escuela de Teatro di Madrid, parla della relazioni tra arti sceniche, sviluppo professionale e creativit\u00e0<\/em><\/p>\n<p><em>\u00a0<\/em><\/p>\n<p>In vista del workshop \u00a0<strong><span style=\"color: #003366;\"><a style=\"color: #003366;\" href=\"http:\/\/italcamara-es.com\/news.php?id=363\" target=\"_blank\" rel=\"noopener\">\u201cCreatividad y empresas: un binomio ganador\u201d<\/a><\/span><\/strong>, che si svolger\u00e0 il prossimo 28 novembre alle 9:30 nella sede della rappresentazione della Commissione Europea in Spagna, abbiamo intervistato uno dei protagonisti dell\u2019evento. <strong>Jordi David<\/strong> es direttore di ELALMAD\u00c9N, Escuela de Teatro, e vanta una lunga esperienza in teatro d\u2019impresa Questo strumento permette di reaizzare un formato per i corsi di sviluppo espressivo e crescita personale adattato alle esigenze, gli obiettivi ed i mezzi concreti di ciascuna impresa o dipartimento.<\/p>\n<p>&nbsp;<\/p>\n<p>Con Jordi abbiamo voluto esplorare in dettaglio le caratteristiche e le potenzialit\u00e0 di questa tecnica formativa ancora poco conosciuta in Spagna.<\/p>\n<p><strong>1. \u00a0\u00bfPerch\u00e9 applicare i fondamenti del teatro alla formazione e la comunicazione delle imprese?<\/strong><\/p>\n<p>Perch\u00e9 il teatro d\u2019impresa, o meglio l\u2019uso di tecniche per apprendere e interpretare, permette di incidere su aspetti personali che non vengono considerati nella maggior parte dei corsi che imprenditori e manager ricevono. Questi aspetti personali alla fine hanno un\u2019influenza decisiva sul rendimento, il benessere e la progressione delle persone che fanno parte delle imprese e richiedono una maggiore attenzione.<\/p>\n<p>&nbsp;<\/p>\n<p><strong>2. \u00c8 possibile incrementare lo sviluppo di idee creative attraverso l\u2019uso di questo strumento?<\/strong><\/p>\n<p>Forse non \u00e8 il motivo principale per cui viene utilizzato. Tuttavia, una volta che ci si convince che l\u2019uso della Creativit\u00e0 pu\u00f2 aprire molte porte nel mondo del lavoro, \u00e8 facile capire come l\u2019interpretazione e l\u2019insieme di queste tecniche offrono un mezzo ideale per ottimizzare e \u201cmettere in scena\u2019 una proposta creativa.<\/p>\n<p>&nbsp;<\/p>\n<p><strong>3. Che accoglienza riceve in Spagna il teatro d\u2019impresa?\u00a0<\/strong><\/p>\n<p>\u00c8 un campo ancora poco esplorato. La predisposizione \u00e8 positiva, per\u00f2 rimane ancora tanto da fare. Ne ALMAD\u00c9N, Escuela de Teatro, abbiamo potuto coprire una vasta gamma di obiettivi, dal miglioramento espressivo per la funzione commerciale alle tecniche comunicative per negoziazioni pi\u00f9 complesse. Sono molte le aree in cui questo strumento pu\u00f2 essere utilizzato.<\/p>\n<p>&nbsp;<\/p>\n<p><strong>4 Cosa ci pu\u00f2 riferire riguardo l\u2019attitudine di managers e dipendenti nel cimentarsi per la prima volta in questa tecnica?<\/strong><\/p>\n<p>La grande dedizione, ancora maggiore quando partecpano individualmente, la capacit\u00e0 di raggiungere velocemente risultati concreti, e l\u2019allegria nel realizzare l\u2019attivit\u00e0, come se esercitasse su di loro un effetto chiaramente terapeutico.<\/p>\n<p>&nbsp;<\/p>\n<p><strong>5. Ci pu\u00f2 anticipare qualche informazione sull\u2019esibizione del prossimo 28 novembre?<\/strong><\/p>\n<p>Verr\u00e0 messo in scena un esempio, elementare e umoristico, di come il teatro pu\u00f2 aiutare nel polemico terreno delle relazioni professionali<\/p>\n<p>&nbsp;<\/p>\n<p>Si ricorda che per assistere all\u2019incontro <span style=\"color: #003366;\">\u00a0<a style=\"color: #003366;\" href=\"http:\/\/italcamara-es.com\/news.php?id=363\" target=\"_blank\" rel=\"noopener\">\u201cCreatividad y empresas: un binomio ganador\u201d<\/a><\/span> \u00e8 imprescindibile inviare una mail <span style=\"color: #003366;\"><a style=\"color: #003366;\" href=\"mailto:news@italcamara-es.com\" target=\"_blank\" rel=\"noopener\">news@italcamara-es.com<\/a><\/span> indicando nome, cognome e telefono della\/e persona\/e interessata\/e a partecipare.<\/p>\n","protected":false},"excerpt":{"rendered":"<p>In questa intervista concessa alla CCIS, Jordi David, direttore di ELALMAD\u00c9N, Escuela de Teatro di Madrid, parla della relazioni tra arti sceniche, sviluppo professionale e creativit\u00e0 \u00a0 In vista del workshop \u00a0\u201cCreatividad y empresas: un binomio ganador\u201d, che si svolger\u00e0 il prossimo 28 novembre alle 9:30 nella sede della rappresentazione della Commissione Europea in Spagna, [&hellip;]<\/p>\n","protected":false},"author":1,"featured_media":53582,"comment_status":"open","ping_status":"open","sticky":false,"template":"","format":"standard","meta":{"inline_featured_image":false,"ocean_post_layout":"","ocean_both_sidebars_style":"","ocean_both_sidebars_content_width":0,"ocean_both_sidebars_sidebars_width":0,"ocean_sidebar":"","ocean_second_sidebar":"","ocean_disable_margins":"enable","ocean_add_body_class":"","ocean_shortcode_before_top_bar":"","ocean_shortcode_after_top_bar":"","ocean_shortcode_before_header":"","ocean_shortcode_after_header":"","ocean_has_shortcode":"","ocean_shortcode_after_title":"","ocean_shortcode_before_footer_widgets":"","ocean_shortcode_after_footer_widgets":"","ocean_shortcode_before_footer_bottom":"","ocean_shortcode_after_footer_bottom":"","ocean_display_top_bar":"default","ocean_display_header":"default","ocean_header_style":"","ocean_center_header_left_menu":"","ocean_custom_header_template":"","ocean_custom_logo":0,"ocean_custom_retina_logo":0,"ocean_custom_logo_max_width":0,"ocean_custom_logo_tablet_max_width":0,"ocean_custom_logo_mobile_max_width":0,"ocean_custom_logo_max_height":0,"ocean_custom_logo_tablet_max_height":0,"ocean_custom_logo_mobile_max_height":0,"ocean_header_custom_menu":"","ocean_menu_typo_font_family":"","ocean_menu_typo_font_subset":"","ocean_menu_typo_font_size":0,"ocean_menu_typo_font_size_tablet":0,"ocean_menu_typo_font_size_mobile":0,"ocean_menu_typo_font_size_unit":"px","ocean_menu_typo_font_weight":"","ocean_menu_typo_font_weight_tablet":"","ocean_menu_typo_font_weight_mobile":"","ocean_menu_typo_transform":"","ocean_menu_typo_transform_tablet":"","ocean_menu_typo_transform_mobile":"","ocean_menu_typo_line_height":0,"ocean_menu_typo_line_height_tablet":0,"ocean_menu_typo_line_height_mobile":0,"ocean_menu_typo_line_height_unit":"","ocean_menu_typo_spacing":0,"ocean_menu_typo_spacing_tablet":0,"ocean_menu_typo_spacing_mobile":0,"ocean_menu_typo_spacing_unit":"","ocean_menu_link_color":"","ocean_menu_link_color_hover":"","ocean_menu_link_color_active":"","ocean_menu_link_background":"","ocean_menu_link_hover_background":"","ocean_menu_link_active_background":"","ocean_menu_social_links_bg":"","ocean_menu_social_hover_links_bg":"","ocean_menu_social_links_color":"","ocean_menu_social_hover_links_color":"","ocean_disable_title":"default","ocean_disable_heading":"default","ocean_post_title":"","ocean_post_subheading":"","ocean_post_title_style":"","ocean_post_title_background_color":"","ocean_post_title_background":0,"ocean_post_title_bg_image_position":"","ocean_post_title_bg_image_attachment":"","ocean_post_title_bg_image_repeat":"","ocean_post_title_bg_image_size":"","ocean_post_title_height":0,"ocean_post_title_bg_overlay":0.5,"ocean_post_title_bg_overlay_color":"","ocean_disable_breadcrumbs":"default","ocean_breadcrumbs_color":"","ocean_breadcrumbs_separator_color":"","ocean_breadcrumbs_links_color":"","ocean_breadcrumbs_links_hover_color":"","ocean_display_footer_widgets":"default","ocean_display_footer_bottom":"default","ocean_custom_footer_template":"","ocean_post_oembed":"","ocean_post_self_hosted_media":"","ocean_post_video_embed":"","ocean_link_format":"","ocean_link_format_target":"self","ocean_quote_format":"","ocean_quote_format_link":"post","ocean_gallery_link_images":"on","ocean_gallery_id":[],"footnotes":""},"categories":[133],"tags":[138],"class_list":["post-56565","post","type-post","status-publish","format-standard","has-post-thumbnail","hentry","category-notizie","tag-notizie-di-mercato","entry","has-media"],"yoast_head":"<!-- This site is optimized with the Yoast SEO plugin v27.4 - https:\/\/yoast.com\/product\/yoast-seo-wordpress\/ -->\n<title>&quot;L\u2019uso della Creativit\u00e0 pu\u00f2 aprire molte porte nel mondo del lavoro&quot; - Italcamara<\/title>\n<meta name=\"robots\" content=\"index, follow, max-snippet:-1, max-image-preview:large, max-video-preview:-1\" \/>\n<link rel=\"canonical\" href=\"https:\/\/italcamara-es.com\/it\/notizie\/luso-della-creativita-puo-aprire-molte-porte-nel-mondo-del-lavoro\/\" \/>\n<meta property=\"og:locale\" content=\"it_IT\" \/>\n<meta property=\"og:type\" content=\"article\" \/>\n<meta property=\"og:title\" content=\"&quot;L\u2019uso della Creativit\u00e0 pu\u00f2 aprire molte porte nel mondo del lavoro&quot; - Italcamara\" \/>\n<meta property=\"og:description\" content=\"In questa intervista concessa alla CCIS, Jordi David, direttore di ELALMAD\u00c9N, Escuela de Teatro di Madrid, parla della relazioni tra arti sceniche, sviluppo professionale e creativit\u00e0 \u00a0 In vista del workshop \u00a0\u201cCreatividad y empresas: un binomio ganador\u201d, che si svolger\u00e0 il prossimo 28 novembre alle 9:30 nella sede della rappresentazione della Commissione Europea in Spagna, [&hellip;]\" \/>\n<meta property=\"og:url\" content=\"https:\/\/italcamara-es.com\/it\/notizie\/luso-della-creativita-puo-aprire-molte-porte-nel-mondo-del-lavoro\/\" \/>\n<meta property=\"og:site_name\" content=\"Italcamara\" \/>\n<meta property=\"article:published_time\" content=\"2014-11-24T07:34:29+00:00\" \/>\n<meta property=\"og:image\" content=\"https:\/\/italcamara-es.com\/wp-content\/uploads\/2025\/03\/teatro250.jpg\" \/>\n\t<meta property=\"og:image:width\" content=\"250\" \/>\n\t<meta property=\"og:image:height\" content=\"140\" \/>\n\t<meta property=\"og:image:type\" content=\"image\/jpeg\" \/>\n<meta name=\"author\" content=\"administrador\" \/>\n<meta name=\"twitter:card\" content=\"summary_large_image\" \/>\n<meta name=\"twitter:label1\" content=\"Scritto da\" \/>\n\t<meta name=\"twitter:data1\" content=\"administrador\" \/>\n\t<meta name=\"twitter:label2\" content=\"Tempo di lettura stimato\" \/>\n\t<meta name=\"twitter:data2\" content=\"2 minuti\" \/>\n<script type=\"application\/ld+json\" class=\"yoast-schema-graph\">{\"@context\":\"https:\\\/\\\/schema.org\",\"@graph\":[{\"@type\":\"Article\",\"@id\":\"https:\\\/\\\/italcamara-es.com\\\/it\\\/notizie\\\/luso-della-creativita-puo-aprire-molte-porte-nel-mondo-del-lavoro\\\/#article\",\"isPartOf\":{\"@id\":\"https:\\\/\\\/italcamara-es.com\\\/it\\\/notizie\\\/luso-della-creativita-puo-aprire-molte-porte-nel-mondo-del-lavoro\\\/\"},\"author\":{\"name\":\"administrador\",\"@id\":\"https:\\\/\\\/italcamara-es.com\\\/#\\\/schema\\\/person\\\/bb3c56263e405bbd9a15171dcfee93bb\"},\"headline\":\"&#8220;L\u2019uso della Creativit\u00e0 pu\u00f2 aprire molte porte nel mondo del lavoro&#8221;\",\"datePublished\":\"2014-11-24T07:34:29+00:00\",\"mainEntityOfPage\":{\"@id\":\"https:\\\/\\\/italcamara-es.com\\\/it\\\/notizie\\\/luso-della-creativita-puo-aprire-molte-porte-nel-mondo-del-lavoro\\\/\"},\"wordCount\":468,\"commentCount\":0,\"image\":{\"@id\":\"https:\\\/\\\/italcamara-es.com\\\/it\\\/notizie\\\/luso-della-creativita-puo-aprire-molte-porte-nel-mondo-del-lavoro\\\/#primaryimage\"},\"thumbnailUrl\":\"https:\\\/\\\/italcamara-es.com\\\/wp-content\\\/uploads\\\/2025\\\/03\\\/teatro250.jpg\",\"keywords\":[\"Notizie di Mercato\"],\"articleSection\":[\"Notizie\"],\"inLanguage\":\"it-IT\",\"potentialAction\":[{\"@type\":\"CommentAction\",\"name\":\"Comment\",\"target\":[\"https:\\\/\\\/italcamara-es.com\\\/it\\\/notizie\\\/luso-della-creativita-puo-aprire-molte-porte-nel-mondo-del-lavoro\\\/#respond\"]}]},{\"@type\":\"WebPage\",\"@id\":\"https:\\\/\\\/italcamara-es.com\\\/it\\\/notizie\\\/luso-della-creativita-puo-aprire-molte-porte-nel-mondo-del-lavoro\\\/\",\"url\":\"https:\\\/\\\/italcamara-es.com\\\/it\\\/notizie\\\/luso-della-creativita-puo-aprire-molte-porte-nel-mondo-del-lavoro\\\/\",\"name\":\"\\\"L\u2019uso della Creativit\u00e0 pu\u00f2 aprire molte porte nel mondo del lavoro\\\" - Italcamara\",\"isPartOf\":{\"@id\":\"https:\\\/\\\/italcamara-es.com\\\/#website\"},\"primaryImageOfPage\":{\"@id\":\"https:\\\/\\\/italcamara-es.com\\\/it\\\/notizie\\\/luso-della-creativita-puo-aprire-molte-porte-nel-mondo-del-lavoro\\\/#primaryimage\"},\"image\":{\"@id\":\"https:\\\/\\\/italcamara-es.com\\\/it\\\/notizie\\\/luso-della-creativita-puo-aprire-molte-porte-nel-mondo-del-lavoro\\\/#primaryimage\"},\"thumbnailUrl\":\"https:\\\/\\\/italcamara-es.com\\\/wp-content\\\/uploads\\\/2025\\\/03\\\/teatro250.jpg\",\"datePublished\":\"2014-11-24T07:34:29+00:00\",\"author\":{\"@id\":\"https:\\\/\\\/italcamara-es.com\\\/#\\\/schema\\\/person\\\/bb3c56263e405bbd9a15171dcfee93bb\"},\"breadcrumb\":{\"@id\":\"https:\\\/\\\/italcamara-es.com\\\/it\\\/notizie\\\/luso-della-creativita-puo-aprire-molte-porte-nel-mondo-del-lavoro\\\/#breadcrumb\"},\"inLanguage\":\"it-IT\",\"potentialAction\":[{\"@type\":\"ReadAction\",\"target\":[\"https:\\\/\\\/italcamara-es.com\\\/it\\\/notizie\\\/luso-della-creativita-puo-aprire-molte-porte-nel-mondo-del-lavoro\\\/\"]}]},{\"@type\":\"ImageObject\",\"inLanguage\":\"it-IT\",\"@id\":\"https:\\\/\\\/italcamara-es.com\\\/it\\\/notizie\\\/luso-della-creativita-puo-aprire-molte-porte-nel-mondo-del-lavoro\\\/#primaryimage\",\"url\":\"https:\\\/\\\/italcamara-es.com\\\/wp-content\\\/uploads\\\/2025\\\/03\\\/teatro250.jpg\",\"contentUrl\":\"https:\\\/\\\/italcamara-es.com\\\/wp-content\\\/uploads\\\/2025\\\/03\\\/teatro250.jpg\",\"width\":250,\"height\":140},{\"@type\":\"BreadcrumbList\",\"@id\":\"https:\\\/\\\/italcamara-es.com\\\/it\\\/notizie\\\/luso-della-creativita-puo-aprire-molte-porte-nel-mondo-del-lavoro\\\/#breadcrumb\",\"itemListElement\":[{\"@type\":\"ListItem\",\"position\":1,\"name\":\"Inicio\",\"item\":\"https:\\\/\\\/italcamara-es.com\\\/it\\\/homepage-ita\\\/\"},{\"@type\":\"ListItem\",\"position\":2,\"name\":\"\u00abL\u2019uso della Creativit\u00e0 pu\u00f2 aprire molte porte nel mondo del lavoro\u00bb\"}]},{\"@type\":\"WebSite\",\"@id\":\"https:\\\/\\\/italcamara-es.com\\\/#website\",\"url\":\"https:\\\/\\\/italcamara-es.com\\\/\",\"name\":\"Italcamara\",\"description\":\"\",\"potentialAction\":[{\"@type\":\"SearchAction\",\"target\":{\"@type\":\"EntryPoint\",\"urlTemplate\":\"https:\\\/\\\/italcamara-es.com\\\/?s={search_term_string}\"},\"query-input\":{\"@type\":\"PropertyValueSpecification\",\"valueRequired\":true,\"valueName\":\"search_term_string\"}}],\"inLanguage\":\"it-IT\"},{\"@type\":\"Person\",\"@id\":\"https:\\\/\\\/italcamara-es.com\\\/#\\\/schema\\\/person\\\/bb3c56263e405bbd9a15171dcfee93bb\",\"name\":\"administrador\",\"image\":{\"@type\":\"ImageObject\",\"inLanguage\":\"it-IT\",\"@id\":\"https:\\\/\\\/secure.gravatar.com\\\/avatar\\\/14b5e63db38320b12031bb28cf9f77e210aa71fb3a8a3602a3c9a05134fa75eb?s=96&d=mm&r=g\",\"url\":\"https:\\\/\\\/secure.gravatar.com\\\/avatar\\\/14b5e63db38320b12031bb28cf9f77e210aa71fb3a8a3602a3c9a05134fa75eb?s=96&d=mm&r=g\",\"contentUrl\":\"https:\\\/\\\/secure.gravatar.com\\\/avatar\\\/14b5e63db38320b12031bb28cf9f77e210aa71fb3a8a3602a3c9a05134fa75eb?s=96&d=mm&r=g\",\"caption\":\"administrador\"},\"sameAs\":[\"http:\\\/\\\/pre.italcamara-es.com\"],\"url\":\"https:\\\/\\\/italcamara-es.com\\\/it\\\/author\\\/administrador\\\/\"}]}<\/script>\n<!-- \/ Yoast SEO plugin. -->","yoast_head_json":{"title":"\"L\u2019uso della Creativit\u00e0 pu\u00f2 aprire molte porte nel mondo del lavoro\" - Italcamara","robots":{"index":"index","follow":"follow","max-snippet":"max-snippet:-1","max-image-preview":"max-image-preview:large","max-video-preview":"max-video-preview:-1"},"canonical":"https:\/\/italcamara-es.com\/it\/notizie\/luso-della-creativita-puo-aprire-molte-porte-nel-mondo-del-lavoro\/","og_locale":"it_IT","og_type":"article","og_title":"\"L\u2019uso della Creativit\u00e0 pu\u00f2 aprire molte porte nel mondo del lavoro\" - Italcamara","og_description":"In questa intervista concessa alla CCIS, Jordi David, direttore di ELALMAD\u00c9N, Escuela de Teatro di Madrid, parla della relazioni tra arti sceniche, sviluppo professionale e creativit\u00e0 \u00a0 In vista del workshop \u00a0\u201cCreatividad y empresas: un binomio ganador\u201d, che si svolger\u00e0 il prossimo 28 novembre alle 9:30 nella sede della rappresentazione della Commissione Europea in Spagna, [&hellip;]","og_url":"https:\/\/italcamara-es.com\/it\/notizie\/luso-della-creativita-puo-aprire-molte-porte-nel-mondo-del-lavoro\/","og_site_name":"Italcamara","article_published_time":"2014-11-24T07:34:29+00:00","og_image":[{"width":250,"height":140,"url":"https:\/\/italcamara-es.com\/wp-content\/uploads\/2025\/03\/teatro250.jpg","type":"image\/jpeg"}],"author":"administrador","twitter_card":"summary_large_image","twitter_misc":{"Scritto da":"administrador","Tempo di lettura stimato":"2 minuti"},"schema":{"@context":"https:\/\/schema.org","@graph":[{"@type":"Article","@id":"https:\/\/italcamara-es.com\/it\/notizie\/luso-della-creativita-puo-aprire-molte-porte-nel-mondo-del-lavoro\/#article","isPartOf":{"@id":"https:\/\/italcamara-es.com\/it\/notizie\/luso-della-creativita-puo-aprire-molte-porte-nel-mondo-del-lavoro\/"},"author":{"name":"administrador","@id":"https:\/\/italcamara-es.com\/#\/schema\/person\/bb3c56263e405bbd9a15171dcfee93bb"},"headline":"&#8220;L\u2019uso della Creativit\u00e0 pu\u00f2 aprire molte porte nel mondo del lavoro&#8221;","datePublished":"2014-11-24T07:34:29+00:00","mainEntityOfPage":{"@id":"https:\/\/italcamara-es.com\/it\/notizie\/luso-della-creativita-puo-aprire-molte-porte-nel-mondo-del-lavoro\/"},"wordCount":468,"commentCount":0,"image":{"@id":"https:\/\/italcamara-es.com\/it\/notizie\/luso-della-creativita-puo-aprire-molte-porte-nel-mondo-del-lavoro\/#primaryimage"},"thumbnailUrl":"https:\/\/italcamara-es.com\/wp-content\/uploads\/2025\/03\/teatro250.jpg","keywords":["Notizie di Mercato"],"articleSection":["Notizie"],"inLanguage":"it-IT","potentialAction":[{"@type":"CommentAction","name":"Comment","target":["https:\/\/italcamara-es.com\/it\/notizie\/luso-della-creativita-puo-aprire-molte-porte-nel-mondo-del-lavoro\/#respond"]}]},{"@type":"WebPage","@id":"https:\/\/italcamara-es.com\/it\/notizie\/luso-della-creativita-puo-aprire-molte-porte-nel-mondo-del-lavoro\/","url":"https:\/\/italcamara-es.com\/it\/notizie\/luso-della-creativita-puo-aprire-molte-porte-nel-mondo-del-lavoro\/","name":"\"L\u2019uso della Creativit\u00e0 pu\u00f2 aprire molte porte nel mondo del lavoro\" - Italcamara","isPartOf":{"@id":"https:\/\/italcamara-es.com\/#website"},"primaryImageOfPage":{"@id":"https:\/\/italcamara-es.com\/it\/notizie\/luso-della-creativita-puo-aprire-molte-porte-nel-mondo-del-lavoro\/#primaryimage"},"image":{"@id":"https:\/\/italcamara-es.com\/it\/notizie\/luso-della-creativita-puo-aprire-molte-porte-nel-mondo-del-lavoro\/#primaryimage"},"thumbnailUrl":"https:\/\/italcamara-es.com\/wp-content\/uploads\/2025\/03\/teatro250.jpg","datePublished":"2014-11-24T07:34:29+00:00","author":{"@id":"https:\/\/italcamara-es.com\/#\/schema\/person\/bb3c56263e405bbd9a15171dcfee93bb"},"breadcrumb":{"@id":"https:\/\/italcamara-es.com\/it\/notizie\/luso-della-creativita-puo-aprire-molte-porte-nel-mondo-del-lavoro\/#breadcrumb"},"inLanguage":"it-IT","potentialAction":[{"@type":"ReadAction","target":["https:\/\/italcamara-es.com\/it\/notizie\/luso-della-creativita-puo-aprire-molte-porte-nel-mondo-del-lavoro\/"]}]},{"@type":"ImageObject","inLanguage":"it-IT","@id":"https:\/\/italcamara-es.com\/it\/notizie\/luso-della-creativita-puo-aprire-molte-porte-nel-mondo-del-lavoro\/#primaryimage","url":"https:\/\/italcamara-es.com\/wp-content\/uploads\/2025\/03\/teatro250.jpg","contentUrl":"https:\/\/italcamara-es.com\/wp-content\/uploads\/2025\/03\/teatro250.jpg","width":250,"height":140},{"@type":"BreadcrumbList","@id":"https:\/\/italcamara-es.com\/it\/notizie\/luso-della-creativita-puo-aprire-molte-porte-nel-mondo-del-lavoro\/#breadcrumb","itemListElement":[{"@type":"ListItem","position":1,"name":"Inicio","item":"https:\/\/italcamara-es.com\/it\/homepage-ita\/"},{"@type":"ListItem","position":2,"name":"\u00abL\u2019uso della Creativit\u00e0 pu\u00f2 aprire molte porte nel mondo del lavoro\u00bb"}]},{"@type":"WebSite","@id":"https:\/\/italcamara-es.com\/#website","url":"https:\/\/italcamara-es.com\/","name":"Italcamara","description":"","potentialAction":[{"@type":"SearchAction","target":{"@type":"EntryPoint","urlTemplate":"https:\/\/italcamara-es.com\/?s={search_term_string}"},"query-input":{"@type":"PropertyValueSpecification","valueRequired":true,"valueName":"search_term_string"}}],"inLanguage":"it-IT"},{"@type":"Person","@id":"https:\/\/italcamara-es.com\/#\/schema\/person\/bb3c56263e405bbd9a15171dcfee93bb","name":"administrador","image":{"@type":"ImageObject","inLanguage":"it-IT","@id":"https:\/\/secure.gravatar.com\/avatar\/14b5e63db38320b12031bb28cf9f77e210aa71fb3a8a3602a3c9a05134fa75eb?s=96&d=mm&r=g","url":"https:\/\/secure.gravatar.com\/avatar\/14b5e63db38320b12031bb28cf9f77e210aa71fb3a8a3602a3c9a05134fa75eb?s=96&d=mm&r=g","contentUrl":"https:\/\/secure.gravatar.com\/avatar\/14b5e63db38320b12031bb28cf9f77e210aa71fb3a8a3602a3c9a05134fa75eb?s=96&d=mm&r=g","caption":"administrador"},"sameAs":["http:\/\/pre.italcamara-es.com"],"url":"https:\/\/italcamara-es.com\/it\/author\/administrador\/"}]}},"rttpg_featured_image_url":{"full":["https:\/\/italcamara-es.com\/wp-content\/uploads\/2025\/03\/teatro250.jpg",250,140,false],"landscape":["https:\/\/italcamara-es.com\/wp-content\/uploads\/2025\/03\/teatro250.jpg",250,140,false],"portraits":["https:\/\/italcamara-es.com\/wp-content\/uploads\/2025\/03\/teatro250.jpg",250,140,false],"thumbnail":["https:\/\/italcamara-es.com\/wp-content\/uploads\/2025\/03\/teatro250-150x140.jpg",150,140,true],"medium":["https:\/\/italcamara-es.com\/wp-content\/uploads\/2025\/03\/teatro250.jpg",250,140,false],"large":["https:\/\/italcamara-es.com\/wp-content\/uploads\/2025\/03\/teatro250.jpg",250,140,false],"1536x1536":["https:\/\/italcamara-es.com\/wp-content\/uploads\/2025\/03\/teatro250.jpg",250,140,false],"2048x2048":["https:\/\/italcamara-es.com\/wp-content\/uploads\/2025\/03\/teatro250.jpg",250,140,false],"ocean-thumb-m":["https:\/\/italcamara-es.com\/wp-content\/uploads\/2025\/03\/teatro250.jpg",250,140,false],"ocean-thumb-ml":["https:\/\/italcamara-es.com\/wp-content\/uploads\/2025\/03\/teatro250.jpg",250,140,false],"ocean-thumb-l":["https:\/\/italcamara-es.com\/wp-content\/uploads\/2025\/03\/teatro250.jpg",250,140,false],"directorist_preview":["https:\/\/italcamara-es.com\/wp-content\/uploads\/2025\/03\/teatro250.jpg",250,140,false]},"rttpg_author":{"display_name":"administrador","author_link":"https:\/\/italcamara-es.com\/it\/author\/administrador\/"},"rttpg_comment":0,"rttpg_category":"<a href=\"https:\/\/italcamara-es.com\/it\/category\/notizie\/\" rel=\"category tag\">Notizie<\/a>","rttpg_excerpt":"In questa intervista concessa alla CCIS, Jordi David, direttore di ELALMAD\u00c9N, Escuela de Teatro di Madrid, parla della relazioni tra arti sceniche, sviluppo professionale e creativit\u00e0 \u00a0 In vista del workshop \u00a0\u201cCreatividad y empresas: un binomio ganador\u201d, che si svolger\u00e0 il prossimo 28 novembre alle 9:30 nella sede della rappresentazione della Commissione Europea in Spagna,&hellip;","_links":{"self":[{"href":"https:\/\/italcamara-es.com\/it\/wp-json\/wp\/v2\/posts\/56565","targetHints":{"allow":["GET"]}}],"collection":[{"href":"https:\/\/italcamara-es.com\/it\/wp-json\/wp\/v2\/posts"}],"about":[{"href":"https:\/\/italcamara-es.com\/it\/wp-json\/wp\/v2\/types\/post"}],"author":[{"embeddable":true,"href":"https:\/\/italcamara-es.com\/it\/wp-json\/wp\/v2\/users\/1"}],"replies":[{"embeddable":true,"href":"https:\/\/italcamara-es.com\/it\/wp-json\/wp\/v2\/comments?post=56565"}],"version-history":[{"count":0,"href":"https:\/\/italcamara-es.com\/it\/wp-json\/wp\/v2\/posts\/56565\/revisions"}],"wp:featuredmedia":[{"embeddable":true,"href":"https:\/\/italcamara-es.com\/it\/wp-json\/wp\/v2\/media\/53582"}],"wp:attachment":[{"href":"https:\/\/italcamara-es.com\/it\/wp-json\/wp\/v2\/media?parent=56565"}],"wp:term":[{"taxonomy":"category","embeddable":true,"href":"https:\/\/italcamara-es.com\/it\/wp-json\/wp\/v2\/categories?post=56565"},{"taxonomy":"post_tag","embeddable":true,"href":"https:\/\/italcamara-es.com\/it\/wp-json\/wp\/v2\/tags?post=56565"}],"curies":[{"name":"wp","href":"https:\/\/api.w.org\/{rel}","templated":true}]}}