	{"id":56574,"date":"2017-01-24T11:25:30","date_gmt":"2017-01-24T10:25:30","guid":{"rendered":"http:\/\/pre.italcamara-es.com\/senza-categoria\/itmakes-il-progetto-di-promozione-in-spagna-del-nuovo-made-in-italy\/"},"modified":"2017-01-24T11:25:30","modified_gmt":"2017-01-24T10:25:30","slug":"itmakes-il-progetto-di-promozione-in-spagna-del-nuovo-made-in-italy","status":"publish","type":"post","link":"https:\/\/italcamara-es.com\/it\/notizie\/itmakes-il-progetto-di-promozione-in-spagna-del-nuovo-made-in-italy\/","title":{"rendered":"#ItmakES: il progetto di promozione in Spagna del nuovo Made in Italy"},"content":{"rendered":"<p>Nell\u2019ambito della strategia di promozione integrata dell\u2019Italia all\u2019estero \u201c<strong>Vivere ALL&#8217;Italiana<\/strong>\u201d, lanciata dal Ministero degli Affari Esteri italiano (ideata e sviluppata con il Ministero dei Beni e delle Attivit\u00e0 Culturali e del Turismo, con il Ministero dell\u2019Istruzione, dell\u2019Universit\u00e0 e della Ricerca, con la Societ\u00e0 Dante Alighieri e con la RAI), l\u2019Ambasciata d\u2019Italia di Madrid presenta ITmakES, un insieme di iniziative ideate per promuovere il nuovo Made in Italy. Il <strong>nuovo Made in Italy<\/strong> coniuga la tradizione italiana con le nuove tecnologie, valorizzando il territorio, rivalutando lo sviluppo locale \u2013 attraverso imprese coesive in grado di collaborare tra loro \u2013 e sfruttando la capacit\u00e0 di proiezione internazionale di queste realt\u00e0 produttive locali, che hanno saputo sfruttare la visione glocale di chi ha trascorso periodi all\u2019estero (tra questi la \u201cgenerazione Erasmus\u201d).<\/p>\n<p>&nbsp;<\/p>\n<p>Questo mix di know-how, tradizione, nuove tecnologie e sviluppo sostenibile, genera rapporti economici sempre pi\u00f9 stabili tra l\u2019Italia e la Spagna e mostra come si possano condividere buone pratiche a livello internazionale.<\/p>\n<p>&nbsp;<\/p>\n<p>In questo contesto, l\u2019Ambasciata d\u2019Italia a Madrid, in collaborazione con tutte le istituzioni italiane del Sistema Italia in Spagna, sviluppa il progetto ITmakES per sostenere il nuovo Made in Italy nel mercato spagnolo, anche attraverso la creazione di una rete che coinvolge imprese, centri di formazione, universit\u00e0 e persone italiane e spagnole.<\/p>\n<p>&nbsp;<\/p>\n<p>Nell\u2019ambito di<strong> ITmakES<\/strong>, viene lanciata una piattaforma digitale che contenga i progetti gi\u00e0 programmati e quelli futuri. La piattaforma sar\u00e0 un punto di incontro virtuale, che permetter\u00e0 agli utenti di interagire tra loro, raccogliere informazioni, acquisire nuove conoscenze e portare avanti progetti di interesse e far conoscere le nuove dinamiche tra Italia e Spagna.<\/p>\n<p>&nbsp;<\/p>\n<p>Il design \u00e8 stato individuato come punto di partenza delle iniziative sul nuovo Made in Italy e posto al centro di una serie di progetti collegati tra loro:<br \/>\n&#8211; <strong>Vivace. Il Design italiano si muove a Madrid e a Barcellona<\/strong>: percorsi aperti alla partecipazione del pubblico, attraverso gli spazi urbani e i quartieri a Madrid e Barcellona, verso il Salone del Mobile di Milano 2017.<br \/>\n&#8211; <strong>Io lo so fare!<\/strong>: corso di cultura maker per gli insegnanti e gli allievi delle scuole italiane di Madrid e Barcellona e tirocini presso i Fab Lab delle due citt\u00e0.<br \/>\n&#8211; <strong>The Fab Linkage<\/strong>: incontro di lavoro a Madrid tra Fab Lab italiani e spagnoli, verso la Maker Faire di Roma 2017.<br \/>\nNel 2017, il design sar\u00e0 oggetto di numerose iniziative della rete di Ambasciate, Consolati ed Istituti italiani di Cultura nel mondo, anche in vista della giornata internazionale del Design italiano nel mondo che avr\u00e0 luogo il prossimo 2 marzo.<\/p>\n<p>&nbsp;<\/p>\n<p>Tutte queste iniziative dimostrano come un elemento strategico della politica estera italiana sia la promozione della propria cultura all\u2019estero.<\/p>\n","protected":false},"excerpt":{"rendered":"<p>Nell\u2019ambito della strategia di promozione integrata dell\u2019Italia all\u2019estero \u201cVivere ALL&#8217;Italiana\u201d, lanciata dal Ministero degli Affari Esteri italiano (ideata e sviluppata con il Ministero dei Beni e delle Attivit\u00e0 Culturali e del Turismo, con il Ministero dell\u2019Istruzione, dell\u2019Universit\u00e0 e della Ricerca, con la Societ\u00e0 Dante Alighieri e con la RAI), l\u2019Ambasciata d\u2019Italia di Madrid presenta ITmakES, [&hellip;]<\/p>\n","protected":false},"author":1,"featured_media":53599,"comment_status":"open","ping_status":"open","sticky":false,"template":"","format":"standard","meta":{"inline_featured_image":false,"ocean_post_layout":"","ocean_both_sidebars_style":"","ocean_both_sidebars_content_width":0,"ocean_both_sidebars_sidebars_width":0,"ocean_sidebar":"","ocean_second_sidebar":"","ocean_disable_margins":"enable","ocean_add_body_class":"","ocean_shortcode_before_top_bar":"","ocean_shortcode_after_top_bar":"","ocean_shortcode_before_header":"","ocean_shortcode_after_header":"","ocean_has_shortcode":"","ocean_shortcode_after_title":"","ocean_shortcode_before_footer_widgets":"","ocean_shortcode_after_footer_widgets":"","ocean_shortcode_before_footer_bottom":"","ocean_shortcode_after_footer_bottom":"","ocean_display_top_bar":"default","ocean_display_header":"default","ocean_header_style":"","ocean_center_header_left_menu":"","ocean_custom_header_template":"","ocean_custom_logo":0,"ocean_custom_retina_logo":0,"ocean_custom_logo_max_width":0,"ocean_custom_logo_tablet_max_width":0,"ocean_custom_logo_mobile_max_width":0,"ocean_custom_logo_max_height":0,"ocean_custom_logo_tablet_max_height":0,"ocean_custom_logo_mobile_max_height":0,"ocean_header_custom_menu":"","ocean_menu_typo_font_family":"","ocean_menu_typo_font_subset":"","ocean_menu_typo_font_size":0,"ocean_menu_typo_font_size_tablet":0,"ocean_menu_typo_font_size_mobile":0,"ocean_menu_typo_font_size_unit":"px","ocean_menu_typo_font_weight":"","ocean_menu_typo_font_weight_tablet":"","ocean_menu_typo_font_weight_mobile":"","ocean_menu_typo_transform":"","ocean_menu_typo_transform_tablet":"","ocean_menu_typo_transform_mobile":"","ocean_menu_typo_line_height":0,"ocean_menu_typo_line_height_tablet":0,"ocean_menu_typo_line_height_mobile":0,"ocean_menu_typo_line_height_unit":"","ocean_menu_typo_spacing":0,"ocean_menu_typo_spacing_tablet":0,"ocean_menu_typo_spacing_mobile":0,"ocean_menu_typo_spacing_unit":"","ocean_menu_link_color":"","ocean_menu_link_color_hover":"","ocean_menu_link_color_active":"","ocean_menu_link_background":"","ocean_menu_link_hover_background":"","ocean_menu_link_active_background":"","ocean_menu_social_links_bg":"","ocean_menu_social_hover_links_bg":"","ocean_menu_social_links_color":"","ocean_menu_social_hover_links_color":"","ocean_disable_title":"default","ocean_disable_heading":"default","ocean_post_title":"","ocean_post_subheading":"","ocean_post_title_style":"","ocean_post_title_background_color":"","ocean_post_title_background":0,"ocean_post_title_bg_image_position":"","ocean_post_title_bg_image_attachment":"","ocean_post_title_bg_image_repeat":"","ocean_post_title_bg_image_size":"","ocean_post_title_height":0,"ocean_post_title_bg_overlay":0.5,"ocean_post_title_bg_overlay_color":"","ocean_disable_breadcrumbs":"default","ocean_breadcrumbs_color":"","ocean_breadcrumbs_separator_color":"","ocean_breadcrumbs_links_color":"","ocean_breadcrumbs_links_hover_color":"","ocean_display_footer_widgets":"default","ocean_display_footer_bottom":"default","ocean_custom_footer_template":"","ocean_post_oembed":"","ocean_post_self_hosted_media":"","ocean_post_video_embed":"","ocean_link_format":"","ocean_link_format_target":"self","ocean_quote_format":"","ocean_quote_format_link":"post","ocean_gallery_link_images":"on","ocean_gallery_id":[],"footnotes":""},"categories":[133],"tags":[138],"class_list":["post-56574","post","type-post","status-publish","format-standard","has-post-thumbnail","hentry","category-notizie","tag-notizie-di-mercato","entry","has-media"],"yoast_head":"<!-- This site is optimized with the Yoast SEO plugin v27.5 - https:\/\/yoast.com\/product\/yoast-seo-wordpress\/ -->\n<title>#ItmakES: il progetto di promozione in Spagna del nuovo Made in Italy - Italcamara<\/title>\n<meta name=\"robots\" content=\"index, follow, max-snippet:-1, max-image-preview:large, max-video-preview:-1\" \/>\n<link rel=\"canonical\" href=\"https:\/\/italcamara-es.com\/it\/notizie\/itmakes-il-progetto-di-promozione-in-spagna-del-nuovo-made-in-italy\/\" \/>\n<meta property=\"og:locale\" content=\"it_IT\" \/>\n<meta property=\"og:type\" content=\"article\" \/>\n<meta property=\"og:title\" content=\"#ItmakES: il progetto di promozione in Spagna del nuovo Made in Italy - Italcamara\" \/>\n<meta property=\"og:description\" content=\"Nell\u2019ambito della strategia di promozione integrata dell\u2019Italia all\u2019estero \u201cVivere ALL&#8217;Italiana\u201d, lanciata dal Ministero degli Affari Esteri italiano (ideata e sviluppata con il Ministero dei Beni e delle Attivit\u00e0 Culturali e del Turismo, con il Ministero dell\u2019Istruzione, dell\u2019Universit\u00e0 e della Ricerca, con la Societ\u00e0 Dante Alighieri e con la RAI), l\u2019Ambasciata d\u2019Italia di Madrid presenta ITmakES, [&hellip;]\" \/>\n<meta property=\"og:url\" content=\"https:\/\/italcamara-es.com\/it\/notizie\/itmakes-il-progetto-di-promozione-in-spagna-del-nuovo-made-in-italy\/\" \/>\n<meta property=\"og:site_name\" content=\"Italcamara\" \/>\n<meta property=\"article:published_time\" content=\"2017-01-24T10:25:30+00:00\" \/>\n<meta property=\"og:image\" content=\"https:\/\/italcamara-es.com\/wp-content\/uploads\/2025\/03\/ITmakES250.gif\" \/>\n\t<meta property=\"og:image:width\" content=\"250\" \/>\n\t<meta property=\"og:image:height\" content=\"140\" \/>\n\t<meta property=\"og:image:type\" content=\"image\/gif\" \/>\n<meta name=\"author\" content=\"administrador\" \/>\n<meta name=\"twitter:card\" content=\"summary_large_image\" \/>\n<meta name=\"twitter:label1\" content=\"Scritto da\" \/>\n\t<meta name=\"twitter:data1\" content=\"administrador\" \/>\n\t<meta name=\"twitter:label2\" content=\"Tempo di lettura stimato\" \/>\n\t<meta name=\"twitter:data2\" content=\"2 minuti\" \/>\n<script type=\"application\/ld+json\" class=\"yoast-schema-graph\">{\"@context\":\"https:\\\/\\\/schema.org\",\"@graph\":[{\"@type\":\"Article\",\"@id\":\"https:\\\/\\\/italcamara-es.com\\\/it\\\/notizie\\\/itmakes-il-progetto-di-promozione-in-spagna-del-nuovo-made-in-italy\\\/#article\",\"isPartOf\":{\"@id\":\"https:\\\/\\\/italcamara-es.com\\\/it\\\/notizie\\\/itmakes-il-progetto-di-promozione-in-spagna-del-nuovo-made-in-italy\\\/\"},\"author\":{\"name\":\"administrador\",\"@id\":\"https:\\\/\\\/italcamara-es.com\\\/#\\\/schema\\\/person\\\/bb3c56263e405bbd9a15171dcfee93bb\"},\"headline\":\"#ItmakES: il progetto di promozione in Spagna del nuovo Made in Italy\",\"datePublished\":\"2017-01-24T10:25:30+00:00\",\"mainEntityOfPage\":{\"@id\":\"https:\\\/\\\/italcamara-es.com\\\/it\\\/notizie\\\/itmakes-il-progetto-di-promozione-in-spagna-del-nuovo-made-in-italy\\\/\"},\"wordCount\":466,\"commentCount\":0,\"image\":{\"@id\":\"https:\\\/\\\/italcamara-es.com\\\/it\\\/notizie\\\/itmakes-il-progetto-di-promozione-in-spagna-del-nuovo-made-in-italy\\\/#primaryimage\"},\"thumbnailUrl\":\"https:\\\/\\\/italcamara-es.com\\\/wp-content\\\/uploads\\\/2025\\\/03\\\/ITmakES250.gif\",\"keywords\":[\"Notizie di Mercato\"],\"articleSection\":[\"Notizie\"],\"inLanguage\":\"it-IT\",\"potentialAction\":[{\"@type\":\"CommentAction\",\"name\":\"Comment\",\"target\":[\"https:\\\/\\\/italcamara-es.com\\\/it\\\/notizie\\\/itmakes-il-progetto-di-promozione-in-spagna-del-nuovo-made-in-italy\\\/#respond\"]}]},{\"@type\":\"WebPage\",\"@id\":\"https:\\\/\\\/italcamara-es.com\\\/it\\\/notizie\\\/itmakes-il-progetto-di-promozione-in-spagna-del-nuovo-made-in-italy\\\/\",\"url\":\"https:\\\/\\\/italcamara-es.com\\\/it\\\/notizie\\\/itmakes-il-progetto-di-promozione-in-spagna-del-nuovo-made-in-italy\\\/\",\"name\":\"#ItmakES: il progetto di promozione in Spagna del nuovo Made in Italy - Italcamara\",\"isPartOf\":{\"@id\":\"https:\\\/\\\/italcamara-es.com\\\/#website\"},\"primaryImageOfPage\":{\"@id\":\"https:\\\/\\\/italcamara-es.com\\\/it\\\/notizie\\\/itmakes-il-progetto-di-promozione-in-spagna-del-nuovo-made-in-italy\\\/#primaryimage\"},\"image\":{\"@id\":\"https:\\\/\\\/italcamara-es.com\\\/it\\\/notizie\\\/itmakes-il-progetto-di-promozione-in-spagna-del-nuovo-made-in-italy\\\/#primaryimage\"},\"thumbnailUrl\":\"https:\\\/\\\/italcamara-es.com\\\/wp-content\\\/uploads\\\/2025\\\/03\\\/ITmakES250.gif\",\"datePublished\":\"2017-01-24T10:25:30+00:00\",\"author\":{\"@id\":\"https:\\\/\\\/italcamara-es.com\\\/#\\\/schema\\\/person\\\/bb3c56263e405bbd9a15171dcfee93bb\"},\"breadcrumb\":{\"@id\":\"https:\\\/\\\/italcamara-es.com\\\/it\\\/notizie\\\/itmakes-il-progetto-di-promozione-in-spagna-del-nuovo-made-in-italy\\\/#breadcrumb\"},\"inLanguage\":\"it-IT\",\"potentialAction\":[{\"@type\":\"ReadAction\",\"target\":[\"https:\\\/\\\/italcamara-es.com\\\/it\\\/notizie\\\/itmakes-il-progetto-di-promozione-in-spagna-del-nuovo-made-in-italy\\\/\"]}]},{\"@type\":\"ImageObject\",\"inLanguage\":\"it-IT\",\"@id\":\"https:\\\/\\\/italcamara-es.com\\\/it\\\/notizie\\\/itmakes-il-progetto-di-promozione-in-spagna-del-nuovo-made-in-italy\\\/#primaryimage\",\"url\":\"https:\\\/\\\/italcamara-es.com\\\/wp-content\\\/uploads\\\/2025\\\/03\\\/ITmakES250.gif\",\"contentUrl\":\"https:\\\/\\\/italcamara-es.com\\\/wp-content\\\/uploads\\\/2025\\\/03\\\/ITmakES250.gif\",\"width\":250,\"height\":140},{\"@type\":\"BreadcrumbList\",\"@id\":\"https:\\\/\\\/italcamara-es.com\\\/it\\\/notizie\\\/itmakes-il-progetto-di-promozione-in-spagna-del-nuovo-made-in-italy\\\/#breadcrumb\",\"itemListElement\":[{\"@type\":\"ListItem\",\"position\":1,\"name\":\"Inicio\",\"item\":\"https:\\\/\\\/italcamara-es.com\\\/it\\\/homepage-ita\\\/\"},{\"@type\":\"ListItem\",\"position\":2,\"name\":\"#ItmakES: il progetto di promozione in Spagna del nuovo Made in Italy\"}]},{\"@type\":\"WebSite\",\"@id\":\"https:\\\/\\\/italcamara-es.com\\\/#website\",\"url\":\"https:\\\/\\\/italcamara-es.com\\\/\",\"name\":\"Italcamara\",\"description\":\"\",\"potentialAction\":[{\"@type\":\"SearchAction\",\"target\":{\"@type\":\"EntryPoint\",\"urlTemplate\":\"https:\\\/\\\/italcamara-es.com\\\/?s={search_term_string}\"},\"query-input\":{\"@type\":\"PropertyValueSpecification\",\"valueRequired\":true,\"valueName\":\"search_term_string\"}}],\"inLanguage\":\"it-IT\"},{\"@type\":\"Person\",\"@id\":\"https:\\\/\\\/italcamara-es.com\\\/#\\\/schema\\\/person\\\/bb3c56263e405bbd9a15171dcfee93bb\",\"name\":\"administrador\",\"image\":{\"@type\":\"ImageObject\",\"inLanguage\":\"it-IT\",\"@id\":\"https:\\\/\\\/secure.gravatar.com\\\/avatar\\\/14b5e63db38320b12031bb28cf9f77e210aa71fb3a8a3602a3c9a05134fa75eb?s=96&d=mm&r=g\",\"url\":\"https:\\\/\\\/secure.gravatar.com\\\/avatar\\\/14b5e63db38320b12031bb28cf9f77e210aa71fb3a8a3602a3c9a05134fa75eb?s=96&d=mm&r=g\",\"contentUrl\":\"https:\\\/\\\/secure.gravatar.com\\\/avatar\\\/14b5e63db38320b12031bb28cf9f77e210aa71fb3a8a3602a3c9a05134fa75eb?s=96&d=mm&r=g\",\"caption\":\"administrador\"},\"sameAs\":[\"http:\\\/\\\/pre.italcamara-es.com\"],\"url\":\"https:\\\/\\\/italcamara-es.com\\\/it\\\/author\\\/administrador\\\/\"}]}<\/script>\n<!-- \/ Yoast SEO plugin. -->","yoast_head_json":{"title":"#ItmakES: il progetto di promozione in Spagna del nuovo Made in Italy - Italcamara","robots":{"index":"index","follow":"follow","max-snippet":"max-snippet:-1","max-image-preview":"max-image-preview:large","max-video-preview":"max-video-preview:-1"},"canonical":"https:\/\/italcamara-es.com\/it\/notizie\/itmakes-il-progetto-di-promozione-in-spagna-del-nuovo-made-in-italy\/","og_locale":"it_IT","og_type":"article","og_title":"#ItmakES: il progetto di promozione in Spagna del nuovo Made in Italy - Italcamara","og_description":"Nell\u2019ambito della strategia di promozione integrata dell\u2019Italia all\u2019estero \u201cVivere ALL&#8217;Italiana\u201d, lanciata dal Ministero degli Affari Esteri italiano (ideata e sviluppata con il Ministero dei Beni e delle Attivit\u00e0 Culturali e del Turismo, con il Ministero dell\u2019Istruzione, dell\u2019Universit\u00e0 e della Ricerca, con la Societ\u00e0 Dante Alighieri e con la RAI), l\u2019Ambasciata d\u2019Italia di Madrid presenta ITmakES, [&hellip;]","og_url":"https:\/\/italcamara-es.com\/it\/notizie\/itmakes-il-progetto-di-promozione-in-spagna-del-nuovo-made-in-italy\/","og_site_name":"Italcamara","article_published_time":"2017-01-24T10:25:30+00:00","og_image":[{"width":250,"height":140,"url":"https:\/\/italcamara-es.com\/wp-content\/uploads\/2025\/03\/ITmakES250.gif","type":"image\/gif"}],"author":"administrador","twitter_card":"summary_large_image","twitter_misc":{"Scritto da":"administrador","Tempo di lettura stimato":"2 minuti"},"schema":{"@context":"https:\/\/schema.org","@graph":[{"@type":"Article","@id":"https:\/\/italcamara-es.com\/it\/notizie\/itmakes-il-progetto-di-promozione-in-spagna-del-nuovo-made-in-italy\/#article","isPartOf":{"@id":"https:\/\/italcamara-es.com\/it\/notizie\/itmakes-il-progetto-di-promozione-in-spagna-del-nuovo-made-in-italy\/"},"author":{"name":"administrador","@id":"https:\/\/italcamara-es.com\/#\/schema\/person\/bb3c56263e405bbd9a15171dcfee93bb"},"headline":"#ItmakES: il progetto di promozione in Spagna del nuovo Made in Italy","datePublished":"2017-01-24T10:25:30+00:00","mainEntityOfPage":{"@id":"https:\/\/italcamara-es.com\/it\/notizie\/itmakes-il-progetto-di-promozione-in-spagna-del-nuovo-made-in-italy\/"},"wordCount":466,"commentCount":0,"image":{"@id":"https:\/\/italcamara-es.com\/it\/notizie\/itmakes-il-progetto-di-promozione-in-spagna-del-nuovo-made-in-italy\/#primaryimage"},"thumbnailUrl":"https:\/\/italcamara-es.com\/wp-content\/uploads\/2025\/03\/ITmakES250.gif","keywords":["Notizie di Mercato"],"articleSection":["Notizie"],"inLanguage":"it-IT","potentialAction":[{"@type":"CommentAction","name":"Comment","target":["https:\/\/italcamara-es.com\/it\/notizie\/itmakes-il-progetto-di-promozione-in-spagna-del-nuovo-made-in-italy\/#respond"]}]},{"@type":"WebPage","@id":"https:\/\/italcamara-es.com\/it\/notizie\/itmakes-il-progetto-di-promozione-in-spagna-del-nuovo-made-in-italy\/","url":"https:\/\/italcamara-es.com\/it\/notizie\/itmakes-il-progetto-di-promozione-in-spagna-del-nuovo-made-in-italy\/","name":"#ItmakES: il progetto di promozione in Spagna del nuovo Made in Italy - Italcamara","isPartOf":{"@id":"https:\/\/italcamara-es.com\/#website"},"primaryImageOfPage":{"@id":"https:\/\/italcamara-es.com\/it\/notizie\/itmakes-il-progetto-di-promozione-in-spagna-del-nuovo-made-in-italy\/#primaryimage"},"image":{"@id":"https:\/\/italcamara-es.com\/it\/notizie\/itmakes-il-progetto-di-promozione-in-spagna-del-nuovo-made-in-italy\/#primaryimage"},"thumbnailUrl":"https:\/\/italcamara-es.com\/wp-content\/uploads\/2025\/03\/ITmakES250.gif","datePublished":"2017-01-24T10:25:30+00:00","author":{"@id":"https:\/\/italcamara-es.com\/#\/schema\/person\/bb3c56263e405bbd9a15171dcfee93bb"},"breadcrumb":{"@id":"https:\/\/italcamara-es.com\/it\/notizie\/itmakes-il-progetto-di-promozione-in-spagna-del-nuovo-made-in-italy\/#breadcrumb"},"inLanguage":"it-IT","potentialAction":[{"@type":"ReadAction","target":["https:\/\/italcamara-es.com\/it\/notizie\/itmakes-il-progetto-di-promozione-in-spagna-del-nuovo-made-in-italy\/"]}]},{"@type":"ImageObject","inLanguage":"it-IT","@id":"https:\/\/italcamara-es.com\/it\/notizie\/itmakes-il-progetto-di-promozione-in-spagna-del-nuovo-made-in-italy\/#primaryimage","url":"https:\/\/italcamara-es.com\/wp-content\/uploads\/2025\/03\/ITmakES250.gif","contentUrl":"https:\/\/italcamara-es.com\/wp-content\/uploads\/2025\/03\/ITmakES250.gif","width":250,"height":140},{"@type":"BreadcrumbList","@id":"https:\/\/italcamara-es.com\/it\/notizie\/itmakes-il-progetto-di-promozione-in-spagna-del-nuovo-made-in-italy\/#breadcrumb","itemListElement":[{"@type":"ListItem","position":1,"name":"Inicio","item":"https:\/\/italcamara-es.com\/it\/homepage-ita\/"},{"@type":"ListItem","position":2,"name":"#ItmakES: il progetto di promozione in Spagna del nuovo Made in Italy"}]},{"@type":"WebSite","@id":"https:\/\/italcamara-es.com\/#website","url":"https:\/\/italcamara-es.com\/","name":"Italcamara","description":"","potentialAction":[{"@type":"SearchAction","target":{"@type":"EntryPoint","urlTemplate":"https:\/\/italcamara-es.com\/?s={search_term_string}"},"query-input":{"@type":"PropertyValueSpecification","valueRequired":true,"valueName":"search_term_string"}}],"inLanguage":"it-IT"},{"@type":"Person","@id":"https:\/\/italcamara-es.com\/#\/schema\/person\/bb3c56263e405bbd9a15171dcfee93bb","name":"administrador","image":{"@type":"ImageObject","inLanguage":"it-IT","@id":"https:\/\/secure.gravatar.com\/avatar\/14b5e63db38320b12031bb28cf9f77e210aa71fb3a8a3602a3c9a05134fa75eb?s=96&d=mm&r=g","url":"https:\/\/secure.gravatar.com\/avatar\/14b5e63db38320b12031bb28cf9f77e210aa71fb3a8a3602a3c9a05134fa75eb?s=96&d=mm&r=g","contentUrl":"https:\/\/secure.gravatar.com\/avatar\/14b5e63db38320b12031bb28cf9f77e210aa71fb3a8a3602a3c9a05134fa75eb?s=96&d=mm&r=g","caption":"administrador"},"sameAs":["http:\/\/pre.italcamara-es.com"],"url":"https:\/\/italcamara-es.com\/it\/author\/administrador\/"}]}},"rttpg_featured_image_url":{"full":["https:\/\/italcamara-es.com\/wp-content\/uploads\/2025\/03\/ITmakES250.gif",250,140,false],"landscape":["https:\/\/italcamara-es.com\/wp-content\/uploads\/2025\/03\/ITmakES250.gif",250,140,false],"portraits":["https:\/\/italcamara-es.com\/wp-content\/uploads\/2025\/03\/ITmakES250.gif",250,140,false],"thumbnail":["https:\/\/italcamara-es.com\/wp-content\/uploads\/2025\/03\/ITmakES250-150x140.gif",150,140,true],"medium":["https:\/\/italcamara-es.com\/wp-content\/uploads\/2025\/03\/ITmakES250.gif",250,140,false],"large":["https:\/\/italcamara-es.com\/wp-content\/uploads\/2025\/03\/ITmakES250.gif",250,140,false],"1536x1536":["https:\/\/italcamara-es.com\/wp-content\/uploads\/2025\/03\/ITmakES250.gif",250,140,false],"2048x2048":["https:\/\/italcamara-es.com\/wp-content\/uploads\/2025\/03\/ITmakES250.gif",250,140,false],"ocean-thumb-m":["https:\/\/italcamara-es.com\/wp-content\/uploads\/2025\/03\/ITmakES250.gif",250,140,false],"ocean-thumb-ml":["https:\/\/italcamara-es.com\/wp-content\/uploads\/2025\/03\/ITmakES250.gif",250,140,false],"ocean-thumb-l":["https:\/\/italcamara-es.com\/wp-content\/uploads\/2025\/03\/ITmakES250.gif",250,140,false],"directorist_preview":["https:\/\/italcamara-es.com\/wp-content\/uploads\/2025\/03\/ITmakES250.gif",250,140,false]},"rttpg_author":{"display_name":"administrador","author_link":"https:\/\/italcamara-es.com\/it\/author\/administrador\/"},"rttpg_comment":0,"rttpg_category":"<a href=\"https:\/\/italcamara-es.com\/it\/category\/notizie\/\" rel=\"category tag\">Notizie<\/a>","rttpg_excerpt":"Nell\u2019ambito della strategia di promozione integrata dell\u2019Italia all\u2019estero \u201cVivere ALL&#8217;Italiana\u201d, lanciata dal Ministero degli Affari Esteri italiano (ideata e sviluppata con il Ministero dei Beni e delle Attivit\u00e0 Culturali e del Turismo, con il Ministero dell\u2019Istruzione, dell\u2019Universit\u00e0 e della Ricerca, con la Societ\u00e0 Dante Alighieri e con la RAI), l\u2019Ambasciata d\u2019Italia di Madrid presenta ITmakES,&hellip;","_links":{"self":[{"href":"https:\/\/italcamara-es.com\/it\/wp-json\/wp\/v2\/posts\/56574","targetHints":{"allow":["GET"]}}],"collection":[{"href":"https:\/\/italcamara-es.com\/it\/wp-json\/wp\/v2\/posts"}],"about":[{"href":"https:\/\/italcamara-es.com\/it\/wp-json\/wp\/v2\/types\/post"}],"author":[{"embeddable":true,"href":"https:\/\/italcamara-es.com\/it\/wp-json\/wp\/v2\/users\/1"}],"replies":[{"embeddable":true,"href":"https:\/\/italcamara-es.com\/it\/wp-json\/wp\/v2\/comments?post=56574"}],"version-history":[{"count":0,"href":"https:\/\/italcamara-es.com\/it\/wp-json\/wp\/v2\/posts\/56574\/revisions"}],"wp:featuredmedia":[{"embeddable":true,"href":"https:\/\/italcamara-es.com\/it\/wp-json\/wp\/v2\/media\/53599"}],"wp:attachment":[{"href":"https:\/\/italcamara-es.com\/it\/wp-json\/wp\/v2\/media?parent=56574"}],"wp:term":[{"taxonomy":"category","embeddable":true,"href":"https:\/\/italcamara-es.com\/it\/wp-json\/wp\/v2\/categories?post=56574"},{"taxonomy":"post_tag","embeddable":true,"href":"https:\/\/italcamara-es.com\/it\/wp-json\/wp\/v2\/tags?post=56574"}],"curies":[{"name":"wp","href":"https:\/\/api.w.org\/{rel}","templated":true}]}}