	{"id":56578,"date":"2017-02-10T11:17:07","date_gmt":"2017-02-10T10:17:07","guid":{"rendered":"http:\/\/pre.italcamara-es.com\/senza-categoria\/spagna-si-consolida-il-recupero-del-settore-della-ristorazione\/"},"modified":"2017-02-10T11:17:07","modified_gmt":"2017-02-10T10:17:07","slug":"spagna-si-consolida-il-recupero-del-settore-della-ristorazione","status":"publish","type":"post","link":"https:\/\/italcamara-es.com\/it\/notizie\/spagna-si-consolida-il-recupero-del-settore-della-ristorazione\/","title":{"rendered":"Spagna: si consolida il recupero del settore della ristorazione"},"content":{"rendered":"<p>L\u2019insieme delle vendite del settore della ristorazione spagnola \u00e8 cresciuta di circa il 2%, superando i 35.000 milioni di euro nel 2016 e creando circa 47.000 posti di lavoro netti. Per il 2017 le previsioni indicano un aumento delle vendite intorno al 14%<\/p>\n<p>&nbsp;<\/p>\n<p>Questi i dati pubblicati nella ricerca di mercato presentata\u00a0da <em>The NPD Group<\/em> e <em>Marcas de Restauraci\u00f3n<\/em>&#8211; l\u2019associazione che raggruppa tutte le maggiori catene di ristoranti spagnoli- durante la II Giornata della Ristorazione in Spagna celebrata lo scorso 8 febbraio nella sede dell&#8217;IESE\u00a0Business School. Da questa analisi si evince che il settore della ristorazione in Spagna ha consolidado nel 2016 il suo recupero.<\/p>\n<p>&nbsp;<\/p>\n<p>\u201cLa ristorazione si \u00e9 posizionata ai primi posti tra i settori che generano pi\u00f9 posti di lavoro e ricchezza in Spagna e questo \u00e9 un bene da preservare. Negli ultimi tre anni, l\u2019insieme del settore ha creado 192.000 nuove occupazioni, il che significa che il settore ha fatto il suo dovere\u201d assicurava il presidente di <em>Marcas de Restauraci\u00f3n <\/em>e consigliere della CCIS, Octavio Llamas, nell\u2019inaugurazione della giornata.<\/p>\n<p>&nbsp;<\/p>\n<p>Jochen Pinsker, vicepresidente di <em>NPD Group<\/em> in Europa, ha voluto sottolineare invece il buon comportamento del settore, in particolare quello della ristorazione organizzata a fronte di un\u2019evoluzione neutrale degli operatori indipendenti: \u201cI risultati della Spagna sono i migliori in Europa per quanto riguarda il numero di clienti, dopo quelli ottenuti dal Regno Unito\u201d.<\/p>\n<p>&nbsp;<\/p>\n<p>Le catene di ristorazione organizzate scommettono da diversi anni sulla crescita e nel 2016 le vendite totali delle catene integrate nell\u2019associazione sono cresciute del 7,8%, poco pi\u00f9 del doppio del PIL. Nel 2017, le prospettive continuerano ad essere positive e si spera in un aumento delle vendite intorno al 7,8% e l\u2019apertura di circa 450 nuovi locali con un investimento totale di 75 milioni di euro da parte delle 35 catene che compongono <em>Marcas de Restauraci\u00f3n<\/em>.<\/p>\n<p>&nbsp;<\/p>\n<p><strong><em>Il settore della ristorazione in cifre<\/em><\/strong><\/p>\n<p>&#8211; Il mercato della ristorazione ha chiuso il 2016 con un incremento delle vendite dell\u20191,9% in Spagna, il che suppone un aumento di 948 milioni di euro rispetto all\u2019anno precedente, fino a raggiungere i 35.131 milioni di euro. Il settore consolida cos\u00ed il suo recupero, dopo che nel 2015 aveva chiuso la sua fase negativa (durata sette anni), crescendo dell\u20191,4%.<\/p>\n<p>&#8211; L\u2019aumento delle vendite dell\u2019anno passato si basa su un incremento dell\u20191,3% del numero di clienti, di cui 96 milioni di consumi aggiuntivi fuori casa, ed anche un lieve incremento della spesa media per commensale, dello 0,4% (4,82 euro per cliente).<\/p>\n<p>&#8211; Ogni spagnolo ha consumato fuori casa una media di 157 volte all\u2019anno, il che suppone due visite in pi\u00fa a persona rispetto al 2015.<\/p>\n<p>&#8211; I fast food, bar e bar di tapas- sono i principali generatori di visite, contribuendo all\u201980% dell\u2019incremento dei clienti registrato l\u2019anno passato. Oltretutto, nel 2016 si evidenzia l\u2019aumento della spesa media nei ristoranti italiani e nelle hamburgherie di tendenza.<\/p>\n<p>&#8211; Per quanto riguarda i pasti, le colazioni sono gli attivatori del mercato che contribuiscono ad apportare quasi la met\u00e1 dei nuovi clienti al mercato, mentre le cene sono i momenti che pi\u00fa contribuiscono al recupero delle vendite del mercato di foodservice. In concreto, apportano il 45% dell\u2019incremento delle stesse nel corso dell\u2019ultimo anno.<\/p>\n<p>&#8211; D\u2019altro canto, la consegna a domicilio continua guadagnare peso nel mercato della ristorazione, a fronte di una caduta del consumo \u201ctake away\u201d.<\/p>\n<p>&#8211; La ristorazione organizzata presenta un\u2019incremento molto superiore ripetto ai ristoratori indipendenti, che si mantengono stabili. Negli ultimi anni, le catene hanno assunto un\u2019importanza sempre pi\u00f9 rilevante nel mercato, raggiungendo la quota del 24% per quanto riguarda le vendite totali del 20<\/p>\n<p>&nbsp;<\/p>\n<p><em>Fonte: <a href=\"http:\/\/www.diariodegastronomia.com\" target=\"_blank\" rel=\"noopener\">diariodegastronomia.com<\/a><\/em><\/p>\n","protected":false},"excerpt":{"rendered":"<p>L\u2019insieme delle vendite del settore della ristorazione spagnola \u00e8 cresciuta di circa il 2%, superando i 35.000 milioni di euro nel 2016 e creando circa 47.000 posti di lavoro netti. Per il 2017 le previsioni indicano un aumento delle vendite intorno al 14% &nbsp; Questi i dati pubblicati nella ricerca di mercato presentata\u00a0da The NPD [&hellip;]<\/p>\n","protected":false},"author":1,"featured_media":56579,"comment_status":"open","ping_status":"open","sticky":false,"template":"","format":"standard","meta":{"inline_featured_image":false,"ocean_post_layout":"","ocean_both_sidebars_style":"","ocean_both_sidebars_content_width":0,"ocean_both_sidebars_sidebars_width":0,"ocean_sidebar":"","ocean_second_sidebar":"","ocean_disable_margins":"enable","ocean_add_body_class":"","ocean_shortcode_before_top_bar":"","ocean_shortcode_after_top_bar":"","ocean_shortcode_before_header":"","ocean_shortcode_after_header":"","ocean_has_shortcode":"","ocean_shortcode_after_title":"","ocean_shortcode_before_footer_widgets":"","ocean_shortcode_after_footer_widgets":"","ocean_shortcode_before_footer_bottom":"","ocean_shortcode_after_footer_bottom":"","ocean_display_top_bar":"default","ocean_display_header":"default","ocean_header_style":"","ocean_center_header_left_menu":"","ocean_custom_header_template":"","ocean_custom_logo":0,"ocean_custom_retina_logo":0,"ocean_custom_logo_max_width":0,"ocean_custom_logo_tablet_max_width":0,"ocean_custom_logo_mobile_max_width":0,"ocean_custom_logo_max_height":0,"ocean_custom_logo_tablet_max_height":0,"ocean_custom_logo_mobile_max_height":0,"ocean_header_custom_menu":"","ocean_menu_typo_font_family":"","ocean_menu_typo_font_subset":"","ocean_menu_typo_font_size":0,"ocean_menu_typo_font_size_tablet":0,"ocean_menu_typo_font_size_mobile":0,"ocean_menu_typo_font_size_unit":"px","ocean_menu_typo_font_weight":"","ocean_menu_typo_font_weight_tablet":"","ocean_menu_typo_font_weight_mobile":"","ocean_menu_typo_transform":"","ocean_menu_typo_transform_tablet":"","ocean_menu_typo_transform_mobile":"","ocean_menu_typo_line_height":0,"ocean_menu_typo_line_height_tablet":0,"ocean_menu_typo_line_height_mobile":0,"ocean_menu_typo_line_height_unit":"","ocean_menu_typo_spacing":0,"ocean_menu_typo_spacing_tablet":0,"ocean_menu_typo_spacing_mobile":0,"ocean_menu_typo_spacing_unit":"","ocean_menu_link_color":"","ocean_menu_link_color_hover":"","ocean_menu_link_color_active":"","ocean_menu_link_background":"","ocean_menu_link_hover_background":"","ocean_menu_link_active_background":"","ocean_menu_social_links_bg":"","ocean_menu_social_hover_links_bg":"","ocean_menu_social_links_color":"","ocean_menu_social_hover_links_color":"","ocean_disable_title":"default","ocean_disable_heading":"default","ocean_post_title":"","ocean_post_subheading":"","ocean_post_title_style":"","ocean_post_title_background_color":"","ocean_post_title_background":0,"ocean_post_title_bg_image_position":"","ocean_post_title_bg_image_attachment":"","ocean_post_title_bg_image_repeat":"","ocean_post_title_bg_image_size":"","ocean_post_title_height":0,"ocean_post_title_bg_overlay":0.5,"ocean_post_title_bg_overlay_color":"","ocean_disable_breadcrumbs":"default","ocean_breadcrumbs_color":"","ocean_breadcrumbs_separator_color":"","ocean_breadcrumbs_links_color":"","ocean_breadcrumbs_links_hover_color":"","ocean_display_footer_widgets":"default","ocean_display_footer_bottom":"default","ocean_custom_footer_template":"","ocean_post_oembed":"","ocean_post_self_hosted_media":"","ocean_post_video_embed":"","ocean_link_format":"","ocean_link_format_target":"self","ocean_quote_format":"","ocean_quote_format_link":"post","ocean_gallery_link_images":"on","ocean_gallery_id":[],"footnotes":""},"categories":[133],"tags":[138],"class_list":["post-56578","post","type-post","status-publish","format-standard","has-post-thumbnail","hentry","category-notizie","tag-notizie-di-mercato","entry","has-media"],"yoast_head":"<!-- This site is optimized with the Yoast SEO plugin v27.5 - https:\/\/yoast.com\/product\/yoast-seo-wordpress\/ -->\n<title>Spagna: si consolida il recupero del settore della ristorazione - Italcamara<\/title>\n<meta name=\"robots\" content=\"index, follow, max-snippet:-1, max-image-preview:large, max-video-preview:-1\" \/>\n<link rel=\"canonical\" href=\"https:\/\/italcamara-es.com\/it\/notizie\/spagna-si-consolida-il-recupero-del-settore-della-ristorazione\/\" \/>\n<meta property=\"og:locale\" content=\"it_IT\" \/>\n<meta property=\"og:type\" content=\"article\" \/>\n<meta property=\"og:title\" content=\"Spagna: si consolida il recupero del settore della ristorazione - Italcamara\" \/>\n<meta property=\"og:description\" content=\"L\u2019insieme delle vendite del settore della ristorazione spagnola \u00e8 cresciuta di circa il 2%, superando i 35.000 milioni di euro nel 2016 e creando circa 47.000 posti di lavoro netti. Per il 2017 le previsioni indicano un aumento delle vendite intorno al 14% &nbsp; Questi i dati pubblicati nella ricerca di mercato presentata\u00a0da The NPD [&hellip;]\" \/>\n<meta property=\"og:url\" content=\"https:\/\/italcamara-es.com\/it\/notizie\/spagna-si-consolida-il-recupero-del-settore-della-ristorazione\/\" \/>\n<meta property=\"og:site_name\" content=\"Italcamara\" \/>\n<meta property=\"article:published_time\" content=\"2017-02-10T10:17:07+00:00\" \/>\n<meta property=\"og:image\" content=\"https:\/\/italcamara-es.com\/wp-content\/uploads\/2025\/03\/Ristorazione250-1.jpg\" \/>\n\t<meta property=\"og:image:width\" content=\"250\" \/>\n\t<meta property=\"og:image:height\" content=\"140\" \/>\n\t<meta property=\"og:image:type\" content=\"image\/jpeg\" \/>\n<meta name=\"author\" content=\"administrador\" \/>\n<meta name=\"twitter:card\" content=\"summary_large_image\" \/>\n<meta name=\"twitter:label1\" content=\"Scritto da\" \/>\n\t<meta name=\"twitter:data1\" content=\"administrador\" \/>\n\t<meta name=\"twitter:label2\" content=\"Tempo di lettura stimato\" \/>\n\t<meta name=\"twitter:data2\" content=\"3 minuti\" \/>\n<script type=\"application\/ld+json\" class=\"yoast-schema-graph\">{\"@context\":\"https:\\\/\\\/schema.org\",\"@graph\":[{\"@type\":\"Article\",\"@id\":\"https:\\\/\\\/italcamara-es.com\\\/it\\\/notizie\\\/spagna-si-consolida-il-recupero-del-settore-della-ristorazione\\\/#article\",\"isPartOf\":{\"@id\":\"https:\\\/\\\/italcamara-es.com\\\/it\\\/notizie\\\/spagna-si-consolida-il-recupero-del-settore-della-ristorazione\\\/\"},\"author\":{\"name\":\"administrador\",\"@id\":\"https:\\\/\\\/italcamara-es.com\\\/#\\\/schema\\\/person\\\/bb3c56263e405bbd9a15171dcfee93bb\"},\"headline\":\"Spagna: si consolida il recupero del settore della ristorazione\",\"datePublished\":\"2017-02-10T10:17:07+00:00\",\"mainEntityOfPage\":{\"@id\":\"https:\\\/\\\/italcamara-es.com\\\/it\\\/notizie\\\/spagna-si-consolida-il-recupero-del-settore-della-ristorazione\\\/\"},\"wordCount\":603,\"commentCount\":0,\"image\":{\"@id\":\"https:\\\/\\\/italcamara-es.com\\\/it\\\/notizie\\\/spagna-si-consolida-il-recupero-del-settore-della-ristorazione\\\/#primaryimage\"},\"thumbnailUrl\":\"https:\\\/\\\/italcamara-es.com\\\/wp-content\\\/uploads\\\/2025\\\/03\\\/Ristorazione250-1.jpg\",\"keywords\":[\"Notizie di Mercato\"],\"articleSection\":[\"Notizie\"],\"inLanguage\":\"it-IT\",\"potentialAction\":[{\"@type\":\"CommentAction\",\"name\":\"Comment\",\"target\":[\"https:\\\/\\\/italcamara-es.com\\\/it\\\/notizie\\\/spagna-si-consolida-il-recupero-del-settore-della-ristorazione\\\/#respond\"]}]},{\"@type\":\"WebPage\",\"@id\":\"https:\\\/\\\/italcamara-es.com\\\/it\\\/notizie\\\/spagna-si-consolida-il-recupero-del-settore-della-ristorazione\\\/\",\"url\":\"https:\\\/\\\/italcamara-es.com\\\/it\\\/notizie\\\/spagna-si-consolida-il-recupero-del-settore-della-ristorazione\\\/\",\"name\":\"Spagna: si consolida il recupero del settore della ristorazione - Italcamara\",\"isPartOf\":{\"@id\":\"https:\\\/\\\/italcamara-es.com\\\/#website\"},\"primaryImageOfPage\":{\"@id\":\"https:\\\/\\\/italcamara-es.com\\\/it\\\/notizie\\\/spagna-si-consolida-il-recupero-del-settore-della-ristorazione\\\/#primaryimage\"},\"image\":{\"@id\":\"https:\\\/\\\/italcamara-es.com\\\/it\\\/notizie\\\/spagna-si-consolida-il-recupero-del-settore-della-ristorazione\\\/#primaryimage\"},\"thumbnailUrl\":\"https:\\\/\\\/italcamara-es.com\\\/wp-content\\\/uploads\\\/2025\\\/03\\\/Ristorazione250-1.jpg\",\"datePublished\":\"2017-02-10T10:17:07+00:00\",\"author\":{\"@id\":\"https:\\\/\\\/italcamara-es.com\\\/#\\\/schema\\\/person\\\/bb3c56263e405bbd9a15171dcfee93bb\"},\"breadcrumb\":{\"@id\":\"https:\\\/\\\/italcamara-es.com\\\/it\\\/notizie\\\/spagna-si-consolida-il-recupero-del-settore-della-ristorazione\\\/#breadcrumb\"},\"inLanguage\":\"it-IT\",\"potentialAction\":[{\"@type\":\"ReadAction\",\"target\":[\"https:\\\/\\\/italcamara-es.com\\\/it\\\/notizie\\\/spagna-si-consolida-il-recupero-del-settore-della-ristorazione\\\/\"]}]},{\"@type\":\"ImageObject\",\"inLanguage\":\"it-IT\",\"@id\":\"https:\\\/\\\/italcamara-es.com\\\/it\\\/notizie\\\/spagna-si-consolida-il-recupero-del-settore-della-ristorazione\\\/#primaryimage\",\"url\":\"https:\\\/\\\/italcamara-es.com\\\/wp-content\\\/uploads\\\/2025\\\/03\\\/Ristorazione250-1.jpg\",\"contentUrl\":\"https:\\\/\\\/italcamara-es.com\\\/wp-content\\\/uploads\\\/2025\\\/03\\\/Ristorazione250-1.jpg\",\"width\":250,\"height\":140},{\"@type\":\"BreadcrumbList\",\"@id\":\"https:\\\/\\\/italcamara-es.com\\\/it\\\/notizie\\\/spagna-si-consolida-il-recupero-del-settore-della-ristorazione\\\/#breadcrumb\",\"itemListElement\":[{\"@type\":\"ListItem\",\"position\":1,\"name\":\"Inicio\",\"item\":\"https:\\\/\\\/italcamara-es.com\\\/it\\\/homepage-ita\\\/\"},{\"@type\":\"ListItem\",\"position\":2,\"name\":\"Spagna: si consolida il recupero del settore della ristorazione\"}]},{\"@type\":\"WebSite\",\"@id\":\"https:\\\/\\\/italcamara-es.com\\\/#website\",\"url\":\"https:\\\/\\\/italcamara-es.com\\\/\",\"name\":\"Italcamara\",\"description\":\"\",\"potentialAction\":[{\"@type\":\"SearchAction\",\"target\":{\"@type\":\"EntryPoint\",\"urlTemplate\":\"https:\\\/\\\/italcamara-es.com\\\/?s={search_term_string}\"},\"query-input\":{\"@type\":\"PropertyValueSpecification\",\"valueRequired\":true,\"valueName\":\"search_term_string\"}}],\"inLanguage\":\"it-IT\"},{\"@type\":\"Person\",\"@id\":\"https:\\\/\\\/italcamara-es.com\\\/#\\\/schema\\\/person\\\/bb3c56263e405bbd9a15171dcfee93bb\",\"name\":\"administrador\",\"image\":{\"@type\":\"ImageObject\",\"inLanguage\":\"it-IT\",\"@id\":\"https:\\\/\\\/secure.gravatar.com\\\/avatar\\\/14b5e63db38320b12031bb28cf9f77e210aa71fb3a8a3602a3c9a05134fa75eb?s=96&d=mm&r=g\",\"url\":\"https:\\\/\\\/secure.gravatar.com\\\/avatar\\\/14b5e63db38320b12031bb28cf9f77e210aa71fb3a8a3602a3c9a05134fa75eb?s=96&d=mm&r=g\",\"contentUrl\":\"https:\\\/\\\/secure.gravatar.com\\\/avatar\\\/14b5e63db38320b12031bb28cf9f77e210aa71fb3a8a3602a3c9a05134fa75eb?s=96&d=mm&r=g\",\"caption\":\"administrador\"},\"sameAs\":[\"http:\\\/\\\/pre.italcamara-es.com\"],\"url\":\"https:\\\/\\\/italcamara-es.com\\\/it\\\/author\\\/administrador\\\/\"}]}<\/script>\n<!-- \/ Yoast SEO plugin. -->","yoast_head_json":{"title":"Spagna: si consolida il recupero del settore della ristorazione - Italcamara","robots":{"index":"index","follow":"follow","max-snippet":"max-snippet:-1","max-image-preview":"max-image-preview:large","max-video-preview":"max-video-preview:-1"},"canonical":"https:\/\/italcamara-es.com\/it\/notizie\/spagna-si-consolida-il-recupero-del-settore-della-ristorazione\/","og_locale":"it_IT","og_type":"article","og_title":"Spagna: si consolida il recupero del settore della ristorazione - Italcamara","og_description":"L\u2019insieme delle vendite del settore della ristorazione spagnola \u00e8 cresciuta di circa il 2%, superando i 35.000 milioni di euro nel 2016 e creando circa 47.000 posti di lavoro netti. Per il 2017 le previsioni indicano un aumento delle vendite intorno al 14% &nbsp; Questi i dati pubblicati nella ricerca di mercato presentata\u00a0da The NPD [&hellip;]","og_url":"https:\/\/italcamara-es.com\/it\/notizie\/spagna-si-consolida-il-recupero-del-settore-della-ristorazione\/","og_site_name":"Italcamara","article_published_time":"2017-02-10T10:17:07+00:00","og_image":[{"width":250,"height":140,"url":"https:\/\/italcamara-es.com\/wp-content\/uploads\/2025\/03\/Ristorazione250-1.jpg","type":"image\/jpeg"}],"author":"administrador","twitter_card":"summary_large_image","twitter_misc":{"Scritto da":"administrador","Tempo di lettura stimato":"3 minuti"},"schema":{"@context":"https:\/\/schema.org","@graph":[{"@type":"Article","@id":"https:\/\/italcamara-es.com\/it\/notizie\/spagna-si-consolida-il-recupero-del-settore-della-ristorazione\/#article","isPartOf":{"@id":"https:\/\/italcamara-es.com\/it\/notizie\/spagna-si-consolida-il-recupero-del-settore-della-ristorazione\/"},"author":{"name":"administrador","@id":"https:\/\/italcamara-es.com\/#\/schema\/person\/bb3c56263e405bbd9a15171dcfee93bb"},"headline":"Spagna: si consolida il recupero del settore della ristorazione","datePublished":"2017-02-10T10:17:07+00:00","mainEntityOfPage":{"@id":"https:\/\/italcamara-es.com\/it\/notizie\/spagna-si-consolida-il-recupero-del-settore-della-ristorazione\/"},"wordCount":603,"commentCount":0,"image":{"@id":"https:\/\/italcamara-es.com\/it\/notizie\/spagna-si-consolida-il-recupero-del-settore-della-ristorazione\/#primaryimage"},"thumbnailUrl":"https:\/\/italcamara-es.com\/wp-content\/uploads\/2025\/03\/Ristorazione250-1.jpg","keywords":["Notizie di Mercato"],"articleSection":["Notizie"],"inLanguage":"it-IT","potentialAction":[{"@type":"CommentAction","name":"Comment","target":["https:\/\/italcamara-es.com\/it\/notizie\/spagna-si-consolida-il-recupero-del-settore-della-ristorazione\/#respond"]}]},{"@type":"WebPage","@id":"https:\/\/italcamara-es.com\/it\/notizie\/spagna-si-consolida-il-recupero-del-settore-della-ristorazione\/","url":"https:\/\/italcamara-es.com\/it\/notizie\/spagna-si-consolida-il-recupero-del-settore-della-ristorazione\/","name":"Spagna: si consolida il recupero del settore della ristorazione - Italcamara","isPartOf":{"@id":"https:\/\/italcamara-es.com\/#website"},"primaryImageOfPage":{"@id":"https:\/\/italcamara-es.com\/it\/notizie\/spagna-si-consolida-il-recupero-del-settore-della-ristorazione\/#primaryimage"},"image":{"@id":"https:\/\/italcamara-es.com\/it\/notizie\/spagna-si-consolida-il-recupero-del-settore-della-ristorazione\/#primaryimage"},"thumbnailUrl":"https:\/\/italcamara-es.com\/wp-content\/uploads\/2025\/03\/Ristorazione250-1.jpg","datePublished":"2017-02-10T10:17:07+00:00","author":{"@id":"https:\/\/italcamara-es.com\/#\/schema\/person\/bb3c56263e405bbd9a15171dcfee93bb"},"breadcrumb":{"@id":"https:\/\/italcamara-es.com\/it\/notizie\/spagna-si-consolida-il-recupero-del-settore-della-ristorazione\/#breadcrumb"},"inLanguage":"it-IT","potentialAction":[{"@type":"ReadAction","target":["https:\/\/italcamara-es.com\/it\/notizie\/spagna-si-consolida-il-recupero-del-settore-della-ristorazione\/"]}]},{"@type":"ImageObject","inLanguage":"it-IT","@id":"https:\/\/italcamara-es.com\/it\/notizie\/spagna-si-consolida-il-recupero-del-settore-della-ristorazione\/#primaryimage","url":"https:\/\/italcamara-es.com\/wp-content\/uploads\/2025\/03\/Ristorazione250-1.jpg","contentUrl":"https:\/\/italcamara-es.com\/wp-content\/uploads\/2025\/03\/Ristorazione250-1.jpg","width":250,"height":140},{"@type":"BreadcrumbList","@id":"https:\/\/italcamara-es.com\/it\/notizie\/spagna-si-consolida-il-recupero-del-settore-della-ristorazione\/#breadcrumb","itemListElement":[{"@type":"ListItem","position":1,"name":"Inicio","item":"https:\/\/italcamara-es.com\/it\/homepage-ita\/"},{"@type":"ListItem","position":2,"name":"Spagna: si consolida il recupero del settore della ristorazione"}]},{"@type":"WebSite","@id":"https:\/\/italcamara-es.com\/#website","url":"https:\/\/italcamara-es.com\/","name":"Italcamara","description":"","potentialAction":[{"@type":"SearchAction","target":{"@type":"EntryPoint","urlTemplate":"https:\/\/italcamara-es.com\/?s={search_term_string}"},"query-input":{"@type":"PropertyValueSpecification","valueRequired":true,"valueName":"search_term_string"}}],"inLanguage":"it-IT"},{"@type":"Person","@id":"https:\/\/italcamara-es.com\/#\/schema\/person\/bb3c56263e405bbd9a15171dcfee93bb","name":"administrador","image":{"@type":"ImageObject","inLanguage":"it-IT","@id":"https:\/\/secure.gravatar.com\/avatar\/14b5e63db38320b12031bb28cf9f77e210aa71fb3a8a3602a3c9a05134fa75eb?s=96&d=mm&r=g","url":"https:\/\/secure.gravatar.com\/avatar\/14b5e63db38320b12031bb28cf9f77e210aa71fb3a8a3602a3c9a05134fa75eb?s=96&d=mm&r=g","contentUrl":"https:\/\/secure.gravatar.com\/avatar\/14b5e63db38320b12031bb28cf9f77e210aa71fb3a8a3602a3c9a05134fa75eb?s=96&d=mm&r=g","caption":"administrador"},"sameAs":["http:\/\/pre.italcamara-es.com"],"url":"https:\/\/italcamara-es.com\/it\/author\/administrador\/"}]}},"rttpg_featured_image_url":{"full":["https:\/\/italcamara-es.com\/wp-content\/uploads\/2025\/03\/Ristorazione250-1.jpg",250,140,false],"landscape":["https:\/\/italcamara-es.com\/wp-content\/uploads\/2025\/03\/Ristorazione250-1.jpg",250,140,false],"portraits":["https:\/\/italcamara-es.com\/wp-content\/uploads\/2025\/03\/Ristorazione250-1.jpg",250,140,false],"thumbnail":["https:\/\/italcamara-es.com\/wp-content\/uploads\/2025\/03\/Ristorazione250-1-150x140.jpg",150,140,true],"medium":["https:\/\/italcamara-es.com\/wp-content\/uploads\/2025\/03\/Ristorazione250-1.jpg",250,140,false],"large":["https:\/\/italcamara-es.com\/wp-content\/uploads\/2025\/03\/Ristorazione250-1.jpg",250,140,false],"1536x1536":["https:\/\/italcamara-es.com\/wp-content\/uploads\/2025\/03\/Ristorazione250-1.jpg",250,140,false],"2048x2048":["https:\/\/italcamara-es.com\/wp-content\/uploads\/2025\/03\/Ristorazione250-1.jpg",250,140,false],"ocean-thumb-m":["https:\/\/italcamara-es.com\/wp-content\/uploads\/2025\/03\/Ristorazione250-1.jpg",250,140,false],"ocean-thumb-ml":["https:\/\/italcamara-es.com\/wp-content\/uploads\/2025\/03\/Ristorazione250-1.jpg",250,140,false],"ocean-thumb-l":["https:\/\/italcamara-es.com\/wp-content\/uploads\/2025\/03\/Ristorazione250-1.jpg",250,140,false],"directorist_preview":["https:\/\/italcamara-es.com\/wp-content\/uploads\/2025\/03\/Ristorazione250-1.jpg",250,140,false]},"rttpg_author":{"display_name":"administrador","author_link":"https:\/\/italcamara-es.com\/it\/author\/administrador\/"},"rttpg_comment":0,"rttpg_category":"<a href=\"https:\/\/italcamara-es.com\/it\/category\/notizie\/\" rel=\"category tag\">Notizie<\/a>","rttpg_excerpt":"L\u2019insieme delle vendite del settore della ristorazione spagnola \u00e8 cresciuta di circa il 2%, superando i 35.000 milioni di euro nel 2016 e creando circa 47.000 posti di lavoro netti. Per il 2017 le previsioni indicano un aumento delle vendite intorno al 14% &nbsp; Questi i dati pubblicati nella ricerca di mercato presentata\u00a0da The NPD&hellip;","_links":{"self":[{"href":"https:\/\/italcamara-es.com\/it\/wp-json\/wp\/v2\/posts\/56578","targetHints":{"allow":["GET"]}}],"collection":[{"href":"https:\/\/italcamara-es.com\/it\/wp-json\/wp\/v2\/posts"}],"about":[{"href":"https:\/\/italcamara-es.com\/it\/wp-json\/wp\/v2\/types\/post"}],"author":[{"embeddable":true,"href":"https:\/\/italcamara-es.com\/it\/wp-json\/wp\/v2\/users\/1"}],"replies":[{"embeddable":true,"href":"https:\/\/italcamara-es.com\/it\/wp-json\/wp\/v2\/comments?post=56578"}],"version-history":[{"count":0,"href":"https:\/\/italcamara-es.com\/it\/wp-json\/wp\/v2\/posts\/56578\/revisions"}],"wp:featuredmedia":[{"embeddable":true,"href":"https:\/\/italcamara-es.com\/it\/wp-json\/wp\/v2\/media\/56579"}],"wp:attachment":[{"href":"https:\/\/italcamara-es.com\/it\/wp-json\/wp\/v2\/media?parent=56578"}],"wp:term":[{"taxonomy":"category","embeddable":true,"href":"https:\/\/italcamara-es.com\/it\/wp-json\/wp\/v2\/categories?post=56578"},{"taxonomy":"post_tag","embeddable":true,"href":"https:\/\/italcamara-es.com\/it\/wp-json\/wp\/v2\/tags?post=56578"}],"curies":[{"name":"wp","href":"https:\/\/api.w.org\/{rel}","templated":true}]}}