	{"id":56603,"date":"2017-07-10T11:00:37","date_gmt":"2017-07-10T09:00:37","guid":{"rendered":"http:\/\/pre.italcamara-es.com\/senza-categoria\/lindustria-alimentare-supera-i-livelli-pre-crisi\/"},"modified":"2017-07-10T11:00:37","modified_gmt":"2017-07-10T09:00:37","slug":"lindustria-alimentare-supera-i-livelli-pre-crisi","status":"publish","type":"post","link":"https:\/\/italcamara-es.com\/it\/notizie\/lindustria-alimentare-supera-i-livelli-pre-crisi\/","title":{"rendered":"L&#8217;industria alimentare supera i livelli pre-crisi"},"content":{"rendered":"<p><em>L\u2019industria dell\u2019alimentazione e delle bevande si afferma come il primo settore industriale spagnolo, raggiungendo nel 2016 il massimo storico in variabili come la produzione, l\u2019impiego e le esportazioni.<\/em><\/p>\n<p>&nbsp;<\/p>\n<p>Secondo il Rapporto Economico Annuale del settore correspondente al 2016 pubblicato dalla FIAB (Federaci\u00f3n Espa\u00f1ola de Industrias de Alimentaci\u00f3n y Bebidas ), Il valore della produzione del settore dell\u2019alimentazione e delle bevande ha presentato una crescita nominale dell\u20191,3%, superando i 96.400 milioni di Euro. In termini reali, questa crescita si traduce in un aumento dell\u20191,8%, cifra che permette di confermare il recupero del settore, dato che sono stati superati i livelli di produzione reale pre-crisi.<\/p>\n<p>&nbsp;<\/p>\n<p><strong>Quasi mezzo milione di occupati, un settore che genera posti di lavoro<\/strong><br \/>\nUn incremento record di impiegati del 3,4% fa dell\u2019industria dell\u2019alimentazione e delle bevande un settore strategico e stabile per quanto riguarda la creazione dei posti di lavoro. Da dicembre 2013, i dati dimostrano come il settore abbia sperimentato un\u2019evoluzione positiva, crescendo dal punto di vista interannuale per 42 mesi consecutivi.<\/p>\n<p>&nbsp;<\/p>\n<p>In termini di occupazione, l\u2019industria dell\u2019alimentazione e delle bevande ha generato nel 2016 pi\u00f9 di 9.500 posti di lavoro, avvicinandosi alla soglia del mezzo milione di impiegati diretti totali (480.000). In questo contesto, merita sottolineare come il 37% dei posti di lavoro siano occupati da donne (+12% rispetto all\u2019industria manifatturiera). Inoltre, l\u2019industria ha continuato a scommettere sul talento giovanile, promovendo l\u2019occupazione dei minori di 30 anni. Il tasso di occupazione dei giovani in questa fascia di et\u00e0 nel settore dell\u2019alimentazione e delle bevande risulta essere un 14% in pi\u00f9 rispetto alla media dell\u2019economia spagnola.<\/p>\n<p>&nbsp;<\/p>\n<p><strong>Una struttura imprenditoriale pi\u00f9 robusta<\/strong><br \/>\nNel 2016, la FIAB ha conservato la propria presenza nel congiunto dell\u2019industria spagnola, registrando un aumento dell\u20191% del numero imprese di medie dimensioni (tra 10 e 200 lavoratori).<\/p>\n<p>&nbsp;<\/p>\n<p><strong>Massimo storico per quanto riguarda le esportazioni di alimenti e bevande<\/strong><br \/>\nL\u2019industria dell\u2019alimentazione e delle bevande \u00e8 tornata a superare i valori registrati negli scorsi anni, esportando prodotti per un valore superiore ai 27.500 milioni di Euro. Nel 2016 si \u00e8 registrata una brillante crescita annuale dell\u20198,4%. L\u2019attivit\u00e0 esportatrice del settore rappresenta l\u201911% del totale dei beni dell\u2019economia spagnola.<br \/>\nAnno dopo anno, il mercato internazionale \u00e8 diventato un acceleratore di crescita per il settore. Per il 9\u00ba anno consecutivo, il settore ha sperimentato dati positivi nella sua bilancia commerciale, apportando un surplus superiore ai 7.240 milioni di Euro nel 2016 (+21% in termini annuali).<\/p>\n<p>&nbsp;<\/p>\n<p>Risulta utile sottolineare il processo di diversificazione dei mercati del settore in questione. Nonostante una crescita annuale media del 6% negli ultimi dieci anni, la quota che rappresenta le vendite ai Paesi UE28 \u00e8 passata dal 75% al 67%. \u00c8 cresciuta invece quella di Paesi terzi come Cina (nel 2016, +49%), Giappone (+16%) e Stati Uniti (+20%).<\/p>\n<p>&nbsp;<\/p>\n<p>Per quanto riguarda i prodotti, carni e derivati del maiale continuano a crescere ed a rappresentare la maggiore voce delle esportazioni (pi\u00f9 di 4.420 milioni di Euro), seguiti dall\u2019olio di oliva (3.366 milioni), dal pesce e sue conserve (2.905 milioni) e dal vino (2.745 milioni).<\/p>\n<p>&nbsp;<\/p>\n<p>Fonte:\u00a0Federaci\u00f3n Espa\u00f1ola de Industrias de Alimentaci\u00f3n y Bebidas \u00a0(FIAB)<\/p>\n","protected":false},"excerpt":{"rendered":"<p>L\u2019industria dell\u2019alimentazione e delle bevande si afferma come il primo settore industriale spagnolo, raggiungendo nel 2016 il massimo storico in variabili come la produzione, l\u2019impiego e le esportazioni. &nbsp; Secondo il Rapporto Economico Annuale del settore correspondente al 2016 pubblicato dalla FIAB (Federaci\u00f3n Espa\u00f1ola de Industrias de Alimentaci\u00f3n y Bebidas ), Il valore della produzione [&hellip;]<\/p>\n","protected":false},"author":1,"featured_media":53649,"comment_status":"open","ping_status":"open","sticky":false,"template":"","format":"standard","meta":{"inline_featured_image":false,"ocean_post_layout":"","ocean_both_sidebars_style":"","ocean_both_sidebars_content_width":0,"ocean_both_sidebars_sidebars_width":0,"ocean_sidebar":"","ocean_second_sidebar":"","ocean_disable_margins":"enable","ocean_add_body_class":"","ocean_shortcode_before_top_bar":"","ocean_shortcode_after_top_bar":"","ocean_shortcode_before_header":"","ocean_shortcode_after_header":"","ocean_has_shortcode":"","ocean_shortcode_after_title":"","ocean_shortcode_before_footer_widgets":"","ocean_shortcode_after_footer_widgets":"","ocean_shortcode_before_footer_bottom":"","ocean_shortcode_after_footer_bottom":"","ocean_display_top_bar":"default","ocean_display_header":"default","ocean_header_style":"","ocean_center_header_left_menu":"","ocean_custom_header_template":"","ocean_custom_logo":0,"ocean_custom_retina_logo":0,"ocean_custom_logo_max_width":0,"ocean_custom_logo_tablet_max_width":0,"ocean_custom_logo_mobile_max_width":0,"ocean_custom_logo_max_height":0,"ocean_custom_logo_tablet_max_height":0,"ocean_custom_logo_mobile_max_height":0,"ocean_header_custom_menu":"","ocean_menu_typo_font_family":"","ocean_menu_typo_font_subset":"","ocean_menu_typo_font_size":0,"ocean_menu_typo_font_size_tablet":0,"ocean_menu_typo_font_size_mobile":0,"ocean_menu_typo_font_size_unit":"px","ocean_menu_typo_font_weight":"","ocean_menu_typo_font_weight_tablet":"","ocean_menu_typo_font_weight_mobile":"","ocean_menu_typo_transform":"","ocean_menu_typo_transform_tablet":"","ocean_menu_typo_transform_mobile":"","ocean_menu_typo_line_height":0,"ocean_menu_typo_line_height_tablet":0,"ocean_menu_typo_line_height_mobile":0,"ocean_menu_typo_line_height_unit":"","ocean_menu_typo_spacing":0,"ocean_menu_typo_spacing_tablet":0,"ocean_menu_typo_spacing_mobile":0,"ocean_menu_typo_spacing_unit":"","ocean_menu_link_color":"","ocean_menu_link_color_hover":"","ocean_menu_link_color_active":"","ocean_menu_link_background":"","ocean_menu_link_hover_background":"","ocean_menu_link_active_background":"","ocean_menu_social_links_bg":"","ocean_menu_social_hover_links_bg":"","ocean_menu_social_links_color":"","ocean_menu_social_hover_links_color":"","ocean_disable_title":"default","ocean_disable_heading":"default","ocean_post_title":"","ocean_post_subheading":"","ocean_post_title_style":"","ocean_post_title_background_color":"","ocean_post_title_background":0,"ocean_post_title_bg_image_position":"","ocean_post_title_bg_image_attachment":"","ocean_post_title_bg_image_repeat":"","ocean_post_title_bg_image_size":"","ocean_post_title_height":0,"ocean_post_title_bg_overlay":0.5,"ocean_post_title_bg_overlay_color":"","ocean_disable_breadcrumbs":"default","ocean_breadcrumbs_color":"","ocean_breadcrumbs_separator_color":"","ocean_breadcrumbs_links_color":"","ocean_breadcrumbs_links_hover_color":"","ocean_display_footer_widgets":"default","ocean_display_footer_bottom":"default","ocean_custom_footer_template":"","ocean_post_oembed":"","ocean_post_self_hosted_media":"","ocean_post_video_embed":"","ocean_link_format":"","ocean_link_format_target":"self","ocean_quote_format":"","ocean_quote_format_link":"post","ocean_gallery_link_images":"on","ocean_gallery_id":[],"footnotes":""},"categories":[133],"tags":[138],"class_list":["post-56603","post","type-post","status-publish","format-standard","has-post-thumbnail","hentry","category-notizie","tag-notizie-di-mercato","entry","has-media"],"yoast_head":"<!-- This site is optimized with the Yoast SEO plugin v27.4 - https:\/\/yoast.com\/product\/yoast-seo-wordpress\/ -->\n<title>L&#039;industria alimentare supera i livelli pre-crisi - Italcamara<\/title>\n<meta name=\"robots\" content=\"index, follow, max-snippet:-1, max-image-preview:large, max-video-preview:-1\" \/>\n<link rel=\"canonical\" href=\"https:\/\/italcamara-es.com\/it\/notizie\/lindustria-alimentare-supera-i-livelli-pre-crisi\/\" \/>\n<meta property=\"og:locale\" content=\"it_IT\" \/>\n<meta property=\"og:type\" content=\"article\" \/>\n<meta property=\"og:title\" content=\"L&#039;industria alimentare supera i livelli pre-crisi - Italcamara\" \/>\n<meta property=\"og:description\" content=\"L\u2019industria dell\u2019alimentazione e delle bevande si afferma come il primo settore industriale spagnolo, raggiungendo nel 2016 il massimo storico in variabili come la produzione, l\u2019impiego e le esportazioni. &nbsp; Secondo il Rapporto Economico Annuale del settore correspondente al 2016 pubblicato dalla FIAB (Federaci\u00f3n Espa\u00f1ola de Industrias de Alimentaci\u00f3n y Bebidas ), Il valore della produzione [&hellip;]\" \/>\n<meta property=\"og:url\" content=\"https:\/\/italcamara-es.com\/it\/notizie\/lindustria-alimentare-supera-i-livelli-pre-crisi\/\" \/>\n<meta property=\"og:site_name\" content=\"Italcamara\" \/>\n<meta property=\"article:published_time\" content=\"2017-07-10T09:00:37+00:00\" \/>\n<meta property=\"og:image\" content=\"https:\/\/italcamara-es.com\/wp-content\/uploads\/2025\/03\/Alimentacion250.jpg\" \/>\n\t<meta property=\"og:image:width\" content=\"250\" \/>\n\t<meta property=\"og:image:height\" content=\"140\" \/>\n\t<meta property=\"og:image:type\" content=\"image\/jpeg\" \/>\n<meta name=\"author\" content=\"administrador\" \/>\n<meta name=\"twitter:card\" content=\"summary_large_image\" \/>\n<meta name=\"twitter:label1\" content=\"Scritto da\" \/>\n\t<meta name=\"twitter:data1\" content=\"administrador\" \/>\n\t<meta name=\"twitter:label2\" content=\"Tempo di lettura stimato\" \/>\n\t<meta name=\"twitter:data2\" content=\"3 minuti\" \/>\n<script type=\"application\/ld+json\" class=\"yoast-schema-graph\">{\"@context\":\"https:\\\/\\\/schema.org\",\"@graph\":[{\"@type\":\"Article\",\"@id\":\"https:\\\/\\\/italcamara-es.com\\\/it\\\/notizie\\\/lindustria-alimentare-supera-i-livelli-pre-crisi\\\/#article\",\"isPartOf\":{\"@id\":\"https:\\\/\\\/italcamara-es.com\\\/it\\\/notizie\\\/lindustria-alimentare-supera-i-livelli-pre-crisi\\\/\"},\"author\":{\"name\":\"administrador\",\"@id\":\"https:\\\/\\\/italcamara-es.com\\\/#\\\/schema\\\/person\\\/bb3c56263e405bbd9a15171dcfee93bb\"},\"headline\":\"L&#8217;industria alimentare supera i livelli pre-crisi\",\"datePublished\":\"2017-07-10T09:00:37+00:00\",\"mainEntityOfPage\":{\"@id\":\"https:\\\/\\\/italcamara-es.com\\\/it\\\/notizie\\\/lindustria-alimentare-supera-i-livelli-pre-crisi\\\/\"},\"wordCount\":510,\"commentCount\":0,\"image\":{\"@id\":\"https:\\\/\\\/italcamara-es.com\\\/it\\\/notizie\\\/lindustria-alimentare-supera-i-livelli-pre-crisi\\\/#primaryimage\"},\"thumbnailUrl\":\"https:\\\/\\\/italcamara-es.com\\\/wp-content\\\/uploads\\\/2025\\\/03\\\/Alimentacion250.jpg\",\"keywords\":[\"Notizie di Mercato\"],\"articleSection\":[\"Notizie\"],\"inLanguage\":\"it-IT\",\"potentialAction\":[{\"@type\":\"CommentAction\",\"name\":\"Comment\",\"target\":[\"https:\\\/\\\/italcamara-es.com\\\/it\\\/notizie\\\/lindustria-alimentare-supera-i-livelli-pre-crisi\\\/#respond\"]}]},{\"@type\":\"WebPage\",\"@id\":\"https:\\\/\\\/italcamara-es.com\\\/it\\\/notizie\\\/lindustria-alimentare-supera-i-livelli-pre-crisi\\\/\",\"url\":\"https:\\\/\\\/italcamara-es.com\\\/it\\\/notizie\\\/lindustria-alimentare-supera-i-livelli-pre-crisi\\\/\",\"name\":\"L'industria alimentare supera i livelli pre-crisi - Italcamara\",\"isPartOf\":{\"@id\":\"https:\\\/\\\/italcamara-es.com\\\/#website\"},\"primaryImageOfPage\":{\"@id\":\"https:\\\/\\\/italcamara-es.com\\\/it\\\/notizie\\\/lindustria-alimentare-supera-i-livelli-pre-crisi\\\/#primaryimage\"},\"image\":{\"@id\":\"https:\\\/\\\/italcamara-es.com\\\/it\\\/notizie\\\/lindustria-alimentare-supera-i-livelli-pre-crisi\\\/#primaryimage\"},\"thumbnailUrl\":\"https:\\\/\\\/italcamara-es.com\\\/wp-content\\\/uploads\\\/2025\\\/03\\\/Alimentacion250.jpg\",\"datePublished\":\"2017-07-10T09:00:37+00:00\",\"author\":{\"@id\":\"https:\\\/\\\/italcamara-es.com\\\/#\\\/schema\\\/person\\\/bb3c56263e405bbd9a15171dcfee93bb\"},\"breadcrumb\":{\"@id\":\"https:\\\/\\\/italcamara-es.com\\\/it\\\/notizie\\\/lindustria-alimentare-supera-i-livelli-pre-crisi\\\/#breadcrumb\"},\"inLanguage\":\"it-IT\",\"potentialAction\":[{\"@type\":\"ReadAction\",\"target\":[\"https:\\\/\\\/italcamara-es.com\\\/it\\\/notizie\\\/lindustria-alimentare-supera-i-livelli-pre-crisi\\\/\"]}]},{\"@type\":\"ImageObject\",\"inLanguage\":\"it-IT\",\"@id\":\"https:\\\/\\\/italcamara-es.com\\\/it\\\/notizie\\\/lindustria-alimentare-supera-i-livelli-pre-crisi\\\/#primaryimage\",\"url\":\"https:\\\/\\\/italcamara-es.com\\\/wp-content\\\/uploads\\\/2025\\\/03\\\/Alimentacion250.jpg\",\"contentUrl\":\"https:\\\/\\\/italcamara-es.com\\\/wp-content\\\/uploads\\\/2025\\\/03\\\/Alimentacion250.jpg\",\"width\":250,\"height\":140},{\"@type\":\"BreadcrumbList\",\"@id\":\"https:\\\/\\\/italcamara-es.com\\\/it\\\/notizie\\\/lindustria-alimentare-supera-i-livelli-pre-crisi\\\/#breadcrumb\",\"itemListElement\":[{\"@type\":\"ListItem\",\"position\":1,\"name\":\"Inicio\",\"item\":\"https:\\\/\\\/italcamara-es.com\\\/it\\\/homepage-ita\\\/\"},{\"@type\":\"ListItem\",\"position\":2,\"name\":\"L&#8217;industria alimentare supera i livelli pre-crisi\"}]},{\"@type\":\"WebSite\",\"@id\":\"https:\\\/\\\/italcamara-es.com\\\/#website\",\"url\":\"https:\\\/\\\/italcamara-es.com\\\/\",\"name\":\"Italcamara\",\"description\":\"\",\"potentialAction\":[{\"@type\":\"SearchAction\",\"target\":{\"@type\":\"EntryPoint\",\"urlTemplate\":\"https:\\\/\\\/italcamara-es.com\\\/?s={search_term_string}\"},\"query-input\":{\"@type\":\"PropertyValueSpecification\",\"valueRequired\":true,\"valueName\":\"search_term_string\"}}],\"inLanguage\":\"it-IT\"},{\"@type\":\"Person\",\"@id\":\"https:\\\/\\\/italcamara-es.com\\\/#\\\/schema\\\/person\\\/bb3c56263e405bbd9a15171dcfee93bb\",\"name\":\"administrador\",\"image\":{\"@type\":\"ImageObject\",\"inLanguage\":\"it-IT\",\"@id\":\"https:\\\/\\\/secure.gravatar.com\\\/avatar\\\/14b5e63db38320b12031bb28cf9f77e210aa71fb3a8a3602a3c9a05134fa75eb?s=96&d=mm&r=g\",\"url\":\"https:\\\/\\\/secure.gravatar.com\\\/avatar\\\/14b5e63db38320b12031bb28cf9f77e210aa71fb3a8a3602a3c9a05134fa75eb?s=96&d=mm&r=g\",\"contentUrl\":\"https:\\\/\\\/secure.gravatar.com\\\/avatar\\\/14b5e63db38320b12031bb28cf9f77e210aa71fb3a8a3602a3c9a05134fa75eb?s=96&d=mm&r=g\",\"caption\":\"administrador\"},\"sameAs\":[\"http:\\\/\\\/pre.italcamara-es.com\"],\"url\":\"https:\\\/\\\/italcamara-es.com\\\/it\\\/author\\\/administrador\\\/\"}]}<\/script>\n<!-- \/ Yoast SEO plugin. -->","yoast_head_json":{"title":"L'industria alimentare supera i livelli pre-crisi - Italcamara","robots":{"index":"index","follow":"follow","max-snippet":"max-snippet:-1","max-image-preview":"max-image-preview:large","max-video-preview":"max-video-preview:-1"},"canonical":"https:\/\/italcamara-es.com\/it\/notizie\/lindustria-alimentare-supera-i-livelli-pre-crisi\/","og_locale":"it_IT","og_type":"article","og_title":"L'industria alimentare supera i livelli pre-crisi - Italcamara","og_description":"L\u2019industria dell\u2019alimentazione e delle bevande si afferma come il primo settore industriale spagnolo, raggiungendo nel 2016 il massimo storico in variabili come la produzione, l\u2019impiego e le esportazioni. &nbsp; Secondo il Rapporto Economico Annuale del settore correspondente al 2016 pubblicato dalla FIAB (Federaci\u00f3n Espa\u00f1ola de Industrias de Alimentaci\u00f3n y Bebidas ), Il valore della produzione [&hellip;]","og_url":"https:\/\/italcamara-es.com\/it\/notizie\/lindustria-alimentare-supera-i-livelli-pre-crisi\/","og_site_name":"Italcamara","article_published_time":"2017-07-10T09:00:37+00:00","og_image":[{"width":250,"height":140,"url":"https:\/\/italcamara-es.com\/wp-content\/uploads\/2025\/03\/Alimentacion250.jpg","type":"image\/jpeg"}],"author":"administrador","twitter_card":"summary_large_image","twitter_misc":{"Scritto da":"administrador","Tempo di lettura stimato":"3 minuti"},"schema":{"@context":"https:\/\/schema.org","@graph":[{"@type":"Article","@id":"https:\/\/italcamara-es.com\/it\/notizie\/lindustria-alimentare-supera-i-livelli-pre-crisi\/#article","isPartOf":{"@id":"https:\/\/italcamara-es.com\/it\/notizie\/lindustria-alimentare-supera-i-livelli-pre-crisi\/"},"author":{"name":"administrador","@id":"https:\/\/italcamara-es.com\/#\/schema\/person\/bb3c56263e405bbd9a15171dcfee93bb"},"headline":"L&#8217;industria alimentare supera i livelli pre-crisi","datePublished":"2017-07-10T09:00:37+00:00","mainEntityOfPage":{"@id":"https:\/\/italcamara-es.com\/it\/notizie\/lindustria-alimentare-supera-i-livelli-pre-crisi\/"},"wordCount":510,"commentCount":0,"image":{"@id":"https:\/\/italcamara-es.com\/it\/notizie\/lindustria-alimentare-supera-i-livelli-pre-crisi\/#primaryimage"},"thumbnailUrl":"https:\/\/italcamara-es.com\/wp-content\/uploads\/2025\/03\/Alimentacion250.jpg","keywords":["Notizie di Mercato"],"articleSection":["Notizie"],"inLanguage":"it-IT","potentialAction":[{"@type":"CommentAction","name":"Comment","target":["https:\/\/italcamara-es.com\/it\/notizie\/lindustria-alimentare-supera-i-livelli-pre-crisi\/#respond"]}]},{"@type":"WebPage","@id":"https:\/\/italcamara-es.com\/it\/notizie\/lindustria-alimentare-supera-i-livelli-pre-crisi\/","url":"https:\/\/italcamara-es.com\/it\/notizie\/lindustria-alimentare-supera-i-livelli-pre-crisi\/","name":"L'industria alimentare supera i livelli pre-crisi - Italcamara","isPartOf":{"@id":"https:\/\/italcamara-es.com\/#website"},"primaryImageOfPage":{"@id":"https:\/\/italcamara-es.com\/it\/notizie\/lindustria-alimentare-supera-i-livelli-pre-crisi\/#primaryimage"},"image":{"@id":"https:\/\/italcamara-es.com\/it\/notizie\/lindustria-alimentare-supera-i-livelli-pre-crisi\/#primaryimage"},"thumbnailUrl":"https:\/\/italcamara-es.com\/wp-content\/uploads\/2025\/03\/Alimentacion250.jpg","datePublished":"2017-07-10T09:00:37+00:00","author":{"@id":"https:\/\/italcamara-es.com\/#\/schema\/person\/bb3c56263e405bbd9a15171dcfee93bb"},"breadcrumb":{"@id":"https:\/\/italcamara-es.com\/it\/notizie\/lindustria-alimentare-supera-i-livelli-pre-crisi\/#breadcrumb"},"inLanguage":"it-IT","potentialAction":[{"@type":"ReadAction","target":["https:\/\/italcamara-es.com\/it\/notizie\/lindustria-alimentare-supera-i-livelli-pre-crisi\/"]}]},{"@type":"ImageObject","inLanguage":"it-IT","@id":"https:\/\/italcamara-es.com\/it\/notizie\/lindustria-alimentare-supera-i-livelli-pre-crisi\/#primaryimage","url":"https:\/\/italcamara-es.com\/wp-content\/uploads\/2025\/03\/Alimentacion250.jpg","contentUrl":"https:\/\/italcamara-es.com\/wp-content\/uploads\/2025\/03\/Alimentacion250.jpg","width":250,"height":140},{"@type":"BreadcrumbList","@id":"https:\/\/italcamara-es.com\/it\/notizie\/lindustria-alimentare-supera-i-livelli-pre-crisi\/#breadcrumb","itemListElement":[{"@type":"ListItem","position":1,"name":"Inicio","item":"https:\/\/italcamara-es.com\/it\/homepage-ita\/"},{"@type":"ListItem","position":2,"name":"L&#8217;industria alimentare supera i livelli pre-crisi"}]},{"@type":"WebSite","@id":"https:\/\/italcamara-es.com\/#website","url":"https:\/\/italcamara-es.com\/","name":"Italcamara","description":"","potentialAction":[{"@type":"SearchAction","target":{"@type":"EntryPoint","urlTemplate":"https:\/\/italcamara-es.com\/?s={search_term_string}"},"query-input":{"@type":"PropertyValueSpecification","valueRequired":true,"valueName":"search_term_string"}}],"inLanguage":"it-IT"},{"@type":"Person","@id":"https:\/\/italcamara-es.com\/#\/schema\/person\/bb3c56263e405bbd9a15171dcfee93bb","name":"administrador","image":{"@type":"ImageObject","inLanguage":"it-IT","@id":"https:\/\/secure.gravatar.com\/avatar\/14b5e63db38320b12031bb28cf9f77e210aa71fb3a8a3602a3c9a05134fa75eb?s=96&d=mm&r=g","url":"https:\/\/secure.gravatar.com\/avatar\/14b5e63db38320b12031bb28cf9f77e210aa71fb3a8a3602a3c9a05134fa75eb?s=96&d=mm&r=g","contentUrl":"https:\/\/secure.gravatar.com\/avatar\/14b5e63db38320b12031bb28cf9f77e210aa71fb3a8a3602a3c9a05134fa75eb?s=96&d=mm&r=g","caption":"administrador"},"sameAs":["http:\/\/pre.italcamara-es.com"],"url":"https:\/\/italcamara-es.com\/it\/author\/administrador\/"}]}},"rttpg_featured_image_url":{"full":["https:\/\/italcamara-es.com\/wp-content\/uploads\/2025\/03\/Alimentacion250.jpg",250,140,false],"landscape":["https:\/\/italcamara-es.com\/wp-content\/uploads\/2025\/03\/Alimentacion250.jpg",250,140,false],"portraits":["https:\/\/italcamara-es.com\/wp-content\/uploads\/2025\/03\/Alimentacion250.jpg",250,140,false],"thumbnail":["https:\/\/italcamara-es.com\/wp-content\/uploads\/2025\/03\/Alimentacion250-150x140.jpg",150,140,true],"medium":["https:\/\/italcamara-es.com\/wp-content\/uploads\/2025\/03\/Alimentacion250.jpg",250,140,false],"large":["https:\/\/italcamara-es.com\/wp-content\/uploads\/2025\/03\/Alimentacion250.jpg",250,140,false],"1536x1536":["https:\/\/italcamara-es.com\/wp-content\/uploads\/2025\/03\/Alimentacion250.jpg",250,140,false],"2048x2048":["https:\/\/italcamara-es.com\/wp-content\/uploads\/2025\/03\/Alimentacion250.jpg",250,140,false],"ocean-thumb-m":["https:\/\/italcamara-es.com\/wp-content\/uploads\/2025\/03\/Alimentacion250.jpg",250,140,false],"ocean-thumb-ml":["https:\/\/italcamara-es.com\/wp-content\/uploads\/2025\/03\/Alimentacion250.jpg",250,140,false],"ocean-thumb-l":["https:\/\/italcamara-es.com\/wp-content\/uploads\/2025\/03\/Alimentacion250.jpg",250,140,false],"directorist_preview":["https:\/\/italcamara-es.com\/wp-content\/uploads\/2025\/03\/Alimentacion250.jpg",250,140,false]},"rttpg_author":{"display_name":"administrador","author_link":"https:\/\/italcamara-es.com\/it\/author\/administrador\/"},"rttpg_comment":0,"rttpg_category":"<a href=\"https:\/\/italcamara-es.com\/it\/category\/notizie\/\" rel=\"category tag\">Notizie<\/a>","rttpg_excerpt":"L\u2019industria dell\u2019alimentazione e delle bevande si afferma come il primo settore industriale spagnolo, raggiungendo nel 2016 il massimo storico in variabili come la produzione, l\u2019impiego e le esportazioni. &nbsp; Secondo il Rapporto Economico Annuale del settore correspondente al 2016 pubblicato dalla FIAB (Federaci\u00f3n Espa\u00f1ola de Industrias de Alimentaci\u00f3n y Bebidas ), Il valore della produzione&hellip;","_links":{"self":[{"href":"https:\/\/italcamara-es.com\/it\/wp-json\/wp\/v2\/posts\/56603","targetHints":{"allow":["GET"]}}],"collection":[{"href":"https:\/\/italcamara-es.com\/it\/wp-json\/wp\/v2\/posts"}],"about":[{"href":"https:\/\/italcamara-es.com\/it\/wp-json\/wp\/v2\/types\/post"}],"author":[{"embeddable":true,"href":"https:\/\/italcamara-es.com\/it\/wp-json\/wp\/v2\/users\/1"}],"replies":[{"embeddable":true,"href":"https:\/\/italcamara-es.com\/it\/wp-json\/wp\/v2\/comments?post=56603"}],"version-history":[{"count":0,"href":"https:\/\/italcamara-es.com\/it\/wp-json\/wp\/v2\/posts\/56603\/revisions"}],"wp:featuredmedia":[{"embeddable":true,"href":"https:\/\/italcamara-es.com\/it\/wp-json\/wp\/v2\/media\/53649"}],"wp:attachment":[{"href":"https:\/\/italcamara-es.com\/it\/wp-json\/wp\/v2\/media?parent=56603"}],"wp:term":[{"taxonomy":"category","embeddable":true,"href":"https:\/\/italcamara-es.com\/it\/wp-json\/wp\/v2\/categories?post=56603"},{"taxonomy":"post_tag","embeddable":true,"href":"https:\/\/italcamara-es.com\/it\/wp-json\/wp\/v2\/tags?post=56603"}],"curies":[{"name":"wp","href":"https:\/\/api.w.org\/{rel}","templated":true}]}}