	{"id":56614,"date":"2017-10-17T15:41:33","date_gmt":"2017-10-17T13:41:33","guid":{"rendered":"http:\/\/pre.italcamara-es.com\/senza-categoria\/spagna-la-distribuzione-alimentare-crescera-del-4-nel-2017\/"},"modified":"2017-10-17T15:41:33","modified_gmt":"2017-10-17T13:41:33","slug":"spagna-la-distribuzione-alimentare-crescera-del-4-nel-2017","status":"publish","type":"post","link":"https:\/\/italcamara-es.com\/it\/notizie\/spagna-la-distribuzione-alimentare-crescera-del-4-nel-2017\/","title":{"rendered":"Spagna, la distribuzione alimentare crescer\u00e0 del 4% nel 2017"},"content":{"rendered":"<p>Il settore della distribuzione alimentare in Spagna crescer\u00e0 nel 2017 tra il 3 ed il 4%, grazie al maggior consumo interno, all\u2019aumento del consumo fuori dalla propria abitazione ed alla maggiore affluenza dei turisti. Questa \u00e8 la principale conclusione a cui arrriva il rapporto Informe Sectorial de la Distribuci\u00f3n Alimentaria, elaborato dalla CESCE, nella quale si stima che il mercato dei consumi superer\u00e0 i 74 miliardi di Euro alla fine dell\u2019esercizio in corso.<\/p>\n<p>&nbsp;<\/p>\n<p>In generale, si prevede che il settore sperimenti \u201cun miglioramento dei margini grazie ad una maggiore domanda e ad un contenimento delle principali partite di costo, in parte frutto delle alleanze che stanno realizzando le grandi catene\u201d. Il rapporto conferma che Mercadona manterr\u00e0 la guida del settore, anche se gli hard discount come Lidl ed Aldi e le catene regionali sono quelle che pi\u00f9 sono cresciute nell\u2019ultimo anno.<\/p>\n<p>&nbsp;<\/p>\n<p>Per quanto riguarda la tipologia, le previsioni della CESCE sono positive, sia per quanto riguarda i supermercati che per l\u2019hard discount, coinvolti in processi di rinnovamento. Anche i cashes sperimentano una crescita, aiutati dal canale Horeca e dal suo rinnovamento verso un modello misto (cash-super).<\/p>\n<p>&nbsp;<\/p>\n<p>Il franchising continua ad essere il modello per il quale optano molte imprese per crescere: questo formato \u00e8 stato responsabile dell\u201980% del nuovo mercato e rappresenta il 29% della rete, con previsioni di crescita nel 2017.<\/p>\n<p>&nbsp;<\/p>\n<p>L\u2019e-commerce continua a guadagnare terreno: all\u2019inizio del 2017 rappresentava lo 0,8%. \u201cSi tratta \u2013 si legge nel rapporto \u2013 di un canale con grandi prospettive, che continuer\u00e0 a crescere nei prossimi anni\u201d.<\/p>\n<p>&nbsp;<\/p>\n<p><em>Fonte<\/em>: Moneda \u00danica<\/p>\n","protected":false},"excerpt":{"rendered":"<p>Il settore della distribuzione alimentare in Spagna crescer\u00e0 nel 2017 tra il 3 ed il 4%, grazie al maggior consumo interno, all\u2019aumento del consumo fuori dalla propria abitazione ed alla maggiore affluenza dei turisti. Questa \u00e8 la principale conclusione a cui arrriva il rapporto Informe Sectorial de la Distribuci\u00f3n Alimentaria, elaborato dalla CESCE, nella quale [&hellip;]<\/p>\n","protected":false},"author":1,"featured_media":53669,"comment_status":"open","ping_status":"open","sticky":false,"template":"","format":"standard","meta":{"inline_featured_image":false,"ocean_post_layout":"","ocean_both_sidebars_style":"","ocean_both_sidebars_content_width":0,"ocean_both_sidebars_sidebars_width":0,"ocean_sidebar":"","ocean_second_sidebar":"","ocean_disable_margins":"enable","ocean_add_body_class":"","ocean_shortcode_before_top_bar":"","ocean_shortcode_after_top_bar":"","ocean_shortcode_before_header":"","ocean_shortcode_after_header":"","ocean_has_shortcode":"","ocean_shortcode_after_title":"","ocean_shortcode_before_footer_widgets":"","ocean_shortcode_after_footer_widgets":"","ocean_shortcode_before_footer_bottom":"","ocean_shortcode_after_footer_bottom":"","ocean_display_top_bar":"default","ocean_display_header":"default","ocean_header_style":"","ocean_center_header_left_menu":"","ocean_custom_header_template":"","ocean_custom_logo":0,"ocean_custom_retina_logo":0,"ocean_custom_logo_max_width":0,"ocean_custom_logo_tablet_max_width":0,"ocean_custom_logo_mobile_max_width":0,"ocean_custom_logo_max_height":0,"ocean_custom_logo_tablet_max_height":0,"ocean_custom_logo_mobile_max_height":0,"ocean_header_custom_menu":"","ocean_menu_typo_font_family":"","ocean_menu_typo_font_subset":"","ocean_menu_typo_font_size":0,"ocean_menu_typo_font_size_tablet":0,"ocean_menu_typo_font_size_mobile":0,"ocean_menu_typo_font_size_unit":"px","ocean_menu_typo_font_weight":"","ocean_menu_typo_font_weight_tablet":"","ocean_menu_typo_font_weight_mobile":"","ocean_menu_typo_transform":"","ocean_menu_typo_transform_tablet":"","ocean_menu_typo_transform_mobile":"","ocean_menu_typo_line_height":0,"ocean_menu_typo_line_height_tablet":0,"ocean_menu_typo_line_height_mobile":0,"ocean_menu_typo_line_height_unit":"","ocean_menu_typo_spacing":0,"ocean_menu_typo_spacing_tablet":0,"ocean_menu_typo_spacing_mobile":0,"ocean_menu_typo_spacing_unit":"","ocean_menu_link_color":"","ocean_menu_link_color_hover":"","ocean_menu_link_color_active":"","ocean_menu_link_background":"","ocean_menu_link_hover_background":"","ocean_menu_link_active_background":"","ocean_menu_social_links_bg":"","ocean_menu_social_hover_links_bg":"","ocean_menu_social_links_color":"","ocean_menu_social_hover_links_color":"","ocean_disable_title":"default","ocean_disable_heading":"default","ocean_post_title":"","ocean_post_subheading":"","ocean_post_title_style":"","ocean_post_title_background_color":"","ocean_post_title_background":0,"ocean_post_title_bg_image_position":"","ocean_post_title_bg_image_attachment":"","ocean_post_title_bg_image_repeat":"","ocean_post_title_bg_image_size":"","ocean_post_title_height":0,"ocean_post_title_bg_overlay":0.5,"ocean_post_title_bg_overlay_color":"","ocean_disable_breadcrumbs":"default","ocean_breadcrumbs_color":"","ocean_breadcrumbs_separator_color":"","ocean_breadcrumbs_links_color":"","ocean_breadcrumbs_links_hover_color":"","ocean_display_footer_widgets":"default","ocean_display_footer_bottom":"default","ocean_custom_footer_template":"","ocean_post_oembed":"","ocean_post_self_hosted_media":"","ocean_post_video_embed":"","ocean_link_format":"","ocean_link_format_target":"self","ocean_quote_format":"","ocean_quote_format_link":"post","ocean_gallery_link_images":"on","ocean_gallery_id":[],"footnotes":""},"categories":[133],"tags":[138],"class_list":["post-56614","post","type-post","status-publish","format-standard","has-post-thumbnail","hentry","category-notizie","tag-notizie-di-mercato","entry","has-media"],"yoast_head":"<!-- This site is optimized with the Yoast SEO plugin v27.5 - https:\/\/yoast.com\/product\/yoast-seo-wordpress\/ -->\n<title>Spagna, la distribuzione alimentare crescer\u00e0 del 4% nel 2017 - Italcamara<\/title>\n<meta name=\"robots\" content=\"index, follow, max-snippet:-1, max-image-preview:large, max-video-preview:-1\" \/>\n<link rel=\"canonical\" href=\"https:\/\/italcamara-es.com\/it\/notizie\/spagna-la-distribuzione-alimentare-crescera-del-4-nel-2017\/\" \/>\n<meta property=\"og:locale\" content=\"it_IT\" \/>\n<meta property=\"og:type\" content=\"article\" \/>\n<meta property=\"og:title\" content=\"Spagna, la distribuzione alimentare crescer\u00e0 del 4% nel 2017 - Italcamara\" \/>\n<meta property=\"og:description\" content=\"Il settore della distribuzione alimentare in Spagna crescer\u00e0 nel 2017 tra il 3 ed il 4%, grazie al maggior consumo interno, all\u2019aumento del consumo fuori dalla propria abitazione ed alla maggiore affluenza dei turisti. Questa \u00e8 la principale conclusione a cui arrriva il rapporto Informe Sectorial de la Distribuci\u00f3n Alimentaria, elaborato dalla CESCE, nella quale [&hellip;]\" \/>\n<meta property=\"og:url\" content=\"https:\/\/italcamara-es.com\/it\/notizie\/spagna-la-distribuzione-alimentare-crescera-del-4-nel-2017\/\" \/>\n<meta property=\"og:site_name\" content=\"Italcamara\" \/>\n<meta property=\"article:published_time\" content=\"2017-10-17T13:41:33+00:00\" \/>\n<meta property=\"og:image\" content=\"https:\/\/italcamara-es.com\/wp-content\/uploads\/2025\/03\/distribuzione-alimentaria250.jpg\" \/>\n\t<meta property=\"og:image:width\" content=\"250\" \/>\n\t<meta property=\"og:image:height\" content=\"140\" \/>\n\t<meta property=\"og:image:type\" content=\"image\/jpeg\" \/>\n<meta name=\"author\" content=\"administrador\" \/>\n<meta name=\"twitter:card\" content=\"summary_large_image\" \/>\n<meta name=\"twitter:label1\" content=\"Scritto da\" \/>\n\t<meta name=\"twitter:data1\" content=\"administrador\" \/>\n\t<meta name=\"twitter:label2\" content=\"Tempo di lettura stimato\" \/>\n\t<meta name=\"twitter:data2\" content=\"1 minuto\" \/>\n<script type=\"application\/ld+json\" class=\"yoast-schema-graph\">{\"@context\":\"https:\\\/\\\/schema.org\",\"@graph\":[{\"@type\":\"Article\",\"@id\":\"https:\\\/\\\/italcamara-es.com\\\/it\\\/notizie\\\/spagna-la-distribuzione-alimentare-crescera-del-4-nel-2017\\\/#article\",\"isPartOf\":{\"@id\":\"https:\\\/\\\/italcamara-es.com\\\/it\\\/notizie\\\/spagna-la-distribuzione-alimentare-crescera-del-4-nel-2017\\\/\"},\"author\":{\"name\":\"administrador\",\"@id\":\"https:\\\/\\\/italcamara-es.com\\\/#\\\/schema\\\/person\\\/bb3c56263e405bbd9a15171dcfee93bb\"},\"headline\":\"Spagna, la distribuzione alimentare crescer\u00e0 del 4% nel 2017\",\"datePublished\":\"2017-10-17T13:41:33+00:00\",\"mainEntityOfPage\":{\"@id\":\"https:\\\/\\\/italcamara-es.com\\\/it\\\/notizie\\\/spagna-la-distribuzione-alimentare-crescera-del-4-nel-2017\\\/\"},\"wordCount\":264,\"commentCount\":0,\"image\":{\"@id\":\"https:\\\/\\\/italcamara-es.com\\\/it\\\/notizie\\\/spagna-la-distribuzione-alimentare-crescera-del-4-nel-2017\\\/#primaryimage\"},\"thumbnailUrl\":\"https:\\\/\\\/italcamara-es.com\\\/wp-content\\\/uploads\\\/2025\\\/03\\\/distribuzione-alimentaria250.jpg\",\"keywords\":[\"Notizie di Mercato\"],\"articleSection\":[\"Notizie\"],\"inLanguage\":\"it-IT\",\"potentialAction\":[{\"@type\":\"CommentAction\",\"name\":\"Comment\",\"target\":[\"https:\\\/\\\/italcamara-es.com\\\/it\\\/notizie\\\/spagna-la-distribuzione-alimentare-crescera-del-4-nel-2017\\\/#respond\"]}]},{\"@type\":\"WebPage\",\"@id\":\"https:\\\/\\\/italcamara-es.com\\\/it\\\/notizie\\\/spagna-la-distribuzione-alimentare-crescera-del-4-nel-2017\\\/\",\"url\":\"https:\\\/\\\/italcamara-es.com\\\/it\\\/notizie\\\/spagna-la-distribuzione-alimentare-crescera-del-4-nel-2017\\\/\",\"name\":\"Spagna, la distribuzione alimentare crescer\u00e0 del 4% nel 2017 - Italcamara\",\"isPartOf\":{\"@id\":\"https:\\\/\\\/italcamara-es.com\\\/#website\"},\"primaryImageOfPage\":{\"@id\":\"https:\\\/\\\/italcamara-es.com\\\/it\\\/notizie\\\/spagna-la-distribuzione-alimentare-crescera-del-4-nel-2017\\\/#primaryimage\"},\"image\":{\"@id\":\"https:\\\/\\\/italcamara-es.com\\\/it\\\/notizie\\\/spagna-la-distribuzione-alimentare-crescera-del-4-nel-2017\\\/#primaryimage\"},\"thumbnailUrl\":\"https:\\\/\\\/italcamara-es.com\\\/wp-content\\\/uploads\\\/2025\\\/03\\\/distribuzione-alimentaria250.jpg\",\"datePublished\":\"2017-10-17T13:41:33+00:00\",\"author\":{\"@id\":\"https:\\\/\\\/italcamara-es.com\\\/#\\\/schema\\\/person\\\/bb3c56263e405bbd9a15171dcfee93bb\"},\"breadcrumb\":{\"@id\":\"https:\\\/\\\/italcamara-es.com\\\/it\\\/notizie\\\/spagna-la-distribuzione-alimentare-crescera-del-4-nel-2017\\\/#breadcrumb\"},\"inLanguage\":\"it-IT\",\"potentialAction\":[{\"@type\":\"ReadAction\",\"target\":[\"https:\\\/\\\/italcamara-es.com\\\/it\\\/notizie\\\/spagna-la-distribuzione-alimentare-crescera-del-4-nel-2017\\\/\"]}]},{\"@type\":\"ImageObject\",\"inLanguage\":\"it-IT\",\"@id\":\"https:\\\/\\\/italcamara-es.com\\\/it\\\/notizie\\\/spagna-la-distribuzione-alimentare-crescera-del-4-nel-2017\\\/#primaryimage\",\"url\":\"https:\\\/\\\/italcamara-es.com\\\/wp-content\\\/uploads\\\/2025\\\/03\\\/distribuzione-alimentaria250.jpg\",\"contentUrl\":\"https:\\\/\\\/italcamara-es.com\\\/wp-content\\\/uploads\\\/2025\\\/03\\\/distribuzione-alimentaria250.jpg\",\"width\":250,\"height\":140},{\"@type\":\"BreadcrumbList\",\"@id\":\"https:\\\/\\\/italcamara-es.com\\\/it\\\/notizie\\\/spagna-la-distribuzione-alimentare-crescera-del-4-nel-2017\\\/#breadcrumb\",\"itemListElement\":[{\"@type\":\"ListItem\",\"position\":1,\"name\":\"Inicio\",\"item\":\"https:\\\/\\\/italcamara-es.com\\\/it\\\/homepage-ita\\\/\"},{\"@type\":\"ListItem\",\"position\":2,\"name\":\"Spagna, la distribuzione alimentare crescer\u00e0 del 4% nel 2017\"}]},{\"@type\":\"WebSite\",\"@id\":\"https:\\\/\\\/italcamara-es.com\\\/#website\",\"url\":\"https:\\\/\\\/italcamara-es.com\\\/\",\"name\":\"Italcamara\",\"description\":\"\",\"potentialAction\":[{\"@type\":\"SearchAction\",\"target\":{\"@type\":\"EntryPoint\",\"urlTemplate\":\"https:\\\/\\\/italcamara-es.com\\\/?s={search_term_string}\"},\"query-input\":{\"@type\":\"PropertyValueSpecification\",\"valueRequired\":true,\"valueName\":\"search_term_string\"}}],\"inLanguage\":\"it-IT\"},{\"@type\":\"Person\",\"@id\":\"https:\\\/\\\/italcamara-es.com\\\/#\\\/schema\\\/person\\\/bb3c56263e405bbd9a15171dcfee93bb\",\"name\":\"administrador\",\"image\":{\"@type\":\"ImageObject\",\"inLanguage\":\"it-IT\",\"@id\":\"https:\\\/\\\/secure.gravatar.com\\\/avatar\\\/14b5e63db38320b12031bb28cf9f77e210aa71fb3a8a3602a3c9a05134fa75eb?s=96&d=mm&r=g\",\"url\":\"https:\\\/\\\/secure.gravatar.com\\\/avatar\\\/14b5e63db38320b12031bb28cf9f77e210aa71fb3a8a3602a3c9a05134fa75eb?s=96&d=mm&r=g\",\"contentUrl\":\"https:\\\/\\\/secure.gravatar.com\\\/avatar\\\/14b5e63db38320b12031bb28cf9f77e210aa71fb3a8a3602a3c9a05134fa75eb?s=96&d=mm&r=g\",\"caption\":\"administrador\"},\"sameAs\":[\"http:\\\/\\\/pre.italcamara-es.com\"],\"url\":\"https:\\\/\\\/italcamara-es.com\\\/it\\\/author\\\/administrador\\\/\"}]}<\/script>\n<!-- \/ Yoast SEO plugin. -->","yoast_head_json":{"title":"Spagna, la distribuzione alimentare crescer\u00e0 del 4% nel 2017 - Italcamara","robots":{"index":"index","follow":"follow","max-snippet":"max-snippet:-1","max-image-preview":"max-image-preview:large","max-video-preview":"max-video-preview:-1"},"canonical":"https:\/\/italcamara-es.com\/it\/notizie\/spagna-la-distribuzione-alimentare-crescera-del-4-nel-2017\/","og_locale":"it_IT","og_type":"article","og_title":"Spagna, la distribuzione alimentare crescer\u00e0 del 4% nel 2017 - Italcamara","og_description":"Il settore della distribuzione alimentare in Spagna crescer\u00e0 nel 2017 tra il 3 ed il 4%, grazie al maggior consumo interno, all\u2019aumento del consumo fuori dalla propria abitazione ed alla maggiore affluenza dei turisti. Questa \u00e8 la principale conclusione a cui arrriva il rapporto Informe Sectorial de la Distribuci\u00f3n Alimentaria, elaborato dalla CESCE, nella quale [&hellip;]","og_url":"https:\/\/italcamara-es.com\/it\/notizie\/spagna-la-distribuzione-alimentare-crescera-del-4-nel-2017\/","og_site_name":"Italcamara","article_published_time":"2017-10-17T13:41:33+00:00","og_image":[{"width":250,"height":140,"url":"https:\/\/italcamara-es.com\/wp-content\/uploads\/2025\/03\/distribuzione-alimentaria250.jpg","type":"image\/jpeg"}],"author":"administrador","twitter_card":"summary_large_image","twitter_misc":{"Scritto da":"administrador","Tempo di lettura stimato":"1 minuto"},"schema":{"@context":"https:\/\/schema.org","@graph":[{"@type":"Article","@id":"https:\/\/italcamara-es.com\/it\/notizie\/spagna-la-distribuzione-alimentare-crescera-del-4-nel-2017\/#article","isPartOf":{"@id":"https:\/\/italcamara-es.com\/it\/notizie\/spagna-la-distribuzione-alimentare-crescera-del-4-nel-2017\/"},"author":{"name":"administrador","@id":"https:\/\/italcamara-es.com\/#\/schema\/person\/bb3c56263e405bbd9a15171dcfee93bb"},"headline":"Spagna, la distribuzione alimentare crescer\u00e0 del 4% nel 2017","datePublished":"2017-10-17T13:41:33+00:00","mainEntityOfPage":{"@id":"https:\/\/italcamara-es.com\/it\/notizie\/spagna-la-distribuzione-alimentare-crescera-del-4-nel-2017\/"},"wordCount":264,"commentCount":0,"image":{"@id":"https:\/\/italcamara-es.com\/it\/notizie\/spagna-la-distribuzione-alimentare-crescera-del-4-nel-2017\/#primaryimage"},"thumbnailUrl":"https:\/\/italcamara-es.com\/wp-content\/uploads\/2025\/03\/distribuzione-alimentaria250.jpg","keywords":["Notizie di Mercato"],"articleSection":["Notizie"],"inLanguage":"it-IT","potentialAction":[{"@type":"CommentAction","name":"Comment","target":["https:\/\/italcamara-es.com\/it\/notizie\/spagna-la-distribuzione-alimentare-crescera-del-4-nel-2017\/#respond"]}]},{"@type":"WebPage","@id":"https:\/\/italcamara-es.com\/it\/notizie\/spagna-la-distribuzione-alimentare-crescera-del-4-nel-2017\/","url":"https:\/\/italcamara-es.com\/it\/notizie\/spagna-la-distribuzione-alimentare-crescera-del-4-nel-2017\/","name":"Spagna, la distribuzione alimentare crescer\u00e0 del 4% nel 2017 - Italcamara","isPartOf":{"@id":"https:\/\/italcamara-es.com\/#website"},"primaryImageOfPage":{"@id":"https:\/\/italcamara-es.com\/it\/notizie\/spagna-la-distribuzione-alimentare-crescera-del-4-nel-2017\/#primaryimage"},"image":{"@id":"https:\/\/italcamara-es.com\/it\/notizie\/spagna-la-distribuzione-alimentare-crescera-del-4-nel-2017\/#primaryimage"},"thumbnailUrl":"https:\/\/italcamara-es.com\/wp-content\/uploads\/2025\/03\/distribuzione-alimentaria250.jpg","datePublished":"2017-10-17T13:41:33+00:00","author":{"@id":"https:\/\/italcamara-es.com\/#\/schema\/person\/bb3c56263e405bbd9a15171dcfee93bb"},"breadcrumb":{"@id":"https:\/\/italcamara-es.com\/it\/notizie\/spagna-la-distribuzione-alimentare-crescera-del-4-nel-2017\/#breadcrumb"},"inLanguage":"it-IT","potentialAction":[{"@type":"ReadAction","target":["https:\/\/italcamara-es.com\/it\/notizie\/spagna-la-distribuzione-alimentare-crescera-del-4-nel-2017\/"]}]},{"@type":"ImageObject","inLanguage":"it-IT","@id":"https:\/\/italcamara-es.com\/it\/notizie\/spagna-la-distribuzione-alimentare-crescera-del-4-nel-2017\/#primaryimage","url":"https:\/\/italcamara-es.com\/wp-content\/uploads\/2025\/03\/distribuzione-alimentaria250.jpg","contentUrl":"https:\/\/italcamara-es.com\/wp-content\/uploads\/2025\/03\/distribuzione-alimentaria250.jpg","width":250,"height":140},{"@type":"BreadcrumbList","@id":"https:\/\/italcamara-es.com\/it\/notizie\/spagna-la-distribuzione-alimentare-crescera-del-4-nel-2017\/#breadcrumb","itemListElement":[{"@type":"ListItem","position":1,"name":"Inicio","item":"https:\/\/italcamara-es.com\/it\/homepage-ita\/"},{"@type":"ListItem","position":2,"name":"Spagna, la distribuzione alimentare crescer\u00e0 del 4% nel 2017"}]},{"@type":"WebSite","@id":"https:\/\/italcamara-es.com\/#website","url":"https:\/\/italcamara-es.com\/","name":"Italcamara","description":"","potentialAction":[{"@type":"SearchAction","target":{"@type":"EntryPoint","urlTemplate":"https:\/\/italcamara-es.com\/?s={search_term_string}"},"query-input":{"@type":"PropertyValueSpecification","valueRequired":true,"valueName":"search_term_string"}}],"inLanguage":"it-IT"},{"@type":"Person","@id":"https:\/\/italcamara-es.com\/#\/schema\/person\/bb3c56263e405bbd9a15171dcfee93bb","name":"administrador","image":{"@type":"ImageObject","inLanguage":"it-IT","@id":"https:\/\/secure.gravatar.com\/avatar\/14b5e63db38320b12031bb28cf9f77e210aa71fb3a8a3602a3c9a05134fa75eb?s=96&d=mm&r=g","url":"https:\/\/secure.gravatar.com\/avatar\/14b5e63db38320b12031bb28cf9f77e210aa71fb3a8a3602a3c9a05134fa75eb?s=96&d=mm&r=g","contentUrl":"https:\/\/secure.gravatar.com\/avatar\/14b5e63db38320b12031bb28cf9f77e210aa71fb3a8a3602a3c9a05134fa75eb?s=96&d=mm&r=g","caption":"administrador"},"sameAs":["http:\/\/pre.italcamara-es.com"],"url":"https:\/\/italcamara-es.com\/it\/author\/administrador\/"}]}},"rttpg_featured_image_url":{"full":["https:\/\/italcamara-es.com\/wp-content\/uploads\/2025\/03\/distribuzione-alimentaria250.jpg",250,140,false],"landscape":["https:\/\/italcamara-es.com\/wp-content\/uploads\/2025\/03\/distribuzione-alimentaria250.jpg",250,140,false],"portraits":["https:\/\/italcamara-es.com\/wp-content\/uploads\/2025\/03\/distribuzione-alimentaria250.jpg",250,140,false],"thumbnail":["https:\/\/italcamara-es.com\/wp-content\/uploads\/2025\/03\/distribuzione-alimentaria250-150x140.jpg",150,140,true],"medium":["https:\/\/italcamara-es.com\/wp-content\/uploads\/2025\/03\/distribuzione-alimentaria250.jpg",250,140,false],"large":["https:\/\/italcamara-es.com\/wp-content\/uploads\/2025\/03\/distribuzione-alimentaria250.jpg",250,140,false],"1536x1536":["https:\/\/italcamara-es.com\/wp-content\/uploads\/2025\/03\/distribuzione-alimentaria250.jpg",250,140,false],"2048x2048":["https:\/\/italcamara-es.com\/wp-content\/uploads\/2025\/03\/distribuzione-alimentaria250.jpg",250,140,false],"ocean-thumb-m":["https:\/\/italcamara-es.com\/wp-content\/uploads\/2025\/03\/distribuzione-alimentaria250.jpg",250,140,false],"ocean-thumb-ml":["https:\/\/italcamara-es.com\/wp-content\/uploads\/2025\/03\/distribuzione-alimentaria250.jpg",250,140,false],"ocean-thumb-l":["https:\/\/italcamara-es.com\/wp-content\/uploads\/2025\/03\/distribuzione-alimentaria250.jpg",250,140,false],"directorist_preview":["https:\/\/italcamara-es.com\/wp-content\/uploads\/2025\/03\/distribuzione-alimentaria250.jpg",250,140,false]},"rttpg_author":{"display_name":"administrador","author_link":"https:\/\/italcamara-es.com\/it\/author\/administrador\/"},"rttpg_comment":0,"rttpg_category":"<a href=\"https:\/\/italcamara-es.com\/it\/category\/notizie\/\" rel=\"category tag\">Notizie<\/a>","rttpg_excerpt":"Il settore della distribuzione alimentare in Spagna crescer\u00e0 nel 2017 tra il 3 ed il 4%, grazie al maggior consumo interno, all\u2019aumento del consumo fuori dalla propria abitazione ed alla maggiore affluenza dei turisti. Questa \u00e8 la principale conclusione a cui arrriva il rapporto Informe Sectorial de la Distribuci\u00f3n Alimentaria, elaborato dalla CESCE, nella quale&hellip;","_links":{"self":[{"href":"https:\/\/italcamara-es.com\/it\/wp-json\/wp\/v2\/posts\/56614","targetHints":{"allow":["GET"]}}],"collection":[{"href":"https:\/\/italcamara-es.com\/it\/wp-json\/wp\/v2\/posts"}],"about":[{"href":"https:\/\/italcamara-es.com\/it\/wp-json\/wp\/v2\/types\/post"}],"author":[{"embeddable":true,"href":"https:\/\/italcamara-es.com\/it\/wp-json\/wp\/v2\/users\/1"}],"replies":[{"embeddable":true,"href":"https:\/\/italcamara-es.com\/it\/wp-json\/wp\/v2\/comments?post=56614"}],"version-history":[{"count":0,"href":"https:\/\/italcamara-es.com\/it\/wp-json\/wp\/v2\/posts\/56614\/revisions"}],"wp:featuredmedia":[{"embeddable":true,"href":"https:\/\/italcamara-es.com\/it\/wp-json\/wp\/v2\/media\/53669"}],"wp:attachment":[{"href":"https:\/\/italcamara-es.com\/it\/wp-json\/wp\/v2\/media?parent=56614"}],"wp:term":[{"taxonomy":"category","embeddable":true,"href":"https:\/\/italcamara-es.com\/it\/wp-json\/wp\/v2\/categories?post=56614"},{"taxonomy":"post_tag","embeddable":true,"href":"https:\/\/italcamara-es.com\/it\/wp-json\/wp\/v2\/tags?post=56614"}],"curies":[{"name":"wp","href":"https:\/\/api.w.org\/{rel}","templated":true}]}}