	{"id":56616,"date":"2017-11-27T16:11:47","date_gmt":"2017-11-27T15:11:47","guid":{"rendered":"http:\/\/pre.italcamara-es.com\/senza-categoria\/pubblicato-il-rapporto-mercasa-sullalimentazione-in-spagna-2017\/"},"modified":"2017-11-27T16:11:47","modified_gmt":"2017-11-27T15:11:47","slug":"pubblicato-il-rapporto-mercasa-sullalimentazione-in-spagna-2017","status":"publish","type":"post","link":"https:\/\/italcamara-es.com\/it\/notizie\/pubblicato-il-rapporto-mercasa-sullalimentazione-in-spagna-2017\/","title":{"rendered":"Pubblicato il rapporto Mercasa sull&#8217;alimentazione in Spagna 2017"},"content":{"rendered":"<p>Mercasa, impresa pubblica incaricata di promuovere la Rete di Mercasa, ha pubblicato una nuova edizione del Rapporto Alimentazione in Spagna, Produzione, Industria, Distribuzione e Consumo, corrispondente al 2017, il cui obiettivo \u00e8 quello di contribuire ad una migliore conoscenza della realt\u00e0 alimentare spagnola.<br \/>\n<strong>Rapporto Mercasa 2017: dati di sintesi<\/strong><\/p>\n<p>\u2022 <strong>Principali risultati macroeconomici riguardanti agricultura ed allevamento nel 2016.<\/strong> Nel 2016, il valore della Produzione dell\u2019industria agr\u00edcola spagnola \u00e8 cresciuto fino a raggiungere i 43,8 miliardi di \u20ac (valori correnti a prezzi basici), il 2,9% in pi\u00f9 rispetto al 2015.<br \/>\n\u2022 <strong>Commercio estero agroalimentare<\/strong>. Le esportazioni agroalimentari, nel 2016, hanno registrato una crescita del 5,9% rispetto al 2015, raggiungendo quota 46,8 miliardi. Dal 2000, si \u00e8 assitito ad una continua crescita delle esportazioni agroalimentari, eccezion fatta per l\u2019anno 2009 (-0,3%). Negli anni successivi (2010, 2011 e 2012), le vendite all\u2019estero sono cresciute circa dell\u201911%. Nel 2013 e 2014, invece, la crescita \u00e8 risultata essere pi\u00f9 moderata (+3,6% e +4,5%).<br \/>\n\u2022 <strong>L\u2019industria alimentare<\/strong>. L\u2019industria dell\u2019alimentazione e delle bevande ha consolidato la propria posizione come primo settore industriale per quanto riguarda la produzione, l\u2019occupazione ed il commercio estero.<br \/>\n\u2022 <strong>Struttura del commercio al dettaglio<\/strong>. Le attivit\u00e0 di distribuzione commerciale hanno come finalit\u00e0 ultima quella di assicurare la fornitura di prodotti, specialmente quelli alimentari, ai consumatori. Si avverte cos\u00ec la significativa partecipazione delle attivit\u00e0 alimentari al dettaglio nell\u2019insieme della struttura distributiva. Sul totale delle imprese dedicate al commercio al dettaglio, il 21,4% si associa al commercio di alimenti e bevande in stabilimenti specializzati.<br \/>\n\u2022 <strong>Consumo alimentare.<\/strong> La spesa totale in alimentazione e bevande \u00e8 cresciuta nel 2016 fino a raggiungere i 102,2 miliardi di Euro.<br \/>\n&nbsp;<br \/>\nPuoi consultare il rapporto completo di Mercasa Alimentaci\u00f3n en Espa\u00f1a 2017 cliccando qui:<span style=\"color: #003366;\"> <a style=\"color: #003366;\" href=\"http:\/\/xn--alimentacionenespaa-d4b.es\/ae\/\" target=\"_blank\" rel=\"noopener\">http:\/\/xn--alimentacionenespaa-d4b.es\/ae\/<\/a><\/span><\/p>\n<p>&nbsp;<\/p>\n<p><em>Fonte<\/em>: Diariodegastronomia.com<\/p>\n","protected":false},"excerpt":{"rendered":"<p>Mercasa, impresa pubblica incaricata di promuovere la Rete di Mercasa, ha pubblicato una nuova edizione del Rapporto Alimentazione in Spagna, Produzione, Industria, Distribuzione e Consumo, corrispondente al 2017, il cui obiettivo \u00e8 quello di contribuire ad una migliore conoscenza della realt\u00e0 alimentare spagnola. Rapporto Mercasa 2017: dati di sintesi \u2022 Principali risultati macroeconomici riguardanti agricultura [&hellip;]<\/p>\n","protected":false},"author":1,"featured_media":53673,"comment_status":"open","ping_status":"open","sticky":false,"template":"","format":"standard","meta":{"inline_featured_image":false,"ocean_post_layout":"","ocean_both_sidebars_style":"","ocean_both_sidebars_content_width":0,"ocean_both_sidebars_sidebars_width":0,"ocean_sidebar":"","ocean_second_sidebar":"","ocean_disable_margins":"enable","ocean_add_body_class":"","ocean_shortcode_before_top_bar":"","ocean_shortcode_after_top_bar":"","ocean_shortcode_before_header":"","ocean_shortcode_after_header":"","ocean_has_shortcode":"","ocean_shortcode_after_title":"","ocean_shortcode_before_footer_widgets":"","ocean_shortcode_after_footer_widgets":"","ocean_shortcode_before_footer_bottom":"","ocean_shortcode_after_footer_bottom":"","ocean_display_top_bar":"default","ocean_display_header":"default","ocean_header_style":"","ocean_center_header_left_menu":"","ocean_custom_header_template":"","ocean_custom_logo":0,"ocean_custom_retina_logo":0,"ocean_custom_logo_max_width":0,"ocean_custom_logo_tablet_max_width":0,"ocean_custom_logo_mobile_max_width":0,"ocean_custom_logo_max_height":0,"ocean_custom_logo_tablet_max_height":0,"ocean_custom_logo_mobile_max_height":0,"ocean_header_custom_menu":"","ocean_menu_typo_font_family":"","ocean_menu_typo_font_subset":"","ocean_menu_typo_font_size":0,"ocean_menu_typo_font_size_tablet":0,"ocean_menu_typo_font_size_mobile":0,"ocean_menu_typo_font_size_unit":"px","ocean_menu_typo_font_weight":"","ocean_menu_typo_font_weight_tablet":"","ocean_menu_typo_font_weight_mobile":"","ocean_menu_typo_transform":"","ocean_menu_typo_transform_tablet":"","ocean_menu_typo_transform_mobile":"","ocean_menu_typo_line_height":0,"ocean_menu_typo_line_height_tablet":0,"ocean_menu_typo_line_height_mobile":0,"ocean_menu_typo_line_height_unit":"","ocean_menu_typo_spacing":0,"ocean_menu_typo_spacing_tablet":0,"ocean_menu_typo_spacing_mobile":0,"ocean_menu_typo_spacing_unit":"","ocean_menu_link_color":"","ocean_menu_link_color_hover":"","ocean_menu_link_color_active":"","ocean_menu_link_background":"","ocean_menu_link_hover_background":"","ocean_menu_link_active_background":"","ocean_menu_social_links_bg":"","ocean_menu_social_hover_links_bg":"","ocean_menu_social_links_color":"","ocean_menu_social_hover_links_color":"","ocean_disable_title":"default","ocean_disable_heading":"default","ocean_post_title":"","ocean_post_subheading":"","ocean_post_title_style":"","ocean_post_title_background_color":"","ocean_post_title_background":0,"ocean_post_title_bg_image_position":"","ocean_post_title_bg_image_attachment":"","ocean_post_title_bg_image_repeat":"","ocean_post_title_bg_image_size":"","ocean_post_title_height":0,"ocean_post_title_bg_overlay":0.5,"ocean_post_title_bg_overlay_color":"","ocean_disable_breadcrumbs":"default","ocean_breadcrumbs_color":"","ocean_breadcrumbs_separator_color":"","ocean_breadcrumbs_links_color":"","ocean_breadcrumbs_links_hover_color":"","ocean_display_footer_widgets":"default","ocean_display_footer_bottom":"default","ocean_custom_footer_template":"","ocean_post_oembed":"","ocean_post_self_hosted_media":"","ocean_post_video_embed":"","ocean_link_format":"","ocean_link_format_target":"self","ocean_quote_format":"","ocean_quote_format_link":"post","ocean_gallery_link_images":"on","ocean_gallery_id":[],"footnotes":""},"categories":[133],"tags":[138],"class_list":["post-56616","post","type-post","status-publish","format-standard","has-post-thumbnail","hentry","category-notizie","tag-notizie-di-mercato","entry","has-media"],"yoast_head":"<!-- This site is optimized with the Yoast SEO plugin v27.5 - https:\/\/yoast.com\/product\/yoast-seo-wordpress\/ -->\n<title>Pubblicato il rapporto Mercasa sull&#039;alimentazione in Spagna 2017 - Italcamara<\/title>\n<meta name=\"robots\" content=\"index, follow, max-snippet:-1, max-image-preview:large, max-video-preview:-1\" \/>\n<link rel=\"canonical\" href=\"https:\/\/italcamara-es.com\/it\/notizie\/pubblicato-il-rapporto-mercasa-sullalimentazione-in-spagna-2017\/\" \/>\n<meta property=\"og:locale\" content=\"it_IT\" \/>\n<meta property=\"og:type\" content=\"article\" \/>\n<meta property=\"og:title\" content=\"Pubblicato il rapporto Mercasa sull&#039;alimentazione in Spagna 2017 - Italcamara\" \/>\n<meta property=\"og:description\" content=\"Mercasa, impresa pubblica incaricata di promuovere la Rete di Mercasa, ha pubblicato una nuova edizione del Rapporto Alimentazione in Spagna, Produzione, Industria, Distribuzione e Consumo, corrispondente al 2017, il cui obiettivo \u00e8 quello di contribuire ad una migliore conoscenza della realt\u00e0 alimentare spagnola. Rapporto Mercasa 2017: dati di sintesi \u2022 Principali risultati macroeconomici riguardanti agricultura [&hellip;]\" \/>\n<meta property=\"og:url\" content=\"https:\/\/italcamara-es.com\/it\/notizie\/pubblicato-il-rapporto-mercasa-sullalimentazione-in-spagna-2017\/\" \/>\n<meta property=\"og:site_name\" content=\"Italcamara\" \/>\n<meta property=\"article:published_time\" content=\"2017-11-27T15:11:47+00:00\" \/>\n<meta property=\"og:image\" content=\"https:\/\/italcamara-es.com\/wp-content\/uploads\/2025\/03\/Mercasa250.jpg\" \/>\n\t<meta property=\"og:image:width\" content=\"250\" \/>\n\t<meta property=\"og:image:height\" content=\"140\" \/>\n\t<meta property=\"og:image:type\" content=\"image\/jpeg\" \/>\n<meta name=\"author\" content=\"administrador\" \/>\n<meta name=\"twitter:card\" content=\"summary_large_image\" \/>\n<meta name=\"twitter:label1\" content=\"Scritto da\" \/>\n\t<meta name=\"twitter:data1\" content=\"administrador\" \/>\n\t<meta name=\"twitter:label2\" content=\"Tempo di lettura stimato\" \/>\n\t<meta name=\"twitter:data2\" content=\"1 minuto\" \/>\n<script type=\"application\/ld+json\" class=\"yoast-schema-graph\">{\"@context\":\"https:\\\/\\\/schema.org\",\"@graph\":[{\"@type\":\"Article\",\"@id\":\"https:\\\/\\\/italcamara-es.com\\\/it\\\/notizie\\\/pubblicato-il-rapporto-mercasa-sullalimentazione-in-spagna-2017\\\/#article\",\"isPartOf\":{\"@id\":\"https:\\\/\\\/italcamara-es.com\\\/it\\\/notizie\\\/pubblicato-il-rapporto-mercasa-sullalimentazione-in-spagna-2017\\\/\"},\"author\":{\"name\":\"administrador\",\"@id\":\"https:\\\/\\\/italcamara-es.com\\\/#\\\/schema\\\/person\\\/bb3c56263e405bbd9a15171dcfee93bb\"},\"headline\":\"Pubblicato il rapporto Mercasa sull&#8217;alimentazione in Spagna 2017\",\"datePublished\":\"2017-11-27T15:11:47+00:00\",\"mainEntityOfPage\":{\"@id\":\"https:\\\/\\\/italcamara-es.com\\\/it\\\/notizie\\\/pubblicato-il-rapporto-mercasa-sullalimentazione-in-spagna-2017\\\/\"},\"wordCount\":279,\"commentCount\":0,\"image\":{\"@id\":\"https:\\\/\\\/italcamara-es.com\\\/it\\\/notizie\\\/pubblicato-il-rapporto-mercasa-sullalimentazione-in-spagna-2017\\\/#primaryimage\"},\"thumbnailUrl\":\"https:\\\/\\\/italcamara-es.com\\\/wp-content\\\/uploads\\\/2025\\\/03\\\/Mercasa250.jpg\",\"keywords\":[\"Notizie di Mercato\"],\"articleSection\":[\"Notizie\"],\"inLanguage\":\"it-IT\",\"potentialAction\":[{\"@type\":\"CommentAction\",\"name\":\"Comment\",\"target\":[\"https:\\\/\\\/italcamara-es.com\\\/it\\\/notizie\\\/pubblicato-il-rapporto-mercasa-sullalimentazione-in-spagna-2017\\\/#respond\"]}]},{\"@type\":\"WebPage\",\"@id\":\"https:\\\/\\\/italcamara-es.com\\\/it\\\/notizie\\\/pubblicato-il-rapporto-mercasa-sullalimentazione-in-spagna-2017\\\/\",\"url\":\"https:\\\/\\\/italcamara-es.com\\\/it\\\/notizie\\\/pubblicato-il-rapporto-mercasa-sullalimentazione-in-spagna-2017\\\/\",\"name\":\"Pubblicato il rapporto Mercasa sull'alimentazione in Spagna 2017 - Italcamara\",\"isPartOf\":{\"@id\":\"https:\\\/\\\/italcamara-es.com\\\/#website\"},\"primaryImageOfPage\":{\"@id\":\"https:\\\/\\\/italcamara-es.com\\\/it\\\/notizie\\\/pubblicato-il-rapporto-mercasa-sullalimentazione-in-spagna-2017\\\/#primaryimage\"},\"image\":{\"@id\":\"https:\\\/\\\/italcamara-es.com\\\/it\\\/notizie\\\/pubblicato-il-rapporto-mercasa-sullalimentazione-in-spagna-2017\\\/#primaryimage\"},\"thumbnailUrl\":\"https:\\\/\\\/italcamara-es.com\\\/wp-content\\\/uploads\\\/2025\\\/03\\\/Mercasa250.jpg\",\"datePublished\":\"2017-11-27T15:11:47+00:00\",\"author\":{\"@id\":\"https:\\\/\\\/italcamara-es.com\\\/#\\\/schema\\\/person\\\/bb3c56263e405bbd9a15171dcfee93bb\"},\"breadcrumb\":{\"@id\":\"https:\\\/\\\/italcamara-es.com\\\/it\\\/notizie\\\/pubblicato-il-rapporto-mercasa-sullalimentazione-in-spagna-2017\\\/#breadcrumb\"},\"inLanguage\":\"it-IT\",\"potentialAction\":[{\"@type\":\"ReadAction\",\"target\":[\"https:\\\/\\\/italcamara-es.com\\\/it\\\/notizie\\\/pubblicato-il-rapporto-mercasa-sullalimentazione-in-spagna-2017\\\/\"]}]},{\"@type\":\"ImageObject\",\"inLanguage\":\"it-IT\",\"@id\":\"https:\\\/\\\/italcamara-es.com\\\/it\\\/notizie\\\/pubblicato-il-rapporto-mercasa-sullalimentazione-in-spagna-2017\\\/#primaryimage\",\"url\":\"https:\\\/\\\/italcamara-es.com\\\/wp-content\\\/uploads\\\/2025\\\/03\\\/Mercasa250.jpg\",\"contentUrl\":\"https:\\\/\\\/italcamara-es.com\\\/wp-content\\\/uploads\\\/2025\\\/03\\\/Mercasa250.jpg\",\"width\":250,\"height\":140},{\"@type\":\"BreadcrumbList\",\"@id\":\"https:\\\/\\\/italcamara-es.com\\\/it\\\/notizie\\\/pubblicato-il-rapporto-mercasa-sullalimentazione-in-spagna-2017\\\/#breadcrumb\",\"itemListElement\":[{\"@type\":\"ListItem\",\"position\":1,\"name\":\"Inicio\",\"item\":\"https:\\\/\\\/italcamara-es.com\\\/it\\\/homepage-ita\\\/\"},{\"@type\":\"ListItem\",\"position\":2,\"name\":\"Pubblicato il rapporto Mercasa sull&#8217;alimentazione in Spagna 2017\"}]},{\"@type\":\"WebSite\",\"@id\":\"https:\\\/\\\/italcamara-es.com\\\/#website\",\"url\":\"https:\\\/\\\/italcamara-es.com\\\/\",\"name\":\"Italcamara\",\"description\":\"\",\"potentialAction\":[{\"@type\":\"SearchAction\",\"target\":{\"@type\":\"EntryPoint\",\"urlTemplate\":\"https:\\\/\\\/italcamara-es.com\\\/?s={search_term_string}\"},\"query-input\":{\"@type\":\"PropertyValueSpecification\",\"valueRequired\":true,\"valueName\":\"search_term_string\"}}],\"inLanguage\":\"it-IT\"},{\"@type\":\"Person\",\"@id\":\"https:\\\/\\\/italcamara-es.com\\\/#\\\/schema\\\/person\\\/bb3c56263e405bbd9a15171dcfee93bb\",\"name\":\"administrador\",\"image\":{\"@type\":\"ImageObject\",\"inLanguage\":\"it-IT\",\"@id\":\"https:\\\/\\\/secure.gravatar.com\\\/avatar\\\/14b5e63db38320b12031bb28cf9f77e210aa71fb3a8a3602a3c9a05134fa75eb?s=96&d=mm&r=g\",\"url\":\"https:\\\/\\\/secure.gravatar.com\\\/avatar\\\/14b5e63db38320b12031bb28cf9f77e210aa71fb3a8a3602a3c9a05134fa75eb?s=96&d=mm&r=g\",\"contentUrl\":\"https:\\\/\\\/secure.gravatar.com\\\/avatar\\\/14b5e63db38320b12031bb28cf9f77e210aa71fb3a8a3602a3c9a05134fa75eb?s=96&d=mm&r=g\",\"caption\":\"administrador\"},\"sameAs\":[\"http:\\\/\\\/pre.italcamara-es.com\"],\"url\":\"https:\\\/\\\/italcamara-es.com\\\/it\\\/author\\\/administrador\\\/\"}]}<\/script>\n<!-- \/ Yoast SEO plugin. -->","yoast_head_json":{"title":"Pubblicato il rapporto Mercasa sull'alimentazione in Spagna 2017 - Italcamara","robots":{"index":"index","follow":"follow","max-snippet":"max-snippet:-1","max-image-preview":"max-image-preview:large","max-video-preview":"max-video-preview:-1"},"canonical":"https:\/\/italcamara-es.com\/it\/notizie\/pubblicato-il-rapporto-mercasa-sullalimentazione-in-spagna-2017\/","og_locale":"it_IT","og_type":"article","og_title":"Pubblicato il rapporto Mercasa sull'alimentazione in Spagna 2017 - Italcamara","og_description":"Mercasa, impresa pubblica incaricata di promuovere la Rete di Mercasa, ha pubblicato una nuova edizione del Rapporto Alimentazione in Spagna, Produzione, Industria, Distribuzione e Consumo, corrispondente al 2017, il cui obiettivo \u00e8 quello di contribuire ad una migliore conoscenza della realt\u00e0 alimentare spagnola. Rapporto Mercasa 2017: dati di sintesi \u2022 Principali risultati macroeconomici riguardanti agricultura [&hellip;]","og_url":"https:\/\/italcamara-es.com\/it\/notizie\/pubblicato-il-rapporto-mercasa-sullalimentazione-in-spagna-2017\/","og_site_name":"Italcamara","article_published_time":"2017-11-27T15:11:47+00:00","og_image":[{"width":250,"height":140,"url":"https:\/\/italcamara-es.com\/wp-content\/uploads\/2025\/03\/Mercasa250.jpg","type":"image\/jpeg"}],"author":"administrador","twitter_card":"summary_large_image","twitter_misc":{"Scritto da":"administrador","Tempo di lettura stimato":"1 minuto"},"schema":{"@context":"https:\/\/schema.org","@graph":[{"@type":"Article","@id":"https:\/\/italcamara-es.com\/it\/notizie\/pubblicato-il-rapporto-mercasa-sullalimentazione-in-spagna-2017\/#article","isPartOf":{"@id":"https:\/\/italcamara-es.com\/it\/notizie\/pubblicato-il-rapporto-mercasa-sullalimentazione-in-spagna-2017\/"},"author":{"name":"administrador","@id":"https:\/\/italcamara-es.com\/#\/schema\/person\/bb3c56263e405bbd9a15171dcfee93bb"},"headline":"Pubblicato il rapporto Mercasa sull&#8217;alimentazione in Spagna 2017","datePublished":"2017-11-27T15:11:47+00:00","mainEntityOfPage":{"@id":"https:\/\/italcamara-es.com\/it\/notizie\/pubblicato-il-rapporto-mercasa-sullalimentazione-in-spagna-2017\/"},"wordCount":279,"commentCount":0,"image":{"@id":"https:\/\/italcamara-es.com\/it\/notizie\/pubblicato-il-rapporto-mercasa-sullalimentazione-in-spagna-2017\/#primaryimage"},"thumbnailUrl":"https:\/\/italcamara-es.com\/wp-content\/uploads\/2025\/03\/Mercasa250.jpg","keywords":["Notizie di Mercato"],"articleSection":["Notizie"],"inLanguage":"it-IT","potentialAction":[{"@type":"CommentAction","name":"Comment","target":["https:\/\/italcamara-es.com\/it\/notizie\/pubblicato-il-rapporto-mercasa-sullalimentazione-in-spagna-2017\/#respond"]}]},{"@type":"WebPage","@id":"https:\/\/italcamara-es.com\/it\/notizie\/pubblicato-il-rapporto-mercasa-sullalimentazione-in-spagna-2017\/","url":"https:\/\/italcamara-es.com\/it\/notizie\/pubblicato-il-rapporto-mercasa-sullalimentazione-in-spagna-2017\/","name":"Pubblicato il rapporto Mercasa sull'alimentazione in Spagna 2017 - Italcamara","isPartOf":{"@id":"https:\/\/italcamara-es.com\/#website"},"primaryImageOfPage":{"@id":"https:\/\/italcamara-es.com\/it\/notizie\/pubblicato-il-rapporto-mercasa-sullalimentazione-in-spagna-2017\/#primaryimage"},"image":{"@id":"https:\/\/italcamara-es.com\/it\/notizie\/pubblicato-il-rapporto-mercasa-sullalimentazione-in-spagna-2017\/#primaryimage"},"thumbnailUrl":"https:\/\/italcamara-es.com\/wp-content\/uploads\/2025\/03\/Mercasa250.jpg","datePublished":"2017-11-27T15:11:47+00:00","author":{"@id":"https:\/\/italcamara-es.com\/#\/schema\/person\/bb3c56263e405bbd9a15171dcfee93bb"},"breadcrumb":{"@id":"https:\/\/italcamara-es.com\/it\/notizie\/pubblicato-il-rapporto-mercasa-sullalimentazione-in-spagna-2017\/#breadcrumb"},"inLanguage":"it-IT","potentialAction":[{"@type":"ReadAction","target":["https:\/\/italcamara-es.com\/it\/notizie\/pubblicato-il-rapporto-mercasa-sullalimentazione-in-spagna-2017\/"]}]},{"@type":"ImageObject","inLanguage":"it-IT","@id":"https:\/\/italcamara-es.com\/it\/notizie\/pubblicato-il-rapporto-mercasa-sullalimentazione-in-spagna-2017\/#primaryimage","url":"https:\/\/italcamara-es.com\/wp-content\/uploads\/2025\/03\/Mercasa250.jpg","contentUrl":"https:\/\/italcamara-es.com\/wp-content\/uploads\/2025\/03\/Mercasa250.jpg","width":250,"height":140},{"@type":"BreadcrumbList","@id":"https:\/\/italcamara-es.com\/it\/notizie\/pubblicato-il-rapporto-mercasa-sullalimentazione-in-spagna-2017\/#breadcrumb","itemListElement":[{"@type":"ListItem","position":1,"name":"Inicio","item":"https:\/\/italcamara-es.com\/it\/homepage-ita\/"},{"@type":"ListItem","position":2,"name":"Pubblicato il rapporto Mercasa sull&#8217;alimentazione in Spagna 2017"}]},{"@type":"WebSite","@id":"https:\/\/italcamara-es.com\/#website","url":"https:\/\/italcamara-es.com\/","name":"Italcamara","description":"","potentialAction":[{"@type":"SearchAction","target":{"@type":"EntryPoint","urlTemplate":"https:\/\/italcamara-es.com\/?s={search_term_string}"},"query-input":{"@type":"PropertyValueSpecification","valueRequired":true,"valueName":"search_term_string"}}],"inLanguage":"it-IT"},{"@type":"Person","@id":"https:\/\/italcamara-es.com\/#\/schema\/person\/bb3c56263e405bbd9a15171dcfee93bb","name":"administrador","image":{"@type":"ImageObject","inLanguage":"it-IT","@id":"https:\/\/secure.gravatar.com\/avatar\/14b5e63db38320b12031bb28cf9f77e210aa71fb3a8a3602a3c9a05134fa75eb?s=96&d=mm&r=g","url":"https:\/\/secure.gravatar.com\/avatar\/14b5e63db38320b12031bb28cf9f77e210aa71fb3a8a3602a3c9a05134fa75eb?s=96&d=mm&r=g","contentUrl":"https:\/\/secure.gravatar.com\/avatar\/14b5e63db38320b12031bb28cf9f77e210aa71fb3a8a3602a3c9a05134fa75eb?s=96&d=mm&r=g","caption":"administrador"},"sameAs":["http:\/\/pre.italcamara-es.com"],"url":"https:\/\/italcamara-es.com\/it\/author\/administrador\/"}]}},"rttpg_featured_image_url":{"full":["https:\/\/italcamara-es.com\/wp-content\/uploads\/2025\/03\/Mercasa250.jpg",250,140,false],"landscape":["https:\/\/italcamara-es.com\/wp-content\/uploads\/2025\/03\/Mercasa250.jpg",250,140,false],"portraits":["https:\/\/italcamara-es.com\/wp-content\/uploads\/2025\/03\/Mercasa250.jpg",250,140,false],"thumbnail":["https:\/\/italcamara-es.com\/wp-content\/uploads\/2025\/03\/Mercasa250-150x140.jpg",150,140,true],"medium":["https:\/\/italcamara-es.com\/wp-content\/uploads\/2025\/03\/Mercasa250.jpg",250,140,false],"large":["https:\/\/italcamara-es.com\/wp-content\/uploads\/2025\/03\/Mercasa250.jpg",250,140,false],"1536x1536":["https:\/\/italcamara-es.com\/wp-content\/uploads\/2025\/03\/Mercasa250.jpg",250,140,false],"2048x2048":["https:\/\/italcamara-es.com\/wp-content\/uploads\/2025\/03\/Mercasa250.jpg",250,140,false],"ocean-thumb-m":["https:\/\/italcamara-es.com\/wp-content\/uploads\/2025\/03\/Mercasa250.jpg",250,140,false],"ocean-thumb-ml":["https:\/\/italcamara-es.com\/wp-content\/uploads\/2025\/03\/Mercasa250.jpg",250,140,false],"ocean-thumb-l":["https:\/\/italcamara-es.com\/wp-content\/uploads\/2025\/03\/Mercasa250.jpg",250,140,false],"directorist_preview":["https:\/\/italcamara-es.com\/wp-content\/uploads\/2025\/03\/Mercasa250.jpg",250,140,false]},"rttpg_author":{"display_name":"administrador","author_link":"https:\/\/italcamara-es.com\/it\/author\/administrador\/"},"rttpg_comment":0,"rttpg_category":"<a href=\"https:\/\/italcamara-es.com\/it\/category\/notizie\/\" rel=\"category tag\">Notizie<\/a>","rttpg_excerpt":"Mercasa, impresa pubblica incaricata di promuovere la Rete di Mercasa, ha pubblicato una nuova edizione del Rapporto Alimentazione in Spagna, Produzione, Industria, Distribuzione e Consumo, corrispondente al 2017, il cui obiettivo \u00e8 quello di contribuire ad una migliore conoscenza della realt\u00e0 alimentare spagnola. Rapporto Mercasa 2017: dati di sintesi \u2022 Principali risultati macroeconomici riguardanti agricultura&hellip;","_links":{"self":[{"href":"https:\/\/italcamara-es.com\/it\/wp-json\/wp\/v2\/posts\/56616","targetHints":{"allow":["GET"]}}],"collection":[{"href":"https:\/\/italcamara-es.com\/it\/wp-json\/wp\/v2\/posts"}],"about":[{"href":"https:\/\/italcamara-es.com\/it\/wp-json\/wp\/v2\/types\/post"}],"author":[{"embeddable":true,"href":"https:\/\/italcamara-es.com\/it\/wp-json\/wp\/v2\/users\/1"}],"replies":[{"embeddable":true,"href":"https:\/\/italcamara-es.com\/it\/wp-json\/wp\/v2\/comments?post=56616"}],"version-history":[{"count":0,"href":"https:\/\/italcamara-es.com\/it\/wp-json\/wp\/v2\/posts\/56616\/revisions"}],"wp:featuredmedia":[{"embeddable":true,"href":"https:\/\/italcamara-es.com\/it\/wp-json\/wp\/v2\/media\/53673"}],"wp:attachment":[{"href":"https:\/\/italcamara-es.com\/it\/wp-json\/wp\/v2\/media?parent=56616"}],"wp:term":[{"taxonomy":"category","embeddable":true,"href":"https:\/\/italcamara-es.com\/it\/wp-json\/wp\/v2\/categories?post=56616"},{"taxonomy":"post_tag","embeddable":true,"href":"https:\/\/italcamara-es.com\/it\/wp-json\/wp\/v2\/tags?post=56616"}],"curies":[{"name":"wp","href":"https:\/\/api.w.org\/{rel}","templated":true}]}}