	{"id":56630,"date":"2018-03-27T10:25:38","date_gmt":"2018-03-27T08:25:38","guid":{"rendered":"http:\/\/pre.italcamara-es.com\/senza-categoria\/landalusia-e-la-terza-comunita-autonoma-spagnola-per-export\/"},"modified":"2018-03-27T10:25:38","modified_gmt":"2018-03-27T08:25:38","slug":"landalusia-e-la-terza-comunita-autonoma-spagnola-per-export","status":"publish","type":"post","link":"https:\/\/italcamara-es.com\/it\/notizie\/landalusia-e-la-terza-comunita-autonoma-spagnola-per-export\/","title":{"rendered":"L\u2019Andalusia \u00e8 la terza Comunit\u00e0 Autonoma spagnola per export"},"content":{"rendered":"<p>Le esportazioni andaluse hanno raggiunto quota 2.519 milioni di Euro nel primo mese del 2018, superando i 2.500 milioni per la seconda volta nella storia, nonostante un lieve decremento rispetto a gennaio 2017 (il miglior risultato registrato dal 1995, il primo anno di cui si dispone dei dati). Anche le importazioni sono cresciute (+9,8%) fino a raggiungere i 2.710 milioni di Euro. Si registra quindi un tasso di copertura parti al 93%, contro l\u201985% della media nazionale. In generale, le esportazioni spagnole sono cresciute a gennaio del 6,5% (raggiungendo i 22,8 miliardi), mentre le esportazioni dell\u20198,9% (26,8 miliardi): conseguentemente si \u00e8 registrato un saldo negativo pari a poco meno di 4 miliardi di Euro.<\/p>\n<p>&nbsp;<\/p>\n<p>Con questi dati, l\u2019Andalusia si \u00e8 accreditata come la terza Comunit\u00e0 Autonoma spagnola per export, dietro a Catalogna (5,8 miliardi) e Comunit\u00e0 Valenziana (2,6 miliardi). Per quanto riguarda la composizione delle esportazioni, al primo posto troviamo legumi e verdure fresche (409 milioni di Euro \u2013 16,2%) che registrano una diminuazione del 17,1% rispetto al 2017. Seconda posizione per combustibili ed oli minerali (333 milioni \u2013 13,2%) che crescono del 22,2%. Salgono sull\u2019ultimo gradino del podio di questo ranking i minerali, scorie e cenere (228 milioni \u2013 9%), categoria cresciuta dell\u20191,7%.<\/p>\n<p>&nbsp;<\/p>\n<p>Seguono le vendite di olio d\u2019oliva, che, dopo essere cresciute fortemente negli ultimi anni, diminuiscono del 18%, e di frutta che invece crescono del 14%.<\/p>\n<p>&nbsp;<\/p>\n<p>A gennaio 2018, sono cresciute le vendite all\u2019estero nella met\u00e0 delle province andaluse rispetto al 2017. Siviglia \u00e8 la quarta provincia per export ed \u00e8 quella che pi\u00f9 cresce nel gennaio 2018 (+13%). La prima provincia \u00e8 Huelva, che vede ridursi del 2,8% le proprie vendite all\u2019estero. Secondo posto per Cadice (-0,3%) e terza posizione per Almer\u00eda (-15,8%). Le quote percentuali di export per provincia risultano essere le seguenti: Huelva 23,7%, C\u00e1diz 21,9%, Almer\u00eda 17,2%, Siviglia 15,3%, Malaga 7%, Cordoba 6,9%, Ja\u00e9n 4% e Granada 3,8%.<\/p>\n<p>&nbsp;<\/p>\n<p>Cresce l\u2019export verso cinque dei primi dieci Paesi di destinazione delle vendite andaluse. La Cina risulta essere il primo mercato non comunitario (139 milioni \u2013 5,5% del totale e crescita del 15,2%), mentre il Marocco il mercato che pi\u00f9 cresce in termini di importazioni dalla Comunit\u00e0 spagnola (121 milioni \u2013 4,8% del totale e crescita del 35%). La Germania \u00e8 il Paese che pi\u00f9 importa dall\u2019Andalusia (268 milioni \u2013 10,6% del totale e crescita del 3,5%), seguito da Francia (260 milioni \u2013 10,3% e diminuzione del 26,3%) e Portogallo (192 milioni \u2013 7,6% e crescita del 16,2%).<\/p>\n<p>&nbsp;<\/p>\n<p><em>Fonte<\/em>: Moneda \u00danica<\/p>\n","protected":false},"excerpt":{"rendered":"<p>Le esportazioni andaluse hanno raggiunto quota 2.519 milioni di Euro nel primo mese del 2018, superando i 2.500 milioni per la seconda volta nella storia, nonostante un lieve decremento rispetto a gennaio 2017 (il miglior risultato registrato dal 1995, il primo anno di cui si dispone dei dati). Anche le importazioni sono cresciute (+9,8%) fino [&hellip;]<\/p>\n","protected":false},"author":1,"featured_media":53700,"comment_status":"open","ping_status":"open","sticky":false,"template":"","format":"standard","meta":{"inline_featured_image":false,"ocean_post_layout":"","ocean_both_sidebars_style":"","ocean_both_sidebars_content_width":0,"ocean_both_sidebars_sidebars_width":0,"ocean_sidebar":"","ocean_second_sidebar":"","ocean_disable_margins":"enable","ocean_add_body_class":"","ocean_shortcode_before_top_bar":"","ocean_shortcode_after_top_bar":"","ocean_shortcode_before_header":"","ocean_shortcode_after_header":"","ocean_has_shortcode":"","ocean_shortcode_after_title":"","ocean_shortcode_before_footer_widgets":"","ocean_shortcode_after_footer_widgets":"","ocean_shortcode_before_footer_bottom":"","ocean_shortcode_after_footer_bottom":"","ocean_display_top_bar":"default","ocean_display_header":"default","ocean_header_style":"","ocean_center_header_left_menu":"","ocean_custom_header_template":"","ocean_custom_logo":0,"ocean_custom_retina_logo":0,"ocean_custom_logo_max_width":0,"ocean_custom_logo_tablet_max_width":0,"ocean_custom_logo_mobile_max_width":0,"ocean_custom_logo_max_height":0,"ocean_custom_logo_tablet_max_height":0,"ocean_custom_logo_mobile_max_height":0,"ocean_header_custom_menu":"","ocean_menu_typo_font_family":"","ocean_menu_typo_font_subset":"","ocean_menu_typo_font_size":0,"ocean_menu_typo_font_size_tablet":0,"ocean_menu_typo_font_size_mobile":0,"ocean_menu_typo_font_size_unit":"px","ocean_menu_typo_font_weight":"","ocean_menu_typo_font_weight_tablet":"","ocean_menu_typo_font_weight_mobile":"","ocean_menu_typo_transform":"","ocean_menu_typo_transform_tablet":"","ocean_menu_typo_transform_mobile":"","ocean_menu_typo_line_height":0,"ocean_menu_typo_line_height_tablet":0,"ocean_menu_typo_line_height_mobile":0,"ocean_menu_typo_line_height_unit":"","ocean_menu_typo_spacing":0,"ocean_menu_typo_spacing_tablet":0,"ocean_menu_typo_spacing_mobile":0,"ocean_menu_typo_spacing_unit":"","ocean_menu_link_color":"","ocean_menu_link_color_hover":"","ocean_menu_link_color_active":"","ocean_menu_link_background":"","ocean_menu_link_hover_background":"","ocean_menu_link_active_background":"","ocean_menu_social_links_bg":"","ocean_menu_social_hover_links_bg":"","ocean_menu_social_links_color":"","ocean_menu_social_hover_links_color":"","ocean_disable_title":"default","ocean_disable_heading":"default","ocean_post_title":"","ocean_post_subheading":"","ocean_post_title_style":"","ocean_post_title_background_color":"","ocean_post_title_background":0,"ocean_post_title_bg_image_position":"","ocean_post_title_bg_image_attachment":"","ocean_post_title_bg_image_repeat":"","ocean_post_title_bg_image_size":"","ocean_post_title_height":0,"ocean_post_title_bg_overlay":0.5,"ocean_post_title_bg_overlay_color":"","ocean_disable_breadcrumbs":"default","ocean_breadcrumbs_color":"","ocean_breadcrumbs_separator_color":"","ocean_breadcrumbs_links_color":"","ocean_breadcrumbs_links_hover_color":"","ocean_display_footer_widgets":"default","ocean_display_footer_bottom":"default","ocean_custom_footer_template":"","ocean_post_oembed":"","ocean_post_self_hosted_media":"","ocean_post_video_embed":"","ocean_link_format":"","ocean_link_format_target":"self","ocean_quote_format":"","ocean_quote_format_link":"post","ocean_gallery_link_images":"on","ocean_gallery_id":[],"footnotes":""},"categories":[133],"tags":[138],"class_list":["post-56630","post","type-post","status-publish","format-standard","has-post-thumbnail","hentry","category-notizie","tag-notizie-di-mercato","entry","has-media"],"yoast_head":"<!-- This site is optimized with the Yoast SEO plugin v27.5 - https:\/\/yoast.com\/product\/yoast-seo-wordpress\/ -->\n<title>L\u2019Andalusia \u00e8 la terza Comunit\u00e0 Autonoma spagnola per export - Italcamara<\/title>\n<meta name=\"robots\" content=\"index, follow, max-snippet:-1, max-image-preview:large, max-video-preview:-1\" \/>\n<link rel=\"canonical\" href=\"https:\/\/italcamara-es.com\/it\/notizie\/landalusia-e-la-terza-comunita-autonoma-spagnola-per-export\/\" \/>\n<meta property=\"og:locale\" content=\"it_IT\" \/>\n<meta property=\"og:type\" content=\"article\" \/>\n<meta property=\"og:title\" content=\"L\u2019Andalusia \u00e8 la terza Comunit\u00e0 Autonoma spagnola per export - Italcamara\" \/>\n<meta property=\"og:description\" content=\"Le esportazioni andaluse hanno raggiunto quota 2.519 milioni di Euro nel primo mese del 2018, superando i 2.500 milioni per la seconda volta nella storia, nonostante un lieve decremento rispetto a gennaio 2017 (il miglior risultato registrato dal 1995, il primo anno di cui si dispone dei dati). Anche le importazioni sono cresciute (+9,8%) fino [&hellip;]\" \/>\n<meta property=\"og:url\" content=\"https:\/\/italcamara-es.com\/it\/notizie\/landalusia-e-la-terza-comunita-autonoma-spagnola-per-export\/\" \/>\n<meta property=\"og:site_name\" content=\"Italcamara\" \/>\n<meta property=\"article:published_time\" content=\"2018-03-27T08:25:38+00:00\" \/>\n<meta property=\"og:image\" content=\"https:\/\/italcamara-es.com\/wp-content\/uploads\/2025\/03\/Sevilla250-1.jpg\" \/>\n\t<meta property=\"og:image:width\" content=\"250\" \/>\n\t<meta property=\"og:image:height\" content=\"137\" \/>\n\t<meta property=\"og:image:type\" content=\"image\/jpeg\" \/>\n<meta name=\"author\" content=\"administrador\" \/>\n<meta name=\"twitter:card\" content=\"summary_large_image\" \/>\n<meta name=\"twitter:label1\" content=\"Scritto da\" \/>\n\t<meta name=\"twitter:data1\" content=\"administrador\" \/>\n\t<meta name=\"twitter:label2\" content=\"Tempo di lettura stimato\" \/>\n\t<meta name=\"twitter:data2\" content=\"2 minuti\" \/>\n<script type=\"application\/ld+json\" class=\"yoast-schema-graph\">{\"@context\":\"https:\\\/\\\/schema.org\",\"@graph\":[{\"@type\":\"Article\",\"@id\":\"https:\\\/\\\/italcamara-es.com\\\/it\\\/notizie\\\/landalusia-e-la-terza-comunita-autonoma-spagnola-per-export\\\/#article\",\"isPartOf\":{\"@id\":\"https:\\\/\\\/italcamara-es.com\\\/it\\\/notizie\\\/landalusia-e-la-terza-comunita-autonoma-spagnola-per-export\\\/\"},\"author\":{\"name\":\"administrador\",\"@id\":\"https:\\\/\\\/italcamara-es.com\\\/#\\\/schema\\\/person\\\/bb3c56263e405bbd9a15171dcfee93bb\"},\"headline\":\"L\u2019Andalusia \u00e8 la terza Comunit\u00e0 Autonoma spagnola per export\",\"datePublished\":\"2018-03-27T08:25:38+00:00\",\"mainEntityOfPage\":{\"@id\":\"https:\\\/\\\/italcamara-es.com\\\/it\\\/notizie\\\/landalusia-e-la-terza-comunita-autonoma-spagnola-per-export\\\/\"},\"wordCount\":373,\"commentCount\":0,\"image\":{\"@id\":\"https:\\\/\\\/italcamara-es.com\\\/it\\\/notizie\\\/landalusia-e-la-terza-comunita-autonoma-spagnola-per-export\\\/#primaryimage\"},\"thumbnailUrl\":\"https:\\\/\\\/italcamara-es.com\\\/wp-content\\\/uploads\\\/2025\\\/03\\\/Sevilla250-1.jpg\",\"keywords\":[\"Notizie di Mercato\"],\"articleSection\":[\"Notizie\"],\"inLanguage\":\"it-IT\",\"potentialAction\":[{\"@type\":\"CommentAction\",\"name\":\"Comment\",\"target\":[\"https:\\\/\\\/italcamara-es.com\\\/it\\\/notizie\\\/landalusia-e-la-terza-comunita-autonoma-spagnola-per-export\\\/#respond\"]}]},{\"@type\":\"WebPage\",\"@id\":\"https:\\\/\\\/italcamara-es.com\\\/it\\\/notizie\\\/landalusia-e-la-terza-comunita-autonoma-spagnola-per-export\\\/\",\"url\":\"https:\\\/\\\/italcamara-es.com\\\/it\\\/notizie\\\/landalusia-e-la-terza-comunita-autonoma-spagnola-per-export\\\/\",\"name\":\"L\u2019Andalusia \u00e8 la terza Comunit\u00e0 Autonoma spagnola per export - Italcamara\",\"isPartOf\":{\"@id\":\"https:\\\/\\\/italcamara-es.com\\\/#website\"},\"primaryImageOfPage\":{\"@id\":\"https:\\\/\\\/italcamara-es.com\\\/it\\\/notizie\\\/landalusia-e-la-terza-comunita-autonoma-spagnola-per-export\\\/#primaryimage\"},\"image\":{\"@id\":\"https:\\\/\\\/italcamara-es.com\\\/it\\\/notizie\\\/landalusia-e-la-terza-comunita-autonoma-spagnola-per-export\\\/#primaryimage\"},\"thumbnailUrl\":\"https:\\\/\\\/italcamara-es.com\\\/wp-content\\\/uploads\\\/2025\\\/03\\\/Sevilla250-1.jpg\",\"datePublished\":\"2018-03-27T08:25:38+00:00\",\"author\":{\"@id\":\"https:\\\/\\\/italcamara-es.com\\\/#\\\/schema\\\/person\\\/bb3c56263e405bbd9a15171dcfee93bb\"},\"breadcrumb\":{\"@id\":\"https:\\\/\\\/italcamara-es.com\\\/it\\\/notizie\\\/landalusia-e-la-terza-comunita-autonoma-spagnola-per-export\\\/#breadcrumb\"},\"inLanguage\":\"it-IT\",\"potentialAction\":[{\"@type\":\"ReadAction\",\"target\":[\"https:\\\/\\\/italcamara-es.com\\\/it\\\/notizie\\\/landalusia-e-la-terza-comunita-autonoma-spagnola-per-export\\\/\"]}]},{\"@type\":\"ImageObject\",\"inLanguage\":\"it-IT\",\"@id\":\"https:\\\/\\\/italcamara-es.com\\\/it\\\/notizie\\\/landalusia-e-la-terza-comunita-autonoma-spagnola-per-export\\\/#primaryimage\",\"url\":\"https:\\\/\\\/italcamara-es.com\\\/wp-content\\\/uploads\\\/2025\\\/03\\\/Sevilla250-1.jpg\",\"contentUrl\":\"https:\\\/\\\/italcamara-es.com\\\/wp-content\\\/uploads\\\/2025\\\/03\\\/Sevilla250-1.jpg\",\"width\":250,\"height\":137},{\"@type\":\"BreadcrumbList\",\"@id\":\"https:\\\/\\\/italcamara-es.com\\\/it\\\/notizie\\\/landalusia-e-la-terza-comunita-autonoma-spagnola-per-export\\\/#breadcrumb\",\"itemListElement\":[{\"@type\":\"ListItem\",\"position\":1,\"name\":\"Inicio\",\"item\":\"https:\\\/\\\/italcamara-es.com\\\/it\\\/homepage-ita\\\/\"},{\"@type\":\"ListItem\",\"position\":2,\"name\":\"L\u2019Andalusia \u00e8 la terza Comunit\u00e0 Autonoma spagnola per export\"}]},{\"@type\":\"WebSite\",\"@id\":\"https:\\\/\\\/italcamara-es.com\\\/#website\",\"url\":\"https:\\\/\\\/italcamara-es.com\\\/\",\"name\":\"Italcamara\",\"description\":\"\",\"potentialAction\":[{\"@type\":\"SearchAction\",\"target\":{\"@type\":\"EntryPoint\",\"urlTemplate\":\"https:\\\/\\\/italcamara-es.com\\\/?s={search_term_string}\"},\"query-input\":{\"@type\":\"PropertyValueSpecification\",\"valueRequired\":true,\"valueName\":\"search_term_string\"}}],\"inLanguage\":\"it-IT\"},{\"@type\":\"Person\",\"@id\":\"https:\\\/\\\/italcamara-es.com\\\/#\\\/schema\\\/person\\\/bb3c56263e405bbd9a15171dcfee93bb\",\"name\":\"administrador\",\"image\":{\"@type\":\"ImageObject\",\"inLanguage\":\"it-IT\",\"@id\":\"https:\\\/\\\/secure.gravatar.com\\\/avatar\\\/14b5e63db38320b12031bb28cf9f77e210aa71fb3a8a3602a3c9a05134fa75eb?s=96&d=mm&r=g\",\"url\":\"https:\\\/\\\/secure.gravatar.com\\\/avatar\\\/14b5e63db38320b12031bb28cf9f77e210aa71fb3a8a3602a3c9a05134fa75eb?s=96&d=mm&r=g\",\"contentUrl\":\"https:\\\/\\\/secure.gravatar.com\\\/avatar\\\/14b5e63db38320b12031bb28cf9f77e210aa71fb3a8a3602a3c9a05134fa75eb?s=96&d=mm&r=g\",\"caption\":\"administrador\"},\"sameAs\":[\"http:\\\/\\\/pre.italcamara-es.com\"],\"url\":\"https:\\\/\\\/italcamara-es.com\\\/it\\\/author\\\/administrador\\\/\"}]}<\/script>\n<!-- \/ Yoast SEO plugin. -->","yoast_head_json":{"title":"L\u2019Andalusia \u00e8 la terza Comunit\u00e0 Autonoma spagnola per export - Italcamara","robots":{"index":"index","follow":"follow","max-snippet":"max-snippet:-1","max-image-preview":"max-image-preview:large","max-video-preview":"max-video-preview:-1"},"canonical":"https:\/\/italcamara-es.com\/it\/notizie\/landalusia-e-la-terza-comunita-autonoma-spagnola-per-export\/","og_locale":"it_IT","og_type":"article","og_title":"L\u2019Andalusia \u00e8 la terza Comunit\u00e0 Autonoma spagnola per export - Italcamara","og_description":"Le esportazioni andaluse hanno raggiunto quota 2.519 milioni di Euro nel primo mese del 2018, superando i 2.500 milioni per la seconda volta nella storia, nonostante un lieve decremento rispetto a gennaio 2017 (il miglior risultato registrato dal 1995, il primo anno di cui si dispone dei dati). Anche le importazioni sono cresciute (+9,8%) fino [&hellip;]","og_url":"https:\/\/italcamara-es.com\/it\/notizie\/landalusia-e-la-terza-comunita-autonoma-spagnola-per-export\/","og_site_name":"Italcamara","article_published_time":"2018-03-27T08:25:38+00:00","og_image":[{"width":250,"height":137,"url":"https:\/\/italcamara-es.com\/wp-content\/uploads\/2025\/03\/Sevilla250-1.jpg","type":"image\/jpeg"}],"author":"administrador","twitter_card":"summary_large_image","twitter_misc":{"Scritto da":"administrador","Tempo di lettura stimato":"2 minuti"},"schema":{"@context":"https:\/\/schema.org","@graph":[{"@type":"Article","@id":"https:\/\/italcamara-es.com\/it\/notizie\/landalusia-e-la-terza-comunita-autonoma-spagnola-per-export\/#article","isPartOf":{"@id":"https:\/\/italcamara-es.com\/it\/notizie\/landalusia-e-la-terza-comunita-autonoma-spagnola-per-export\/"},"author":{"name":"administrador","@id":"https:\/\/italcamara-es.com\/#\/schema\/person\/bb3c56263e405bbd9a15171dcfee93bb"},"headline":"L\u2019Andalusia \u00e8 la terza Comunit\u00e0 Autonoma spagnola per export","datePublished":"2018-03-27T08:25:38+00:00","mainEntityOfPage":{"@id":"https:\/\/italcamara-es.com\/it\/notizie\/landalusia-e-la-terza-comunita-autonoma-spagnola-per-export\/"},"wordCount":373,"commentCount":0,"image":{"@id":"https:\/\/italcamara-es.com\/it\/notizie\/landalusia-e-la-terza-comunita-autonoma-spagnola-per-export\/#primaryimage"},"thumbnailUrl":"https:\/\/italcamara-es.com\/wp-content\/uploads\/2025\/03\/Sevilla250-1.jpg","keywords":["Notizie di Mercato"],"articleSection":["Notizie"],"inLanguage":"it-IT","potentialAction":[{"@type":"CommentAction","name":"Comment","target":["https:\/\/italcamara-es.com\/it\/notizie\/landalusia-e-la-terza-comunita-autonoma-spagnola-per-export\/#respond"]}]},{"@type":"WebPage","@id":"https:\/\/italcamara-es.com\/it\/notizie\/landalusia-e-la-terza-comunita-autonoma-spagnola-per-export\/","url":"https:\/\/italcamara-es.com\/it\/notizie\/landalusia-e-la-terza-comunita-autonoma-spagnola-per-export\/","name":"L\u2019Andalusia \u00e8 la terza Comunit\u00e0 Autonoma spagnola per export - Italcamara","isPartOf":{"@id":"https:\/\/italcamara-es.com\/#website"},"primaryImageOfPage":{"@id":"https:\/\/italcamara-es.com\/it\/notizie\/landalusia-e-la-terza-comunita-autonoma-spagnola-per-export\/#primaryimage"},"image":{"@id":"https:\/\/italcamara-es.com\/it\/notizie\/landalusia-e-la-terza-comunita-autonoma-spagnola-per-export\/#primaryimage"},"thumbnailUrl":"https:\/\/italcamara-es.com\/wp-content\/uploads\/2025\/03\/Sevilla250-1.jpg","datePublished":"2018-03-27T08:25:38+00:00","author":{"@id":"https:\/\/italcamara-es.com\/#\/schema\/person\/bb3c56263e405bbd9a15171dcfee93bb"},"breadcrumb":{"@id":"https:\/\/italcamara-es.com\/it\/notizie\/landalusia-e-la-terza-comunita-autonoma-spagnola-per-export\/#breadcrumb"},"inLanguage":"it-IT","potentialAction":[{"@type":"ReadAction","target":["https:\/\/italcamara-es.com\/it\/notizie\/landalusia-e-la-terza-comunita-autonoma-spagnola-per-export\/"]}]},{"@type":"ImageObject","inLanguage":"it-IT","@id":"https:\/\/italcamara-es.com\/it\/notizie\/landalusia-e-la-terza-comunita-autonoma-spagnola-per-export\/#primaryimage","url":"https:\/\/italcamara-es.com\/wp-content\/uploads\/2025\/03\/Sevilla250-1.jpg","contentUrl":"https:\/\/italcamara-es.com\/wp-content\/uploads\/2025\/03\/Sevilla250-1.jpg","width":250,"height":137},{"@type":"BreadcrumbList","@id":"https:\/\/italcamara-es.com\/it\/notizie\/landalusia-e-la-terza-comunita-autonoma-spagnola-per-export\/#breadcrumb","itemListElement":[{"@type":"ListItem","position":1,"name":"Inicio","item":"https:\/\/italcamara-es.com\/it\/homepage-ita\/"},{"@type":"ListItem","position":2,"name":"L\u2019Andalusia \u00e8 la terza Comunit\u00e0 Autonoma spagnola per export"}]},{"@type":"WebSite","@id":"https:\/\/italcamara-es.com\/#website","url":"https:\/\/italcamara-es.com\/","name":"Italcamara","description":"","potentialAction":[{"@type":"SearchAction","target":{"@type":"EntryPoint","urlTemplate":"https:\/\/italcamara-es.com\/?s={search_term_string}"},"query-input":{"@type":"PropertyValueSpecification","valueRequired":true,"valueName":"search_term_string"}}],"inLanguage":"it-IT"},{"@type":"Person","@id":"https:\/\/italcamara-es.com\/#\/schema\/person\/bb3c56263e405bbd9a15171dcfee93bb","name":"administrador","image":{"@type":"ImageObject","inLanguage":"it-IT","@id":"https:\/\/secure.gravatar.com\/avatar\/14b5e63db38320b12031bb28cf9f77e210aa71fb3a8a3602a3c9a05134fa75eb?s=96&d=mm&r=g","url":"https:\/\/secure.gravatar.com\/avatar\/14b5e63db38320b12031bb28cf9f77e210aa71fb3a8a3602a3c9a05134fa75eb?s=96&d=mm&r=g","contentUrl":"https:\/\/secure.gravatar.com\/avatar\/14b5e63db38320b12031bb28cf9f77e210aa71fb3a8a3602a3c9a05134fa75eb?s=96&d=mm&r=g","caption":"administrador"},"sameAs":["http:\/\/pre.italcamara-es.com"],"url":"https:\/\/italcamara-es.com\/it\/author\/administrador\/"}]}},"rttpg_featured_image_url":{"full":["https:\/\/italcamara-es.com\/wp-content\/uploads\/2025\/03\/Sevilla250-1.jpg",250,137,false],"landscape":["https:\/\/italcamara-es.com\/wp-content\/uploads\/2025\/03\/Sevilla250-1.jpg",250,137,false],"portraits":["https:\/\/italcamara-es.com\/wp-content\/uploads\/2025\/03\/Sevilla250-1.jpg",250,137,false],"thumbnail":["https:\/\/italcamara-es.com\/wp-content\/uploads\/2025\/03\/Sevilla250-1-150x137.jpg",150,137,true],"medium":["https:\/\/italcamara-es.com\/wp-content\/uploads\/2025\/03\/Sevilla250-1.jpg",250,137,false],"large":["https:\/\/italcamara-es.com\/wp-content\/uploads\/2025\/03\/Sevilla250-1.jpg",250,137,false],"1536x1536":["https:\/\/italcamara-es.com\/wp-content\/uploads\/2025\/03\/Sevilla250-1.jpg",250,137,false],"2048x2048":["https:\/\/italcamara-es.com\/wp-content\/uploads\/2025\/03\/Sevilla250-1.jpg",250,137,false],"ocean-thumb-m":["https:\/\/italcamara-es.com\/wp-content\/uploads\/2025\/03\/Sevilla250-1.jpg",250,137,false],"ocean-thumb-ml":["https:\/\/italcamara-es.com\/wp-content\/uploads\/2025\/03\/Sevilla250-1.jpg",250,137,false],"ocean-thumb-l":["https:\/\/italcamara-es.com\/wp-content\/uploads\/2025\/03\/Sevilla250-1.jpg",250,137,false],"directorist_preview":["https:\/\/italcamara-es.com\/wp-content\/uploads\/2025\/03\/Sevilla250-1.jpg",250,137,false]},"rttpg_author":{"display_name":"administrador","author_link":"https:\/\/italcamara-es.com\/it\/author\/administrador\/"},"rttpg_comment":0,"rttpg_category":"<a href=\"https:\/\/italcamara-es.com\/it\/category\/notizie\/\" rel=\"category tag\">Notizie<\/a>","rttpg_excerpt":"Le esportazioni andaluse hanno raggiunto quota 2.519 milioni di Euro nel primo mese del 2018, superando i 2.500 milioni per la seconda volta nella storia, nonostante un lieve decremento rispetto a gennaio 2017 (il miglior risultato registrato dal 1995, il primo anno di cui si dispone dei dati). Anche le importazioni sono cresciute (+9,8%) fino&hellip;","_links":{"self":[{"href":"https:\/\/italcamara-es.com\/it\/wp-json\/wp\/v2\/posts\/56630","targetHints":{"allow":["GET"]}}],"collection":[{"href":"https:\/\/italcamara-es.com\/it\/wp-json\/wp\/v2\/posts"}],"about":[{"href":"https:\/\/italcamara-es.com\/it\/wp-json\/wp\/v2\/types\/post"}],"author":[{"embeddable":true,"href":"https:\/\/italcamara-es.com\/it\/wp-json\/wp\/v2\/users\/1"}],"replies":[{"embeddable":true,"href":"https:\/\/italcamara-es.com\/it\/wp-json\/wp\/v2\/comments?post=56630"}],"version-history":[{"count":0,"href":"https:\/\/italcamara-es.com\/it\/wp-json\/wp\/v2\/posts\/56630\/revisions"}],"wp:featuredmedia":[{"embeddable":true,"href":"https:\/\/italcamara-es.com\/it\/wp-json\/wp\/v2\/media\/53700"}],"wp:attachment":[{"href":"https:\/\/italcamara-es.com\/it\/wp-json\/wp\/v2\/media?parent=56630"}],"wp:term":[{"taxonomy":"category","embeddable":true,"href":"https:\/\/italcamara-es.com\/it\/wp-json\/wp\/v2\/categories?post=56630"},{"taxonomy":"post_tag","embeddable":true,"href":"https:\/\/italcamara-es.com\/it\/wp-json\/wp\/v2\/tags?post=56630"}],"curies":[{"name":"wp","href":"https:\/\/api.w.org\/{rel}","templated":true}]}}