	{"id":56652,"date":"2018-09-04T11:06:29","date_gmt":"2018-09-04T09:06:29","guid":{"rendered":"http:\/\/pre.italcamara-es.com\/senza-categoria\/i-porti-spagnoli-registrano-un-nuovo-record-in-termini-di-movimento-merci\/"},"modified":"2018-09-04T11:06:29","modified_gmt":"2018-09-04T09:06:29","slug":"i-porti-spagnoli-registrano-un-nuovo-record-in-termini-di-movimento-merci","status":"publish","type":"post","link":"https:\/\/italcamara-es.com\/it\/notizie\/i-porti-spagnoli-registrano-un-nuovo-record-in-termini-di-movimento-merci\/","title":{"rendered":"I porti spagnoli registrano un nuovo record in termini di movimento merci"},"content":{"rendered":"<p>Il cargo del sistema portuale spagnolo ha raggiunto un nuovo massimo storico con un movimento merci di 277,7 milioni di tonnellate nel primo semestre dell\u2019anno.<\/p>\n<p>&nbsp;<\/p>\n<p>Tra i mesi di gennaio e giugno, la crescita \u00e8 risultata essere pari a 6 punti percentuali rispetto allo stesso periodo del 2017. Il cargo generale, con 133 milioni di tonnellate ed<strong> una crescita dell\u20198,2%<\/strong>, \u00e8 diventata la principale voce per i porti spagnoli, rappresentando il 48% del totale. I \u00be del totale del carico generale (94,6 milioni) hanno viaggiato in contenitori.<\/p>\n<p>&nbsp;<\/p>\n<p>La seconda voce \u00e8 rappresentata dal carico di liquido sfuso, che, con pi\u00f9 di 89 milioni di tonnellate, ha sperimentato una crescita del 3,5%. Il solido sfuso risulta essere il terzo gruppo (46,5 milioni e +6,1%).<\/p>\n<p>&nbsp;<\/p>\n<p>Per Comunit\u00e0 Autonoma, i porti di interesse generale dello Stato in Andalusia, con 80,2 milioni di tonnellate, sono stati quelli che hanno mosso pi\u00f9 merci, grazie soprattutto all\u2019<strong>Autoridad Portuaria de Algeciras<\/strong>, che ha gestito pi\u00f9 del 67% delle merci, diventando cos\u00ec il leader nazionale con le sue 53,8 milioni di tonnellate. Importanti volumi di movimenti si sono registrati anche nei porti di Motril ed Almeria, che hanno rispettivamente sperimentato una crescita del 33% e 11,2%.<\/p>\n<p>&nbsp;<\/p>\n<p>Seguono per importanza i porti catalani con 49,9 milioni di tonnellate. Barcellona, con i suoi 33,8 milioni di tonnellate, \u00e8 risultato essere il secondo porto nazionale per crescita sperimentata (17,8%).<\/p>\n<p>&nbsp;<\/p>\n<p>La Comunit\u00e0 Autonoma Valenziana, con pi\u00f9 di 49,1 milioni di tonnellate, \u00e8 la terza per importanza. L\u2019Autoridad Portuaria de Valencia, con le sue 37,3 milioni di tonnellate, si piazza seconda nel ranking nazionale.<\/p>\n<p>&nbsp;<\/p>\n<p>I porti di interesse generale delle Canarie, con le Autoridades Portuarias de Las Palmas y S.C. Tenerife, hanno mosso 19,9 milioni di tonnellate di merci. I due porti hanno visto transitare anche 1,3 milioni di crocieristi. Questo dato permette a quella Canara di essere la Comunit\u00e0 Autonoma che pi\u00f9 crocieristi ospita.<\/p>\n<p>&nbsp;<\/p>\n<p>Per quanto riguarda il traffico passeggeri, le linee regolari tra la Penisola e le Isole, cos\u00ec come quelle inter-Isole, hanno visto transitare pi\u00f9 di <strong>9,9 milioni di passeggeri<\/strong> (crescita del 3,8%). Il traffico passeggeri crocieristi, in linea con l\u2019incremento dei turisti che si \u00e8 sperimentato negli ultimi anni, \u00e8 cresciuto del 23,5%, superando i 4,4 milioni di crocieristi.<\/p>\n<p>&nbsp;<\/p>\n<p><em>Fonte<\/em>: Moneda \u00danica<\/p>\n","protected":false},"excerpt":{"rendered":"<p>Il cargo del sistema portuale spagnolo ha raggiunto un nuovo massimo storico con un movimento merci di 277,7 milioni di tonnellate nel primo semestre dell\u2019anno. &nbsp; Tra i mesi di gennaio e giugno, la crescita \u00e8 risultata essere pari a 6 punti percentuali rispetto allo stesso periodo del 2017. Il cargo generale, con 133 milioni [&hellip;]<\/p>\n","protected":false},"author":1,"featured_media":53741,"comment_status":"open","ping_status":"open","sticky":false,"template":"","format":"standard","meta":{"inline_featured_image":false,"ocean_post_layout":"","ocean_both_sidebars_style":"","ocean_both_sidebars_content_width":0,"ocean_both_sidebars_sidebars_width":0,"ocean_sidebar":"","ocean_second_sidebar":"","ocean_disable_margins":"enable","ocean_add_body_class":"","ocean_shortcode_before_top_bar":"","ocean_shortcode_after_top_bar":"","ocean_shortcode_before_header":"","ocean_shortcode_after_header":"","ocean_has_shortcode":"","ocean_shortcode_after_title":"","ocean_shortcode_before_footer_widgets":"","ocean_shortcode_after_footer_widgets":"","ocean_shortcode_before_footer_bottom":"","ocean_shortcode_after_footer_bottom":"","ocean_display_top_bar":"default","ocean_display_header":"default","ocean_header_style":"","ocean_center_header_left_menu":"","ocean_custom_header_template":"","ocean_custom_logo":0,"ocean_custom_retina_logo":0,"ocean_custom_logo_max_width":0,"ocean_custom_logo_tablet_max_width":0,"ocean_custom_logo_mobile_max_width":0,"ocean_custom_logo_max_height":0,"ocean_custom_logo_tablet_max_height":0,"ocean_custom_logo_mobile_max_height":0,"ocean_header_custom_menu":"","ocean_menu_typo_font_family":"","ocean_menu_typo_font_subset":"","ocean_menu_typo_font_size":0,"ocean_menu_typo_font_size_tablet":0,"ocean_menu_typo_font_size_mobile":0,"ocean_menu_typo_font_size_unit":"px","ocean_menu_typo_font_weight":"","ocean_menu_typo_font_weight_tablet":"","ocean_menu_typo_font_weight_mobile":"","ocean_menu_typo_transform":"","ocean_menu_typo_transform_tablet":"","ocean_menu_typo_transform_mobile":"","ocean_menu_typo_line_height":0,"ocean_menu_typo_line_height_tablet":0,"ocean_menu_typo_line_height_mobile":0,"ocean_menu_typo_line_height_unit":"","ocean_menu_typo_spacing":0,"ocean_menu_typo_spacing_tablet":0,"ocean_menu_typo_spacing_mobile":0,"ocean_menu_typo_spacing_unit":"","ocean_menu_link_color":"","ocean_menu_link_color_hover":"","ocean_menu_link_color_active":"","ocean_menu_link_background":"","ocean_menu_link_hover_background":"","ocean_menu_link_active_background":"","ocean_menu_social_links_bg":"","ocean_menu_social_hover_links_bg":"","ocean_menu_social_links_color":"","ocean_menu_social_hover_links_color":"","ocean_disable_title":"default","ocean_disable_heading":"default","ocean_post_title":"","ocean_post_subheading":"","ocean_post_title_style":"","ocean_post_title_background_color":"","ocean_post_title_background":0,"ocean_post_title_bg_image_position":"","ocean_post_title_bg_image_attachment":"","ocean_post_title_bg_image_repeat":"","ocean_post_title_bg_image_size":"","ocean_post_title_height":0,"ocean_post_title_bg_overlay":0.5,"ocean_post_title_bg_overlay_color":"","ocean_disable_breadcrumbs":"default","ocean_breadcrumbs_color":"","ocean_breadcrumbs_separator_color":"","ocean_breadcrumbs_links_color":"","ocean_breadcrumbs_links_hover_color":"","ocean_display_footer_widgets":"default","ocean_display_footer_bottom":"default","ocean_custom_footer_template":"","ocean_post_oembed":"","ocean_post_self_hosted_media":"","ocean_post_video_embed":"","ocean_link_format":"","ocean_link_format_target":"self","ocean_quote_format":"","ocean_quote_format_link":"post","ocean_gallery_link_images":"on","ocean_gallery_id":[],"footnotes":""},"categories":[133],"tags":[138],"class_list":["post-56652","post","type-post","status-publish","format-standard","has-post-thumbnail","hentry","category-notizie","tag-notizie-di-mercato","entry","has-media"],"yoast_head":"<!-- This site is optimized with the Yoast SEO plugin v27.5 - https:\/\/yoast.com\/product\/yoast-seo-wordpress\/ -->\n<title>I porti spagnoli registrano un nuovo record in termini di movimento merci - Italcamara<\/title>\n<meta name=\"robots\" content=\"index, follow, max-snippet:-1, max-image-preview:large, max-video-preview:-1\" \/>\n<link rel=\"canonical\" href=\"https:\/\/italcamara-es.com\/it\/notizie\/i-porti-spagnoli-registrano-un-nuovo-record-in-termini-di-movimento-merci\/\" \/>\n<meta property=\"og:locale\" content=\"it_IT\" \/>\n<meta property=\"og:type\" content=\"article\" \/>\n<meta property=\"og:title\" content=\"I porti spagnoli registrano un nuovo record in termini di movimento merci - Italcamara\" \/>\n<meta property=\"og:description\" content=\"Il cargo del sistema portuale spagnolo ha raggiunto un nuovo massimo storico con un movimento merci di 277,7 milioni di tonnellate nel primo semestre dell\u2019anno. &nbsp; Tra i mesi di gennaio e giugno, la crescita \u00e8 risultata essere pari a 6 punti percentuali rispetto allo stesso periodo del 2017. Il cargo generale, con 133 milioni [&hellip;]\" \/>\n<meta property=\"og:url\" content=\"https:\/\/italcamara-es.com\/it\/notizie\/i-porti-spagnoli-registrano-un-nuovo-record-in-termini-di-movimento-merci\/\" \/>\n<meta property=\"og:site_name\" content=\"Italcamara\" \/>\n<meta property=\"article:published_time\" content=\"2018-09-04T09:06:29+00:00\" \/>\n<meta property=\"og:image\" content=\"https:\/\/italcamara-es.com\/wp-content\/uploads\/2025\/03\/Puerto_de_Algeciras250.jpg\" \/>\n\t<meta property=\"og:image:width\" content=\"250\" \/>\n\t<meta property=\"og:image:height\" content=\"139\" \/>\n\t<meta property=\"og:image:type\" content=\"image\/jpeg\" \/>\n<meta name=\"author\" content=\"administrador\" \/>\n<meta name=\"twitter:card\" content=\"summary_large_image\" \/>\n<meta name=\"twitter:label1\" content=\"Scritto da\" \/>\n\t<meta name=\"twitter:data1\" content=\"administrador\" \/>\n\t<meta name=\"twitter:label2\" content=\"Tempo di lettura stimato\" \/>\n\t<meta name=\"twitter:data2\" content=\"2 minuti\" \/>\n<script type=\"application\/ld+json\" class=\"yoast-schema-graph\">{\"@context\":\"https:\\\/\\\/schema.org\",\"@graph\":[{\"@type\":\"Article\",\"@id\":\"https:\\\/\\\/italcamara-es.com\\\/it\\\/notizie\\\/i-porti-spagnoli-registrano-un-nuovo-record-in-termini-di-movimento-merci\\\/#article\",\"isPartOf\":{\"@id\":\"https:\\\/\\\/italcamara-es.com\\\/it\\\/notizie\\\/i-porti-spagnoli-registrano-un-nuovo-record-in-termini-di-movimento-merci\\\/\"},\"author\":{\"name\":\"administrador\",\"@id\":\"https:\\\/\\\/italcamara-es.com\\\/#\\\/schema\\\/person\\\/bb3c56263e405bbd9a15171dcfee93bb\"},\"headline\":\"I porti spagnoli registrano un nuovo record in termini di movimento merci\",\"datePublished\":\"2018-09-04T09:06:29+00:00\",\"mainEntityOfPage\":{\"@id\":\"https:\\\/\\\/italcamara-es.com\\\/it\\\/notizie\\\/i-porti-spagnoli-registrano-un-nuovo-record-in-termini-di-movimento-merci\\\/\"},\"wordCount\":364,\"commentCount\":0,\"image\":{\"@id\":\"https:\\\/\\\/italcamara-es.com\\\/it\\\/notizie\\\/i-porti-spagnoli-registrano-un-nuovo-record-in-termini-di-movimento-merci\\\/#primaryimage\"},\"thumbnailUrl\":\"https:\\\/\\\/italcamara-es.com\\\/wp-content\\\/uploads\\\/2025\\\/03\\\/Puerto_de_Algeciras250.jpg\",\"keywords\":[\"Notizie di Mercato\"],\"articleSection\":[\"Notizie\"],\"inLanguage\":\"it-IT\",\"potentialAction\":[{\"@type\":\"CommentAction\",\"name\":\"Comment\",\"target\":[\"https:\\\/\\\/italcamara-es.com\\\/it\\\/notizie\\\/i-porti-spagnoli-registrano-un-nuovo-record-in-termini-di-movimento-merci\\\/#respond\"]}]},{\"@type\":\"WebPage\",\"@id\":\"https:\\\/\\\/italcamara-es.com\\\/it\\\/notizie\\\/i-porti-spagnoli-registrano-un-nuovo-record-in-termini-di-movimento-merci\\\/\",\"url\":\"https:\\\/\\\/italcamara-es.com\\\/it\\\/notizie\\\/i-porti-spagnoli-registrano-un-nuovo-record-in-termini-di-movimento-merci\\\/\",\"name\":\"I porti spagnoli registrano un nuovo record in termini di movimento merci - Italcamara\",\"isPartOf\":{\"@id\":\"https:\\\/\\\/italcamara-es.com\\\/#website\"},\"primaryImageOfPage\":{\"@id\":\"https:\\\/\\\/italcamara-es.com\\\/it\\\/notizie\\\/i-porti-spagnoli-registrano-un-nuovo-record-in-termini-di-movimento-merci\\\/#primaryimage\"},\"image\":{\"@id\":\"https:\\\/\\\/italcamara-es.com\\\/it\\\/notizie\\\/i-porti-spagnoli-registrano-un-nuovo-record-in-termini-di-movimento-merci\\\/#primaryimage\"},\"thumbnailUrl\":\"https:\\\/\\\/italcamara-es.com\\\/wp-content\\\/uploads\\\/2025\\\/03\\\/Puerto_de_Algeciras250.jpg\",\"datePublished\":\"2018-09-04T09:06:29+00:00\",\"author\":{\"@id\":\"https:\\\/\\\/italcamara-es.com\\\/#\\\/schema\\\/person\\\/bb3c56263e405bbd9a15171dcfee93bb\"},\"breadcrumb\":{\"@id\":\"https:\\\/\\\/italcamara-es.com\\\/it\\\/notizie\\\/i-porti-spagnoli-registrano-un-nuovo-record-in-termini-di-movimento-merci\\\/#breadcrumb\"},\"inLanguage\":\"it-IT\",\"potentialAction\":[{\"@type\":\"ReadAction\",\"target\":[\"https:\\\/\\\/italcamara-es.com\\\/it\\\/notizie\\\/i-porti-spagnoli-registrano-un-nuovo-record-in-termini-di-movimento-merci\\\/\"]}]},{\"@type\":\"ImageObject\",\"inLanguage\":\"it-IT\",\"@id\":\"https:\\\/\\\/italcamara-es.com\\\/it\\\/notizie\\\/i-porti-spagnoli-registrano-un-nuovo-record-in-termini-di-movimento-merci\\\/#primaryimage\",\"url\":\"https:\\\/\\\/italcamara-es.com\\\/wp-content\\\/uploads\\\/2025\\\/03\\\/Puerto_de_Algeciras250.jpg\",\"contentUrl\":\"https:\\\/\\\/italcamara-es.com\\\/wp-content\\\/uploads\\\/2025\\\/03\\\/Puerto_de_Algeciras250.jpg\",\"width\":250,\"height\":139},{\"@type\":\"BreadcrumbList\",\"@id\":\"https:\\\/\\\/italcamara-es.com\\\/it\\\/notizie\\\/i-porti-spagnoli-registrano-un-nuovo-record-in-termini-di-movimento-merci\\\/#breadcrumb\",\"itemListElement\":[{\"@type\":\"ListItem\",\"position\":1,\"name\":\"Inicio\",\"item\":\"https:\\\/\\\/italcamara-es.com\\\/\"},{\"@type\":\"ListItem\",\"position\":2,\"name\":\"I porti spagnoli registrano un nuovo record in termini di movimento merci\"}]},{\"@type\":\"WebSite\",\"@id\":\"https:\\\/\\\/italcamara-es.com\\\/#website\",\"url\":\"https:\\\/\\\/italcamara-es.com\\\/\",\"name\":\"Italcamara\",\"description\":\"\",\"potentialAction\":[{\"@type\":\"SearchAction\",\"target\":{\"@type\":\"EntryPoint\",\"urlTemplate\":\"https:\\\/\\\/italcamara-es.com\\\/?s={search_term_string}\"},\"query-input\":{\"@type\":\"PropertyValueSpecification\",\"valueRequired\":true,\"valueName\":\"search_term_string\"}}],\"inLanguage\":\"it-IT\"},{\"@type\":\"Person\",\"@id\":\"https:\\\/\\\/italcamara-es.com\\\/#\\\/schema\\\/person\\\/bb3c56263e405bbd9a15171dcfee93bb\",\"name\":\"administrador\",\"image\":{\"@type\":\"ImageObject\",\"inLanguage\":\"it-IT\",\"@id\":\"https:\\\/\\\/secure.gravatar.com\\\/avatar\\\/14b5e63db38320b12031bb28cf9f77e210aa71fb3a8a3602a3c9a05134fa75eb?s=96&d=mm&r=g\",\"url\":\"https:\\\/\\\/secure.gravatar.com\\\/avatar\\\/14b5e63db38320b12031bb28cf9f77e210aa71fb3a8a3602a3c9a05134fa75eb?s=96&d=mm&r=g\",\"contentUrl\":\"https:\\\/\\\/secure.gravatar.com\\\/avatar\\\/14b5e63db38320b12031bb28cf9f77e210aa71fb3a8a3602a3c9a05134fa75eb?s=96&d=mm&r=g\",\"caption\":\"administrador\"},\"sameAs\":[\"http:\\\/\\\/pre.italcamara-es.com\"],\"url\":\"https:\\\/\\\/italcamara-es.com\\\/it\\\/author\\\/administrador\\\/\"}]}<\/script>\n<!-- \/ Yoast SEO plugin. -->","yoast_head_json":{"title":"I porti spagnoli registrano un nuovo record in termini di movimento merci - Italcamara","robots":{"index":"index","follow":"follow","max-snippet":"max-snippet:-1","max-image-preview":"max-image-preview:large","max-video-preview":"max-video-preview:-1"},"canonical":"https:\/\/italcamara-es.com\/it\/notizie\/i-porti-spagnoli-registrano-un-nuovo-record-in-termini-di-movimento-merci\/","og_locale":"it_IT","og_type":"article","og_title":"I porti spagnoli registrano un nuovo record in termini di movimento merci - Italcamara","og_description":"Il cargo del sistema portuale spagnolo ha raggiunto un nuovo massimo storico con un movimento merci di 277,7 milioni di tonnellate nel primo semestre dell\u2019anno. &nbsp; Tra i mesi di gennaio e giugno, la crescita \u00e8 risultata essere pari a 6 punti percentuali rispetto allo stesso periodo del 2017. Il cargo generale, con 133 milioni [&hellip;]","og_url":"https:\/\/italcamara-es.com\/it\/notizie\/i-porti-spagnoli-registrano-un-nuovo-record-in-termini-di-movimento-merci\/","og_site_name":"Italcamara","article_published_time":"2018-09-04T09:06:29+00:00","og_image":[{"width":250,"height":139,"url":"https:\/\/italcamara-es.com\/wp-content\/uploads\/2025\/03\/Puerto_de_Algeciras250.jpg","type":"image\/jpeg"}],"author":"administrador","twitter_card":"summary_large_image","twitter_misc":{"Scritto da":"administrador","Tempo di lettura stimato":"2 minuti"},"schema":{"@context":"https:\/\/schema.org","@graph":[{"@type":"Article","@id":"https:\/\/italcamara-es.com\/it\/notizie\/i-porti-spagnoli-registrano-un-nuovo-record-in-termini-di-movimento-merci\/#article","isPartOf":{"@id":"https:\/\/italcamara-es.com\/it\/notizie\/i-porti-spagnoli-registrano-un-nuovo-record-in-termini-di-movimento-merci\/"},"author":{"name":"administrador","@id":"https:\/\/italcamara-es.com\/#\/schema\/person\/bb3c56263e405bbd9a15171dcfee93bb"},"headline":"I porti spagnoli registrano un nuovo record in termini di movimento merci","datePublished":"2018-09-04T09:06:29+00:00","mainEntityOfPage":{"@id":"https:\/\/italcamara-es.com\/it\/notizie\/i-porti-spagnoli-registrano-un-nuovo-record-in-termini-di-movimento-merci\/"},"wordCount":364,"commentCount":0,"image":{"@id":"https:\/\/italcamara-es.com\/it\/notizie\/i-porti-spagnoli-registrano-un-nuovo-record-in-termini-di-movimento-merci\/#primaryimage"},"thumbnailUrl":"https:\/\/italcamara-es.com\/wp-content\/uploads\/2025\/03\/Puerto_de_Algeciras250.jpg","keywords":["Notizie di Mercato"],"articleSection":["Notizie"],"inLanguage":"it-IT","potentialAction":[{"@type":"CommentAction","name":"Comment","target":["https:\/\/italcamara-es.com\/it\/notizie\/i-porti-spagnoli-registrano-un-nuovo-record-in-termini-di-movimento-merci\/#respond"]}]},{"@type":"WebPage","@id":"https:\/\/italcamara-es.com\/it\/notizie\/i-porti-spagnoli-registrano-un-nuovo-record-in-termini-di-movimento-merci\/","url":"https:\/\/italcamara-es.com\/it\/notizie\/i-porti-spagnoli-registrano-un-nuovo-record-in-termini-di-movimento-merci\/","name":"I porti spagnoli registrano un nuovo record in termini di movimento merci - Italcamara","isPartOf":{"@id":"https:\/\/italcamara-es.com\/#website"},"primaryImageOfPage":{"@id":"https:\/\/italcamara-es.com\/it\/notizie\/i-porti-spagnoli-registrano-un-nuovo-record-in-termini-di-movimento-merci\/#primaryimage"},"image":{"@id":"https:\/\/italcamara-es.com\/it\/notizie\/i-porti-spagnoli-registrano-un-nuovo-record-in-termini-di-movimento-merci\/#primaryimage"},"thumbnailUrl":"https:\/\/italcamara-es.com\/wp-content\/uploads\/2025\/03\/Puerto_de_Algeciras250.jpg","datePublished":"2018-09-04T09:06:29+00:00","author":{"@id":"https:\/\/italcamara-es.com\/#\/schema\/person\/bb3c56263e405bbd9a15171dcfee93bb"},"breadcrumb":{"@id":"https:\/\/italcamara-es.com\/it\/notizie\/i-porti-spagnoli-registrano-un-nuovo-record-in-termini-di-movimento-merci\/#breadcrumb"},"inLanguage":"it-IT","potentialAction":[{"@type":"ReadAction","target":["https:\/\/italcamara-es.com\/it\/notizie\/i-porti-spagnoli-registrano-un-nuovo-record-in-termini-di-movimento-merci\/"]}]},{"@type":"ImageObject","inLanguage":"it-IT","@id":"https:\/\/italcamara-es.com\/it\/notizie\/i-porti-spagnoli-registrano-un-nuovo-record-in-termini-di-movimento-merci\/#primaryimage","url":"https:\/\/italcamara-es.com\/wp-content\/uploads\/2025\/03\/Puerto_de_Algeciras250.jpg","contentUrl":"https:\/\/italcamara-es.com\/wp-content\/uploads\/2025\/03\/Puerto_de_Algeciras250.jpg","width":250,"height":139},{"@type":"BreadcrumbList","@id":"https:\/\/italcamara-es.com\/it\/notizie\/i-porti-spagnoli-registrano-un-nuovo-record-in-termini-di-movimento-merci\/#breadcrumb","itemListElement":[{"@type":"ListItem","position":1,"name":"Inicio","item":"https:\/\/italcamara-es.com\/"},{"@type":"ListItem","position":2,"name":"I porti spagnoli registrano un nuovo record in termini di movimento merci"}]},{"@type":"WebSite","@id":"https:\/\/italcamara-es.com\/#website","url":"https:\/\/italcamara-es.com\/","name":"Italcamara","description":"","potentialAction":[{"@type":"SearchAction","target":{"@type":"EntryPoint","urlTemplate":"https:\/\/italcamara-es.com\/?s={search_term_string}"},"query-input":{"@type":"PropertyValueSpecification","valueRequired":true,"valueName":"search_term_string"}}],"inLanguage":"it-IT"},{"@type":"Person","@id":"https:\/\/italcamara-es.com\/#\/schema\/person\/bb3c56263e405bbd9a15171dcfee93bb","name":"administrador","image":{"@type":"ImageObject","inLanguage":"it-IT","@id":"https:\/\/secure.gravatar.com\/avatar\/14b5e63db38320b12031bb28cf9f77e210aa71fb3a8a3602a3c9a05134fa75eb?s=96&d=mm&r=g","url":"https:\/\/secure.gravatar.com\/avatar\/14b5e63db38320b12031bb28cf9f77e210aa71fb3a8a3602a3c9a05134fa75eb?s=96&d=mm&r=g","contentUrl":"https:\/\/secure.gravatar.com\/avatar\/14b5e63db38320b12031bb28cf9f77e210aa71fb3a8a3602a3c9a05134fa75eb?s=96&d=mm&r=g","caption":"administrador"},"sameAs":["http:\/\/pre.italcamara-es.com"],"url":"https:\/\/italcamara-es.com\/it\/author\/administrador\/"}]}},"rttpg_featured_image_url":{"full":["https:\/\/italcamara-es.com\/wp-content\/uploads\/2025\/03\/Puerto_de_Algeciras250.jpg",250,139,false],"landscape":["https:\/\/italcamara-es.com\/wp-content\/uploads\/2025\/03\/Puerto_de_Algeciras250.jpg",250,139,false],"portraits":["https:\/\/italcamara-es.com\/wp-content\/uploads\/2025\/03\/Puerto_de_Algeciras250.jpg",250,139,false],"thumbnail":["https:\/\/italcamara-es.com\/wp-content\/uploads\/2025\/03\/Puerto_de_Algeciras250-150x139.jpg",150,139,true],"medium":["https:\/\/italcamara-es.com\/wp-content\/uploads\/2025\/03\/Puerto_de_Algeciras250.jpg",250,139,false],"large":["https:\/\/italcamara-es.com\/wp-content\/uploads\/2025\/03\/Puerto_de_Algeciras250.jpg",250,139,false],"1536x1536":["https:\/\/italcamara-es.com\/wp-content\/uploads\/2025\/03\/Puerto_de_Algeciras250.jpg",250,139,false],"2048x2048":["https:\/\/italcamara-es.com\/wp-content\/uploads\/2025\/03\/Puerto_de_Algeciras250.jpg",250,139,false],"ocean-thumb-m":["https:\/\/italcamara-es.com\/wp-content\/uploads\/2025\/03\/Puerto_de_Algeciras250.jpg",250,139,false],"ocean-thumb-ml":["https:\/\/italcamara-es.com\/wp-content\/uploads\/2025\/03\/Puerto_de_Algeciras250.jpg",250,139,false],"ocean-thumb-l":["https:\/\/italcamara-es.com\/wp-content\/uploads\/2025\/03\/Puerto_de_Algeciras250.jpg",250,139,false],"directorist_preview":["https:\/\/italcamara-es.com\/wp-content\/uploads\/2025\/03\/Puerto_de_Algeciras250.jpg",250,139,false]},"rttpg_author":{"display_name":"administrador","author_link":"https:\/\/italcamara-es.com\/it\/author\/administrador\/"},"rttpg_comment":0,"rttpg_category":"<a href=\"https:\/\/italcamara-es.com\/it\/category\/notizie\/\" rel=\"category tag\">Notizie<\/a>","rttpg_excerpt":"Il cargo del sistema portuale spagnolo ha raggiunto un nuovo massimo storico con un movimento merci di 277,7 milioni di tonnellate nel primo semestre dell\u2019anno. &nbsp; Tra i mesi di gennaio e giugno, la crescita \u00e8 risultata essere pari a 6 punti percentuali rispetto allo stesso periodo del 2017. Il cargo generale, con 133 milioni&hellip;","_links":{"self":[{"href":"https:\/\/italcamara-es.com\/it\/wp-json\/wp\/v2\/posts\/56652","targetHints":{"allow":["GET"]}}],"collection":[{"href":"https:\/\/italcamara-es.com\/it\/wp-json\/wp\/v2\/posts"}],"about":[{"href":"https:\/\/italcamara-es.com\/it\/wp-json\/wp\/v2\/types\/post"}],"author":[{"embeddable":true,"href":"https:\/\/italcamara-es.com\/it\/wp-json\/wp\/v2\/users\/1"}],"replies":[{"embeddable":true,"href":"https:\/\/italcamara-es.com\/it\/wp-json\/wp\/v2\/comments?post=56652"}],"version-history":[{"count":0,"href":"https:\/\/italcamara-es.com\/it\/wp-json\/wp\/v2\/posts\/56652\/revisions"}],"wp:featuredmedia":[{"embeddable":true,"href":"https:\/\/italcamara-es.com\/it\/wp-json\/wp\/v2\/media\/53741"}],"wp:attachment":[{"href":"https:\/\/italcamara-es.com\/it\/wp-json\/wp\/v2\/media?parent=56652"}],"wp:term":[{"taxonomy":"category","embeddable":true,"href":"https:\/\/italcamara-es.com\/it\/wp-json\/wp\/v2\/categories?post=56652"},{"taxonomy":"post_tag","embeddable":true,"href":"https:\/\/italcamara-es.com\/it\/wp-json\/wp\/v2\/tags?post=56652"}],"curies":[{"name":"wp","href":"https:\/\/api.w.org\/{rel}","templated":true}]}}