	{"id":56660,"date":"2018-11-27T13:12:04","date_gmt":"2018-11-27T12:12:04","guid":{"rendered":"http:\/\/pre.italcamara-es.com\/senza-categoria\/le-imprese-estere-migliorano-la-loro-valutazione-sul-clima-daffari-in-spagna-nel-2018\/"},"modified":"2018-11-27T13:12:04","modified_gmt":"2018-11-27T12:12:04","slug":"le-imprese-estere-migliorano-la-loro-valutazione-sul-clima-daffari-in-spagna-nel-2018","status":"publish","type":"post","link":"https:\/\/italcamara-es.com\/it\/notizie\/le-imprese-estere-migliorano-la-loro-valutazione-sul-clima-daffari-in-spagna-nel-2018\/","title":{"rendered":"Le imprese estere migliorano la loro valutazione sul clima d\u2019affari in Spagna nel 2018"},"content":{"rendered":"<p>La valutazione delle imprese straniere sul clima d\u2019affari in Spagna registra un miglioramento rispetto all\u2019anno scorso, in linea con la tendenza di crescita ininterrotta iniziata nel 2014. In particolare, il clima d\u2019affari in Spagna ha ottenuto una valutazione media di 3 su 5.<\/p>\n<p>&nbsp;<\/p>\n<p>Le prospettive degli investitori esteri per la chiusura del 2018 ed il prossimo esercizio risultano essere chiaramente positive e migliorano rispetto al 2017. Continuano a mostrare un crescente ottimismo rispetto alle proprie previsioni di crescita in termini di investimenti, fatturato, occupazione ed export, secondo quanto si evince dall\u2019undicesima edizione del \u201cB<a href=\"http:\/\/www.investinspain.org\/invest\/wcm\/idc\/groups\/public\/documents\/documento\/mde4\/oda0\/~edisp\/doc2018804093.pdf\" target=\"_blank\" rel=\"noopener\">arometro del clima d\u2019affari in Spagna dalla prospettiva dell\u2019investitore straniero<\/a>\u201d.<\/p>\n<p>&nbsp;<\/p>\n<p>La pubblicazione \u00e8 stata reaizzata dall\u2019istituto di commercio estero spagnolo ICEX \u2013 Invest in Spain, in collaborazione con Multincionales por Marca Espa\u00f1a e l\u2019International Center for Competitiveness dell\u2019IESE Business School.<\/p>\n<p>&nbsp;<\/p>\n<p>Il Barometro 2018 \u00e8 stato presentato lo scorso 26 novembre nella sede del Ministero di Industria, Commercio e Turismo spagnolo a Madrid, in una giornata in cui sono stati analizzati i principali risultati dello stesso. Vi hanno preso parte la segretaria di Stato di Commercio, Ziana M\u00e9ndez; la direttrice esecutiva di Invest in Spain, Mar\u00eda Jes\u00fas Fern\u00e1ndez; Jos\u00e9 Mar\u00eda Palomares, presidente de Multinacionales por marca Espa\u00f1a; Mar\u00eda Coello de Portugal, direttrice di relazioni Istituzionali dell\u2019 IESE Business School; e Mar\u00eda Luisa Bl\u00e1zquez, investigatrice associata dell\u2019International Center for Competitiveness dell\u2019IESE.<\/p>\n<p style=\"text-align: center;\"><img fetchpriority=\"high\" decoding=\"async\" class=\"alignnone size-full wp-image-18845\" src=\"https:\/\/www.italcamara-es.com\/wp-content\/uploads\/2018\/11\/XIANA-MENDEZ1.jpg\" alt=\"XIANA MENDEZ\" width=\"448\" height=\"252\" \/><\/p>\n<p>Il Barometro raccoglie in questa edizione l\u2019opinione di 520 imprese straniere, la valutazione e l\u2019importanza che danno al clima d\u2019affari in Spagna durante l\u2019esercizio 2018. Include inoltre le loro prospettive relativamente al 2019. Ci\u00f2 pernette di identificare, con una prospettiva di medio termine, sia i punti di forza che \u00e8 necessario mantenere sia i principali ambiti di azioni dove risulta importante centrare gli sforzi.<\/p>\n<p>&nbsp;<\/p>\n<p>L&#8217;undicesima edizione di questo \u201cBarometro del clima d\u2019affari in Spagna dalla prospettiva dell\u2019investitore straniero\u201c \u00e8 stata elaborata a partire da rilevazioni effettuate durante i mesi di maggio e giugno 2018.<\/p>\n<p>&nbsp;<\/p>\n<p><strong>Prospettive di futuro<\/strong><\/p>\n<p>L\u2019area pi\u00f9 importante per gli investitori in questa edizione \u00e8 stata ancora una volta il capitale umano, seguita dalle dimensioni del mercato. Altre aree rilevanti sono le infrastrutture, il mercato del lavoro e la qualit\u00e0 di vita.<\/p>\n<p>&nbsp;<\/p>\n<p>Le prospettive di investimento per l\u2019anno prossimo da parte delle imprese estere in Spagna sono molto favorevoli. Il 93% delle imprese intervistate aumenteranno o manterranno i propri investimenti in Spagna nel 2018. Anche le prospettive di occupazione sono molto positive e migliorano: la percentuale di imprese che prevede di aumentare o mantenere il suo staff in Spagna passa al 91% nel 2018, dall\u201989% del 2017. Inoltre sono eccellenti le prospettive di fatturato nel paese iberico per il 2018, con il 91% di imprese intervistate che pensa di aumentare o mantenere il proprio fatturato, rispetto all\u201985% del 2017. Infine, rispetto al volume dell\u2019export, il 74% delle imprese straniere intervistate esportano a mercati terzi dalla Spagna. Solo il 4% di imprese prevede una diminuzione dell\u2019export nel 2018.<\/p>\n<p>&nbsp;<\/p>\n<p><em>Per maggiori informazioni: <a href=\"http:\/\/www.investinspain.org\/invest\/en\/index.html\" target=\"_blank\" rel=\"noopener\">Invest in Spain<\/a><\/em><\/p>\n","protected":false},"excerpt":{"rendered":"<p>La valutazione delle imprese straniere sul clima d\u2019affari in Spagna registra un miglioramento rispetto all\u2019anno scorso, in linea con la tendenza di crescita ininterrotta iniziata nel 2014. In particolare, il clima d\u2019affari in Spagna ha ottenuto una valutazione media di 3 su 5. &nbsp; Le prospettive degli investitori esteri per la chiusura del 2018 ed [&hellip;]<\/p>\n","protected":false},"author":1,"featured_media":53757,"comment_status":"open","ping_status":"open","sticky":false,"template":"","format":"standard","meta":{"inline_featured_image":false,"ocean_post_layout":"","ocean_both_sidebars_style":"","ocean_both_sidebars_content_width":0,"ocean_both_sidebars_sidebars_width":0,"ocean_sidebar":"","ocean_second_sidebar":"","ocean_disable_margins":"enable","ocean_add_body_class":"","ocean_shortcode_before_top_bar":"","ocean_shortcode_after_top_bar":"","ocean_shortcode_before_header":"","ocean_shortcode_after_header":"","ocean_has_shortcode":"","ocean_shortcode_after_title":"","ocean_shortcode_before_footer_widgets":"","ocean_shortcode_after_footer_widgets":"","ocean_shortcode_before_footer_bottom":"","ocean_shortcode_after_footer_bottom":"","ocean_display_top_bar":"default","ocean_display_header":"default","ocean_header_style":"","ocean_center_header_left_menu":"","ocean_custom_header_template":"","ocean_custom_logo":0,"ocean_custom_retina_logo":0,"ocean_custom_logo_max_width":0,"ocean_custom_logo_tablet_max_width":0,"ocean_custom_logo_mobile_max_width":0,"ocean_custom_logo_max_height":0,"ocean_custom_logo_tablet_max_height":0,"ocean_custom_logo_mobile_max_height":0,"ocean_header_custom_menu":"","ocean_menu_typo_font_family":"","ocean_menu_typo_font_subset":"","ocean_menu_typo_font_size":0,"ocean_menu_typo_font_size_tablet":0,"ocean_menu_typo_font_size_mobile":0,"ocean_menu_typo_font_size_unit":"px","ocean_menu_typo_font_weight":"","ocean_menu_typo_font_weight_tablet":"","ocean_menu_typo_font_weight_mobile":"","ocean_menu_typo_transform":"","ocean_menu_typo_transform_tablet":"","ocean_menu_typo_transform_mobile":"","ocean_menu_typo_line_height":0,"ocean_menu_typo_line_height_tablet":0,"ocean_menu_typo_line_height_mobile":0,"ocean_menu_typo_line_height_unit":"","ocean_menu_typo_spacing":0,"ocean_menu_typo_spacing_tablet":0,"ocean_menu_typo_spacing_mobile":0,"ocean_menu_typo_spacing_unit":"","ocean_menu_link_color":"","ocean_menu_link_color_hover":"","ocean_menu_link_color_active":"","ocean_menu_link_background":"","ocean_menu_link_hover_background":"","ocean_menu_link_active_background":"","ocean_menu_social_links_bg":"","ocean_menu_social_hover_links_bg":"","ocean_menu_social_links_color":"","ocean_menu_social_hover_links_color":"","ocean_disable_title":"default","ocean_disable_heading":"default","ocean_post_title":"","ocean_post_subheading":"","ocean_post_title_style":"","ocean_post_title_background_color":"","ocean_post_title_background":0,"ocean_post_title_bg_image_position":"","ocean_post_title_bg_image_attachment":"","ocean_post_title_bg_image_repeat":"","ocean_post_title_bg_image_size":"","ocean_post_title_height":0,"ocean_post_title_bg_overlay":0.5,"ocean_post_title_bg_overlay_color":"","ocean_disable_breadcrumbs":"default","ocean_breadcrumbs_color":"","ocean_breadcrumbs_separator_color":"","ocean_breadcrumbs_links_color":"","ocean_breadcrumbs_links_hover_color":"","ocean_display_footer_widgets":"default","ocean_display_footer_bottom":"default","ocean_custom_footer_template":"","ocean_post_oembed":"","ocean_post_self_hosted_media":"","ocean_post_video_embed":"","ocean_link_format":"","ocean_link_format_target":"self","ocean_quote_format":"","ocean_quote_format_link":"post","ocean_gallery_link_images":"on","ocean_gallery_id":[],"footnotes":""},"categories":[133],"tags":[138],"class_list":["post-56660","post","type-post","status-publish","format-standard","has-post-thumbnail","hentry","category-notizie","tag-notizie-di-mercato","entry","has-media"],"yoast_head":"<!-- This site is optimized with the Yoast SEO plugin v27.5 - https:\/\/yoast.com\/product\/yoast-seo-wordpress\/ -->\n<title>Le imprese estere migliorano la loro valutazione sul clima d\u2019affari in Spagna nel 2018 - Italcamara<\/title>\n<meta name=\"robots\" content=\"index, follow, max-snippet:-1, max-image-preview:large, max-video-preview:-1\" \/>\n<link rel=\"canonical\" href=\"https:\/\/italcamara-es.com\/it\/notizie\/le-imprese-estere-migliorano-la-loro-valutazione-sul-clima-daffari-in-spagna-nel-2018\/\" \/>\n<meta property=\"og:locale\" content=\"it_IT\" \/>\n<meta property=\"og:type\" content=\"article\" \/>\n<meta property=\"og:title\" content=\"Le imprese estere migliorano la loro valutazione sul clima d\u2019affari in Spagna nel 2018 - Italcamara\" \/>\n<meta property=\"og:description\" content=\"La valutazione delle imprese straniere sul clima d\u2019affari in Spagna registra un miglioramento rispetto all\u2019anno scorso, in linea con la tendenza di crescita ininterrotta iniziata nel 2014. In particolare, il clima d\u2019affari in Spagna ha ottenuto una valutazione media di 3 su 5. &nbsp; Le prospettive degli investitori esteri per la chiusura del 2018 ed [&hellip;]\" \/>\n<meta property=\"og:url\" content=\"https:\/\/italcamara-es.com\/it\/notizie\/le-imprese-estere-migliorano-la-loro-valutazione-sul-clima-daffari-in-spagna-nel-2018\/\" \/>\n<meta property=\"og:site_name\" content=\"Italcamara\" \/>\n<meta property=\"article:published_time\" content=\"2018-11-27T12:12:04+00:00\" \/>\n<meta property=\"og:image\" content=\"https:\/\/italcamara-es.com\/wp-content\/uploads\/2025\/03\/XIANA-MENDEZ.jpg\" \/>\n\t<meta property=\"og:image:width\" content=\"448\" \/>\n\t<meta property=\"og:image:height\" content=\"252\" \/>\n\t<meta property=\"og:image:type\" content=\"image\/jpeg\" \/>\n<meta name=\"author\" content=\"administrador\" \/>\n<meta name=\"twitter:card\" content=\"summary_large_image\" \/>\n<meta name=\"twitter:label1\" content=\"Scritto da\" \/>\n\t<meta name=\"twitter:data1\" content=\"administrador\" \/>\n\t<meta name=\"twitter:label2\" content=\"Tempo di lettura stimato\" \/>\n\t<meta name=\"twitter:data2\" content=\"2 minuti\" \/>\n<script type=\"application\/ld+json\" class=\"yoast-schema-graph\">{\"@context\":\"https:\\\/\\\/schema.org\",\"@graph\":[{\"@type\":\"Article\",\"@id\":\"https:\\\/\\\/italcamara-es.com\\\/it\\\/notizie\\\/le-imprese-estere-migliorano-la-loro-valutazione-sul-clima-daffari-in-spagna-nel-2018\\\/#article\",\"isPartOf\":{\"@id\":\"https:\\\/\\\/italcamara-es.com\\\/it\\\/notizie\\\/le-imprese-estere-migliorano-la-loro-valutazione-sul-clima-daffari-in-spagna-nel-2018\\\/\"},\"author\":{\"name\":\"administrador\",\"@id\":\"https:\\\/\\\/italcamara-es.com\\\/#\\\/schema\\\/person\\\/bb3c56263e405bbd9a15171dcfee93bb\"},\"headline\":\"Le imprese estere migliorano la loro valutazione sul clima d\u2019affari in Spagna nel 2018\",\"datePublished\":\"2018-11-27T12:12:04+00:00\",\"mainEntityOfPage\":{\"@id\":\"https:\\\/\\\/italcamara-es.com\\\/it\\\/notizie\\\/le-imprese-estere-migliorano-la-loro-valutazione-sul-clima-daffari-in-spagna-nel-2018\\\/\"},\"wordCount\":512,\"commentCount\":0,\"image\":{\"@id\":\"https:\\\/\\\/italcamara-es.com\\\/it\\\/notizie\\\/le-imprese-estere-migliorano-la-loro-valutazione-sul-clima-daffari-in-spagna-nel-2018\\\/#primaryimage\"},\"thumbnailUrl\":\"https:\\\/\\\/italcamara-es.com\\\/wp-content\\\/uploads\\\/2025\\\/03\\\/XIANA-MENDEZ.jpg\",\"keywords\":[\"Notizie di Mercato\"],\"articleSection\":[\"Notizie\"],\"inLanguage\":\"it-IT\",\"potentialAction\":[{\"@type\":\"CommentAction\",\"name\":\"Comment\",\"target\":[\"https:\\\/\\\/italcamara-es.com\\\/it\\\/notizie\\\/le-imprese-estere-migliorano-la-loro-valutazione-sul-clima-daffari-in-spagna-nel-2018\\\/#respond\"]}]},{\"@type\":\"WebPage\",\"@id\":\"https:\\\/\\\/italcamara-es.com\\\/it\\\/notizie\\\/le-imprese-estere-migliorano-la-loro-valutazione-sul-clima-daffari-in-spagna-nel-2018\\\/\",\"url\":\"https:\\\/\\\/italcamara-es.com\\\/it\\\/notizie\\\/le-imprese-estere-migliorano-la-loro-valutazione-sul-clima-daffari-in-spagna-nel-2018\\\/\",\"name\":\"Le imprese estere migliorano la loro valutazione sul clima d\u2019affari in Spagna nel 2018 - Italcamara\",\"isPartOf\":{\"@id\":\"https:\\\/\\\/italcamara-es.com\\\/#website\"},\"primaryImageOfPage\":{\"@id\":\"https:\\\/\\\/italcamara-es.com\\\/it\\\/notizie\\\/le-imprese-estere-migliorano-la-loro-valutazione-sul-clima-daffari-in-spagna-nel-2018\\\/#primaryimage\"},\"image\":{\"@id\":\"https:\\\/\\\/italcamara-es.com\\\/it\\\/notizie\\\/le-imprese-estere-migliorano-la-loro-valutazione-sul-clima-daffari-in-spagna-nel-2018\\\/#primaryimage\"},\"thumbnailUrl\":\"https:\\\/\\\/italcamara-es.com\\\/wp-content\\\/uploads\\\/2025\\\/03\\\/XIANA-MENDEZ.jpg\",\"datePublished\":\"2018-11-27T12:12:04+00:00\",\"author\":{\"@id\":\"https:\\\/\\\/italcamara-es.com\\\/#\\\/schema\\\/person\\\/bb3c56263e405bbd9a15171dcfee93bb\"},\"breadcrumb\":{\"@id\":\"https:\\\/\\\/italcamara-es.com\\\/it\\\/notizie\\\/le-imprese-estere-migliorano-la-loro-valutazione-sul-clima-daffari-in-spagna-nel-2018\\\/#breadcrumb\"},\"inLanguage\":\"it-IT\",\"potentialAction\":[{\"@type\":\"ReadAction\",\"target\":[\"https:\\\/\\\/italcamara-es.com\\\/it\\\/notizie\\\/le-imprese-estere-migliorano-la-loro-valutazione-sul-clima-daffari-in-spagna-nel-2018\\\/\"]}]},{\"@type\":\"ImageObject\",\"inLanguage\":\"it-IT\",\"@id\":\"https:\\\/\\\/italcamara-es.com\\\/it\\\/notizie\\\/le-imprese-estere-migliorano-la-loro-valutazione-sul-clima-daffari-in-spagna-nel-2018\\\/#primaryimage\",\"url\":\"https:\\\/\\\/italcamara-es.com\\\/wp-content\\\/uploads\\\/2025\\\/03\\\/XIANA-MENDEZ.jpg\",\"contentUrl\":\"https:\\\/\\\/italcamara-es.com\\\/wp-content\\\/uploads\\\/2025\\\/03\\\/XIANA-MENDEZ.jpg\",\"width\":448,\"height\":252},{\"@type\":\"BreadcrumbList\",\"@id\":\"https:\\\/\\\/italcamara-es.com\\\/it\\\/notizie\\\/le-imprese-estere-migliorano-la-loro-valutazione-sul-clima-daffari-in-spagna-nel-2018\\\/#breadcrumb\",\"itemListElement\":[{\"@type\":\"ListItem\",\"position\":1,\"name\":\"Inicio\",\"item\":\"https:\\\/\\\/italcamara-es.com\\\/\"},{\"@type\":\"ListItem\",\"position\":2,\"name\":\"Le imprese estere migliorano la loro valutazione sul clima d\u2019affari in Spagna nel 2018\"}]},{\"@type\":\"WebSite\",\"@id\":\"https:\\\/\\\/italcamara-es.com\\\/#website\",\"url\":\"https:\\\/\\\/italcamara-es.com\\\/\",\"name\":\"Italcamara\",\"description\":\"\",\"potentialAction\":[{\"@type\":\"SearchAction\",\"target\":{\"@type\":\"EntryPoint\",\"urlTemplate\":\"https:\\\/\\\/italcamara-es.com\\\/?s={search_term_string}\"},\"query-input\":{\"@type\":\"PropertyValueSpecification\",\"valueRequired\":true,\"valueName\":\"search_term_string\"}}],\"inLanguage\":\"it-IT\"},{\"@type\":\"Person\",\"@id\":\"https:\\\/\\\/italcamara-es.com\\\/#\\\/schema\\\/person\\\/bb3c56263e405bbd9a15171dcfee93bb\",\"name\":\"administrador\",\"image\":{\"@type\":\"ImageObject\",\"inLanguage\":\"it-IT\",\"@id\":\"https:\\\/\\\/secure.gravatar.com\\\/avatar\\\/14b5e63db38320b12031bb28cf9f77e210aa71fb3a8a3602a3c9a05134fa75eb?s=96&d=mm&r=g\",\"url\":\"https:\\\/\\\/secure.gravatar.com\\\/avatar\\\/14b5e63db38320b12031bb28cf9f77e210aa71fb3a8a3602a3c9a05134fa75eb?s=96&d=mm&r=g\",\"contentUrl\":\"https:\\\/\\\/secure.gravatar.com\\\/avatar\\\/14b5e63db38320b12031bb28cf9f77e210aa71fb3a8a3602a3c9a05134fa75eb?s=96&d=mm&r=g\",\"caption\":\"administrador\"},\"sameAs\":[\"http:\\\/\\\/pre.italcamara-es.com\"],\"url\":\"https:\\\/\\\/italcamara-es.com\\\/it\\\/author\\\/administrador\\\/\"}]}<\/script>\n<!-- \/ Yoast SEO plugin. -->","yoast_head_json":{"title":"Le imprese estere migliorano la loro valutazione sul clima d\u2019affari in Spagna nel 2018 - Italcamara","robots":{"index":"index","follow":"follow","max-snippet":"max-snippet:-1","max-image-preview":"max-image-preview:large","max-video-preview":"max-video-preview:-1"},"canonical":"https:\/\/italcamara-es.com\/it\/notizie\/le-imprese-estere-migliorano-la-loro-valutazione-sul-clima-daffari-in-spagna-nel-2018\/","og_locale":"it_IT","og_type":"article","og_title":"Le imprese estere migliorano la loro valutazione sul clima d\u2019affari in Spagna nel 2018 - Italcamara","og_description":"La valutazione delle imprese straniere sul clima d\u2019affari in Spagna registra un miglioramento rispetto all\u2019anno scorso, in linea con la tendenza di crescita ininterrotta iniziata nel 2014. In particolare, il clima d\u2019affari in Spagna ha ottenuto una valutazione media di 3 su 5. &nbsp; Le prospettive degli investitori esteri per la chiusura del 2018 ed [&hellip;]","og_url":"https:\/\/italcamara-es.com\/it\/notizie\/le-imprese-estere-migliorano-la-loro-valutazione-sul-clima-daffari-in-spagna-nel-2018\/","og_site_name":"Italcamara","article_published_time":"2018-11-27T12:12:04+00:00","og_image":[{"width":448,"height":252,"url":"https:\/\/italcamara-es.com\/wp-content\/uploads\/2025\/03\/XIANA-MENDEZ.jpg","type":"image\/jpeg"}],"author":"administrador","twitter_card":"summary_large_image","twitter_misc":{"Scritto da":"administrador","Tempo di lettura stimato":"2 minuti"},"schema":{"@context":"https:\/\/schema.org","@graph":[{"@type":"Article","@id":"https:\/\/italcamara-es.com\/it\/notizie\/le-imprese-estere-migliorano-la-loro-valutazione-sul-clima-daffari-in-spagna-nel-2018\/#article","isPartOf":{"@id":"https:\/\/italcamara-es.com\/it\/notizie\/le-imprese-estere-migliorano-la-loro-valutazione-sul-clima-daffari-in-spagna-nel-2018\/"},"author":{"name":"administrador","@id":"https:\/\/italcamara-es.com\/#\/schema\/person\/bb3c56263e405bbd9a15171dcfee93bb"},"headline":"Le imprese estere migliorano la loro valutazione sul clima d\u2019affari in Spagna nel 2018","datePublished":"2018-11-27T12:12:04+00:00","mainEntityOfPage":{"@id":"https:\/\/italcamara-es.com\/it\/notizie\/le-imprese-estere-migliorano-la-loro-valutazione-sul-clima-daffari-in-spagna-nel-2018\/"},"wordCount":512,"commentCount":0,"image":{"@id":"https:\/\/italcamara-es.com\/it\/notizie\/le-imprese-estere-migliorano-la-loro-valutazione-sul-clima-daffari-in-spagna-nel-2018\/#primaryimage"},"thumbnailUrl":"https:\/\/italcamara-es.com\/wp-content\/uploads\/2025\/03\/XIANA-MENDEZ.jpg","keywords":["Notizie di Mercato"],"articleSection":["Notizie"],"inLanguage":"it-IT","potentialAction":[{"@type":"CommentAction","name":"Comment","target":["https:\/\/italcamara-es.com\/it\/notizie\/le-imprese-estere-migliorano-la-loro-valutazione-sul-clima-daffari-in-spagna-nel-2018\/#respond"]}]},{"@type":"WebPage","@id":"https:\/\/italcamara-es.com\/it\/notizie\/le-imprese-estere-migliorano-la-loro-valutazione-sul-clima-daffari-in-spagna-nel-2018\/","url":"https:\/\/italcamara-es.com\/it\/notizie\/le-imprese-estere-migliorano-la-loro-valutazione-sul-clima-daffari-in-spagna-nel-2018\/","name":"Le imprese estere migliorano la loro valutazione sul clima d\u2019affari in Spagna nel 2018 - Italcamara","isPartOf":{"@id":"https:\/\/italcamara-es.com\/#website"},"primaryImageOfPage":{"@id":"https:\/\/italcamara-es.com\/it\/notizie\/le-imprese-estere-migliorano-la-loro-valutazione-sul-clima-daffari-in-spagna-nel-2018\/#primaryimage"},"image":{"@id":"https:\/\/italcamara-es.com\/it\/notizie\/le-imprese-estere-migliorano-la-loro-valutazione-sul-clima-daffari-in-spagna-nel-2018\/#primaryimage"},"thumbnailUrl":"https:\/\/italcamara-es.com\/wp-content\/uploads\/2025\/03\/XIANA-MENDEZ.jpg","datePublished":"2018-11-27T12:12:04+00:00","author":{"@id":"https:\/\/italcamara-es.com\/#\/schema\/person\/bb3c56263e405bbd9a15171dcfee93bb"},"breadcrumb":{"@id":"https:\/\/italcamara-es.com\/it\/notizie\/le-imprese-estere-migliorano-la-loro-valutazione-sul-clima-daffari-in-spagna-nel-2018\/#breadcrumb"},"inLanguage":"it-IT","potentialAction":[{"@type":"ReadAction","target":["https:\/\/italcamara-es.com\/it\/notizie\/le-imprese-estere-migliorano-la-loro-valutazione-sul-clima-daffari-in-spagna-nel-2018\/"]}]},{"@type":"ImageObject","inLanguage":"it-IT","@id":"https:\/\/italcamara-es.com\/it\/notizie\/le-imprese-estere-migliorano-la-loro-valutazione-sul-clima-daffari-in-spagna-nel-2018\/#primaryimage","url":"https:\/\/italcamara-es.com\/wp-content\/uploads\/2025\/03\/XIANA-MENDEZ.jpg","contentUrl":"https:\/\/italcamara-es.com\/wp-content\/uploads\/2025\/03\/XIANA-MENDEZ.jpg","width":448,"height":252},{"@type":"BreadcrumbList","@id":"https:\/\/italcamara-es.com\/it\/notizie\/le-imprese-estere-migliorano-la-loro-valutazione-sul-clima-daffari-in-spagna-nel-2018\/#breadcrumb","itemListElement":[{"@type":"ListItem","position":1,"name":"Inicio","item":"https:\/\/italcamara-es.com\/"},{"@type":"ListItem","position":2,"name":"Le imprese estere migliorano la loro valutazione sul clima d\u2019affari in Spagna nel 2018"}]},{"@type":"WebSite","@id":"https:\/\/italcamara-es.com\/#website","url":"https:\/\/italcamara-es.com\/","name":"Italcamara","description":"","potentialAction":[{"@type":"SearchAction","target":{"@type":"EntryPoint","urlTemplate":"https:\/\/italcamara-es.com\/?s={search_term_string}"},"query-input":{"@type":"PropertyValueSpecification","valueRequired":true,"valueName":"search_term_string"}}],"inLanguage":"it-IT"},{"@type":"Person","@id":"https:\/\/italcamara-es.com\/#\/schema\/person\/bb3c56263e405bbd9a15171dcfee93bb","name":"administrador","image":{"@type":"ImageObject","inLanguage":"it-IT","@id":"https:\/\/secure.gravatar.com\/avatar\/14b5e63db38320b12031bb28cf9f77e210aa71fb3a8a3602a3c9a05134fa75eb?s=96&d=mm&r=g","url":"https:\/\/secure.gravatar.com\/avatar\/14b5e63db38320b12031bb28cf9f77e210aa71fb3a8a3602a3c9a05134fa75eb?s=96&d=mm&r=g","contentUrl":"https:\/\/secure.gravatar.com\/avatar\/14b5e63db38320b12031bb28cf9f77e210aa71fb3a8a3602a3c9a05134fa75eb?s=96&d=mm&r=g","caption":"administrador"},"sameAs":["http:\/\/pre.italcamara-es.com"],"url":"https:\/\/italcamara-es.com\/it\/author\/administrador\/"}]}},"rttpg_featured_image_url":{"full":["https:\/\/italcamara-es.com\/wp-content\/uploads\/2025\/03\/XIANA-MENDEZ.jpg",448,252,false],"landscape":["https:\/\/italcamara-es.com\/wp-content\/uploads\/2025\/03\/XIANA-MENDEZ.jpg",448,252,false],"portraits":["https:\/\/italcamara-es.com\/wp-content\/uploads\/2025\/03\/XIANA-MENDEZ.jpg",448,252,false],"thumbnail":["https:\/\/italcamara-es.com\/wp-content\/uploads\/2025\/03\/XIANA-MENDEZ-150x150.jpg",150,150,true],"medium":["https:\/\/italcamara-es.com\/wp-content\/uploads\/2025\/03\/XIANA-MENDEZ-300x169.jpg",300,169,true],"large":["https:\/\/italcamara-es.com\/wp-content\/uploads\/2025\/03\/XIANA-MENDEZ.jpg",448,252,false],"1536x1536":["https:\/\/italcamara-es.com\/wp-content\/uploads\/2025\/03\/XIANA-MENDEZ.jpg",448,252,false],"2048x2048":["https:\/\/italcamara-es.com\/wp-content\/uploads\/2025\/03\/XIANA-MENDEZ.jpg",448,252,false],"ocean-thumb-m":["https:\/\/italcamara-es.com\/wp-content\/uploads\/2025\/03\/XIANA-MENDEZ.jpg",448,252,false],"ocean-thumb-ml":["https:\/\/italcamara-es.com\/wp-content\/uploads\/2025\/03\/XIANA-MENDEZ.jpg",448,252,false],"ocean-thumb-l":["https:\/\/italcamara-es.com\/wp-content\/uploads\/2025\/03\/XIANA-MENDEZ.jpg",448,252,false],"directorist_preview":["https:\/\/italcamara-es.com\/wp-content\/uploads\/2025\/03\/XIANA-MENDEZ.jpg",448,252,false]},"rttpg_author":{"display_name":"administrador","author_link":"https:\/\/italcamara-es.com\/it\/author\/administrador\/"},"rttpg_comment":0,"rttpg_category":"<a href=\"https:\/\/italcamara-es.com\/it\/category\/notizie\/\" rel=\"category tag\">Notizie<\/a>","rttpg_excerpt":"La valutazione delle imprese straniere sul clima d\u2019affari in Spagna registra un miglioramento rispetto all\u2019anno scorso, in linea con la tendenza di crescita ininterrotta iniziata nel 2014. In particolare, il clima d\u2019affari in Spagna ha ottenuto una valutazione media di 3 su 5. &nbsp; Le prospettive degli investitori esteri per la chiusura del 2018 ed&hellip;","_links":{"self":[{"href":"https:\/\/italcamara-es.com\/it\/wp-json\/wp\/v2\/posts\/56660","targetHints":{"allow":["GET"]}}],"collection":[{"href":"https:\/\/italcamara-es.com\/it\/wp-json\/wp\/v2\/posts"}],"about":[{"href":"https:\/\/italcamara-es.com\/it\/wp-json\/wp\/v2\/types\/post"}],"author":[{"embeddable":true,"href":"https:\/\/italcamara-es.com\/it\/wp-json\/wp\/v2\/users\/1"}],"replies":[{"embeddable":true,"href":"https:\/\/italcamara-es.com\/it\/wp-json\/wp\/v2\/comments?post=56660"}],"version-history":[{"count":0,"href":"https:\/\/italcamara-es.com\/it\/wp-json\/wp\/v2\/posts\/56660\/revisions"}],"wp:featuredmedia":[{"embeddable":true,"href":"https:\/\/italcamara-es.com\/it\/wp-json\/wp\/v2\/media\/53757"}],"wp:attachment":[{"href":"https:\/\/italcamara-es.com\/it\/wp-json\/wp\/v2\/media?parent=56660"}],"wp:term":[{"taxonomy":"category","embeddable":true,"href":"https:\/\/italcamara-es.com\/it\/wp-json\/wp\/v2\/categories?post=56660"},{"taxonomy":"post_tag","embeddable":true,"href":"https:\/\/italcamara-es.com\/it\/wp-json\/wp\/v2\/tags?post=56660"}],"curies":[{"name":"wp","href":"https:\/\/api.w.org\/{rel}","templated":true}]}}