	{"id":56661,"date":"2018-11-30T14:09:32","date_gmt":"2018-11-30T13:09:32","guid":{"rendered":"http:\/\/pre.italcamara-es.com\/senza-categoria\/la-spagna-punta-ad-incrementare-lexport-agroalimentare-in-cina\/"},"modified":"2018-11-30T14:09:32","modified_gmt":"2018-11-30T13:09:32","slug":"la-spagna-punta-ad-incrementare-lexport-agroalimentare-in-cina","status":"publish","type":"post","link":"https:\/\/italcamara-es.com\/it\/notizie\/la-spagna-punta-ad-incrementare-lexport-agroalimentare-in-cina\/","title":{"rendered":"La Spagna punta ad incrementare l\u2019export agroalimentare in Cina"},"content":{"rendered":"<p>In occasione della visita a Madrid del presidente della Repubblica popolare cinese, Xi Jinping, dello scorso 28 novembre, Spagna e Cina hanno sottoscritto due Protocolli sanitari per l\u2019esportazione di uva, prodotti stagionati e carne suina spagnola nel paese asiatico.<\/p>\n<p>&nbsp;<\/p>\n<p><strong>Prodotti a base di carne suina <\/strong><\/p>\n<p>Il nuovo protocollo sulla carne suina permette alla Spagna di ampliare significativamente la gamma dei prodotti autorizzati all\u2019export, che si estende ora alla carne fresca ed ai prodotti curati come il <em>jam\u00f3n<\/em>, la <em>paleta<\/em>, il <em>lomo<\/em>, la \u00a0salsiccia ed il \u00a0<em>chorizo<\/em>.<\/p>\n<p>Tra i prodotti elaborati, fino ad oggi la Spagna poteva esportare solo prosciutto disossato. Con questo nuovo protocollo si autorizza l\u2019acceso a prodotti ad alto valore aggiunto, come il prosciutto con osso e altri prodotti stagionati, che apre grandi possibilit\u00e0 per l&#8217;industria della carne di accedere al pi\u00f9 grande mercato del mondo in condizioni molto vantaggiose. Inoltre, il nuovo testo consentir\u00e0 l&#8217;esportazione di carni fresche refrigerate ed aprira al paese iberico l\u2019ingress ad una nuova nicchia di mercato con prodotti di alta qualit\u00e0 e maggiormente differenziati.<\/p>\n<p>La Cina \u00e8 di gran lunga il pi\u00f9 grande mercato per i prodotti a base di carne suina. Consuma infatti circa il 50% del totale che si produce in tutto il mondo. Questo tipo di carne rappresenta i due terzi del consumo totale di carne nella dieta dei consumatori cinesi e, sebbene siano anche i principali produttori al mondo, costituiscono il primo mercato di importazione.\u00a0Negli ultimi anni la Spagna si \u00e8 convertita nel primo esportatore di maiale in Cina e il quarto esportatore di frattaglie con un totale di 373.000 tonnellate nel 2017, per un valore pari a\u00a0 574 milioni di euro. Si tratta del prodotto spagnolo maggiormente esportato in Cina in termini di valore.\u00a0<strong>\u00a0<\/strong><\/p>\n<p>&nbsp;<\/p>\n<p><strong>Uva<\/strong><strong><br \/>\n<\/strong><\/p>\n<p>Il protocollo relativo all\u2019esportazione di uva da tavola permetter\u00e0 di avviare le relazioni commerciali tra i due paesi per questa tipologia di frutta. Fino ad oggi la Spagna poteva esportare nel mercato cinese solo agrumi, in virt\u00f9 del protocollo firmato nel 2005, otre a pesche e prugne secondo il protocollo firmato nel 2016.<br \/>\nSebbene la Cina sia il principale produttore di frutta al mondo, \u00e8 anche il principale consumatore e le sue importazioni sono aumentate di anno in anno. I principali esportatori di uva verso la Cina sono i paesi dell&#8217;emisfero australe, il Cile, il Per\u00f9, l&#8217;Australia e il Sudafrica, oltre agli Stati Uniti. L&#8217;interesse principale della Cina \u00e8 per la frutta di alta qualit\u00e0, principalmente senza semi e per nuove variet\u00e0 nel mercato che possono fare la differenza con la produzione nazionale. All\u2019uva spagnola verr\u00e0 applicato un dazio del 13% e l\u2019IVA all&#8217;11%.<\/p>\n<p>&nbsp;<\/p>\n<p>Fonte:\u00a0 <a href=\"http:\/\/diariodegastronomia.com\/\" target=\"_blank\" rel=\"noopener\">diariodegrastronomia.com<\/a><\/p>\n","protected":false},"excerpt":{"rendered":"<p>In occasione della visita a Madrid del presidente della Repubblica popolare cinese, Xi Jinping, dello scorso 28 novembre, Spagna e Cina hanno sottoscritto due Protocolli sanitari per l\u2019esportazione di uva, prodotti stagionati e carne suina spagnola nel paese asiatico. &nbsp; Prodotti a base di carne suina Il nuovo protocollo sulla carne suina permette alla Spagna [&hellip;]<\/p>\n","protected":false},"author":1,"featured_media":53759,"comment_status":"open","ping_status":"open","sticky":false,"template":"","format":"standard","meta":{"inline_featured_image":false,"ocean_post_layout":"","ocean_both_sidebars_style":"","ocean_both_sidebars_content_width":0,"ocean_both_sidebars_sidebars_width":0,"ocean_sidebar":"","ocean_second_sidebar":"","ocean_disable_margins":"enable","ocean_add_body_class":"","ocean_shortcode_before_top_bar":"","ocean_shortcode_after_top_bar":"","ocean_shortcode_before_header":"","ocean_shortcode_after_header":"","ocean_has_shortcode":"","ocean_shortcode_after_title":"","ocean_shortcode_before_footer_widgets":"","ocean_shortcode_after_footer_widgets":"","ocean_shortcode_before_footer_bottom":"","ocean_shortcode_after_footer_bottom":"","ocean_display_top_bar":"default","ocean_display_header":"default","ocean_header_style":"","ocean_center_header_left_menu":"","ocean_custom_header_template":"","ocean_custom_logo":0,"ocean_custom_retina_logo":0,"ocean_custom_logo_max_width":0,"ocean_custom_logo_tablet_max_width":0,"ocean_custom_logo_mobile_max_width":0,"ocean_custom_logo_max_height":0,"ocean_custom_logo_tablet_max_height":0,"ocean_custom_logo_mobile_max_height":0,"ocean_header_custom_menu":"","ocean_menu_typo_font_family":"","ocean_menu_typo_font_subset":"","ocean_menu_typo_font_size":0,"ocean_menu_typo_font_size_tablet":0,"ocean_menu_typo_font_size_mobile":0,"ocean_menu_typo_font_size_unit":"px","ocean_menu_typo_font_weight":"","ocean_menu_typo_font_weight_tablet":"","ocean_menu_typo_font_weight_mobile":"","ocean_menu_typo_transform":"","ocean_menu_typo_transform_tablet":"","ocean_menu_typo_transform_mobile":"","ocean_menu_typo_line_height":0,"ocean_menu_typo_line_height_tablet":0,"ocean_menu_typo_line_height_mobile":0,"ocean_menu_typo_line_height_unit":"","ocean_menu_typo_spacing":0,"ocean_menu_typo_spacing_tablet":0,"ocean_menu_typo_spacing_mobile":0,"ocean_menu_typo_spacing_unit":"","ocean_menu_link_color":"","ocean_menu_link_color_hover":"","ocean_menu_link_color_active":"","ocean_menu_link_background":"","ocean_menu_link_hover_background":"","ocean_menu_link_active_background":"","ocean_menu_social_links_bg":"","ocean_menu_social_hover_links_bg":"","ocean_menu_social_links_color":"","ocean_menu_social_hover_links_color":"","ocean_disable_title":"default","ocean_disable_heading":"default","ocean_post_title":"","ocean_post_subheading":"","ocean_post_title_style":"","ocean_post_title_background_color":"","ocean_post_title_background":0,"ocean_post_title_bg_image_position":"","ocean_post_title_bg_image_attachment":"","ocean_post_title_bg_image_repeat":"","ocean_post_title_bg_image_size":"","ocean_post_title_height":0,"ocean_post_title_bg_overlay":0.5,"ocean_post_title_bg_overlay_color":"","ocean_disable_breadcrumbs":"default","ocean_breadcrumbs_color":"","ocean_breadcrumbs_separator_color":"","ocean_breadcrumbs_links_color":"","ocean_breadcrumbs_links_hover_color":"","ocean_display_footer_widgets":"default","ocean_display_footer_bottom":"default","ocean_custom_footer_template":"","ocean_post_oembed":"","ocean_post_self_hosted_media":"","ocean_post_video_embed":"","ocean_link_format":"","ocean_link_format_target":"self","ocean_quote_format":"","ocean_quote_format_link":"post","ocean_gallery_link_images":"on","ocean_gallery_id":[],"footnotes":""},"categories":[133],"tags":[138],"class_list":["post-56661","post","type-post","status-publish","format-standard","has-post-thumbnail","hentry","category-notizie","tag-notizie-di-mercato","entry","has-media"],"yoast_head":"<!-- This site is optimized with the Yoast SEO plugin v27.5 - https:\/\/yoast.com\/product\/yoast-seo-wordpress\/ -->\n<title>La Spagna punta ad incrementare l\u2019export agroalimentare in Cina - Italcamara<\/title>\n<meta name=\"robots\" content=\"index, follow, max-snippet:-1, max-image-preview:large, max-video-preview:-1\" \/>\n<link rel=\"canonical\" href=\"https:\/\/italcamara-es.com\/it\/notizie\/la-spagna-punta-ad-incrementare-lexport-agroalimentare-in-cina\/\" \/>\n<meta property=\"og:locale\" content=\"it_IT\" \/>\n<meta property=\"og:type\" content=\"article\" \/>\n<meta property=\"og:title\" content=\"La Spagna punta ad incrementare l\u2019export agroalimentare in Cina - Italcamara\" \/>\n<meta property=\"og:description\" content=\"In occasione della visita a Madrid del presidente della Repubblica popolare cinese, Xi Jinping, dello scorso 28 novembre, Spagna e Cina hanno sottoscritto due Protocolli sanitari per l\u2019esportazione di uva, prodotti stagionati e carne suina spagnola nel paese asiatico. &nbsp; Prodotti a base di carne suina Il nuovo protocollo sulla carne suina permette alla Spagna [&hellip;]\" \/>\n<meta property=\"og:url\" content=\"https:\/\/italcamara-es.com\/it\/notizie\/la-spagna-punta-ad-incrementare-lexport-agroalimentare-in-cina\/\" \/>\n<meta property=\"og:site_name\" content=\"Italcamara\" \/>\n<meta property=\"article:published_time\" content=\"2018-11-30T13:09:32+00:00\" \/>\n<meta property=\"og:image\" content=\"https:\/\/italcamara-es.com\/wp-content\/uploads\/2025\/03\/export-carne.jpg\" \/>\n\t<meta property=\"og:image:width\" content=\"500\" \/>\n\t<meta property=\"og:image:height\" content=\"280\" \/>\n\t<meta property=\"og:image:type\" content=\"image\/jpeg\" \/>\n<meta name=\"author\" content=\"administrador\" \/>\n<meta name=\"twitter:card\" content=\"summary_large_image\" \/>\n<meta name=\"twitter:label1\" content=\"Scritto da\" \/>\n\t<meta name=\"twitter:data1\" content=\"administrador\" \/>\n\t<meta name=\"twitter:label2\" content=\"Tempo di lettura stimato\" \/>\n\t<meta name=\"twitter:data2\" content=\"2 minuti\" \/>\n<script type=\"application\/ld+json\" class=\"yoast-schema-graph\">{\"@context\":\"https:\\\/\\\/schema.org\",\"@graph\":[{\"@type\":\"Article\",\"@id\":\"https:\\\/\\\/italcamara-es.com\\\/it\\\/notizie\\\/la-spagna-punta-ad-incrementare-lexport-agroalimentare-in-cina\\\/#article\",\"isPartOf\":{\"@id\":\"https:\\\/\\\/italcamara-es.com\\\/it\\\/notizie\\\/la-spagna-punta-ad-incrementare-lexport-agroalimentare-in-cina\\\/\"},\"author\":{\"name\":\"administrador\",\"@id\":\"https:\\\/\\\/italcamara-es.com\\\/#\\\/schema\\\/person\\\/bb3c56263e405bbd9a15171dcfee93bb\"},\"headline\":\"La Spagna punta ad incrementare l\u2019export agroalimentare in Cina\",\"datePublished\":\"2018-11-30T13:09:32+00:00\",\"mainEntityOfPage\":{\"@id\":\"https:\\\/\\\/italcamara-es.com\\\/it\\\/notizie\\\/la-spagna-punta-ad-incrementare-lexport-agroalimentare-in-cina\\\/\"},\"wordCount\":450,\"commentCount\":0,\"image\":{\"@id\":\"https:\\\/\\\/italcamara-es.com\\\/it\\\/notizie\\\/la-spagna-punta-ad-incrementare-lexport-agroalimentare-in-cina\\\/#primaryimage\"},\"thumbnailUrl\":\"https:\\\/\\\/italcamara-es.com\\\/wp-content\\\/uploads\\\/2025\\\/03\\\/export-carne.jpg\",\"keywords\":[\"Notizie di Mercato\"],\"articleSection\":[\"Notizie\"],\"inLanguage\":\"it-IT\",\"potentialAction\":[{\"@type\":\"CommentAction\",\"name\":\"Comment\",\"target\":[\"https:\\\/\\\/italcamara-es.com\\\/it\\\/notizie\\\/la-spagna-punta-ad-incrementare-lexport-agroalimentare-in-cina\\\/#respond\"]}]},{\"@type\":\"WebPage\",\"@id\":\"https:\\\/\\\/italcamara-es.com\\\/it\\\/notizie\\\/la-spagna-punta-ad-incrementare-lexport-agroalimentare-in-cina\\\/\",\"url\":\"https:\\\/\\\/italcamara-es.com\\\/it\\\/notizie\\\/la-spagna-punta-ad-incrementare-lexport-agroalimentare-in-cina\\\/\",\"name\":\"La Spagna punta ad incrementare l\u2019export agroalimentare in Cina - Italcamara\",\"isPartOf\":{\"@id\":\"https:\\\/\\\/italcamara-es.com\\\/#website\"},\"primaryImageOfPage\":{\"@id\":\"https:\\\/\\\/italcamara-es.com\\\/it\\\/notizie\\\/la-spagna-punta-ad-incrementare-lexport-agroalimentare-in-cina\\\/#primaryimage\"},\"image\":{\"@id\":\"https:\\\/\\\/italcamara-es.com\\\/it\\\/notizie\\\/la-spagna-punta-ad-incrementare-lexport-agroalimentare-in-cina\\\/#primaryimage\"},\"thumbnailUrl\":\"https:\\\/\\\/italcamara-es.com\\\/wp-content\\\/uploads\\\/2025\\\/03\\\/export-carne.jpg\",\"datePublished\":\"2018-11-30T13:09:32+00:00\",\"author\":{\"@id\":\"https:\\\/\\\/italcamara-es.com\\\/#\\\/schema\\\/person\\\/bb3c56263e405bbd9a15171dcfee93bb\"},\"breadcrumb\":{\"@id\":\"https:\\\/\\\/italcamara-es.com\\\/it\\\/notizie\\\/la-spagna-punta-ad-incrementare-lexport-agroalimentare-in-cina\\\/#breadcrumb\"},\"inLanguage\":\"it-IT\",\"potentialAction\":[{\"@type\":\"ReadAction\",\"target\":[\"https:\\\/\\\/italcamara-es.com\\\/it\\\/notizie\\\/la-spagna-punta-ad-incrementare-lexport-agroalimentare-in-cina\\\/\"]}]},{\"@type\":\"ImageObject\",\"inLanguage\":\"it-IT\",\"@id\":\"https:\\\/\\\/italcamara-es.com\\\/it\\\/notizie\\\/la-spagna-punta-ad-incrementare-lexport-agroalimentare-in-cina\\\/#primaryimage\",\"url\":\"https:\\\/\\\/italcamara-es.com\\\/wp-content\\\/uploads\\\/2025\\\/03\\\/export-carne.jpg\",\"contentUrl\":\"https:\\\/\\\/italcamara-es.com\\\/wp-content\\\/uploads\\\/2025\\\/03\\\/export-carne.jpg\",\"width\":500,\"height\":280},{\"@type\":\"BreadcrumbList\",\"@id\":\"https:\\\/\\\/italcamara-es.com\\\/it\\\/notizie\\\/la-spagna-punta-ad-incrementare-lexport-agroalimentare-in-cina\\\/#breadcrumb\",\"itemListElement\":[{\"@type\":\"ListItem\",\"position\":1,\"name\":\"Inicio\",\"item\":\"https:\\\/\\\/italcamara-es.com\\\/\"},{\"@type\":\"ListItem\",\"position\":2,\"name\":\"La Spagna punta ad incrementare l\u2019export agroalimentare in Cina\"}]},{\"@type\":\"WebSite\",\"@id\":\"https:\\\/\\\/italcamara-es.com\\\/#website\",\"url\":\"https:\\\/\\\/italcamara-es.com\\\/\",\"name\":\"Italcamara\",\"description\":\"\",\"potentialAction\":[{\"@type\":\"SearchAction\",\"target\":{\"@type\":\"EntryPoint\",\"urlTemplate\":\"https:\\\/\\\/italcamara-es.com\\\/?s={search_term_string}\"},\"query-input\":{\"@type\":\"PropertyValueSpecification\",\"valueRequired\":true,\"valueName\":\"search_term_string\"}}],\"inLanguage\":\"it-IT\"},{\"@type\":\"Person\",\"@id\":\"https:\\\/\\\/italcamara-es.com\\\/#\\\/schema\\\/person\\\/bb3c56263e405bbd9a15171dcfee93bb\",\"name\":\"administrador\",\"image\":{\"@type\":\"ImageObject\",\"inLanguage\":\"it-IT\",\"@id\":\"https:\\\/\\\/secure.gravatar.com\\\/avatar\\\/14b5e63db38320b12031bb28cf9f77e210aa71fb3a8a3602a3c9a05134fa75eb?s=96&d=mm&r=g\",\"url\":\"https:\\\/\\\/secure.gravatar.com\\\/avatar\\\/14b5e63db38320b12031bb28cf9f77e210aa71fb3a8a3602a3c9a05134fa75eb?s=96&d=mm&r=g\",\"contentUrl\":\"https:\\\/\\\/secure.gravatar.com\\\/avatar\\\/14b5e63db38320b12031bb28cf9f77e210aa71fb3a8a3602a3c9a05134fa75eb?s=96&d=mm&r=g\",\"caption\":\"administrador\"},\"sameAs\":[\"http:\\\/\\\/pre.italcamara-es.com\"],\"url\":\"https:\\\/\\\/italcamara-es.com\\\/it\\\/author\\\/administrador\\\/\"}]}<\/script>\n<!-- \/ Yoast SEO plugin. -->","yoast_head_json":{"title":"La Spagna punta ad incrementare l\u2019export agroalimentare in Cina - Italcamara","robots":{"index":"index","follow":"follow","max-snippet":"max-snippet:-1","max-image-preview":"max-image-preview:large","max-video-preview":"max-video-preview:-1"},"canonical":"https:\/\/italcamara-es.com\/it\/notizie\/la-spagna-punta-ad-incrementare-lexport-agroalimentare-in-cina\/","og_locale":"it_IT","og_type":"article","og_title":"La Spagna punta ad incrementare l\u2019export agroalimentare in Cina - Italcamara","og_description":"In occasione della visita a Madrid del presidente della Repubblica popolare cinese, Xi Jinping, dello scorso 28 novembre, Spagna e Cina hanno sottoscritto due Protocolli sanitari per l\u2019esportazione di uva, prodotti stagionati e carne suina spagnola nel paese asiatico. &nbsp; Prodotti a base di carne suina Il nuovo protocollo sulla carne suina permette alla Spagna [&hellip;]","og_url":"https:\/\/italcamara-es.com\/it\/notizie\/la-spagna-punta-ad-incrementare-lexport-agroalimentare-in-cina\/","og_site_name":"Italcamara","article_published_time":"2018-11-30T13:09:32+00:00","og_image":[{"width":500,"height":280,"url":"https:\/\/italcamara-es.com\/wp-content\/uploads\/2025\/03\/export-carne.jpg","type":"image\/jpeg"}],"author":"administrador","twitter_card":"summary_large_image","twitter_misc":{"Scritto da":"administrador","Tempo di lettura stimato":"2 minuti"},"schema":{"@context":"https:\/\/schema.org","@graph":[{"@type":"Article","@id":"https:\/\/italcamara-es.com\/it\/notizie\/la-spagna-punta-ad-incrementare-lexport-agroalimentare-in-cina\/#article","isPartOf":{"@id":"https:\/\/italcamara-es.com\/it\/notizie\/la-spagna-punta-ad-incrementare-lexport-agroalimentare-in-cina\/"},"author":{"name":"administrador","@id":"https:\/\/italcamara-es.com\/#\/schema\/person\/bb3c56263e405bbd9a15171dcfee93bb"},"headline":"La Spagna punta ad incrementare l\u2019export agroalimentare in Cina","datePublished":"2018-11-30T13:09:32+00:00","mainEntityOfPage":{"@id":"https:\/\/italcamara-es.com\/it\/notizie\/la-spagna-punta-ad-incrementare-lexport-agroalimentare-in-cina\/"},"wordCount":450,"commentCount":0,"image":{"@id":"https:\/\/italcamara-es.com\/it\/notizie\/la-spagna-punta-ad-incrementare-lexport-agroalimentare-in-cina\/#primaryimage"},"thumbnailUrl":"https:\/\/italcamara-es.com\/wp-content\/uploads\/2025\/03\/export-carne.jpg","keywords":["Notizie di Mercato"],"articleSection":["Notizie"],"inLanguage":"it-IT","potentialAction":[{"@type":"CommentAction","name":"Comment","target":["https:\/\/italcamara-es.com\/it\/notizie\/la-spagna-punta-ad-incrementare-lexport-agroalimentare-in-cina\/#respond"]}]},{"@type":"WebPage","@id":"https:\/\/italcamara-es.com\/it\/notizie\/la-spagna-punta-ad-incrementare-lexport-agroalimentare-in-cina\/","url":"https:\/\/italcamara-es.com\/it\/notizie\/la-spagna-punta-ad-incrementare-lexport-agroalimentare-in-cina\/","name":"La Spagna punta ad incrementare l\u2019export agroalimentare in Cina - Italcamara","isPartOf":{"@id":"https:\/\/italcamara-es.com\/#website"},"primaryImageOfPage":{"@id":"https:\/\/italcamara-es.com\/it\/notizie\/la-spagna-punta-ad-incrementare-lexport-agroalimentare-in-cina\/#primaryimage"},"image":{"@id":"https:\/\/italcamara-es.com\/it\/notizie\/la-spagna-punta-ad-incrementare-lexport-agroalimentare-in-cina\/#primaryimage"},"thumbnailUrl":"https:\/\/italcamara-es.com\/wp-content\/uploads\/2025\/03\/export-carne.jpg","datePublished":"2018-11-30T13:09:32+00:00","author":{"@id":"https:\/\/italcamara-es.com\/#\/schema\/person\/bb3c56263e405bbd9a15171dcfee93bb"},"breadcrumb":{"@id":"https:\/\/italcamara-es.com\/it\/notizie\/la-spagna-punta-ad-incrementare-lexport-agroalimentare-in-cina\/#breadcrumb"},"inLanguage":"it-IT","potentialAction":[{"@type":"ReadAction","target":["https:\/\/italcamara-es.com\/it\/notizie\/la-spagna-punta-ad-incrementare-lexport-agroalimentare-in-cina\/"]}]},{"@type":"ImageObject","inLanguage":"it-IT","@id":"https:\/\/italcamara-es.com\/it\/notizie\/la-spagna-punta-ad-incrementare-lexport-agroalimentare-in-cina\/#primaryimage","url":"https:\/\/italcamara-es.com\/wp-content\/uploads\/2025\/03\/export-carne.jpg","contentUrl":"https:\/\/italcamara-es.com\/wp-content\/uploads\/2025\/03\/export-carne.jpg","width":500,"height":280},{"@type":"BreadcrumbList","@id":"https:\/\/italcamara-es.com\/it\/notizie\/la-spagna-punta-ad-incrementare-lexport-agroalimentare-in-cina\/#breadcrumb","itemListElement":[{"@type":"ListItem","position":1,"name":"Inicio","item":"https:\/\/italcamara-es.com\/"},{"@type":"ListItem","position":2,"name":"La Spagna punta ad incrementare l\u2019export agroalimentare in Cina"}]},{"@type":"WebSite","@id":"https:\/\/italcamara-es.com\/#website","url":"https:\/\/italcamara-es.com\/","name":"Italcamara","description":"","potentialAction":[{"@type":"SearchAction","target":{"@type":"EntryPoint","urlTemplate":"https:\/\/italcamara-es.com\/?s={search_term_string}"},"query-input":{"@type":"PropertyValueSpecification","valueRequired":true,"valueName":"search_term_string"}}],"inLanguage":"it-IT"},{"@type":"Person","@id":"https:\/\/italcamara-es.com\/#\/schema\/person\/bb3c56263e405bbd9a15171dcfee93bb","name":"administrador","image":{"@type":"ImageObject","inLanguage":"it-IT","@id":"https:\/\/secure.gravatar.com\/avatar\/14b5e63db38320b12031bb28cf9f77e210aa71fb3a8a3602a3c9a05134fa75eb?s=96&d=mm&r=g","url":"https:\/\/secure.gravatar.com\/avatar\/14b5e63db38320b12031bb28cf9f77e210aa71fb3a8a3602a3c9a05134fa75eb?s=96&d=mm&r=g","contentUrl":"https:\/\/secure.gravatar.com\/avatar\/14b5e63db38320b12031bb28cf9f77e210aa71fb3a8a3602a3c9a05134fa75eb?s=96&d=mm&r=g","caption":"administrador"},"sameAs":["http:\/\/pre.italcamara-es.com"],"url":"https:\/\/italcamara-es.com\/it\/author\/administrador\/"}]}},"rttpg_featured_image_url":{"full":["https:\/\/italcamara-es.com\/wp-content\/uploads\/2025\/03\/export-carne.jpg",500,280,false],"landscape":["https:\/\/italcamara-es.com\/wp-content\/uploads\/2025\/03\/export-carne.jpg",500,280,false],"portraits":["https:\/\/italcamara-es.com\/wp-content\/uploads\/2025\/03\/export-carne.jpg",500,280,false],"thumbnail":["https:\/\/italcamara-es.com\/wp-content\/uploads\/2025\/03\/export-carne-150x150.jpg",150,150,true],"medium":["https:\/\/italcamara-es.com\/wp-content\/uploads\/2025\/03\/export-carne-300x168.jpg",300,168,true],"large":["https:\/\/italcamara-es.com\/wp-content\/uploads\/2025\/03\/export-carne.jpg",500,280,false],"1536x1536":["https:\/\/italcamara-es.com\/wp-content\/uploads\/2025\/03\/export-carne.jpg",500,280,false],"2048x2048":["https:\/\/italcamara-es.com\/wp-content\/uploads\/2025\/03\/export-carne.jpg",500,280,false],"ocean-thumb-m":["https:\/\/italcamara-es.com\/wp-content\/uploads\/2025\/03\/export-carne.jpg",500,280,false],"ocean-thumb-ml":["https:\/\/italcamara-es.com\/wp-content\/uploads\/2025\/03\/export-carne.jpg",500,280,false],"ocean-thumb-l":["https:\/\/italcamara-es.com\/wp-content\/uploads\/2025\/03\/export-carne.jpg",500,280,false],"directorist_preview":["https:\/\/italcamara-es.com\/wp-content\/uploads\/2025\/03\/export-carne.jpg",500,280,false]},"rttpg_author":{"display_name":"administrador","author_link":"https:\/\/italcamara-es.com\/it\/author\/administrador\/"},"rttpg_comment":0,"rttpg_category":"<a href=\"https:\/\/italcamara-es.com\/it\/category\/notizie\/\" rel=\"category tag\">Notizie<\/a>","rttpg_excerpt":"In occasione della visita a Madrid del presidente della Repubblica popolare cinese, Xi Jinping, dello scorso 28 novembre, Spagna e Cina hanno sottoscritto due Protocolli sanitari per l\u2019esportazione di uva, prodotti stagionati e carne suina spagnola nel paese asiatico. &nbsp; Prodotti a base di carne suina Il nuovo protocollo sulla carne suina permette alla Spagna&hellip;","_links":{"self":[{"href":"https:\/\/italcamara-es.com\/it\/wp-json\/wp\/v2\/posts\/56661","targetHints":{"allow":["GET"]}}],"collection":[{"href":"https:\/\/italcamara-es.com\/it\/wp-json\/wp\/v2\/posts"}],"about":[{"href":"https:\/\/italcamara-es.com\/it\/wp-json\/wp\/v2\/types\/post"}],"author":[{"embeddable":true,"href":"https:\/\/italcamara-es.com\/it\/wp-json\/wp\/v2\/users\/1"}],"replies":[{"embeddable":true,"href":"https:\/\/italcamara-es.com\/it\/wp-json\/wp\/v2\/comments?post=56661"}],"version-history":[{"count":0,"href":"https:\/\/italcamara-es.com\/it\/wp-json\/wp\/v2\/posts\/56661\/revisions"}],"wp:featuredmedia":[{"embeddable":true,"href":"https:\/\/italcamara-es.com\/it\/wp-json\/wp\/v2\/media\/53759"}],"wp:attachment":[{"href":"https:\/\/italcamara-es.com\/it\/wp-json\/wp\/v2\/media?parent=56661"}],"wp:term":[{"taxonomy":"category","embeddable":true,"href":"https:\/\/italcamara-es.com\/it\/wp-json\/wp\/v2\/categories?post=56661"},{"taxonomy":"post_tag","embeddable":true,"href":"https:\/\/italcamara-es.com\/it\/wp-json\/wp\/v2\/tags?post=56661"}],"curies":[{"name":"wp","href":"https:\/\/api.w.org\/{rel}","templated":true}]}}