	{"id":56689,"date":"2019-09-17T09:27:01","date_gmt":"2019-09-17T07:27:01","guid":{"rendered":"http:\/\/pre.italcamara-es.com\/senza-categoria\/giornata-sulla-competitivita-delle-pmi-a-la-coruna\/"},"modified":"2019-09-17T09:27:01","modified_gmt":"2019-09-17T07:27:01","slug":"giornata-sulla-competitivita-delle-pmi-a-la-coruna","status":"publish","type":"post","link":"https:\/\/italcamara-es.com\/it\/notizie\/giornata-sulla-competitivita-delle-pmi-a-la-coruna\/","title":{"rendered":"Giornata sulla competitivit\u00e0 delle PMI a La Coru\u00f1a"},"content":{"rendered":"\n<p>Lo scorso 12\nsettembre si \u00e8 svolta nella sede della Camera di Commercio di La Coru\u00f1a la\ngiornata \u201c<strong>Europa fomenta la\ncompetitividad de las pymes<\/strong>\u201d (Europa promuove la competitivit\u00e0 delle PMI).<\/p>\n\n\n\n<p>Organizzata dalla\nstessa Camera di La Coru\u00f1a e dalla Camera di Commercio di Spagna, in\ncollaborazione con il Ministero spagnolo d\u2019Affari Esteri, Unione Europea e\nCooperazione, la giornata fa parte di una serie di incontri promossi dalla\nCamera di Spagna, nell\u2019ambito del programma \u201cHablamos de Europa\u201d (Parliamo di\nEuropa), che si terranno in varie citt\u00e0 europee, con l\u2019obiettivo di far\nconoscere gli effetti delle politiche europee sulla crescita economica, il\nmiglioramento della competitivit\u00e0 delle PMI e del loro grado di internazionalizzazione,\ncos\u00ec come la promozione della formazione dei giovani e il loro accesso al\nmercato del lavoro, grazie ai fondi che cofinanziano i programmi delle Camere\ndi Commercio.<\/p>\n\n\n\n<div class=\"wp-block-image\"><figure class=\"aligncenter\"><img decoding=\"async\" src=\"https:\/\/www.italcamara-es.com\/wp-content\/uploads\/2019\/09\/camaras-coruna500-1.jpg\" alt=\"\" class=\"wp-image-22816\"\/><\/figure><\/div>\n\n\n\n<p>L\u2019incontro\ntenutosi a La Coru\u00f1a ha visto la presenza del presidente della Camera di\nCommercio ospitante, <strong>Antonio Couceiro<\/strong>,\ndel direttore di Competitivit\u00e0 della Camera di Commercio di Spagna, <strong>Juli\u00e1n L\u00f3pez-Arenas<\/strong> e del direttore\ngenerale di Industria e delle PMI del Ministero di Industria, Commercio e\nTurismo, <strong>Galo Guti\u00e9rrez Monzon\u00eds<\/strong>,\noltre a numerosi rappresentanti di imprese e associazioni di categoria locali.<\/p>\n\n\n\n<p>Durante\nl\u2019incontro si \u00e8 svolta una tavola rotonda sulla trasformazione digitale,\nmoderata dalla giornalista Isabel Bravo, e durante la quale L\u00f3pez Arenas ha\nvoluto sottolineare l\u2019importanza della digitalizzazione per le PMI ed ha\nannunciato il lancio di due nuovi programmi da parte delle Camere: il programma\n<strong>Industria 4.0<\/strong>, focalizzato nello\nsviluppo di un piano di consulenza a PMI industriali con l\u2019obiettivo di favorire\nla trasformazione digitale ed il passaggio all\u2019industria 4.0; e il programma <strong>Ciber Seguridad<\/strong>, che prevede aiuti alle\nPMI affinch\u00e9 possano prevenire i principali rischi legati alla cyber security.<\/p>\n\n\n\n<p>Il direttore di\nCompetitivit\u00e0 della Camera di Commercio di Spagna ha inoltre sottolineato che \u201c<em>l\u2019obiettivo fondamentale delle Camere \u00e8\nquello di appoggiare le PMI e le micro imprese attraverso attivit\u00e0 formative,\naiuti o consulenze su nuove tecnologie, internazionalizzazione o uso efficiente\ndelle ICT, al fine di aumentare la loro efficienza e produttivit\u00e0 in maniera\nsostenibile. Inoltre, l\u2019appoggio all\u2019internazionalizzazione \u00e8 prioritario e le\nimprese ne sono coscienti, come dimostrano i dati sulle imprese esportatrici:\nnel 2009 in Spagna ce n\u2019erano 100.000; attualmente sono 200.000<\/em>\u201d.<\/p>\n","protected":false},"excerpt":{"rendered":"<p>Lo scorso 12 settembre si \u00e8 svolta nella sede della Camera di Commercio di La Coru\u00f1a la giornata \u201cEuropa fomenta la competitividad de las pymes\u201d (Europa promuove la competitivit\u00e0 delle PMI). Organizzata dalla stessa Camera di La Coru\u00f1a e dalla Camera di Commercio di Spagna, in collaborazione con il Ministero spagnolo d\u2019Affari Esteri, Unione Europea [&hellip;]<\/p>\n","protected":false},"author":1,"featured_media":53812,"comment_status":"open","ping_status":"open","sticky":false,"template":"","format":"standard","meta":{"inline_featured_image":false,"ocean_post_layout":"","ocean_both_sidebars_style":"","ocean_both_sidebars_content_width":0,"ocean_both_sidebars_sidebars_width":0,"ocean_sidebar":"","ocean_second_sidebar":"","ocean_disable_margins":"enable","ocean_add_body_class":"","ocean_shortcode_before_top_bar":"","ocean_shortcode_after_top_bar":"","ocean_shortcode_before_header":"","ocean_shortcode_after_header":"","ocean_has_shortcode":"","ocean_shortcode_after_title":"","ocean_shortcode_before_footer_widgets":"","ocean_shortcode_after_footer_widgets":"","ocean_shortcode_before_footer_bottom":"","ocean_shortcode_after_footer_bottom":"","ocean_display_top_bar":"default","ocean_display_header":"default","ocean_header_style":"","ocean_center_header_left_menu":"","ocean_custom_header_template":"","ocean_custom_logo":0,"ocean_custom_retina_logo":0,"ocean_custom_logo_max_width":0,"ocean_custom_logo_tablet_max_width":0,"ocean_custom_logo_mobile_max_width":0,"ocean_custom_logo_max_height":0,"ocean_custom_logo_tablet_max_height":0,"ocean_custom_logo_mobile_max_height":0,"ocean_header_custom_menu":"","ocean_menu_typo_font_family":"","ocean_menu_typo_font_subset":"","ocean_menu_typo_font_size":0,"ocean_menu_typo_font_size_tablet":0,"ocean_menu_typo_font_size_mobile":0,"ocean_menu_typo_font_size_unit":"px","ocean_menu_typo_font_weight":"","ocean_menu_typo_font_weight_tablet":"","ocean_menu_typo_font_weight_mobile":"","ocean_menu_typo_transform":"","ocean_menu_typo_transform_tablet":"","ocean_menu_typo_transform_mobile":"","ocean_menu_typo_line_height":0,"ocean_menu_typo_line_height_tablet":0,"ocean_menu_typo_line_height_mobile":0,"ocean_menu_typo_line_height_unit":"","ocean_menu_typo_spacing":0,"ocean_menu_typo_spacing_tablet":0,"ocean_menu_typo_spacing_mobile":0,"ocean_menu_typo_spacing_unit":"","ocean_menu_link_color":"","ocean_menu_link_color_hover":"","ocean_menu_link_color_active":"","ocean_menu_link_background":"","ocean_menu_link_hover_background":"","ocean_menu_link_active_background":"","ocean_menu_social_links_bg":"","ocean_menu_social_hover_links_bg":"","ocean_menu_social_links_color":"","ocean_menu_social_hover_links_color":"","ocean_disable_title":"default","ocean_disable_heading":"default","ocean_post_title":"","ocean_post_subheading":"","ocean_post_title_style":"","ocean_post_title_background_color":"","ocean_post_title_background":0,"ocean_post_title_bg_image_position":"","ocean_post_title_bg_image_attachment":"","ocean_post_title_bg_image_repeat":"","ocean_post_title_bg_image_size":"","ocean_post_title_height":0,"ocean_post_title_bg_overlay":0.5,"ocean_post_title_bg_overlay_color":"","ocean_disable_breadcrumbs":"default","ocean_breadcrumbs_color":"","ocean_breadcrumbs_separator_color":"","ocean_breadcrumbs_links_color":"","ocean_breadcrumbs_links_hover_color":"","ocean_display_footer_widgets":"default","ocean_display_footer_bottom":"default","ocean_custom_footer_template":"","ocean_post_oembed":"","ocean_post_self_hosted_media":"","ocean_post_video_embed":"","ocean_link_format":"","ocean_link_format_target":"self","ocean_quote_format":"","ocean_quote_format_link":"post","ocean_gallery_link_images":"on","ocean_gallery_id":[],"footnotes":""},"categories":[133],"tags":[138],"class_list":["post-56689","post","type-post","status-publish","format-standard","has-post-thumbnail","hentry","category-notizie","tag-notizie-di-mercato","entry","has-media"],"yoast_head":"<!-- This site is optimized with the Yoast SEO plugin v27.5 - https:\/\/yoast.com\/product\/yoast-seo-wordpress\/ -->\n<title>Giornata sulla competitivit\u00e0 delle PMI a La Coru\u00f1a - Italcamara<\/title>\n<meta name=\"robots\" content=\"index, follow, max-snippet:-1, max-image-preview:large, max-video-preview:-1\" \/>\n<link rel=\"canonical\" href=\"https:\/\/italcamara-es.com\/it\/notizie\/giornata-sulla-competitivita-delle-pmi-a-la-coruna\/\" \/>\n<meta property=\"og:locale\" content=\"it_IT\" \/>\n<meta property=\"og:type\" content=\"article\" \/>\n<meta property=\"og:title\" content=\"Giornata sulla competitivit\u00e0 delle PMI a La Coru\u00f1a - Italcamara\" \/>\n<meta property=\"og:description\" content=\"Lo scorso 12 settembre si \u00e8 svolta nella sede della Camera di Commercio di La Coru\u00f1a la giornata \u201cEuropa fomenta la competitividad de las pymes\u201d (Europa promuove la competitivit\u00e0 delle PMI). Organizzata dalla stessa Camera di La Coru\u00f1a e dalla Camera di Commercio di Spagna, in collaborazione con il Ministero spagnolo d\u2019Affari Esteri, Unione Europea [&hellip;]\" \/>\n<meta property=\"og:url\" content=\"https:\/\/italcamara-es.com\/it\/notizie\/giornata-sulla-competitivita-delle-pmi-a-la-coruna\/\" \/>\n<meta property=\"og:site_name\" content=\"Italcamara\" \/>\n<meta property=\"article:published_time\" content=\"2019-09-17T07:27:01+00:00\" \/>\n<meta property=\"og:image\" content=\"https:\/\/italcamara-es.com\/wp-content\/uploads\/2025\/03\/camaras-coruna500.jpg\" \/>\n\t<meta property=\"og:image:width\" content=\"500\" \/>\n\t<meta property=\"og:image:height\" content=\"280\" \/>\n\t<meta property=\"og:image:type\" content=\"image\/jpeg\" \/>\n<meta name=\"author\" content=\"administrador\" \/>\n<meta name=\"twitter:card\" content=\"summary_large_image\" \/>\n<meta name=\"twitter:label1\" content=\"Scritto da\" \/>\n\t<meta name=\"twitter:data1\" content=\"administrador\" \/>\n\t<meta name=\"twitter:label2\" content=\"Tempo di lettura stimato\" \/>\n\t<meta name=\"twitter:data2\" content=\"2 minuti\" \/>\n<script type=\"application\/ld+json\" class=\"yoast-schema-graph\">{\"@context\":\"https:\\\/\\\/schema.org\",\"@graph\":[{\"@type\":\"Article\",\"@id\":\"https:\\\/\\\/italcamara-es.com\\\/it\\\/notizie\\\/giornata-sulla-competitivita-delle-pmi-a-la-coruna\\\/#article\",\"isPartOf\":{\"@id\":\"https:\\\/\\\/italcamara-es.com\\\/it\\\/notizie\\\/giornata-sulla-competitivita-delle-pmi-a-la-coruna\\\/\"},\"author\":{\"name\":\"administrador\",\"@id\":\"https:\\\/\\\/italcamara-es.com\\\/#\\\/schema\\\/person\\\/bb3c56263e405bbd9a15171dcfee93bb\"},\"headline\":\"Giornata sulla competitivit\u00e0 delle PMI a La Coru\u00f1a\",\"datePublished\":\"2019-09-17T07:27:01+00:00\",\"mainEntityOfPage\":{\"@id\":\"https:\\\/\\\/italcamara-es.com\\\/it\\\/notizie\\\/giornata-sulla-competitivita-delle-pmi-a-la-coruna\\\/\"},\"wordCount\":392,\"commentCount\":0,\"image\":{\"@id\":\"https:\\\/\\\/italcamara-es.com\\\/it\\\/notizie\\\/giornata-sulla-competitivita-delle-pmi-a-la-coruna\\\/#primaryimage\"},\"thumbnailUrl\":\"https:\\\/\\\/italcamara-es.com\\\/wp-content\\\/uploads\\\/2025\\\/03\\\/camaras-coruna500.jpg\",\"keywords\":[\"Notizie di Mercato\"],\"articleSection\":[\"Notizie\"],\"inLanguage\":\"it-IT\",\"potentialAction\":[{\"@type\":\"CommentAction\",\"name\":\"Comment\",\"target\":[\"https:\\\/\\\/italcamara-es.com\\\/it\\\/notizie\\\/giornata-sulla-competitivita-delle-pmi-a-la-coruna\\\/#respond\"]}]},{\"@type\":\"WebPage\",\"@id\":\"https:\\\/\\\/italcamara-es.com\\\/it\\\/notizie\\\/giornata-sulla-competitivita-delle-pmi-a-la-coruna\\\/\",\"url\":\"https:\\\/\\\/italcamara-es.com\\\/it\\\/notizie\\\/giornata-sulla-competitivita-delle-pmi-a-la-coruna\\\/\",\"name\":\"Giornata sulla competitivit\u00e0 delle PMI a La Coru\u00f1a - Italcamara\",\"isPartOf\":{\"@id\":\"https:\\\/\\\/italcamara-es.com\\\/#website\"},\"primaryImageOfPage\":{\"@id\":\"https:\\\/\\\/italcamara-es.com\\\/it\\\/notizie\\\/giornata-sulla-competitivita-delle-pmi-a-la-coruna\\\/#primaryimage\"},\"image\":{\"@id\":\"https:\\\/\\\/italcamara-es.com\\\/it\\\/notizie\\\/giornata-sulla-competitivita-delle-pmi-a-la-coruna\\\/#primaryimage\"},\"thumbnailUrl\":\"https:\\\/\\\/italcamara-es.com\\\/wp-content\\\/uploads\\\/2025\\\/03\\\/camaras-coruna500.jpg\",\"datePublished\":\"2019-09-17T07:27:01+00:00\",\"author\":{\"@id\":\"https:\\\/\\\/italcamara-es.com\\\/#\\\/schema\\\/person\\\/bb3c56263e405bbd9a15171dcfee93bb\"},\"breadcrumb\":{\"@id\":\"https:\\\/\\\/italcamara-es.com\\\/it\\\/notizie\\\/giornata-sulla-competitivita-delle-pmi-a-la-coruna\\\/#breadcrumb\"},\"inLanguage\":\"it-IT\",\"potentialAction\":[{\"@type\":\"ReadAction\",\"target\":[\"https:\\\/\\\/italcamara-es.com\\\/it\\\/notizie\\\/giornata-sulla-competitivita-delle-pmi-a-la-coruna\\\/\"]}]},{\"@type\":\"ImageObject\",\"inLanguage\":\"it-IT\",\"@id\":\"https:\\\/\\\/italcamara-es.com\\\/it\\\/notizie\\\/giornata-sulla-competitivita-delle-pmi-a-la-coruna\\\/#primaryimage\",\"url\":\"https:\\\/\\\/italcamara-es.com\\\/wp-content\\\/uploads\\\/2025\\\/03\\\/camaras-coruna500.jpg\",\"contentUrl\":\"https:\\\/\\\/italcamara-es.com\\\/wp-content\\\/uploads\\\/2025\\\/03\\\/camaras-coruna500.jpg\",\"width\":500,\"height\":280},{\"@type\":\"BreadcrumbList\",\"@id\":\"https:\\\/\\\/italcamara-es.com\\\/it\\\/notizie\\\/giornata-sulla-competitivita-delle-pmi-a-la-coruna\\\/#breadcrumb\",\"itemListElement\":[{\"@type\":\"ListItem\",\"position\":1,\"name\":\"Inicio\",\"item\":\"https:\\\/\\\/italcamara-es.com\\\/it\\\/homepage-ita\\\/\"},{\"@type\":\"ListItem\",\"position\":2,\"name\":\"Giornata sulla competitivit\u00e0 delle PMI a La Coru\u00f1a\"}]},{\"@type\":\"WebSite\",\"@id\":\"https:\\\/\\\/italcamara-es.com\\\/#website\",\"url\":\"https:\\\/\\\/italcamara-es.com\\\/\",\"name\":\"Italcamara\",\"description\":\"\",\"potentialAction\":[{\"@type\":\"SearchAction\",\"target\":{\"@type\":\"EntryPoint\",\"urlTemplate\":\"https:\\\/\\\/italcamara-es.com\\\/?s={search_term_string}\"},\"query-input\":{\"@type\":\"PropertyValueSpecification\",\"valueRequired\":true,\"valueName\":\"search_term_string\"}}],\"inLanguage\":\"it-IT\"},{\"@type\":\"Person\",\"@id\":\"https:\\\/\\\/italcamara-es.com\\\/#\\\/schema\\\/person\\\/bb3c56263e405bbd9a15171dcfee93bb\",\"name\":\"administrador\",\"image\":{\"@type\":\"ImageObject\",\"inLanguage\":\"it-IT\",\"@id\":\"https:\\\/\\\/secure.gravatar.com\\\/avatar\\\/14b5e63db38320b12031bb28cf9f77e210aa71fb3a8a3602a3c9a05134fa75eb?s=96&d=mm&r=g\",\"url\":\"https:\\\/\\\/secure.gravatar.com\\\/avatar\\\/14b5e63db38320b12031bb28cf9f77e210aa71fb3a8a3602a3c9a05134fa75eb?s=96&d=mm&r=g\",\"contentUrl\":\"https:\\\/\\\/secure.gravatar.com\\\/avatar\\\/14b5e63db38320b12031bb28cf9f77e210aa71fb3a8a3602a3c9a05134fa75eb?s=96&d=mm&r=g\",\"caption\":\"administrador\"},\"sameAs\":[\"http:\\\/\\\/pre.italcamara-es.com\"],\"url\":\"https:\\\/\\\/italcamara-es.com\\\/it\\\/author\\\/administrador\\\/\"}]}<\/script>\n<!-- \/ Yoast SEO plugin. -->","yoast_head_json":{"title":"Giornata sulla competitivit\u00e0 delle PMI a La Coru\u00f1a - Italcamara","robots":{"index":"index","follow":"follow","max-snippet":"max-snippet:-1","max-image-preview":"max-image-preview:large","max-video-preview":"max-video-preview:-1"},"canonical":"https:\/\/italcamara-es.com\/it\/notizie\/giornata-sulla-competitivita-delle-pmi-a-la-coruna\/","og_locale":"it_IT","og_type":"article","og_title":"Giornata sulla competitivit\u00e0 delle PMI a La Coru\u00f1a - Italcamara","og_description":"Lo scorso 12 settembre si \u00e8 svolta nella sede della Camera di Commercio di La Coru\u00f1a la giornata \u201cEuropa fomenta la competitividad de las pymes\u201d (Europa promuove la competitivit\u00e0 delle PMI). Organizzata dalla stessa Camera di La Coru\u00f1a e dalla Camera di Commercio di Spagna, in collaborazione con il Ministero spagnolo d\u2019Affari Esteri, Unione Europea [&hellip;]","og_url":"https:\/\/italcamara-es.com\/it\/notizie\/giornata-sulla-competitivita-delle-pmi-a-la-coruna\/","og_site_name":"Italcamara","article_published_time":"2019-09-17T07:27:01+00:00","og_image":[{"width":500,"height":280,"url":"https:\/\/italcamara-es.com\/wp-content\/uploads\/2025\/03\/camaras-coruna500.jpg","type":"image\/jpeg"}],"author":"administrador","twitter_card":"summary_large_image","twitter_misc":{"Scritto da":"administrador","Tempo di lettura stimato":"2 minuti"},"schema":{"@context":"https:\/\/schema.org","@graph":[{"@type":"Article","@id":"https:\/\/italcamara-es.com\/it\/notizie\/giornata-sulla-competitivita-delle-pmi-a-la-coruna\/#article","isPartOf":{"@id":"https:\/\/italcamara-es.com\/it\/notizie\/giornata-sulla-competitivita-delle-pmi-a-la-coruna\/"},"author":{"name":"administrador","@id":"https:\/\/italcamara-es.com\/#\/schema\/person\/bb3c56263e405bbd9a15171dcfee93bb"},"headline":"Giornata sulla competitivit\u00e0 delle PMI a La Coru\u00f1a","datePublished":"2019-09-17T07:27:01+00:00","mainEntityOfPage":{"@id":"https:\/\/italcamara-es.com\/it\/notizie\/giornata-sulla-competitivita-delle-pmi-a-la-coruna\/"},"wordCount":392,"commentCount":0,"image":{"@id":"https:\/\/italcamara-es.com\/it\/notizie\/giornata-sulla-competitivita-delle-pmi-a-la-coruna\/#primaryimage"},"thumbnailUrl":"https:\/\/italcamara-es.com\/wp-content\/uploads\/2025\/03\/camaras-coruna500.jpg","keywords":["Notizie di Mercato"],"articleSection":["Notizie"],"inLanguage":"it-IT","potentialAction":[{"@type":"CommentAction","name":"Comment","target":["https:\/\/italcamara-es.com\/it\/notizie\/giornata-sulla-competitivita-delle-pmi-a-la-coruna\/#respond"]}]},{"@type":"WebPage","@id":"https:\/\/italcamara-es.com\/it\/notizie\/giornata-sulla-competitivita-delle-pmi-a-la-coruna\/","url":"https:\/\/italcamara-es.com\/it\/notizie\/giornata-sulla-competitivita-delle-pmi-a-la-coruna\/","name":"Giornata sulla competitivit\u00e0 delle PMI a La Coru\u00f1a - Italcamara","isPartOf":{"@id":"https:\/\/italcamara-es.com\/#website"},"primaryImageOfPage":{"@id":"https:\/\/italcamara-es.com\/it\/notizie\/giornata-sulla-competitivita-delle-pmi-a-la-coruna\/#primaryimage"},"image":{"@id":"https:\/\/italcamara-es.com\/it\/notizie\/giornata-sulla-competitivita-delle-pmi-a-la-coruna\/#primaryimage"},"thumbnailUrl":"https:\/\/italcamara-es.com\/wp-content\/uploads\/2025\/03\/camaras-coruna500.jpg","datePublished":"2019-09-17T07:27:01+00:00","author":{"@id":"https:\/\/italcamara-es.com\/#\/schema\/person\/bb3c56263e405bbd9a15171dcfee93bb"},"breadcrumb":{"@id":"https:\/\/italcamara-es.com\/it\/notizie\/giornata-sulla-competitivita-delle-pmi-a-la-coruna\/#breadcrumb"},"inLanguage":"it-IT","potentialAction":[{"@type":"ReadAction","target":["https:\/\/italcamara-es.com\/it\/notizie\/giornata-sulla-competitivita-delle-pmi-a-la-coruna\/"]}]},{"@type":"ImageObject","inLanguage":"it-IT","@id":"https:\/\/italcamara-es.com\/it\/notizie\/giornata-sulla-competitivita-delle-pmi-a-la-coruna\/#primaryimage","url":"https:\/\/italcamara-es.com\/wp-content\/uploads\/2025\/03\/camaras-coruna500.jpg","contentUrl":"https:\/\/italcamara-es.com\/wp-content\/uploads\/2025\/03\/camaras-coruna500.jpg","width":500,"height":280},{"@type":"BreadcrumbList","@id":"https:\/\/italcamara-es.com\/it\/notizie\/giornata-sulla-competitivita-delle-pmi-a-la-coruna\/#breadcrumb","itemListElement":[{"@type":"ListItem","position":1,"name":"Inicio","item":"https:\/\/italcamara-es.com\/it\/homepage-ita\/"},{"@type":"ListItem","position":2,"name":"Giornata sulla competitivit\u00e0 delle PMI a La Coru\u00f1a"}]},{"@type":"WebSite","@id":"https:\/\/italcamara-es.com\/#website","url":"https:\/\/italcamara-es.com\/","name":"Italcamara","description":"","potentialAction":[{"@type":"SearchAction","target":{"@type":"EntryPoint","urlTemplate":"https:\/\/italcamara-es.com\/?s={search_term_string}"},"query-input":{"@type":"PropertyValueSpecification","valueRequired":true,"valueName":"search_term_string"}}],"inLanguage":"it-IT"},{"@type":"Person","@id":"https:\/\/italcamara-es.com\/#\/schema\/person\/bb3c56263e405bbd9a15171dcfee93bb","name":"administrador","image":{"@type":"ImageObject","inLanguage":"it-IT","@id":"https:\/\/secure.gravatar.com\/avatar\/14b5e63db38320b12031bb28cf9f77e210aa71fb3a8a3602a3c9a05134fa75eb?s=96&d=mm&r=g","url":"https:\/\/secure.gravatar.com\/avatar\/14b5e63db38320b12031bb28cf9f77e210aa71fb3a8a3602a3c9a05134fa75eb?s=96&d=mm&r=g","contentUrl":"https:\/\/secure.gravatar.com\/avatar\/14b5e63db38320b12031bb28cf9f77e210aa71fb3a8a3602a3c9a05134fa75eb?s=96&d=mm&r=g","caption":"administrador"},"sameAs":["http:\/\/pre.italcamara-es.com"],"url":"https:\/\/italcamara-es.com\/it\/author\/administrador\/"}]}},"rttpg_featured_image_url":{"full":["https:\/\/italcamara-es.com\/wp-content\/uploads\/2025\/03\/camaras-coruna500.jpg",500,280,false],"landscape":["https:\/\/italcamara-es.com\/wp-content\/uploads\/2025\/03\/camaras-coruna500.jpg",500,280,false],"portraits":["https:\/\/italcamara-es.com\/wp-content\/uploads\/2025\/03\/camaras-coruna500.jpg",500,280,false],"thumbnail":["https:\/\/italcamara-es.com\/wp-content\/uploads\/2025\/03\/camaras-coruna500-150x150.jpg",150,150,true],"medium":["https:\/\/italcamara-es.com\/wp-content\/uploads\/2025\/03\/camaras-coruna500-300x168.jpg",300,168,true],"large":["https:\/\/italcamara-es.com\/wp-content\/uploads\/2025\/03\/camaras-coruna500.jpg",500,280,false],"1536x1536":["https:\/\/italcamara-es.com\/wp-content\/uploads\/2025\/03\/camaras-coruna500.jpg",500,280,false],"2048x2048":["https:\/\/italcamara-es.com\/wp-content\/uploads\/2025\/03\/camaras-coruna500.jpg",500,280,false],"ocean-thumb-m":["https:\/\/italcamara-es.com\/wp-content\/uploads\/2025\/03\/camaras-coruna500.jpg",500,280,false],"ocean-thumb-ml":["https:\/\/italcamara-es.com\/wp-content\/uploads\/2025\/03\/camaras-coruna500.jpg",500,280,false],"ocean-thumb-l":["https:\/\/italcamara-es.com\/wp-content\/uploads\/2025\/03\/camaras-coruna500.jpg",500,280,false],"directorist_preview":["https:\/\/italcamara-es.com\/wp-content\/uploads\/2025\/03\/camaras-coruna500.jpg",500,280,false]},"rttpg_author":{"display_name":"administrador","author_link":"https:\/\/italcamara-es.com\/it\/author\/administrador\/"},"rttpg_comment":0,"rttpg_category":"<a href=\"https:\/\/italcamara-es.com\/it\/category\/notizie\/\" rel=\"category tag\">Notizie<\/a>","rttpg_excerpt":"Lo scorso 12 settembre si \u00e8 svolta nella sede della Camera di Commercio di La Coru\u00f1a la giornata \u201cEuropa fomenta la competitividad de las pymes\u201d (Europa promuove la competitivit\u00e0 delle PMI). Organizzata dalla stessa Camera di La Coru\u00f1a e dalla Camera di Commercio di Spagna, in collaborazione con il Ministero spagnolo d\u2019Affari Esteri, Unione Europea&hellip;","_links":{"self":[{"href":"https:\/\/italcamara-es.com\/it\/wp-json\/wp\/v2\/posts\/56689","targetHints":{"allow":["GET"]}}],"collection":[{"href":"https:\/\/italcamara-es.com\/it\/wp-json\/wp\/v2\/posts"}],"about":[{"href":"https:\/\/italcamara-es.com\/it\/wp-json\/wp\/v2\/types\/post"}],"author":[{"embeddable":true,"href":"https:\/\/italcamara-es.com\/it\/wp-json\/wp\/v2\/users\/1"}],"replies":[{"embeddable":true,"href":"https:\/\/italcamara-es.com\/it\/wp-json\/wp\/v2\/comments?post=56689"}],"version-history":[{"count":0,"href":"https:\/\/italcamara-es.com\/it\/wp-json\/wp\/v2\/posts\/56689\/revisions"}],"wp:featuredmedia":[{"embeddable":true,"href":"https:\/\/italcamara-es.com\/it\/wp-json\/wp\/v2\/media\/53812"}],"wp:attachment":[{"href":"https:\/\/italcamara-es.com\/it\/wp-json\/wp\/v2\/media?parent=56689"}],"wp:term":[{"taxonomy":"category","embeddable":true,"href":"https:\/\/italcamara-es.com\/it\/wp-json\/wp\/v2\/categories?post=56689"},{"taxonomy":"post_tag","embeddable":true,"href":"https:\/\/italcamara-es.com\/it\/wp-json\/wp\/v2\/tags?post=56689"}],"curies":[{"name":"wp","href":"https:\/\/api.w.org\/{rel}","templated":true}]}}