	{"id":56694,"date":"2019-11-29T09:59:13","date_gmt":"2019-11-29T08:59:13","guid":{"rendered":"http:\/\/pre.italcamara-es.com\/senza-categoria\/il-consorzio-italo-spagnolo-ilsa-primo-operatore-privato-nel-mercato-ferroviario-spagnolo\/"},"modified":"2019-11-29T09:59:13","modified_gmt":"2019-11-29T08:59:13","slug":"il-consorzio-italo-spagnolo-ilsa-primo-operatore-privato-nel-mercato-ferroviario-spagnolo","status":"publish","type":"post","link":"https:\/\/italcamara-es.com\/it\/notizie\/il-consorzio-italo-spagnolo-ilsa-primo-operatore-privato-nel-mercato-ferroviario-spagnolo\/","title":{"rendered":"Il Consorzio italo-spagnolo ILSA, primo operatore privato nel mercato ferroviario spagnolo"},"content":{"rendered":"\n<p>Il Consiglio di Amministrazione dell\u2019ente gestore delle infrastrutture feroviarie spagnole Adif, riunitosi lo scorso 27 novembre, ha emesso una risoluzioen per la quale il consorzio ILSA (Intermodalidad del Levante SA), formato dai soci di Air Nostrum e dall\u2019operatore italiano Trenitalia, risulta essere uno dei tre candidati pre-aggiudicatari per poter operare, a partire da dicembre 2020, nelle principali linee dell\u2019alta velocit\u00e0 spagnola: Madrid-Barcellona-Frontiera Francese; Madrid-Levante (Valencia\/Alicante) e Madrid-Sud (Seviglia\/Malaga).<\/p>\n\n\n\n<p>In particolare, al consorzio italo-spagnolo \u00e8 stato assegnato il denominato \u201cpachetto B\u201d della liberalizzazione dell\u2019alta velocit\u00e0. A partire da gennaio 2022, ILSA gestir\u00e0 32 connessioni giornaliere nella tratta che unisce la capitale spagnola a Barcellona; 8 connessioni giornaliere nella linea Madrid &#8211; Valencia; 7 in quella che unisce Madrid a Malaga e Siviglia; e da 3 a 4 nella tratta Madrid \u2013 Alicante (frequenze che verranno incrementate nelle settimane centrali del periodo estivo).<\/p>\n\n\n\n<p>Il servizio sar\u00e0 garantito\nda 23 treni Frecciarossa 1000, il fiore all\u2019occhiello di Trenitalia, capace di\nraggiungere i 360 km\/h.<\/p>\n\n\n\n<div class=\"wp-block-image\"><figure class=\"aligncenter\"><img decoding=\"async\" src=\"https:\/\/www.italcamara-es.com\/wp-content\/uploads\/2019\/11\/trenitalia-600-1.jpg\" alt=\"\" class=\"wp-image-23711\"\/><\/figure><\/div>\n\n\n\n<p>Il nuovo operatore, che far\u00e0 pubblico il marchio commerciale nel 2020, avr\u00e0 come direttore generale Victor Ba\u00f1ales, ex dirigente di Renfe e Horizonia. La distribuzione dell\u2019azionariato di ILSA vede un 55% delle quote in mano ai soci della compagnia spagnola Air Nostrum, attraverso la propria impresa Operador Ferroviario de Levante (OFL), ed il 45% restante a Trenitalia.<\/p>\n\n\n\n<p>Per\nmaggiori informazioni: <a href=\"http:\/\/prensa.adifaltavelocidad.es\/nde\/u08\/GAP\/Prensa.nsf\/Vo000A\/582911508DA2514BC12584BF003FBE29?Opendocument\">comunicato\nAdif<\/a><\/p>\n","protected":false},"excerpt":{"rendered":"<p>Il Consiglio di Amministrazione dell\u2019ente gestore delle infrastrutture feroviarie spagnole Adif, riunitosi lo scorso 27 novembre, ha emesso una risoluzioen per la quale il consorzio ILSA (Intermodalidad del Levante SA), formato dai soci di Air Nostrum e dall\u2019operatore italiano Trenitalia, risulta essere uno dei tre candidati pre-aggiudicatari per poter operare, a partire da dicembre 2020, [&hellip;]<\/p>\n","protected":false},"author":1,"featured_media":53821,"comment_status":"open","ping_status":"open","sticky":false,"template":"","format":"standard","meta":{"inline_featured_image":false,"ocean_post_layout":"","ocean_both_sidebars_style":"","ocean_both_sidebars_content_width":0,"ocean_both_sidebars_sidebars_width":0,"ocean_sidebar":"","ocean_second_sidebar":"","ocean_disable_margins":"enable","ocean_add_body_class":"","ocean_shortcode_before_top_bar":"","ocean_shortcode_after_top_bar":"","ocean_shortcode_before_header":"","ocean_shortcode_after_header":"","ocean_has_shortcode":"","ocean_shortcode_after_title":"","ocean_shortcode_before_footer_widgets":"","ocean_shortcode_after_footer_widgets":"","ocean_shortcode_before_footer_bottom":"","ocean_shortcode_after_footer_bottom":"","ocean_display_top_bar":"default","ocean_display_header":"default","ocean_header_style":"","ocean_center_header_left_menu":"","ocean_custom_header_template":"","ocean_custom_logo":0,"ocean_custom_retina_logo":0,"ocean_custom_logo_max_width":0,"ocean_custom_logo_tablet_max_width":0,"ocean_custom_logo_mobile_max_width":0,"ocean_custom_logo_max_height":0,"ocean_custom_logo_tablet_max_height":0,"ocean_custom_logo_mobile_max_height":0,"ocean_header_custom_menu":"","ocean_menu_typo_font_family":"","ocean_menu_typo_font_subset":"","ocean_menu_typo_font_size":0,"ocean_menu_typo_font_size_tablet":0,"ocean_menu_typo_font_size_mobile":0,"ocean_menu_typo_font_size_unit":"px","ocean_menu_typo_font_weight":"","ocean_menu_typo_font_weight_tablet":"","ocean_menu_typo_font_weight_mobile":"","ocean_menu_typo_transform":"","ocean_menu_typo_transform_tablet":"","ocean_menu_typo_transform_mobile":"","ocean_menu_typo_line_height":0,"ocean_menu_typo_line_height_tablet":0,"ocean_menu_typo_line_height_mobile":0,"ocean_menu_typo_line_height_unit":"","ocean_menu_typo_spacing":0,"ocean_menu_typo_spacing_tablet":0,"ocean_menu_typo_spacing_mobile":0,"ocean_menu_typo_spacing_unit":"","ocean_menu_link_color":"","ocean_menu_link_color_hover":"","ocean_menu_link_color_active":"","ocean_menu_link_background":"","ocean_menu_link_hover_background":"","ocean_menu_link_active_background":"","ocean_menu_social_links_bg":"","ocean_menu_social_hover_links_bg":"","ocean_menu_social_links_color":"","ocean_menu_social_hover_links_color":"","ocean_disable_title":"default","ocean_disable_heading":"default","ocean_post_title":"","ocean_post_subheading":"","ocean_post_title_style":"","ocean_post_title_background_color":"","ocean_post_title_background":0,"ocean_post_title_bg_image_position":"","ocean_post_title_bg_image_attachment":"","ocean_post_title_bg_image_repeat":"","ocean_post_title_bg_image_size":"","ocean_post_title_height":0,"ocean_post_title_bg_overlay":0.5,"ocean_post_title_bg_overlay_color":"","ocean_disable_breadcrumbs":"default","ocean_breadcrumbs_color":"","ocean_breadcrumbs_separator_color":"","ocean_breadcrumbs_links_color":"","ocean_breadcrumbs_links_hover_color":"","ocean_display_footer_widgets":"default","ocean_display_footer_bottom":"default","ocean_custom_footer_template":"","ocean_post_oembed":"","ocean_post_self_hosted_media":"","ocean_post_video_embed":"","ocean_link_format":"","ocean_link_format_target":"self","ocean_quote_format":"","ocean_quote_format_link":"post","ocean_gallery_link_images":"on","ocean_gallery_id":[],"footnotes":""},"categories":[133],"tags":[138],"class_list":["post-56694","post","type-post","status-publish","format-standard","has-post-thumbnail","hentry","category-notizie","tag-notizie-di-mercato","entry","has-media"],"yoast_head":"<!-- This site is optimized with the Yoast SEO plugin v27.4 - https:\/\/yoast.com\/product\/yoast-seo-wordpress\/ -->\n<title>Il Consorzio italo-spagnolo ILSA, primo operatore privato nel mercato ferroviario spagnolo - Italcamara<\/title>\n<meta name=\"robots\" content=\"index, follow, max-snippet:-1, max-image-preview:large, max-video-preview:-1\" \/>\n<link rel=\"canonical\" href=\"https:\/\/italcamara-es.com\/it\/notizie\/il-consorzio-italo-spagnolo-ilsa-primo-operatore-privato-nel-mercato-ferroviario-spagnolo\/\" \/>\n<meta property=\"og:locale\" content=\"it_IT\" \/>\n<meta property=\"og:type\" content=\"article\" \/>\n<meta property=\"og:title\" content=\"Il Consorzio italo-spagnolo ILSA, primo operatore privato nel mercato ferroviario spagnolo - Italcamara\" \/>\n<meta property=\"og:description\" content=\"Il Consiglio di Amministrazione dell\u2019ente gestore delle infrastrutture feroviarie spagnole Adif, riunitosi lo scorso 27 novembre, ha emesso una risoluzioen per la quale il consorzio ILSA (Intermodalidad del Levante SA), formato dai soci di Air Nostrum e dall\u2019operatore italiano Trenitalia, risulta essere uno dei tre candidati pre-aggiudicatari per poter operare, a partire da dicembre 2020, [&hellip;]\" \/>\n<meta property=\"og:url\" content=\"https:\/\/italcamara-es.com\/it\/notizie\/il-consorzio-italo-spagnolo-ilsa-primo-operatore-privato-nel-mercato-ferroviario-spagnolo\/\" \/>\n<meta property=\"og:site_name\" content=\"Italcamara\" \/>\n<meta property=\"article:published_time\" content=\"2019-11-29T08:59:13+00:00\" \/>\n<meta property=\"og:image\" content=\"https:\/\/italcamara-es.com\/wp-content\/uploads\/2025\/03\/trenitalia500.jpg\" \/>\n\t<meta property=\"og:image:width\" content=\"500\" \/>\n\t<meta property=\"og:image:height\" content=\"280\" \/>\n\t<meta property=\"og:image:type\" content=\"image\/jpeg\" \/>\n<meta name=\"author\" content=\"administrador\" \/>\n<meta name=\"twitter:card\" content=\"summary_large_image\" \/>\n<meta name=\"twitter:label1\" content=\"Scritto da\" \/>\n\t<meta name=\"twitter:data1\" content=\"administrador\" \/>\n\t<meta name=\"twitter:label2\" content=\"Tempo di lettura stimato\" \/>\n\t<meta name=\"twitter:data2\" content=\"1 minuto\" \/>\n<script type=\"application\/ld+json\" class=\"yoast-schema-graph\">{\"@context\":\"https:\\\/\\\/schema.org\",\"@graph\":[{\"@type\":\"Article\",\"@id\":\"https:\\\/\\\/italcamara-es.com\\\/it\\\/notizie\\\/il-consorzio-italo-spagnolo-ilsa-primo-operatore-privato-nel-mercato-ferroviario-spagnolo\\\/#article\",\"isPartOf\":{\"@id\":\"https:\\\/\\\/italcamara-es.com\\\/it\\\/notizie\\\/il-consorzio-italo-spagnolo-ilsa-primo-operatore-privato-nel-mercato-ferroviario-spagnolo\\\/\"},\"author\":{\"name\":\"administrador\",\"@id\":\"https:\\\/\\\/italcamara-es.com\\\/#\\\/schema\\\/person\\\/bb3c56263e405bbd9a15171dcfee93bb\"},\"headline\":\"Il Consorzio italo-spagnolo ILSA, primo operatore privato nel mercato ferroviario spagnolo\",\"datePublished\":\"2019-11-29T08:59:13+00:00\",\"mainEntityOfPage\":{\"@id\":\"https:\\\/\\\/italcamara-es.com\\\/it\\\/notizie\\\/il-consorzio-italo-spagnolo-ilsa-primo-operatore-privato-nel-mercato-ferroviario-spagnolo\\\/\"},\"wordCount\":228,\"commentCount\":0,\"image\":{\"@id\":\"https:\\\/\\\/italcamara-es.com\\\/it\\\/notizie\\\/il-consorzio-italo-spagnolo-ilsa-primo-operatore-privato-nel-mercato-ferroviario-spagnolo\\\/#primaryimage\"},\"thumbnailUrl\":\"https:\\\/\\\/italcamara-es.com\\\/wp-content\\\/uploads\\\/2025\\\/03\\\/trenitalia500.jpg\",\"keywords\":[\"Notizie di Mercato\"],\"articleSection\":[\"Notizie\"],\"inLanguage\":\"it-IT\",\"potentialAction\":[{\"@type\":\"CommentAction\",\"name\":\"Comment\",\"target\":[\"https:\\\/\\\/italcamara-es.com\\\/it\\\/notizie\\\/il-consorzio-italo-spagnolo-ilsa-primo-operatore-privato-nel-mercato-ferroviario-spagnolo\\\/#respond\"]}]},{\"@type\":\"WebPage\",\"@id\":\"https:\\\/\\\/italcamara-es.com\\\/it\\\/notizie\\\/il-consorzio-italo-spagnolo-ilsa-primo-operatore-privato-nel-mercato-ferroviario-spagnolo\\\/\",\"url\":\"https:\\\/\\\/italcamara-es.com\\\/it\\\/notizie\\\/il-consorzio-italo-spagnolo-ilsa-primo-operatore-privato-nel-mercato-ferroviario-spagnolo\\\/\",\"name\":\"Il Consorzio italo-spagnolo ILSA, primo operatore privato nel mercato ferroviario spagnolo - Italcamara\",\"isPartOf\":{\"@id\":\"https:\\\/\\\/italcamara-es.com\\\/#website\"},\"primaryImageOfPage\":{\"@id\":\"https:\\\/\\\/italcamara-es.com\\\/it\\\/notizie\\\/il-consorzio-italo-spagnolo-ilsa-primo-operatore-privato-nel-mercato-ferroviario-spagnolo\\\/#primaryimage\"},\"image\":{\"@id\":\"https:\\\/\\\/italcamara-es.com\\\/it\\\/notizie\\\/il-consorzio-italo-spagnolo-ilsa-primo-operatore-privato-nel-mercato-ferroviario-spagnolo\\\/#primaryimage\"},\"thumbnailUrl\":\"https:\\\/\\\/italcamara-es.com\\\/wp-content\\\/uploads\\\/2025\\\/03\\\/trenitalia500.jpg\",\"datePublished\":\"2019-11-29T08:59:13+00:00\",\"author\":{\"@id\":\"https:\\\/\\\/italcamara-es.com\\\/#\\\/schema\\\/person\\\/bb3c56263e405bbd9a15171dcfee93bb\"},\"breadcrumb\":{\"@id\":\"https:\\\/\\\/italcamara-es.com\\\/it\\\/notizie\\\/il-consorzio-italo-spagnolo-ilsa-primo-operatore-privato-nel-mercato-ferroviario-spagnolo\\\/#breadcrumb\"},\"inLanguage\":\"it-IT\",\"potentialAction\":[{\"@type\":\"ReadAction\",\"target\":[\"https:\\\/\\\/italcamara-es.com\\\/it\\\/notizie\\\/il-consorzio-italo-spagnolo-ilsa-primo-operatore-privato-nel-mercato-ferroviario-spagnolo\\\/\"]}]},{\"@type\":\"ImageObject\",\"inLanguage\":\"it-IT\",\"@id\":\"https:\\\/\\\/italcamara-es.com\\\/it\\\/notizie\\\/il-consorzio-italo-spagnolo-ilsa-primo-operatore-privato-nel-mercato-ferroviario-spagnolo\\\/#primaryimage\",\"url\":\"https:\\\/\\\/italcamara-es.com\\\/wp-content\\\/uploads\\\/2025\\\/03\\\/trenitalia500.jpg\",\"contentUrl\":\"https:\\\/\\\/italcamara-es.com\\\/wp-content\\\/uploads\\\/2025\\\/03\\\/trenitalia500.jpg\",\"width\":500,\"height\":280},{\"@type\":\"BreadcrumbList\",\"@id\":\"https:\\\/\\\/italcamara-es.com\\\/it\\\/notizie\\\/il-consorzio-italo-spagnolo-ilsa-primo-operatore-privato-nel-mercato-ferroviario-spagnolo\\\/#breadcrumb\",\"itemListElement\":[{\"@type\":\"ListItem\",\"position\":1,\"name\":\"Inicio\",\"item\":\"https:\\\/\\\/italcamara-es.com\\\/it\\\/homepage-ita\\\/\"},{\"@type\":\"ListItem\",\"position\":2,\"name\":\"Il Consorzio italo-spagnolo ILSA, primo operatore privato nel mercato ferroviario spagnolo\"}]},{\"@type\":\"WebSite\",\"@id\":\"https:\\\/\\\/italcamara-es.com\\\/#website\",\"url\":\"https:\\\/\\\/italcamara-es.com\\\/\",\"name\":\"Italcamara\",\"description\":\"\",\"potentialAction\":[{\"@type\":\"SearchAction\",\"target\":{\"@type\":\"EntryPoint\",\"urlTemplate\":\"https:\\\/\\\/italcamara-es.com\\\/?s={search_term_string}\"},\"query-input\":{\"@type\":\"PropertyValueSpecification\",\"valueRequired\":true,\"valueName\":\"search_term_string\"}}],\"inLanguage\":\"it-IT\"},{\"@type\":\"Person\",\"@id\":\"https:\\\/\\\/italcamara-es.com\\\/#\\\/schema\\\/person\\\/bb3c56263e405bbd9a15171dcfee93bb\",\"name\":\"administrador\",\"image\":{\"@type\":\"ImageObject\",\"inLanguage\":\"it-IT\",\"@id\":\"https:\\\/\\\/secure.gravatar.com\\\/avatar\\\/14b5e63db38320b12031bb28cf9f77e210aa71fb3a8a3602a3c9a05134fa75eb?s=96&d=mm&r=g\",\"url\":\"https:\\\/\\\/secure.gravatar.com\\\/avatar\\\/14b5e63db38320b12031bb28cf9f77e210aa71fb3a8a3602a3c9a05134fa75eb?s=96&d=mm&r=g\",\"contentUrl\":\"https:\\\/\\\/secure.gravatar.com\\\/avatar\\\/14b5e63db38320b12031bb28cf9f77e210aa71fb3a8a3602a3c9a05134fa75eb?s=96&d=mm&r=g\",\"caption\":\"administrador\"},\"sameAs\":[\"http:\\\/\\\/pre.italcamara-es.com\"],\"url\":\"https:\\\/\\\/italcamara-es.com\\\/it\\\/author\\\/administrador\\\/\"}]}<\/script>\n<!-- \/ Yoast SEO plugin. -->","yoast_head_json":{"title":"Il Consorzio italo-spagnolo ILSA, primo operatore privato nel mercato ferroviario spagnolo - Italcamara","robots":{"index":"index","follow":"follow","max-snippet":"max-snippet:-1","max-image-preview":"max-image-preview:large","max-video-preview":"max-video-preview:-1"},"canonical":"https:\/\/italcamara-es.com\/it\/notizie\/il-consorzio-italo-spagnolo-ilsa-primo-operatore-privato-nel-mercato-ferroviario-spagnolo\/","og_locale":"it_IT","og_type":"article","og_title":"Il Consorzio italo-spagnolo ILSA, primo operatore privato nel mercato ferroviario spagnolo - Italcamara","og_description":"Il Consiglio di Amministrazione dell\u2019ente gestore delle infrastrutture feroviarie spagnole Adif, riunitosi lo scorso 27 novembre, ha emesso una risoluzioen per la quale il consorzio ILSA (Intermodalidad del Levante SA), formato dai soci di Air Nostrum e dall\u2019operatore italiano Trenitalia, risulta essere uno dei tre candidati pre-aggiudicatari per poter operare, a partire da dicembre 2020, [&hellip;]","og_url":"https:\/\/italcamara-es.com\/it\/notizie\/il-consorzio-italo-spagnolo-ilsa-primo-operatore-privato-nel-mercato-ferroviario-spagnolo\/","og_site_name":"Italcamara","article_published_time":"2019-11-29T08:59:13+00:00","og_image":[{"width":500,"height":280,"url":"https:\/\/italcamara-es.com\/wp-content\/uploads\/2025\/03\/trenitalia500.jpg","type":"image\/jpeg"}],"author":"administrador","twitter_card":"summary_large_image","twitter_misc":{"Scritto da":"administrador","Tempo di lettura stimato":"1 minuto"},"schema":{"@context":"https:\/\/schema.org","@graph":[{"@type":"Article","@id":"https:\/\/italcamara-es.com\/it\/notizie\/il-consorzio-italo-spagnolo-ilsa-primo-operatore-privato-nel-mercato-ferroviario-spagnolo\/#article","isPartOf":{"@id":"https:\/\/italcamara-es.com\/it\/notizie\/il-consorzio-italo-spagnolo-ilsa-primo-operatore-privato-nel-mercato-ferroviario-spagnolo\/"},"author":{"name":"administrador","@id":"https:\/\/italcamara-es.com\/#\/schema\/person\/bb3c56263e405bbd9a15171dcfee93bb"},"headline":"Il Consorzio italo-spagnolo ILSA, primo operatore privato nel mercato ferroviario spagnolo","datePublished":"2019-11-29T08:59:13+00:00","mainEntityOfPage":{"@id":"https:\/\/italcamara-es.com\/it\/notizie\/il-consorzio-italo-spagnolo-ilsa-primo-operatore-privato-nel-mercato-ferroviario-spagnolo\/"},"wordCount":228,"commentCount":0,"image":{"@id":"https:\/\/italcamara-es.com\/it\/notizie\/il-consorzio-italo-spagnolo-ilsa-primo-operatore-privato-nel-mercato-ferroviario-spagnolo\/#primaryimage"},"thumbnailUrl":"https:\/\/italcamara-es.com\/wp-content\/uploads\/2025\/03\/trenitalia500.jpg","keywords":["Notizie di Mercato"],"articleSection":["Notizie"],"inLanguage":"it-IT","potentialAction":[{"@type":"CommentAction","name":"Comment","target":["https:\/\/italcamara-es.com\/it\/notizie\/il-consorzio-italo-spagnolo-ilsa-primo-operatore-privato-nel-mercato-ferroviario-spagnolo\/#respond"]}]},{"@type":"WebPage","@id":"https:\/\/italcamara-es.com\/it\/notizie\/il-consorzio-italo-spagnolo-ilsa-primo-operatore-privato-nel-mercato-ferroviario-spagnolo\/","url":"https:\/\/italcamara-es.com\/it\/notizie\/il-consorzio-italo-spagnolo-ilsa-primo-operatore-privato-nel-mercato-ferroviario-spagnolo\/","name":"Il Consorzio italo-spagnolo ILSA, primo operatore privato nel mercato ferroviario spagnolo - Italcamara","isPartOf":{"@id":"https:\/\/italcamara-es.com\/#website"},"primaryImageOfPage":{"@id":"https:\/\/italcamara-es.com\/it\/notizie\/il-consorzio-italo-spagnolo-ilsa-primo-operatore-privato-nel-mercato-ferroviario-spagnolo\/#primaryimage"},"image":{"@id":"https:\/\/italcamara-es.com\/it\/notizie\/il-consorzio-italo-spagnolo-ilsa-primo-operatore-privato-nel-mercato-ferroviario-spagnolo\/#primaryimage"},"thumbnailUrl":"https:\/\/italcamara-es.com\/wp-content\/uploads\/2025\/03\/trenitalia500.jpg","datePublished":"2019-11-29T08:59:13+00:00","author":{"@id":"https:\/\/italcamara-es.com\/#\/schema\/person\/bb3c56263e405bbd9a15171dcfee93bb"},"breadcrumb":{"@id":"https:\/\/italcamara-es.com\/it\/notizie\/il-consorzio-italo-spagnolo-ilsa-primo-operatore-privato-nel-mercato-ferroviario-spagnolo\/#breadcrumb"},"inLanguage":"it-IT","potentialAction":[{"@type":"ReadAction","target":["https:\/\/italcamara-es.com\/it\/notizie\/il-consorzio-italo-spagnolo-ilsa-primo-operatore-privato-nel-mercato-ferroviario-spagnolo\/"]}]},{"@type":"ImageObject","inLanguage":"it-IT","@id":"https:\/\/italcamara-es.com\/it\/notizie\/il-consorzio-italo-spagnolo-ilsa-primo-operatore-privato-nel-mercato-ferroviario-spagnolo\/#primaryimage","url":"https:\/\/italcamara-es.com\/wp-content\/uploads\/2025\/03\/trenitalia500.jpg","contentUrl":"https:\/\/italcamara-es.com\/wp-content\/uploads\/2025\/03\/trenitalia500.jpg","width":500,"height":280},{"@type":"BreadcrumbList","@id":"https:\/\/italcamara-es.com\/it\/notizie\/il-consorzio-italo-spagnolo-ilsa-primo-operatore-privato-nel-mercato-ferroviario-spagnolo\/#breadcrumb","itemListElement":[{"@type":"ListItem","position":1,"name":"Inicio","item":"https:\/\/italcamara-es.com\/it\/homepage-ita\/"},{"@type":"ListItem","position":2,"name":"Il Consorzio italo-spagnolo ILSA, primo operatore privato nel mercato ferroviario spagnolo"}]},{"@type":"WebSite","@id":"https:\/\/italcamara-es.com\/#website","url":"https:\/\/italcamara-es.com\/","name":"Italcamara","description":"","potentialAction":[{"@type":"SearchAction","target":{"@type":"EntryPoint","urlTemplate":"https:\/\/italcamara-es.com\/?s={search_term_string}"},"query-input":{"@type":"PropertyValueSpecification","valueRequired":true,"valueName":"search_term_string"}}],"inLanguage":"it-IT"},{"@type":"Person","@id":"https:\/\/italcamara-es.com\/#\/schema\/person\/bb3c56263e405bbd9a15171dcfee93bb","name":"administrador","image":{"@type":"ImageObject","inLanguage":"it-IT","@id":"https:\/\/secure.gravatar.com\/avatar\/14b5e63db38320b12031bb28cf9f77e210aa71fb3a8a3602a3c9a05134fa75eb?s=96&d=mm&r=g","url":"https:\/\/secure.gravatar.com\/avatar\/14b5e63db38320b12031bb28cf9f77e210aa71fb3a8a3602a3c9a05134fa75eb?s=96&d=mm&r=g","contentUrl":"https:\/\/secure.gravatar.com\/avatar\/14b5e63db38320b12031bb28cf9f77e210aa71fb3a8a3602a3c9a05134fa75eb?s=96&d=mm&r=g","caption":"administrador"},"sameAs":["http:\/\/pre.italcamara-es.com"],"url":"https:\/\/italcamara-es.com\/it\/author\/administrador\/"}]}},"rttpg_featured_image_url":{"full":["https:\/\/italcamara-es.com\/wp-content\/uploads\/2025\/03\/trenitalia500.jpg",500,280,false],"landscape":["https:\/\/italcamara-es.com\/wp-content\/uploads\/2025\/03\/trenitalia500.jpg",500,280,false],"portraits":["https:\/\/italcamara-es.com\/wp-content\/uploads\/2025\/03\/trenitalia500.jpg",500,280,false],"thumbnail":["https:\/\/italcamara-es.com\/wp-content\/uploads\/2025\/03\/trenitalia500-150x150.jpg",150,150,true],"medium":["https:\/\/italcamara-es.com\/wp-content\/uploads\/2025\/03\/trenitalia500-300x168.jpg",300,168,true],"large":["https:\/\/italcamara-es.com\/wp-content\/uploads\/2025\/03\/trenitalia500.jpg",500,280,false],"1536x1536":["https:\/\/italcamara-es.com\/wp-content\/uploads\/2025\/03\/trenitalia500.jpg",500,280,false],"2048x2048":["https:\/\/italcamara-es.com\/wp-content\/uploads\/2025\/03\/trenitalia500.jpg",500,280,false],"ocean-thumb-m":["https:\/\/italcamara-es.com\/wp-content\/uploads\/2025\/03\/trenitalia500.jpg",500,280,false],"ocean-thumb-ml":["https:\/\/italcamara-es.com\/wp-content\/uploads\/2025\/03\/trenitalia500.jpg",500,280,false],"ocean-thumb-l":["https:\/\/italcamara-es.com\/wp-content\/uploads\/2025\/03\/trenitalia500.jpg",500,280,false],"directorist_preview":["https:\/\/italcamara-es.com\/wp-content\/uploads\/2025\/03\/trenitalia500.jpg",500,280,false]},"rttpg_author":{"display_name":"administrador","author_link":"https:\/\/italcamara-es.com\/it\/author\/administrador\/"},"rttpg_comment":0,"rttpg_category":"<a href=\"https:\/\/italcamara-es.com\/it\/category\/notizie\/\" rel=\"category tag\">Notizie<\/a>","rttpg_excerpt":"Il Consiglio di Amministrazione dell\u2019ente gestore delle infrastrutture feroviarie spagnole Adif, riunitosi lo scorso 27 novembre, ha emesso una risoluzioen per la quale il consorzio ILSA (Intermodalidad del Levante SA), formato dai soci di Air Nostrum e dall\u2019operatore italiano Trenitalia, risulta essere uno dei tre candidati pre-aggiudicatari per poter operare, a partire da dicembre 2020,&hellip;","_links":{"self":[{"href":"https:\/\/italcamara-es.com\/it\/wp-json\/wp\/v2\/posts\/56694","targetHints":{"allow":["GET"]}}],"collection":[{"href":"https:\/\/italcamara-es.com\/it\/wp-json\/wp\/v2\/posts"}],"about":[{"href":"https:\/\/italcamara-es.com\/it\/wp-json\/wp\/v2\/types\/post"}],"author":[{"embeddable":true,"href":"https:\/\/italcamara-es.com\/it\/wp-json\/wp\/v2\/users\/1"}],"replies":[{"embeddable":true,"href":"https:\/\/italcamara-es.com\/it\/wp-json\/wp\/v2\/comments?post=56694"}],"version-history":[{"count":0,"href":"https:\/\/italcamara-es.com\/it\/wp-json\/wp\/v2\/posts\/56694\/revisions"}],"wp:featuredmedia":[{"embeddable":true,"href":"https:\/\/italcamara-es.com\/it\/wp-json\/wp\/v2\/media\/53821"}],"wp:attachment":[{"href":"https:\/\/italcamara-es.com\/it\/wp-json\/wp\/v2\/media?parent=56694"}],"wp:term":[{"taxonomy":"category","embeddable":true,"href":"https:\/\/italcamara-es.com\/it\/wp-json\/wp\/v2\/categories?post=56694"},{"taxonomy":"post_tag","embeddable":true,"href":"https:\/\/italcamara-es.com\/it\/wp-json\/wp\/v2\/tags?post=56694"}],"curies":[{"name":"wp","href":"https:\/\/api.w.org\/{rel}","templated":true}]}}