	{"id":56697,"date":"2020-01-24T14:46:05","date_gmt":"2020-01-24T13:46:05","guid":{"rendered":"http:\/\/pre.italcamara-es.com\/senza-categoria\/la-fiducia-delle-imprese-spagnole-per-il-2020-e-superiore-alla-media-della-zona-euro\/"},"modified":"2020-01-24T14:46:05","modified_gmt":"2020-01-24T13:46:05","slug":"la-fiducia-delle-imprese-spagnole-per-il-2020-e-superiore-alla-media-della-zona-euro","status":"publish","type":"post","link":"https:\/\/italcamara-es.com\/it\/notizie\/la-fiducia-delle-imprese-spagnole-per-il-2020-e-superiore-alla-media-della-zona-euro\/","title":{"rendered":"La fiducia delle imprese spagnole per il 2020 \u00e8 superiore alla media della zona Euro"},"content":{"rendered":"\n<p>Le imprese spagnole sono pi\u00f9 ottimiste rispetto a quelle dell\u2019insieme dell\u2019Unione Europea relativamente all\u2019evoluzione della propria attivit\u00e0 nel 2020, secondo i dati pubblicati dall\u2019<strong><em>Encuesta de Perspectivas Empresariales en Espa\u00f1a y Europa 2019<\/em><\/strong>, coordinata da <em>Eurochambres<\/em> in collaborazione con la <em>C\u00e1mara de Comercio de Espa\u00f1a<\/em>. Il report raccoglie l\u2019opinione di 53.000 imprese europee, delle quali 2.591 sono spagnole.<\/p>\n\n\n\n<p>Delle quattro variabili analizzate \u2013 export, occupazione, investimenti e\nvendite nazionali \u2013 le aspettative delle imprese spagnole sono maggiormente\npositive rispetto a quelle europee nelle prime tre, soprattutto per ci\u00f2 che\nriguarda l\u2019evoluzione delle esportazioni.<\/p>\n\n\n\n<p>Le imprese si aspettano un comportamento positivo dell\u2019occupazione nel\n2020, anche se a un ritmo minore rispetto al 2019.<\/p>\n\n\n\n<p>La domanda nazionale sar\u00e0 il principale fattore che condizioner\u00e0\nl\u2019attivit\u00e0 delle imprese spagnole nel 2020 (lo indicano il 73,5% delle imprese\nintervistate). I costi del lavoro con il 45,5% e la domanda esterna (26,5%)\nvengono indicati il secondo e terzo fattore che condizioneranno gli affari\ndelle compagnie in Spagna durante l\u2019anno in corso.<\/p>\n\n\n\n<p>Anche per le imprese dell\u2019insieme dell\u2019UE la domanda nazionale \u00e8 indicata\ncome la principale variabile che influir\u00e0 negli affati nel 2020 e al secondo\nposto si colloca la scarsit\u00e0 di personale qualificato.<\/p>\n\n\n\n<p>Da notare che, nonostante le aspettative delle imprese europee\nsull\u2019andamento degli affari siano positive, risultano comunque inferiori\nrispetto a quelle registrate nel 2019.<\/p>\n\n\n\n<p>\u00c8 possibile scaricare il documento completo attraverso il seguente link: <a href=\"https:\/\/www.camara.es\/sites\/default\/files\/publicaciones\/documento_resultados_19_0.pdf\">https:\/\/www.camara.es\/sites\/default\/files\/publicaciones\/documento_resultados_19_0.pdf<\/a><\/p>\n\n\n\n<p>Fonte:<em> Europapress<\/em><\/p>\n","protected":false},"excerpt":{"rendered":"<p>Le imprese spagnole sono pi\u00f9 ottimiste rispetto a quelle dell\u2019insieme dell\u2019Unione Europea relativamente all\u2019evoluzione della propria attivit\u00e0 nel 2020, secondo i dati pubblicati dall\u2019Encuesta de Perspectivas Empresariales en Espa\u00f1a y Europa 2019, coordinata da Eurochambres in collaborazione con la C\u00e1mara de Comercio de Espa\u00f1a. Il report raccoglie l\u2019opinione di 53.000 imprese europee, delle quali 2.591 [&hellip;]<\/p>\n","protected":false},"author":1,"featured_media":53827,"comment_status":"open","ping_status":"open","sticky":false,"template":"","format":"standard","meta":{"inline_featured_image":false,"ocean_post_layout":"","ocean_both_sidebars_style":"","ocean_both_sidebars_content_width":0,"ocean_both_sidebars_sidebars_width":0,"ocean_sidebar":"","ocean_second_sidebar":"","ocean_disable_margins":"enable","ocean_add_body_class":"","ocean_shortcode_before_top_bar":"","ocean_shortcode_after_top_bar":"","ocean_shortcode_before_header":"","ocean_shortcode_after_header":"","ocean_has_shortcode":"","ocean_shortcode_after_title":"","ocean_shortcode_before_footer_widgets":"","ocean_shortcode_after_footer_widgets":"","ocean_shortcode_before_footer_bottom":"","ocean_shortcode_after_footer_bottom":"","ocean_display_top_bar":"default","ocean_display_header":"default","ocean_header_style":"","ocean_center_header_left_menu":"","ocean_custom_header_template":"","ocean_custom_logo":0,"ocean_custom_retina_logo":0,"ocean_custom_logo_max_width":0,"ocean_custom_logo_tablet_max_width":0,"ocean_custom_logo_mobile_max_width":0,"ocean_custom_logo_max_height":0,"ocean_custom_logo_tablet_max_height":0,"ocean_custom_logo_mobile_max_height":0,"ocean_header_custom_menu":"","ocean_menu_typo_font_family":"","ocean_menu_typo_font_subset":"","ocean_menu_typo_font_size":0,"ocean_menu_typo_font_size_tablet":0,"ocean_menu_typo_font_size_mobile":0,"ocean_menu_typo_font_size_unit":"px","ocean_menu_typo_font_weight":"","ocean_menu_typo_font_weight_tablet":"","ocean_menu_typo_font_weight_mobile":"","ocean_menu_typo_transform":"","ocean_menu_typo_transform_tablet":"","ocean_menu_typo_transform_mobile":"","ocean_menu_typo_line_height":0,"ocean_menu_typo_line_height_tablet":0,"ocean_menu_typo_line_height_mobile":0,"ocean_menu_typo_line_height_unit":"","ocean_menu_typo_spacing":0,"ocean_menu_typo_spacing_tablet":0,"ocean_menu_typo_spacing_mobile":0,"ocean_menu_typo_spacing_unit":"","ocean_menu_link_color":"","ocean_menu_link_color_hover":"","ocean_menu_link_color_active":"","ocean_menu_link_background":"","ocean_menu_link_hover_background":"","ocean_menu_link_active_background":"","ocean_menu_social_links_bg":"","ocean_menu_social_hover_links_bg":"","ocean_menu_social_links_color":"","ocean_menu_social_hover_links_color":"","ocean_disable_title":"default","ocean_disable_heading":"default","ocean_post_title":"","ocean_post_subheading":"","ocean_post_title_style":"","ocean_post_title_background_color":"","ocean_post_title_background":0,"ocean_post_title_bg_image_position":"","ocean_post_title_bg_image_attachment":"","ocean_post_title_bg_image_repeat":"","ocean_post_title_bg_image_size":"","ocean_post_title_height":0,"ocean_post_title_bg_overlay":0.5,"ocean_post_title_bg_overlay_color":"","ocean_disable_breadcrumbs":"default","ocean_breadcrumbs_color":"","ocean_breadcrumbs_separator_color":"","ocean_breadcrumbs_links_color":"","ocean_breadcrumbs_links_hover_color":"","ocean_display_footer_widgets":"default","ocean_display_footer_bottom":"default","ocean_custom_footer_template":"","ocean_post_oembed":"","ocean_post_self_hosted_media":"","ocean_post_video_embed":"","ocean_link_format":"","ocean_link_format_target":"self","ocean_quote_format":"","ocean_quote_format_link":"post","ocean_gallery_link_images":"on","ocean_gallery_id":[],"footnotes":""},"categories":[133],"tags":[138],"class_list":["post-56697","post","type-post","status-publish","format-standard","has-post-thumbnail","hentry","category-notizie","tag-notizie-di-mercato","entry","has-media"],"yoast_head":"<!-- This site is optimized with the Yoast SEO plugin v27.4 - https:\/\/yoast.com\/product\/yoast-seo-wordpress\/ -->\n<title>La fiducia delle imprese spagnole per il 2020 \u00e8 superiore alla media della zona Euro - Italcamara<\/title>\n<meta name=\"robots\" content=\"index, follow, max-snippet:-1, max-image-preview:large, max-video-preview:-1\" \/>\n<link rel=\"canonical\" href=\"https:\/\/italcamara-es.com\/it\/notizie\/la-fiducia-delle-imprese-spagnole-per-il-2020-e-superiore-alla-media-della-zona-euro\/\" \/>\n<meta property=\"og:locale\" content=\"it_IT\" \/>\n<meta property=\"og:type\" content=\"article\" \/>\n<meta property=\"og:title\" content=\"La fiducia delle imprese spagnole per il 2020 \u00e8 superiore alla media della zona Euro - Italcamara\" \/>\n<meta property=\"og:description\" content=\"Le imprese spagnole sono pi\u00f9 ottimiste rispetto a quelle dell\u2019insieme dell\u2019Unione Europea relativamente all\u2019evoluzione della propria attivit\u00e0 nel 2020, secondo i dati pubblicati dall\u2019Encuesta de Perspectivas Empresariales en Espa\u00f1a y Europa 2019, coordinata da Eurochambres in collaborazione con la C\u00e1mara de Comercio de Espa\u00f1a. Il report raccoglie l\u2019opinione di 53.000 imprese europee, delle quali 2.591 [&hellip;]\" \/>\n<meta property=\"og:url\" content=\"https:\/\/italcamara-es.com\/it\/notizie\/la-fiducia-delle-imprese-spagnole-per-il-2020-e-superiore-alla-media-della-zona-euro\/\" \/>\n<meta property=\"og:site_name\" content=\"Italcamara\" \/>\n<meta property=\"article:published_time\" content=\"2020-01-24T13:46:05+00:00\" \/>\n<meta property=\"og:image\" content=\"https:\/\/italcamara-es.com\/wp-content\/uploads\/2025\/03\/confianza-empresas500.jpg\" \/>\n\t<meta property=\"og:image:width\" content=\"500\" \/>\n\t<meta property=\"og:image:height\" content=\"280\" \/>\n\t<meta property=\"og:image:type\" content=\"image\/jpeg\" \/>\n<meta name=\"author\" content=\"administrador\" \/>\n<meta name=\"twitter:card\" content=\"summary_large_image\" \/>\n<meta name=\"twitter:label1\" content=\"Scritto da\" \/>\n\t<meta name=\"twitter:data1\" content=\"administrador\" \/>\n\t<meta name=\"twitter:label2\" content=\"Tempo di lettura stimato\" \/>\n\t<meta name=\"twitter:data2\" content=\"1 minuto\" \/>\n<script type=\"application\/ld+json\" class=\"yoast-schema-graph\">{\"@context\":\"https:\\\/\\\/schema.org\",\"@graph\":[{\"@type\":\"Article\",\"@id\":\"https:\\\/\\\/italcamara-es.com\\\/it\\\/notizie\\\/la-fiducia-delle-imprese-spagnole-per-il-2020-e-superiore-alla-media-della-zona-euro\\\/#article\",\"isPartOf\":{\"@id\":\"https:\\\/\\\/italcamara-es.com\\\/it\\\/notizie\\\/la-fiducia-delle-imprese-spagnole-per-il-2020-e-superiore-alla-media-della-zona-euro\\\/\"},\"author\":{\"name\":\"administrador\",\"@id\":\"https:\\\/\\\/italcamara-es.com\\\/#\\\/schema\\\/person\\\/bb3c56263e405bbd9a15171dcfee93bb\"},\"headline\":\"La fiducia delle imprese spagnole per il 2020 \u00e8 superiore alla media della zona Euro\",\"datePublished\":\"2020-01-24T13:46:05+00:00\",\"mainEntityOfPage\":{\"@id\":\"https:\\\/\\\/italcamara-es.com\\\/it\\\/notizie\\\/la-fiducia-delle-imprese-spagnole-per-il-2020-e-superiore-alla-media-della-zona-euro\\\/\"},\"wordCount\":254,\"commentCount\":0,\"image\":{\"@id\":\"https:\\\/\\\/italcamara-es.com\\\/it\\\/notizie\\\/la-fiducia-delle-imprese-spagnole-per-il-2020-e-superiore-alla-media-della-zona-euro\\\/#primaryimage\"},\"thumbnailUrl\":\"https:\\\/\\\/italcamara-es.com\\\/wp-content\\\/uploads\\\/2025\\\/03\\\/confianza-empresas500.jpg\",\"keywords\":[\"Notizie di Mercato\"],\"articleSection\":[\"Notizie\"],\"inLanguage\":\"it-IT\",\"potentialAction\":[{\"@type\":\"CommentAction\",\"name\":\"Comment\",\"target\":[\"https:\\\/\\\/italcamara-es.com\\\/it\\\/notizie\\\/la-fiducia-delle-imprese-spagnole-per-il-2020-e-superiore-alla-media-della-zona-euro\\\/#respond\"]}]},{\"@type\":\"WebPage\",\"@id\":\"https:\\\/\\\/italcamara-es.com\\\/it\\\/notizie\\\/la-fiducia-delle-imprese-spagnole-per-il-2020-e-superiore-alla-media-della-zona-euro\\\/\",\"url\":\"https:\\\/\\\/italcamara-es.com\\\/it\\\/notizie\\\/la-fiducia-delle-imprese-spagnole-per-il-2020-e-superiore-alla-media-della-zona-euro\\\/\",\"name\":\"La fiducia delle imprese spagnole per il 2020 \u00e8 superiore alla media della zona Euro - Italcamara\",\"isPartOf\":{\"@id\":\"https:\\\/\\\/italcamara-es.com\\\/#website\"},\"primaryImageOfPage\":{\"@id\":\"https:\\\/\\\/italcamara-es.com\\\/it\\\/notizie\\\/la-fiducia-delle-imprese-spagnole-per-il-2020-e-superiore-alla-media-della-zona-euro\\\/#primaryimage\"},\"image\":{\"@id\":\"https:\\\/\\\/italcamara-es.com\\\/it\\\/notizie\\\/la-fiducia-delle-imprese-spagnole-per-il-2020-e-superiore-alla-media-della-zona-euro\\\/#primaryimage\"},\"thumbnailUrl\":\"https:\\\/\\\/italcamara-es.com\\\/wp-content\\\/uploads\\\/2025\\\/03\\\/confianza-empresas500.jpg\",\"datePublished\":\"2020-01-24T13:46:05+00:00\",\"author\":{\"@id\":\"https:\\\/\\\/italcamara-es.com\\\/#\\\/schema\\\/person\\\/bb3c56263e405bbd9a15171dcfee93bb\"},\"breadcrumb\":{\"@id\":\"https:\\\/\\\/italcamara-es.com\\\/it\\\/notizie\\\/la-fiducia-delle-imprese-spagnole-per-il-2020-e-superiore-alla-media-della-zona-euro\\\/#breadcrumb\"},\"inLanguage\":\"it-IT\",\"potentialAction\":[{\"@type\":\"ReadAction\",\"target\":[\"https:\\\/\\\/italcamara-es.com\\\/it\\\/notizie\\\/la-fiducia-delle-imprese-spagnole-per-il-2020-e-superiore-alla-media-della-zona-euro\\\/\"]}]},{\"@type\":\"ImageObject\",\"inLanguage\":\"it-IT\",\"@id\":\"https:\\\/\\\/italcamara-es.com\\\/it\\\/notizie\\\/la-fiducia-delle-imprese-spagnole-per-il-2020-e-superiore-alla-media-della-zona-euro\\\/#primaryimage\",\"url\":\"https:\\\/\\\/italcamara-es.com\\\/wp-content\\\/uploads\\\/2025\\\/03\\\/confianza-empresas500.jpg\",\"contentUrl\":\"https:\\\/\\\/italcamara-es.com\\\/wp-content\\\/uploads\\\/2025\\\/03\\\/confianza-empresas500.jpg\",\"width\":500,\"height\":280},{\"@type\":\"BreadcrumbList\",\"@id\":\"https:\\\/\\\/italcamara-es.com\\\/it\\\/notizie\\\/la-fiducia-delle-imprese-spagnole-per-il-2020-e-superiore-alla-media-della-zona-euro\\\/#breadcrumb\",\"itemListElement\":[{\"@type\":\"ListItem\",\"position\":1,\"name\":\"Inicio\",\"item\":\"https:\\\/\\\/italcamara-es.com\\\/it\\\/homepage-ita\\\/\"},{\"@type\":\"ListItem\",\"position\":2,\"name\":\"La fiducia delle imprese spagnole per il 2020 \u00e8 superiore alla media della zona Euro\"}]},{\"@type\":\"WebSite\",\"@id\":\"https:\\\/\\\/italcamara-es.com\\\/#website\",\"url\":\"https:\\\/\\\/italcamara-es.com\\\/\",\"name\":\"Italcamara\",\"description\":\"\",\"potentialAction\":[{\"@type\":\"SearchAction\",\"target\":{\"@type\":\"EntryPoint\",\"urlTemplate\":\"https:\\\/\\\/italcamara-es.com\\\/?s={search_term_string}\"},\"query-input\":{\"@type\":\"PropertyValueSpecification\",\"valueRequired\":true,\"valueName\":\"search_term_string\"}}],\"inLanguage\":\"it-IT\"},{\"@type\":\"Person\",\"@id\":\"https:\\\/\\\/italcamara-es.com\\\/#\\\/schema\\\/person\\\/bb3c56263e405bbd9a15171dcfee93bb\",\"name\":\"administrador\",\"image\":{\"@type\":\"ImageObject\",\"inLanguage\":\"it-IT\",\"@id\":\"https:\\\/\\\/secure.gravatar.com\\\/avatar\\\/14b5e63db38320b12031bb28cf9f77e210aa71fb3a8a3602a3c9a05134fa75eb?s=96&d=mm&r=g\",\"url\":\"https:\\\/\\\/secure.gravatar.com\\\/avatar\\\/14b5e63db38320b12031bb28cf9f77e210aa71fb3a8a3602a3c9a05134fa75eb?s=96&d=mm&r=g\",\"contentUrl\":\"https:\\\/\\\/secure.gravatar.com\\\/avatar\\\/14b5e63db38320b12031bb28cf9f77e210aa71fb3a8a3602a3c9a05134fa75eb?s=96&d=mm&r=g\",\"caption\":\"administrador\"},\"sameAs\":[\"http:\\\/\\\/pre.italcamara-es.com\"],\"url\":\"https:\\\/\\\/italcamara-es.com\\\/it\\\/author\\\/administrador\\\/\"}]}<\/script>\n<!-- \/ Yoast SEO plugin. -->","yoast_head_json":{"title":"La fiducia delle imprese spagnole per il 2020 \u00e8 superiore alla media della zona Euro - Italcamara","robots":{"index":"index","follow":"follow","max-snippet":"max-snippet:-1","max-image-preview":"max-image-preview:large","max-video-preview":"max-video-preview:-1"},"canonical":"https:\/\/italcamara-es.com\/it\/notizie\/la-fiducia-delle-imprese-spagnole-per-il-2020-e-superiore-alla-media-della-zona-euro\/","og_locale":"it_IT","og_type":"article","og_title":"La fiducia delle imprese spagnole per il 2020 \u00e8 superiore alla media della zona Euro - Italcamara","og_description":"Le imprese spagnole sono pi\u00f9 ottimiste rispetto a quelle dell\u2019insieme dell\u2019Unione Europea relativamente all\u2019evoluzione della propria attivit\u00e0 nel 2020, secondo i dati pubblicati dall\u2019Encuesta de Perspectivas Empresariales en Espa\u00f1a y Europa 2019, coordinata da Eurochambres in collaborazione con la C\u00e1mara de Comercio de Espa\u00f1a. Il report raccoglie l\u2019opinione di 53.000 imprese europee, delle quali 2.591 [&hellip;]","og_url":"https:\/\/italcamara-es.com\/it\/notizie\/la-fiducia-delle-imprese-spagnole-per-il-2020-e-superiore-alla-media-della-zona-euro\/","og_site_name":"Italcamara","article_published_time":"2020-01-24T13:46:05+00:00","og_image":[{"width":500,"height":280,"url":"https:\/\/italcamara-es.com\/wp-content\/uploads\/2025\/03\/confianza-empresas500.jpg","type":"image\/jpeg"}],"author":"administrador","twitter_card":"summary_large_image","twitter_misc":{"Scritto da":"administrador","Tempo di lettura stimato":"1 minuto"},"schema":{"@context":"https:\/\/schema.org","@graph":[{"@type":"Article","@id":"https:\/\/italcamara-es.com\/it\/notizie\/la-fiducia-delle-imprese-spagnole-per-il-2020-e-superiore-alla-media-della-zona-euro\/#article","isPartOf":{"@id":"https:\/\/italcamara-es.com\/it\/notizie\/la-fiducia-delle-imprese-spagnole-per-il-2020-e-superiore-alla-media-della-zona-euro\/"},"author":{"name":"administrador","@id":"https:\/\/italcamara-es.com\/#\/schema\/person\/bb3c56263e405bbd9a15171dcfee93bb"},"headline":"La fiducia delle imprese spagnole per il 2020 \u00e8 superiore alla media della zona Euro","datePublished":"2020-01-24T13:46:05+00:00","mainEntityOfPage":{"@id":"https:\/\/italcamara-es.com\/it\/notizie\/la-fiducia-delle-imprese-spagnole-per-il-2020-e-superiore-alla-media-della-zona-euro\/"},"wordCount":254,"commentCount":0,"image":{"@id":"https:\/\/italcamara-es.com\/it\/notizie\/la-fiducia-delle-imprese-spagnole-per-il-2020-e-superiore-alla-media-della-zona-euro\/#primaryimage"},"thumbnailUrl":"https:\/\/italcamara-es.com\/wp-content\/uploads\/2025\/03\/confianza-empresas500.jpg","keywords":["Notizie di Mercato"],"articleSection":["Notizie"],"inLanguage":"it-IT","potentialAction":[{"@type":"CommentAction","name":"Comment","target":["https:\/\/italcamara-es.com\/it\/notizie\/la-fiducia-delle-imprese-spagnole-per-il-2020-e-superiore-alla-media-della-zona-euro\/#respond"]}]},{"@type":"WebPage","@id":"https:\/\/italcamara-es.com\/it\/notizie\/la-fiducia-delle-imprese-spagnole-per-il-2020-e-superiore-alla-media-della-zona-euro\/","url":"https:\/\/italcamara-es.com\/it\/notizie\/la-fiducia-delle-imprese-spagnole-per-il-2020-e-superiore-alla-media-della-zona-euro\/","name":"La fiducia delle imprese spagnole per il 2020 \u00e8 superiore alla media della zona Euro - Italcamara","isPartOf":{"@id":"https:\/\/italcamara-es.com\/#website"},"primaryImageOfPage":{"@id":"https:\/\/italcamara-es.com\/it\/notizie\/la-fiducia-delle-imprese-spagnole-per-il-2020-e-superiore-alla-media-della-zona-euro\/#primaryimage"},"image":{"@id":"https:\/\/italcamara-es.com\/it\/notizie\/la-fiducia-delle-imprese-spagnole-per-il-2020-e-superiore-alla-media-della-zona-euro\/#primaryimage"},"thumbnailUrl":"https:\/\/italcamara-es.com\/wp-content\/uploads\/2025\/03\/confianza-empresas500.jpg","datePublished":"2020-01-24T13:46:05+00:00","author":{"@id":"https:\/\/italcamara-es.com\/#\/schema\/person\/bb3c56263e405bbd9a15171dcfee93bb"},"breadcrumb":{"@id":"https:\/\/italcamara-es.com\/it\/notizie\/la-fiducia-delle-imprese-spagnole-per-il-2020-e-superiore-alla-media-della-zona-euro\/#breadcrumb"},"inLanguage":"it-IT","potentialAction":[{"@type":"ReadAction","target":["https:\/\/italcamara-es.com\/it\/notizie\/la-fiducia-delle-imprese-spagnole-per-il-2020-e-superiore-alla-media-della-zona-euro\/"]}]},{"@type":"ImageObject","inLanguage":"it-IT","@id":"https:\/\/italcamara-es.com\/it\/notizie\/la-fiducia-delle-imprese-spagnole-per-il-2020-e-superiore-alla-media-della-zona-euro\/#primaryimage","url":"https:\/\/italcamara-es.com\/wp-content\/uploads\/2025\/03\/confianza-empresas500.jpg","contentUrl":"https:\/\/italcamara-es.com\/wp-content\/uploads\/2025\/03\/confianza-empresas500.jpg","width":500,"height":280},{"@type":"BreadcrumbList","@id":"https:\/\/italcamara-es.com\/it\/notizie\/la-fiducia-delle-imprese-spagnole-per-il-2020-e-superiore-alla-media-della-zona-euro\/#breadcrumb","itemListElement":[{"@type":"ListItem","position":1,"name":"Inicio","item":"https:\/\/italcamara-es.com\/it\/homepage-ita\/"},{"@type":"ListItem","position":2,"name":"La fiducia delle imprese spagnole per il 2020 \u00e8 superiore alla media della zona Euro"}]},{"@type":"WebSite","@id":"https:\/\/italcamara-es.com\/#website","url":"https:\/\/italcamara-es.com\/","name":"Italcamara","description":"","potentialAction":[{"@type":"SearchAction","target":{"@type":"EntryPoint","urlTemplate":"https:\/\/italcamara-es.com\/?s={search_term_string}"},"query-input":{"@type":"PropertyValueSpecification","valueRequired":true,"valueName":"search_term_string"}}],"inLanguage":"it-IT"},{"@type":"Person","@id":"https:\/\/italcamara-es.com\/#\/schema\/person\/bb3c56263e405bbd9a15171dcfee93bb","name":"administrador","image":{"@type":"ImageObject","inLanguage":"it-IT","@id":"https:\/\/secure.gravatar.com\/avatar\/14b5e63db38320b12031bb28cf9f77e210aa71fb3a8a3602a3c9a05134fa75eb?s=96&d=mm&r=g","url":"https:\/\/secure.gravatar.com\/avatar\/14b5e63db38320b12031bb28cf9f77e210aa71fb3a8a3602a3c9a05134fa75eb?s=96&d=mm&r=g","contentUrl":"https:\/\/secure.gravatar.com\/avatar\/14b5e63db38320b12031bb28cf9f77e210aa71fb3a8a3602a3c9a05134fa75eb?s=96&d=mm&r=g","caption":"administrador"},"sameAs":["http:\/\/pre.italcamara-es.com"],"url":"https:\/\/italcamara-es.com\/it\/author\/administrador\/"}]}},"rttpg_featured_image_url":{"full":["https:\/\/italcamara-es.com\/wp-content\/uploads\/2025\/03\/confianza-empresas500.jpg",500,280,false],"landscape":["https:\/\/italcamara-es.com\/wp-content\/uploads\/2025\/03\/confianza-empresas500.jpg",500,280,false],"portraits":["https:\/\/italcamara-es.com\/wp-content\/uploads\/2025\/03\/confianza-empresas500.jpg",500,280,false],"thumbnail":["https:\/\/italcamara-es.com\/wp-content\/uploads\/2025\/03\/confianza-empresas500-150x150.jpg",150,150,true],"medium":["https:\/\/italcamara-es.com\/wp-content\/uploads\/2025\/03\/confianza-empresas500-300x168.jpg",300,168,true],"large":["https:\/\/italcamara-es.com\/wp-content\/uploads\/2025\/03\/confianza-empresas500.jpg",500,280,false],"1536x1536":["https:\/\/italcamara-es.com\/wp-content\/uploads\/2025\/03\/confianza-empresas500.jpg",500,280,false],"2048x2048":["https:\/\/italcamara-es.com\/wp-content\/uploads\/2025\/03\/confianza-empresas500.jpg",500,280,false],"ocean-thumb-m":["https:\/\/italcamara-es.com\/wp-content\/uploads\/2025\/03\/confianza-empresas500.jpg",500,280,false],"ocean-thumb-ml":["https:\/\/italcamara-es.com\/wp-content\/uploads\/2025\/03\/confianza-empresas500.jpg",500,280,false],"ocean-thumb-l":["https:\/\/italcamara-es.com\/wp-content\/uploads\/2025\/03\/confianza-empresas500.jpg",500,280,false],"directorist_preview":["https:\/\/italcamara-es.com\/wp-content\/uploads\/2025\/03\/confianza-empresas500.jpg",500,280,false]},"rttpg_author":{"display_name":"administrador","author_link":"https:\/\/italcamara-es.com\/it\/author\/administrador\/"},"rttpg_comment":0,"rttpg_category":"<a href=\"https:\/\/italcamara-es.com\/it\/category\/notizie\/\" rel=\"category tag\">Notizie<\/a>","rttpg_excerpt":"Le imprese spagnole sono pi\u00f9 ottimiste rispetto a quelle dell\u2019insieme dell\u2019Unione Europea relativamente all\u2019evoluzione della propria attivit\u00e0 nel 2020, secondo i dati pubblicati dall\u2019Encuesta de Perspectivas Empresariales en Espa\u00f1a y Europa 2019, coordinata da Eurochambres in collaborazione con la C\u00e1mara de Comercio de Espa\u00f1a. Il report raccoglie l\u2019opinione di 53.000 imprese europee, delle quali 2.591&hellip;","_links":{"self":[{"href":"https:\/\/italcamara-es.com\/it\/wp-json\/wp\/v2\/posts\/56697","targetHints":{"allow":["GET"]}}],"collection":[{"href":"https:\/\/italcamara-es.com\/it\/wp-json\/wp\/v2\/posts"}],"about":[{"href":"https:\/\/italcamara-es.com\/it\/wp-json\/wp\/v2\/types\/post"}],"author":[{"embeddable":true,"href":"https:\/\/italcamara-es.com\/it\/wp-json\/wp\/v2\/users\/1"}],"replies":[{"embeddable":true,"href":"https:\/\/italcamara-es.com\/it\/wp-json\/wp\/v2\/comments?post=56697"}],"version-history":[{"count":0,"href":"https:\/\/italcamara-es.com\/it\/wp-json\/wp\/v2\/posts\/56697\/revisions"}],"wp:featuredmedia":[{"embeddable":true,"href":"https:\/\/italcamara-es.com\/it\/wp-json\/wp\/v2\/media\/53827"}],"wp:attachment":[{"href":"https:\/\/italcamara-es.com\/it\/wp-json\/wp\/v2\/media?parent=56697"}],"wp:term":[{"taxonomy":"category","embeddable":true,"href":"https:\/\/italcamara-es.com\/it\/wp-json\/wp\/v2\/categories?post=56697"},{"taxonomy":"post_tag","embeddable":true,"href":"https:\/\/italcamara-es.com\/it\/wp-json\/wp\/v2\/tags?post=56697"}],"curies":[{"name":"wp","href":"https:\/\/api.w.org\/{rel}","templated":true}]}}