	{"id":56715,"date":"2020-08-04T11:39:52","date_gmt":"2020-08-04T09:39:52","guid":{"rendered":"http:\/\/pre.italcamara-es.com\/senza-categoria\/limport-mondiale-di-vino-e-cresciuto-in-volume-nellultimo-anno\/"},"modified":"2020-08-04T11:39:52","modified_gmt":"2020-08-04T09:39:52","slug":"limport-mondiale-di-vino-e-cresciuto-in-volume-nellultimo-anno","status":"publish","type":"post","link":"https:\/\/italcamara-es.com\/it\/notizie\/limport-mondiale-di-vino-e-cresciuto-in-volume-nellultimo-anno\/","title":{"rendered":"L&#8217;import mondiale di vino \u00e8 cresciuto in volume nell&#8217;ultimo anno"},"content":{"rendered":"<p>\n<\/p><p><!--StartFragment--><\/p>\n\n\n<p>Secondo il report pubblicato dall&#8217;<em>Observatorio Espa\u00f1ol del Mercado del Vino (OeMv),<\/em> in collaborazione con l&#8217;<em>Organizaci\u00f3n Interprofesional del Vino de Espa\u00f1a<\/em>, le importazioni mondiali di vino sono cresciute in termini di volume nel periodo compreso tra marzo 2019 e marzo 2020 (+1,4%), ma hanno perso lo 0,7% in termini di valore, al registrarsi una diminuzione del prezzo medio del 2,2%. Sono stati importati in questo periodo 10.341 milioni di litri per un valore di 31.430 milioni di euro, a un prezzo medio di 3,04 euro\/litro.<\/p>\n\n\n\n<p>In termmini assoluti, sono stati importati 147,1 milioni di litri in pi\u00f9 rispetto ai 12 mesi precedenti, mentre la spesa mondiale in vino \u00e8 diminuita di 236,2 milioni di euro. Tale cifra si deve in particolare ai cattivi rissultati del primo triimestre del 2020, quando sono stati persi oltre 350 milioni di euro.<\/p>\n\n\n\n<p><strong>Principali importatori mondiali di vino<\/strong><\/p>\n\n\n\n<p>Per mercati, i tredici principali in valore sono stati: Stati Uniti, Regno Unito, Germania, Cina, Canada, Giappone, Paesi Bassi, Svizzera, Russia, Belgio, Francia, Svezia e Danimarca. Insieme, questi mercati hanno rappresentato il 76,6% del valore e il 75,4 % del volume totale delle importazioni mondiali di vino realizzate nel periodo in esame, con 7.800 milioni di litri (+0,8 %) e 24.602 milioni di euro (+1,7 %).<\/p>\n\n\n\n<p>Riguardo alle importazioni mondiali di vino spagnolo, sono cresciute del 6% in volume, ma hanno perso il 2,7% in valore, essendo il prezzo medio diminuito dell&#8217;8%.<\/p>\n\n\n<p><!--EndFragment--><\/p>\n<p><\/p>","protected":false},"excerpt":{"rendered":"<p>Secondo il report pubblicato dall&#8217;Observatorio Espa\u00f1ol del Mercado del Vino (OeMv), in collaborazione con l&#8217;Organizaci\u00f3n Interprofesional del Vino de Espa\u00f1a, le importazioni mondiali di vino sono cresciute in termini di volume nel periodo compreso tra marzo 2019 e marzo 2020 (+1,4%), ma hanno perso lo 0,7% in termini di valore, al registrarsi una diminuzione del [&hellip;]<\/p>\n","protected":false},"author":1,"featured_media":53861,"comment_status":"open","ping_status":"open","sticky":false,"template":"","format":"standard","meta":{"inline_featured_image":false,"ocean_post_layout":"","ocean_both_sidebars_style":"","ocean_both_sidebars_content_width":0,"ocean_both_sidebars_sidebars_width":0,"ocean_sidebar":"","ocean_second_sidebar":"","ocean_disable_margins":"enable","ocean_add_body_class":"","ocean_shortcode_before_top_bar":"","ocean_shortcode_after_top_bar":"","ocean_shortcode_before_header":"","ocean_shortcode_after_header":"","ocean_has_shortcode":"","ocean_shortcode_after_title":"","ocean_shortcode_before_footer_widgets":"","ocean_shortcode_after_footer_widgets":"","ocean_shortcode_before_footer_bottom":"","ocean_shortcode_after_footer_bottom":"","ocean_display_top_bar":"default","ocean_display_header":"default","ocean_header_style":"","ocean_center_header_left_menu":"","ocean_custom_header_template":"","ocean_custom_logo":0,"ocean_custom_retina_logo":0,"ocean_custom_logo_max_width":0,"ocean_custom_logo_tablet_max_width":0,"ocean_custom_logo_mobile_max_width":0,"ocean_custom_logo_max_height":0,"ocean_custom_logo_tablet_max_height":0,"ocean_custom_logo_mobile_max_height":0,"ocean_header_custom_menu":"","ocean_menu_typo_font_family":"","ocean_menu_typo_font_subset":"","ocean_menu_typo_font_size":0,"ocean_menu_typo_font_size_tablet":0,"ocean_menu_typo_font_size_mobile":0,"ocean_menu_typo_font_size_unit":"px","ocean_menu_typo_font_weight":"","ocean_menu_typo_font_weight_tablet":"","ocean_menu_typo_font_weight_mobile":"","ocean_menu_typo_transform":"","ocean_menu_typo_transform_tablet":"","ocean_menu_typo_transform_mobile":"","ocean_menu_typo_line_height":0,"ocean_menu_typo_line_height_tablet":0,"ocean_menu_typo_line_height_mobile":0,"ocean_menu_typo_line_height_unit":"","ocean_menu_typo_spacing":0,"ocean_menu_typo_spacing_tablet":0,"ocean_menu_typo_spacing_mobile":0,"ocean_menu_typo_spacing_unit":"","ocean_menu_link_color":"","ocean_menu_link_color_hover":"","ocean_menu_link_color_active":"","ocean_menu_link_background":"","ocean_menu_link_hover_background":"","ocean_menu_link_active_background":"","ocean_menu_social_links_bg":"","ocean_menu_social_hover_links_bg":"","ocean_menu_social_links_color":"","ocean_menu_social_hover_links_color":"","ocean_disable_title":"default","ocean_disable_heading":"default","ocean_post_title":"","ocean_post_subheading":"","ocean_post_title_style":"","ocean_post_title_background_color":"","ocean_post_title_background":0,"ocean_post_title_bg_image_position":"","ocean_post_title_bg_image_attachment":"","ocean_post_title_bg_image_repeat":"","ocean_post_title_bg_image_size":"","ocean_post_title_height":0,"ocean_post_title_bg_overlay":0.5,"ocean_post_title_bg_overlay_color":"","ocean_disable_breadcrumbs":"default","ocean_breadcrumbs_color":"","ocean_breadcrumbs_separator_color":"","ocean_breadcrumbs_links_color":"","ocean_breadcrumbs_links_hover_color":"","ocean_display_footer_widgets":"default","ocean_display_footer_bottom":"default","ocean_custom_footer_template":"","ocean_post_oembed":"","ocean_post_self_hosted_media":"","ocean_post_video_embed":"","ocean_link_format":"","ocean_link_format_target":"self","ocean_quote_format":"","ocean_quote_format_link":"post","ocean_gallery_link_images":"on","ocean_gallery_id":[],"footnotes":""},"categories":[133],"tags":[138],"class_list":["post-56715","post","type-post","status-publish","format-standard","has-post-thumbnail","hentry","category-notizie","tag-notizie-di-mercato","entry","has-media"],"yoast_head":"<!-- This site is optimized with the Yoast SEO plugin v27.5 - https:\/\/yoast.com\/product\/yoast-seo-wordpress\/ -->\n<title>L&#039;import mondiale di vino \u00e8 cresciuto in volume nell&#039;ultimo anno - Italcamara<\/title>\n<meta name=\"robots\" content=\"index, follow, max-snippet:-1, max-image-preview:large, max-video-preview:-1\" \/>\n<link rel=\"canonical\" href=\"https:\/\/italcamara-es.com\/it\/notizie\/limport-mondiale-di-vino-e-cresciuto-in-volume-nellultimo-anno\/\" \/>\n<meta property=\"og:locale\" content=\"it_IT\" \/>\n<meta property=\"og:type\" content=\"article\" \/>\n<meta property=\"og:title\" content=\"L&#039;import mondiale di vino \u00e8 cresciuto in volume nell&#039;ultimo anno - Italcamara\" \/>\n<meta property=\"og:description\" content=\"Secondo il report pubblicato dall&#8217;Observatorio Espa\u00f1ol del Mercado del Vino (OeMv), in collaborazione con l&#8217;Organizaci\u00f3n Interprofesional del Vino de Espa\u00f1a, le importazioni mondiali di vino sono cresciute in termini di volume nel periodo compreso tra marzo 2019 e marzo 2020 (+1,4%), ma hanno perso lo 0,7% in termini di valore, al registrarsi una diminuzione del [&hellip;]\" \/>\n<meta property=\"og:url\" content=\"https:\/\/italcamara-es.com\/it\/notizie\/limport-mondiale-di-vino-e-cresciuto-in-volume-nellultimo-anno\/\" \/>\n<meta property=\"og:site_name\" content=\"Italcamara\" \/>\n<meta property=\"article:published_time\" content=\"2020-08-04T09:39:52+00:00\" \/>\n<meta property=\"og:image\" content=\"https:\/\/italcamara-es.com\/wp-content\/uploads\/2025\/03\/import-vino-250.jpg\" \/>\n\t<meta property=\"og:image:width\" content=\"280\" \/>\n\t<meta property=\"og:image:height\" content=\"140\" \/>\n\t<meta property=\"og:image:type\" content=\"image\/jpeg\" \/>\n<meta name=\"author\" content=\"administrador\" \/>\n<meta name=\"twitter:card\" content=\"summary_large_image\" \/>\n<meta name=\"twitter:label1\" content=\"Scritto da\" \/>\n\t<meta name=\"twitter:data1\" content=\"administrador\" \/>\n\t<meta name=\"twitter:label2\" content=\"Tempo di lettura stimato\" \/>\n\t<meta name=\"twitter:data2\" content=\"1 minuto\" \/>\n<script type=\"application\/ld+json\" class=\"yoast-schema-graph\">{\"@context\":\"https:\\\/\\\/schema.org\",\"@graph\":[{\"@type\":\"Article\",\"@id\":\"https:\\\/\\\/italcamara-es.com\\\/it\\\/notizie\\\/limport-mondiale-di-vino-e-cresciuto-in-volume-nellultimo-anno\\\/#article\",\"isPartOf\":{\"@id\":\"https:\\\/\\\/italcamara-es.com\\\/it\\\/notizie\\\/limport-mondiale-di-vino-e-cresciuto-in-volume-nellultimo-anno\\\/\"},\"author\":{\"name\":\"administrador\",\"@id\":\"https:\\\/\\\/italcamara-es.com\\\/#\\\/schema\\\/person\\\/bb3c56263e405bbd9a15171dcfee93bb\"},\"headline\":\"L&#8217;import mondiale di vino \u00e8 cresciuto in volume nell&#8217;ultimo anno\",\"datePublished\":\"2020-08-04T09:39:52+00:00\",\"mainEntityOfPage\":{\"@id\":\"https:\\\/\\\/italcamara-es.com\\\/it\\\/notizie\\\/limport-mondiale-di-vino-e-cresciuto-in-volume-nellultimo-anno\\\/\"},\"wordCount\":226,\"commentCount\":0,\"image\":{\"@id\":\"https:\\\/\\\/italcamara-es.com\\\/it\\\/notizie\\\/limport-mondiale-di-vino-e-cresciuto-in-volume-nellultimo-anno\\\/#primaryimage\"},\"thumbnailUrl\":\"https:\\\/\\\/italcamara-es.com\\\/wp-content\\\/uploads\\\/2025\\\/03\\\/import-vino-250.jpg\",\"keywords\":[\"Notizie di Mercato\"],\"articleSection\":[\"Notizie\"],\"inLanguage\":\"it-IT\",\"potentialAction\":[{\"@type\":\"CommentAction\",\"name\":\"Comment\",\"target\":[\"https:\\\/\\\/italcamara-es.com\\\/it\\\/notizie\\\/limport-mondiale-di-vino-e-cresciuto-in-volume-nellultimo-anno\\\/#respond\"]}]},{\"@type\":\"WebPage\",\"@id\":\"https:\\\/\\\/italcamara-es.com\\\/it\\\/notizie\\\/limport-mondiale-di-vino-e-cresciuto-in-volume-nellultimo-anno\\\/\",\"url\":\"https:\\\/\\\/italcamara-es.com\\\/it\\\/notizie\\\/limport-mondiale-di-vino-e-cresciuto-in-volume-nellultimo-anno\\\/\",\"name\":\"L'import mondiale di vino \u00e8 cresciuto in volume nell'ultimo anno - Italcamara\",\"isPartOf\":{\"@id\":\"https:\\\/\\\/italcamara-es.com\\\/#website\"},\"primaryImageOfPage\":{\"@id\":\"https:\\\/\\\/italcamara-es.com\\\/it\\\/notizie\\\/limport-mondiale-di-vino-e-cresciuto-in-volume-nellultimo-anno\\\/#primaryimage\"},\"image\":{\"@id\":\"https:\\\/\\\/italcamara-es.com\\\/it\\\/notizie\\\/limport-mondiale-di-vino-e-cresciuto-in-volume-nellultimo-anno\\\/#primaryimage\"},\"thumbnailUrl\":\"https:\\\/\\\/italcamara-es.com\\\/wp-content\\\/uploads\\\/2025\\\/03\\\/import-vino-250.jpg\",\"datePublished\":\"2020-08-04T09:39:52+00:00\",\"author\":{\"@id\":\"https:\\\/\\\/italcamara-es.com\\\/#\\\/schema\\\/person\\\/bb3c56263e405bbd9a15171dcfee93bb\"},\"breadcrumb\":{\"@id\":\"https:\\\/\\\/italcamara-es.com\\\/it\\\/notizie\\\/limport-mondiale-di-vino-e-cresciuto-in-volume-nellultimo-anno\\\/#breadcrumb\"},\"inLanguage\":\"it-IT\",\"potentialAction\":[{\"@type\":\"ReadAction\",\"target\":[\"https:\\\/\\\/italcamara-es.com\\\/it\\\/notizie\\\/limport-mondiale-di-vino-e-cresciuto-in-volume-nellultimo-anno\\\/\"]}]},{\"@type\":\"ImageObject\",\"inLanguage\":\"it-IT\",\"@id\":\"https:\\\/\\\/italcamara-es.com\\\/it\\\/notizie\\\/limport-mondiale-di-vino-e-cresciuto-in-volume-nellultimo-anno\\\/#primaryimage\",\"url\":\"https:\\\/\\\/italcamara-es.com\\\/wp-content\\\/uploads\\\/2025\\\/03\\\/import-vino-250.jpg\",\"contentUrl\":\"https:\\\/\\\/italcamara-es.com\\\/wp-content\\\/uploads\\\/2025\\\/03\\\/import-vino-250.jpg\",\"width\":280,\"height\":140},{\"@type\":\"BreadcrumbList\",\"@id\":\"https:\\\/\\\/italcamara-es.com\\\/it\\\/notizie\\\/limport-mondiale-di-vino-e-cresciuto-in-volume-nellultimo-anno\\\/#breadcrumb\",\"itemListElement\":[{\"@type\":\"ListItem\",\"position\":1,\"name\":\"Inicio\",\"item\":\"https:\\\/\\\/italcamara-es.com\\\/it\\\/homepage-ita\\\/\"},{\"@type\":\"ListItem\",\"position\":2,\"name\":\"L&#8217;import mondiale di vino \u00e8 cresciuto in volume nell&#8217;ultimo anno\"}]},{\"@type\":\"WebSite\",\"@id\":\"https:\\\/\\\/italcamara-es.com\\\/#website\",\"url\":\"https:\\\/\\\/italcamara-es.com\\\/\",\"name\":\"Italcamara\",\"description\":\"\",\"potentialAction\":[{\"@type\":\"SearchAction\",\"target\":{\"@type\":\"EntryPoint\",\"urlTemplate\":\"https:\\\/\\\/italcamara-es.com\\\/?s={search_term_string}\"},\"query-input\":{\"@type\":\"PropertyValueSpecification\",\"valueRequired\":true,\"valueName\":\"search_term_string\"}}],\"inLanguage\":\"it-IT\"},{\"@type\":\"Person\",\"@id\":\"https:\\\/\\\/italcamara-es.com\\\/#\\\/schema\\\/person\\\/bb3c56263e405bbd9a15171dcfee93bb\",\"name\":\"administrador\",\"image\":{\"@type\":\"ImageObject\",\"inLanguage\":\"it-IT\",\"@id\":\"https:\\\/\\\/secure.gravatar.com\\\/avatar\\\/14b5e63db38320b12031bb28cf9f77e210aa71fb3a8a3602a3c9a05134fa75eb?s=96&d=mm&r=g\",\"url\":\"https:\\\/\\\/secure.gravatar.com\\\/avatar\\\/14b5e63db38320b12031bb28cf9f77e210aa71fb3a8a3602a3c9a05134fa75eb?s=96&d=mm&r=g\",\"contentUrl\":\"https:\\\/\\\/secure.gravatar.com\\\/avatar\\\/14b5e63db38320b12031bb28cf9f77e210aa71fb3a8a3602a3c9a05134fa75eb?s=96&d=mm&r=g\",\"caption\":\"administrador\"},\"sameAs\":[\"http:\\\/\\\/pre.italcamara-es.com\"],\"url\":\"https:\\\/\\\/italcamara-es.com\\\/it\\\/author\\\/administrador\\\/\"}]}<\/script>\n<!-- \/ Yoast SEO plugin. -->","yoast_head_json":{"title":"L'import mondiale di vino \u00e8 cresciuto in volume nell'ultimo anno - Italcamara","robots":{"index":"index","follow":"follow","max-snippet":"max-snippet:-1","max-image-preview":"max-image-preview:large","max-video-preview":"max-video-preview:-1"},"canonical":"https:\/\/italcamara-es.com\/it\/notizie\/limport-mondiale-di-vino-e-cresciuto-in-volume-nellultimo-anno\/","og_locale":"it_IT","og_type":"article","og_title":"L'import mondiale di vino \u00e8 cresciuto in volume nell'ultimo anno - Italcamara","og_description":"Secondo il report pubblicato dall&#8217;Observatorio Espa\u00f1ol del Mercado del Vino (OeMv), in collaborazione con l&#8217;Organizaci\u00f3n Interprofesional del Vino de Espa\u00f1a, le importazioni mondiali di vino sono cresciute in termini di volume nel periodo compreso tra marzo 2019 e marzo 2020 (+1,4%), ma hanno perso lo 0,7% in termini di valore, al registrarsi una diminuzione del [&hellip;]","og_url":"https:\/\/italcamara-es.com\/it\/notizie\/limport-mondiale-di-vino-e-cresciuto-in-volume-nellultimo-anno\/","og_site_name":"Italcamara","article_published_time":"2020-08-04T09:39:52+00:00","og_image":[{"width":280,"height":140,"url":"https:\/\/italcamara-es.com\/wp-content\/uploads\/2025\/03\/import-vino-250.jpg","type":"image\/jpeg"}],"author":"administrador","twitter_card":"summary_large_image","twitter_misc":{"Scritto da":"administrador","Tempo di lettura stimato":"1 minuto"},"schema":{"@context":"https:\/\/schema.org","@graph":[{"@type":"Article","@id":"https:\/\/italcamara-es.com\/it\/notizie\/limport-mondiale-di-vino-e-cresciuto-in-volume-nellultimo-anno\/#article","isPartOf":{"@id":"https:\/\/italcamara-es.com\/it\/notizie\/limport-mondiale-di-vino-e-cresciuto-in-volume-nellultimo-anno\/"},"author":{"name":"administrador","@id":"https:\/\/italcamara-es.com\/#\/schema\/person\/bb3c56263e405bbd9a15171dcfee93bb"},"headline":"L&#8217;import mondiale di vino \u00e8 cresciuto in volume nell&#8217;ultimo anno","datePublished":"2020-08-04T09:39:52+00:00","mainEntityOfPage":{"@id":"https:\/\/italcamara-es.com\/it\/notizie\/limport-mondiale-di-vino-e-cresciuto-in-volume-nellultimo-anno\/"},"wordCount":226,"commentCount":0,"image":{"@id":"https:\/\/italcamara-es.com\/it\/notizie\/limport-mondiale-di-vino-e-cresciuto-in-volume-nellultimo-anno\/#primaryimage"},"thumbnailUrl":"https:\/\/italcamara-es.com\/wp-content\/uploads\/2025\/03\/import-vino-250.jpg","keywords":["Notizie di Mercato"],"articleSection":["Notizie"],"inLanguage":"it-IT","potentialAction":[{"@type":"CommentAction","name":"Comment","target":["https:\/\/italcamara-es.com\/it\/notizie\/limport-mondiale-di-vino-e-cresciuto-in-volume-nellultimo-anno\/#respond"]}]},{"@type":"WebPage","@id":"https:\/\/italcamara-es.com\/it\/notizie\/limport-mondiale-di-vino-e-cresciuto-in-volume-nellultimo-anno\/","url":"https:\/\/italcamara-es.com\/it\/notizie\/limport-mondiale-di-vino-e-cresciuto-in-volume-nellultimo-anno\/","name":"L'import mondiale di vino \u00e8 cresciuto in volume nell'ultimo anno - Italcamara","isPartOf":{"@id":"https:\/\/italcamara-es.com\/#website"},"primaryImageOfPage":{"@id":"https:\/\/italcamara-es.com\/it\/notizie\/limport-mondiale-di-vino-e-cresciuto-in-volume-nellultimo-anno\/#primaryimage"},"image":{"@id":"https:\/\/italcamara-es.com\/it\/notizie\/limport-mondiale-di-vino-e-cresciuto-in-volume-nellultimo-anno\/#primaryimage"},"thumbnailUrl":"https:\/\/italcamara-es.com\/wp-content\/uploads\/2025\/03\/import-vino-250.jpg","datePublished":"2020-08-04T09:39:52+00:00","author":{"@id":"https:\/\/italcamara-es.com\/#\/schema\/person\/bb3c56263e405bbd9a15171dcfee93bb"},"breadcrumb":{"@id":"https:\/\/italcamara-es.com\/it\/notizie\/limport-mondiale-di-vino-e-cresciuto-in-volume-nellultimo-anno\/#breadcrumb"},"inLanguage":"it-IT","potentialAction":[{"@type":"ReadAction","target":["https:\/\/italcamara-es.com\/it\/notizie\/limport-mondiale-di-vino-e-cresciuto-in-volume-nellultimo-anno\/"]}]},{"@type":"ImageObject","inLanguage":"it-IT","@id":"https:\/\/italcamara-es.com\/it\/notizie\/limport-mondiale-di-vino-e-cresciuto-in-volume-nellultimo-anno\/#primaryimage","url":"https:\/\/italcamara-es.com\/wp-content\/uploads\/2025\/03\/import-vino-250.jpg","contentUrl":"https:\/\/italcamara-es.com\/wp-content\/uploads\/2025\/03\/import-vino-250.jpg","width":280,"height":140},{"@type":"BreadcrumbList","@id":"https:\/\/italcamara-es.com\/it\/notizie\/limport-mondiale-di-vino-e-cresciuto-in-volume-nellultimo-anno\/#breadcrumb","itemListElement":[{"@type":"ListItem","position":1,"name":"Inicio","item":"https:\/\/italcamara-es.com\/it\/homepage-ita\/"},{"@type":"ListItem","position":2,"name":"L&#8217;import mondiale di vino \u00e8 cresciuto in volume nell&#8217;ultimo anno"}]},{"@type":"WebSite","@id":"https:\/\/italcamara-es.com\/#website","url":"https:\/\/italcamara-es.com\/","name":"Italcamara","description":"","potentialAction":[{"@type":"SearchAction","target":{"@type":"EntryPoint","urlTemplate":"https:\/\/italcamara-es.com\/?s={search_term_string}"},"query-input":{"@type":"PropertyValueSpecification","valueRequired":true,"valueName":"search_term_string"}}],"inLanguage":"it-IT"},{"@type":"Person","@id":"https:\/\/italcamara-es.com\/#\/schema\/person\/bb3c56263e405bbd9a15171dcfee93bb","name":"administrador","image":{"@type":"ImageObject","inLanguage":"it-IT","@id":"https:\/\/secure.gravatar.com\/avatar\/14b5e63db38320b12031bb28cf9f77e210aa71fb3a8a3602a3c9a05134fa75eb?s=96&d=mm&r=g","url":"https:\/\/secure.gravatar.com\/avatar\/14b5e63db38320b12031bb28cf9f77e210aa71fb3a8a3602a3c9a05134fa75eb?s=96&d=mm&r=g","contentUrl":"https:\/\/secure.gravatar.com\/avatar\/14b5e63db38320b12031bb28cf9f77e210aa71fb3a8a3602a3c9a05134fa75eb?s=96&d=mm&r=g","caption":"administrador"},"sameAs":["http:\/\/pre.italcamara-es.com"],"url":"https:\/\/italcamara-es.com\/it\/author\/administrador\/"}]}},"rttpg_featured_image_url":{"full":["https:\/\/italcamara-es.com\/wp-content\/uploads\/2025\/03\/import-vino-250.jpg",280,140,false],"landscape":["https:\/\/italcamara-es.com\/wp-content\/uploads\/2025\/03\/import-vino-250.jpg",280,140,false],"portraits":["https:\/\/italcamara-es.com\/wp-content\/uploads\/2025\/03\/import-vino-250.jpg",280,140,false],"thumbnail":["https:\/\/italcamara-es.com\/wp-content\/uploads\/2025\/03\/import-vino-250-150x140.jpg",150,140,true],"medium":["https:\/\/italcamara-es.com\/wp-content\/uploads\/2025\/03\/import-vino-250.jpg",280,140,false],"large":["https:\/\/italcamara-es.com\/wp-content\/uploads\/2025\/03\/import-vino-250.jpg",280,140,false],"1536x1536":["https:\/\/italcamara-es.com\/wp-content\/uploads\/2025\/03\/import-vino-250.jpg",280,140,false],"2048x2048":["https:\/\/italcamara-es.com\/wp-content\/uploads\/2025\/03\/import-vino-250.jpg",280,140,false],"ocean-thumb-m":["https:\/\/italcamara-es.com\/wp-content\/uploads\/2025\/03\/import-vino-250.jpg",280,140,false],"ocean-thumb-ml":["https:\/\/italcamara-es.com\/wp-content\/uploads\/2025\/03\/import-vino-250.jpg",280,140,false],"ocean-thumb-l":["https:\/\/italcamara-es.com\/wp-content\/uploads\/2025\/03\/import-vino-250.jpg",280,140,false],"directorist_preview":["https:\/\/italcamara-es.com\/wp-content\/uploads\/2025\/03\/import-vino-250.jpg",280,140,false]},"rttpg_author":{"display_name":"administrador","author_link":"https:\/\/italcamara-es.com\/it\/author\/administrador\/"},"rttpg_comment":0,"rttpg_category":"<a href=\"https:\/\/italcamara-es.com\/it\/category\/notizie\/\" rel=\"category tag\">Notizie<\/a>","rttpg_excerpt":"Secondo il report pubblicato dall&#8217;Observatorio Espa\u00f1ol del Mercado del Vino (OeMv), in collaborazione con l&#8217;Organizaci\u00f3n Interprofesional del Vino de Espa\u00f1a, le importazioni mondiali di vino sono cresciute in termini di volume nel periodo compreso tra marzo 2019 e marzo 2020 (+1,4%), ma hanno perso lo 0,7% in termini di valore, al registrarsi una diminuzione del&hellip;","_links":{"self":[{"href":"https:\/\/italcamara-es.com\/it\/wp-json\/wp\/v2\/posts\/56715","targetHints":{"allow":["GET"]}}],"collection":[{"href":"https:\/\/italcamara-es.com\/it\/wp-json\/wp\/v2\/posts"}],"about":[{"href":"https:\/\/italcamara-es.com\/it\/wp-json\/wp\/v2\/types\/post"}],"author":[{"embeddable":true,"href":"https:\/\/italcamara-es.com\/it\/wp-json\/wp\/v2\/users\/1"}],"replies":[{"embeddable":true,"href":"https:\/\/italcamara-es.com\/it\/wp-json\/wp\/v2\/comments?post=56715"}],"version-history":[{"count":0,"href":"https:\/\/italcamara-es.com\/it\/wp-json\/wp\/v2\/posts\/56715\/revisions"}],"wp:featuredmedia":[{"embeddable":true,"href":"https:\/\/italcamara-es.com\/it\/wp-json\/wp\/v2\/media\/53861"}],"wp:attachment":[{"href":"https:\/\/italcamara-es.com\/it\/wp-json\/wp\/v2\/media?parent=56715"}],"wp:term":[{"taxonomy":"category","embeddable":true,"href":"https:\/\/italcamara-es.com\/it\/wp-json\/wp\/v2\/categories?post=56715"},{"taxonomy":"post_tag","embeddable":true,"href":"https:\/\/italcamara-es.com\/it\/wp-json\/wp\/v2\/tags?post=56715"}],"curies":[{"name":"wp","href":"https:\/\/api.w.org\/{rel}","templated":true}]}}