	{"id":56722,"date":"2020-10-26T09:27:49","date_gmt":"2020-10-26T08:27:49","guid":{"rendered":"http:\/\/pre.italcamara-es.com\/senza-categoria\/a-roma-la-xvii-edizione-del-foro-di-dialogo-italia-spagna\/"},"modified":"2020-10-26T09:27:49","modified_gmt":"2020-10-26T08:27:49","slug":"a-roma-la-xvii-edizione-del-foro-di-dialogo-italia-spagna","status":"publish","type":"post","link":"https:\/\/italcamara-es.com\/it\/notizie\/a-roma-la-xvii-edizione-del-foro-di-dialogo-italia-spagna\/","title":{"rendered":"A Roma la XVII edizione del Foro di Dialogo Italia \u2013 Spagna"},"content":{"rendered":"\n<p>La XVII edizione del <strong>Foro di Dialogo Italia \u2013 Spagna<\/strong>, organizzata congiuntamente da AREL (Agenzia di Ricerche e Legislazione fondata da Nino Andreatta) e da CEOE (Confederaci\u00f3n Espa\u00f1ola de Organizaciones Empresariales) si \u00e8 svolta a Roma nelle giornate di luned\u00ec 19 e marted\u00ec 20 ottobre 2020.<\/p>\n\n\n\n<p>Ormai da quasi due decenni, l\u2019appuntamento\n\u2013 la cui prima edizione si tenne nel 1999 a Genova \u2013 riunisce, alternativamente\nin Italia e in Spagna, autorevoli rappresentanti del mondo politico,\naccademico, imprenditoriale, economico e della comunicazione.<\/p>\n\n\n\n<p>In questa edizione 2020 sono intervenuti i Presidenti del Governo di Italia e Spagna, <strong>Giuseppe Conte e Pedro S\u00e1nchez<\/strong>; i Ministri degli Esteri, <strong>Luigi Di Maio e Arancha Gonz\u00e1lez Laya<\/strong>; i Ministri dell\u2019Ambiente, <strong>Sergio Costa e Teresa Ribera<\/strong>. Per le istituzioni europee hanno partecipato l\u2019Alto Rappresentante gli affari esteri e la politica di sicurezza <strong>Josep Borrell <\/strong>e il Commissario per gli affari economici e monetari <strong>Paolo Gentiloni<\/strong>.<\/p>\n\n\n\n<p>L\u2019evento \u00e8 stato inaugurato <strong>luned\u00ec 19 ottobre<\/strong> con un incontro alla Real Accademia di Spagna a Roma, con l\u2019intervento dei due Ministri degli Esteri. Nella giornata di marted\u00ec 20 ottobre sono intervenuti i coordinatori del Foro di Dialogo, Enrico Letta e Josep Antoni Duran i Lleida, e i Presidenti delle rispettive organizzazioni (Francesco Merloni per AREL e Antonio Garamendi per CEOE). A seguire, il saluto dell\u2019Ambasciatore di Spagna in Italia <strong>Alfonso Dastis<\/strong> e dell\u2019Ambasciatore d\u2019Italia in Spagna <strong>Riccardo Guariglia<\/strong>.<\/p>\n\n\n\n<p>I lavori si sono poi sviluppati intorno a\nquattro panel (la conferenza sul futuro dell\u2019Europa; politiche economiche e\nindustriali per la ripresa; innovazione e digitalizzazione; Next Generation Eu\ne Green Deal europeo) con gli interventi di Ministri, Commissari e\nrappresentanti del mondo economico, imprenditoriale e politico. La chiusura \u00e8\nstata affidata ai due Presidenti del Governo, anticipata da una conferenza\nstampa.<\/p>\n\n\n\n<p>Cuore della riflessione del XVII Foro di\ndialogo \u00e8 stato il Next Generation EU, uno strumento innovativo da potenziare\nperch\u00e9 attraverso il rafforzamento dei programmi strategici sar\u00e0 possibile\nrispondere alle inedite complessit\u00e0 create dal Covid-19 e anche accelerare la\ntransizione verde e digitale. Spagna e Italia insieme sono state il motore\ntrainante della svolta della politica europea, finalmente all\u2019altezza della\ndrammaticit\u00e0 della situazione.<\/p>\n\n\n\n<p><em>Fonte: <a href=\"https:\/\/ambmadrid.esteri.it\/ambasciata_madrid\/it\/\" target=\"_blank\" rel=\"noreferrer noopener\" aria-label=\"Ambasciata d\u2019Italia in Spagna (opens in a new tab)\">Ambasciata d\u2019Italia in Spagna<\/a><\/em><\/p>\n","protected":false},"excerpt":{"rendered":"<p>La XVII edizione del Foro di Dialogo Italia \u2013 Spagna, organizzata congiuntamente da AREL (Agenzia di Ricerche e Legislazione fondata da Nino Andreatta) e da CEOE (Confederaci\u00f3n Espa\u00f1ola de Organizaciones Empresariales) si \u00e8 svolta a Roma nelle giornate di luned\u00ec 19 e marted\u00ec 20 ottobre 2020. Ormai da quasi due decenni, l\u2019appuntamento \u2013 la cui [&hellip;]<\/p>\n","protected":false},"author":1,"featured_media":53876,"comment_status":"open","ping_status":"open","sticky":false,"template":"","format":"standard","meta":{"inline_featured_image":false,"ocean_post_layout":"","ocean_both_sidebars_style":"","ocean_both_sidebars_content_width":0,"ocean_both_sidebars_sidebars_width":0,"ocean_sidebar":"","ocean_second_sidebar":"","ocean_disable_margins":"enable","ocean_add_body_class":"","ocean_shortcode_before_top_bar":"","ocean_shortcode_after_top_bar":"","ocean_shortcode_before_header":"","ocean_shortcode_after_header":"","ocean_has_shortcode":"","ocean_shortcode_after_title":"","ocean_shortcode_before_footer_widgets":"","ocean_shortcode_after_footer_widgets":"","ocean_shortcode_before_footer_bottom":"","ocean_shortcode_after_footer_bottom":"","ocean_display_top_bar":"default","ocean_display_header":"default","ocean_header_style":"","ocean_center_header_left_menu":"","ocean_custom_header_template":"","ocean_custom_logo":0,"ocean_custom_retina_logo":0,"ocean_custom_logo_max_width":0,"ocean_custom_logo_tablet_max_width":0,"ocean_custom_logo_mobile_max_width":0,"ocean_custom_logo_max_height":0,"ocean_custom_logo_tablet_max_height":0,"ocean_custom_logo_mobile_max_height":0,"ocean_header_custom_menu":"","ocean_menu_typo_font_family":"","ocean_menu_typo_font_subset":"","ocean_menu_typo_font_size":0,"ocean_menu_typo_font_size_tablet":0,"ocean_menu_typo_font_size_mobile":0,"ocean_menu_typo_font_size_unit":"px","ocean_menu_typo_font_weight":"","ocean_menu_typo_font_weight_tablet":"","ocean_menu_typo_font_weight_mobile":"","ocean_menu_typo_transform":"","ocean_menu_typo_transform_tablet":"","ocean_menu_typo_transform_mobile":"","ocean_menu_typo_line_height":0,"ocean_menu_typo_line_height_tablet":0,"ocean_menu_typo_line_height_mobile":0,"ocean_menu_typo_line_height_unit":"","ocean_menu_typo_spacing":0,"ocean_menu_typo_spacing_tablet":0,"ocean_menu_typo_spacing_mobile":0,"ocean_menu_typo_spacing_unit":"","ocean_menu_link_color":"","ocean_menu_link_color_hover":"","ocean_menu_link_color_active":"","ocean_menu_link_background":"","ocean_menu_link_hover_background":"","ocean_menu_link_active_background":"","ocean_menu_social_links_bg":"","ocean_menu_social_hover_links_bg":"","ocean_menu_social_links_color":"","ocean_menu_social_hover_links_color":"","ocean_disable_title":"default","ocean_disable_heading":"default","ocean_post_title":"","ocean_post_subheading":"","ocean_post_title_style":"","ocean_post_title_background_color":"","ocean_post_title_background":0,"ocean_post_title_bg_image_position":"","ocean_post_title_bg_image_attachment":"","ocean_post_title_bg_image_repeat":"","ocean_post_title_bg_image_size":"","ocean_post_title_height":0,"ocean_post_title_bg_overlay":0.5,"ocean_post_title_bg_overlay_color":"","ocean_disable_breadcrumbs":"default","ocean_breadcrumbs_color":"","ocean_breadcrumbs_separator_color":"","ocean_breadcrumbs_links_color":"","ocean_breadcrumbs_links_hover_color":"","ocean_display_footer_widgets":"default","ocean_display_footer_bottom":"default","ocean_custom_footer_template":"","ocean_post_oembed":"","ocean_post_self_hosted_media":"","ocean_post_video_embed":"","ocean_link_format":"","ocean_link_format_target":"self","ocean_quote_format":"","ocean_quote_format_link":"post","ocean_gallery_link_images":"on","ocean_gallery_id":[],"footnotes":""},"categories":[133],"tags":[138],"class_list":["post-56722","post","type-post","status-publish","format-standard","has-post-thumbnail","hentry","category-notizie","tag-notizie-di-mercato","entry","has-media"],"yoast_head":"<!-- This site is optimized with the Yoast SEO plugin v27.5 - https:\/\/yoast.com\/product\/yoast-seo-wordpress\/ -->\n<title>A Roma la XVII edizione del Foro di Dialogo Italia \u2013 Spagna - Italcamara<\/title>\n<meta name=\"robots\" content=\"index, follow, max-snippet:-1, max-image-preview:large, max-video-preview:-1\" \/>\n<link rel=\"canonical\" href=\"https:\/\/italcamara-es.com\/it\/notizie\/a-roma-la-xvii-edizione-del-foro-di-dialogo-italia-spagna\/\" \/>\n<meta property=\"og:locale\" content=\"it_IT\" \/>\n<meta property=\"og:type\" content=\"article\" \/>\n<meta property=\"og:title\" content=\"A Roma la XVII edizione del Foro di Dialogo Italia \u2013 Spagna - Italcamara\" \/>\n<meta property=\"og:description\" content=\"La XVII edizione del Foro di Dialogo Italia \u2013 Spagna, organizzata congiuntamente da AREL (Agenzia di Ricerche e Legislazione fondata da Nino Andreatta) e da CEOE (Confederaci\u00f3n Espa\u00f1ola de Organizaciones Empresariales) si \u00e8 svolta a Roma nelle giornate di luned\u00ec 19 e marted\u00ec 20 ottobre 2020. Ormai da quasi due decenni, l\u2019appuntamento \u2013 la cui [&hellip;]\" \/>\n<meta property=\"og:url\" content=\"https:\/\/italcamara-es.com\/it\/notizie\/a-roma-la-xvii-edizione-del-foro-di-dialogo-italia-spagna\/\" \/>\n<meta property=\"og:site_name\" content=\"Italcamara\" \/>\n<meta property=\"article:published_time\" content=\"2020-10-26T08:27:49+00:00\" \/>\n<meta property=\"og:image\" content=\"https:\/\/italcamara-es.com\/wp-content\/uploads\/2025\/03\/foro_600.jpg\" \/>\n\t<meta property=\"og:image:width\" content=\"500\" \/>\n\t<meta property=\"og:image:height\" content=\"280\" \/>\n\t<meta property=\"og:image:type\" content=\"image\/jpeg\" \/>\n<meta name=\"author\" content=\"administrador\" \/>\n<meta name=\"twitter:card\" content=\"summary_large_image\" \/>\n<meta name=\"twitter:label1\" content=\"Scritto da\" \/>\n\t<meta name=\"twitter:data1\" content=\"administrador\" \/>\n\t<meta name=\"twitter:label2\" content=\"Tempo di lettura stimato\" \/>\n\t<meta name=\"twitter:data2\" content=\"2 minuti\" \/>\n<script type=\"application\/ld+json\" class=\"yoast-schema-graph\">{\"@context\":\"https:\\\/\\\/schema.org\",\"@graph\":[{\"@type\":\"Article\",\"@id\":\"https:\\\/\\\/italcamara-es.com\\\/it\\\/notizie\\\/a-roma-la-xvii-edizione-del-foro-di-dialogo-italia-spagna\\\/#article\",\"isPartOf\":{\"@id\":\"https:\\\/\\\/italcamara-es.com\\\/it\\\/notizie\\\/a-roma-la-xvii-edizione-del-foro-di-dialogo-italia-spagna\\\/\"},\"author\":{\"name\":\"administrador\",\"@id\":\"https:\\\/\\\/italcamara-es.com\\\/#\\\/schema\\\/person\\\/bb3c56263e405bbd9a15171dcfee93bb\"},\"headline\":\"A Roma la XVII edizione del Foro di Dialogo Italia \u2013 Spagna\",\"datePublished\":\"2020-10-26T08:27:49+00:00\",\"mainEntityOfPage\":{\"@id\":\"https:\\\/\\\/italcamara-es.com\\\/it\\\/notizie\\\/a-roma-la-xvii-edizione-del-foro-di-dialogo-italia-spagna\\\/\"},\"wordCount\":369,\"commentCount\":0,\"image\":{\"@id\":\"https:\\\/\\\/italcamara-es.com\\\/it\\\/notizie\\\/a-roma-la-xvii-edizione-del-foro-di-dialogo-italia-spagna\\\/#primaryimage\"},\"thumbnailUrl\":\"https:\\\/\\\/italcamara-es.com\\\/wp-content\\\/uploads\\\/2025\\\/03\\\/foro_600.jpg\",\"keywords\":[\"Notizie di Mercato\"],\"articleSection\":[\"Notizie\"],\"inLanguage\":\"it-IT\",\"potentialAction\":[{\"@type\":\"CommentAction\",\"name\":\"Comment\",\"target\":[\"https:\\\/\\\/italcamara-es.com\\\/it\\\/notizie\\\/a-roma-la-xvii-edizione-del-foro-di-dialogo-italia-spagna\\\/#respond\"]}]},{\"@type\":\"WebPage\",\"@id\":\"https:\\\/\\\/italcamara-es.com\\\/it\\\/notizie\\\/a-roma-la-xvii-edizione-del-foro-di-dialogo-italia-spagna\\\/\",\"url\":\"https:\\\/\\\/italcamara-es.com\\\/it\\\/notizie\\\/a-roma-la-xvii-edizione-del-foro-di-dialogo-italia-spagna\\\/\",\"name\":\"A Roma la XVII edizione del Foro di Dialogo Italia \u2013 Spagna - Italcamara\",\"isPartOf\":{\"@id\":\"https:\\\/\\\/italcamara-es.com\\\/#website\"},\"primaryImageOfPage\":{\"@id\":\"https:\\\/\\\/italcamara-es.com\\\/it\\\/notizie\\\/a-roma-la-xvii-edizione-del-foro-di-dialogo-italia-spagna\\\/#primaryimage\"},\"image\":{\"@id\":\"https:\\\/\\\/italcamara-es.com\\\/it\\\/notizie\\\/a-roma-la-xvii-edizione-del-foro-di-dialogo-italia-spagna\\\/#primaryimage\"},\"thumbnailUrl\":\"https:\\\/\\\/italcamara-es.com\\\/wp-content\\\/uploads\\\/2025\\\/03\\\/foro_600.jpg\",\"datePublished\":\"2020-10-26T08:27:49+00:00\",\"author\":{\"@id\":\"https:\\\/\\\/italcamara-es.com\\\/#\\\/schema\\\/person\\\/bb3c56263e405bbd9a15171dcfee93bb\"},\"breadcrumb\":{\"@id\":\"https:\\\/\\\/italcamara-es.com\\\/it\\\/notizie\\\/a-roma-la-xvii-edizione-del-foro-di-dialogo-italia-spagna\\\/#breadcrumb\"},\"inLanguage\":\"it-IT\",\"potentialAction\":[{\"@type\":\"ReadAction\",\"target\":[\"https:\\\/\\\/italcamara-es.com\\\/it\\\/notizie\\\/a-roma-la-xvii-edizione-del-foro-di-dialogo-italia-spagna\\\/\"]}]},{\"@type\":\"ImageObject\",\"inLanguage\":\"it-IT\",\"@id\":\"https:\\\/\\\/italcamara-es.com\\\/it\\\/notizie\\\/a-roma-la-xvii-edizione-del-foro-di-dialogo-italia-spagna\\\/#primaryimage\",\"url\":\"https:\\\/\\\/italcamara-es.com\\\/wp-content\\\/uploads\\\/2025\\\/03\\\/foro_600.jpg\",\"contentUrl\":\"https:\\\/\\\/italcamara-es.com\\\/wp-content\\\/uploads\\\/2025\\\/03\\\/foro_600.jpg\",\"width\":500,\"height\":280},{\"@type\":\"BreadcrumbList\",\"@id\":\"https:\\\/\\\/italcamara-es.com\\\/it\\\/notizie\\\/a-roma-la-xvii-edizione-del-foro-di-dialogo-italia-spagna\\\/#breadcrumb\",\"itemListElement\":[{\"@type\":\"ListItem\",\"position\":1,\"name\":\"Inicio\",\"item\":\"https:\\\/\\\/italcamara-es.com\\\/it\\\/homepage-ita\\\/\"},{\"@type\":\"ListItem\",\"position\":2,\"name\":\"A Roma la XVII edizione del Foro di Dialogo Italia \u2013 Spagna\"}]},{\"@type\":\"WebSite\",\"@id\":\"https:\\\/\\\/italcamara-es.com\\\/#website\",\"url\":\"https:\\\/\\\/italcamara-es.com\\\/\",\"name\":\"Italcamara\",\"description\":\"\",\"potentialAction\":[{\"@type\":\"SearchAction\",\"target\":{\"@type\":\"EntryPoint\",\"urlTemplate\":\"https:\\\/\\\/italcamara-es.com\\\/?s={search_term_string}\"},\"query-input\":{\"@type\":\"PropertyValueSpecification\",\"valueRequired\":true,\"valueName\":\"search_term_string\"}}],\"inLanguage\":\"it-IT\"},{\"@type\":\"Person\",\"@id\":\"https:\\\/\\\/italcamara-es.com\\\/#\\\/schema\\\/person\\\/bb3c56263e405bbd9a15171dcfee93bb\",\"name\":\"administrador\",\"image\":{\"@type\":\"ImageObject\",\"inLanguage\":\"it-IT\",\"@id\":\"https:\\\/\\\/secure.gravatar.com\\\/avatar\\\/14b5e63db38320b12031bb28cf9f77e210aa71fb3a8a3602a3c9a05134fa75eb?s=96&d=mm&r=g\",\"url\":\"https:\\\/\\\/secure.gravatar.com\\\/avatar\\\/14b5e63db38320b12031bb28cf9f77e210aa71fb3a8a3602a3c9a05134fa75eb?s=96&d=mm&r=g\",\"contentUrl\":\"https:\\\/\\\/secure.gravatar.com\\\/avatar\\\/14b5e63db38320b12031bb28cf9f77e210aa71fb3a8a3602a3c9a05134fa75eb?s=96&d=mm&r=g\",\"caption\":\"administrador\"},\"sameAs\":[\"http:\\\/\\\/pre.italcamara-es.com\"],\"url\":\"https:\\\/\\\/italcamara-es.com\\\/it\\\/author\\\/administrador\\\/\"}]}<\/script>\n<!-- \/ Yoast SEO plugin. -->","yoast_head_json":{"title":"A Roma la XVII edizione del Foro di Dialogo Italia \u2013 Spagna - Italcamara","robots":{"index":"index","follow":"follow","max-snippet":"max-snippet:-1","max-image-preview":"max-image-preview:large","max-video-preview":"max-video-preview:-1"},"canonical":"https:\/\/italcamara-es.com\/it\/notizie\/a-roma-la-xvii-edizione-del-foro-di-dialogo-italia-spagna\/","og_locale":"it_IT","og_type":"article","og_title":"A Roma la XVII edizione del Foro di Dialogo Italia \u2013 Spagna - Italcamara","og_description":"La XVII edizione del Foro di Dialogo Italia \u2013 Spagna, organizzata congiuntamente da AREL (Agenzia di Ricerche e Legislazione fondata da Nino Andreatta) e da CEOE (Confederaci\u00f3n Espa\u00f1ola de Organizaciones Empresariales) si \u00e8 svolta a Roma nelle giornate di luned\u00ec 19 e marted\u00ec 20 ottobre 2020. Ormai da quasi due decenni, l\u2019appuntamento \u2013 la cui [&hellip;]","og_url":"https:\/\/italcamara-es.com\/it\/notizie\/a-roma-la-xvii-edizione-del-foro-di-dialogo-italia-spagna\/","og_site_name":"Italcamara","article_published_time":"2020-10-26T08:27:49+00:00","og_image":[{"width":500,"height":280,"url":"https:\/\/italcamara-es.com\/wp-content\/uploads\/2025\/03\/foro_600.jpg","type":"image\/jpeg"}],"author":"administrador","twitter_card":"summary_large_image","twitter_misc":{"Scritto da":"administrador","Tempo di lettura stimato":"2 minuti"},"schema":{"@context":"https:\/\/schema.org","@graph":[{"@type":"Article","@id":"https:\/\/italcamara-es.com\/it\/notizie\/a-roma-la-xvii-edizione-del-foro-di-dialogo-italia-spagna\/#article","isPartOf":{"@id":"https:\/\/italcamara-es.com\/it\/notizie\/a-roma-la-xvii-edizione-del-foro-di-dialogo-italia-spagna\/"},"author":{"name":"administrador","@id":"https:\/\/italcamara-es.com\/#\/schema\/person\/bb3c56263e405bbd9a15171dcfee93bb"},"headline":"A Roma la XVII edizione del Foro di Dialogo Italia \u2013 Spagna","datePublished":"2020-10-26T08:27:49+00:00","mainEntityOfPage":{"@id":"https:\/\/italcamara-es.com\/it\/notizie\/a-roma-la-xvii-edizione-del-foro-di-dialogo-italia-spagna\/"},"wordCount":369,"commentCount":0,"image":{"@id":"https:\/\/italcamara-es.com\/it\/notizie\/a-roma-la-xvii-edizione-del-foro-di-dialogo-italia-spagna\/#primaryimage"},"thumbnailUrl":"https:\/\/italcamara-es.com\/wp-content\/uploads\/2025\/03\/foro_600.jpg","keywords":["Notizie di Mercato"],"articleSection":["Notizie"],"inLanguage":"it-IT","potentialAction":[{"@type":"CommentAction","name":"Comment","target":["https:\/\/italcamara-es.com\/it\/notizie\/a-roma-la-xvii-edizione-del-foro-di-dialogo-italia-spagna\/#respond"]}]},{"@type":"WebPage","@id":"https:\/\/italcamara-es.com\/it\/notizie\/a-roma-la-xvii-edizione-del-foro-di-dialogo-italia-spagna\/","url":"https:\/\/italcamara-es.com\/it\/notizie\/a-roma-la-xvii-edizione-del-foro-di-dialogo-italia-spagna\/","name":"A Roma la XVII edizione del Foro di Dialogo Italia \u2013 Spagna - Italcamara","isPartOf":{"@id":"https:\/\/italcamara-es.com\/#website"},"primaryImageOfPage":{"@id":"https:\/\/italcamara-es.com\/it\/notizie\/a-roma-la-xvii-edizione-del-foro-di-dialogo-italia-spagna\/#primaryimage"},"image":{"@id":"https:\/\/italcamara-es.com\/it\/notizie\/a-roma-la-xvii-edizione-del-foro-di-dialogo-italia-spagna\/#primaryimage"},"thumbnailUrl":"https:\/\/italcamara-es.com\/wp-content\/uploads\/2025\/03\/foro_600.jpg","datePublished":"2020-10-26T08:27:49+00:00","author":{"@id":"https:\/\/italcamara-es.com\/#\/schema\/person\/bb3c56263e405bbd9a15171dcfee93bb"},"breadcrumb":{"@id":"https:\/\/italcamara-es.com\/it\/notizie\/a-roma-la-xvii-edizione-del-foro-di-dialogo-italia-spagna\/#breadcrumb"},"inLanguage":"it-IT","potentialAction":[{"@type":"ReadAction","target":["https:\/\/italcamara-es.com\/it\/notizie\/a-roma-la-xvii-edizione-del-foro-di-dialogo-italia-spagna\/"]}]},{"@type":"ImageObject","inLanguage":"it-IT","@id":"https:\/\/italcamara-es.com\/it\/notizie\/a-roma-la-xvii-edizione-del-foro-di-dialogo-italia-spagna\/#primaryimage","url":"https:\/\/italcamara-es.com\/wp-content\/uploads\/2025\/03\/foro_600.jpg","contentUrl":"https:\/\/italcamara-es.com\/wp-content\/uploads\/2025\/03\/foro_600.jpg","width":500,"height":280},{"@type":"BreadcrumbList","@id":"https:\/\/italcamara-es.com\/it\/notizie\/a-roma-la-xvii-edizione-del-foro-di-dialogo-italia-spagna\/#breadcrumb","itemListElement":[{"@type":"ListItem","position":1,"name":"Inicio","item":"https:\/\/italcamara-es.com\/it\/homepage-ita\/"},{"@type":"ListItem","position":2,"name":"A Roma la XVII edizione del Foro di Dialogo Italia \u2013 Spagna"}]},{"@type":"WebSite","@id":"https:\/\/italcamara-es.com\/#website","url":"https:\/\/italcamara-es.com\/","name":"Italcamara","description":"","potentialAction":[{"@type":"SearchAction","target":{"@type":"EntryPoint","urlTemplate":"https:\/\/italcamara-es.com\/?s={search_term_string}"},"query-input":{"@type":"PropertyValueSpecification","valueRequired":true,"valueName":"search_term_string"}}],"inLanguage":"it-IT"},{"@type":"Person","@id":"https:\/\/italcamara-es.com\/#\/schema\/person\/bb3c56263e405bbd9a15171dcfee93bb","name":"administrador","image":{"@type":"ImageObject","inLanguage":"it-IT","@id":"https:\/\/secure.gravatar.com\/avatar\/14b5e63db38320b12031bb28cf9f77e210aa71fb3a8a3602a3c9a05134fa75eb?s=96&d=mm&r=g","url":"https:\/\/secure.gravatar.com\/avatar\/14b5e63db38320b12031bb28cf9f77e210aa71fb3a8a3602a3c9a05134fa75eb?s=96&d=mm&r=g","contentUrl":"https:\/\/secure.gravatar.com\/avatar\/14b5e63db38320b12031bb28cf9f77e210aa71fb3a8a3602a3c9a05134fa75eb?s=96&d=mm&r=g","caption":"administrador"},"sameAs":["http:\/\/pre.italcamara-es.com"],"url":"https:\/\/italcamara-es.com\/it\/author\/administrador\/"}]}},"rttpg_featured_image_url":{"full":["https:\/\/italcamara-es.com\/wp-content\/uploads\/2025\/03\/foro_600.jpg",500,280,false],"landscape":["https:\/\/italcamara-es.com\/wp-content\/uploads\/2025\/03\/foro_600.jpg",500,280,false],"portraits":["https:\/\/italcamara-es.com\/wp-content\/uploads\/2025\/03\/foro_600.jpg",500,280,false],"thumbnail":["https:\/\/italcamara-es.com\/wp-content\/uploads\/2025\/03\/foro_600-150x150.jpg",150,150,true],"medium":["https:\/\/italcamara-es.com\/wp-content\/uploads\/2025\/03\/foro_600-300x168.jpg",300,168,true],"large":["https:\/\/italcamara-es.com\/wp-content\/uploads\/2025\/03\/foro_600.jpg",500,280,false],"1536x1536":["https:\/\/italcamara-es.com\/wp-content\/uploads\/2025\/03\/foro_600.jpg",500,280,false],"2048x2048":["https:\/\/italcamara-es.com\/wp-content\/uploads\/2025\/03\/foro_600.jpg",500,280,false],"ocean-thumb-m":["https:\/\/italcamara-es.com\/wp-content\/uploads\/2025\/03\/foro_600.jpg",500,280,false],"ocean-thumb-ml":["https:\/\/italcamara-es.com\/wp-content\/uploads\/2025\/03\/foro_600.jpg",500,280,false],"ocean-thumb-l":["https:\/\/italcamara-es.com\/wp-content\/uploads\/2025\/03\/foro_600.jpg",500,280,false],"directorist_preview":["https:\/\/italcamara-es.com\/wp-content\/uploads\/2025\/03\/foro_600.jpg",500,280,false]},"rttpg_author":{"display_name":"administrador","author_link":"https:\/\/italcamara-es.com\/it\/author\/administrador\/"},"rttpg_comment":0,"rttpg_category":"<a href=\"https:\/\/italcamara-es.com\/it\/category\/notizie\/\" rel=\"category tag\">Notizie<\/a>","rttpg_excerpt":"La XVII edizione del Foro di Dialogo Italia \u2013 Spagna, organizzata congiuntamente da AREL (Agenzia di Ricerche e Legislazione fondata da Nino Andreatta) e da CEOE (Confederaci\u00f3n Espa\u00f1ola de Organizaciones Empresariales) si \u00e8 svolta a Roma nelle giornate di luned\u00ec 19 e marted\u00ec 20 ottobre 2020. Ormai da quasi due decenni, l\u2019appuntamento \u2013 la cui&hellip;","_links":{"self":[{"href":"https:\/\/italcamara-es.com\/it\/wp-json\/wp\/v2\/posts\/56722","targetHints":{"allow":["GET"]}}],"collection":[{"href":"https:\/\/italcamara-es.com\/it\/wp-json\/wp\/v2\/posts"}],"about":[{"href":"https:\/\/italcamara-es.com\/it\/wp-json\/wp\/v2\/types\/post"}],"author":[{"embeddable":true,"href":"https:\/\/italcamara-es.com\/it\/wp-json\/wp\/v2\/users\/1"}],"replies":[{"embeddable":true,"href":"https:\/\/italcamara-es.com\/it\/wp-json\/wp\/v2\/comments?post=56722"}],"version-history":[{"count":0,"href":"https:\/\/italcamara-es.com\/it\/wp-json\/wp\/v2\/posts\/56722\/revisions"}],"wp:featuredmedia":[{"embeddable":true,"href":"https:\/\/italcamara-es.com\/it\/wp-json\/wp\/v2\/media\/53876"}],"wp:attachment":[{"href":"https:\/\/italcamara-es.com\/it\/wp-json\/wp\/v2\/media?parent=56722"}],"wp:term":[{"taxonomy":"category","embeddable":true,"href":"https:\/\/italcamara-es.com\/it\/wp-json\/wp\/v2\/categories?post=56722"},{"taxonomy":"post_tag","embeddable":true,"href":"https:\/\/italcamara-es.com\/it\/wp-json\/wp\/v2\/tags?post=56722"}],"curies":[{"name":"wp","href":"https:\/\/api.w.org\/{rel}","templated":true}]}}