	{"id":56753,"date":"2022-06-13T12:49:47","date_gmt":"2022-06-13T10:49:47","guid":{"rendered":"http:\/\/pre.italcamara-es.com\/senza-categoria\/litalia-in-10-selfie-2022\/"},"modified":"2022-06-13T12:49:47","modified_gmt":"2022-06-13T10:49:47","slug":"litalia-in-10-selfie-2022","status":"publish","type":"post","link":"https:\/\/italcamara-es.com\/it\/notizie\/litalia-in-10-selfie-2022\/","title":{"rendered":"L&#8217;Italia in 10 selfie 2022"},"content":{"rendered":"\n<p>L\u2019Italia dei 10 selfie 2022 fotografa come ogni anno, attraverso dati selezionati dai principali rapporti della <strong>Fondazione Symbola<\/strong> e da quelli di una selezionata rete di partner associativi <strong>dieci punti di forza del Belpaese<\/strong>. Il dossier \u00e8 realizzato in collaborazione con<strong> Unioncamere<\/strong> ed <strong>Assocamerestero<\/strong>, con il Patrocinio del <strong>Ministero degli Affari Esteri e della Cooperazione Internazionale<\/strong> e del <strong>Ministero della Transizione Ecologica<\/strong>. . &nbsp;<\/p>\n\n\n\n<p>I 10 Selfie sono stati presentati lo scorso 6 giugno, presso il Ministero degli Affari Esteri e della Cooperazione Internazionale, da <strong>Ermete Realacci<\/strong>, presidente della Fondazione Symbola con il ministro degli Affari Esteri e della Cooperazione Internazionale, <strong>Luigi Di Maio <\/strong>in collegamento con le Ambasciate italiane nel mondo e le Ambasciate accreditate a Roma. Hanno partecipato alla presentazione <strong>Gian Domenico Auricchio<\/strong>, presidente di Assocamerestero; <strong>Barbara Colombo<\/strong>, presidente di UCIMU; <strong>Lorraine Berton<\/strong>, vice presidente di ANFAO; <strong>Maria Porro<\/strong>, presidente del Salone del Mobile Milano; <strong>Lavinia Biagiotti<\/strong>, vice presidente del Comitato promotore di EXPO Roma 2030; <strong>Lorenzo Angeloni<\/strong>, Direttore Generale per la Promozione del Sistema Paese \u2013 MAECI.<\/p>\n\n\n\n<p>&#8220;<em>Un\u2019Italia che fa l\u2019Italia pu\u00f2 dare un contributo importante ad affrontare le crisi legate al clima, alla pandemia, all\u2019invasione russa dell\u2019Ucraina in tanti settori in cui \u00e8 gi\u00e0 protagonista. Il nostro Paese<\/em> \u2013 ha dichiarato Ermete Realacci, presidente della Fondazione Symbola &#8211; <em>d\u00e0 il meglio di s\u00e9 quando incrocia i suoi cromosomi antichi, la sua identit\u00e0 con un modo tutto italiano di fare economia: che tiene insieme innovazione e tradizione, coesione sociale, nuove tecnologie e bellezza, capacit\u00e0 di parlare al mondo senza perdere legami con territori e comunit\u00e0, flessibilit\u00e0 produttiva e competitivit\u00e0. I 10 Selfie sono un racconto che vuole essere un promemoria e un\u2019agenda. C\u2019\u00e8 molto da fare ma da qui possiamo partire per affrontare non solo i nostri mali antichi ma il futuro e le sfide che ci pone. Possiamo farlo dentro la missione che si \u00e8 data l\u2019Europa con il Next Generation EU, per rispondere alle crisi tenendo insieme coesione, transizione verde, digitale. Dobbiamo farlo rafforzando nel mondo un percorso di cooperazione e di pace oggi indebolito. Per costruire insieme, senza lasciare indietro nessuno, senza lasciare solo nessuno, un mondo pi\u00f9 sicuro, civile, gentile come \u00e8 scritto nel Manifesto di Assisi<\/em>\u201d.<\/p>\n\n\n\n<p><strong>Pochi\nsanno che:<\/strong><\/p>\n\n\n\n<ul class=\"wp-block-list\"><li>L\u2019Italia \u00e8 il Paese europeo con il pi\u00f9 alto tasso di riciclo sul totale dei rifiuti speciali e urbani (79,4%), un valore superiore alla media europea (48,6%) e a quello di Germania (69,1%), Francia (66,2%) e Spagna (48,7%). Un risultato che determina una riduzione annuale delle emissioni pari a 23 milioni di tonnellate equivalenti di petrolio e a 63 milioni di tonnellate equivalenti di CO2.<\/li><li>Siamo leader nella produttivit\u00e0 nell\u2019uso delle materie prime con un punteggio di 268 punti su 300, un dato superiore alla media UE (147 punti) e a quello di Germania (157), Francia (152), Spagna (142).<\/li><li>\u00c8 italiano il pi\u00f9 grande operatore al mondo nelle rinnovabili. L\u2019ENEL, anche per questo, \u00e8 la prima societ\u00e0 elettrica privata per capacit\u00e0 gestita.<\/li><li>441.000 imprese hanno investito negli ultimi cinque anni in prodotti e tecnologie green. Sono quelle che innovano di pi\u00f9, esportano di pi\u00f9, producono pi\u00f9 posti di lavoro.<\/li><li>L\u2019Italia \u00e8 leader nel design e al primo posto al mondo per numero di siti nella lista dei patrimoni dell\u2019umanit\u00e0. Ad oggi, dei 1154 siti riconosciuti dall\u2019UNESCO in 167 Paesi del mondo ben 58 sono in Italia, seguono Cina (56), Germania (51), Francia e Spagna (entrambe 49).<\/li><li>L\u2019Italia \u00e8 terza al mondo per livello di specializzazione nell\u2019aerospaziale e leader nell\u2019osservazione della terra.<\/li><li>In agricoltura siamo avanti nella sostenibilit\u00e0 con emissioni (30 milioni di tonnellate di CO2) nettamente inferiori a Francia (76 milioni di tonnellate) e Germania (66 milioni di tonnellate). L\u2019Italia con 842 denominazioni \u00e8 prima in Europa per prodotti agroalimentari e vitivinicoli registrati e protetti: 581 DOP, 257 IGP, 4 STG. <\/li><li>L\u2019Italia \u00e8 al quarto posto per valore delle esportazioni di macchine utensili per la lavorazione dei metalli: con \u20ac2.945 milioni l\u2019export italiano rappresenta l\u20198,2% del totale delle esportazioni mondiali (+12,2% rispetto al 2020).<\/li><li>Siamo il primo Paese al mondo per valore dell\u2019export di piastrelle in ceramica (\u20ac5,24 mld), seguito da Cina (\u20ac3,47 mld), Spagna (\u20ac2,90 mld), India (\u20ac1,30 mld) e Turchia (\u20ac731 mln), detenendo il 31% del valore delle esportazioni totali.<\/li><li>Siamo leader mondiale nel legno- arredo grazie alla sostenibilit\u00e0.<\/li><li>L\u2019Italia \u00e8 seconda al mondo per valore dell\u2019export nel settore occhiali (\u20ac3,93 mld) dopo la Cina (\u20ac4,41 mld). La produzione, destinata per oltre il 90% alle esportazioni, ha segnato nel 2021 un +4,5% sul 2019.&nbsp; L\u2019Italia \u00e8 prima al mondo per esportazioni e produzione di occhiali da sole e montature nella fascia alta di prodotto, con una quota di mercato che supera il 70%.<\/li><li><\/li><\/ul>\n\n\n\n<div style=\"height:20px\" aria-hidden=\"true\" class=\"wp-block-spacer\"><\/div>\n\n\n\n<div class=\"wp-block-button aligncenter\"><a class=\"wp-block-button__link has-background has-vivid-cyan-blue-background-color\" href=\"https:\/\/www.italcamara-es.com\/wp-content\/uploads\/2022\/06\/ricerca_49988.pdf\">Scarica il documento di presentazione &#8220;l&#8217;Italia in 10 selfie&#8221;<\/a><\/div>\n\n\n\n<p><\/p>\n","protected":false},"excerpt":{"rendered":"<p>L\u2019Italia dei 10 selfie 2022 fotografa come ogni anno, attraverso dati selezionati dai principali rapporti della Fondazione Symbola e da quelli di una selezionata rete di partner associativi dieci punti di forza del Belpaese. Il dossier \u00e8 realizzato in collaborazione con Unioncamere ed Assocamerestero, con il Patrocinio del Ministero degli Affari Esteri e della Cooperazione [&hellip;]<\/p>\n","protected":false},"author":1,"featured_media":53933,"comment_status":"open","ping_status":"open","sticky":false,"template":"","format":"standard","meta":{"inline_featured_image":false,"ocean_post_layout":"","ocean_both_sidebars_style":"","ocean_both_sidebars_content_width":0,"ocean_both_sidebars_sidebars_width":0,"ocean_sidebar":"","ocean_second_sidebar":"","ocean_disable_margins":"enable","ocean_add_body_class":"","ocean_shortcode_before_top_bar":"","ocean_shortcode_after_top_bar":"","ocean_shortcode_before_header":"","ocean_shortcode_after_header":"","ocean_has_shortcode":"","ocean_shortcode_after_title":"","ocean_shortcode_before_footer_widgets":"","ocean_shortcode_after_footer_widgets":"","ocean_shortcode_before_footer_bottom":"","ocean_shortcode_after_footer_bottom":"","ocean_display_top_bar":"default","ocean_display_header":"default","ocean_header_style":"","ocean_center_header_left_menu":"","ocean_custom_header_template":"","ocean_custom_logo":0,"ocean_custom_retina_logo":0,"ocean_custom_logo_max_width":0,"ocean_custom_logo_tablet_max_width":0,"ocean_custom_logo_mobile_max_width":0,"ocean_custom_logo_max_height":0,"ocean_custom_logo_tablet_max_height":0,"ocean_custom_logo_mobile_max_height":0,"ocean_header_custom_menu":"","ocean_menu_typo_font_family":"","ocean_menu_typo_font_subset":"","ocean_menu_typo_font_size":0,"ocean_menu_typo_font_size_tablet":0,"ocean_menu_typo_font_size_mobile":0,"ocean_menu_typo_font_size_unit":"px","ocean_menu_typo_font_weight":"","ocean_menu_typo_font_weight_tablet":"","ocean_menu_typo_font_weight_mobile":"","ocean_menu_typo_transform":"","ocean_menu_typo_transform_tablet":"","ocean_menu_typo_transform_mobile":"","ocean_menu_typo_line_height":0,"ocean_menu_typo_line_height_tablet":0,"ocean_menu_typo_line_height_mobile":0,"ocean_menu_typo_line_height_unit":"","ocean_menu_typo_spacing":0,"ocean_menu_typo_spacing_tablet":0,"ocean_menu_typo_spacing_mobile":0,"ocean_menu_typo_spacing_unit":"","ocean_menu_link_color":"","ocean_menu_link_color_hover":"","ocean_menu_link_color_active":"","ocean_menu_link_background":"","ocean_menu_link_hover_background":"","ocean_menu_link_active_background":"","ocean_menu_social_links_bg":"","ocean_menu_social_hover_links_bg":"","ocean_menu_social_links_color":"","ocean_menu_social_hover_links_color":"","ocean_disable_title":"default","ocean_disable_heading":"default","ocean_post_title":"","ocean_post_subheading":"","ocean_post_title_style":"","ocean_post_title_background_color":"","ocean_post_title_background":0,"ocean_post_title_bg_image_position":"","ocean_post_title_bg_image_attachment":"","ocean_post_title_bg_image_repeat":"","ocean_post_title_bg_image_size":"","ocean_post_title_height":0,"ocean_post_title_bg_overlay":0.5,"ocean_post_title_bg_overlay_color":"","ocean_disable_breadcrumbs":"default","ocean_breadcrumbs_color":"","ocean_breadcrumbs_separator_color":"","ocean_breadcrumbs_links_color":"","ocean_breadcrumbs_links_hover_color":"","ocean_display_footer_widgets":"default","ocean_display_footer_bottom":"default","ocean_custom_footer_template":"","ocean_post_oembed":"","ocean_post_self_hosted_media":"","ocean_post_video_embed":"","ocean_link_format":"","ocean_link_format_target":"self","ocean_quote_format":"","ocean_quote_format_link":"post","ocean_gallery_link_images":"on","ocean_gallery_id":[],"footnotes":""},"categories":[133],"tags":[138],"class_list":["post-56753","post","type-post","status-publish","format-standard","has-post-thumbnail","hentry","category-notizie","tag-notizie-di-mercato","entry","has-media"],"yoast_head":"<!-- This site is optimized with the Yoast SEO plugin v27.4 - https:\/\/yoast.com\/product\/yoast-seo-wordpress\/ -->\n<title>L&#039;Italia in 10 selfie 2022 - Italcamara<\/title>\n<meta name=\"robots\" content=\"index, follow, max-snippet:-1, max-image-preview:large, max-video-preview:-1\" \/>\n<link rel=\"canonical\" href=\"https:\/\/italcamara-es.com\/it\/notizie\/litalia-in-10-selfie-2022\/\" \/>\n<meta property=\"og:locale\" content=\"it_IT\" \/>\n<meta property=\"og:type\" content=\"article\" \/>\n<meta property=\"og:title\" content=\"L&#039;Italia in 10 selfie 2022 - Italcamara\" \/>\n<meta property=\"og:description\" content=\"L\u2019Italia dei 10 selfie 2022 fotografa come ogni anno, attraverso dati selezionati dai principali rapporti della Fondazione Symbola e da quelli di una selezionata rete di partner associativi dieci punti di forza del Belpaese. Il dossier \u00e8 realizzato in collaborazione con Unioncamere ed Assocamerestero, con il Patrocinio del Ministero degli Affari Esteri e della Cooperazione [&hellip;]\" \/>\n<meta property=\"og:url\" content=\"https:\/\/italcamara-es.com\/it\/notizie\/litalia-in-10-selfie-2022\/\" \/>\n<meta property=\"og:site_name\" content=\"Italcamara\" \/>\n<meta property=\"article:published_time\" content=\"2022-06-13T10:49:47+00:00\" \/>\n<meta property=\"og:image\" content=\"https:\/\/italcamara-es.com\/wp-content\/uploads\/2025\/03\/Italia-10-selfie-500.jpg\" \/>\n\t<meta property=\"og:image:width\" content=\"500\" \/>\n\t<meta property=\"og:image:height\" content=\"280\" \/>\n\t<meta property=\"og:image:type\" content=\"image\/jpeg\" \/>\n<meta name=\"author\" content=\"administrador\" \/>\n<meta name=\"twitter:card\" content=\"summary_large_image\" \/>\n<meta name=\"twitter:label1\" content=\"Scritto da\" \/>\n\t<meta name=\"twitter:data1\" content=\"administrador\" \/>\n\t<meta name=\"twitter:label2\" content=\"Tempo di lettura stimato\" \/>\n\t<meta name=\"twitter:data2\" content=\"4 minuti\" \/>\n<script type=\"application\/ld+json\" class=\"yoast-schema-graph\">{\"@context\":\"https:\\\/\\\/schema.org\",\"@graph\":[{\"@type\":\"Article\",\"@id\":\"https:\\\/\\\/italcamara-es.com\\\/it\\\/notizie\\\/litalia-in-10-selfie-2022\\\/#article\",\"isPartOf\":{\"@id\":\"https:\\\/\\\/italcamara-es.com\\\/it\\\/notizie\\\/litalia-in-10-selfie-2022\\\/\"},\"author\":{\"name\":\"administrador\",\"@id\":\"https:\\\/\\\/italcamara-es.com\\\/#\\\/schema\\\/person\\\/bb3c56263e405bbd9a15171dcfee93bb\"},\"headline\":\"L&#8217;Italia in 10 selfie 2022\",\"datePublished\":\"2022-06-13T10:49:47+00:00\",\"mainEntityOfPage\":{\"@id\":\"https:\\\/\\\/italcamara-es.com\\\/it\\\/notizie\\\/litalia-in-10-selfie-2022\\\/\"},\"wordCount\":744,\"commentCount\":0,\"image\":{\"@id\":\"https:\\\/\\\/italcamara-es.com\\\/it\\\/notizie\\\/litalia-in-10-selfie-2022\\\/#primaryimage\"},\"thumbnailUrl\":\"https:\\\/\\\/italcamara-es.com\\\/wp-content\\\/uploads\\\/2025\\\/03\\\/Italia-10-selfie-500.jpg\",\"keywords\":[\"Notizie di Mercato\"],\"articleSection\":[\"Notizie\"],\"inLanguage\":\"it-IT\",\"potentialAction\":[{\"@type\":\"CommentAction\",\"name\":\"Comment\",\"target\":[\"https:\\\/\\\/italcamara-es.com\\\/it\\\/notizie\\\/litalia-in-10-selfie-2022\\\/#respond\"]}]},{\"@type\":\"WebPage\",\"@id\":\"https:\\\/\\\/italcamara-es.com\\\/it\\\/notizie\\\/litalia-in-10-selfie-2022\\\/\",\"url\":\"https:\\\/\\\/italcamara-es.com\\\/it\\\/notizie\\\/litalia-in-10-selfie-2022\\\/\",\"name\":\"L'Italia in 10 selfie 2022 - Italcamara\",\"isPartOf\":{\"@id\":\"https:\\\/\\\/italcamara-es.com\\\/#website\"},\"primaryImageOfPage\":{\"@id\":\"https:\\\/\\\/italcamara-es.com\\\/it\\\/notizie\\\/litalia-in-10-selfie-2022\\\/#primaryimage\"},\"image\":{\"@id\":\"https:\\\/\\\/italcamara-es.com\\\/it\\\/notizie\\\/litalia-in-10-selfie-2022\\\/#primaryimage\"},\"thumbnailUrl\":\"https:\\\/\\\/italcamara-es.com\\\/wp-content\\\/uploads\\\/2025\\\/03\\\/Italia-10-selfie-500.jpg\",\"datePublished\":\"2022-06-13T10:49:47+00:00\",\"author\":{\"@id\":\"https:\\\/\\\/italcamara-es.com\\\/#\\\/schema\\\/person\\\/bb3c56263e405bbd9a15171dcfee93bb\"},\"breadcrumb\":{\"@id\":\"https:\\\/\\\/italcamara-es.com\\\/it\\\/notizie\\\/litalia-in-10-selfie-2022\\\/#breadcrumb\"},\"inLanguage\":\"it-IT\",\"potentialAction\":[{\"@type\":\"ReadAction\",\"target\":[\"https:\\\/\\\/italcamara-es.com\\\/it\\\/notizie\\\/litalia-in-10-selfie-2022\\\/\"]}]},{\"@type\":\"ImageObject\",\"inLanguage\":\"it-IT\",\"@id\":\"https:\\\/\\\/italcamara-es.com\\\/it\\\/notizie\\\/litalia-in-10-selfie-2022\\\/#primaryimage\",\"url\":\"https:\\\/\\\/italcamara-es.com\\\/wp-content\\\/uploads\\\/2025\\\/03\\\/Italia-10-selfie-500.jpg\",\"contentUrl\":\"https:\\\/\\\/italcamara-es.com\\\/wp-content\\\/uploads\\\/2025\\\/03\\\/Italia-10-selfie-500.jpg\",\"width\":500,\"height\":280},{\"@type\":\"BreadcrumbList\",\"@id\":\"https:\\\/\\\/italcamara-es.com\\\/it\\\/notizie\\\/litalia-in-10-selfie-2022\\\/#breadcrumb\",\"itemListElement\":[{\"@type\":\"ListItem\",\"position\":1,\"name\":\"Inicio\",\"item\":\"https:\\\/\\\/italcamara-es.com\\\/it\\\/homepage-ita\\\/\"},{\"@type\":\"ListItem\",\"position\":2,\"name\":\"L&#8217;Italia in 10 selfie 2022\"}]},{\"@type\":\"WebSite\",\"@id\":\"https:\\\/\\\/italcamara-es.com\\\/#website\",\"url\":\"https:\\\/\\\/italcamara-es.com\\\/\",\"name\":\"Italcamara\",\"description\":\"\",\"potentialAction\":[{\"@type\":\"SearchAction\",\"target\":{\"@type\":\"EntryPoint\",\"urlTemplate\":\"https:\\\/\\\/italcamara-es.com\\\/?s={search_term_string}\"},\"query-input\":{\"@type\":\"PropertyValueSpecification\",\"valueRequired\":true,\"valueName\":\"search_term_string\"}}],\"inLanguage\":\"it-IT\"},{\"@type\":\"Person\",\"@id\":\"https:\\\/\\\/italcamara-es.com\\\/#\\\/schema\\\/person\\\/bb3c56263e405bbd9a15171dcfee93bb\",\"name\":\"administrador\",\"image\":{\"@type\":\"ImageObject\",\"inLanguage\":\"it-IT\",\"@id\":\"https:\\\/\\\/secure.gravatar.com\\\/avatar\\\/14b5e63db38320b12031bb28cf9f77e210aa71fb3a8a3602a3c9a05134fa75eb?s=96&d=mm&r=g\",\"url\":\"https:\\\/\\\/secure.gravatar.com\\\/avatar\\\/14b5e63db38320b12031bb28cf9f77e210aa71fb3a8a3602a3c9a05134fa75eb?s=96&d=mm&r=g\",\"contentUrl\":\"https:\\\/\\\/secure.gravatar.com\\\/avatar\\\/14b5e63db38320b12031bb28cf9f77e210aa71fb3a8a3602a3c9a05134fa75eb?s=96&d=mm&r=g\",\"caption\":\"administrador\"},\"sameAs\":[\"http:\\\/\\\/pre.italcamara-es.com\"],\"url\":\"https:\\\/\\\/italcamara-es.com\\\/it\\\/author\\\/administrador\\\/\"}]}<\/script>\n<!-- \/ Yoast SEO plugin. -->","yoast_head_json":{"title":"L'Italia in 10 selfie 2022 - Italcamara","robots":{"index":"index","follow":"follow","max-snippet":"max-snippet:-1","max-image-preview":"max-image-preview:large","max-video-preview":"max-video-preview:-1"},"canonical":"https:\/\/italcamara-es.com\/it\/notizie\/litalia-in-10-selfie-2022\/","og_locale":"it_IT","og_type":"article","og_title":"L'Italia in 10 selfie 2022 - Italcamara","og_description":"L\u2019Italia dei 10 selfie 2022 fotografa come ogni anno, attraverso dati selezionati dai principali rapporti della Fondazione Symbola e da quelli di una selezionata rete di partner associativi dieci punti di forza del Belpaese. Il dossier \u00e8 realizzato in collaborazione con Unioncamere ed Assocamerestero, con il Patrocinio del Ministero degli Affari Esteri e della Cooperazione [&hellip;]","og_url":"https:\/\/italcamara-es.com\/it\/notizie\/litalia-in-10-selfie-2022\/","og_site_name":"Italcamara","article_published_time":"2022-06-13T10:49:47+00:00","og_image":[{"width":500,"height":280,"url":"https:\/\/italcamara-es.com\/wp-content\/uploads\/2025\/03\/Italia-10-selfie-500.jpg","type":"image\/jpeg"}],"author":"administrador","twitter_card":"summary_large_image","twitter_misc":{"Scritto da":"administrador","Tempo di lettura stimato":"4 minuti"},"schema":{"@context":"https:\/\/schema.org","@graph":[{"@type":"Article","@id":"https:\/\/italcamara-es.com\/it\/notizie\/litalia-in-10-selfie-2022\/#article","isPartOf":{"@id":"https:\/\/italcamara-es.com\/it\/notizie\/litalia-in-10-selfie-2022\/"},"author":{"name":"administrador","@id":"https:\/\/italcamara-es.com\/#\/schema\/person\/bb3c56263e405bbd9a15171dcfee93bb"},"headline":"L&#8217;Italia in 10 selfie 2022","datePublished":"2022-06-13T10:49:47+00:00","mainEntityOfPage":{"@id":"https:\/\/italcamara-es.com\/it\/notizie\/litalia-in-10-selfie-2022\/"},"wordCount":744,"commentCount":0,"image":{"@id":"https:\/\/italcamara-es.com\/it\/notizie\/litalia-in-10-selfie-2022\/#primaryimage"},"thumbnailUrl":"https:\/\/italcamara-es.com\/wp-content\/uploads\/2025\/03\/Italia-10-selfie-500.jpg","keywords":["Notizie di Mercato"],"articleSection":["Notizie"],"inLanguage":"it-IT","potentialAction":[{"@type":"CommentAction","name":"Comment","target":["https:\/\/italcamara-es.com\/it\/notizie\/litalia-in-10-selfie-2022\/#respond"]}]},{"@type":"WebPage","@id":"https:\/\/italcamara-es.com\/it\/notizie\/litalia-in-10-selfie-2022\/","url":"https:\/\/italcamara-es.com\/it\/notizie\/litalia-in-10-selfie-2022\/","name":"L'Italia in 10 selfie 2022 - Italcamara","isPartOf":{"@id":"https:\/\/italcamara-es.com\/#website"},"primaryImageOfPage":{"@id":"https:\/\/italcamara-es.com\/it\/notizie\/litalia-in-10-selfie-2022\/#primaryimage"},"image":{"@id":"https:\/\/italcamara-es.com\/it\/notizie\/litalia-in-10-selfie-2022\/#primaryimage"},"thumbnailUrl":"https:\/\/italcamara-es.com\/wp-content\/uploads\/2025\/03\/Italia-10-selfie-500.jpg","datePublished":"2022-06-13T10:49:47+00:00","author":{"@id":"https:\/\/italcamara-es.com\/#\/schema\/person\/bb3c56263e405bbd9a15171dcfee93bb"},"breadcrumb":{"@id":"https:\/\/italcamara-es.com\/it\/notizie\/litalia-in-10-selfie-2022\/#breadcrumb"},"inLanguage":"it-IT","potentialAction":[{"@type":"ReadAction","target":["https:\/\/italcamara-es.com\/it\/notizie\/litalia-in-10-selfie-2022\/"]}]},{"@type":"ImageObject","inLanguage":"it-IT","@id":"https:\/\/italcamara-es.com\/it\/notizie\/litalia-in-10-selfie-2022\/#primaryimage","url":"https:\/\/italcamara-es.com\/wp-content\/uploads\/2025\/03\/Italia-10-selfie-500.jpg","contentUrl":"https:\/\/italcamara-es.com\/wp-content\/uploads\/2025\/03\/Italia-10-selfie-500.jpg","width":500,"height":280},{"@type":"BreadcrumbList","@id":"https:\/\/italcamara-es.com\/it\/notizie\/litalia-in-10-selfie-2022\/#breadcrumb","itemListElement":[{"@type":"ListItem","position":1,"name":"Inicio","item":"https:\/\/italcamara-es.com\/it\/homepage-ita\/"},{"@type":"ListItem","position":2,"name":"L&#8217;Italia in 10 selfie 2022"}]},{"@type":"WebSite","@id":"https:\/\/italcamara-es.com\/#website","url":"https:\/\/italcamara-es.com\/","name":"Italcamara","description":"","potentialAction":[{"@type":"SearchAction","target":{"@type":"EntryPoint","urlTemplate":"https:\/\/italcamara-es.com\/?s={search_term_string}"},"query-input":{"@type":"PropertyValueSpecification","valueRequired":true,"valueName":"search_term_string"}}],"inLanguage":"it-IT"},{"@type":"Person","@id":"https:\/\/italcamara-es.com\/#\/schema\/person\/bb3c56263e405bbd9a15171dcfee93bb","name":"administrador","image":{"@type":"ImageObject","inLanguage":"it-IT","@id":"https:\/\/secure.gravatar.com\/avatar\/14b5e63db38320b12031bb28cf9f77e210aa71fb3a8a3602a3c9a05134fa75eb?s=96&d=mm&r=g","url":"https:\/\/secure.gravatar.com\/avatar\/14b5e63db38320b12031bb28cf9f77e210aa71fb3a8a3602a3c9a05134fa75eb?s=96&d=mm&r=g","contentUrl":"https:\/\/secure.gravatar.com\/avatar\/14b5e63db38320b12031bb28cf9f77e210aa71fb3a8a3602a3c9a05134fa75eb?s=96&d=mm&r=g","caption":"administrador"},"sameAs":["http:\/\/pre.italcamara-es.com"],"url":"https:\/\/italcamara-es.com\/it\/author\/administrador\/"}]}},"rttpg_featured_image_url":{"full":["https:\/\/italcamara-es.com\/wp-content\/uploads\/2025\/03\/Italia-10-selfie-500.jpg",500,280,false],"landscape":["https:\/\/italcamara-es.com\/wp-content\/uploads\/2025\/03\/Italia-10-selfie-500.jpg",500,280,false],"portraits":["https:\/\/italcamara-es.com\/wp-content\/uploads\/2025\/03\/Italia-10-selfie-500.jpg",500,280,false],"thumbnail":["https:\/\/italcamara-es.com\/wp-content\/uploads\/2025\/03\/Italia-10-selfie-500-150x150.jpg",150,150,true],"medium":["https:\/\/italcamara-es.com\/wp-content\/uploads\/2025\/03\/Italia-10-selfie-500-300x168.jpg",300,168,true],"large":["https:\/\/italcamara-es.com\/wp-content\/uploads\/2025\/03\/Italia-10-selfie-500.jpg",500,280,false],"1536x1536":["https:\/\/italcamara-es.com\/wp-content\/uploads\/2025\/03\/Italia-10-selfie-500.jpg",500,280,false],"2048x2048":["https:\/\/italcamara-es.com\/wp-content\/uploads\/2025\/03\/Italia-10-selfie-500.jpg",500,280,false],"ocean-thumb-m":["https:\/\/italcamara-es.com\/wp-content\/uploads\/2025\/03\/Italia-10-selfie-500.jpg",500,280,false],"ocean-thumb-ml":["https:\/\/italcamara-es.com\/wp-content\/uploads\/2025\/03\/Italia-10-selfie-500.jpg",500,280,false],"ocean-thumb-l":["https:\/\/italcamara-es.com\/wp-content\/uploads\/2025\/03\/Italia-10-selfie-500.jpg",500,280,false],"directorist_preview":["https:\/\/italcamara-es.com\/wp-content\/uploads\/2025\/03\/Italia-10-selfie-500.jpg",500,280,false]},"rttpg_author":{"display_name":"administrador","author_link":"https:\/\/italcamara-es.com\/it\/author\/administrador\/"},"rttpg_comment":0,"rttpg_category":"<a href=\"https:\/\/italcamara-es.com\/it\/category\/notizie\/\" rel=\"category tag\">Notizie<\/a>","rttpg_excerpt":"L\u2019Italia dei 10 selfie 2022 fotografa come ogni anno, attraverso dati selezionati dai principali rapporti della Fondazione Symbola e da quelli di una selezionata rete di partner associativi dieci punti di forza del Belpaese. Il dossier \u00e8 realizzato in collaborazione con Unioncamere ed Assocamerestero, con il Patrocinio del Ministero degli Affari Esteri e della Cooperazione&hellip;","_links":{"self":[{"href":"https:\/\/italcamara-es.com\/it\/wp-json\/wp\/v2\/posts\/56753","targetHints":{"allow":["GET"]}}],"collection":[{"href":"https:\/\/italcamara-es.com\/it\/wp-json\/wp\/v2\/posts"}],"about":[{"href":"https:\/\/italcamara-es.com\/it\/wp-json\/wp\/v2\/types\/post"}],"author":[{"embeddable":true,"href":"https:\/\/italcamara-es.com\/it\/wp-json\/wp\/v2\/users\/1"}],"replies":[{"embeddable":true,"href":"https:\/\/italcamara-es.com\/it\/wp-json\/wp\/v2\/comments?post=56753"}],"version-history":[{"count":0,"href":"https:\/\/italcamara-es.com\/it\/wp-json\/wp\/v2\/posts\/56753\/revisions"}],"wp:featuredmedia":[{"embeddable":true,"href":"https:\/\/italcamara-es.com\/it\/wp-json\/wp\/v2\/media\/53933"}],"wp:attachment":[{"href":"https:\/\/italcamara-es.com\/it\/wp-json\/wp\/v2\/media?parent=56753"}],"wp:term":[{"taxonomy":"category","embeddable":true,"href":"https:\/\/italcamara-es.com\/it\/wp-json\/wp\/v2\/categories?post=56753"},{"taxonomy":"post_tag","embeddable":true,"href":"https:\/\/italcamara-es.com\/it\/wp-json\/wp\/v2\/tags?post=56753"}],"curies":[{"name":"wp","href":"https:\/\/api.w.org\/{rel}","templated":true}]}}