	{"id":56765,"date":"2022-11-10T13:05:01","date_gmt":"2022-11-10T12:05:01","guid":{"rendered":"http:\/\/pre.italcamara-es.com\/senza-categoria\/il-traffico-portuale-spagnolo-prevede-una-chiusura-desercizio-record\/"},"modified":"2022-11-10T13:05:01","modified_gmt":"2022-11-10T12:05:01","slug":"il-traffico-portuale-spagnolo-prevede-una-chiusura-desercizio-record","status":"publish","type":"post","link":"https:\/\/italcamara-es.com\/it\/notizie\/il-traffico-portuale-spagnolo-prevede-una-chiusura-desercizio-record\/","title":{"rendered":"Il traffico portuale spagnolo prevede una chiusura d&#8217;esercizio record"},"content":{"rendered":"\n<p>Il <strong>traffico totale dei 46 porti di interesse generale della Spagna<\/strong>, <strong>ha raggiunto <\/strong>nei primi nove mesi dell&#8217;anno<strong> 425.366.644 tonnellate<\/strong>, con <strong>un aumento del 5%<\/strong> <strong>rispetto allo stesso periodo del 2021<\/strong>. Rispetto all&#8217;ultimo anno record, il 2019, il traffico portuale di merci \u00e8 pressoch\u00e9 pari a una differenza di solo -0,64% (2,7 milioni di tonnellate). In questo modo, quasi la met\u00e0 delle Autorit\u00e0 Portuali (A Coru\u00f1a, Alicante, Baia di Cadice, Barcellona, Cartagena, Castell\u00f3n, Gij\u00f3n, Las Palmas, Malaga, Pasaia, Valencia, Vigo e Vilagarc\u00eda) hanno gi\u00e0 superato i record del 2019.<\/p>\n<p>In vista della chiusura dell&#8217;esercizio 2022, il traffico annuale degli ultimi dodici mesi ha gi\u00e0 superato i dati del 2019 con una media superiore a 564,5 milioni di tonnellate, <strong>prevedendo una chiusura di esercizio record.<\/strong><\/p>\n<p>Per volume di traffico e forma di presentazione, la merce generale, con 208,1 milioni di tonnellate, assorbe oltre il 50% del totale, e la merce generale in container, con 144,5 milioni di tonnellate, rappresenta circa il 70%. Tuttavia, la merce generale convenzionale, con 63,6 milioni di tonnellate, continua a crescere con forza (+9,7%), spinta dall&#8217;aumento di prodotti come legno e sughero (+17%) e minerali (+13%).<\/p>\n<p>Le <strong>rinfuse liquide<\/strong>, il secondo gruppo di merci pi\u00f9 voluminoso con 136,4 milioni di tonnellate, sono cresciute del +8% grazie al forte aumento (+53%) del movimento del gas naturale, arrivando a superare i 16,5 milioni di tonnellate nei primi nove mesi dell&#8217;anno. Anche altri prodotti come la benzina (+16%) e il petrolio greggio (+15,5%) hanno contribuito a sostenere questa crescita.<\/p>\n<p>Le <strong>rinfuse solide<\/strong>, con 69,5 milioni di tonnellate, sono state le merci che hanno registrato il maggior incremento (+10,1%), dovuto soprattutto al l&#8217;aumento del movimento del carbone (+64%) che ha superato i 13,3 milioni di tonnellate, e i cereali e le loro farine (+31,5%) con 10,7 milioni di tonnellate.<\/p>\n<p>Il<strong> traffico RO-RO<\/strong>, veicoli commerciali carichi di merci che si imbarcano, \u00e8 cresciuto del +11,3% superando i 53,7 milioni di tonnellate.<\/p>\n<p>Il <strong>movimento dei container<\/strong>, il formato maggiormente utilizzato per il movimento della merce generale, ha superato i 13,2 milioni di TEUs (container da venti piedi). Questa modalit\u00e0 ha mantenuto un buon ritmo nell&#8217;import\/export (+3,2%), bilanciando la perdita di traffico in transito (-4%).<\/p>\n<p>La <strong>ripresa del traffico passeggeri<\/strong> \u00e8 stata spettacolare in questi ultimi mesi. I 25,4 milioni di passeggeri registrati nei primi nove mesi del 2022 rappresentano oltre l&#8217;85% dei passeggeri che si sono spostati negli stessi mesi del 2019. Sia i passeggeri di linea, oltre 20 milioni di persone, sia i 5,3 milioni di crocieristi, stanno progressivamente recuperando i livelli prepandemiali.<\/p>\n<p>Il numero di navi in transito nei porti \u00e8 salito a 119.200 unit\u00e0, con un aumento del +14,3% rispetto al 2021. Sebbene tale cifra sia inferiore del 10% a quella registrata nel 2019, le unit\u00e0 di stazza lorda (GRT) delle navi nel 2022 superano di 56,6 milioni di unit\u00e0 quelle di quell&#8217;anno, il che conferma la maggiore dimensione delle navi attualmente.<\/p>\n<p>Fonte: <em>www.monedaunica.net<\/em><\/p>\n\n\n","protected":false},"excerpt":{"rendered":"","protected":false},"author":1,"featured_media":53953,"comment_status":"open","ping_status":"open","sticky":false,"template":"","format":"standard","meta":{"inline_featured_image":false,"ocean_post_layout":"","ocean_both_sidebars_style":"","ocean_both_sidebars_content_width":0,"ocean_both_sidebars_sidebars_width":0,"ocean_sidebar":"","ocean_second_sidebar":"","ocean_disable_margins":"enable","ocean_add_body_class":"","ocean_shortcode_before_top_bar":"","ocean_shortcode_after_top_bar":"","ocean_shortcode_before_header":"","ocean_shortcode_after_header":"","ocean_has_shortcode":"","ocean_shortcode_after_title":"","ocean_shortcode_before_footer_widgets":"","ocean_shortcode_after_footer_widgets":"","ocean_shortcode_before_footer_bottom":"","ocean_shortcode_after_footer_bottom":"","ocean_display_top_bar":"default","ocean_display_header":"default","ocean_header_style":"","ocean_center_header_left_menu":"","ocean_custom_header_template":"","ocean_custom_logo":0,"ocean_custom_retina_logo":0,"ocean_custom_logo_max_width":0,"ocean_custom_logo_tablet_max_width":0,"ocean_custom_logo_mobile_max_width":0,"ocean_custom_logo_max_height":0,"ocean_custom_logo_tablet_max_height":0,"ocean_custom_logo_mobile_max_height":0,"ocean_header_custom_menu":"","ocean_menu_typo_font_family":"","ocean_menu_typo_font_subset":"","ocean_menu_typo_font_size":0,"ocean_menu_typo_font_size_tablet":0,"ocean_menu_typo_font_size_mobile":0,"ocean_menu_typo_font_size_unit":"px","ocean_menu_typo_font_weight":"","ocean_menu_typo_font_weight_tablet":"","ocean_menu_typo_font_weight_mobile":"","ocean_menu_typo_transform":"","ocean_menu_typo_transform_tablet":"","ocean_menu_typo_transform_mobile":"","ocean_menu_typo_line_height":0,"ocean_menu_typo_line_height_tablet":0,"ocean_menu_typo_line_height_mobile":0,"ocean_menu_typo_line_height_unit":"","ocean_menu_typo_spacing":0,"ocean_menu_typo_spacing_tablet":0,"ocean_menu_typo_spacing_mobile":0,"ocean_menu_typo_spacing_unit":"","ocean_menu_link_color":"","ocean_menu_link_color_hover":"","ocean_menu_link_color_active":"","ocean_menu_link_background":"","ocean_menu_link_hover_background":"","ocean_menu_link_active_background":"","ocean_menu_social_links_bg":"","ocean_menu_social_hover_links_bg":"","ocean_menu_social_links_color":"","ocean_menu_social_hover_links_color":"","ocean_disable_title":"default","ocean_disable_heading":"default","ocean_post_title":"","ocean_post_subheading":"","ocean_post_title_style":"","ocean_post_title_background_color":"","ocean_post_title_background":0,"ocean_post_title_bg_image_position":"","ocean_post_title_bg_image_attachment":"","ocean_post_title_bg_image_repeat":"","ocean_post_title_bg_image_size":"","ocean_post_title_height":0,"ocean_post_title_bg_overlay":0.5,"ocean_post_title_bg_overlay_color":"","ocean_disable_breadcrumbs":"default","ocean_breadcrumbs_color":"","ocean_breadcrumbs_separator_color":"","ocean_breadcrumbs_links_color":"","ocean_breadcrumbs_links_hover_color":"","ocean_display_footer_widgets":"default","ocean_display_footer_bottom":"default","ocean_custom_footer_template":"","ocean_post_oembed":"","ocean_post_self_hosted_media":"","ocean_post_video_embed":"","ocean_link_format":"","ocean_link_format_target":"self","ocean_quote_format":"","ocean_quote_format_link":"post","ocean_gallery_link_images":"on","ocean_gallery_id":[],"footnotes":""},"categories":[133],"tags":[138],"class_list":["post-56765","post","type-post","status-publish","format-standard","has-post-thumbnail","hentry","category-notizie","tag-notizie-di-mercato","entry","has-media"],"yoast_head":"<!-- This site is optimized with the Yoast SEO plugin v27.4 - https:\/\/yoast.com\/product\/yoast-seo-wordpress\/ -->\n<title>Il traffico portuale spagnolo prevede una chiusura d&#039;esercizio record - Italcamara<\/title>\n<meta name=\"robots\" content=\"index, follow, max-snippet:-1, max-image-preview:large, max-video-preview:-1\" \/>\n<link rel=\"canonical\" href=\"https:\/\/italcamara-es.com\/it\/notizie\/il-traffico-portuale-spagnolo-prevede-una-chiusura-desercizio-record\/\" \/>\n<meta property=\"og:locale\" content=\"it_IT\" \/>\n<meta property=\"og:type\" content=\"article\" \/>\n<meta property=\"og:title\" content=\"Il traffico portuale spagnolo prevede una chiusura d&#039;esercizio record - Italcamara\" \/>\n<meta property=\"og:url\" content=\"https:\/\/italcamara-es.com\/it\/notizie\/il-traffico-portuale-spagnolo-prevede-una-chiusura-desercizio-record\/\" \/>\n<meta property=\"og:site_name\" content=\"Italcamara\" \/>\n<meta property=\"article:published_time\" content=\"2022-11-10T12:05:01+00:00\" \/>\n<meta property=\"og:image\" content=\"https:\/\/italcamara-es.com\/wp-content\/uploads\/2025\/03\/puertos-500-2.jpg\" \/>\n\t<meta property=\"og:image:width\" content=\"500\" \/>\n\t<meta property=\"og:image:height\" content=\"280\" \/>\n\t<meta property=\"og:image:type\" content=\"image\/jpeg\" \/>\n<meta name=\"author\" content=\"administrador\" \/>\n<meta name=\"twitter:card\" content=\"summary_large_image\" \/>\n<meta name=\"twitter:label1\" content=\"Scritto da\" \/>\n\t<meta name=\"twitter:data1\" content=\"administrador\" \/>\n\t<meta name=\"twitter:label2\" content=\"Tempo di lettura stimato\" \/>\n\t<meta name=\"twitter:data2\" content=\"2 minuti\" \/>\n<script type=\"application\/ld+json\" class=\"yoast-schema-graph\">{\"@context\":\"https:\\\/\\\/schema.org\",\"@graph\":[{\"@type\":\"Article\",\"@id\":\"https:\\\/\\\/italcamara-es.com\\\/it\\\/notizie\\\/il-traffico-portuale-spagnolo-prevede-una-chiusura-desercizio-record\\\/#article\",\"isPartOf\":{\"@id\":\"https:\\\/\\\/italcamara-es.com\\\/it\\\/notizie\\\/il-traffico-portuale-spagnolo-prevede-una-chiusura-desercizio-record\\\/\"},\"author\":{\"name\":\"administrador\",\"@id\":\"https:\\\/\\\/italcamara-es.com\\\/#\\\/schema\\\/person\\\/bb3c56263e405bbd9a15171dcfee93bb\"},\"headline\":\"Il traffico portuale spagnolo prevede una chiusura d&#8217;esercizio record\",\"datePublished\":\"2022-11-10T12:05:01+00:00\",\"mainEntityOfPage\":{\"@id\":\"https:\\\/\\\/italcamara-es.com\\\/it\\\/notizie\\\/il-traffico-portuale-spagnolo-prevede-una-chiusura-desercizio-record\\\/\"},\"wordCount\":459,\"commentCount\":0,\"image\":{\"@id\":\"https:\\\/\\\/italcamara-es.com\\\/it\\\/notizie\\\/il-traffico-portuale-spagnolo-prevede-una-chiusura-desercizio-record\\\/#primaryimage\"},\"thumbnailUrl\":\"https:\\\/\\\/italcamara-es.com\\\/wp-content\\\/uploads\\\/2025\\\/03\\\/puertos-500-2.jpg\",\"keywords\":[\"Notizie di Mercato\"],\"articleSection\":[\"Notizie\"],\"inLanguage\":\"it-IT\",\"potentialAction\":[{\"@type\":\"CommentAction\",\"name\":\"Comment\",\"target\":[\"https:\\\/\\\/italcamara-es.com\\\/it\\\/notizie\\\/il-traffico-portuale-spagnolo-prevede-una-chiusura-desercizio-record\\\/#respond\"]}]},{\"@type\":\"WebPage\",\"@id\":\"https:\\\/\\\/italcamara-es.com\\\/it\\\/notizie\\\/il-traffico-portuale-spagnolo-prevede-una-chiusura-desercizio-record\\\/\",\"url\":\"https:\\\/\\\/italcamara-es.com\\\/it\\\/notizie\\\/il-traffico-portuale-spagnolo-prevede-una-chiusura-desercizio-record\\\/\",\"name\":\"Il traffico portuale spagnolo prevede una chiusura d'esercizio record - Italcamara\",\"isPartOf\":{\"@id\":\"https:\\\/\\\/italcamara-es.com\\\/#website\"},\"primaryImageOfPage\":{\"@id\":\"https:\\\/\\\/italcamara-es.com\\\/it\\\/notizie\\\/il-traffico-portuale-spagnolo-prevede-una-chiusura-desercizio-record\\\/#primaryimage\"},\"image\":{\"@id\":\"https:\\\/\\\/italcamara-es.com\\\/it\\\/notizie\\\/il-traffico-portuale-spagnolo-prevede-una-chiusura-desercizio-record\\\/#primaryimage\"},\"thumbnailUrl\":\"https:\\\/\\\/italcamara-es.com\\\/wp-content\\\/uploads\\\/2025\\\/03\\\/puertos-500-2.jpg\",\"datePublished\":\"2022-11-10T12:05:01+00:00\",\"author\":{\"@id\":\"https:\\\/\\\/italcamara-es.com\\\/#\\\/schema\\\/person\\\/bb3c56263e405bbd9a15171dcfee93bb\"},\"breadcrumb\":{\"@id\":\"https:\\\/\\\/italcamara-es.com\\\/it\\\/notizie\\\/il-traffico-portuale-spagnolo-prevede-una-chiusura-desercizio-record\\\/#breadcrumb\"},\"inLanguage\":\"it-IT\",\"potentialAction\":[{\"@type\":\"ReadAction\",\"target\":[\"https:\\\/\\\/italcamara-es.com\\\/it\\\/notizie\\\/il-traffico-portuale-spagnolo-prevede-una-chiusura-desercizio-record\\\/\"]}]},{\"@type\":\"ImageObject\",\"inLanguage\":\"it-IT\",\"@id\":\"https:\\\/\\\/italcamara-es.com\\\/it\\\/notizie\\\/il-traffico-portuale-spagnolo-prevede-una-chiusura-desercizio-record\\\/#primaryimage\",\"url\":\"https:\\\/\\\/italcamara-es.com\\\/wp-content\\\/uploads\\\/2025\\\/03\\\/puertos-500-2.jpg\",\"contentUrl\":\"https:\\\/\\\/italcamara-es.com\\\/wp-content\\\/uploads\\\/2025\\\/03\\\/puertos-500-2.jpg\",\"width\":500,\"height\":280},{\"@type\":\"BreadcrumbList\",\"@id\":\"https:\\\/\\\/italcamara-es.com\\\/it\\\/notizie\\\/il-traffico-portuale-spagnolo-prevede-una-chiusura-desercizio-record\\\/#breadcrumb\",\"itemListElement\":[{\"@type\":\"ListItem\",\"position\":1,\"name\":\"Inicio\",\"item\":\"https:\\\/\\\/italcamara-es.com\\\/it\\\/homepage-ita\\\/\"},{\"@type\":\"ListItem\",\"position\":2,\"name\":\"Il traffico portuale spagnolo prevede una chiusura d&#8217;esercizio record\"}]},{\"@type\":\"WebSite\",\"@id\":\"https:\\\/\\\/italcamara-es.com\\\/#website\",\"url\":\"https:\\\/\\\/italcamara-es.com\\\/\",\"name\":\"Italcamara\",\"description\":\"\",\"potentialAction\":[{\"@type\":\"SearchAction\",\"target\":{\"@type\":\"EntryPoint\",\"urlTemplate\":\"https:\\\/\\\/italcamara-es.com\\\/?s={search_term_string}\"},\"query-input\":{\"@type\":\"PropertyValueSpecification\",\"valueRequired\":true,\"valueName\":\"search_term_string\"}}],\"inLanguage\":\"it-IT\"},{\"@type\":\"Person\",\"@id\":\"https:\\\/\\\/italcamara-es.com\\\/#\\\/schema\\\/person\\\/bb3c56263e405bbd9a15171dcfee93bb\",\"name\":\"administrador\",\"image\":{\"@type\":\"ImageObject\",\"inLanguage\":\"it-IT\",\"@id\":\"https:\\\/\\\/secure.gravatar.com\\\/avatar\\\/14b5e63db38320b12031bb28cf9f77e210aa71fb3a8a3602a3c9a05134fa75eb?s=96&d=mm&r=g\",\"url\":\"https:\\\/\\\/secure.gravatar.com\\\/avatar\\\/14b5e63db38320b12031bb28cf9f77e210aa71fb3a8a3602a3c9a05134fa75eb?s=96&d=mm&r=g\",\"contentUrl\":\"https:\\\/\\\/secure.gravatar.com\\\/avatar\\\/14b5e63db38320b12031bb28cf9f77e210aa71fb3a8a3602a3c9a05134fa75eb?s=96&d=mm&r=g\",\"caption\":\"administrador\"},\"sameAs\":[\"http:\\\/\\\/pre.italcamara-es.com\"],\"url\":\"https:\\\/\\\/italcamara-es.com\\\/it\\\/author\\\/administrador\\\/\"}]}<\/script>\n<!-- \/ Yoast SEO plugin. -->","yoast_head_json":{"title":"Il traffico portuale spagnolo prevede una chiusura d'esercizio record - Italcamara","robots":{"index":"index","follow":"follow","max-snippet":"max-snippet:-1","max-image-preview":"max-image-preview:large","max-video-preview":"max-video-preview:-1"},"canonical":"https:\/\/italcamara-es.com\/it\/notizie\/il-traffico-portuale-spagnolo-prevede-una-chiusura-desercizio-record\/","og_locale":"it_IT","og_type":"article","og_title":"Il traffico portuale spagnolo prevede una chiusura d'esercizio record - Italcamara","og_url":"https:\/\/italcamara-es.com\/it\/notizie\/il-traffico-portuale-spagnolo-prevede-una-chiusura-desercizio-record\/","og_site_name":"Italcamara","article_published_time":"2022-11-10T12:05:01+00:00","og_image":[{"width":500,"height":280,"url":"https:\/\/italcamara-es.com\/wp-content\/uploads\/2025\/03\/puertos-500-2.jpg","type":"image\/jpeg"}],"author":"administrador","twitter_card":"summary_large_image","twitter_misc":{"Scritto da":"administrador","Tempo di lettura stimato":"2 minuti"},"schema":{"@context":"https:\/\/schema.org","@graph":[{"@type":"Article","@id":"https:\/\/italcamara-es.com\/it\/notizie\/il-traffico-portuale-spagnolo-prevede-una-chiusura-desercizio-record\/#article","isPartOf":{"@id":"https:\/\/italcamara-es.com\/it\/notizie\/il-traffico-portuale-spagnolo-prevede-una-chiusura-desercizio-record\/"},"author":{"name":"administrador","@id":"https:\/\/italcamara-es.com\/#\/schema\/person\/bb3c56263e405bbd9a15171dcfee93bb"},"headline":"Il traffico portuale spagnolo prevede una chiusura d&#8217;esercizio record","datePublished":"2022-11-10T12:05:01+00:00","mainEntityOfPage":{"@id":"https:\/\/italcamara-es.com\/it\/notizie\/il-traffico-portuale-spagnolo-prevede-una-chiusura-desercizio-record\/"},"wordCount":459,"commentCount":0,"image":{"@id":"https:\/\/italcamara-es.com\/it\/notizie\/il-traffico-portuale-spagnolo-prevede-una-chiusura-desercizio-record\/#primaryimage"},"thumbnailUrl":"https:\/\/italcamara-es.com\/wp-content\/uploads\/2025\/03\/puertos-500-2.jpg","keywords":["Notizie di Mercato"],"articleSection":["Notizie"],"inLanguage":"it-IT","potentialAction":[{"@type":"CommentAction","name":"Comment","target":["https:\/\/italcamara-es.com\/it\/notizie\/il-traffico-portuale-spagnolo-prevede-una-chiusura-desercizio-record\/#respond"]}]},{"@type":"WebPage","@id":"https:\/\/italcamara-es.com\/it\/notizie\/il-traffico-portuale-spagnolo-prevede-una-chiusura-desercizio-record\/","url":"https:\/\/italcamara-es.com\/it\/notizie\/il-traffico-portuale-spagnolo-prevede-una-chiusura-desercizio-record\/","name":"Il traffico portuale spagnolo prevede una chiusura d'esercizio record - Italcamara","isPartOf":{"@id":"https:\/\/italcamara-es.com\/#website"},"primaryImageOfPage":{"@id":"https:\/\/italcamara-es.com\/it\/notizie\/il-traffico-portuale-spagnolo-prevede-una-chiusura-desercizio-record\/#primaryimage"},"image":{"@id":"https:\/\/italcamara-es.com\/it\/notizie\/il-traffico-portuale-spagnolo-prevede-una-chiusura-desercizio-record\/#primaryimage"},"thumbnailUrl":"https:\/\/italcamara-es.com\/wp-content\/uploads\/2025\/03\/puertos-500-2.jpg","datePublished":"2022-11-10T12:05:01+00:00","author":{"@id":"https:\/\/italcamara-es.com\/#\/schema\/person\/bb3c56263e405bbd9a15171dcfee93bb"},"breadcrumb":{"@id":"https:\/\/italcamara-es.com\/it\/notizie\/il-traffico-portuale-spagnolo-prevede-una-chiusura-desercizio-record\/#breadcrumb"},"inLanguage":"it-IT","potentialAction":[{"@type":"ReadAction","target":["https:\/\/italcamara-es.com\/it\/notizie\/il-traffico-portuale-spagnolo-prevede-una-chiusura-desercizio-record\/"]}]},{"@type":"ImageObject","inLanguage":"it-IT","@id":"https:\/\/italcamara-es.com\/it\/notizie\/il-traffico-portuale-spagnolo-prevede-una-chiusura-desercizio-record\/#primaryimage","url":"https:\/\/italcamara-es.com\/wp-content\/uploads\/2025\/03\/puertos-500-2.jpg","contentUrl":"https:\/\/italcamara-es.com\/wp-content\/uploads\/2025\/03\/puertos-500-2.jpg","width":500,"height":280},{"@type":"BreadcrumbList","@id":"https:\/\/italcamara-es.com\/it\/notizie\/il-traffico-portuale-spagnolo-prevede-una-chiusura-desercizio-record\/#breadcrumb","itemListElement":[{"@type":"ListItem","position":1,"name":"Inicio","item":"https:\/\/italcamara-es.com\/it\/homepage-ita\/"},{"@type":"ListItem","position":2,"name":"Il traffico portuale spagnolo prevede una chiusura d&#8217;esercizio record"}]},{"@type":"WebSite","@id":"https:\/\/italcamara-es.com\/#website","url":"https:\/\/italcamara-es.com\/","name":"Italcamara","description":"","potentialAction":[{"@type":"SearchAction","target":{"@type":"EntryPoint","urlTemplate":"https:\/\/italcamara-es.com\/?s={search_term_string}"},"query-input":{"@type":"PropertyValueSpecification","valueRequired":true,"valueName":"search_term_string"}}],"inLanguage":"it-IT"},{"@type":"Person","@id":"https:\/\/italcamara-es.com\/#\/schema\/person\/bb3c56263e405bbd9a15171dcfee93bb","name":"administrador","image":{"@type":"ImageObject","inLanguage":"it-IT","@id":"https:\/\/secure.gravatar.com\/avatar\/14b5e63db38320b12031bb28cf9f77e210aa71fb3a8a3602a3c9a05134fa75eb?s=96&d=mm&r=g","url":"https:\/\/secure.gravatar.com\/avatar\/14b5e63db38320b12031bb28cf9f77e210aa71fb3a8a3602a3c9a05134fa75eb?s=96&d=mm&r=g","contentUrl":"https:\/\/secure.gravatar.com\/avatar\/14b5e63db38320b12031bb28cf9f77e210aa71fb3a8a3602a3c9a05134fa75eb?s=96&d=mm&r=g","caption":"administrador"},"sameAs":["http:\/\/pre.italcamara-es.com"],"url":"https:\/\/italcamara-es.com\/it\/author\/administrador\/"}]}},"rttpg_featured_image_url":{"full":["https:\/\/italcamara-es.com\/wp-content\/uploads\/2025\/03\/puertos-500-2.jpg",500,280,false],"landscape":["https:\/\/italcamara-es.com\/wp-content\/uploads\/2025\/03\/puertos-500-2.jpg",500,280,false],"portraits":["https:\/\/italcamara-es.com\/wp-content\/uploads\/2025\/03\/puertos-500-2.jpg",500,280,false],"thumbnail":["https:\/\/italcamara-es.com\/wp-content\/uploads\/2025\/03\/puertos-500-2-150x150.jpg",150,150,true],"medium":["https:\/\/italcamara-es.com\/wp-content\/uploads\/2025\/03\/puertos-500-2-300x168.jpg",300,168,true],"large":["https:\/\/italcamara-es.com\/wp-content\/uploads\/2025\/03\/puertos-500-2.jpg",500,280,false],"1536x1536":["https:\/\/italcamara-es.com\/wp-content\/uploads\/2025\/03\/puertos-500-2.jpg",500,280,false],"2048x2048":["https:\/\/italcamara-es.com\/wp-content\/uploads\/2025\/03\/puertos-500-2.jpg",500,280,false],"ocean-thumb-m":["https:\/\/italcamara-es.com\/wp-content\/uploads\/2025\/03\/puertos-500-2.jpg",500,280,false],"ocean-thumb-ml":["https:\/\/italcamara-es.com\/wp-content\/uploads\/2025\/03\/puertos-500-2.jpg",500,280,false],"ocean-thumb-l":["https:\/\/italcamara-es.com\/wp-content\/uploads\/2025\/03\/puertos-500-2.jpg",500,280,false],"directorist_preview":["https:\/\/italcamara-es.com\/wp-content\/uploads\/2025\/03\/puertos-500-2.jpg",500,280,false]},"rttpg_author":{"display_name":"administrador","author_link":"https:\/\/italcamara-es.com\/it\/author\/administrador\/"},"rttpg_comment":0,"rttpg_category":"<a href=\"https:\/\/italcamara-es.com\/it\/category\/notizie\/\" rel=\"category tag\">Notizie<\/a>","rttpg_excerpt":null,"_links":{"self":[{"href":"https:\/\/italcamara-es.com\/it\/wp-json\/wp\/v2\/posts\/56765","targetHints":{"allow":["GET"]}}],"collection":[{"href":"https:\/\/italcamara-es.com\/it\/wp-json\/wp\/v2\/posts"}],"about":[{"href":"https:\/\/italcamara-es.com\/it\/wp-json\/wp\/v2\/types\/post"}],"author":[{"embeddable":true,"href":"https:\/\/italcamara-es.com\/it\/wp-json\/wp\/v2\/users\/1"}],"replies":[{"embeddable":true,"href":"https:\/\/italcamara-es.com\/it\/wp-json\/wp\/v2\/comments?post=56765"}],"version-history":[{"count":0,"href":"https:\/\/italcamara-es.com\/it\/wp-json\/wp\/v2\/posts\/56765\/revisions"}],"wp:featuredmedia":[{"embeddable":true,"href":"https:\/\/italcamara-es.com\/it\/wp-json\/wp\/v2\/media\/53953"}],"wp:attachment":[{"href":"https:\/\/italcamara-es.com\/it\/wp-json\/wp\/v2\/media?parent=56765"}],"wp:term":[{"taxonomy":"category","embeddable":true,"href":"https:\/\/italcamara-es.com\/it\/wp-json\/wp\/v2\/categories?post=56765"},{"taxonomy":"post_tag","embeddable":true,"href":"https:\/\/italcamara-es.com\/it\/wp-json\/wp\/v2\/tags?post=56765"}],"curies":[{"name":"wp","href":"https:\/\/api.w.org\/{rel}","templated":true}]}}