	{"id":56773,"date":"2022-12-09T10:04:56","date_gmt":"2022-12-09T09:04:56","guid":{"rendered":"http:\/\/pre.italcamara-es.com\/senza-categoria\/dati-positivi-sullexport-di-vino-di-spagna-e-italia\/"},"modified":"2022-12-09T10:04:56","modified_gmt":"2022-12-09T09:04:56","slug":"dati-positivi-sullexport-di-vino-di-spagna-e-italia","status":"publish","type":"post","link":"https:\/\/italcamara-es.com\/it\/notizie\/dati-positivi-sullexport-di-vino-di-spagna-e-italia\/","title":{"rendered":"Dati positivi sull\u2019export di vino di Spagna e Italia"},"content":{"rendered":"\n<p>L&#8217;Osservatorio Spagnolo del Mercato del Vino (OeMv), in collaborazione con l&#8217;Organizzazione Interprofessionale del Vino di Spagna (OIVE), ha pubblicato una serie di relazioni che analizzano, su base individuale, l&#8217;andamento delle esportazioni di vino nel primo semestre del 2022 di Spagna e Italia, che, insieme a Francia, Cile, Australia, Sudafrica, Germania, Portogallo, Stati Uniti e Nuova Zelanda, fanno parte dei dieci principali fornitori mondiali di vino. <\/p>\n\n\n\n<p>La <strong>Spagna<\/strong> ha registrato il suo primo miglior semestre della serie storica in termini di valore, fatturando 1.435 milioni di euro, con un aumento del +4%. Nel primo semestre del 2022, sono stati esportati 1021,7 milioni di litri (-11%), per un valore di 1435,3 milioni di euro (+4%), che presuppone 28,7 milioni di litri in pi\u00f9 e 166,3 milioni di euro in pi\u00f9. Si tratta del miglior primo semestre registrato in termini di valore, ma non in termini di volume. In un contesto di inflazione globale, la Spagna ha registrato un aumento generalizzato dei prezzi medi.<\/p>\n\n\n\n<p>L&#8217;<strong>Italia<\/strong> ha esportato soltanto lo 0,8% in pi\u00f9 di vino nel primo semestre del 2022, fino ai 1043,4 milioni di litri. Tuttavia, ha fatturato il 14% in pi\u00f9, raggiungendo i 3766,5 milioni di euro, con un aumento del prezzo medio del 13%, ai 3,61 \u20ac\/litro. In un periodo di forte inflazione globale, il volume di mercato del vino italiano \u00e8 stagnante (i buoni dati di gennaio e febbraio prevengono il calo semestrale), anche se il fatturato \u00e8 ancora alle stelle. L&#8217;Italia ha chiuso il semestre come primo esportatore mondiale di vino in volume, ma \u00e8 ancora lontano dalla Francia in termini di valore. Tutti i vini salgono di prezzo, raggiungendo la doppia cifra. Lo spumante \u00e8 l\u2019unico che cresce in volume, ed \u00e8 quello che pi\u00f9 aumenta in fatturato.<\/p>\n\n\n\n<p><em>Fonte: <a href=\"http:\/\/diariodegastronomia.com\/la-evolucion-las-exportaciones-vino-los-10-primeros-proveedores-mundiales\/?mc_cid=cf6485f7ec&amp;mc_eid=fc62ace040\" target=\"_blank\" rel=\"noopener\">www.diariodegastronomia.com<\/a><\/em><\/p>\n","protected":false},"excerpt":{"rendered":"<p>L&#8217;Osservatorio Spagnolo del Mercato del Vino (OeMv), in collaborazione con l&#8217;Organizzazione Interprofessionale del Vino di Spagna (OIVE), ha pubblicato una serie di relazioni che analizzano, su base individuale, l&#8217;andamento delle esportazioni di vino nel primo semestre del 2022 di Spagna e Italia, che, insieme a Francia, Cile, Australia, Sudafrica, Germania, Portogallo, Stati Uniti e Nuova [&hellip;]<\/p>\n","protected":false},"author":1,"featured_media":53966,"comment_status":"open","ping_status":"open","sticky":false,"template":"","format":"standard","meta":{"inline_featured_image":false,"ocean_post_layout":"","ocean_both_sidebars_style":"","ocean_both_sidebars_content_width":0,"ocean_both_sidebars_sidebars_width":0,"ocean_sidebar":"","ocean_second_sidebar":"","ocean_disable_margins":"enable","ocean_add_body_class":"","ocean_shortcode_before_top_bar":"","ocean_shortcode_after_top_bar":"","ocean_shortcode_before_header":"","ocean_shortcode_after_header":"","ocean_has_shortcode":"","ocean_shortcode_after_title":"","ocean_shortcode_before_footer_widgets":"","ocean_shortcode_after_footer_widgets":"","ocean_shortcode_before_footer_bottom":"","ocean_shortcode_after_footer_bottom":"","ocean_display_top_bar":"default","ocean_display_header":"default","ocean_header_style":"","ocean_center_header_left_menu":"","ocean_custom_header_template":"","ocean_custom_logo":0,"ocean_custom_retina_logo":0,"ocean_custom_logo_max_width":0,"ocean_custom_logo_tablet_max_width":0,"ocean_custom_logo_mobile_max_width":0,"ocean_custom_logo_max_height":0,"ocean_custom_logo_tablet_max_height":0,"ocean_custom_logo_mobile_max_height":0,"ocean_header_custom_menu":"","ocean_menu_typo_font_family":"","ocean_menu_typo_font_subset":"","ocean_menu_typo_font_size":0,"ocean_menu_typo_font_size_tablet":0,"ocean_menu_typo_font_size_mobile":0,"ocean_menu_typo_font_size_unit":"px","ocean_menu_typo_font_weight":"","ocean_menu_typo_font_weight_tablet":"","ocean_menu_typo_font_weight_mobile":"","ocean_menu_typo_transform":"","ocean_menu_typo_transform_tablet":"","ocean_menu_typo_transform_mobile":"","ocean_menu_typo_line_height":0,"ocean_menu_typo_line_height_tablet":0,"ocean_menu_typo_line_height_mobile":0,"ocean_menu_typo_line_height_unit":"","ocean_menu_typo_spacing":0,"ocean_menu_typo_spacing_tablet":0,"ocean_menu_typo_spacing_mobile":0,"ocean_menu_typo_spacing_unit":"","ocean_menu_link_color":"","ocean_menu_link_color_hover":"","ocean_menu_link_color_active":"","ocean_menu_link_background":"","ocean_menu_link_hover_background":"","ocean_menu_link_active_background":"","ocean_menu_social_links_bg":"","ocean_menu_social_hover_links_bg":"","ocean_menu_social_links_color":"","ocean_menu_social_hover_links_color":"","ocean_disable_title":"default","ocean_disable_heading":"default","ocean_post_title":"","ocean_post_subheading":"","ocean_post_title_style":"","ocean_post_title_background_color":"","ocean_post_title_background":0,"ocean_post_title_bg_image_position":"","ocean_post_title_bg_image_attachment":"","ocean_post_title_bg_image_repeat":"","ocean_post_title_bg_image_size":"","ocean_post_title_height":0,"ocean_post_title_bg_overlay":0.5,"ocean_post_title_bg_overlay_color":"","ocean_disable_breadcrumbs":"default","ocean_breadcrumbs_color":"","ocean_breadcrumbs_separator_color":"","ocean_breadcrumbs_links_color":"","ocean_breadcrumbs_links_hover_color":"","ocean_display_footer_widgets":"default","ocean_display_footer_bottom":"default","ocean_custom_footer_template":"","ocean_post_oembed":"","ocean_post_self_hosted_media":"","ocean_post_video_embed":"","ocean_link_format":"","ocean_link_format_target":"self","ocean_quote_format":"","ocean_quote_format_link":"post","ocean_gallery_link_images":"on","ocean_gallery_id":[],"footnotes":""},"categories":[133],"tags":[138],"class_list":["post-56773","post","type-post","status-publish","format-standard","has-post-thumbnail","hentry","category-notizie","tag-notizie-di-mercato","entry","has-media"],"yoast_head":"<!-- This site is optimized with the Yoast SEO plugin v27.4 - https:\/\/yoast.com\/product\/yoast-seo-wordpress\/ -->\n<title>Dati positivi sull\u2019export di vino di Spagna e Italia - Italcamara<\/title>\n<meta name=\"robots\" content=\"index, follow, max-snippet:-1, max-image-preview:large, max-video-preview:-1\" \/>\n<link rel=\"canonical\" href=\"https:\/\/italcamara-es.com\/it\/notizie\/dati-positivi-sullexport-di-vino-di-spagna-e-italia\/\" \/>\n<meta property=\"og:locale\" content=\"it_IT\" \/>\n<meta property=\"og:type\" content=\"article\" \/>\n<meta property=\"og:title\" content=\"Dati positivi sull\u2019export di vino di Spagna e Italia - Italcamara\" \/>\n<meta property=\"og:description\" content=\"L&#8217;Osservatorio Spagnolo del Mercato del Vino (OeMv), in collaborazione con l&#8217;Organizzazione Interprofessionale del Vino di Spagna (OIVE), ha pubblicato una serie di relazioni che analizzano, su base individuale, l&#8217;andamento delle esportazioni di vino nel primo semestre del 2022 di Spagna e Italia, che, insieme a Francia, Cile, Australia, Sudafrica, Germania, Portogallo, Stati Uniti e Nuova [&hellip;]\" \/>\n<meta property=\"og:url\" content=\"https:\/\/italcamara-es.com\/it\/notizie\/dati-positivi-sullexport-di-vino-di-spagna-e-italia\/\" \/>\n<meta property=\"og:site_name\" content=\"Italcamara\" \/>\n<meta property=\"article:published_time\" content=\"2022-12-09T09:04:56+00:00\" \/>\n<meta property=\"og:image\" content=\"https:\/\/italcamara-es.com\/wp-content\/uploads\/2025\/03\/Vino-export-500.jpg\" \/>\n\t<meta property=\"og:image:width\" content=\"500\" \/>\n\t<meta property=\"og:image:height\" content=\"280\" \/>\n\t<meta property=\"og:image:type\" content=\"image\/jpeg\" \/>\n<meta name=\"author\" content=\"administrador\" \/>\n<meta name=\"twitter:card\" content=\"summary_large_image\" \/>\n<meta name=\"twitter:label1\" content=\"Scritto da\" \/>\n\t<meta name=\"twitter:data1\" content=\"administrador\" \/>\n\t<meta name=\"twitter:label2\" content=\"Tempo di lettura stimato\" \/>\n\t<meta name=\"twitter:data2\" content=\"1 minuto\" \/>\n<script type=\"application\/ld+json\" class=\"yoast-schema-graph\">{\"@context\":\"https:\\\/\\\/schema.org\",\"@graph\":[{\"@type\":\"Article\",\"@id\":\"https:\\\/\\\/italcamara-es.com\\\/it\\\/notizie\\\/dati-positivi-sullexport-di-vino-di-spagna-e-italia\\\/#article\",\"isPartOf\":{\"@id\":\"https:\\\/\\\/italcamara-es.com\\\/it\\\/notizie\\\/dati-positivi-sullexport-di-vino-di-spagna-e-italia\\\/\"},\"author\":{\"name\":\"administrador\",\"@id\":\"https:\\\/\\\/italcamara-es.com\\\/#\\\/schema\\\/person\\\/bb3c56263e405bbd9a15171dcfee93bb\"},\"headline\":\"Dati positivi sull\u2019export di vino di Spagna e Italia\",\"datePublished\":\"2022-12-09T09:04:56+00:00\",\"mainEntityOfPage\":{\"@id\":\"https:\\\/\\\/italcamara-es.com\\\/it\\\/notizie\\\/dati-positivi-sullexport-di-vino-di-spagna-e-italia\\\/\"},\"wordCount\":289,\"commentCount\":0,\"image\":{\"@id\":\"https:\\\/\\\/italcamara-es.com\\\/it\\\/notizie\\\/dati-positivi-sullexport-di-vino-di-spagna-e-italia\\\/#primaryimage\"},\"thumbnailUrl\":\"https:\\\/\\\/italcamara-es.com\\\/wp-content\\\/uploads\\\/2025\\\/03\\\/Vino-export-500.jpg\",\"keywords\":[\"Notizie di Mercato\"],\"articleSection\":[\"Notizie\"],\"inLanguage\":\"it-IT\",\"potentialAction\":[{\"@type\":\"CommentAction\",\"name\":\"Comment\",\"target\":[\"https:\\\/\\\/italcamara-es.com\\\/it\\\/notizie\\\/dati-positivi-sullexport-di-vino-di-spagna-e-italia\\\/#respond\"]}]},{\"@type\":\"WebPage\",\"@id\":\"https:\\\/\\\/italcamara-es.com\\\/it\\\/notizie\\\/dati-positivi-sullexport-di-vino-di-spagna-e-italia\\\/\",\"url\":\"https:\\\/\\\/italcamara-es.com\\\/it\\\/notizie\\\/dati-positivi-sullexport-di-vino-di-spagna-e-italia\\\/\",\"name\":\"Dati positivi sull\u2019export di vino di Spagna e Italia - Italcamara\",\"isPartOf\":{\"@id\":\"https:\\\/\\\/italcamara-es.com\\\/#website\"},\"primaryImageOfPage\":{\"@id\":\"https:\\\/\\\/italcamara-es.com\\\/it\\\/notizie\\\/dati-positivi-sullexport-di-vino-di-spagna-e-italia\\\/#primaryimage\"},\"image\":{\"@id\":\"https:\\\/\\\/italcamara-es.com\\\/it\\\/notizie\\\/dati-positivi-sullexport-di-vino-di-spagna-e-italia\\\/#primaryimage\"},\"thumbnailUrl\":\"https:\\\/\\\/italcamara-es.com\\\/wp-content\\\/uploads\\\/2025\\\/03\\\/Vino-export-500.jpg\",\"datePublished\":\"2022-12-09T09:04:56+00:00\",\"author\":{\"@id\":\"https:\\\/\\\/italcamara-es.com\\\/#\\\/schema\\\/person\\\/bb3c56263e405bbd9a15171dcfee93bb\"},\"breadcrumb\":{\"@id\":\"https:\\\/\\\/italcamara-es.com\\\/it\\\/notizie\\\/dati-positivi-sullexport-di-vino-di-spagna-e-italia\\\/#breadcrumb\"},\"inLanguage\":\"it-IT\",\"potentialAction\":[{\"@type\":\"ReadAction\",\"target\":[\"https:\\\/\\\/italcamara-es.com\\\/it\\\/notizie\\\/dati-positivi-sullexport-di-vino-di-spagna-e-italia\\\/\"]}]},{\"@type\":\"ImageObject\",\"inLanguage\":\"it-IT\",\"@id\":\"https:\\\/\\\/italcamara-es.com\\\/it\\\/notizie\\\/dati-positivi-sullexport-di-vino-di-spagna-e-italia\\\/#primaryimage\",\"url\":\"https:\\\/\\\/italcamara-es.com\\\/wp-content\\\/uploads\\\/2025\\\/03\\\/Vino-export-500.jpg\",\"contentUrl\":\"https:\\\/\\\/italcamara-es.com\\\/wp-content\\\/uploads\\\/2025\\\/03\\\/Vino-export-500.jpg\",\"width\":500,\"height\":280},{\"@type\":\"BreadcrumbList\",\"@id\":\"https:\\\/\\\/italcamara-es.com\\\/it\\\/notizie\\\/dati-positivi-sullexport-di-vino-di-spagna-e-italia\\\/#breadcrumb\",\"itemListElement\":[{\"@type\":\"ListItem\",\"position\":1,\"name\":\"Inicio\",\"item\":\"https:\\\/\\\/italcamara-es.com\\\/it\\\/homepage-ita\\\/\"},{\"@type\":\"ListItem\",\"position\":2,\"name\":\"Dati positivi sull\u2019export di vino di Spagna e Italia\"}]},{\"@type\":\"WebSite\",\"@id\":\"https:\\\/\\\/italcamara-es.com\\\/#website\",\"url\":\"https:\\\/\\\/italcamara-es.com\\\/\",\"name\":\"Italcamara\",\"description\":\"\",\"potentialAction\":[{\"@type\":\"SearchAction\",\"target\":{\"@type\":\"EntryPoint\",\"urlTemplate\":\"https:\\\/\\\/italcamara-es.com\\\/?s={search_term_string}\"},\"query-input\":{\"@type\":\"PropertyValueSpecification\",\"valueRequired\":true,\"valueName\":\"search_term_string\"}}],\"inLanguage\":\"it-IT\"},{\"@type\":\"Person\",\"@id\":\"https:\\\/\\\/italcamara-es.com\\\/#\\\/schema\\\/person\\\/bb3c56263e405bbd9a15171dcfee93bb\",\"name\":\"administrador\",\"image\":{\"@type\":\"ImageObject\",\"inLanguage\":\"it-IT\",\"@id\":\"https:\\\/\\\/secure.gravatar.com\\\/avatar\\\/14b5e63db38320b12031bb28cf9f77e210aa71fb3a8a3602a3c9a05134fa75eb?s=96&d=mm&r=g\",\"url\":\"https:\\\/\\\/secure.gravatar.com\\\/avatar\\\/14b5e63db38320b12031bb28cf9f77e210aa71fb3a8a3602a3c9a05134fa75eb?s=96&d=mm&r=g\",\"contentUrl\":\"https:\\\/\\\/secure.gravatar.com\\\/avatar\\\/14b5e63db38320b12031bb28cf9f77e210aa71fb3a8a3602a3c9a05134fa75eb?s=96&d=mm&r=g\",\"caption\":\"administrador\"},\"sameAs\":[\"http:\\\/\\\/pre.italcamara-es.com\"],\"url\":\"https:\\\/\\\/italcamara-es.com\\\/it\\\/author\\\/administrador\\\/\"}]}<\/script>\n<!-- \/ Yoast SEO plugin. -->","yoast_head_json":{"title":"Dati positivi sull\u2019export di vino di Spagna e Italia - Italcamara","robots":{"index":"index","follow":"follow","max-snippet":"max-snippet:-1","max-image-preview":"max-image-preview:large","max-video-preview":"max-video-preview:-1"},"canonical":"https:\/\/italcamara-es.com\/it\/notizie\/dati-positivi-sullexport-di-vino-di-spagna-e-italia\/","og_locale":"it_IT","og_type":"article","og_title":"Dati positivi sull\u2019export di vino di Spagna e Italia - Italcamara","og_description":"L&#8217;Osservatorio Spagnolo del Mercato del Vino (OeMv), in collaborazione con l&#8217;Organizzazione Interprofessionale del Vino di Spagna (OIVE), ha pubblicato una serie di relazioni che analizzano, su base individuale, l&#8217;andamento delle esportazioni di vino nel primo semestre del 2022 di Spagna e Italia, che, insieme a Francia, Cile, Australia, Sudafrica, Germania, Portogallo, Stati Uniti e Nuova [&hellip;]","og_url":"https:\/\/italcamara-es.com\/it\/notizie\/dati-positivi-sullexport-di-vino-di-spagna-e-italia\/","og_site_name":"Italcamara","article_published_time":"2022-12-09T09:04:56+00:00","og_image":[{"width":500,"height":280,"url":"https:\/\/italcamara-es.com\/wp-content\/uploads\/2025\/03\/Vino-export-500.jpg","type":"image\/jpeg"}],"author":"administrador","twitter_card":"summary_large_image","twitter_misc":{"Scritto da":"administrador","Tempo di lettura stimato":"1 minuto"},"schema":{"@context":"https:\/\/schema.org","@graph":[{"@type":"Article","@id":"https:\/\/italcamara-es.com\/it\/notizie\/dati-positivi-sullexport-di-vino-di-spagna-e-italia\/#article","isPartOf":{"@id":"https:\/\/italcamara-es.com\/it\/notizie\/dati-positivi-sullexport-di-vino-di-spagna-e-italia\/"},"author":{"name":"administrador","@id":"https:\/\/italcamara-es.com\/#\/schema\/person\/bb3c56263e405bbd9a15171dcfee93bb"},"headline":"Dati positivi sull\u2019export di vino di Spagna e Italia","datePublished":"2022-12-09T09:04:56+00:00","mainEntityOfPage":{"@id":"https:\/\/italcamara-es.com\/it\/notizie\/dati-positivi-sullexport-di-vino-di-spagna-e-italia\/"},"wordCount":289,"commentCount":0,"image":{"@id":"https:\/\/italcamara-es.com\/it\/notizie\/dati-positivi-sullexport-di-vino-di-spagna-e-italia\/#primaryimage"},"thumbnailUrl":"https:\/\/italcamara-es.com\/wp-content\/uploads\/2025\/03\/Vino-export-500.jpg","keywords":["Notizie di Mercato"],"articleSection":["Notizie"],"inLanguage":"it-IT","potentialAction":[{"@type":"CommentAction","name":"Comment","target":["https:\/\/italcamara-es.com\/it\/notizie\/dati-positivi-sullexport-di-vino-di-spagna-e-italia\/#respond"]}]},{"@type":"WebPage","@id":"https:\/\/italcamara-es.com\/it\/notizie\/dati-positivi-sullexport-di-vino-di-spagna-e-italia\/","url":"https:\/\/italcamara-es.com\/it\/notizie\/dati-positivi-sullexport-di-vino-di-spagna-e-italia\/","name":"Dati positivi sull\u2019export di vino di Spagna e Italia - Italcamara","isPartOf":{"@id":"https:\/\/italcamara-es.com\/#website"},"primaryImageOfPage":{"@id":"https:\/\/italcamara-es.com\/it\/notizie\/dati-positivi-sullexport-di-vino-di-spagna-e-italia\/#primaryimage"},"image":{"@id":"https:\/\/italcamara-es.com\/it\/notizie\/dati-positivi-sullexport-di-vino-di-spagna-e-italia\/#primaryimage"},"thumbnailUrl":"https:\/\/italcamara-es.com\/wp-content\/uploads\/2025\/03\/Vino-export-500.jpg","datePublished":"2022-12-09T09:04:56+00:00","author":{"@id":"https:\/\/italcamara-es.com\/#\/schema\/person\/bb3c56263e405bbd9a15171dcfee93bb"},"breadcrumb":{"@id":"https:\/\/italcamara-es.com\/it\/notizie\/dati-positivi-sullexport-di-vino-di-spagna-e-italia\/#breadcrumb"},"inLanguage":"it-IT","potentialAction":[{"@type":"ReadAction","target":["https:\/\/italcamara-es.com\/it\/notizie\/dati-positivi-sullexport-di-vino-di-spagna-e-italia\/"]}]},{"@type":"ImageObject","inLanguage":"it-IT","@id":"https:\/\/italcamara-es.com\/it\/notizie\/dati-positivi-sullexport-di-vino-di-spagna-e-italia\/#primaryimage","url":"https:\/\/italcamara-es.com\/wp-content\/uploads\/2025\/03\/Vino-export-500.jpg","contentUrl":"https:\/\/italcamara-es.com\/wp-content\/uploads\/2025\/03\/Vino-export-500.jpg","width":500,"height":280},{"@type":"BreadcrumbList","@id":"https:\/\/italcamara-es.com\/it\/notizie\/dati-positivi-sullexport-di-vino-di-spagna-e-italia\/#breadcrumb","itemListElement":[{"@type":"ListItem","position":1,"name":"Inicio","item":"https:\/\/italcamara-es.com\/it\/homepage-ita\/"},{"@type":"ListItem","position":2,"name":"Dati positivi sull\u2019export di vino di Spagna e Italia"}]},{"@type":"WebSite","@id":"https:\/\/italcamara-es.com\/#website","url":"https:\/\/italcamara-es.com\/","name":"Italcamara","description":"","potentialAction":[{"@type":"SearchAction","target":{"@type":"EntryPoint","urlTemplate":"https:\/\/italcamara-es.com\/?s={search_term_string}"},"query-input":{"@type":"PropertyValueSpecification","valueRequired":true,"valueName":"search_term_string"}}],"inLanguage":"it-IT"},{"@type":"Person","@id":"https:\/\/italcamara-es.com\/#\/schema\/person\/bb3c56263e405bbd9a15171dcfee93bb","name":"administrador","image":{"@type":"ImageObject","inLanguage":"it-IT","@id":"https:\/\/secure.gravatar.com\/avatar\/14b5e63db38320b12031bb28cf9f77e210aa71fb3a8a3602a3c9a05134fa75eb?s=96&d=mm&r=g","url":"https:\/\/secure.gravatar.com\/avatar\/14b5e63db38320b12031bb28cf9f77e210aa71fb3a8a3602a3c9a05134fa75eb?s=96&d=mm&r=g","contentUrl":"https:\/\/secure.gravatar.com\/avatar\/14b5e63db38320b12031bb28cf9f77e210aa71fb3a8a3602a3c9a05134fa75eb?s=96&d=mm&r=g","caption":"administrador"},"sameAs":["http:\/\/pre.italcamara-es.com"],"url":"https:\/\/italcamara-es.com\/it\/author\/administrador\/"}]}},"rttpg_featured_image_url":{"full":["https:\/\/italcamara-es.com\/wp-content\/uploads\/2025\/03\/Vino-export-500.jpg",500,280,false],"landscape":["https:\/\/italcamara-es.com\/wp-content\/uploads\/2025\/03\/Vino-export-500.jpg",500,280,false],"portraits":["https:\/\/italcamara-es.com\/wp-content\/uploads\/2025\/03\/Vino-export-500.jpg",500,280,false],"thumbnail":["https:\/\/italcamara-es.com\/wp-content\/uploads\/2025\/03\/Vino-export-500-150x150.jpg",150,150,true],"medium":["https:\/\/italcamara-es.com\/wp-content\/uploads\/2025\/03\/Vino-export-500-300x168.jpg",300,168,true],"large":["https:\/\/italcamara-es.com\/wp-content\/uploads\/2025\/03\/Vino-export-500.jpg",500,280,false],"1536x1536":["https:\/\/italcamara-es.com\/wp-content\/uploads\/2025\/03\/Vino-export-500.jpg",500,280,false],"2048x2048":["https:\/\/italcamara-es.com\/wp-content\/uploads\/2025\/03\/Vino-export-500.jpg",500,280,false],"ocean-thumb-m":["https:\/\/italcamara-es.com\/wp-content\/uploads\/2025\/03\/Vino-export-500.jpg",500,280,false],"ocean-thumb-ml":["https:\/\/italcamara-es.com\/wp-content\/uploads\/2025\/03\/Vino-export-500.jpg",500,280,false],"ocean-thumb-l":["https:\/\/italcamara-es.com\/wp-content\/uploads\/2025\/03\/Vino-export-500.jpg",500,280,false],"directorist_preview":["https:\/\/italcamara-es.com\/wp-content\/uploads\/2025\/03\/Vino-export-500.jpg",500,280,false]},"rttpg_author":{"display_name":"administrador","author_link":"https:\/\/italcamara-es.com\/it\/author\/administrador\/"},"rttpg_comment":0,"rttpg_category":"<a href=\"https:\/\/italcamara-es.com\/it\/category\/notizie\/\" rel=\"category tag\">Notizie<\/a>","rttpg_excerpt":"L&#8217;Osservatorio Spagnolo del Mercato del Vino (OeMv), in collaborazione con l&#8217;Organizzazione Interprofessionale del Vino di Spagna (OIVE), ha pubblicato una serie di relazioni che analizzano, su base individuale, l&#8217;andamento delle esportazioni di vino nel primo semestre del 2022 di Spagna e Italia, che, insieme a Francia, Cile, Australia, Sudafrica, Germania, Portogallo, Stati Uniti e Nuova&hellip;","_links":{"self":[{"href":"https:\/\/italcamara-es.com\/it\/wp-json\/wp\/v2\/posts\/56773","targetHints":{"allow":["GET"]}}],"collection":[{"href":"https:\/\/italcamara-es.com\/it\/wp-json\/wp\/v2\/posts"}],"about":[{"href":"https:\/\/italcamara-es.com\/it\/wp-json\/wp\/v2\/types\/post"}],"author":[{"embeddable":true,"href":"https:\/\/italcamara-es.com\/it\/wp-json\/wp\/v2\/users\/1"}],"replies":[{"embeddable":true,"href":"https:\/\/italcamara-es.com\/it\/wp-json\/wp\/v2\/comments?post=56773"}],"version-history":[{"count":0,"href":"https:\/\/italcamara-es.com\/it\/wp-json\/wp\/v2\/posts\/56773\/revisions"}],"wp:featuredmedia":[{"embeddable":true,"href":"https:\/\/italcamara-es.com\/it\/wp-json\/wp\/v2\/media\/53966"}],"wp:attachment":[{"href":"https:\/\/italcamara-es.com\/it\/wp-json\/wp\/v2\/media?parent=56773"}],"wp:term":[{"taxonomy":"category","embeddable":true,"href":"https:\/\/italcamara-es.com\/it\/wp-json\/wp\/v2\/categories?post=56773"},{"taxonomy":"post_tag","embeddable":true,"href":"https:\/\/italcamara-es.com\/it\/wp-json\/wp\/v2\/tags?post=56773"}],"curies":[{"name":"wp","href":"https:\/\/api.w.org\/{rel}","templated":true}]}}