	{"id":56778,"date":"2023-02-20T10:48:50","date_gmt":"2023-02-20T09:48:50","guid":{"rendered":"http:\/\/pre.italcamara-es.com\/senza-categoria\/nuovo-record-dellexport-spagnolo-nel-2022\/"},"modified":"2023-02-20T10:48:50","modified_gmt":"2023-02-20T09:48:50","slug":"nuovo-record-dellexport-spagnolo-nel-2022","status":"publish","type":"post","link":"https:\/\/italcamara-es.com\/it\/notizie\/nuovo-record-dellexport-spagnolo-nel-2022\/","title":{"rendered":"Nuovo record dell&#8217;export spagnolo nel 2022"},"content":{"rendered":"\n<p>Il Ministero dell&#8217;Industria, del Commercio e del Turismo spagnolo ha pubblicato il rapporto sul <strong>commercio estero, gennaio-dicembre 2022<\/strong>, che indica che le esportazioni spagnole sono aumentate del <strong>22,9%<\/strong> rispetto all&#8217;anno precedente, raggiungendo <strong>389.208,9 milioni di euro<\/strong>.<\/p>\n\n\n\n<p>Di conseguenza, le esportazioni spagnole sono tornate ai massimi storici. La crescita \u00e8 stata superiore a quella registrata dalla zona euro (21,0%) e dal resto dei principali Paesi esportatori europei, come Germania (14,1%), Francia (19,1%) e Italia (19,9%). Al netto degli effetti dell&#8217;inflazione, le esportazioni sono aumentate in volume del 3,9% su base annua, mentre i loro prezzi, approssimati dagli indici di valore unitario, sono cresciuti del 18,3%.<\/p>\n\n\n\n<p>Le esportazioni spagnole di prodotti non energetici sono aumentate del 2,7% in volume, dopo l&#8217;aumento dell&#8217;11,6% dell&#8217;anno precedente come effetto di rimbalzo dopo la pandemia. &#8220;Nonostante l&#8217;aumento dei prezzi e un contesto complesso e molto incerto, le aziende industriali spagnole continuano ad aumentare le loro esportazioni&#8221;, sottolinea il direttore generale di <a href=\"https:\/\/www.amec.es\/\">Amec<\/a> (l&#8217;ente che riunisce le principali imprese internazionali in Spagna),<strong> Joan Tristany<\/strong>.<\/p>\n\n\n\n<p>&#8220;Abbiamo vissuto in un&#8217;incertezza in cui c&#8217;era persino chi prevedeva una recessione nel giugno 2022. Questo scenario \u00e8 stato rimandato nei mesi successivi, una situazione critica che non arrivava e non \u00e8 arrivata&#8221;. Per quanto riguarda la situazione attuale, &#8220;\u00e8 ancora visibile l&#8217;effetto dell&#8217;inflazione, che \u00e8 a livelli elevati rispetto al periodo pre-covid. Tuttavia, si registra che ha gi\u00e0 raggiunto il suo picco, e anche se \u00e8 difficile che i prezzi tornino ai livelli precedenti, la verit\u00e0 \u00e8 che l&#8217;economia continua a crescere&#8221;, aggiunge il direttore generale di Amec.<\/p>\n\n\n\n<p style=\"font-size:18px\"><strong>Mercati principali<\/strong><\/p>\n\n\n\n<p>L&#8217;<strong>Unione Europea<\/strong> mantiene il suo peso come principale destinazione delle esportazioni, con un leggero aumento che si colloca al 62,8% del totale. La <strong>Cina<\/strong> \u00e8 passata da un inizio anno con cali superiori al 30% a un graduale miglioramento dopo l&#8217;allentamento delle politiche di contenimento di Covid-19, chiudendo l&#8217;anno con un calo di solo il 7,5%. Gli <strong>Stati Uniti<\/strong> hanno registrato una crescita del 28,1%, confermandosi il mercato pi\u00f9 affidabile per le aziende esportatrici, come previsto dal Market Ranking di amec, pubblicato a dicembre 2021, sui Paesi pi\u00f9 interessanti per le aziende nel 2022.<\/p>\n\n\n\n<p>D&#8217;altra parte, i Paesi in cui, a causa degli effetti della pandemia, i problemi degli scambi commerciali si sono prolungati, hanno registrato un significativo rimbalzo nel 2022, come il <strong>Brasile<\/strong> (37,6%), il <strong>Messico<\/strong> (26,2%) e l&#8217;<strong>India<\/strong> (21,9%). Questi mercati, insieme a <strong>Marocco<\/strong> e <strong>Portogallo<\/strong>, hanno mantenuto una crescita sostenuta per tutto l&#8217;anno.<\/p>\n\n\n\n<p><em>Fonte: <a href=\"https:\/\/www.monedaunica.net\/\">Monedaunica.net<\/a><\/em><\/p>\n","protected":false},"excerpt":{"rendered":"<p>Il Ministero dell&#8217;Industria, del Commercio e del Turismo spagnolo ha pubblicato il rapporto sul commercio estero, gennaio-dicembre 2022, che indica che le esportazioni spagnole sono aumentate del 22,9% rispetto all&#8217;anno precedente, raggiungendo 389.208,9 milioni di euro. Di conseguenza, le esportazioni spagnole sono tornate ai massimi storici. La crescita \u00e8 stata superiore a quella registrata dalla [&hellip;]<\/p>\n","protected":false},"author":1,"featured_media":53976,"comment_status":"open","ping_status":"open","sticky":false,"template":"","format":"standard","meta":{"inline_featured_image":false,"ocean_post_layout":"","ocean_both_sidebars_style":"","ocean_both_sidebars_content_width":0,"ocean_both_sidebars_sidebars_width":0,"ocean_sidebar":"","ocean_second_sidebar":"","ocean_disable_margins":"enable","ocean_add_body_class":"","ocean_shortcode_before_top_bar":"","ocean_shortcode_after_top_bar":"","ocean_shortcode_before_header":"","ocean_shortcode_after_header":"","ocean_has_shortcode":"","ocean_shortcode_after_title":"","ocean_shortcode_before_footer_widgets":"","ocean_shortcode_after_footer_widgets":"","ocean_shortcode_before_footer_bottom":"","ocean_shortcode_after_footer_bottom":"","ocean_display_top_bar":"default","ocean_display_header":"default","ocean_header_style":"","ocean_center_header_left_menu":"","ocean_custom_header_template":"","ocean_custom_logo":0,"ocean_custom_retina_logo":0,"ocean_custom_logo_max_width":0,"ocean_custom_logo_tablet_max_width":0,"ocean_custom_logo_mobile_max_width":0,"ocean_custom_logo_max_height":0,"ocean_custom_logo_tablet_max_height":0,"ocean_custom_logo_mobile_max_height":0,"ocean_header_custom_menu":"","ocean_menu_typo_font_family":"","ocean_menu_typo_font_subset":"","ocean_menu_typo_font_size":0,"ocean_menu_typo_font_size_tablet":0,"ocean_menu_typo_font_size_mobile":0,"ocean_menu_typo_font_size_unit":"px","ocean_menu_typo_font_weight":"","ocean_menu_typo_font_weight_tablet":"","ocean_menu_typo_font_weight_mobile":"","ocean_menu_typo_transform":"","ocean_menu_typo_transform_tablet":"","ocean_menu_typo_transform_mobile":"","ocean_menu_typo_line_height":0,"ocean_menu_typo_line_height_tablet":0,"ocean_menu_typo_line_height_mobile":0,"ocean_menu_typo_line_height_unit":"","ocean_menu_typo_spacing":0,"ocean_menu_typo_spacing_tablet":0,"ocean_menu_typo_spacing_mobile":0,"ocean_menu_typo_spacing_unit":"","ocean_menu_link_color":"","ocean_menu_link_color_hover":"","ocean_menu_link_color_active":"","ocean_menu_link_background":"","ocean_menu_link_hover_background":"","ocean_menu_link_active_background":"","ocean_menu_social_links_bg":"","ocean_menu_social_hover_links_bg":"","ocean_menu_social_links_color":"","ocean_menu_social_hover_links_color":"","ocean_disable_title":"default","ocean_disable_heading":"default","ocean_post_title":"","ocean_post_subheading":"","ocean_post_title_style":"","ocean_post_title_background_color":"","ocean_post_title_background":0,"ocean_post_title_bg_image_position":"","ocean_post_title_bg_image_attachment":"","ocean_post_title_bg_image_repeat":"","ocean_post_title_bg_image_size":"","ocean_post_title_height":0,"ocean_post_title_bg_overlay":0.5,"ocean_post_title_bg_overlay_color":"","ocean_disable_breadcrumbs":"default","ocean_breadcrumbs_color":"","ocean_breadcrumbs_separator_color":"","ocean_breadcrumbs_links_color":"","ocean_breadcrumbs_links_hover_color":"","ocean_display_footer_widgets":"default","ocean_display_footer_bottom":"default","ocean_custom_footer_template":"","ocean_post_oembed":"","ocean_post_self_hosted_media":"","ocean_post_video_embed":"","ocean_link_format":"","ocean_link_format_target":"self","ocean_quote_format":"","ocean_quote_format_link":"post","ocean_gallery_link_images":"on","ocean_gallery_id":[],"footnotes":""},"categories":[133],"tags":[138],"class_list":["post-56778","post","type-post","status-publish","format-standard","has-post-thumbnail","hentry","category-notizie","tag-notizie-di-mercato","entry","has-media"],"yoast_head":"<!-- This site is optimized with the Yoast SEO plugin v27.4 - https:\/\/yoast.com\/product\/yoast-seo-wordpress\/ -->\n<title>Nuovo record dell&#039;export spagnolo nel 2022 - Italcamara<\/title>\n<meta name=\"robots\" content=\"index, follow, max-snippet:-1, max-image-preview:large, max-video-preview:-1\" \/>\n<link rel=\"canonical\" href=\"https:\/\/italcamara-es.com\/noticias\/nuevo-record-de-las-exportaciones-espanolas-en-2022\/\" \/>\n<meta property=\"og:locale\" content=\"it_IT\" \/>\n<meta property=\"og:type\" content=\"article\" \/>\n<meta property=\"og:title\" content=\"Nuovo record dell&#039;export spagnolo nel 2022 - Italcamara\" \/>\n<meta property=\"og:description\" content=\"Il Ministero dell&#8217;Industria, del Commercio e del Turismo spagnolo ha pubblicato il rapporto sul commercio estero, gennaio-dicembre 2022, che indica che le esportazioni spagnole sono aumentate del 22,9% rispetto all&#8217;anno precedente, raggiungendo 389.208,9 milioni di euro. Di conseguenza, le esportazioni spagnole sono tornate ai massimi storici. La crescita \u00e8 stata superiore a quella registrata dalla [&hellip;]\" \/>\n<meta property=\"og:url\" content=\"https:\/\/italcamara-es.com\/noticias\/nuevo-record-de-las-exportaciones-espanolas-en-2022\/\" \/>\n<meta property=\"og:site_name\" content=\"Italcamara\" \/>\n<meta property=\"article:published_time\" content=\"2023-02-20T09:48:50+00:00\" \/>\n<meta property=\"og:image\" content=\"https:\/\/italcamara-es.com\/wp-content\/uploads\/2025\/03\/export-500-6.jpg\" \/>\n\t<meta property=\"og:image:width\" content=\"500\" \/>\n\t<meta property=\"og:image:height\" content=\"280\" \/>\n\t<meta property=\"og:image:type\" content=\"image\/jpeg\" \/>\n<meta name=\"author\" content=\"administrador\" \/>\n<meta name=\"twitter:card\" content=\"summary_large_image\" \/>\n<meta name=\"twitter:label1\" content=\"Scritto da\" \/>\n\t<meta name=\"twitter:data1\" content=\"administrador\" \/>\n\t<meta name=\"twitter:label2\" content=\"Tempo di lettura stimato\" \/>\n\t<meta name=\"twitter:data2\" content=\"2 minuti\" \/>\n<script type=\"application\/ld+json\" class=\"yoast-schema-graph\">{\"@context\":\"https:\\\/\\\/schema.org\",\"@graph\":[{\"@type\":\"Article\",\"@id\":\"https:\\\/\\\/italcamara-es.com\\\/noticias\\\/nuevo-record-de-las-exportaciones-espanolas-en-2022\\\/#article\",\"isPartOf\":{\"@id\":\"https:\\\/\\\/italcamara-es.com\\\/noticias\\\/nuevo-record-de-las-exportaciones-espanolas-en-2022\\\/\"},\"author\":{\"name\":\"administrador\",\"@id\":\"https:\\\/\\\/italcamara-es.com\\\/#\\\/schema\\\/person\\\/bb3c56263e405bbd9a15171dcfee93bb\"},\"headline\":\"Nuovo record dell&#8217;export spagnolo nel 2022\",\"datePublished\":\"2023-02-20T09:48:50+00:00\",\"mainEntityOfPage\":{\"@id\":\"https:\\\/\\\/italcamara-es.com\\\/noticias\\\/nuevo-record-de-las-exportaciones-espanolas-en-2022\\\/\"},\"wordCount\":402,\"commentCount\":0,\"image\":{\"@id\":\"https:\\\/\\\/italcamara-es.com\\\/noticias\\\/nuevo-record-de-las-exportaciones-espanolas-en-2022\\\/#primaryimage\"},\"thumbnailUrl\":\"https:\\\/\\\/italcamara-es.com\\\/wp-content\\\/uploads\\\/2025\\\/03\\\/export-500-6.jpg\",\"keywords\":[\"Notizie di Mercato\"],\"articleSection\":[\"Notizie\"],\"inLanguage\":\"it-IT\",\"potentialAction\":[{\"@type\":\"CommentAction\",\"name\":\"Comment\",\"target\":[\"https:\\\/\\\/italcamara-es.com\\\/noticias\\\/nuevo-record-de-las-exportaciones-espanolas-en-2022\\\/#respond\"]}]},{\"@type\":\"WebPage\",\"@id\":\"https:\\\/\\\/italcamara-es.com\\\/noticias\\\/nuevo-record-de-las-exportaciones-espanolas-en-2022\\\/\",\"url\":\"https:\\\/\\\/italcamara-es.com\\\/noticias\\\/nuevo-record-de-las-exportaciones-espanolas-en-2022\\\/\",\"name\":\"Nuovo record dell'export spagnolo nel 2022 - Italcamara\",\"isPartOf\":{\"@id\":\"https:\\\/\\\/italcamara-es.com\\\/#website\"},\"primaryImageOfPage\":{\"@id\":\"https:\\\/\\\/italcamara-es.com\\\/noticias\\\/nuevo-record-de-las-exportaciones-espanolas-en-2022\\\/#primaryimage\"},\"image\":{\"@id\":\"https:\\\/\\\/italcamara-es.com\\\/noticias\\\/nuevo-record-de-las-exportaciones-espanolas-en-2022\\\/#primaryimage\"},\"thumbnailUrl\":\"https:\\\/\\\/italcamara-es.com\\\/wp-content\\\/uploads\\\/2025\\\/03\\\/export-500-6.jpg\",\"datePublished\":\"2023-02-20T09:48:50+00:00\",\"author\":{\"@id\":\"https:\\\/\\\/italcamara-es.com\\\/#\\\/schema\\\/person\\\/bb3c56263e405bbd9a15171dcfee93bb\"},\"breadcrumb\":{\"@id\":\"https:\\\/\\\/italcamara-es.com\\\/noticias\\\/nuevo-record-de-las-exportaciones-espanolas-en-2022\\\/#breadcrumb\"},\"inLanguage\":\"it-IT\",\"potentialAction\":[{\"@type\":\"ReadAction\",\"target\":[\"https:\\\/\\\/italcamara-es.com\\\/noticias\\\/nuevo-record-de-las-exportaciones-espanolas-en-2022\\\/\"]}]},{\"@type\":\"ImageObject\",\"inLanguage\":\"it-IT\",\"@id\":\"https:\\\/\\\/italcamara-es.com\\\/noticias\\\/nuevo-record-de-las-exportaciones-espanolas-en-2022\\\/#primaryimage\",\"url\":\"https:\\\/\\\/italcamara-es.com\\\/wp-content\\\/uploads\\\/2025\\\/03\\\/export-500-6.jpg\",\"contentUrl\":\"https:\\\/\\\/italcamara-es.com\\\/wp-content\\\/uploads\\\/2025\\\/03\\\/export-500-6.jpg\",\"width\":500,\"height\":280},{\"@type\":\"BreadcrumbList\",\"@id\":\"https:\\\/\\\/italcamara-es.com\\\/noticias\\\/nuevo-record-de-las-exportaciones-espanolas-en-2022\\\/#breadcrumb\",\"itemListElement\":[{\"@type\":\"ListItem\",\"position\":1,\"name\":\"Inicio\",\"item\":\"https:\\\/\\\/italcamara-es.com\\\/it\\\/homepage-ita\\\/\"},{\"@type\":\"ListItem\",\"position\":2,\"name\":\"Nuovo record dell&#8217;export spagnolo nel 2022\"}]},{\"@type\":\"WebSite\",\"@id\":\"https:\\\/\\\/italcamara-es.com\\\/#website\",\"url\":\"https:\\\/\\\/italcamara-es.com\\\/\",\"name\":\"Italcamara\",\"description\":\"\",\"potentialAction\":[{\"@type\":\"SearchAction\",\"target\":{\"@type\":\"EntryPoint\",\"urlTemplate\":\"https:\\\/\\\/italcamara-es.com\\\/?s={search_term_string}\"},\"query-input\":{\"@type\":\"PropertyValueSpecification\",\"valueRequired\":true,\"valueName\":\"search_term_string\"}}],\"inLanguage\":\"it-IT\"},{\"@type\":\"Person\",\"@id\":\"https:\\\/\\\/italcamara-es.com\\\/#\\\/schema\\\/person\\\/bb3c56263e405bbd9a15171dcfee93bb\",\"name\":\"administrador\",\"image\":{\"@type\":\"ImageObject\",\"inLanguage\":\"it-IT\",\"@id\":\"https:\\\/\\\/secure.gravatar.com\\\/avatar\\\/14b5e63db38320b12031bb28cf9f77e210aa71fb3a8a3602a3c9a05134fa75eb?s=96&d=mm&r=g\",\"url\":\"https:\\\/\\\/secure.gravatar.com\\\/avatar\\\/14b5e63db38320b12031bb28cf9f77e210aa71fb3a8a3602a3c9a05134fa75eb?s=96&d=mm&r=g\",\"contentUrl\":\"https:\\\/\\\/secure.gravatar.com\\\/avatar\\\/14b5e63db38320b12031bb28cf9f77e210aa71fb3a8a3602a3c9a05134fa75eb?s=96&d=mm&r=g\",\"caption\":\"administrador\"},\"sameAs\":[\"http:\\\/\\\/pre.italcamara-es.com\"],\"url\":\"https:\\\/\\\/italcamara-es.com\\\/it\\\/author\\\/administrador\\\/\"}]}<\/script>\n<!-- \/ Yoast SEO plugin. -->","yoast_head_json":{"title":"Nuovo record dell'export spagnolo nel 2022 - Italcamara","robots":{"index":"index","follow":"follow","max-snippet":"max-snippet:-1","max-image-preview":"max-image-preview:large","max-video-preview":"max-video-preview:-1"},"canonical":"https:\/\/italcamara-es.com\/noticias\/nuevo-record-de-las-exportaciones-espanolas-en-2022\/","og_locale":"it_IT","og_type":"article","og_title":"Nuovo record dell'export spagnolo nel 2022 - Italcamara","og_description":"Il Ministero dell&#8217;Industria, del Commercio e del Turismo spagnolo ha pubblicato il rapporto sul commercio estero, gennaio-dicembre 2022, che indica che le esportazioni spagnole sono aumentate del 22,9% rispetto all&#8217;anno precedente, raggiungendo 389.208,9 milioni di euro. Di conseguenza, le esportazioni spagnole sono tornate ai massimi storici. La crescita \u00e8 stata superiore a quella registrata dalla [&hellip;]","og_url":"https:\/\/italcamara-es.com\/noticias\/nuevo-record-de-las-exportaciones-espanolas-en-2022\/","og_site_name":"Italcamara","article_published_time":"2023-02-20T09:48:50+00:00","og_image":[{"width":500,"height":280,"url":"https:\/\/italcamara-es.com\/wp-content\/uploads\/2025\/03\/export-500-6.jpg","type":"image\/jpeg"}],"author":"administrador","twitter_card":"summary_large_image","twitter_misc":{"Scritto da":"administrador","Tempo di lettura stimato":"2 minuti"},"schema":{"@context":"https:\/\/schema.org","@graph":[{"@type":"Article","@id":"https:\/\/italcamara-es.com\/noticias\/nuevo-record-de-las-exportaciones-espanolas-en-2022\/#article","isPartOf":{"@id":"https:\/\/italcamara-es.com\/noticias\/nuevo-record-de-las-exportaciones-espanolas-en-2022\/"},"author":{"name":"administrador","@id":"https:\/\/italcamara-es.com\/#\/schema\/person\/bb3c56263e405bbd9a15171dcfee93bb"},"headline":"Nuovo record dell&#8217;export spagnolo nel 2022","datePublished":"2023-02-20T09:48:50+00:00","mainEntityOfPage":{"@id":"https:\/\/italcamara-es.com\/noticias\/nuevo-record-de-las-exportaciones-espanolas-en-2022\/"},"wordCount":402,"commentCount":0,"image":{"@id":"https:\/\/italcamara-es.com\/noticias\/nuevo-record-de-las-exportaciones-espanolas-en-2022\/#primaryimage"},"thumbnailUrl":"https:\/\/italcamara-es.com\/wp-content\/uploads\/2025\/03\/export-500-6.jpg","keywords":["Notizie di Mercato"],"articleSection":["Notizie"],"inLanguage":"it-IT","potentialAction":[{"@type":"CommentAction","name":"Comment","target":["https:\/\/italcamara-es.com\/noticias\/nuevo-record-de-las-exportaciones-espanolas-en-2022\/#respond"]}]},{"@type":"WebPage","@id":"https:\/\/italcamara-es.com\/noticias\/nuevo-record-de-las-exportaciones-espanolas-en-2022\/","url":"https:\/\/italcamara-es.com\/noticias\/nuevo-record-de-las-exportaciones-espanolas-en-2022\/","name":"Nuovo record dell'export spagnolo nel 2022 - Italcamara","isPartOf":{"@id":"https:\/\/italcamara-es.com\/#website"},"primaryImageOfPage":{"@id":"https:\/\/italcamara-es.com\/noticias\/nuevo-record-de-las-exportaciones-espanolas-en-2022\/#primaryimage"},"image":{"@id":"https:\/\/italcamara-es.com\/noticias\/nuevo-record-de-las-exportaciones-espanolas-en-2022\/#primaryimage"},"thumbnailUrl":"https:\/\/italcamara-es.com\/wp-content\/uploads\/2025\/03\/export-500-6.jpg","datePublished":"2023-02-20T09:48:50+00:00","author":{"@id":"https:\/\/italcamara-es.com\/#\/schema\/person\/bb3c56263e405bbd9a15171dcfee93bb"},"breadcrumb":{"@id":"https:\/\/italcamara-es.com\/noticias\/nuevo-record-de-las-exportaciones-espanolas-en-2022\/#breadcrumb"},"inLanguage":"it-IT","potentialAction":[{"@type":"ReadAction","target":["https:\/\/italcamara-es.com\/noticias\/nuevo-record-de-las-exportaciones-espanolas-en-2022\/"]}]},{"@type":"ImageObject","inLanguage":"it-IT","@id":"https:\/\/italcamara-es.com\/noticias\/nuevo-record-de-las-exportaciones-espanolas-en-2022\/#primaryimage","url":"https:\/\/italcamara-es.com\/wp-content\/uploads\/2025\/03\/export-500-6.jpg","contentUrl":"https:\/\/italcamara-es.com\/wp-content\/uploads\/2025\/03\/export-500-6.jpg","width":500,"height":280},{"@type":"BreadcrumbList","@id":"https:\/\/italcamara-es.com\/noticias\/nuevo-record-de-las-exportaciones-espanolas-en-2022\/#breadcrumb","itemListElement":[{"@type":"ListItem","position":1,"name":"Inicio","item":"https:\/\/italcamara-es.com\/it\/homepage-ita\/"},{"@type":"ListItem","position":2,"name":"Nuovo record dell&#8217;export spagnolo nel 2022"}]},{"@type":"WebSite","@id":"https:\/\/italcamara-es.com\/#website","url":"https:\/\/italcamara-es.com\/","name":"Italcamara","description":"","potentialAction":[{"@type":"SearchAction","target":{"@type":"EntryPoint","urlTemplate":"https:\/\/italcamara-es.com\/?s={search_term_string}"},"query-input":{"@type":"PropertyValueSpecification","valueRequired":true,"valueName":"search_term_string"}}],"inLanguage":"it-IT"},{"@type":"Person","@id":"https:\/\/italcamara-es.com\/#\/schema\/person\/bb3c56263e405bbd9a15171dcfee93bb","name":"administrador","image":{"@type":"ImageObject","inLanguage":"it-IT","@id":"https:\/\/secure.gravatar.com\/avatar\/14b5e63db38320b12031bb28cf9f77e210aa71fb3a8a3602a3c9a05134fa75eb?s=96&d=mm&r=g","url":"https:\/\/secure.gravatar.com\/avatar\/14b5e63db38320b12031bb28cf9f77e210aa71fb3a8a3602a3c9a05134fa75eb?s=96&d=mm&r=g","contentUrl":"https:\/\/secure.gravatar.com\/avatar\/14b5e63db38320b12031bb28cf9f77e210aa71fb3a8a3602a3c9a05134fa75eb?s=96&d=mm&r=g","caption":"administrador"},"sameAs":["http:\/\/pre.italcamara-es.com"],"url":"https:\/\/italcamara-es.com\/it\/author\/administrador\/"}]}},"rttpg_featured_image_url":{"full":["https:\/\/italcamara-es.com\/wp-content\/uploads\/2025\/03\/export-500-6.jpg",500,280,false],"landscape":["https:\/\/italcamara-es.com\/wp-content\/uploads\/2025\/03\/export-500-6.jpg",500,280,false],"portraits":["https:\/\/italcamara-es.com\/wp-content\/uploads\/2025\/03\/export-500-6.jpg",500,280,false],"thumbnail":["https:\/\/italcamara-es.com\/wp-content\/uploads\/2025\/03\/export-500-6-150x150.jpg",150,150,true],"medium":["https:\/\/italcamara-es.com\/wp-content\/uploads\/2025\/03\/export-500-6-300x168.jpg",300,168,true],"large":["https:\/\/italcamara-es.com\/wp-content\/uploads\/2025\/03\/export-500-6.jpg",500,280,false],"1536x1536":["https:\/\/italcamara-es.com\/wp-content\/uploads\/2025\/03\/export-500-6.jpg",500,280,false],"2048x2048":["https:\/\/italcamara-es.com\/wp-content\/uploads\/2025\/03\/export-500-6.jpg",500,280,false],"ocean-thumb-m":["https:\/\/italcamara-es.com\/wp-content\/uploads\/2025\/03\/export-500-6.jpg",500,280,false],"ocean-thumb-ml":["https:\/\/italcamara-es.com\/wp-content\/uploads\/2025\/03\/export-500-6.jpg",500,280,false],"ocean-thumb-l":["https:\/\/italcamara-es.com\/wp-content\/uploads\/2025\/03\/export-500-6.jpg",500,280,false],"directorist_preview":["https:\/\/italcamara-es.com\/wp-content\/uploads\/2025\/03\/export-500-6.jpg",500,280,false]},"rttpg_author":{"display_name":"administrador","author_link":"https:\/\/italcamara-es.com\/it\/author\/administrador\/"},"rttpg_comment":0,"rttpg_category":"<a href=\"https:\/\/italcamara-es.com\/it\/category\/notizie\/\" rel=\"category tag\">Notizie<\/a>","rttpg_excerpt":"Il Ministero dell&#8217;Industria, del Commercio e del Turismo spagnolo ha pubblicato il rapporto sul commercio estero, gennaio-dicembre 2022, che indica che le esportazioni spagnole sono aumentate del 22,9% rispetto all&#8217;anno precedente, raggiungendo 389.208,9 milioni di euro. Di conseguenza, le esportazioni spagnole sono tornate ai massimi storici. La crescita \u00e8 stata superiore a quella registrata dalla&hellip;","_links":{"self":[{"href":"https:\/\/italcamara-es.com\/it\/wp-json\/wp\/v2\/posts\/56778","targetHints":{"allow":["GET"]}}],"collection":[{"href":"https:\/\/italcamara-es.com\/it\/wp-json\/wp\/v2\/posts"}],"about":[{"href":"https:\/\/italcamara-es.com\/it\/wp-json\/wp\/v2\/types\/post"}],"author":[{"embeddable":true,"href":"https:\/\/italcamara-es.com\/it\/wp-json\/wp\/v2\/users\/1"}],"replies":[{"embeddable":true,"href":"https:\/\/italcamara-es.com\/it\/wp-json\/wp\/v2\/comments?post=56778"}],"version-history":[{"count":0,"href":"https:\/\/italcamara-es.com\/it\/wp-json\/wp\/v2\/posts\/56778\/revisions"}],"wp:featuredmedia":[{"embeddable":true,"href":"https:\/\/italcamara-es.com\/it\/wp-json\/wp\/v2\/media\/53976"}],"wp:attachment":[{"href":"https:\/\/italcamara-es.com\/it\/wp-json\/wp\/v2\/media?parent=56778"}],"wp:term":[{"taxonomy":"category","embeddable":true,"href":"https:\/\/italcamara-es.com\/it\/wp-json\/wp\/v2\/categories?post=56778"},{"taxonomy":"post_tag","embeddable":true,"href":"https:\/\/italcamara-es.com\/it\/wp-json\/wp\/v2\/tags?post=56778"}],"curies":[{"name":"wp","href":"https:\/\/api.w.org\/{rel}","templated":true}]}}