	{"id":56780,"date":"2023-02-27T11:22:26","date_gmt":"2023-02-27T10:22:26","guid":{"rendered":"http:\/\/pre.italcamara-es.com\/senza-categoria\/nuova-edizione-dei-premi-sme-enterprize-di-generali\/"},"modified":"2025-09-30T14:57:14","modified_gmt":"2025-09-30T12:57:14","slug":"nuova-edizione-dei-premi-sme-enterprize-di-generali","status":"publish","type":"post","link":"https:\/\/italcamara-es.com\/it\/notizie\/nuova-edizione-dei-premi-sme-enterprize-di-generali\/","title":{"rendered":"Nuova edizione dei premi SME Enterprize di Generali"},"content":{"rendered":"\n<p>Generali sta cercando le tre PMI pi\u00f9 sostenibili della Spagna in una nuova edizione dei suoi premi SME Enterprize. Questi premi sono stati ideati per sostenere e promuovere i progetti delle piccole e medie imprese, che costituiscono pi\u00f9 del 90% del tessuto spagnolo e rappresentano pi\u00f9 del 60% dell&#8217;occupazione, e per incoraggiarle a passare a modelli pi\u00f9 sostenibili.<\/p>\n\n\n\n<p>In questa terza edizione, come nelle altre due precedenti, il premio in denaro di 90.000 euro (30.000 euro per ogni PMI) sar\u00e0 assegnato ai migliori progetti presentati in tre categorie:<\/p>\n\n\n\n<ul class=\"wp-block-list\"><li><strong>Benessere sul posto di lavoro:<\/strong> riconosce le aziende che hanno attuato misure per il benessere e l&#8217;equilibrio tra lavoro e vita privata dei dipendenti e delle loro famiglie.<\/li><li><strong>Sostenibilit\u00e0 ambientale:<\/strong> categoria che mira a distinguere le piccole e medie imprese in grado di applicare processi di riduzione del consumo di risorse e di attenzione al riciclo e al recupero delle materie prime, generando un impatto positivo sull&#8217;ambiente circostante e sull&#8217;ambiente.<\/li><li><strong>Impatto sociale<\/strong>: tiene conto delle azioni sociali sviluppate dalle PMI che hanno migliorato la comunit\u00e0 o l&#8217;ambiente in cui operano, con particolare attenzione ai gruppi pi\u00f9 svantaggiati.<\/li><\/ul>\n\n\n\n<p><\/p>\n\n\n<div class=\"wp-block-image\">\n<figure class=\"aligncenter size-large\"><img decoding=\"async\" src=\"https:\/\/www.italcamara-es.com\/wp-content\/uploads\/2023\/02\/Infografia-PREMIOS-ENTERPRIZE-1-562x1024.jpg\" alt=\"\" class=\"wp-image-32489\"\/><\/figure>\n<\/div>\n\n\n<p>Le PMI che desiderano partecipare a questa iniziativa di Generali possono presentare la propria candidatura a partire da oggi, 27 febbraio, fino al 31 maggio sul sito web della compagnia assicurativa tramite questo link <a href=\"http:\/\/www.generali.es\/seguros-empresa\/premiospymesenterprize\">www.generali.es\/seguros-empresa\/premiospymesenterprize<\/a>. I progetti vincitori saranno annunciati nel mese di luglio. I vincitori competeranno a livello internazionale con gli altri vincitori dei premi EnterPRIZE, che quest&#8217;anno si terranno anche in Austria, Francia, Germania, Italia, Ungheria, Croazia, Repubblica Ceca, Polonia e Slovenia. Una giuria di esperti selezioner\u00e0 gli Eroi della Sostenibilit\u00e0 che saranno premiati in un evento di gala che si terr\u00e0 a Bruxelles in ottobre, alla presenza delle principali autorit\u00e0 dell&#8217;UE.<\/p>\n\n\n\n<p><strong>Javier Aguirre<\/strong>, Direttore Comunicazione e Sostenibilit\u00e0 di Generali in Spagna, afferma: &#8220;<em>Sostenere le PMI nella loro trasformazione sostenibile significa aiutare l&#8217;Europa a sviluppare un&#8217;economia pi\u00f9 inclusiva e pi\u00f9 ecologica. Questi premi sono il modo migliore per dare voce a quelli che noi chiamiamo &#8216;Eroi della Sostenibilit\u00e0&#8217;. Ci sono molte piccole imprese che danno un contributo importante all&#8217;ambiente e noi vogliamo aiutarle a moltiplicare il loro impatto e a diventare un modello di ispirazione per gli altri<\/em>&#8220;.<\/p>\n\n\n\n<p>Nell&#8217;ultima edizione dei Premi EnterPRIZE 2022 sono state premiate le seguenti PMI spagnole<strong>: Faema Empleo<\/strong> di Avila ha ottenuto il primo posto nella categoria Benessere sul posto di lavoro, per il suo impegno a garantire la salute e la qualit\u00e0 della vita dei suoi lavoratori, prendendosi cura in modo completo delle persone, promuovendo l&#8217;uguaglianza, l&#8217;equilibrio tra lavoro e vita privata e lo sviluppo personale. L&#8217;azienda delle Isole Canarie <strong>Lavander\u00eda Romeral<\/strong> \u00e8 risultata vincitrice nella categoria Sostenibilit\u00e0 ambientale, per il suo processo di rinnovamento e miglioramento costante delle strutture, dei macchinari e dei processi per ridurre al minimo l&#8217;impatto sull&#8217;ambiente, utilizzando fonti di energia rinnovabili, prodotti biodegradabili e favorendo il riciclo e il riutilizzo dei materiali tessili; e l&#8217;azienda di Murcia <strong>Nuevos Sistemas Tecnol\u00f3gicos<\/strong> (NEOSITSEC), vincitrice nella categoria Impatto sociale per il suo progetto sociale NaviLens, un&#8217;applicazione gratuita per consentire alle persone ipovedenti di essere pi\u00f9 autonome e indipendenti nella loro vita quotidiana. Ciascuna di esse ha ricevuto 30.000 euro per finanziare il proprio progetto sostenibile nell&#8217;arco di 12 mesi. Quest&#8217;ultima impresa \u00e8 stata la rappresentante spagnolo di Generali al gala di Bruxelles del 26 ottobre 2022.<\/p>\n","protected":false},"excerpt":{"rendered":"<p>Generali sta cercando le tre PMI pi\u00f9 sostenibili della Spagna in una nuova edizione dei suoi premi SME Enterprize. Questi premi sono stati ideati per sostenere e promuovere i progetti delle piccole e medie imprese, che costituiscono pi\u00f9 del 90% del tessuto spagnolo e rappresentano pi\u00f9 del 60% dell&#8217;occupazione, e per incoraggiarle a passare a [&hellip;]<\/p>\n","protected":false},"author":1,"featured_media":52707,"comment_status":"open","ping_status":"open","sticky":false,"template":"","format":"standard","meta":{"inline_featured_image":false,"ocean_post_layout":"","ocean_both_sidebars_style":"","ocean_both_sidebars_content_width":0,"ocean_both_sidebars_sidebars_width":0,"ocean_sidebar":"","ocean_second_sidebar":"","ocean_disable_margins":"enable","ocean_add_body_class":"","ocean_shortcode_before_top_bar":"","ocean_shortcode_after_top_bar":"","ocean_shortcode_before_header":"","ocean_shortcode_after_header":"","ocean_has_shortcode":"","ocean_shortcode_after_title":"","ocean_shortcode_before_footer_widgets":"","ocean_shortcode_after_footer_widgets":"","ocean_shortcode_before_footer_bottom":"","ocean_shortcode_after_footer_bottom":"","ocean_display_top_bar":"default","ocean_display_header":"default","ocean_header_style":"","ocean_center_header_left_menu":"","ocean_custom_header_template":"","ocean_custom_logo":0,"ocean_custom_retina_logo":0,"ocean_custom_logo_max_width":0,"ocean_custom_logo_tablet_max_width":0,"ocean_custom_logo_mobile_max_width":0,"ocean_custom_logo_max_height":0,"ocean_custom_logo_tablet_max_height":0,"ocean_custom_logo_mobile_max_height":0,"ocean_header_custom_menu":"","ocean_menu_typo_font_family":"","ocean_menu_typo_font_subset":"","ocean_menu_typo_font_size":0,"ocean_menu_typo_font_size_tablet":0,"ocean_menu_typo_font_size_mobile":0,"ocean_menu_typo_font_size_unit":"px","ocean_menu_typo_font_weight":"","ocean_menu_typo_font_weight_tablet":"","ocean_menu_typo_font_weight_mobile":"","ocean_menu_typo_transform":"","ocean_menu_typo_transform_tablet":"","ocean_menu_typo_transform_mobile":"","ocean_menu_typo_line_height":0,"ocean_menu_typo_line_height_tablet":0,"ocean_menu_typo_line_height_mobile":0,"ocean_menu_typo_line_height_unit":"","ocean_menu_typo_spacing":0,"ocean_menu_typo_spacing_tablet":0,"ocean_menu_typo_spacing_mobile":0,"ocean_menu_typo_spacing_unit":"","ocean_menu_link_color":"","ocean_menu_link_color_hover":"","ocean_menu_link_color_active":"","ocean_menu_link_background":"","ocean_menu_link_hover_background":"","ocean_menu_link_active_background":"","ocean_menu_social_links_bg":"","ocean_menu_social_hover_links_bg":"","ocean_menu_social_links_color":"","ocean_menu_social_hover_links_color":"","ocean_disable_title":"default","ocean_disable_heading":"default","ocean_post_title":"","ocean_post_subheading":"","ocean_post_title_style":"","ocean_post_title_background_color":"","ocean_post_title_background":0,"ocean_post_title_bg_image_position":"","ocean_post_title_bg_image_attachment":"","ocean_post_title_bg_image_repeat":"","ocean_post_title_bg_image_size":"","ocean_post_title_height":0,"ocean_post_title_bg_overlay":0.5,"ocean_post_title_bg_overlay_color":"","ocean_disable_breadcrumbs":"default","ocean_breadcrumbs_color":"","ocean_breadcrumbs_separator_color":"","ocean_breadcrumbs_links_color":"","ocean_breadcrumbs_links_hover_color":"","ocean_display_footer_widgets":"default","ocean_display_footer_bottom":"default","ocean_custom_footer_template":"","ocean_post_oembed":"","ocean_post_self_hosted_media":"","ocean_post_video_embed":"","ocean_link_format":"","ocean_link_format_target":"self","ocean_quote_format":"","ocean_quote_format_link":"post","ocean_gallery_link_images":"on","ocean_gallery_id":[],"footnotes":""},"categories":[133],"tags":[206,138],"class_list":["post-56780","post","type-post","status-publish","format-standard","has-post-thumbnail","hentry","category-notizie","tag-noticias-de-socios-it","tag-notizie-di-mercato","entry","has-media"],"yoast_head":"<!-- This site is optimized with the Yoast SEO plugin v27.4 - https:\/\/yoast.com\/product\/yoast-seo-wordpress\/ -->\n<title>Nuova edizione dei premi SME Enterprize di Generali - Italcamara<\/title>\n<meta name=\"robots\" content=\"index, follow, max-snippet:-1, max-image-preview:large, max-video-preview:-1\" \/>\n<link rel=\"canonical\" href=\"https:\/\/italcamara-es.com\/noticias\/nueva-edicion-de-los-premios-sme-enterprize-de-generali\/\" \/>\n<meta property=\"og:locale\" content=\"it_IT\" \/>\n<meta property=\"og:type\" content=\"article\" \/>\n<meta property=\"og:title\" content=\"Nuova edizione dei premi SME Enterprize di Generali - Italcamara\" \/>\n<meta property=\"og:description\" content=\"Generali sta cercando le tre PMI pi\u00f9 sostenibili della Spagna in una nuova edizione dei suoi premi SME Enterprize. Questi premi sono stati ideati per sostenere e promuovere i progetti delle piccole e medie imprese, che costituiscono pi\u00f9 del 90% del tessuto spagnolo e rappresentano pi\u00f9 del 60% dell&#8217;occupazione, e per incoraggiarle a passare a [&hellip;]\" \/>\n<meta property=\"og:url\" content=\"https:\/\/italcamara-es.com\/noticias\/nueva-edicion-de-los-premios-sme-enterprize-de-generali\/\" \/>\n<meta property=\"og:site_name\" content=\"Italcamara\" \/>\n<meta property=\"article:published_time\" content=\"2023-02-27T10:22:26+00:00\" \/>\n<meta property=\"article:modified_time\" content=\"2025-09-30T12:57:14+00:00\" \/>\n<meta property=\"og:image\" content=\"https:\/\/italcamara-es.com\/wp-content\/uploads\/2025\/03\/generali-500-1.jpg\" \/>\n\t<meta property=\"og:image:width\" content=\"500\" \/>\n\t<meta property=\"og:image:height\" content=\"280\" \/>\n\t<meta property=\"og:image:type\" content=\"image\/jpeg\" \/>\n<meta name=\"author\" content=\"administrador\" \/>\n<meta name=\"twitter:card\" content=\"summary_large_image\" \/>\n<meta name=\"twitter:label1\" content=\"Scritto da\" \/>\n\t<meta name=\"twitter:data1\" content=\"administrador\" \/>\n\t<meta name=\"twitter:label2\" content=\"Tempo di lettura stimato\" \/>\n\t<meta name=\"twitter:data2\" content=\"3 minuti\" \/>\n<script type=\"application\/ld+json\" class=\"yoast-schema-graph\">{\"@context\":\"https:\\\/\\\/schema.org\",\"@graph\":[{\"@type\":\"Article\",\"@id\":\"https:\\\/\\\/italcamara-es.com\\\/noticias\\\/nueva-edicion-de-los-premios-sme-enterprize-de-generali\\\/#article\",\"isPartOf\":{\"@id\":\"https:\\\/\\\/italcamara-es.com\\\/noticias\\\/nueva-edicion-de-los-premios-sme-enterprize-de-generali\\\/\"},\"author\":{\"name\":\"administrador\",\"@id\":\"https:\\\/\\\/italcamara-es.com\\\/#\\\/schema\\\/person\\\/bb3c56263e405bbd9a15171dcfee93bb\"},\"headline\":\"Nuova edizione dei premi SME Enterprize di Generali\",\"datePublished\":\"2023-02-27T10:22:26+00:00\",\"dateModified\":\"2025-09-30T12:57:14+00:00\",\"mainEntityOfPage\":{\"@id\":\"https:\\\/\\\/italcamara-es.com\\\/noticias\\\/nueva-edicion-de-los-premios-sme-enterprize-de-generali\\\/\"},\"wordCount\":572,\"commentCount\":0,\"image\":{\"@id\":\"https:\\\/\\\/italcamara-es.com\\\/noticias\\\/nueva-edicion-de-los-premios-sme-enterprize-de-generali\\\/#primaryimage\"},\"thumbnailUrl\":\"https:\\\/\\\/italcamara-es.com\\\/wp-content\\\/uploads\\\/2025\\\/03\\\/generali-500-1.jpg\",\"keywords\":[\"Notizie dei soci\",\"Notizie di Mercato\"],\"articleSection\":[\"Notizie\"],\"inLanguage\":\"it-IT\",\"potentialAction\":[{\"@type\":\"CommentAction\",\"name\":\"Comment\",\"target\":[\"https:\\\/\\\/italcamara-es.com\\\/noticias\\\/nueva-edicion-de-los-premios-sme-enterprize-de-generali\\\/#respond\"]}]},{\"@type\":\"WebPage\",\"@id\":\"https:\\\/\\\/italcamara-es.com\\\/noticias\\\/nueva-edicion-de-los-premios-sme-enterprize-de-generali\\\/\",\"url\":\"https:\\\/\\\/italcamara-es.com\\\/noticias\\\/nueva-edicion-de-los-premios-sme-enterprize-de-generali\\\/\",\"name\":\"Nuova edizione dei premi SME Enterprize di Generali - Italcamara\",\"isPartOf\":{\"@id\":\"https:\\\/\\\/italcamara-es.com\\\/#website\"},\"primaryImageOfPage\":{\"@id\":\"https:\\\/\\\/italcamara-es.com\\\/noticias\\\/nueva-edicion-de-los-premios-sme-enterprize-de-generali\\\/#primaryimage\"},\"image\":{\"@id\":\"https:\\\/\\\/italcamara-es.com\\\/noticias\\\/nueva-edicion-de-los-premios-sme-enterprize-de-generali\\\/#primaryimage\"},\"thumbnailUrl\":\"https:\\\/\\\/italcamara-es.com\\\/wp-content\\\/uploads\\\/2025\\\/03\\\/generali-500-1.jpg\",\"datePublished\":\"2023-02-27T10:22:26+00:00\",\"dateModified\":\"2025-09-30T12:57:14+00:00\",\"author\":{\"@id\":\"https:\\\/\\\/italcamara-es.com\\\/#\\\/schema\\\/person\\\/bb3c56263e405bbd9a15171dcfee93bb\"},\"breadcrumb\":{\"@id\":\"https:\\\/\\\/italcamara-es.com\\\/noticias\\\/nueva-edicion-de-los-premios-sme-enterprize-de-generali\\\/#breadcrumb\"},\"inLanguage\":\"it-IT\",\"potentialAction\":[{\"@type\":\"ReadAction\",\"target\":[\"https:\\\/\\\/italcamara-es.com\\\/noticias\\\/nueva-edicion-de-los-premios-sme-enterprize-de-generali\\\/\"]}]},{\"@type\":\"ImageObject\",\"inLanguage\":\"it-IT\",\"@id\":\"https:\\\/\\\/italcamara-es.com\\\/noticias\\\/nueva-edicion-de-los-premios-sme-enterprize-de-generali\\\/#primaryimage\",\"url\":\"https:\\\/\\\/italcamara-es.com\\\/wp-content\\\/uploads\\\/2025\\\/03\\\/generali-500-1.jpg\",\"contentUrl\":\"https:\\\/\\\/italcamara-es.com\\\/wp-content\\\/uploads\\\/2025\\\/03\\\/generali-500-1.jpg\",\"width\":500,\"height\":280},{\"@type\":\"BreadcrumbList\",\"@id\":\"https:\\\/\\\/italcamara-es.com\\\/noticias\\\/nueva-edicion-de-los-premios-sme-enterprize-de-generali\\\/#breadcrumb\",\"itemListElement\":[{\"@type\":\"ListItem\",\"position\":1,\"name\":\"Inicio\",\"item\":\"https:\\\/\\\/italcamara-es.com\\\/it\\\/homepage-ita\\\/\"},{\"@type\":\"ListItem\",\"position\":2,\"name\":\"Nuova edizione dei premi SME Enterprize di Generali\"}]},{\"@type\":\"WebSite\",\"@id\":\"https:\\\/\\\/italcamara-es.com\\\/#website\",\"url\":\"https:\\\/\\\/italcamara-es.com\\\/\",\"name\":\"Italcamara\",\"description\":\"\",\"potentialAction\":[{\"@type\":\"SearchAction\",\"target\":{\"@type\":\"EntryPoint\",\"urlTemplate\":\"https:\\\/\\\/italcamara-es.com\\\/?s={search_term_string}\"},\"query-input\":{\"@type\":\"PropertyValueSpecification\",\"valueRequired\":true,\"valueName\":\"search_term_string\"}}],\"inLanguage\":\"it-IT\"},{\"@type\":\"Person\",\"@id\":\"https:\\\/\\\/italcamara-es.com\\\/#\\\/schema\\\/person\\\/bb3c56263e405bbd9a15171dcfee93bb\",\"name\":\"administrador\",\"image\":{\"@type\":\"ImageObject\",\"inLanguage\":\"it-IT\",\"@id\":\"https:\\\/\\\/secure.gravatar.com\\\/avatar\\\/14b5e63db38320b12031bb28cf9f77e210aa71fb3a8a3602a3c9a05134fa75eb?s=96&d=mm&r=g\",\"url\":\"https:\\\/\\\/secure.gravatar.com\\\/avatar\\\/14b5e63db38320b12031bb28cf9f77e210aa71fb3a8a3602a3c9a05134fa75eb?s=96&d=mm&r=g\",\"contentUrl\":\"https:\\\/\\\/secure.gravatar.com\\\/avatar\\\/14b5e63db38320b12031bb28cf9f77e210aa71fb3a8a3602a3c9a05134fa75eb?s=96&d=mm&r=g\",\"caption\":\"administrador\"},\"sameAs\":[\"http:\\\/\\\/pre.italcamara-es.com\"],\"url\":\"https:\\\/\\\/italcamara-es.com\\\/it\\\/author\\\/administrador\\\/\"}]}<\/script>\n<!-- \/ Yoast SEO plugin. -->","yoast_head_json":{"title":"Nuova edizione dei premi SME Enterprize di Generali - Italcamara","robots":{"index":"index","follow":"follow","max-snippet":"max-snippet:-1","max-image-preview":"max-image-preview:large","max-video-preview":"max-video-preview:-1"},"canonical":"https:\/\/italcamara-es.com\/noticias\/nueva-edicion-de-los-premios-sme-enterprize-de-generali\/","og_locale":"it_IT","og_type":"article","og_title":"Nuova edizione dei premi SME Enterprize di Generali - Italcamara","og_description":"Generali sta cercando le tre PMI pi\u00f9 sostenibili della Spagna in una nuova edizione dei suoi premi SME Enterprize. Questi premi sono stati ideati per sostenere e promuovere i progetti delle piccole e medie imprese, che costituiscono pi\u00f9 del 90% del tessuto spagnolo e rappresentano pi\u00f9 del 60% dell&#8217;occupazione, e per incoraggiarle a passare a [&hellip;]","og_url":"https:\/\/italcamara-es.com\/noticias\/nueva-edicion-de-los-premios-sme-enterprize-de-generali\/","og_site_name":"Italcamara","article_published_time":"2023-02-27T10:22:26+00:00","article_modified_time":"2025-09-30T12:57:14+00:00","og_image":[{"width":500,"height":280,"url":"https:\/\/italcamara-es.com\/wp-content\/uploads\/2025\/03\/generali-500-1.jpg","type":"image\/jpeg"}],"author":"administrador","twitter_card":"summary_large_image","twitter_misc":{"Scritto da":"administrador","Tempo di lettura stimato":"3 minuti"},"schema":{"@context":"https:\/\/schema.org","@graph":[{"@type":"Article","@id":"https:\/\/italcamara-es.com\/noticias\/nueva-edicion-de-los-premios-sme-enterprize-de-generali\/#article","isPartOf":{"@id":"https:\/\/italcamara-es.com\/noticias\/nueva-edicion-de-los-premios-sme-enterprize-de-generali\/"},"author":{"name":"administrador","@id":"https:\/\/italcamara-es.com\/#\/schema\/person\/bb3c56263e405bbd9a15171dcfee93bb"},"headline":"Nuova edizione dei premi SME Enterprize di Generali","datePublished":"2023-02-27T10:22:26+00:00","dateModified":"2025-09-30T12:57:14+00:00","mainEntityOfPage":{"@id":"https:\/\/italcamara-es.com\/noticias\/nueva-edicion-de-los-premios-sme-enterprize-de-generali\/"},"wordCount":572,"commentCount":0,"image":{"@id":"https:\/\/italcamara-es.com\/noticias\/nueva-edicion-de-los-premios-sme-enterprize-de-generali\/#primaryimage"},"thumbnailUrl":"https:\/\/italcamara-es.com\/wp-content\/uploads\/2025\/03\/generali-500-1.jpg","keywords":["Notizie dei soci","Notizie di Mercato"],"articleSection":["Notizie"],"inLanguage":"it-IT","potentialAction":[{"@type":"CommentAction","name":"Comment","target":["https:\/\/italcamara-es.com\/noticias\/nueva-edicion-de-los-premios-sme-enterprize-de-generali\/#respond"]}]},{"@type":"WebPage","@id":"https:\/\/italcamara-es.com\/noticias\/nueva-edicion-de-los-premios-sme-enterprize-de-generali\/","url":"https:\/\/italcamara-es.com\/noticias\/nueva-edicion-de-los-premios-sme-enterprize-de-generali\/","name":"Nuova edizione dei premi SME Enterprize di Generali - Italcamara","isPartOf":{"@id":"https:\/\/italcamara-es.com\/#website"},"primaryImageOfPage":{"@id":"https:\/\/italcamara-es.com\/noticias\/nueva-edicion-de-los-premios-sme-enterprize-de-generali\/#primaryimage"},"image":{"@id":"https:\/\/italcamara-es.com\/noticias\/nueva-edicion-de-los-premios-sme-enterprize-de-generali\/#primaryimage"},"thumbnailUrl":"https:\/\/italcamara-es.com\/wp-content\/uploads\/2025\/03\/generali-500-1.jpg","datePublished":"2023-02-27T10:22:26+00:00","dateModified":"2025-09-30T12:57:14+00:00","author":{"@id":"https:\/\/italcamara-es.com\/#\/schema\/person\/bb3c56263e405bbd9a15171dcfee93bb"},"breadcrumb":{"@id":"https:\/\/italcamara-es.com\/noticias\/nueva-edicion-de-los-premios-sme-enterprize-de-generali\/#breadcrumb"},"inLanguage":"it-IT","potentialAction":[{"@type":"ReadAction","target":["https:\/\/italcamara-es.com\/noticias\/nueva-edicion-de-los-premios-sme-enterprize-de-generali\/"]}]},{"@type":"ImageObject","inLanguage":"it-IT","@id":"https:\/\/italcamara-es.com\/noticias\/nueva-edicion-de-los-premios-sme-enterprize-de-generali\/#primaryimage","url":"https:\/\/italcamara-es.com\/wp-content\/uploads\/2025\/03\/generali-500-1.jpg","contentUrl":"https:\/\/italcamara-es.com\/wp-content\/uploads\/2025\/03\/generali-500-1.jpg","width":500,"height":280},{"@type":"BreadcrumbList","@id":"https:\/\/italcamara-es.com\/noticias\/nueva-edicion-de-los-premios-sme-enterprize-de-generali\/#breadcrumb","itemListElement":[{"@type":"ListItem","position":1,"name":"Inicio","item":"https:\/\/italcamara-es.com\/it\/homepage-ita\/"},{"@type":"ListItem","position":2,"name":"Nuova edizione dei premi SME Enterprize di Generali"}]},{"@type":"WebSite","@id":"https:\/\/italcamara-es.com\/#website","url":"https:\/\/italcamara-es.com\/","name":"Italcamara","description":"","potentialAction":[{"@type":"SearchAction","target":{"@type":"EntryPoint","urlTemplate":"https:\/\/italcamara-es.com\/?s={search_term_string}"},"query-input":{"@type":"PropertyValueSpecification","valueRequired":true,"valueName":"search_term_string"}}],"inLanguage":"it-IT"},{"@type":"Person","@id":"https:\/\/italcamara-es.com\/#\/schema\/person\/bb3c56263e405bbd9a15171dcfee93bb","name":"administrador","image":{"@type":"ImageObject","inLanguage":"it-IT","@id":"https:\/\/secure.gravatar.com\/avatar\/14b5e63db38320b12031bb28cf9f77e210aa71fb3a8a3602a3c9a05134fa75eb?s=96&d=mm&r=g","url":"https:\/\/secure.gravatar.com\/avatar\/14b5e63db38320b12031bb28cf9f77e210aa71fb3a8a3602a3c9a05134fa75eb?s=96&d=mm&r=g","contentUrl":"https:\/\/secure.gravatar.com\/avatar\/14b5e63db38320b12031bb28cf9f77e210aa71fb3a8a3602a3c9a05134fa75eb?s=96&d=mm&r=g","caption":"administrador"},"sameAs":["http:\/\/pre.italcamara-es.com"],"url":"https:\/\/italcamara-es.com\/it\/author\/administrador\/"}]}},"rttpg_featured_image_url":{"full":["https:\/\/italcamara-es.com\/wp-content\/uploads\/2025\/03\/generali-500-1.jpg",500,280,false],"landscape":["https:\/\/italcamara-es.com\/wp-content\/uploads\/2025\/03\/generali-500-1.jpg",500,280,false],"portraits":["https:\/\/italcamara-es.com\/wp-content\/uploads\/2025\/03\/generali-500-1.jpg",500,280,false],"thumbnail":["https:\/\/italcamara-es.com\/wp-content\/uploads\/2025\/03\/generali-500-1-150x150.jpg",150,150,true],"medium":["https:\/\/italcamara-es.com\/wp-content\/uploads\/2025\/03\/generali-500-1-300x168.jpg",300,168,true],"large":["https:\/\/italcamara-es.com\/wp-content\/uploads\/2025\/03\/generali-500-1.jpg",500,280,false],"1536x1536":["https:\/\/italcamara-es.com\/wp-content\/uploads\/2025\/03\/generali-500-1.jpg",500,280,false],"2048x2048":["https:\/\/italcamara-es.com\/wp-content\/uploads\/2025\/03\/generali-500-1.jpg",500,280,false],"ocean-thumb-m":["https:\/\/italcamara-es.com\/wp-content\/uploads\/2025\/03\/generali-500-1.jpg",500,280,false],"ocean-thumb-ml":["https:\/\/italcamara-es.com\/wp-content\/uploads\/2025\/03\/generali-500-1.jpg",500,280,false],"ocean-thumb-l":["https:\/\/italcamara-es.com\/wp-content\/uploads\/2025\/03\/generali-500-1.jpg",500,280,false],"directorist_preview":["https:\/\/italcamara-es.com\/wp-content\/uploads\/2025\/03\/generali-500-1.jpg",500,280,false]},"rttpg_author":{"display_name":"administrador","author_link":"https:\/\/italcamara-es.com\/it\/author\/administrador\/"},"rttpg_comment":0,"rttpg_category":"<a href=\"https:\/\/italcamara-es.com\/it\/category\/notizie\/\" rel=\"category tag\">Notizie<\/a>","rttpg_excerpt":"Generali sta cercando le tre PMI pi\u00f9 sostenibili della Spagna in una nuova edizione dei suoi premi SME Enterprize. Questi premi sono stati ideati per sostenere e promuovere i progetti delle piccole e medie imprese, che costituiscono pi\u00f9 del 90% del tessuto spagnolo e rappresentano pi\u00f9 del 60% dell&#8217;occupazione, e per incoraggiarle a passare a&hellip;","_links":{"self":[{"href":"https:\/\/italcamara-es.com\/it\/wp-json\/wp\/v2\/posts\/56780","targetHints":{"allow":["GET"]}}],"collection":[{"href":"https:\/\/italcamara-es.com\/it\/wp-json\/wp\/v2\/posts"}],"about":[{"href":"https:\/\/italcamara-es.com\/it\/wp-json\/wp\/v2\/types\/post"}],"author":[{"embeddable":true,"href":"https:\/\/italcamara-es.com\/it\/wp-json\/wp\/v2\/users\/1"}],"replies":[{"embeddable":true,"href":"https:\/\/italcamara-es.com\/it\/wp-json\/wp\/v2\/comments?post=56780"}],"version-history":[{"count":1,"href":"https:\/\/italcamara-es.com\/it\/wp-json\/wp\/v2\/posts\/56780\/revisions"}],"predecessor-version":[{"id":57103,"href":"https:\/\/italcamara-es.com\/it\/wp-json\/wp\/v2\/posts\/56780\/revisions\/57103"}],"wp:featuredmedia":[{"embeddable":true,"href":"https:\/\/italcamara-es.com\/it\/wp-json\/wp\/v2\/media\/52707"}],"wp:attachment":[{"href":"https:\/\/italcamara-es.com\/it\/wp-json\/wp\/v2\/media?parent=56780"}],"wp:term":[{"taxonomy":"category","embeddable":true,"href":"https:\/\/italcamara-es.com\/it\/wp-json\/wp\/v2\/categories?post=56780"},{"taxonomy":"post_tag","embeddable":true,"href":"https:\/\/italcamara-es.com\/it\/wp-json\/wp\/v2\/tags?post=56780"}],"curies":[{"name":"wp","href":"https:\/\/api.w.org\/{rel}","templated":true}]}}