	{"id":56795,"date":"2023-05-08T08:14:42","date_gmt":"2023-05-08T06:14:42","guid":{"rendered":"http:\/\/pre.italcamara-es.com\/senza-categoria\/dati-positivi-per-il-settore-turistico-in-spagna-nel-primo-trimestre-dellanno\/"},"modified":"2023-05-08T08:14:42","modified_gmt":"2023-05-08T06:14:42","slug":"dati-positivi-per-il-settore-turistico-in-spagna-nel-primo-trimestre-dellanno","status":"publish","type":"post","link":"https:\/\/italcamara-es.com\/it\/notizie\/dati-positivi-per-il-settore-turistico-in-spagna-nel-primo-trimestre-dellanno\/","title":{"rendered":"Dati positivi per il settore turistico in Spagna nel primo trimestre dell&#8217;anno"},"content":{"rendered":"\n<p>Nel primo trimestre di quest&#8217;anno, la Spagna \u00e8 stata visitata da <strong>13,7 milioni di turisti internazionali<\/strong>, il 41,2% in pi\u00f9 rispetto allo stesso periodo del 2022, la cui spesa totale \u00e8 stata di <strong>17,201 miliardi di euro<\/strong>, anch&#8217;essa in aumento del 44,7% rispetto allo stesso trimestre dell&#8217;anno precedente.<\/p>\n\n\n\n<p>I dati, corrispondenti alla Statistica sui movimenti turistici alle frontiere (Frontur) e all&#8217;Indagine sulle spese turistiche (Egatur) e pubblicati dall&#8217;Istituto Nazionale di Statistica (INE), indicano che <strong>a marzo<\/strong> in particolare si sono recati in Spagna <strong>5,3 milioni di visitatori<\/strong> (+30% rispetto a marzo 2022), che hanno speso complessivamente 6657 milioni di euro, il 31,1% in pi\u00f9 rispetto a un anno fa, tra viaggi e soggiorno.<\/p>\n\n\n\n<p>In termini di <strong>spesa media per turista<\/strong>, a marzo si \u00e8 attestata a 1266 euro, con un aumento annuo dello 0,7% e una spesa media giornaliera cresciuta anch&#8217;essa del 6,6%, a 168 euro. Relativamente alla durata del soggiorno, <strong>la durata media<\/strong> dei viaggi dei turisti internazionali \u00e8 stata di 7,6 giorni, un dato simile a quello di un anno fa.<\/p>\n\n\n\n<p class=\"has-medium-font-size\"><strong>Turisti internazionali e spese<\/strong><\/p>\n\n\n\n<p><strong>Relativamente ai Paesi<\/strong>, il Regno Unito, che continua a guidare il mercato del turismo in uscita con 1,1 milioni di visitatori, ha registrato una crescita significativa a marzo (29,4%) rispetto allo stesso mese del 2022. La Germania con 673.584 turisti (10,7% in pi\u00f9 su base annua) e la Francia con 613.323 turisti (un aumento del 34,1% rispetto a un anno fa) sono i Paesi che seguono in termini di volume di visite. Tra gli altri Paesi, spicca la crescita annuale dei turisti provenienti dagli Stati Uniti, che \u00e8 il Paese con la crescita maggiore a marzo (74,1% in pi\u00f9 rispetto a marzo 2022), dal Portogallo (51,1% in pi\u00f9 rispetto a un anno fa) e dall&#8217;Italia (35% in pi\u00f9).<\/p>\n\n\n\n<p><strong>Per quanto riguarda le destinazioni preferite<\/strong>, la prima \u00e8 rappresentata dalle Isole Canarie &#8211; 24,7% del totale &#8211; con 1,3 milioni di turisti, il 15,5% in pi\u00f9 rispetto a un anno fa, provenienti soprattutto dal Regno Unito (con il 35,2% del totale) e dalla Germania (18,4%). Segue la Catalogna &#8211; 19,5% &#8211; con oltre un milione di visitatori internazionali, il 44,9% in pi\u00f9 rispetto allo stesso mese del 2022. In termini di Paesi di provenienza, il 19,5% dei visitatori proveniva dalla Francia e il 9,8% dall&#8217;Italia. La terza principale comunit\u00e0 di destinazione per numero di turisti \u00e8 l&#8217;Andalusia, con 803.139 visitatori a marzo e un aumento annuale del 31,7%. Il Regno Unito \u00e8 il principale Paese di provenienza (con il 26,6% del totale), seguito dai Paesi nordici (10,1%).<\/p>\n\n\n\n<p><strong>Nel trimestre accumulato<\/strong>, le comunit\u00e0 che ricevono pi\u00f9 turisti sono le Isole Canarie (con oltre 3,7 milioni e un aumento del 30,9% rispetto allo stesso periodo del 2022), la Catalogna (con quasi 2,8 milioni e un aumento del 53,4%) e l&#8217;Andalusia (con quasi 2,0 milioni e un aumento del 46,2%). Nel resto delle comunit\u00e0, spiccano gli aumenti in termini annuali del numero di turisti del 34,8% nella Comunit\u00e0 di Valencia, del 32,8% nella Comunit\u00e0 di Madrid e del 17,5% nelle Isole Baleari.<\/p>\n","protected":false},"excerpt":{"rendered":"<p>Nel primo trimestre di quest&#8217;anno, la Spagna \u00e8 stata visitata da 13,7 milioni di turisti internazionali, il 41,2% in pi\u00f9 rispetto allo stesso periodo del 2022, la cui spesa totale \u00e8 stata di 17,201 miliardi di euro, anch&#8217;essa in aumento del 44,7% rispetto allo stesso trimestre dell&#8217;anno precedente. I dati, corrispondenti alla Statistica sui movimenti [&hellip;]<\/p>\n","protected":false},"author":1,"featured_media":54004,"comment_status":"open","ping_status":"open","sticky":false,"template":"","format":"standard","meta":{"inline_featured_image":false,"ocean_post_layout":"","ocean_both_sidebars_style":"","ocean_both_sidebars_content_width":0,"ocean_both_sidebars_sidebars_width":0,"ocean_sidebar":"","ocean_second_sidebar":"","ocean_disable_margins":"enable","ocean_add_body_class":"","ocean_shortcode_before_top_bar":"","ocean_shortcode_after_top_bar":"","ocean_shortcode_before_header":"","ocean_shortcode_after_header":"","ocean_has_shortcode":"","ocean_shortcode_after_title":"","ocean_shortcode_before_footer_widgets":"","ocean_shortcode_after_footer_widgets":"","ocean_shortcode_before_footer_bottom":"","ocean_shortcode_after_footer_bottom":"","ocean_display_top_bar":"default","ocean_display_header":"default","ocean_header_style":"","ocean_center_header_left_menu":"","ocean_custom_header_template":"","ocean_custom_logo":0,"ocean_custom_retina_logo":0,"ocean_custom_logo_max_width":0,"ocean_custom_logo_tablet_max_width":0,"ocean_custom_logo_mobile_max_width":0,"ocean_custom_logo_max_height":0,"ocean_custom_logo_tablet_max_height":0,"ocean_custom_logo_mobile_max_height":0,"ocean_header_custom_menu":"","ocean_menu_typo_font_family":"","ocean_menu_typo_font_subset":"","ocean_menu_typo_font_size":0,"ocean_menu_typo_font_size_tablet":0,"ocean_menu_typo_font_size_mobile":0,"ocean_menu_typo_font_size_unit":"px","ocean_menu_typo_font_weight":"","ocean_menu_typo_font_weight_tablet":"","ocean_menu_typo_font_weight_mobile":"","ocean_menu_typo_transform":"","ocean_menu_typo_transform_tablet":"","ocean_menu_typo_transform_mobile":"","ocean_menu_typo_line_height":0,"ocean_menu_typo_line_height_tablet":0,"ocean_menu_typo_line_height_mobile":0,"ocean_menu_typo_line_height_unit":"","ocean_menu_typo_spacing":0,"ocean_menu_typo_spacing_tablet":0,"ocean_menu_typo_spacing_mobile":0,"ocean_menu_typo_spacing_unit":"","ocean_menu_link_color":"","ocean_menu_link_color_hover":"","ocean_menu_link_color_active":"","ocean_menu_link_background":"","ocean_menu_link_hover_background":"","ocean_menu_link_active_background":"","ocean_menu_social_links_bg":"","ocean_menu_social_hover_links_bg":"","ocean_menu_social_links_color":"","ocean_menu_social_hover_links_color":"","ocean_disable_title":"default","ocean_disable_heading":"default","ocean_post_title":"","ocean_post_subheading":"","ocean_post_title_style":"","ocean_post_title_background_color":"","ocean_post_title_background":0,"ocean_post_title_bg_image_position":"","ocean_post_title_bg_image_attachment":"","ocean_post_title_bg_image_repeat":"","ocean_post_title_bg_image_size":"","ocean_post_title_height":0,"ocean_post_title_bg_overlay":0.5,"ocean_post_title_bg_overlay_color":"","ocean_disable_breadcrumbs":"default","ocean_breadcrumbs_color":"","ocean_breadcrumbs_separator_color":"","ocean_breadcrumbs_links_color":"","ocean_breadcrumbs_links_hover_color":"","ocean_display_footer_widgets":"default","ocean_display_footer_bottom":"default","ocean_custom_footer_template":"","ocean_post_oembed":"","ocean_post_self_hosted_media":"","ocean_post_video_embed":"","ocean_link_format":"","ocean_link_format_target":"self","ocean_quote_format":"","ocean_quote_format_link":"post","ocean_gallery_link_images":"on","ocean_gallery_id":[],"footnotes":""},"categories":[133],"tags":[138],"class_list":["post-56795","post","type-post","status-publish","format-standard","has-post-thumbnail","hentry","category-notizie","tag-notizie-di-mercato","entry","has-media"],"yoast_head":"<!-- This site is optimized with the Yoast SEO plugin v27.4 - https:\/\/yoast.com\/product\/yoast-seo-wordpress\/ -->\n<title>Dati positivi per il settore turistico in Spagna nel primo trimestre dell&#039;anno - Italcamara<\/title>\n<meta name=\"robots\" content=\"index, follow, max-snippet:-1, max-image-preview:large, max-video-preview:-1\" \/>\n<link rel=\"canonical\" href=\"https:\/\/italcamara-es.com\/noticias\/datos-positivos-para-el-sector-turistico-en-espana-en-el-primer-trimestre-del-ano\/\" \/>\n<meta property=\"og:locale\" content=\"it_IT\" \/>\n<meta property=\"og:type\" content=\"article\" \/>\n<meta property=\"og:title\" content=\"Dati positivi per il settore turistico in Spagna nel primo trimestre dell&#039;anno - Italcamara\" \/>\n<meta property=\"og:description\" content=\"Nel primo trimestre di quest&#8217;anno, la Spagna \u00e8 stata visitata da 13,7 milioni di turisti internazionali, il 41,2% in pi\u00f9 rispetto allo stesso periodo del 2022, la cui spesa totale \u00e8 stata di 17,201 miliardi di euro, anch&#8217;essa in aumento del 44,7% rispetto allo stesso trimestre dell&#8217;anno precedente. I dati, corrispondenti alla Statistica sui movimenti [&hellip;]\" \/>\n<meta property=\"og:url\" content=\"https:\/\/italcamara-es.com\/noticias\/datos-positivos-para-el-sector-turistico-en-espana-en-el-primer-trimestre-del-ano\/\" \/>\n<meta property=\"og:site_name\" content=\"Italcamara\" \/>\n<meta property=\"article:published_time\" content=\"2023-05-08T06:14:42+00:00\" \/>\n<meta property=\"og:image\" content=\"https:\/\/italcamara-es.com\/wp-content\/uploads\/2025\/03\/Turismo-Espana-500.png\" \/>\n\t<meta property=\"og:image:width\" content=\"500\" \/>\n\t<meta property=\"og:image:height\" content=\"280\" \/>\n\t<meta property=\"og:image:type\" content=\"image\/png\" \/>\n<meta name=\"author\" content=\"administrador\" \/>\n<meta name=\"twitter:card\" content=\"summary_large_image\" \/>\n<meta name=\"twitter:label1\" content=\"Scritto da\" \/>\n\t<meta name=\"twitter:data1\" content=\"administrador\" \/>\n\t<meta name=\"twitter:label2\" content=\"Tempo di lettura stimato\" \/>\n\t<meta name=\"twitter:data2\" content=\"2 minuti\" \/>\n<script type=\"application\/ld+json\" class=\"yoast-schema-graph\">{\"@context\":\"https:\\\/\\\/schema.org\",\"@graph\":[{\"@type\":\"Article\",\"@id\":\"https:\\\/\\\/italcamara-es.com\\\/noticias\\\/datos-positivos-para-el-sector-turistico-en-espana-en-el-primer-trimestre-del-ano\\\/#article\",\"isPartOf\":{\"@id\":\"https:\\\/\\\/italcamara-es.com\\\/noticias\\\/datos-positivos-para-el-sector-turistico-en-espana-en-el-primer-trimestre-del-ano\\\/\"},\"author\":{\"name\":\"administrador\",\"@id\":\"https:\\\/\\\/italcamara-es.com\\\/#\\\/schema\\\/person\\\/bb3c56263e405bbd9a15171dcfee93bb\"},\"headline\":\"Dati positivi per il settore turistico in Spagna nel primo trimestre dell&#8217;anno\",\"datePublished\":\"2023-05-08T06:14:42+00:00\",\"mainEntityOfPage\":{\"@id\":\"https:\\\/\\\/italcamara-es.com\\\/noticias\\\/datos-positivos-para-el-sector-turistico-en-espana-en-el-primer-trimestre-del-ano\\\/\"},\"wordCount\":470,\"commentCount\":0,\"image\":{\"@id\":\"https:\\\/\\\/italcamara-es.com\\\/noticias\\\/datos-positivos-para-el-sector-turistico-en-espana-en-el-primer-trimestre-del-ano\\\/#primaryimage\"},\"thumbnailUrl\":\"https:\\\/\\\/italcamara-es.com\\\/wp-content\\\/uploads\\\/2025\\\/03\\\/Turismo-Espana-500.png\",\"keywords\":[\"Notizie di Mercato\"],\"articleSection\":[\"Notizie\"],\"inLanguage\":\"it-IT\",\"potentialAction\":[{\"@type\":\"CommentAction\",\"name\":\"Comment\",\"target\":[\"https:\\\/\\\/italcamara-es.com\\\/noticias\\\/datos-positivos-para-el-sector-turistico-en-espana-en-el-primer-trimestre-del-ano\\\/#respond\"]}]},{\"@type\":\"WebPage\",\"@id\":\"https:\\\/\\\/italcamara-es.com\\\/noticias\\\/datos-positivos-para-el-sector-turistico-en-espana-en-el-primer-trimestre-del-ano\\\/\",\"url\":\"https:\\\/\\\/italcamara-es.com\\\/noticias\\\/datos-positivos-para-el-sector-turistico-en-espana-en-el-primer-trimestre-del-ano\\\/\",\"name\":\"Dati positivi per il settore turistico in Spagna nel primo trimestre dell'anno - Italcamara\",\"isPartOf\":{\"@id\":\"https:\\\/\\\/italcamara-es.com\\\/#website\"},\"primaryImageOfPage\":{\"@id\":\"https:\\\/\\\/italcamara-es.com\\\/noticias\\\/datos-positivos-para-el-sector-turistico-en-espana-en-el-primer-trimestre-del-ano\\\/#primaryimage\"},\"image\":{\"@id\":\"https:\\\/\\\/italcamara-es.com\\\/noticias\\\/datos-positivos-para-el-sector-turistico-en-espana-en-el-primer-trimestre-del-ano\\\/#primaryimage\"},\"thumbnailUrl\":\"https:\\\/\\\/italcamara-es.com\\\/wp-content\\\/uploads\\\/2025\\\/03\\\/Turismo-Espana-500.png\",\"datePublished\":\"2023-05-08T06:14:42+00:00\",\"author\":{\"@id\":\"https:\\\/\\\/italcamara-es.com\\\/#\\\/schema\\\/person\\\/bb3c56263e405bbd9a15171dcfee93bb\"},\"breadcrumb\":{\"@id\":\"https:\\\/\\\/italcamara-es.com\\\/noticias\\\/datos-positivos-para-el-sector-turistico-en-espana-en-el-primer-trimestre-del-ano\\\/#breadcrumb\"},\"inLanguage\":\"it-IT\",\"potentialAction\":[{\"@type\":\"ReadAction\",\"target\":[\"https:\\\/\\\/italcamara-es.com\\\/noticias\\\/datos-positivos-para-el-sector-turistico-en-espana-en-el-primer-trimestre-del-ano\\\/\"]}]},{\"@type\":\"ImageObject\",\"inLanguage\":\"it-IT\",\"@id\":\"https:\\\/\\\/italcamara-es.com\\\/noticias\\\/datos-positivos-para-el-sector-turistico-en-espana-en-el-primer-trimestre-del-ano\\\/#primaryimage\",\"url\":\"https:\\\/\\\/italcamara-es.com\\\/wp-content\\\/uploads\\\/2025\\\/03\\\/Turismo-Espana-500.png\",\"contentUrl\":\"https:\\\/\\\/italcamara-es.com\\\/wp-content\\\/uploads\\\/2025\\\/03\\\/Turismo-Espana-500.png\",\"width\":500,\"height\":280},{\"@type\":\"BreadcrumbList\",\"@id\":\"https:\\\/\\\/italcamara-es.com\\\/noticias\\\/datos-positivos-para-el-sector-turistico-en-espana-en-el-primer-trimestre-del-ano\\\/#breadcrumb\",\"itemListElement\":[{\"@type\":\"ListItem\",\"position\":1,\"name\":\"Inicio\",\"item\":\"https:\\\/\\\/italcamara-es.com\\\/it\\\/homepage-ita\\\/\"},{\"@type\":\"ListItem\",\"position\":2,\"name\":\"Dati positivi per il settore turistico in Spagna nel primo trimestre dell&#8217;anno\"}]},{\"@type\":\"WebSite\",\"@id\":\"https:\\\/\\\/italcamara-es.com\\\/#website\",\"url\":\"https:\\\/\\\/italcamara-es.com\\\/\",\"name\":\"Italcamara\",\"description\":\"\",\"potentialAction\":[{\"@type\":\"SearchAction\",\"target\":{\"@type\":\"EntryPoint\",\"urlTemplate\":\"https:\\\/\\\/italcamara-es.com\\\/?s={search_term_string}\"},\"query-input\":{\"@type\":\"PropertyValueSpecification\",\"valueRequired\":true,\"valueName\":\"search_term_string\"}}],\"inLanguage\":\"it-IT\"},{\"@type\":\"Person\",\"@id\":\"https:\\\/\\\/italcamara-es.com\\\/#\\\/schema\\\/person\\\/bb3c56263e405bbd9a15171dcfee93bb\",\"name\":\"administrador\",\"image\":{\"@type\":\"ImageObject\",\"inLanguage\":\"it-IT\",\"@id\":\"https:\\\/\\\/secure.gravatar.com\\\/avatar\\\/14b5e63db38320b12031bb28cf9f77e210aa71fb3a8a3602a3c9a05134fa75eb?s=96&d=mm&r=g\",\"url\":\"https:\\\/\\\/secure.gravatar.com\\\/avatar\\\/14b5e63db38320b12031bb28cf9f77e210aa71fb3a8a3602a3c9a05134fa75eb?s=96&d=mm&r=g\",\"contentUrl\":\"https:\\\/\\\/secure.gravatar.com\\\/avatar\\\/14b5e63db38320b12031bb28cf9f77e210aa71fb3a8a3602a3c9a05134fa75eb?s=96&d=mm&r=g\",\"caption\":\"administrador\"},\"sameAs\":[\"http:\\\/\\\/pre.italcamara-es.com\"],\"url\":\"https:\\\/\\\/italcamara-es.com\\\/it\\\/author\\\/administrador\\\/\"}]}<\/script>\n<!-- \/ Yoast SEO plugin. -->","yoast_head_json":{"title":"Dati positivi per il settore turistico in Spagna nel primo trimestre dell'anno - Italcamara","robots":{"index":"index","follow":"follow","max-snippet":"max-snippet:-1","max-image-preview":"max-image-preview:large","max-video-preview":"max-video-preview:-1"},"canonical":"https:\/\/italcamara-es.com\/noticias\/datos-positivos-para-el-sector-turistico-en-espana-en-el-primer-trimestre-del-ano\/","og_locale":"it_IT","og_type":"article","og_title":"Dati positivi per il settore turistico in Spagna nel primo trimestre dell'anno - Italcamara","og_description":"Nel primo trimestre di quest&#8217;anno, la Spagna \u00e8 stata visitata da 13,7 milioni di turisti internazionali, il 41,2% in pi\u00f9 rispetto allo stesso periodo del 2022, la cui spesa totale \u00e8 stata di 17,201 miliardi di euro, anch&#8217;essa in aumento del 44,7% rispetto allo stesso trimestre dell&#8217;anno precedente. I dati, corrispondenti alla Statistica sui movimenti [&hellip;]","og_url":"https:\/\/italcamara-es.com\/noticias\/datos-positivos-para-el-sector-turistico-en-espana-en-el-primer-trimestre-del-ano\/","og_site_name":"Italcamara","article_published_time":"2023-05-08T06:14:42+00:00","og_image":[{"width":500,"height":280,"url":"https:\/\/italcamara-es.com\/wp-content\/uploads\/2025\/03\/Turismo-Espana-500.png","type":"image\/png"}],"author":"administrador","twitter_card":"summary_large_image","twitter_misc":{"Scritto da":"administrador","Tempo di lettura stimato":"2 minuti"},"schema":{"@context":"https:\/\/schema.org","@graph":[{"@type":"Article","@id":"https:\/\/italcamara-es.com\/noticias\/datos-positivos-para-el-sector-turistico-en-espana-en-el-primer-trimestre-del-ano\/#article","isPartOf":{"@id":"https:\/\/italcamara-es.com\/noticias\/datos-positivos-para-el-sector-turistico-en-espana-en-el-primer-trimestre-del-ano\/"},"author":{"name":"administrador","@id":"https:\/\/italcamara-es.com\/#\/schema\/person\/bb3c56263e405bbd9a15171dcfee93bb"},"headline":"Dati positivi per il settore turistico in Spagna nel primo trimestre dell&#8217;anno","datePublished":"2023-05-08T06:14:42+00:00","mainEntityOfPage":{"@id":"https:\/\/italcamara-es.com\/noticias\/datos-positivos-para-el-sector-turistico-en-espana-en-el-primer-trimestre-del-ano\/"},"wordCount":470,"commentCount":0,"image":{"@id":"https:\/\/italcamara-es.com\/noticias\/datos-positivos-para-el-sector-turistico-en-espana-en-el-primer-trimestre-del-ano\/#primaryimage"},"thumbnailUrl":"https:\/\/italcamara-es.com\/wp-content\/uploads\/2025\/03\/Turismo-Espana-500.png","keywords":["Notizie di Mercato"],"articleSection":["Notizie"],"inLanguage":"it-IT","potentialAction":[{"@type":"CommentAction","name":"Comment","target":["https:\/\/italcamara-es.com\/noticias\/datos-positivos-para-el-sector-turistico-en-espana-en-el-primer-trimestre-del-ano\/#respond"]}]},{"@type":"WebPage","@id":"https:\/\/italcamara-es.com\/noticias\/datos-positivos-para-el-sector-turistico-en-espana-en-el-primer-trimestre-del-ano\/","url":"https:\/\/italcamara-es.com\/noticias\/datos-positivos-para-el-sector-turistico-en-espana-en-el-primer-trimestre-del-ano\/","name":"Dati positivi per il settore turistico in Spagna nel primo trimestre dell'anno - Italcamara","isPartOf":{"@id":"https:\/\/italcamara-es.com\/#website"},"primaryImageOfPage":{"@id":"https:\/\/italcamara-es.com\/noticias\/datos-positivos-para-el-sector-turistico-en-espana-en-el-primer-trimestre-del-ano\/#primaryimage"},"image":{"@id":"https:\/\/italcamara-es.com\/noticias\/datos-positivos-para-el-sector-turistico-en-espana-en-el-primer-trimestre-del-ano\/#primaryimage"},"thumbnailUrl":"https:\/\/italcamara-es.com\/wp-content\/uploads\/2025\/03\/Turismo-Espana-500.png","datePublished":"2023-05-08T06:14:42+00:00","author":{"@id":"https:\/\/italcamara-es.com\/#\/schema\/person\/bb3c56263e405bbd9a15171dcfee93bb"},"breadcrumb":{"@id":"https:\/\/italcamara-es.com\/noticias\/datos-positivos-para-el-sector-turistico-en-espana-en-el-primer-trimestre-del-ano\/#breadcrumb"},"inLanguage":"it-IT","potentialAction":[{"@type":"ReadAction","target":["https:\/\/italcamara-es.com\/noticias\/datos-positivos-para-el-sector-turistico-en-espana-en-el-primer-trimestre-del-ano\/"]}]},{"@type":"ImageObject","inLanguage":"it-IT","@id":"https:\/\/italcamara-es.com\/noticias\/datos-positivos-para-el-sector-turistico-en-espana-en-el-primer-trimestre-del-ano\/#primaryimage","url":"https:\/\/italcamara-es.com\/wp-content\/uploads\/2025\/03\/Turismo-Espana-500.png","contentUrl":"https:\/\/italcamara-es.com\/wp-content\/uploads\/2025\/03\/Turismo-Espana-500.png","width":500,"height":280},{"@type":"BreadcrumbList","@id":"https:\/\/italcamara-es.com\/noticias\/datos-positivos-para-el-sector-turistico-en-espana-en-el-primer-trimestre-del-ano\/#breadcrumb","itemListElement":[{"@type":"ListItem","position":1,"name":"Inicio","item":"https:\/\/italcamara-es.com\/it\/homepage-ita\/"},{"@type":"ListItem","position":2,"name":"Dati positivi per il settore turistico in Spagna nel primo trimestre dell&#8217;anno"}]},{"@type":"WebSite","@id":"https:\/\/italcamara-es.com\/#website","url":"https:\/\/italcamara-es.com\/","name":"Italcamara","description":"","potentialAction":[{"@type":"SearchAction","target":{"@type":"EntryPoint","urlTemplate":"https:\/\/italcamara-es.com\/?s={search_term_string}"},"query-input":{"@type":"PropertyValueSpecification","valueRequired":true,"valueName":"search_term_string"}}],"inLanguage":"it-IT"},{"@type":"Person","@id":"https:\/\/italcamara-es.com\/#\/schema\/person\/bb3c56263e405bbd9a15171dcfee93bb","name":"administrador","image":{"@type":"ImageObject","inLanguage":"it-IT","@id":"https:\/\/secure.gravatar.com\/avatar\/14b5e63db38320b12031bb28cf9f77e210aa71fb3a8a3602a3c9a05134fa75eb?s=96&d=mm&r=g","url":"https:\/\/secure.gravatar.com\/avatar\/14b5e63db38320b12031bb28cf9f77e210aa71fb3a8a3602a3c9a05134fa75eb?s=96&d=mm&r=g","contentUrl":"https:\/\/secure.gravatar.com\/avatar\/14b5e63db38320b12031bb28cf9f77e210aa71fb3a8a3602a3c9a05134fa75eb?s=96&d=mm&r=g","caption":"administrador"},"sameAs":["http:\/\/pre.italcamara-es.com"],"url":"https:\/\/italcamara-es.com\/it\/author\/administrador\/"}]}},"rttpg_featured_image_url":{"full":["https:\/\/italcamara-es.com\/wp-content\/uploads\/2025\/03\/Turismo-Espana-500.png",500,280,false],"landscape":["https:\/\/italcamara-es.com\/wp-content\/uploads\/2025\/03\/Turismo-Espana-500.png",500,280,false],"portraits":["https:\/\/italcamara-es.com\/wp-content\/uploads\/2025\/03\/Turismo-Espana-500.png",500,280,false],"thumbnail":["https:\/\/italcamara-es.com\/wp-content\/uploads\/2025\/03\/Turismo-Espana-500-150x150.png",150,150,true],"medium":["https:\/\/italcamara-es.com\/wp-content\/uploads\/2025\/03\/Turismo-Espana-500-300x168.png",300,168,true],"large":["https:\/\/italcamara-es.com\/wp-content\/uploads\/2025\/03\/Turismo-Espana-500.png",500,280,false],"1536x1536":["https:\/\/italcamara-es.com\/wp-content\/uploads\/2025\/03\/Turismo-Espana-500.png",500,280,false],"2048x2048":["https:\/\/italcamara-es.com\/wp-content\/uploads\/2025\/03\/Turismo-Espana-500.png",500,280,false],"ocean-thumb-m":["https:\/\/italcamara-es.com\/wp-content\/uploads\/2025\/03\/Turismo-Espana-500.png",500,280,false],"ocean-thumb-ml":["https:\/\/italcamara-es.com\/wp-content\/uploads\/2025\/03\/Turismo-Espana-500.png",500,280,false],"ocean-thumb-l":["https:\/\/italcamara-es.com\/wp-content\/uploads\/2025\/03\/Turismo-Espana-500.png",500,280,false],"directorist_preview":["https:\/\/italcamara-es.com\/wp-content\/uploads\/2025\/03\/Turismo-Espana-500.png",500,280,false]},"rttpg_author":{"display_name":"administrador","author_link":"https:\/\/italcamara-es.com\/it\/author\/administrador\/"},"rttpg_comment":0,"rttpg_category":"<a href=\"https:\/\/italcamara-es.com\/it\/category\/notizie\/\" rel=\"category tag\">Notizie<\/a>","rttpg_excerpt":"Nel primo trimestre di quest&#8217;anno, la Spagna \u00e8 stata visitata da 13,7 milioni di turisti internazionali, il 41,2% in pi\u00f9 rispetto allo stesso periodo del 2022, la cui spesa totale \u00e8 stata di 17,201 miliardi di euro, anch&#8217;essa in aumento del 44,7% rispetto allo stesso trimestre dell&#8217;anno precedente. I dati, corrispondenti alla Statistica sui movimenti&hellip;","_links":{"self":[{"href":"https:\/\/italcamara-es.com\/it\/wp-json\/wp\/v2\/posts\/56795","targetHints":{"allow":["GET"]}}],"collection":[{"href":"https:\/\/italcamara-es.com\/it\/wp-json\/wp\/v2\/posts"}],"about":[{"href":"https:\/\/italcamara-es.com\/it\/wp-json\/wp\/v2\/types\/post"}],"author":[{"embeddable":true,"href":"https:\/\/italcamara-es.com\/it\/wp-json\/wp\/v2\/users\/1"}],"replies":[{"embeddable":true,"href":"https:\/\/italcamara-es.com\/it\/wp-json\/wp\/v2\/comments?post=56795"}],"version-history":[{"count":0,"href":"https:\/\/italcamara-es.com\/it\/wp-json\/wp\/v2\/posts\/56795\/revisions"}],"wp:featuredmedia":[{"embeddable":true,"href":"https:\/\/italcamara-es.com\/it\/wp-json\/wp\/v2\/media\/54004"}],"wp:attachment":[{"href":"https:\/\/italcamara-es.com\/it\/wp-json\/wp\/v2\/media?parent=56795"}],"wp:term":[{"taxonomy":"category","embeddable":true,"href":"https:\/\/italcamara-es.com\/it\/wp-json\/wp\/v2\/categories?post=56795"},{"taxonomy":"post_tag","embeddable":true,"href":"https:\/\/italcamara-es.com\/it\/wp-json\/wp\/v2\/tags?post=56795"}],"curies":[{"name":"wp","href":"https:\/\/api.w.org\/{rel}","templated":true}]}}