	{"id":56798,"date":"2023-07-10T09:09:06","date_gmt":"2023-07-10T07:09:06","guid":{"rendered":"http:\/\/pre.italcamara-es.com\/senza-categoria\/il-settore-della-logistica-e-dei-trasporti-genera-il-69-del-pil-spagnolo\/"},"modified":"2023-07-10T09:09:06","modified_gmt":"2023-07-10T07:09:06","slug":"il-settore-della-logistica-e-dei-trasporti-genera-il-69-del-pil-spagnolo","status":"publish","type":"post","link":"https:\/\/italcamara-es.com\/it\/notizie\/il-settore-della-logistica-e-dei-trasporti-genera-il-69-del-pil-spagnolo\/","title":{"rendered":"Il settore della Logistica e dei Trasporti genera il 6,9% del PIL spagnolo"},"content":{"rendered":"\n<p>Secondo la societ\u00e0 di consulenza <strong>Catenon<\/strong>, leader nella selezione di professionisti qualificati, il <strong>Settore della Logistica e dei Trasporti genera il 6,9% del PIL spagnolo<\/strong> con un fatturato di oltre <strong>100.000 milioni di euro<\/strong>. Questa percentuale sale al 10% se si aggiungono le attivit\u00e0 logistiche svolte da aziende industriali, commerciali e di servizi. Un settore che <strong>funge da volano per l&#8217;economia<\/strong> e che richiede professionisti altamente formati con una forte componente tecnologica, ambientale e finanziaria.<\/p>\n\n\n\n<p>Sono due i vettori che favoriscono lo sviluppo e la crescita del settore e dell&#8217;attivit\u00e0 economica del Paese nel suo complesso. Ma sta anche vivendo uno dei grandi cambiamenti nell&#8217;ambito della <strong>digitalizzazione<\/strong> e del <strong>commercio online<\/strong>, soprattutto nell&#8217;ultimo miglio, sia a livello di consumatore finale, sia nelle nostre aziende, grandi imprese e PMI&#8221;, ha dichiarato <strong>Nuria Garrido<\/strong>, responsabile del settore Logistica e Trasporti di Catenon, sottolineando anche l&#8217;alta concentrazione di imprese, con circa 218.000 aziende legate al settore.<\/p>\n\n\n\n<p>Questa crescita \u00e8 guidata dall&#8217;evoluzione del settore verso un servizio sempre pi\u00f9 efficiente e sostenibile, grazie alla sua capacit\u00e0 di diversificazione e personalizzazione.<\/p>\n\n\n\n<p>Secondo Catenon, le nuove aziende di Trasporti e Logistica, cos\u00ec come quelle tradizionali, devono prendere coscienza della loro capacit\u00e0 di agire sull&#8217;ambiente, di avere un&#8217;influenza positiva sulla societ\u00e0 con misure che contribuiscano al suo sviluppo, con una gestione che rispetti le normative, i diritti umani e, naturalmente, i diritti delle persone che vi lavorano.<\/p>\n\n\n\n<p>L&#8217;<strong>automazione della catena di approvvigionamento<\/strong>, la <strong>digitalizzazione<\/strong>, la <strong>sostenibilit\u00e0<\/strong> e l&#8217;<strong>integrazione della tecnologia<\/strong> hanno influenzato positivamente questo trend di crescita, che si prevede che continuer\u00e0 nel 2023 e anche nel futuro.<\/p>\n\n\n\n<p>&#8220;Nuria Garrido ha sottolineato che entro il 2030 l&#8217;aumento dell&#8217;automazione dei processi dovrebbe ridurre i costi di quasi la met\u00e0, migliorare le emissioni di CO2 e raggiungere gli obiettivi del Patto Verde Europeo creato nel 2019. Ci\u00f2 significa almeno il 32% di energia rinnovabile e una drastica riduzione dei gas serra entro il 2030. N\u00e9 i consumatori, n\u00e9 il mondo delle imprese possono pi\u00f9 concepire appalti in cui gli obiettivi dell&#8217;UE non possano essere raggiunti, e questa \u00e8 un percorso inarrestabile&#8221;. Tra gli obiettivi di sostenibilit\u00e0, i piani attuali si sviluppano in 8 sfide: neutralit\u00e0 climatica entro il 2050.<\/p>\n\n\n\n<p>Il mismatch dei talenti \u00e8 quindi una delle <strong>principali sfide<\/strong> che la filiera deve affrontare, in un contesto di elevata competizione per i profili professionali, unita alla mancanza di alfabetizzazione digitale, formazione e sviluppo, che richiede reclutatori esperti del settore con forti relazioni con i talenti specializzati.<\/p>\n\n\n\n<p>Oltre alla <strong>posizione privilegiata della Spagna<\/strong> nell&#8217;Europa meridionale, dove convergono le <strong>principali rotte del traffico merci<\/strong>, l&#8217;allargamento dell&#8217;Unione Europea (UE) verso Est favorisce questa posizione strategica rispetto ai flussi commerciali e ai centri di ridistribuzione del commercio estero tra l&#8217;UE e il resto del mondo.<\/p>\n\n\n\n<p>Dall&#8217;inizio della pandemia, i livelli di distruzione di posti di lavoro non hanno smesso di crescere e la maggior parte del lavoro generato <strong>si sta concentrando in settori come la Sanit\u00e0 e la Logistica<\/strong>, che sono diventati un&#8217;oasi di occupazione, generando significative opportunit\u00e0 di business e di reclutamento.<\/p>\n\n\n\n<p>Secondo diversi studi, <strong>l&#8217;occupazione nella Logistica \u00e8 aumentata pi\u00f9 della maggior parte delle attivit\u00e0 economiche, diventando un motore dell&#8217;occupazione<\/strong>. &#8220;Riteniamo che si stia delineando uno scenario competitivo. Una battaglia senza esclusione di colpi in cui sopravviveranno le aziende che meglio si adattano ai nuovi sviluppi tecnologici, che hanno maggiore capacit\u00e0 di diversificare e singolarizzare i propri servizi e quelle che hanno l&#8217;organico professionale pi\u00f9 preparato a trarre vantaggio dai cambiamenti tecnologici&#8221;, ha sottolineato Garrido.<\/p>\n\n\n\n<p>Fonte: <a href=\"https:\/\/www.monedaunica.net\/2023\/07\/el-sector-de-la-logistica-y-transporte-genera-el-69-del-pib-espanol\/\">Moneda \u00danica<\/a><\/p>\n","protected":false},"excerpt":{"rendered":"<p>Secondo la societ\u00e0 di consulenza Catenon, leader nella selezione di professionisti qualificati, il Settore della Logistica e dei Trasporti genera il 6,9% del PIL spagnolo con un fatturato di oltre 100.000 milioni di euro. Questa percentuale sale al 10% se si aggiungono le attivit\u00e0 logistiche svolte da aziende industriali, commerciali e di servizi. Un settore [&hellip;]<\/p>\n","protected":false},"author":1,"featured_media":54010,"comment_status":"open","ping_status":"open","sticky":false,"template":"","format":"standard","meta":{"inline_featured_image":false,"ocean_post_layout":"","ocean_both_sidebars_style":"","ocean_both_sidebars_content_width":0,"ocean_both_sidebars_sidebars_width":0,"ocean_sidebar":"","ocean_second_sidebar":"","ocean_disable_margins":"enable","ocean_add_body_class":"","ocean_shortcode_before_top_bar":"","ocean_shortcode_after_top_bar":"","ocean_shortcode_before_header":"","ocean_shortcode_after_header":"","ocean_has_shortcode":"","ocean_shortcode_after_title":"","ocean_shortcode_before_footer_widgets":"","ocean_shortcode_after_footer_widgets":"","ocean_shortcode_before_footer_bottom":"","ocean_shortcode_after_footer_bottom":"","ocean_display_top_bar":"default","ocean_display_header":"default","ocean_header_style":"","ocean_center_header_left_menu":"","ocean_custom_header_template":"","ocean_custom_logo":0,"ocean_custom_retina_logo":0,"ocean_custom_logo_max_width":0,"ocean_custom_logo_tablet_max_width":0,"ocean_custom_logo_mobile_max_width":0,"ocean_custom_logo_max_height":0,"ocean_custom_logo_tablet_max_height":0,"ocean_custom_logo_mobile_max_height":0,"ocean_header_custom_menu":"","ocean_menu_typo_font_family":"","ocean_menu_typo_font_subset":"","ocean_menu_typo_font_size":0,"ocean_menu_typo_font_size_tablet":0,"ocean_menu_typo_font_size_mobile":0,"ocean_menu_typo_font_size_unit":"px","ocean_menu_typo_font_weight":"","ocean_menu_typo_font_weight_tablet":"","ocean_menu_typo_font_weight_mobile":"","ocean_menu_typo_transform":"","ocean_menu_typo_transform_tablet":"","ocean_menu_typo_transform_mobile":"","ocean_menu_typo_line_height":0,"ocean_menu_typo_line_height_tablet":0,"ocean_menu_typo_line_height_mobile":0,"ocean_menu_typo_line_height_unit":"","ocean_menu_typo_spacing":0,"ocean_menu_typo_spacing_tablet":0,"ocean_menu_typo_spacing_mobile":0,"ocean_menu_typo_spacing_unit":"","ocean_menu_link_color":"","ocean_menu_link_color_hover":"","ocean_menu_link_color_active":"","ocean_menu_link_background":"","ocean_menu_link_hover_background":"","ocean_menu_link_active_background":"","ocean_menu_social_links_bg":"","ocean_menu_social_hover_links_bg":"","ocean_menu_social_links_color":"","ocean_menu_social_hover_links_color":"","ocean_disable_title":"default","ocean_disable_heading":"default","ocean_post_title":"","ocean_post_subheading":"","ocean_post_title_style":"","ocean_post_title_background_color":"","ocean_post_title_background":0,"ocean_post_title_bg_image_position":"","ocean_post_title_bg_image_attachment":"","ocean_post_title_bg_image_repeat":"","ocean_post_title_bg_image_size":"","ocean_post_title_height":0,"ocean_post_title_bg_overlay":0.5,"ocean_post_title_bg_overlay_color":"","ocean_disable_breadcrumbs":"default","ocean_breadcrumbs_color":"","ocean_breadcrumbs_separator_color":"","ocean_breadcrumbs_links_color":"","ocean_breadcrumbs_links_hover_color":"","ocean_display_footer_widgets":"default","ocean_display_footer_bottom":"default","ocean_custom_footer_template":"","ocean_post_oembed":"","ocean_post_self_hosted_media":"","ocean_post_video_embed":"","ocean_link_format":"","ocean_link_format_target":"self","ocean_quote_format":"","ocean_quote_format_link":"post","ocean_gallery_link_images":"on","ocean_gallery_id":[],"footnotes":""},"categories":[133],"tags":[138],"class_list":["post-56798","post","type-post","status-publish","format-standard","has-post-thumbnail","hentry","category-notizie","tag-notizie-di-mercato","entry","has-media"],"yoast_head":"<!-- This site is optimized with the Yoast SEO plugin v27.4 - https:\/\/yoast.com\/product\/yoast-seo-wordpress\/ -->\n<title>Il settore della Logistica e dei Trasporti genera il 6,9% del PIL spagnolo - Italcamara<\/title>\n<meta name=\"robots\" content=\"index, follow, max-snippet:-1, max-image-preview:large, max-video-preview:-1\" \/>\n<link rel=\"canonical\" href=\"https:\/\/italcamara-es.com\/noticias\/el-sector-de-logistica-y-transporte-genera-el-69-del-pib-espanol\/\" \/>\n<meta property=\"og:locale\" content=\"it_IT\" \/>\n<meta property=\"og:type\" content=\"article\" \/>\n<meta property=\"og:title\" content=\"Il settore della Logistica e dei Trasporti genera il 6,9% del PIL spagnolo - Italcamara\" \/>\n<meta property=\"og:description\" content=\"Secondo la societ\u00e0 di consulenza Catenon, leader nella selezione di professionisti qualificati, il Settore della Logistica e dei Trasporti genera il 6,9% del PIL spagnolo con un fatturato di oltre 100.000 milioni di euro. Questa percentuale sale al 10% se si aggiungono le attivit\u00e0 logistiche svolte da aziende industriali, commerciali e di servizi. Un settore [&hellip;]\" \/>\n<meta property=\"og:url\" content=\"https:\/\/italcamara-es.com\/noticias\/el-sector-de-logistica-y-transporte-genera-el-69-del-pib-espanol\/\" \/>\n<meta property=\"og:site_name\" content=\"Italcamara\" \/>\n<meta property=\"article:published_time\" content=\"2023-07-10T07:09:06+00:00\" \/>\n<meta property=\"og:image\" content=\"https:\/\/italcamara-es.com\/wp-content\/uploads\/2025\/03\/Logistica-500.png\" \/>\n\t<meta property=\"og:image:width\" content=\"500\" \/>\n\t<meta property=\"og:image:height\" content=\"280\" \/>\n\t<meta property=\"og:image:type\" content=\"image\/png\" \/>\n<meta name=\"author\" content=\"administrador\" \/>\n<meta name=\"twitter:card\" content=\"summary_large_image\" \/>\n<meta name=\"twitter:label1\" content=\"Scritto da\" \/>\n\t<meta name=\"twitter:data1\" content=\"administrador\" \/>\n\t<meta name=\"twitter:label2\" content=\"Tempo di lettura stimato\" \/>\n\t<meta name=\"twitter:data2\" content=\"3 minuti\" \/>\n<script type=\"application\/ld+json\" class=\"yoast-schema-graph\">{\"@context\":\"https:\\\/\\\/schema.org\",\"@graph\":[{\"@type\":\"Article\",\"@id\":\"https:\\\/\\\/italcamara-es.com\\\/noticias\\\/el-sector-de-logistica-y-transporte-genera-el-69-del-pib-espanol\\\/#article\",\"isPartOf\":{\"@id\":\"https:\\\/\\\/italcamara-es.com\\\/noticias\\\/el-sector-de-logistica-y-transporte-genera-el-69-del-pib-espanol\\\/\"},\"author\":{\"name\":\"administrador\",\"@id\":\"https:\\\/\\\/italcamara-es.com\\\/#\\\/schema\\\/person\\\/bb3c56263e405bbd9a15171dcfee93bb\"},\"headline\":\"Il settore della Logistica e dei Trasporti genera il 6,9% del PIL spagnolo\",\"datePublished\":\"2023-07-10T07:09:06+00:00\",\"mainEntityOfPage\":{\"@id\":\"https:\\\/\\\/italcamara-es.com\\\/noticias\\\/el-sector-de-logistica-y-transporte-genera-el-69-del-pib-espanol\\\/\"},\"wordCount\":596,\"commentCount\":0,\"image\":{\"@id\":\"https:\\\/\\\/italcamara-es.com\\\/noticias\\\/el-sector-de-logistica-y-transporte-genera-el-69-del-pib-espanol\\\/#primaryimage\"},\"thumbnailUrl\":\"https:\\\/\\\/italcamara-es.com\\\/wp-content\\\/uploads\\\/2025\\\/03\\\/Logistica-500.png\",\"keywords\":[\"Notizie di Mercato\"],\"articleSection\":[\"Notizie\"],\"inLanguage\":\"it-IT\",\"potentialAction\":[{\"@type\":\"CommentAction\",\"name\":\"Comment\",\"target\":[\"https:\\\/\\\/italcamara-es.com\\\/noticias\\\/el-sector-de-logistica-y-transporte-genera-el-69-del-pib-espanol\\\/#respond\"]}]},{\"@type\":\"WebPage\",\"@id\":\"https:\\\/\\\/italcamara-es.com\\\/noticias\\\/el-sector-de-logistica-y-transporte-genera-el-69-del-pib-espanol\\\/\",\"url\":\"https:\\\/\\\/italcamara-es.com\\\/noticias\\\/el-sector-de-logistica-y-transporte-genera-el-69-del-pib-espanol\\\/\",\"name\":\"Il settore della Logistica e dei Trasporti genera il 6,9% del PIL spagnolo - Italcamara\",\"isPartOf\":{\"@id\":\"https:\\\/\\\/italcamara-es.com\\\/#website\"},\"primaryImageOfPage\":{\"@id\":\"https:\\\/\\\/italcamara-es.com\\\/noticias\\\/el-sector-de-logistica-y-transporte-genera-el-69-del-pib-espanol\\\/#primaryimage\"},\"image\":{\"@id\":\"https:\\\/\\\/italcamara-es.com\\\/noticias\\\/el-sector-de-logistica-y-transporte-genera-el-69-del-pib-espanol\\\/#primaryimage\"},\"thumbnailUrl\":\"https:\\\/\\\/italcamara-es.com\\\/wp-content\\\/uploads\\\/2025\\\/03\\\/Logistica-500.png\",\"datePublished\":\"2023-07-10T07:09:06+00:00\",\"author\":{\"@id\":\"https:\\\/\\\/italcamara-es.com\\\/#\\\/schema\\\/person\\\/bb3c56263e405bbd9a15171dcfee93bb\"},\"breadcrumb\":{\"@id\":\"https:\\\/\\\/italcamara-es.com\\\/noticias\\\/el-sector-de-logistica-y-transporte-genera-el-69-del-pib-espanol\\\/#breadcrumb\"},\"inLanguage\":\"it-IT\",\"potentialAction\":[{\"@type\":\"ReadAction\",\"target\":[\"https:\\\/\\\/italcamara-es.com\\\/noticias\\\/el-sector-de-logistica-y-transporte-genera-el-69-del-pib-espanol\\\/\"]}]},{\"@type\":\"ImageObject\",\"inLanguage\":\"it-IT\",\"@id\":\"https:\\\/\\\/italcamara-es.com\\\/noticias\\\/el-sector-de-logistica-y-transporte-genera-el-69-del-pib-espanol\\\/#primaryimage\",\"url\":\"https:\\\/\\\/italcamara-es.com\\\/wp-content\\\/uploads\\\/2025\\\/03\\\/Logistica-500.png\",\"contentUrl\":\"https:\\\/\\\/italcamara-es.com\\\/wp-content\\\/uploads\\\/2025\\\/03\\\/Logistica-500.png\",\"width\":500,\"height\":280},{\"@type\":\"BreadcrumbList\",\"@id\":\"https:\\\/\\\/italcamara-es.com\\\/noticias\\\/el-sector-de-logistica-y-transporte-genera-el-69-del-pib-espanol\\\/#breadcrumb\",\"itemListElement\":[{\"@type\":\"ListItem\",\"position\":1,\"name\":\"Inicio\",\"item\":\"https:\\\/\\\/italcamara-es.com\\\/it\\\/homepage-ita\\\/\"},{\"@type\":\"ListItem\",\"position\":2,\"name\":\"Il settore della Logistica e dei Trasporti genera il 6,9% del PIL spagnolo\"}]},{\"@type\":\"WebSite\",\"@id\":\"https:\\\/\\\/italcamara-es.com\\\/#website\",\"url\":\"https:\\\/\\\/italcamara-es.com\\\/\",\"name\":\"Italcamara\",\"description\":\"\",\"potentialAction\":[{\"@type\":\"SearchAction\",\"target\":{\"@type\":\"EntryPoint\",\"urlTemplate\":\"https:\\\/\\\/italcamara-es.com\\\/?s={search_term_string}\"},\"query-input\":{\"@type\":\"PropertyValueSpecification\",\"valueRequired\":true,\"valueName\":\"search_term_string\"}}],\"inLanguage\":\"it-IT\"},{\"@type\":\"Person\",\"@id\":\"https:\\\/\\\/italcamara-es.com\\\/#\\\/schema\\\/person\\\/bb3c56263e405bbd9a15171dcfee93bb\",\"name\":\"administrador\",\"image\":{\"@type\":\"ImageObject\",\"inLanguage\":\"it-IT\",\"@id\":\"https:\\\/\\\/secure.gravatar.com\\\/avatar\\\/14b5e63db38320b12031bb28cf9f77e210aa71fb3a8a3602a3c9a05134fa75eb?s=96&d=mm&r=g\",\"url\":\"https:\\\/\\\/secure.gravatar.com\\\/avatar\\\/14b5e63db38320b12031bb28cf9f77e210aa71fb3a8a3602a3c9a05134fa75eb?s=96&d=mm&r=g\",\"contentUrl\":\"https:\\\/\\\/secure.gravatar.com\\\/avatar\\\/14b5e63db38320b12031bb28cf9f77e210aa71fb3a8a3602a3c9a05134fa75eb?s=96&d=mm&r=g\",\"caption\":\"administrador\"},\"sameAs\":[\"http:\\\/\\\/pre.italcamara-es.com\"],\"url\":\"https:\\\/\\\/italcamara-es.com\\\/it\\\/author\\\/administrador\\\/\"}]}<\/script>\n<!-- \/ Yoast SEO plugin. -->","yoast_head_json":{"title":"Il settore della Logistica e dei Trasporti genera il 6,9% del PIL spagnolo - Italcamara","robots":{"index":"index","follow":"follow","max-snippet":"max-snippet:-1","max-image-preview":"max-image-preview:large","max-video-preview":"max-video-preview:-1"},"canonical":"https:\/\/italcamara-es.com\/noticias\/el-sector-de-logistica-y-transporte-genera-el-69-del-pib-espanol\/","og_locale":"it_IT","og_type":"article","og_title":"Il settore della Logistica e dei Trasporti genera il 6,9% del PIL spagnolo - Italcamara","og_description":"Secondo la societ\u00e0 di consulenza Catenon, leader nella selezione di professionisti qualificati, il Settore della Logistica e dei Trasporti genera il 6,9% del PIL spagnolo con un fatturato di oltre 100.000 milioni di euro. Questa percentuale sale al 10% se si aggiungono le attivit\u00e0 logistiche svolte da aziende industriali, commerciali e di servizi. Un settore [&hellip;]","og_url":"https:\/\/italcamara-es.com\/noticias\/el-sector-de-logistica-y-transporte-genera-el-69-del-pib-espanol\/","og_site_name":"Italcamara","article_published_time":"2023-07-10T07:09:06+00:00","og_image":[{"width":500,"height":280,"url":"https:\/\/italcamara-es.com\/wp-content\/uploads\/2025\/03\/Logistica-500.png","type":"image\/png"}],"author":"administrador","twitter_card":"summary_large_image","twitter_misc":{"Scritto da":"administrador","Tempo di lettura stimato":"3 minuti"},"schema":{"@context":"https:\/\/schema.org","@graph":[{"@type":"Article","@id":"https:\/\/italcamara-es.com\/noticias\/el-sector-de-logistica-y-transporte-genera-el-69-del-pib-espanol\/#article","isPartOf":{"@id":"https:\/\/italcamara-es.com\/noticias\/el-sector-de-logistica-y-transporte-genera-el-69-del-pib-espanol\/"},"author":{"name":"administrador","@id":"https:\/\/italcamara-es.com\/#\/schema\/person\/bb3c56263e405bbd9a15171dcfee93bb"},"headline":"Il settore della Logistica e dei Trasporti genera il 6,9% del PIL spagnolo","datePublished":"2023-07-10T07:09:06+00:00","mainEntityOfPage":{"@id":"https:\/\/italcamara-es.com\/noticias\/el-sector-de-logistica-y-transporte-genera-el-69-del-pib-espanol\/"},"wordCount":596,"commentCount":0,"image":{"@id":"https:\/\/italcamara-es.com\/noticias\/el-sector-de-logistica-y-transporte-genera-el-69-del-pib-espanol\/#primaryimage"},"thumbnailUrl":"https:\/\/italcamara-es.com\/wp-content\/uploads\/2025\/03\/Logistica-500.png","keywords":["Notizie di Mercato"],"articleSection":["Notizie"],"inLanguage":"it-IT","potentialAction":[{"@type":"CommentAction","name":"Comment","target":["https:\/\/italcamara-es.com\/noticias\/el-sector-de-logistica-y-transporte-genera-el-69-del-pib-espanol\/#respond"]}]},{"@type":"WebPage","@id":"https:\/\/italcamara-es.com\/noticias\/el-sector-de-logistica-y-transporte-genera-el-69-del-pib-espanol\/","url":"https:\/\/italcamara-es.com\/noticias\/el-sector-de-logistica-y-transporte-genera-el-69-del-pib-espanol\/","name":"Il settore della Logistica e dei Trasporti genera il 6,9% del PIL spagnolo - Italcamara","isPartOf":{"@id":"https:\/\/italcamara-es.com\/#website"},"primaryImageOfPage":{"@id":"https:\/\/italcamara-es.com\/noticias\/el-sector-de-logistica-y-transporte-genera-el-69-del-pib-espanol\/#primaryimage"},"image":{"@id":"https:\/\/italcamara-es.com\/noticias\/el-sector-de-logistica-y-transporte-genera-el-69-del-pib-espanol\/#primaryimage"},"thumbnailUrl":"https:\/\/italcamara-es.com\/wp-content\/uploads\/2025\/03\/Logistica-500.png","datePublished":"2023-07-10T07:09:06+00:00","author":{"@id":"https:\/\/italcamara-es.com\/#\/schema\/person\/bb3c56263e405bbd9a15171dcfee93bb"},"breadcrumb":{"@id":"https:\/\/italcamara-es.com\/noticias\/el-sector-de-logistica-y-transporte-genera-el-69-del-pib-espanol\/#breadcrumb"},"inLanguage":"it-IT","potentialAction":[{"@type":"ReadAction","target":["https:\/\/italcamara-es.com\/noticias\/el-sector-de-logistica-y-transporte-genera-el-69-del-pib-espanol\/"]}]},{"@type":"ImageObject","inLanguage":"it-IT","@id":"https:\/\/italcamara-es.com\/noticias\/el-sector-de-logistica-y-transporte-genera-el-69-del-pib-espanol\/#primaryimage","url":"https:\/\/italcamara-es.com\/wp-content\/uploads\/2025\/03\/Logistica-500.png","contentUrl":"https:\/\/italcamara-es.com\/wp-content\/uploads\/2025\/03\/Logistica-500.png","width":500,"height":280},{"@type":"BreadcrumbList","@id":"https:\/\/italcamara-es.com\/noticias\/el-sector-de-logistica-y-transporte-genera-el-69-del-pib-espanol\/#breadcrumb","itemListElement":[{"@type":"ListItem","position":1,"name":"Inicio","item":"https:\/\/italcamara-es.com\/it\/homepage-ita\/"},{"@type":"ListItem","position":2,"name":"Il settore della Logistica e dei Trasporti genera il 6,9% del PIL spagnolo"}]},{"@type":"WebSite","@id":"https:\/\/italcamara-es.com\/#website","url":"https:\/\/italcamara-es.com\/","name":"Italcamara","description":"","potentialAction":[{"@type":"SearchAction","target":{"@type":"EntryPoint","urlTemplate":"https:\/\/italcamara-es.com\/?s={search_term_string}"},"query-input":{"@type":"PropertyValueSpecification","valueRequired":true,"valueName":"search_term_string"}}],"inLanguage":"it-IT"},{"@type":"Person","@id":"https:\/\/italcamara-es.com\/#\/schema\/person\/bb3c56263e405bbd9a15171dcfee93bb","name":"administrador","image":{"@type":"ImageObject","inLanguage":"it-IT","@id":"https:\/\/secure.gravatar.com\/avatar\/14b5e63db38320b12031bb28cf9f77e210aa71fb3a8a3602a3c9a05134fa75eb?s=96&d=mm&r=g","url":"https:\/\/secure.gravatar.com\/avatar\/14b5e63db38320b12031bb28cf9f77e210aa71fb3a8a3602a3c9a05134fa75eb?s=96&d=mm&r=g","contentUrl":"https:\/\/secure.gravatar.com\/avatar\/14b5e63db38320b12031bb28cf9f77e210aa71fb3a8a3602a3c9a05134fa75eb?s=96&d=mm&r=g","caption":"administrador"},"sameAs":["http:\/\/pre.italcamara-es.com"],"url":"https:\/\/italcamara-es.com\/it\/author\/administrador\/"}]}},"rttpg_featured_image_url":{"full":["https:\/\/italcamara-es.com\/wp-content\/uploads\/2025\/03\/Logistica-500.png",500,280,false],"landscape":["https:\/\/italcamara-es.com\/wp-content\/uploads\/2025\/03\/Logistica-500.png",500,280,false],"portraits":["https:\/\/italcamara-es.com\/wp-content\/uploads\/2025\/03\/Logistica-500.png",500,280,false],"thumbnail":["https:\/\/italcamara-es.com\/wp-content\/uploads\/2025\/03\/Logistica-500-150x150.png",150,150,true],"medium":["https:\/\/italcamara-es.com\/wp-content\/uploads\/2025\/03\/Logistica-500-300x168.png",300,168,true],"large":["https:\/\/italcamara-es.com\/wp-content\/uploads\/2025\/03\/Logistica-500.png",500,280,false],"1536x1536":["https:\/\/italcamara-es.com\/wp-content\/uploads\/2025\/03\/Logistica-500.png",500,280,false],"2048x2048":["https:\/\/italcamara-es.com\/wp-content\/uploads\/2025\/03\/Logistica-500.png",500,280,false],"ocean-thumb-m":["https:\/\/italcamara-es.com\/wp-content\/uploads\/2025\/03\/Logistica-500.png",500,280,false],"ocean-thumb-ml":["https:\/\/italcamara-es.com\/wp-content\/uploads\/2025\/03\/Logistica-500.png",500,280,false],"ocean-thumb-l":["https:\/\/italcamara-es.com\/wp-content\/uploads\/2025\/03\/Logistica-500.png",500,280,false],"directorist_preview":["https:\/\/italcamara-es.com\/wp-content\/uploads\/2025\/03\/Logistica-500.png",500,280,false]},"rttpg_author":{"display_name":"administrador","author_link":"https:\/\/italcamara-es.com\/it\/author\/administrador\/"},"rttpg_comment":0,"rttpg_category":"<a href=\"https:\/\/italcamara-es.com\/it\/category\/notizie\/\" rel=\"category tag\">Notizie<\/a>","rttpg_excerpt":"Secondo la societ\u00e0 di consulenza Catenon, leader nella selezione di professionisti qualificati, il Settore della Logistica e dei Trasporti genera il 6,9% del PIL spagnolo con un fatturato di oltre 100.000 milioni di euro. Questa percentuale sale al 10% se si aggiungono le attivit\u00e0 logistiche svolte da aziende industriali, commerciali e di servizi. Un settore&hellip;","_links":{"self":[{"href":"https:\/\/italcamara-es.com\/it\/wp-json\/wp\/v2\/posts\/56798","targetHints":{"allow":["GET"]}}],"collection":[{"href":"https:\/\/italcamara-es.com\/it\/wp-json\/wp\/v2\/posts"}],"about":[{"href":"https:\/\/italcamara-es.com\/it\/wp-json\/wp\/v2\/types\/post"}],"author":[{"embeddable":true,"href":"https:\/\/italcamara-es.com\/it\/wp-json\/wp\/v2\/users\/1"}],"replies":[{"embeddable":true,"href":"https:\/\/italcamara-es.com\/it\/wp-json\/wp\/v2\/comments?post=56798"}],"version-history":[{"count":0,"href":"https:\/\/italcamara-es.com\/it\/wp-json\/wp\/v2\/posts\/56798\/revisions"}],"wp:featuredmedia":[{"embeddable":true,"href":"https:\/\/italcamara-es.com\/it\/wp-json\/wp\/v2\/media\/54010"}],"wp:attachment":[{"href":"https:\/\/italcamara-es.com\/it\/wp-json\/wp\/v2\/media?parent=56798"}],"wp:term":[{"taxonomy":"category","embeddable":true,"href":"https:\/\/italcamara-es.com\/it\/wp-json\/wp\/v2\/categories?post=56798"},{"taxonomy":"post_tag","embeddable":true,"href":"https:\/\/italcamara-es.com\/it\/wp-json\/wp\/v2\/tags?post=56798"}],"curies":[{"name":"wp","href":"https:\/\/api.w.org\/{rel}","templated":true}]}}