	{"id":56819,"date":"2023-12-04T11:01:57","date_gmt":"2023-12-04T10:01:57","guid":{"rendered":"http:\/\/pre.italcamara-es.com\/senza-categoria\/il-turismo-internazionale-si-avvicina-ai-livelli-pre-pandemia\/"},"modified":"2023-12-04T11:01:57","modified_gmt":"2023-12-04T10:01:57","slug":"il-turismo-internazionale-si-avvicina-ai-livelli-pre-pandemia","status":"publish","type":"post","link":"https:\/\/italcamara-es.com\/it\/notizie\/il-turismo-internazionale-si-avvicina-ai-livelli-pre-pandemia\/","title":{"rendered":"Il turismo internazionale si avvicina ai livelli pre-pandemia"},"content":{"rendered":"\n<p>Secondo uno studio realizzato da <a href=\"https:\/\/www.funcas.es\/\" title=\"Funcas\">Funcas<\/a>, centro di analisi nel campo delle previsioni economiche e politiche pubbliche spagnole e dell&#8217;UE, il turismo internazionale si sta avvicinando ai livelli pre-pandemia.<br>Le buone aspettative sulla ripresa del turismo internazionale sembrano essersi avverate in estate rispetto al 2019, soprattutto in termini di spesa media giornaliera per turista.<\/p>\n\n\n\n<p><strong>Situazione del turismo internazionale in Spagna<\/strong><\/p>\n\n\n<div class=\"wp-block-image\">\n<figure class=\"aligncenter size-full\"><img decoding=\"async\" src=\"https:\/\/www.italcamara-es.com\/wp-content\/uploads\/2023\/12\/image-22-1.png\" alt=\"\" class=\"wp-image-35257\"\/><\/figure>\n<\/div>\n\n\n<p>Il grafico mostra <strong>l\u2019evoluzione degli arrivi turistici in Spagna negli ultmi cinque anni<\/strong> con <strong>una ripresa del turismo internazionale nell\u2019estate 2023<\/strong> che, rispetto al 2022, \u00e8 un risultato trionfalistico.<br>Infatti, nei primi otto mesi del 2023, il numero totale di turisti internazionali che sono arrivati in Spagna \u00e8 molto vicino al record del 2019, con una differenza di solo0,7 punti.<br>Inoltre, c\u2019\u00e8 una forte concentrazione in cinque comunit\u00e0 autonome che, nel 2019, hanno accolto l&#8217;81,6% dei turisti internazionali. Queste regioni erano, nell&#8217;ordine, la Catalogna, le Isole Baleari, le Isole Canarie, l&#8217;Andalusia e Valencia. Se si aggiunge la Comunit\u00e0 di Madrid, questa cifra raggiunge il 90,2%. La ripresa mantiene questa concentrazione, che racchiude il 90,3% dei turisti internazionali in arrivo nel 2023. In questo senso, tutte le prioncipali regioni recettrici hanno raggiunto nuovamente le cifre di arrivi del 2019, tranne la Catalogna che registra una copertura del 90,5%, \u00a0con un leggero calo della sua quota di mercato (dal 23,5% al 21,4%).<\/p>\n\n\n\n<p><strong>Profilo del Turista Internazionale<\/strong><\/p>\n\n\n\n<p>Nell\u2019ultimo anno si \u00e8 registrato un <strong>aumento dei viaggi per motivi &#8220;personali<\/strong>&#8221; (salute, familiari) e <strong>&#8220;altri motivi<\/strong>&#8220;, che ora rappresentano il 6,6% del totale, superando anche il turismo &#8220;business&#8221;, che \u00e8 ancora inferiore del 15,6% rispetto al picco del 2019.<br>Questa tendenza potrebbe essere dovuta all&#8217;uso pi\u00f9 intensivo delle videoconferenze e del <em>lavoro online<\/em>, e potrebbe anche influenzare gli arrivi turistici per gli studi, che sono ancora inferiori del 17,4% rispetto a prima della pandemia.<br>Un atro dato che emerge \u00e8 la <strong>crescita degli appartamenti turistici<\/strong>, un fenomeno presente in molte citt\u00e0 spagnole. Infatti, a livello nazionale, nel 2023, i turisti internazionali che hanno scelto questa tipologia di struttura ricettiva sono cresciuti del 5,7% rispetto al 2019 e costituiscono l&#8217;11,4% delle strutture ricettive turistiche.<\/p>\n\n\n\n<p><strong>Spesa da parte dei turisti internazionali<\/strong><\/p>\n\n\n\n<p>La <strong>spesa media giornaliera dei turisti internazionali<\/strong> <strong>da gennaio ad agosto 2023 \u00e8<\/strong> <strong>cresciuta<\/strong> del 16% rispetto alla spesa media giornaliera effettuata in quel periodo del 2019, ma questo risultato \u00e8 fortemente condizionato dall&#8217;inflazione. In questo senso, si calcola che la crecita reale si attesti al 2%.<br>La Comunit\u00e0 di Madrid \u00e8 la regione in cui la spesa media giornaliera \u00e8 maggiore, seguita dalla Catalogna e dai Paesi Baschi. Queste tre regioni sono le uniche che superano i 200 euro di spesa media giornaliera.<\/p>\n\n\n\n<p><strong>Per maggiorni informazioni<\/strong> : <a href=\"https:\/\/www.funcas.es\/articulos\/el-turismo-internacional-acaricia-los-niveles-prepandemia\/\" title=\"link\">link<\/a><\/p>\n","protected":false},"excerpt":{"rendered":"<p>Secondo uno studio realizzato da Funcas, centro di analisi nel campo delle previsioni economiche e politiche pubbliche spagnole e dell&#8217;UE, il turismo internazionale si sta avvicinando ai livelli pre-pandemia.Le buone aspettative sulla ripresa del turismo internazionale sembrano essersi avverate in estate rispetto al 2019, soprattutto in termini di spesa media giornaliera per turista. Situazione del [&hellip;]<\/p>\n","protected":false},"author":1,"featured_media":54042,"comment_status":"open","ping_status":"open","sticky":false,"template":"","format":"standard","meta":{"inline_featured_image":false,"ocean_post_layout":"","ocean_both_sidebars_style":"","ocean_both_sidebars_content_width":0,"ocean_both_sidebars_sidebars_width":0,"ocean_sidebar":"","ocean_second_sidebar":"","ocean_disable_margins":"enable","ocean_add_body_class":"","ocean_shortcode_before_top_bar":"","ocean_shortcode_after_top_bar":"","ocean_shortcode_before_header":"","ocean_shortcode_after_header":"","ocean_has_shortcode":"","ocean_shortcode_after_title":"","ocean_shortcode_before_footer_widgets":"","ocean_shortcode_after_footer_widgets":"","ocean_shortcode_before_footer_bottom":"","ocean_shortcode_after_footer_bottom":"","ocean_display_top_bar":"default","ocean_display_header":"default","ocean_header_style":"","ocean_center_header_left_menu":"","ocean_custom_header_template":"","ocean_custom_logo":0,"ocean_custom_retina_logo":0,"ocean_custom_logo_max_width":0,"ocean_custom_logo_tablet_max_width":0,"ocean_custom_logo_mobile_max_width":0,"ocean_custom_logo_max_height":0,"ocean_custom_logo_tablet_max_height":0,"ocean_custom_logo_mobile_max_height":0,"ocean_header_custom_menu":"","ocean_menu_typo_font_family":"","ocean_menu_typo_font_subset":"","ocean_menu_typo_font_size":0,"ocean_menu_typo_font_size_tablet":0,"ocean_menu_typo_font_size_mobile":0,"ocean_menu_typo_font_size_unit":"px","ocean_menu_typo_font_weight":"","ocean_menu_typo_font_weight_tablet":"","ocean_menu_typo_font_weight_mobile":"","ocean_menu_typo_transform":"","ocean_menu_typo_transform_tablet":"","ocean_menu_typo_transform_mobile":"","ocean_menu_typo_line_height":0,"ocean_menu_typo_line_height_tablet":0,"ocean_menu_typo_line_height_mobile":0,"ocean_menu_typo_line_height_unit":"","ocean_menu_typo_spacing":0,"ocean_menu_typo_spacing_tablet":0,"ocean_menu_typo_spacing_mobile":0,"ocean_menu_typo_spacing_unit":"","ocean_menu_link_color":"","ocean_menu_link_color_hover":"","ocean_menu_link_color_active":"","ocean_menu_link_background":"","ocean_menu_link_hover_background":"","ocean_menu_link_active_background":"","ocean_menu_social_links_bg":"","ocean_menu_social_hover_links_bg":"","ocean_menu_social_links_color":"","ocean_menu_social_hover_links_color":"","ocean_disable_title":"default","ocean_disable_heading":"default","ocean_post_title":"","ocean_post_subheading":"","ocean_post_title_style":"","ocean_post_title_background_color":"","ocean_post_title_background":0,"ocean_post_title_bg_image_position":"","ocean_post_title_bg_image_attachment":"","ocean_post_title_bg_image_repeat":"","ocean_post_title_bg_image_size":"","ocean_post_title_height":0,"ocean_post_title_bg_overlay":0.5,"ocean_post_title_bg_overlay_color":"","ocean_disable_breadcrumbs":"default","ocean_breadcrumbs_color":"","ocean_breadcrumbs_separator_color":"","ocean_breadcrumbs_links_color":"","ocean_breadcrumbs_links_hover_color":"","ocean_display_footer_widgets":"default","ocean_display_footer_bottom":"default","ocean_custom_footer_template":"","ocean_post_oembed":"","ocean_post_self_hosted_media":"","ocean_post_video_embed":"","ocean_link_format":"","ocean_link_format_target":"self","ocean_quote_format":"","ocean_quote_format_link":"post","ocean_gallery_link_images":"on","ocean_gallery_id":[],"footnotes":""},"categories":[133],"tags":[138],"class_list":["post-56819","post","type-post","status-publish","format-standard","has-post-thumbnail","hentry","category-notizie","tag-notizie-di-mercato","entry","has-media"],"yoast_head":"<!-- This site is optimized with the Yoast SEO plugin v27.4 - https:\/\/yoast.com\/product\/yoast-seo-wordpress\/ -->\n<title>Il turismo internazionale si avvicina ai livelli pre-pandemia - Italcamara<\/title>\n<meta name=\"robots\" content=\"index, follow, max-snippet:-1, max-image-preview:large, max-video-preview:-1\" \/>\n<link rel=\"canonical\" href=\"https:\/\/italcamara-es.com\/noticias\/el-turismo-internacional-acaricia-los-niveles-prepandemia\/\" \/>\n<meta property=\"og:locale\" content=\"it_IT\" \/>\n<meta property=\"og:type\" content=\"article\" \/>\n<meta property=\"og:title\" content=\"Il turismo internazionale si avvicina ai livelli pre-pandemia - Italcamara\" \/>\n<meta property=\"og:description\" content=\"Secondo uno studio realizzato da Funcas, centro di analisi nel campo delle previsioni economiche e politiche pubbliche spagnole e dell&#8217;UE, il turismo internazionale si sta avvicinando ai livelli pre-pandemia.Le buone aspettative sulla ripresa del turismo internazionale sembrano essersi avverate in estate rispetto al 2019, soprattutto in termini di spesa media giornaliera per turista. Situazione del [&hellip;]\" \/>\n<meta property=\"og:url\" content=\"https:\/\/italcamara-es.com\/noticias\/el-turismo-internacional-acaricia-los-niveles-prepandemia\/\" \/>\n<meta property=\"og:site_name\" content=\"Italcamara\" \/>\n<meta property=\"article:published_time\" content=\"2023-12-04T10:01:57+00:00\" \/>\n<meta property=\"og:image\" content=\"https:\/\/italcamara-es.com\/wp-content\/uploads\/2025\/03\/R-1-1.jpg\" \/>\n\t<meta property=\"og:image:width\" content=\"500\" \/>\n\t<meta property=\"og:image:height\" content=\"280\" \/>\n\t<meta property=\"og:image:type\" content=\"image\/jpeg\" \/>\n<meta name=\"author\" content=\"administrador\" \/>\n<meta name=\"twitter:card\" content=\"summary_large_image\" \/>\n<meta name=\"twitter:label1\" content=\"Scritto da\" \/>\n\t<meta name=\"twitter:data1\" content=\"administrador\" \/>\n\t<meta name=\"twitter:label2\" content=\"Tempo di lettura stimato\" \/>\n\t<meta name=\"twitter:data2\" content=\"2 minuti\" \/>\n<script type=\"application\/ld+json\" class=\"yoast-schema-graph\">{\"@context\":\"https:\\\/\\\/schema.org\",\"@graph\":[{\"@type\":\"Article\",\"@id\":\"https:\\\/\\\/italcamara-es.com\\\/noticias\\\/el-turismo-internacional-acaricia-los-niveles-prepandemia\\\/#article\",\"isPartOf\":{\"@id\":\"https:\\\/\\\/italcamara-es.com\\\/noticias\\\/el-turismo-internacional-acaricia-los-niveles-prepandemia\\\/\"},\"author\":{\"name\":\"administrador\",\"@id\":\"https:\\\/\\\/italcamara-es.com\\\/#\\\/schema\\\/person\\\/bb3c56263e405bbd9a15171dcfee93bb\"},\"headline\":\"Il turismo internazionale si avvicina ai livelli pre-pandemia\",\"datePublished\":\"2023-12-04T10:01:57+00:00\",\"mainEntityOfPage\":{\"@id\":\"https:\\\/\\\/italcamara-es.com\\\/noticias\\\/el-turismo-internacional-acaricia-los-niveles-prepandemia\\\/\"},\"wordCount\":424,\"commentCount\":0,\"image\":{\"@id\":\"https:\\\/\\\/italcamara-es.com\\\/noticias\\\/el-turismo-internacional-acaricia-los-niveles-prepandemia\\\/#primaryimage\"},\"thumbnailUrl\":\"https:\\\/\\\/italcamara-es.com\\\/wp-content\\\/uploads\\\/2025\\\/03\\\/R-1-1.jpg\",\"keywords\":[\"Notizie di Mercato\"],\"articleSection\":[\"Notizie\"],\"inLanguage\":\"it-IT\",\"potentialAction\":[{\"@type\":\"CommentAction\",\"name\":\"Comment\",\"target\":[\"https:\\\/\\\/italcamara-es.com\\\/noticias\\\/el-turismo-internacional-acaricia-los-niveles-prepandemia\\\/#respond\"]}]},{\"@type\":\"WebPage\",\"@id\":\"https:\\\/\\\/italcamara-es.com\\\/noticias\\\/el-turismo-internacional-acaricia-los-niveles-prepandemia\\\/\",\"url\":\"https:\\\/\\\/italcamara-es.com\\\/noticias\\\/el-turismo-internacional-acaricia-los-niveles-prepandemia\\\/\",\"name\":\"Il turismo internazionale si avvicina ai livelli pre-pandemia - Italcamara\",\"isPartOf\":{\"@id\":\"https:\\\/\\\/italcamara-es.com\\\/#website\"},\"primaryImageOfPage\":{\"@id\":\"https:\\\/\\\/italcamara-es.com\\\/noticias\\\/el-turismo-internacional-acaricia-los-niveles-prepandemia\\\/#primaryimage\"},\"image\":{\"@id\":\"https:\\\/\\\/italcamara-es.com\\\/noticias\\\/el-turismo-internacional-acaricia-los-niveles-prepandemia\\\/#primaryimage\"},\"thumbnailUrl\":\"https:\\\/\\\/italcamara-es.com\\\/wp-content\\\/uploads\\\/2025\\\/03\\\/R-1-1.jpg\",\"datePublished\":\"2023-12-04T10:01:57+00:00\",\"author\":{\"@id\":\"https:\\\/\\\/italcamara-es.com\\\/#\\\/schema\\\/person\\\/bb3c56263e405bbd9a15171dcfee93bb\"},\"breadcrumb\":{\"@id\":\"https:\\\/\\\/italcamara-es.com\\\/noticias\\\/el-turismo-internacional-acaricia-los-niveles-prepandemia\\\/#breadcrumb\"},\"inLanguage\":\"it-IT\",\"potentialAction\":[{\"@type\":\"ReadAction\",\"target\":[\"https:\\\/\\\/italcamara-es.com\\\/noticias\\\/el-turismo-internacional-acaricia-los-niveles-prepandemia\\\/\"]}]},{\"@type\":\"ImageObject\",\"inLanguage\":\"it-IT\",\"@id\":\"https:\\\/\\\/italcamara-es.com\\\/noticias\\\/el-turismo-internacional-acaricia-los-niveles-prepandemia\\\/#primaryimage\",\"url\":\"https:\\\/\\\/italcamara-es.com\\\/wp-content\\\/uploads\\\/2025\\\/03\\\/R-1-1.jpg\",\"contentUrl\":\"https:\\\/\\\/italcamara-es.com\\\/wp-content\\\/uploads\\\/2025\\\/03\\\/R-1-1.jpg\",\"width\":500,\"height\":280},{\"@type\":\"BreadcrumbList\",\"@id\":\"https:\\\/\\\/italcamara-es.com\\\/noticias\\\/el-turismo-internacional-acaricia-los-niveles-prepandemia\\\/#breadcrumb\",\"itemListElement\":[{\"@type\":\"ListItem\",\"position\":1,\"name\":\"Inicio\",\"item\":\"https:\\\/\\\/italcamara-es.com\\\/it\\\/homepage-ita\\\/\"},{\"@type\":\"ListItem\",\"position\":2,\"name\":\"Il turismo internazionale si avvicina ai livelli pre-pandemia\"}]},{\"@type\":\"WebSite\",\"@id\":\"https:\\\/\\\/italcamara-es.com\\\/#website\",\"url\":\"https:\\\/\\\/italcamara-es.com\\\/\",\"name\":\"Italcamara\",\"description\":\"\",\"potentialAction\":[{\"@type\":\"SearchAction\",\"target\":{\"@type\":\"EntryPoint\",\"urlTemplate\":\"https:\\\/\\\/italcamara-es.com\\\/?s={search_term_string}\"},\"query-input\":{\"@type\":\"PropertyValueSpecification\",\"valueRequired\":true,\"valueName\":\"search_term_string\"}}],\"inLanguage\":\"it-IT\"},{\"@type\":\"Person\",\"@id\":\"https:\\\/\\\/italcamara-es.com\\\/#\\\/schema\\\/person\\\/bb3c56263e405bbd9a15171dcfee93bb\",\"name\":\"administrador\",\"image\":{\"@type\":\"ImageObject\",\"inLanguage\":\"it-IT\",\"@id\":\"https:\\\/\\\/secure.gravatar.com\\\/avatar\\\/14b5e63db38320b12031bb28cf9f77e210aa71fb3a8a3602a3c9a05134fa75eb?s=96&d=mm&r=g\",\"url\":\"https:\\\/\\\/secure.gravatar.com\\\/avatar\\\/14b5e63db38320b12031bb28cf9f77e210aa71fb3a8a3602a3c9a05134fa75eb?s=96&d=mm&r=g\",\"contentUrl\":\"https:\\\/\\\/secure.gravatar.com\\\/avatar\\\/14b5e63db38320b12031bb28cf9f77e210aa71fb3a8a3602a3c9a05134fa75eb?s=96&d=mm&r=g\",\"caption\":\"administrador\"},\"sameAs\":[\"http:\\\/\\\/pre.italcamara-es.com\"],\"url\":\"https:\\\/\\\/italcamara-es.com\\\/it\\\/author\\\/administrador\\\/\"}]}<\/script>\n<!-- \/ Yoast SEO plugin. -->","yoast_head_json":{"title":"Il turismo internazionale si avvicina ai livelli pre-pandemia - Italcamara","robots":{"index":"index","follow":"follow","max-snippet":"max-snippet:-1","max-image-preview":"max-image-preview:large","max-video-preview":"max-video-preview:-1"},"canonical":"https:\/\/italcamara-es.com\/noticias\/el-turismo-internacional-acaricia-los-niveles-prepandemia\/","og_locale":"it_IT","og_type":"article","og_title":"Il turismo internazionale si avvicina ai livelli pre-pandemia - Italcamara","og_description":"Secondo uno studio realizzato da Funcas, centro di analisi nel campo delle previsioni economiche e politiche pubbliche spagnole e dell&#8217;UE, il turismo internazionale si sta avvicinando ai livelli pre-pandemia.Le buone aspettative sulla ripresa del turismo internazionale sembrano essersi avverate in estate rispetto al 2019, soprattutto in termini di spesa media giornaliera per turista. Situazione del [&hellip;]","og_url":"https:\/\/italcamara-es.com\/noticias\/el-turismo-internacional-acaricia-los-niveles-prepandemia\/","og_site_name":"Italcamara","article_published_time":"2023-12-04T10:01:57+00:00","og_image":[{"width":500,"height":280,"url":"https:\/\/italcamara-es.com\/wp-content\/uploads\/2025\/03\/R-1-1.jpg","type":"image\/jpeg"}],"author":"administrador","twitter_card":"summary_large_image","twitter_misc":{"Scritto da":"administrador","Tempo di lettura stimato":"2 minuti"},"schema":{"@context":"https:\/\/schema.org","@graph":[{"@type":"Article","@id":"https:\/\/italcamara-es.com\/noticias\/el-turismo-internacional-acaricia-los-niveles-prepandemia\/#article","isPartOf":{"@id":"https:\/\/italcamara-es.com\/noticias\/el-turismo-internacional-acaricia-los-niveles-prepandemia\/"},"author":{"name":"administrador","@id":"https:\/\/italcamara-es.com\/#\/schema\/person\/bb3c56263e405bbd9a15171dcfee93bb"},"headline":"Il turismo internazionale si avvicina ai livelli pre-pandemia","datePublished":"2023-12-04T10:01:57+00:00","mainEntityOfPage":{"@id":"https:\/\/italcamara-es.com\/noticias\/el-turismo-internacional-acaricia-los-niveles-prepandemia\/"},"wordCount":424,"commentCount":0,"image":{"@id":"https:\/\/italcamara-es.com\/noticias\/el-turismo-internacional-acaricia-los-niveles-prepandemia\/#primaryimage"},"thumbnailUrl":"https:\/\/italcamara-es.com\/wp-content\/uploads\/2025\/03\/R-1-1.jpg","keywords":["Notizie di Mercato"],"articleSection":["Notizie"],"inLanguage":"it-IT","potentialAction":[{"@type":"CommentAction","name":"Comment","target":["https:\/\/italcamara-es.com\/noticias\/el-turismo-internacional-acaricia-los-niveles-prepandemia\/#respond"]}]},{"@type":"WebPage","@id":"https:\/\/italcamara-es.com\/noticias\/el-turismo-internacional-acaricia-los-niveles-prepandemia\/","url":"https:\/\/italcamara-es.com\/noticias\/el-turismo-internacional-acaricia-los-niveles-prepandemia\/","name":"Il turismo internazionale si avvicina ai livelli pre-pandemia - Italcamara","isPartOf":{"@id":"https:\/\/italcamara-es.com\/#website"},"primaryImageOfPage":{"@id":"https:\/\/italcamara-es.com\/noticias\/el-turismo-internacional-acaricia-los-niveles-prepandemia\/#primaryimage"},"image":{"@id":"https:\/\/italcamara-es.com\/noticias\/el-turismo-internacional-acaricia-los-niveles-prepandemia\/#primaryimage"},"thumbnailUrl":"https:\/\/italcamara-es.com\/wp-content\/uploads\/2025\/03\/R-1-1.jpg","datePublished":"2023-12-04T10:01:57+00:00","author":{"@id":"https:\/\/italcamara-es.com\/#\/schema\/person\/bb3c56263e405bbd9a15171dcfee93bb"},"breadcrumb":{"@id":"https:\/\/italcamara-es.com\/noticias\/el-turismo-internacional-acaricia-los-niveles-prepandemia\/#breadcrumb"},"inLanguage":"it-IT","potentialAction":[{"@type":"ReadAction","target":["https:\/\/italcamara-es.com\/noticias\/el-turismo-internacional-acaricia-los-niveles-prepandemia\/"]}]},{"@type":"ImageObject","inLanguage":"it-IT","@id":"https:\/\/italcamara-es.com\/noticias\/el-turismo-internacional-acaricia-los-niveles-prepandemia\/#primaryimage","url":"https:\/\/italcamara-es.com\/wp-content\/uploads\/2025\/03\/R-1-1.jpg","contentUrl":"https:\/\/italcamara-es.com\/wp-content\/uploads\/2025\/03\/R-1-1.jpg","width":500,"height":280},{"@type":"BreadcrumbList","@id":"https:\/\/italcamara-es.com\/noticias\/el-turismo-internacional-acaricia-los-niveles-prepandemia\/#breadcrumb","itemListElement":[{"@type":"ListItem","position":1,"name":"Inicio","item":"https:\/\/italcamara-es.com\/it\/homepage-ita\/"},{"@type":"ListItem","position":2,"name":"Il turismo internazionale si avvicina ai livelli pre-pandemia"}]},{"@type":"WebSite","@id":"https:\/\/italcamara-es.com\/#website","url":"https:\/\/italcamara-es.com\/","name":"Italcamara","description":"","potentialAction":[{"@type":"SearchAction","target":{"@type":"EntryPoint","urlTemplate":"https:\/\/italcamara-es.com\/?s={search_term_string}"},"query-input":{"@type":"PropertyValueSpecification","valueRequired":true,"valueName":"search_term_string"}}],"inLanguage":"it-IT"},{"@type":"Person","@id":"https:\/\/italcamara-es.com\/#\/schema\/person\/bb3c56263e405bbd9a15171dcfee93bb","name":"administrador","image":{"@type":"ImageObject","inLanguage":"it-IT","@id":"https:\/\/secure.gravatar.com\/avatar\/14b5e63db38320b12031bb28cf9f77e210aa71fb3a8a3602a3c9a05134fa75eb?s=96&d=mm&r=g","url":"https:\/\/secure.gravatar.com\/avatar\/14b5e63db38320b12031bb28cf9f77e210aa71fb3a8a3602a3c9a05134fa75eb?s=96&d=mm&r=g","contentUrl":"https:\/\/secure.gravatar.com\/avatar\/14b5e63db38320b12031bb28cf9f77e210aa71fb3a8a3602a3c9a05134fa75eb?s=96&d=mm&r=g","caption":"administrador"},"sameAs":["http:\/\/pre.italcamara-es.com"],"url":"https:\/\/italcamara-es.com\/it\/author\/administrador\/"}]}},"rttpg_featured_image_url":{"full":["https:\/\/italcamara-es.com\/wp-content\/uploads\/2025\/03\/R-1-1.jpg",500,280,false],"landscape":["https:\/\/italcamara-es.com\/wp-content\/uploads\/2025\/03\/R-1-1.jpg",500,280,false],"portraits":["https:\/\/italcamara-es.com\/wp-content\/uploads\/2025\/03\/R-1-1.jpg",500,280,false],"thumbnail":["https:\/\/italcamara-es.com\/wp-content\/uploads\/2025\/03\/R-1-1-150x150.jpg",150,150,true],"medium":["https:\/\/italcamara-es.com\/wp-content\/uploads\/2025\/03\/R-1-1-300x168.jpg",300,168,true],"large":["https:\/\/italcamara-es.com\/wp-content\/uploads\/2025\/03\/R-1-1.jpg",500,280,false],"1536x1536":["https:\/\/italcamara-es.com\/wp-content\/uploads\/2025\/03\/R-1-1.jpg",500,280,false],"2048x2048":["https:\/\/italcamara-es.com\/wp-content\/uploads\/2025\/03\/R-1-1.jpg",500,280,false],"ocean-thumb-m":["https:\/\/italcamara-es.com\/wp-content\/uploads\/2025\/03\/R-1-1.jpg",500,280,false],"ocean-thumb-ml":["https:\/\/italcamara-es.com\/wp-content\/uploads\/2025\/03\/R-1-1.jpg",500,280,false],"ocean-thumb-l":["https:\/\/italcamara-es.com\/wp-content\/uploads\/2025\/03\/R-1-1.jpg",500,280,false],"directorist_preview":["https:\/\/italcamara-es.com\/wp-content\/uploads\/2025\/03\/R-1-1.jpg",500,280,false]},"rttpg_author":{"display_name":"administrador","author_link":"https:\/\/italcamara-es.com\/it\/author\/administrador\/"},"rttpg_comment":0,"rttpg_category":"<a href=\"https:\/\/italcamara-es.com\/it\/category\/notizie\/\" rel=\"category tag\">Notizie<\/a>","rttpg_excerpt":"Secondo uno studio realizzato da Funcas, centro di analisi nel campo delle previsioni economiche e politiche pubbliche spagnole e dell&#8217;UE, il turismo internazionale si sta avvicinando ai livelli pre-pandemia.Le buone aspettative sulla ripresa del turismo internazionale sembrano essersi avverate in estate rispetto al 2019, soprattutto in termini di spesa media giornaliera per turista. Situazione del&hellip;","_links":{"self":[{"href":"https:\/\/italcamara-es.com\/it\/wp-json\/wp\/v2\/posts\/56819","targetHints":{"allow":["GET"]}}],"collection":[{"href":"https:\/\/italcamara-es.com\/it\/wp-json\/wp\/v2\/posts"}],"about":[{"href":"https:\/\/italcamara-es.com\/it\/wp-json\/wp\/v2\/types\/post"}],"author":[{"embeddable":true,"href":"https:\/\/italcamara-es.com\/it\/wp-json\/wp\/v2\/users\/1"}],"replies":[{"embeddable":true,"href":"https:\/\/italcamara-es.com\/it\/wp-json\/wp\/v2\/comments?post=56819"}],"version-history":[{"count":0,"href":"https:\/\/italcamara-es.com\/it\/wp-json\/wp\/v2\/posts\/56819\/revisions"}],"wp:featuredmedia":[{"embeddable":true,"href":"https:\/\/italcamara-es.com\/it\/wp-json\/wp\/v2\/media\/54042"}],"wp:attachment":[{"href":"https:\/\/italcamara-es.com\/it\/wp-json\/wp\/v2\/media?parent=56819"}],"wp:term":[{"taxonomy":"category","embeddable":true,"href":"https:\/\/italcamara-es.com\/it\/wp-json\/wp\/v2\/categories?post=56819"},{"taxonomy":"post_tag","embeddable":true,"href":"https:\/\/italcamara-es.com\/it\/wp-json\/wp\/v2\/tags?post=56819"}],"curies":[{"name":"wp","href":"https:\/\/api.w.org\/{rel}","templated":true}]}}