	{"id":56822,"date":"2024-01-22T10:16:14","date_gmt":"2024-01-22T09:16:14","guid":{"rendered":"http:\/\/pre.italcamara-es.com\/senza-categoria\/nuovo-record-di-turisti-internazionali-in-spagna-previsto-per-il-2023\/"},"modified":"2024-01-22T10:16:14","modified_gmt":"2024-01-22T09:16:14","slug":"nuovo-record-di-turisti-internazionali-in-spagna-previsto-per-il-2023","status":"publish","type":"post","link":"https:\/\/italcamara-es.com\/it\/notizie\/nuovo-record-di-turisti-internazionali-in-spagna-previsto-per-il-2023\/","title":{"rendered":"Nuovo record di turisti internazionali in Spagna previsto per il 2023"},"content":{"rendered":"\n<p>A pochi giorni dalla 44\u00aa edizione della Fiera Internazionale del Turismo, FITUR, che si terr\u00e0 a Madrid dal 24 al 28 gennaio, il Ministero dell&#8217;Industria e del Turismo ha pubblicato alcuni dati riguardanti la crescita registrata negli ultimi mesi dall&#8217;industria turistica nazionale e internazionale, ponendo le basi per il consolidamento del settore nel 2024.<\/p>\n<p>Il ministro dell&#8217;Industria e del Turismo, Jordi Hereu, in una conferenza stampa tenutasi questo venerd\u00ec a Madrid, in cui ha fatto il punto sull\u2019andamento dell\u2019industria turistica spagnola in un 2023 &#8220;da record&#8221;: le prospettive, almeno per l&#8217;inizio del 2024, suggeriscono che il turismo in Spagna continuer\u00e0 la tendenza al rialzo dell&#8217;ultimo anno.<\/p>\n<p>Ha precisato che gli arrivi turistici sarebbero riusciti a superare dell&#8217;1% la cifra record del 2019, un anno prima della pandemia, oltre ad essere superiori del 19% rispetto al 2022, cifre che saranno confermate e ampliate la prossima settimana con i dati dell&#8217;Istituto nazionale di statistica (INE).<\/p>\n<p>Nel 2023, infatti, il numero di turisti che la Spagna ha ricevuto nel 2023 supera gli 84 milioni, oltre le cifre record del 2019, con una spesa di oltre 108.000 milioni di euro.<\/p>\n\n\n<div class=\"wp-block-image\">\n<figure class=\"aligncenter size-large is-resized\"><img decoding=\"async\" src=\"https:\/\/www.italcamara-es.com\/wp-content\/uploads\/2024\/01\/airport-1822133_1280-1024x702.jpg\" alt=\"\" class=\"wp-image-35763\" width=\"500\"\/><\/figure>\n<\/div>\n\n\n<p>Per quanto riguarda la spesa, Hereu ha sottolineato che questa \u00e8 cresciuta a un ritmo pi\u00f9 veloce rispetto agli arrivi turistici. Pertanto, questi 108.000 milioni di euro previsti rappresentano un aumento del 17,4% rispetto ai dati del 2019 e del 23,8% rispetto all&#8217;anno precedente.<\/p>\n\n\n\n<p>Con questi dati, Hereu ha rimarcato che il governo non prender\u00e0 pi\u00f9 come riferimento il record del 2019 poich\u00e8 la conseguente pandemia rimane &#8220;un ciclo gi\u00e0 superato&#8221;.<\/p>\n\n\n\n<p>Il Ministero ha inoltre evidenziato i buoni dati con cui l&#8217;occupazione turistica ha chiuso l&#8217;anno, che si \u00e8 concluso con il maggior numero di affiliati della serie storica, secondo i dati di Turespa\u00f1a, e ha rappresentato il 12,5% del numero totale di affiliati nell&#8217;economia del Paese a fine dicembre.<\/p>\n\n\n\n<p>Per quanto riguarda i primi quattro mesi dell&#8217;anno, il ministro prevede che il trend di crescita continuer\u00e0 nel 2024, con 23,2 milioni di turisti internazionali, quasi il doppio rispetto ai 13,7 milioni dell&#8217;anno precedente. La spesa nella destinazione, infine, da gennaio ad aprile dovrebbe aumentare del 18,5%, fino a 30.432 milioni di euro.<\/p>\n","protected":false},"excerpt":{"rendered":"<p>Per quanto riguarda la spesa, Hereu ha sottolineato che questa \u00e8 cresciuta a un ritmo pi\u00f9 veloce rispetto agli arrivi turistici. Pertanto, questi 108.000 milioni di euro previsti rappresentano un aumento del 17,4% rispetto ai dati del 2019 e del 23,8% rispetto all&#8217;anno precedente. Con questi dati, Hereu ha rimarcato che il governo non prender\u00e0 [&hellip;]<\/p>\n","protected":false},"author":1,"featured_media":56823,"comment_status":"open","ping_status":"open","sticky":false,"template":"","format":"standard","meta":{"inline_featured_image":false,"ocean_post_layout":"","ocean_both_sidebars_style":"","ocean_both_sidebars_content_width":0,"ocean_both_sidebars_sidebars_width":0,"ocean_sidebar":"","ocean_second_sidebar":"","ocean_disable_margins":"enable","ocean_add_body_class":"","ocean_shortcode_before_top_bar":"","ocean_shortcode_after_top_bar":"","ocean_shortcode_before_header":"","ocean_shortcode_after_header":"","ocean_has_shortcode":"","ocean_shortcode_after_title":"","ocean_shortcode_before_footer_widgets":"","ocean_shortcode_after_footer_widgets":"","ocean_shortcode_before_footer_bottom":"","ocean_shortcode_after_footer_bottom":"","ocean_display_top_bar":"default","ocean_display_header":"default","ocean_header_style":"","ocean_center_header_left_menu":"","ocean_custom_header_template":"","ocean_custom_logo":0,"ocean_custom_retina_logo":0,"ocean_custom_logo_max_width":0,"ocean_custom_logo_tablet_max_width":0,"ocean_custom_logo_mobile_max_width":0,"ocean_custom_logo_max_height":0,"ocean_custom_logo_tablet_max_height":0,"ocean_custom_logo_mobile_max_height":0,"ocean_header_custom_menu":"","ocean_menu_typo_font_family":"","ocean_menu_typo_font_subset":"","ocean_menu_typo_font_size":0,"ocean_menu_typo_font_size_tablet":0,"ocean_menu_typo_font_size_mobile":0,"ocean_menu_typo_font_size_unit":"px","ocean_menu_typo_font_weight":"","ocean_menu_typo_font_weight_tablet":"","ocean_menu_typo_font_weight_mobile":"","ocean_menu_typo_transform":"","ocean_menu_typo_transform_tablet":"","ocean_menu_typo_transform_mobile":"","ocean_menu_typo_line_height":0,"ocean_menu_typo_line_height_tablet":0,"ocean_menu_typo_line_height_mobile":0,"ocean_menu_typo_line_height_unit":"","ocean_menu_typo_spacing":0,"ocean_menu_typo_spacing_tablet":0,"ocean_menu_typo_spacing_mobile":0,"ocean_menu_typo_spacing_unit":"","ocean_menu_link_color":"","ocean_menu_link_color_hover":"","ocean_menu_link_color_active":"","ocean_menu_link_background":"","ocean_menu_link_hover_background":"","ocean_menu_link_active_background":"","ocean_menu_social_links_bg":"","ocean_menu_social_hover_links_bg":"","ocean_menu_social_links_color":"","ocean_menu_social_hover_links_color":"","ocean_disable_title":"default","ocean_disable_heading":"default","ocean_post_title":"","ocean_post_subheading":"","ocean_post_title_style":"","ocean_post_title_background_color":"","ocean_post_title_background":0,"ocean_post_title_bg_image_position":"","ocean_post_title_bg_image_attachment":"","ocean_post_title_bg_image_repeat":"","ocean_post_title_bg_image_size":"","ocean_post_title_height":0,"ocean_post_title_bg_overlay":0.5,"ocean_post_title_bg_overlay_color":"","ocean_disable_breadcrumbs":"default","ocean_breadcrumbs_color":"","ocean_breadcrumbs_separator_color":"","ocean_breadcrumbs_links_color":"","ocean_breadcrumbs_links_hover_color":"","ocean_display_footer_widgets":"default","ocean_display_footer_bottom":"default","ocean_custom_footer_template":"","ocean_post_oembed":"","ocean_post_self_hosted_media":"","ocean_post_video_embed":"","ocean_link_format":"","ocean_link_format_target":"self","ocean_quote_format":"","ocean_quote_format_link":"post","ocean_gallery_link_images":"on","ocean_gallery_id":[],"footnotes":""},"categories":[133],"tags":[138],"class_list":["post-56822","post","type-post","status-publish","format-standard","has-post-thumbnail","hentry","category-notizie","tag-notizie-di-mercato","entry","has-media"],"yoast_head":"<!-- This site is optimized with the Yoast SEO plugin v27.4 - https:\/\/yoast.com\/product\/yoast-seo-wordpress\/ -->\n<title>Nuovo record di turisti internazionali in Spagna previsto per il 2023 - Italcamara<\/title>\n<meta name=\"robots\" content=\"index, follow, max-snippet:-1, max-image-preview:large, max-video-preview:-1\" \/>\n<link rel=\"canonical\" href=\"https:\/\/italcamara-es.com\/it\/notizie\/nuovo-record-di-turisti-internazionali-in-spagna-previsto-per-il-2023\/\" \/>\n<meta property=\"og:locale\" content=\"it_IT\" \/>\n<meta property=\"og:type\" content=\"article\" \/>\n<meta property=\"og:title\" content=\"Nuovo record di turisti internazionali in Spagna previsto per il 2023 - Italcamara\" \/>\n<meta property=\"og:description\" content=\"Per quanto riguarda la spesa, Hereu ha sottolineato che questa \u00e8 cresciuta a un ritmo pi\u00f9 veloce rispetto agli arrivi turistici. Pertanto, questi 108.000 milioni di euro previsti rappresentano un aumento del 17,4% rispetto ai dati del 2019 e del 23,8% rispetto all&#8217;anno precedente. Con questi dati, Hereu ha rimarcato che il governo non prender\u00e0 [&hellip;]\" \/>\n<meta property=\"og:url\" content=\"https:\/\/italcamara-es.com\/it\/notizie\/nuovo-record-di-turisti-internazionali-in-spagna-previsto-per-il-2023\/\" \/>\n<meta property=\"og:site_name\" content=\"Italcamara\" \/>\n<meta property=\"article:published_time\" content=\"2024-01-22T09:16:14+00:00\" \/>\n<meta property=\"og:image\" content=\"https:\/\/italcamara-es.com\/wp-content\/uploads\/2025\/03\/Articulos-Crop-.jpg\" \/>\n\t<meta property=\"og:image:width\" content=\"500\" \/>\n\t<meta property=\"og:image:height\" content=\"280\" \/>\n\t<meta property=\"og:image:type\" content=\"image\/jpeg\" \/>\n<meta name=\"author\" content=\"administrador\" \/>\n<meta name=\"twitter:card\" content=\"summary_large_image\" \/>\n<meta name=\"twitter:label1\" content=\"Scritto da\" \/>\n\t<meta name=\"twitter:data1\" content=\"administrador\" \/>\n\t<meta name=\"twitter:label2\" content=\"Tempo di lettura stimato\" \/>\n\t<meta name=\"twitter:data2\" content=\"2 minuti\" \/>\n<script type=\"application\/ld+json\" class=\"yoast-schema-graph\">{\"@context\":\"https:\\\/\\\/schema.org\",\"@graph\":[{\"@type\":\"Article\",\"@id\":\"https:\\\/\\\/italcamara-es.com\\\/it\\\/notizie\\\/nuovo-record-di-turisti-internazionali-in-spagna-previsto-per-il-2023\\\/#article\",\"isPartOf\":{\"@id\":\"https:\\\/\\\/italcamara-es.com\\\/it\\\/notizie\\\/nuovo-record-di-turisti-internazionali-in-spagna-previsto-per-il-2023\\\/\"},\"author\":{\"name\":\"administrador\",\"@id\":\"https:\\\/\\\/italcamara-es.com\\\/#\\\/schema\\\/person\\\/bb3c56263e405bbd9a15171dcfee93bb\"},\"headline\":\"Nuovo record di turisti internazionali in Spagna previsto per il 2023\",\"datePublished\":\"2024-01-22T09:16:14+00:00\",\"mainEntityOfPage\":{\"@id\":\"https:\\\/\\\/italcamara-es.com\\\/it\\\/notizie\\\/nuovo-record-di-turisti-internazionali-in-spagna-previsto-per-il-2023\\\/\"},\"wordCount\":357,\"commentCount\":0,\"image\":{\"@id\":\"https:\\\/\\\/italcamara-es.com\\\/it\\\/notizie\\\/nuovo-record-di-turisti-internazionali-in-spagna-previsto-per-il-2023\\\/#primaryimage\"},\"thumbnailUrl\":\"https:\\\/\\\/italcamara-es.com\\\/wp-content\\\/uploads\\\/2025\\\/03\\\/Articulos-Crop-.jpg\",\"keywords\":[\"Notizie di Mercato\"],\"articleSection\":[\"Notizie\"],\"inLanguage\":\"it-IT\",\"potentialAction\":[{\"@type\":\"CommentAction\",\"name\":\"Comment\",\"target\":[\"https:\\\/\\\/italcamara-es.com\\\/it\\\/notizie\\\/nuovo-record-di-turisti-internazionali-in-spagna-previsto-per-il-2023\\\/#respond\"]}]},{\"@type\":\"WebPage\",\"@id\":\"https:\\\/\\\/italcamara-es.com\\\/it\\\/notizie\\\/nuovo-record-di-turisti-internazionali-in-spagna-previsto-per-il-2023\\\/\",\"url\":\"https:\\\/\\\/italcamara-es.com\\\/it\\\/notizie\\\/nuovo-record-di-turisti-internazionali-in-spagna-previsto-per-il-2023\\\/\",\"name\":\"Nuovo record di turisti internazionali in Spagna previsto per il 2023 - Italcamara\",\"isPartOf\":{\"@id\":\"https:\\\/\\\/italcamara-es.com\\\/#website\"},\"primaryImageOfPage\":{\"@id\":\"https:\\\/\\\/italcamara-es.com\\\/it\\\/notizie\\\/nuovo-record-di-turisti-internazionali-in-spagna-previsto-per-il-2023\\\/#primaryimage\"},\"image\":{\"@id\":\"https:\\\/\\\/italcamara-es.com\\\/it\\\/notizie\\\/nuovo-record-di-turisti-internazionali-in-spagna-previsto-per-il-2023\\\/#primaryimage\"},\"thumbnailUrl\":\"https:\\\/\\\/italcamara-es.com\\\/wp-content\\\/uploads\\\/2025\\\/03\\\/Articulos-Crop-.jpg\",\"datePublished\":\"2024-01-22T09:16:14+00:00\",\"author\":{\"@id\":\"https:\\\/\\\/italcamara-es.com\\\/#\\\/schema\\\/person\\\/bb3c56263e405bbd9a15171dcfee93bb\"},\"breadcrumb\":{\"@id\":\"https:\\\/\\\/italcamara-es.com\\\/it\\\/notizie\\\/nuovo-record-di-turisti-internazionali-in-spagna-previsto-per-il-2023\\\/#breadcrumb\"},\"inLanguage\":\"it-IT\",\"potentialAction\":[{\"@type\":\"ReadAction\",\"target\":[\"https:\\\/\\\/italcamara-es.com\\\/it\\\/notizie\\\/nuovo-record-di-turisti-internazionali-in-spagna-previsto-per-il-2023\\\/\"]}]},{\"@type\":\"ImageObject\",\"inLanguage\":\"it-IT\",\"@id\":\"https:\\\/\\\/italcamara-es.com\\\/it\\\/notizie\\\/nuovo-record-di-turisti-internazionali-in-spagna-previsto-per-il-2023\\\/#primaryimage\",\"url\":\"https:\\\/\\\/italcamara-es.com\\\/wp-content\\\/uploads\\\/2025\\\/03\\\/Articulos-Crop-.jpg\",\"contentUrl\":\"https:\\\/\\\/italcamara-es.com\\\/wp-content\\\/uploads\\\/2025\\\/03\\\/Articulos-Crop-.jpg\",\"width\":500,\"height\":280},{\"@type\":\"BreadcrumbList\",\"@id\":\"https:\\\/\\\/italcamara-es.com\\\/it\\\/notizie\\\/nuovo-record-di-turisti-internazionali-in-spagna-previsto-per-il-2023\\\/#breadcrumb\",\"itemListElement\":[{\"@type\":\"ListItem\",\"position\":1,\"name\":\"Inicio\",\"item\":\"https:\\\/\\\/italcamara-es.com\\\/it\\\/homepage-ita\\\/\"},{\"@type\":\"ListItem\",\"position\":2,\"name\":\"Nuovo record di turisti internazionali in Spagna previsto per il 2023\"}]},{\"@type\":\"WebSite\",\"@id\":\"https:\\\/\\\/italcamara-es.com\\\/#website\",\"url\":\"https:\\\/\\\/italcamara-es.com\\\/\",\"name\":\"Italcamara\",\"description\":\"\",\"potentialAction\":[{\"@type\":\"SearchAction\",\"target\":{\"@type\":\"EntryPoint\",\"urlTemplate\":\"https:\\\/\\\/italcamara-es.com\\\/?s={search_term_string}\"},\"query-input\":{\"@type\":\"PropertyValueSpecification\",\"valueRequired\":true,\"valueName\":\"search_term_string\"}}],\"inLanguage\":\"it-IT\"},{\"@type\":\"Person\",\"@id\":\"https:\\\/\\\/italcamara-es.com\\\/#\\\/schema\\\/person\\\/bb3c56263e405bbd9a15171dcfee93bb\",\"name\":\"administrador\",\"image\":{\"@type\":\"ImageObject\",\"inLanguage\":\"it-IT\",\"@id\":\"https:\\\/\\\/secure.gravatar.com\\\/avatar\\\/14b5e63db38320b12031bb28cf9f77e210aa71fb3a8a3602a3c9a05134fa75eb?s=96&d=mm&r=g\",\"url\":\"https:\\\/\\\/secure.gravatar.com\\\/avatar\\\/14b5e63db38320b12031bb28cf9f77e210aa71fb3a8a3602a3c9a05134fa75eb?s=96&d=mm&r=g\",\"contentUrl\":\"https:\\\/\\\/secure.gravatar.com\\\/avatar\\\/14b5e63db38320b12031bb28cf9f77e210aa71fb3a8a3602a3c9a05134fa75eb?s=96&d=mm&r=g\",\"caption\":\"administrador\"},\"sameAs\":[\"http:\\\/\\\/pre.italcamara-es.com\"],\"url\":\"https:\\\/\\\/italcamara-es.com\\\/it\\\/author\\\/administrador\\\/\"}]}<\/script>\n<!-- \/ Yoast SEO plugin. -->","yoast_head_json":{"title":"Nuovo record di turisti internazionali in Spagna previsto per il 2023 - Italcamara","robots":{"index":"index","follow":"follow","max-snippet":"max-snippet:-1","max-image-preview":"max-image-preview:large","max-video-preview":"max-video-preview:-1"},"canonical":"https:\/\/italcamara-es.com\/it\/notizie\/nuovo-record-di-turisti-internazionali-in-spagna-previsto-per-il-2023\/","og_locale":"it_IT","og_type":"article","og_title":"Nuovo record di turisti internazionali in Spagna previsto per il 2023 - Italcamara","og_description":"Per quanto riguarda la spesa, Hereu ha sottolineato che questa \u00e8 cresciuta a un ritmo pi\u00f9 veloce rispetto agli arrivi turistici. Pertanto, questi 108.000 milioni di euro previsti rappresentano un aumento del 17,4% rispetto ai dati del 2019 e del 23,8% rispetto all&#8217;anno precedente. Con questi dati, Hereu ha rimarcato che il governo non prender\u00e0 [&hellip;]","og_url":"https:\/\/italcamara-es.com\/it\/notizie\/nuovo-record-di-turisti-internazionali-in-spagna-previsto-per-il-2023\/","og_site_name":"Italcamara","article_published_time":"2024-01-22T09:16:14+00:00","og_image":[{"width":500,"height":280,"url":"https:\/\/italcamara-es.com\/wp-content\/uploads\/2025\/03\/Articulos-Crop-.jpg","type":"image\/jpeg"}],"author":"administrador","twitter_card":"summary_large_image","twitter_misc":{"Scritto da":"administrador","Tempo di lettura stimato":"2 minuti"},"schema":{"@context":"https:\/\/schema.org","@graph":[{"@type":"Article","@id":"https:\/\/italcamara-es.com\/it\/notizie\/nuovo-record-di-turisti-internazionali-in-spagna-previsto-per-il-2023\/#article","isPartOf":{"@id":"https:\/\/italcamara-es.com\/it\/notizie\/nuovo-record-di-turisti-internazionali-in-spagna-previsto-per-il-2023\/"},"author":{"name":"administrador","@id":"https:\/\/italcamara-es.com\/#\/schema\/person\/bb3c56263e405bbd9a15171dcfee93bb"},"headline":"Nuovo record di turisti internazionali in Spagna previsto per il 2023","datePublished":"2024-01-22T09:16:14+00:00","mainEntityOfPage":{"@id":"https:\/\/italcamara-es.com\/it\/notizie\/nuovo-record-di-turisti-internazionali-in-spagna-previsto-per-il-2023\/"},"wordCount":357,"commentCount":0,"image":{"@id":"https:\/\/italcamara-es.com\/it\/notizie\/nuovo-record-di-turisti-internazionali-in-spagna-previsto-per-il-2023\/#primaryimage"},"thumbnailUrl":"https:\/\/italcamara-es.com\/wp-content\/uploads\/2025\/03\/Articulos-Crop-.jpg","keywords":["Notizie di Mercato"],"articleSection":["Notizie"],"inLanguage":"it-IT","potentialAction":[{"@type":"CommentAction","name":"Comment","target":["https:\/\/italcamara-es.com\/it\/notizie\/nuovo-record-di-turisti-internazionali-in-spagna-previsto-per-il-2023\/#respond"]}]},{"@type":"WebPage","@id":"https:\/\/italcamara-es.com\/it\/notizie\/nuovo-record-di-turisti-internazionali-in-spagna-previsto-per-il-2023\/","url":"https:\/\/italcamara-es.com\/it\/notizie\/nuovo-record-di-turisti-internazionali-in-spagna-previsto-per-il-2023\/","name":"Nuovo record di turisti internazionali in Spagna previsto per il 2023 - Italcamara","isPartOf":{"@id":"https:\/\/italcamara-es.com\/#website"},"primaryImageOfPage":{"@id":"https:\/\/italcamara-es.com\/it\/notizie\/nuovo-record-di-turisti-internazionali-in-spagna-previsto-per-il-2023\/#primaryimage"},"image":{"@id":"https:\/\/italcamara-es.com\/it\/notizie\/nuovo-record-di-turisti-internazionali-in-spagna-previsto-per-il-2023\/#primaryimage"},"thumbnailUrl":"https:\/\/italcamara-es.com\/wp-content\/uploads\/2025\/03\/Articulos-Crop-.jpg","datePublished":"2024-01-22T09:16:14+00:00","author":{"@id":"https:\/\/italcamara-es.com\/#\/schema\/person\/bb3c56263e405bbd9a15171dcfee93bb"},"breadcrumb":{"@id":"https:\/\/italcamara-es.com\/it\/notizie\/nuovo-record-di-turisti-internazionali-in-spagna-previsto-per-il-2023\/#breadcrumb"},"inLanguage":"it-IT","potentialAction":[{"@type":"ReadAction","target":["https:\/\/italcamara-es.com\/it\/notizie\/nuovo-record-di-turisti-internazionali-in-spagna-previsto-per-il-2023\/"]}]},{"@type":"ImageObject","inLanguage":"it-IT","@id":"https:\/\/italcamara-es.com\/it\/notizie\/nuovo-record-di-turisti-internazionali-in-spagna-previsto-per-il-2023\/#primaryimage","url":"https:\/\/italcamara-es.com\/wp-content\/uploads\/2025\/03\/Articulos-Crop-.jpg","contentUrl":"https:\/\/italcamara-es.com\/wp-content\/uploads\/2025\/03\/Articulos-Crop-.jpg","width":500,"height":280},{"@type":"BreadcrumbList","@id":"https:\/\/italcamara-es.com\/it\/notizie\/nuovo-record-di-turisti-internazionali-in-spagna-previsto-per-il-2023\/#breadcrumb","itemListElement":[{"@type":"ListItem","position":1,"name":"Inicio","item":"https:\/\/italcamara-es.com\/it\/homepage-ita\/"},{"@type":"ListItem","position":2,"name":"Nuovo record di turisti internazionali in Spagna previsto per il 2023"}]},{"@type":"WebSite","@id":"https:\/\/italcamara-es.com\/#website","url":"https:\/\/italcamara-es.com\/","name":"Italcamara","description":"","potentialAction":[{"@type":"SearchAction","target":{"@type":"EntryPoint","urlTemplate":"https:\/\/italcamara-es.com\/?s={search_term_string}"},"query-input":{"@type":"PropertyValueSpecification","valueRequired":true,"valueName":"search_term_string"}}],"inLanguage":"it-IT"},{"@type":"Person","@id":"https:\/\/italcamara-es.com\/#\/schema\/person\/bb3c56263e405bbd9a15171dcfee93bb","name":"administrador","image":{"@type":"ImageObject","inLanguage":"it-IT","@id":"https:\/\/secure.gravatar.com\/avatar\/14b5e63db38320b12031bb28cf9f77e210aa71fb3a8a3602a3c9a05134fa75eb?s=96&d=mm&r=g","url":"https:\/\/secure.gravatar.com\/avatar\/14b5e63db38320b12031bb28cf9f77e210aa71fb3a8a3602a3c9a05134fa75eb?s=96&d=mm&r=g","contentUrl":"https:\/\/secure.gravatar.com\/avatar\/14b5e63db38320b12031bb28cf9f77e210aa71fb3a8a3602a3c9a05134fa75eb?s=96&d=mm&r=g","caption":"administrador"},"sameAs":["http:\/\/pre.italcamara-es.com"],"url":"https:\/\/italcamara-es.com\/it\/author\/administrador\/"}]}},"rttpg_featured_image_url":{"full":["https:\/\/italcamara-es.com\/wp-content\/uploads\/2025\/03\/Articulos-Crop-.jpg",500,280,false],"landscape":["https:\/\/italcamara-es.com\/wp-content\/uploads\/2025\/03\/Articulos-Crop-.jpg",500,280,false],"portraits":["https:\/\/italcamara-es.com\/wp-content\/uploads\/2025\/03\/Articulos-Crop-.jpg",500,280,false],"thumbnail":["https:\/\/italcamara-es.com\/wp-content\/uploads\/2025\/03\/Articulos-Crop--150x150.jpg",150,150,true],"medium":["https:\/\/italcamara-es.com\/wp-content\/uploads\/2025\/03\/Articulos-Crop--300x168.jpg",300,168,true],"large":["https:\/\/italcamara-es.com\/wp-content\/uploads\/2025\/03\/Articulos-Crop-.jpg",500,280,false],"1536x1536":["https:\/\/italcamara-es.com\/wp-content\/uploads\/2025\/03\/Articulos-Crop-.jpg",500,280,false],"2048x2048":["https:\/\/italcamara-es.com\/wp-content\/uploads\/2025\/03\/Articulos-Crop-.jpg",500,280,false],"ocean-thumb-m":["https:\/\/italcamara-es.com\/wp-content\/uploads\/2025\/03\/Articulos-Crop-.jpg",500,280,false],"ocean-thumb-ml":["https:\/\/italcamara-es.com\/wp-content\/uploads\/2025\/03\/Articulos-Crop-.jpg",500,280,false],"ocean-thumb-l":["https:\/\/italcamara-es.com\/wp-content\/uploads\/2025\/03\/Articulos-Crop-.jpg",500,280,false],"directorist_preview":["https:\/\/italcamara-es.com\/wp-content\/uploads\/2025\/03\/Articulos-Crop-.jpg",500,280,false]},"rttpg_author":{"display_name":"administrador","author_link":"https:\/\/italcamara-es.com\/it\/author\/administrador\/"},"rttpg_comment":0,"rttpg_category":"<a href=\"https:\/\/italcamara-es.com\/it\/category\/notizie\/\" rel=\"category tag\">Notizie<\/a>","rttpg_excerpt":"Per quanto riguarda la spesa, Hereu ha sottolineato che questa \u00e8 cresciuta a un ritmo pi\u00f9 veloce rispetto agli arrivi turistici. Pertanto, questi 108.000 milioni di euro previsti rappresentano un aumento del 17,4% rispetto ai dati del 2019 e del 23,8% rispetto all&#8217;anno precedente. Con questi dati, Hereu ha rimarcato che il governo non prender\u00e0&hellip;","_links":{"self":[{"href":"https:\/\/italcamara-es.com\/it\/wp-json\/wp\/v2\/posts\/56822","targetHints":{"allow":["GET"]}}],"collection":[{"href":"https:\/\/italcamara-es.com\/it\/wp-json\/wp\/v2\/posts"}],"about":[{"href":"https:\/\/italcamara-es.com\/it\/wp-json\/wp\/v2\/types\/post"}],"author":[{"embeddable":true,"href":"https:\/\/italcamara-es.com\/it\/wp-json\/wp\/v2\/users\/1"}],"replies":[{"embeddable":true,"href":"https:\/\/italcamara-es.com\/it\/wp-json\/wp\/v2\/comments?post=56822"}],"version-history":[{"count":0,"href":"https:\/\/italcamara-es.com\/it\/wp-json\/wp\/v2\/posts\/56822\/revisions"}],"wp:featuredmedia":[{"embeddable":true,"href":"https:\/\/italcamara-es.com\/it\/wp-json\/wp\/v2\/media\/56823"}],"wp:attachment":[{"href":"https:\/\/italcamara-es.com\/it\/wp-json\/wp\/v2\/media?parent=56822"}],"wp:term":[{"taxonomy":"category","embeddable":true,"href":"https:\/\/italcamara-es.com\/it\/wp-json\/wp\/v2\/categories?post=56822"},{"taxonomy":"post_tag","embeddable":true,"href":"https:\/\/italcamara-es.com\/it\/wp-json\/wp\/v2\/tags?post=56822"}],"curies":[{"name":"wp","href":"https:\/\/api.w.org\/{rel}","templated":true}]}}