	{"id":56826,"date":"2024-02-05T15:54:48","date_gmt":"2024-02-05T14:54:48","guid":{"rendered":"http:\/\/pre.italcamara-es.com\/senza-categoria\/2023-un-anno-record-per-il-settore-turistico-in-spagna\/"},"modified":"2024-02-05T15:54:48","modified_gmt":"2024-02-05T14:54:48","slug":"2023-un-anno-record-per-il-settore-turistico-in-spagna","status":"publish","type":"post","link":"https:\/\/italcamara-es.com\/it\/notizie\/2023-un-anno-record-per-il-settore-turistico-in-spagna\/","title":{"rendered":"2023: un anno record per il settore turistico in Spagna"},"content":{"rendered":"\n\n\n<p>Il numero di turisti internazionali che hanno visitato la Spagna nel 2023 ha superato gli 85 milioni per la prima volta da quando esistono i registri statistici. Una cifra &#8211; 85.056.528 di turisti &#8211; che supera del 18,7% quella del 2022 e dell&#8217;1,9% quella del 2019, finora l&#8217;anno di riferimento pre-pandemia. Inoltre, la Spagna ha battuto i record di spesa turistica, con 108.662 milioni di euro, il 24,7% in pi\u00f9 rispetto al 2022 e il 18,2% in pi\u00f9 rispetto al 2019, secondo i dati pubblicati il 2 febbraio dall&#8217;Istituto Nazionale di Statistica (INE).<\/p>\n<p>Ogni turista ha speso in media 1.278 euro, il 5,1% in pi\u00f9 rispetto all&#8217;anno precedente e il 16,1% in pi\u00f9 rispetto al 2019. Anche la spesa giornaliera riflette questa crescita, raggiungendo i 175 euro, ovvero l&#8217;8% in pi\u00f9 rispetto al 2022 e il 13,1% in pi\u00f9 rispetto al 2019. Allo stesso modo, anche la permanenza media aumenta a 7,3 giorni (nel 2019 la media era di 7,1 giorni).\u00a0<\/p>\n<p>\u00a0<\/p>\n<p><img fetchpriority=\"high\" decoding=\"async\" class=\"aligncenter wp-image-35763\" src=\"https:\/\/www.italcamara-es.com\/wp-content\/uploads\/2024\/01\/airport-1822133_1280-1024x702.jpg\" alt=\"\" width=\"401\" height=\"275\" \/><\/p>\n<p>\u00a0<\/p>\n<p><strong>I principali paesi di provenienza dei turisti in Spagna<\/strong><\/p>\n<p>Nel 2023, i principali mercati di emissione di turisti hanno registrato una notevole crescita rispetto agli anni precedenti. Il Regno Unito continua a essere in cima alla lista dei paesi di emissione, con 17,3 milioni di turisti ed un aumento del 14,6% rispetto al 2022. In termini di spesa, i cittadini britannici hanno speso pi\u00f9 di 19 miliardi di euro nel 2023, il 16,3% in pi\u00f9 rispetto al 2022 e l&#8217;11,8% in pi\u00f9 rispetto al 2019.<br \/>La Francia ha fornito 11,8 milioni di turisti alla Spagna nell&#8217;ultimo anno, con una crescita del 17% rispetto al 2022 e del 6% rispetto al 2019. Per quanto riguarda la spesa annuale dei turisti francesi, questa \u00e8 stata di 9.767 milioni di euro, con un aumento del 19,7% rispetto al 2022 e del 28,6% rispetto al 2019.<br \/>Da parte sua, la Germania \u00e8 cresciuta del 10,6% rispetto al 2022, raggiungendo i 10,8 milioni di turisti internazionali; turisti tedeschi hanno speso nei 12 mesi accumulati pi\u00f9 di 12,9 miliardi di euro, il che implica un aumento del 12,6% su base annua e dell&#8217;11,1% in pi\u00f9 rispetto al 2019.<br \/><strong>L&#8217;Italia<\/strong> \u00e8 al quarto posto, con oltre <strong>4,8 milioni di turisti<\/strong>, il 21,2% in pi\u00f9 rispetto al 2022. I turisti del Belpaese hanno speso pi\u00f9 di 4,3 miliardi di euro nel 2023, il 22,3% in pi\u00f9 rispetto all&#8217;anno precedente e il 22% in pi\u00f9 rispetto al 2019.<\/p>\n<p>In testa ai Paesi con la maggiore crescita nel 2023 ci sono gli Stati Uniti, i cui turisti che hanno visitato la Spagna sono aumentati del 38,7% rispetto al 2022 e del 16,9% rispetto al 2019. Gli Stati Uniti sono anche uno dei mercati con il pi\u00f9 alto incremento di spesa per la destinazione nel 2023: oltre 7.800 milioni di euro, pari al 50% in pi\u00f9 rispetto al 2022 e al 36,4% in pi\u00f9 rispetto al 2019. Estendendo l&#8217;attenzione all&#8217;intero continente americano, l&#8217;aumento dei turisti \u00e8 del 31,9% rispetto al 2022. Dopo gli Stati Uniti, la Svizzera &#8211; con un aumento significativo di oltre il 20% dei turisti &#8211; \u00e8 un altro dei paesi che ha registrato la maggiore crescita nell&#8217;ultimo anno.<\/p>\n<p><strong>Le destinazioni principali\u00a0<\/strong><\/p>\n<p>Per quanto riguarda le comunit\u00e0 autonome di destinazione preferite dai turisti internazionali, la Catalogna \u00e8 in testa con oltre 18 milioni di visitatori, il 21,2% in pi\u00f9 rispetto al 2022. Dopo la Catalogna vengono le Isole Baleari &#8211; con oltre 14 milioni di turisti e una crescita del 9,1% &#8211; seguite dalle Isole Canarie (13,9 milioni e un aumento del 13,1%), Valencia (10,4 milioni, in crescita del 21,8%) e Madrid, che \u00e8 la regione con la pi\u00f9 alta crescita su base annua nel 2023, con un aumento del 29,6%, a oltre 7,5 milioni. Il resto delle regioni \u00e8 cresciuto complessivamente del 23,8% rispetto all&#8217;anno precedente.<br \/>In termini di spesa, la Catalogna \u00e8 anche la regione con la spesa pi\u00f9 alta nella destinazione nel 2023, 20.877 milioni di euro e un aumento del 26,7% rispetto all&#8217;anno precedente. Le Isole Canarie, seconde, sono praticamente allo stesso livello, con 20.333 milioni (e una crescita del 16,5% su base annua). Dietro di loro, e gi\u00e0 sotto i 20 miliardi, ci sono le Isole Baleari, con 17,722 miliardi e un aumento del 16,4%, e l&#8217;Andalusia, con 15,361 miliardi, il 28,1% in pi\u00f9 rispetto al 2022.<\/p>\n","protected":false},"excerpt":{"rendered":"","protected":false},"author":1,"featured_media":54051,"comment_status":"open","ping_status":"open","sticky":false,"template":"","format":"standard","meta":{"inline_featured_image":false,"ocean_post_layout":"","ocean_both_sidebars_style":"","ocean_both_sidebars_content_width":0,"ocean_both_sidebars_sidebars_width":0,"ocean_sidebar":"","ocean_second_sidebar":"","ocean_disable_margins":"enable","ocean_add_body_class":"","ocean_shortcode_before_top_bar":"","ocean_shortcode_after_top_bar":"","ocean_shortcode_before_header":"","ocean_shortcode_after_header":"","ocean_has_shortcode":"","ocean_shortcode_after_title":"","ocean_shortcode_before_footer_widgets":"","ocean_shortcode_after_footer_widgets":"","ocean_shortcode_before_footer_bottom":"","ocean_shortcode_after_footer_bottom":"","ocean_display_top_bar":"default","ocean_display_header":"default","ocean_header_style":"","ocean_center_header_left_menu":"","ocean_custom_header_template":"","ocean_custom_logo":0,"ocean_custom_retina_logo":0,"ocean_custom_logo_max_width":0,"ocean_custom_logo_tablet_max_width":0,"ocean_custom_logo_mobile_max_width":0,"ocean_custom_logo_max_height":0,"ocean_custom_logo_tablet_max_height":0,"ocean_custom_logo_mobile_max_height":0,"ocean_header_custom_menu":"","ocean_menu_typo_font_family":"","ocean_menu_typo_font_subset":"","ocean_menu_typo_font_size":0,"ocean_menu_typo_font_size_tablet":0,"ocean_menu_typo_font_size_mobile":0,"ocean_menu_typo_font_size_unit":"px","ocean_menu_typo_font_weight":"","ocean_menu_typo_font_weight_tablet":"","ocean_menu_typo_font_weight_mobile":"","ocean_menu_typo_transform":"","ocean_menu_typo_transform_tablet":"","ocean_menu_typo_transform_mobile":"","ocean_menu_typo_line_height":0,"ocean_menu_typo_line_height_tablet":0,"ocean_menu_typo_line_height_mobile":0,"ocean_menu_typo_line_height_unit":"","ocean_menu_typo_spacing":0,"ocean_menu_typo_spacing_tablet":0,"ocean_menu_typo_spacing_mobile":0,"ocean_menu_typo_spacing_unit":"","ocean_menu_link_color":"","ocean_menu_link_color_hover":"","ocean_menu_link_color_active":"","ocean_menu_link_background":"","ocean_menu_link_hover_background":"","ocean_menu_link_active_background":"","ocean_menu_social_links_bg":"","ocean_menu_social_hover_links_bg":"","ocean_menu_social_links_color":"","ocean_menu_social_hover_links_color":"","ocean_disable_title":"default","ocean_disable_heading":"default","ocean_post_title":"","ocean_post_subheading":"","ocean_post_title_style":"","ocean_post_title_background_color":"","ocean_post_title_background":0,"ocean_post_title_bg_image_position":"","ocean_post_title_bg_image_attachment":"","ocean_post_title_bg_image_repeat":"","ocean_post_title_bg_image_size":"","ocean_post_title_height":0,"ocean_post_title_bg_overlay":0.5,"ocean_post_title_bg_overlay_color":"","ocean_disable_breadcrumbs":"default","ocean_breadcrumbs_color":"","ocean_breadcrumbs_separator_color":"","ocean_breadcrumbs_links_color":"","ocean_breadcrumbs_links_hover_color":"","ocean_display_footer_widgets":"default","ocean_display_footer_bottom":"default","ocean_custom_footer_template":"","ocean_post_oembed":"","ocean_post_self_hosted_media":"","ocean_post_video_embed":"","ocean_link_format":"","ocean_link_format_target":"self","ocean_quote_format":"","ocean_quote_format_link":"post","ocean_gallery_link_images":"on","ocean_gallery_id":[],"footnotes":""},"categories":[133],"tags":[138],"class_list":["post-56826","post","type-post","status-publish","format-standard","has-post-thumbnail","hentry","category-notizie","tag-notizie-di-mercato","entry","has-media"],"yoast_head":"<!-- This site is optimized with the Yoast SEO plugin v27.4 - https:\/\/yoast.com\/product\/yoast-seo-wordpress\/ -->\n<title>2023: un anno record per il settore turistico in Spagna - Italcamara<\/title>\n<meta name=\"robots\" content=\"index, follow, max-snippet:-1, max-image-preview:large, max-video-preview:-1\" \/>\n<link rel=\"canonical\" href=\"https:\/\/italcamara-es.com\/noticias\/2023-un-ano-record-para-el-sector-turistico-en-espana\/\" \/>\n<meta property=\"og:locale\" content=\"it_IT\" \/>\n<meta property=\"og:type\" content=\"article\" \/>\n<meta property=\"og:title\" content=\"2023: un anno record per il settore turistico in Spagna - Italcamara\" \/>\n<meta property=\"og:url\" content=\"https:\/\/italcamara-es.com\/noticias\/2023-un-ano-record-para-el-sector-turistico-en-espana\/\" \/>\n<meta property=\"og:site_name\" content=\"Italcamara\" \/>\n<meta property=\"article:published_time\" content=\"2024-02-05T14:54:48+00:00\" \/>\n<meta property=\"og:image\" content=\"https:\/\/italcamara-es.com\/wp-content\/uploads\/2025\/03\/Articulos-Crop-1-1.jpg\" \/>\n\t<meta property=\"og:image:width\" content=\"500\" \/>\n\t<meta property=\"og:image:height\" content=\"280\" \/>\n\t<meta property=\"og:image:type\" content=\"image\/jpeg\" \/>\n<meta name=\"author\" content=\"administrador\" \/>\n<meta name=\"twitter:card\" content=\"summary_large_image\" \/>\n<meta name=\"twitter:label1\" content=\"Scritto da\" \/>\n\t<meta name=\"twitter:data1\" content=\"administrador\" \/>\n\t<meta name=\"twitter:label2\" content=\"Tempo di lettura stimato\" \/>\n\t<meta name=\"twitter:data2\" content=\"3 minuti\" \/>\n<script type=\"application\/ld+json\" class=\"yoast-schema-graph\">{\"@context\":\"https:\\\/\\\/schema.org\",\"@graph\":[{\"@type\":\"Article\",\"@id\":\"https:\\\/\\\/italcamara-es.com\\\/noticias\\\/2023-un-ano-record-para-el-sector-turistico-en-espana\\\/#article\",\"isPartOf\":{\"@id\":\"https:\\\/\\\/italcamara-es.com\\\/noticias\\\/2023-un-ano-record-para-el-sector-turistico-en-espana\\\/\"},\"author\":{\"name\":\"administrador\",\"@id\":\"https:\\\/\\\/italcamara-es.com\\\/#\\\/schema\\\/person\\\/bb3c56263e405bbd9a15171dcfee93bb\"},\"headline\":\"2023: un anno record per il settore turistico in Spagna\",\"datePublished\":\"2024-02-05T14:54:48+00:00\",\"mainEntityOfPage\":{\"@id\":\"https:\\\/\\\/italcamara-es.com\\\/noticias\\\/2023-un-ano-record-para-el-sector-turistico-en-espana\\\/\"},\"wordCount\":633,\"commentCount\":0,\"image\":{\"@id\":\"https:\\\/\\\/italcamara-es.com\\\/noticias\\\/2023-un-ano-record-para-el-sector-turistico-en-espana\\\/#primaryimage\"},\"thumbnailUrl\":\"https:\\\/\\\/italcamara-es.com\\\/wp-content\\\/uploads\\\/2025\\\/03\\\/Articulos-Crop-1-1.jpg\",\"keywords\":[\"Notizie di Mercato\"],\"articleSection\":[\"Notizie\"],\"inLanguage\":\"it-IT\",\"potentialAction\":[{\"@type\":\"CommentAction\",\"name\":\"Comment\",\"target\":[\"https:\\\/\\\/italcamara-es.com\\\/noticias\\\/2023-un-ano-record-para-el-sector-turistico-en-espana\\\/#respond\"]}]},{\"@type\":\"WebPage\",\"@id\":\"https:\\\/\\\/italcamara-es.com\\\/noticias\\\/2023-un-ano-record-para-el-sector-turistico-en-espana\\\/\",\"url\":\"https:\\\/\\\/italcamara-es.com\\\/noticias\\\/2023-un-ano-record-para-el-sector-turistico-en-espana\\\/\",\"name\":\"2023: un anno record per il settore turistico in Spagna - Italcamara\",\"isPartOf\":{\"@id\":\"https:\\\/\\\/italcamara-es.com\\\/#website\"},\"primaryImageOfPage\":{\"@id\":\"https:\\\/\\\/italcamara-es.com\\\/noticias\\\/2023-un-ano-record-para-el-sector-turistico-en-espana\\\/#primaryimage\"},\"image\":{\"@id\":\"https:\\\/\\\/italcamara-es.com\\\/noticias\\\/2023-un-ano-record-para-el-sector-turistico-en-espana\\\/#primaryimage\"},\"thumbnailUrl\":\"https:\\\/\\\/italcamara-es.com\\\/wp-content\\\/uploads\\\/2025\\\/03\\\/Articulos-Crop-1-1.jpg\",\"datePublished\":\"2024-02-05T14:54:48+00:00\",\"author\":{\"@id\":\"https:\\\/\\\/italcamara-es.com\\\/#\\\/schema\\\/person\\\/bb3c56263e405bbd9a15171dcfee93bb\"},\"breadcrumb\":{\"@id\":\"https:\\\/\\\/italcamara-es.com\\\/noticias\\\/2023-un-ano-record-para-el-sector-turistico-en-espana\\\/#breadcrumb\"},\"inLanguage\":\"it-IT\",\"potentialAction\":[{\"@type\":\"ReadAction\",\"target\":[\"https:\\\/\\\/italcamara-es.com\\\/noticias\\\/2023-un-ano-record-para-el-sector-turistico-en-espana\\\/\"]}]},{\"@type\":\"ImageObject\",\"inLanguage\":\"it-IT\",\"@id\":\"https:\\\/\\\/italcamara-es.com\\\/noticias\\\/2023-un-ano-record-para-el-sector-turistico-en-espana\\\/#primaryimage\",\"url\":\"https:\\\/\\\/italcamara-es.com\\\/wp-content\\\/uploads\\\/2025\\\/03\\\/Articulos-Crop-1-1.jpg\",\"contentUrl\":\"https:\\\/\\\/italcamara-es.com\\\/wp-content\\\/uploads\\\/2025\\\/03\\\/Articulos-Crop-1-1.jpg\",\"width\":500,\"height\":280},{\"@type\":\"BreadcrumbList\",\"@id\":\"https:\\\/\\\/italcamara-es.com\\\/noticias\\\/2023-un-ano-record-para-el-sector-turistico-en-espana\\\/#breadcrumb\",\"itemListElement\":[{\"@type\":\"ListItem\",\"position\":1,\"name\":\"Inicio\",\"item\":\"https:\\\/\\\/italcamara-es.com\\\/it\\\/homepage-ita\\\/\"},{\"@type\":\"ListItem\",\"position\":2,\"name\":\"2023: un anno record per il settore turistico in Spagna\"}]},{\"@type\":\"WebSite\",\"@id\":\"https:\\\/\\\/italcamara-es.com\\\/#website\",\"url\":\"https:\\\/\\\/italcamara-es.com\\\/\",\"name\":\"Italcamara\",\"description\":\"\",\"potentialAction\":[{\"@type\":\"SearchAction\",\"target\":{\"@type\":\"EntryPoint\",\"urlTemplate\":\"https:\\\/\\\/italcamara-es.com\\\/?s={search_term_string}\"},\"query-input\":{\"@type\":\"PropertyValueSpecification\",\"valueRequired\":true,\"valueName\":\"search_term_string\"}}],\"inLanguage\":\"it-IT\"},{\"@type\":\"Person\",\"@id\":\"https:\\\/\\\/italcamara-es.com\\\/#\\\/schema\\\/person\\\/bb3c56263e405bbd9a15171dcfee93bb\",\"name\":\"administrador\",\"image\":{\"@type\":\"ImageObject\",\"inLanguage\":\"it-IT\",\"@id\":\"https:\\\/\\\/secure.gravatar.com\\\/avatar\\\/14b5e63db38320b12031bb28cf9f77e210aa71fb3a8a3602a3c9a05134fa75eb?s=96&d=mm&r=g\",\"url\":\"https:\\\/\\\/secure.gravatar.com\\\/avatar\\\/14b5e63db38320b12031bb28cf9f77e210aa71fb3a8a3602a3c9a05134fa75eb?s=96&d=mm&r=g\",\"contentUrl\":\"https:\\\/\\\/secure.gravatar.com\\\/avatar\\\/14b5e63db38320b12031bb28cf9f77e210aa71fb3a8a3602a3c9a05134fa75eb?s=96&d=mm&r=g\",\"caption\":\"administrador\"},\"sameAs\":[\"http:\\\/\\\/pre.italcamara-es.com\"],\"url\":\"https:\\\/\\\/italcamara-es.com\\\/it\\\/author\\\/administrador\\\/\"}]}<\/script>\n<!-- \/ Yoast SEO plugin. -->","yoast_head_json":{"title":"2023: un anno record per il settore turistico in Spagna - Italcamara","robots":{"index":"index","follow":"follow","max-snippet":"max-snippet:-1","max-image-preview":"max-image-preview:large","max-video-preview":"max-video-preview:-1"},"canonical":"https:\/\/italcamara-es.com\/noticias\/2023-un-ano-record-para-el-sector-turistico-en-espana\/","og_locale":"it_IT","og_type":"article","og_title":"2023: un anno record per il settore turistico in Spagna - Italcamara","og_url":"https:\/\/italcamara-es.com\/noticias\/2023-un-ano-record-para-el-sector-turistico-en-espana\/","og_site_name":"Italcamara","article_published_time":"2024-02-05T14:54:48+00:00","og_image":[{"width":500,"height":280,"url":"https:\/\/italcamara-es.com\/wp-content\/uploads\/2025\/03\/Articulos-Crop-1-1.jpg","type":"image\/jpeg"}],"author":"administrador","twitter_card":"summary_large_image","twitter_misc":{"Scritto da":"administrador","Tempo di lettura stimato":"3 minuti"},"schema":{"@context":"https:\/\/schema.org","@graph":[{"@type":"Article","@id":"https:\/\/italcamara-es.com\/noticias\/2023-un-ano-record-para-el-sector-turistico-en-espana\/#article","isPartOf":{"@id":"https:\/\/italcamara-es.com\/noticias\/2023-un-ano-record-para-el-sector-turistico-en-espana\/"},"author":{"name":"administrador","@id":"https:\/\/italcamara-es.com\/#\/schema\/person\/bb3c56263e405bbd9a15171dcfee93bb"},"headline":"2023: un anno record per il settore turistico in Spagna","datePublished":"2024-02-05T14:54:48+00:00","mainEntityOfPage":{"@id":"https:\/\/italcamara-es.com\/noticias\/2023-un-ano-record-para-el-sector-turistico-en-espana\/"},"wordCount":633,"commentCount":0,"image":{"@id":"https:\/\/italcamara-es.com\/noticias\/2023-un-ano-record-para-el-sector-turistico-en-espana\/#primaryimage"},"thumbnailUrl":"https:\/\/italcamara-es.com\/wp-content\/uploads\/2025\/03\/Articulos-Crop-1-1.jpg","keywords":["Notizie di Mercato"],"articleSection":["Notizie"],"inLanguage":"it-IT","potentialAction":[{"@type":"CommentAction","name":"Comment","target":["https:\/\/italcamara-es.com\/noticias\/2023-un-ano-record-para-el-sector-turistico-en-espana\/#respond"]}]},{"@type":"WebPage","@id":"https:\/\/italcamara-es.com\/noticias\/2023-un-ano-record-para-el-sector-turistico-en-espana\/","url":"https:\/\/italcamara-es.com\/noticias\/2023-un-ano-record-para-el-sector-turistico-en-espana\/","name":"2023: un anno record per il settore turistico in Spagna - Italcamara","isPartOf":{"@id":"https:\/\/italcamara-es.com\/#website"},"primaryImageOfPage":{"@id":"https:\/\/italcamara-es.com\/noticias\/2023-un-ano-record-para-el-sector-turistico-en-espana\/#primaryimage"},"image":{"@id":"https:\/\/italcamara-es.com\/noticias\/2023-un-ano-record-para-el-sector-turistico-en-espana\/#primaryimage"},"thumbnailUrl":"https:\/\/italcamara-es.com\/wp-content\/uploads\/2025\/03\/Articulos-Crop-1-1.jpg","datePublished":"2024-02-05T14:54:48+00:00","author":{"@id":"https:\/\/italcamara-es.com\/#\/schema\/person\/bb3c56263e405bbd9a15171dcfee93bb"},"breadcrumb":{"@id":"https:\/\/italcamara-es.com\/noticias\/2023-un-ano-record-para-el-sector-turistico-en-espana\/#breadcrumb"},"inLanguage":"it-IT","potentialAction":[{"@type":"ReadAction","target":["https:\/\/italcamara-es.com\/noticias\/2023-un-ano-record-para-el-sector-turistico-en-espana\/"]}]},{"@type":"ImageObject","inLanguage":"it-IT","@id":"https:\/\/italcamara-es.com\/noticias\/2023-un-ano-record-para-el-sector-turistico-en-espana\/#primaryimage","url":"https:\/\/italcamara-es.com\/wp-content\/uploads\/2025\/03\/Articulos-Crop-1-1.jpg","contentUrl":"https:\/\/italcamara-es.com\/wp-content\/uploads\/2025\/03\/Articulos-Crop-1-1.jpg","width":500,"height":280},{"@type":"BreadcrumbList","@id":"https:\/\/italcamara-es.com\/noticias\/2023-un-ano-record-para-el-sector-turistico-en-espana\/#breadcrumb","itemListElement":[{"@type":"ListItem","position":1,"name":"Inicio","item":"https:\/\/italcamara-es.com\/it\/homepage-ita\/"},{"@type":"ListItem","position":2,"name":"2023: un anno record per il settore turistico in Spagna"}]},{"@type":"WebSite","@id":"https:\/\/italcamara-es.com\/#website","url":"https:\/\/italcamara-es.com\/","name":"Italcamara","description":"","potentialAction":[{"@type":"SearchAction","target":{"@type":"EntryPoint","urlTemplate":"https:\/\/italcamara-es.com\/?s={search_term_string}"},"query-input":{"@type":"PropertyValueSpecification","valueRequired":true,"valueName":"search_term_string"}}],"inLanguage":"it-IT"},{"@type":"Person","@id":"https:\/\/italcamara-es.com\/#\/schema\/person\/bb3c56263e405bbd9a15171dcfee93bb","name":"administrador","image":{"@type":"ImageObject","inLanguage":"it-IT","@id":"https:\/\/secure.gravatar.com\/avatar\/14b5e63db38320b12031bb28cf9f77e210aa71fb3a8a3602a3c9a05134fa75eb?s=96&d=mm&r=g","url":"https:\/\/secure.gravatar.com\/avatar\/14b5e63db38320b12031bb28cf9f77e210aa71fb3a8a3602a3c9a05134fa75eb?s=96&d=mm&r=g","contentUrl":"https:\/\/secure.gravatar.com\/avatar\/14b5e63db38320b12031bb28cf9f77e210aa71fb3a8a3602a3c9a05134fa75eb?s=96&d=mm&r=g","caption":"administrador"},"sameAs":["http:\/\/pre.italcamara-es.com"],"url":"https:\/\/italcamara-es.com\/it\/author\/administrador\/"}]}},"rttpg_featured_image_url":{"full":["https:\/\/italcamara-es.com\/wp-content\/uploads\/2025\/03\/Articulos-Crop-1-1.jpg",500,280,false],"landscape":["https:\/\/italcamara-es.com\/wp-content\/uploads\/2025\/03\/Articulos-Crop-1-1.jpg",500,280,false],"portraits":["https:\/\/italcamara-es.com\/wp-content\/uploads\/2025\/03\/Articulos-Crop-1-1.jpg",500,280,false],"thumbnail":["https:\/\/italcamara-es.com\/wp-content\/uploads\/2025\/03\/Articulos-Crop-1-1-150x150.jpg",150,150,true],"medium":["https:\/\/italcamara-es.com\/wp-content\/uploads\/2025\/03\/Articulos-Crop-1-1-300x168.jpg",300,168,true],"large":["https:\/\/italcamara-es.com\/wp-content\/uploads\/2025\/03\/Articulos-Crop-1-1.jpg",500,280,false],"1536x1536":["https:\/\/italcamara-es.com\/wp-content\/uploads\/2025\/03\/Articulos-Crop-1-1.jpg",500,280,false],"2048x2048":["https:\/\/italcamara-es.com\/wp-content\/uploads\/2025\/03\/Articulos-Crop-1-1.jpg",500,280,false],"ocean-thumb-m":["https:\/\/italcamara-es.com\/wp-content\/uploads\/2025\/03\/Articulos-Crop-1-1.jpg",500,280,false],"ocean-thumb-ml":["https:\/\/italcamara-es.com\/wp-content\/uploads\/2025\/03\/Articulos-Crop-1-1.jpg",500,280,false],"ocean-thumb-l":["https:\/\/italcamara-es.com\/wp-content\/uploads\/2025\/03\/Articulos-Crop-1-1.jpg",500,280,false],"directorist_preview":["https:\/\/italcamara-es.com\/wp-content\/uploads\/2025\/03\/Articulos-Crop-1-1.jpg",500,280,false]},"rttpg_author":{"display_name":"administrador","author_link":"https:\/\/italcamara-es.com\/it\/author\/administrador\/"},"rttpg_comment":0,"rttpg_category":"<a href=\"https:\/\/italcamara-es.com\/it\/category\/notizie\/\" rel=\"category tag\">Notizie<\/a>","rttpg_excerpt":null,"_links":{"self":[{"href":"https:\/\/italcamara-es.com\/it\/wp-json\/wp\/v2\/posts\/56826","targetHints":{"allow":["GET"]}}],"collection":[{"href":"https:\/\/italcamara-es.com\/it\/wp-json\/wp\/v2\/posts"}],"about":[{"href":"https:\/\/italcamara-es.com\/it\/wp-json\/wp\/v2\/types\/post"}],"author":[{"embeddable":true,"href":"https:\/\/italcamara-es.com\/it\/wp-json\/wp\/v2\/users\/1"}],"replies":[{"embeddable":true,"href":"https:\/\/italcamara-es.com\/it\/wp-json\/wp\/v2\/comments?post=56826"}],"version-history":[{"count":0,"href":"https:\/\/italcamara-es.com\/it\/wp-json\/wp\/v2\/posts\/56826\/revisions"}],"wp:featuredmedia":[{"embeddable":true,"href":"https:\/\/italcamara-es.com\/it\/wp-json\/wp\/v2\/media\/54051"}],"wp:attachment":[{"href":"https:\/\/italcamara-es.com\/it\/wp-json\/wp\/v2\/media?parent=56826"}],"wp:term":[{"taxonomy":"category","embeddable":true,"href":"https:\/\/italcamara-es.com\/it\/wp-json\/wp\/v2\/categories?post=56826"},{"taxonomy":"post_tag","embeddable":true,"href":"https:\/\/italcamara-es.com\/it\/wp-json\/wp\/v2\/tags?post=56826"}],"curies":[{"name":"wp","href":"https:\/\/api.w.org\/{rel}","templated":true}]}}