	{"id":56830,"date":"2024-02-22T10:34:35","date_gmt":"2024-02-22T09:34:35","guid":{"rendered":"http:\/\/pre.italcamara-es.com\/senza-categoria\/il-foodtech-spagnolo-si-consolida\/"},"modified":"2024-02-22T10:34:35","modified_gmt":"2024-02-22T09:34:35","slug":"il-foodtech-spagnolo-si-consolida","status":"publish","type":"post","link":"https:\/\/italcamara-es.com\/it\/notizie\/il-foodtech-spagnolo-si-consolida\/","title":{"rendered":"Il FoodTech spagnolo si consolida"},"content":{"rendered":"\n<p>Le conclusioni del quarto rapporto sul settore <a href=\"https:\/\/www.monedaunica.net\/2023\/12\/nace-fate-la-asociacion-pionera-en-el-sector-foodtech\/\"><em>Foodtech<\/em> <\/a>in Spagna sono state presentate nell&#8217;ambito di un evento di networking in cui alcuni dei protagonisti dell&#8217;ecosistema hanno discusso le sfide future per il settore spagnolo, la sua regolamentazione e le sue possibilit\u00e0 di crescita, nonch\u00e9 l&#8217;evoluzione dell&#8217;ecosistema Foodtech spagnolo. Questo settore \u00e8 un anello essenziale dell&#8217;industria alimentare spagnola ed \u00e8 destinato a svolgere un ruolo importante nella catena alimentare nei prossimi anni.<\/p>\n\n\n\n<p>Cos\u00ec, in un contesto globale di incertezza normativa e di aumento dei tassi di interesse, con un forte calo degli afflussi di capitale nel settore delle proteine alternative, e dove gli investimenti globali nel settore sono diminuiti di oltre il 60%, le startup spagnole sono state in grado di raccogliere oltre 226 milioni di euro in diversi round di investimento, secondo il rapporto Fostering Collaboration for Sustainable Agri-Food Excellence, promosso da<strong> ICEX Spain Export and Investment.<\/strong><\/p>\n\n\n\n<p>Il rapporto rivela anche come il numero di start-up continui a crescere, anche se a un ritmo moderato, e l&#8217;emergere di nuovi attori e alleanze che sono destinati a dare impulso all&#8217;innovazione in tutta la catena alimentare. Nel 2023 sono emerse associazioni di imprese come FATE (Food Agri Tech Europe) e se ne sono consolidate altre come VEGETALES &#8211; l&#8217;associazione dei produttori di alimenti e bevande vegetali. Inoltre, le alleanze si sono concentrate sull&#8217;asse CNTA, con l&#8217;obiettivo di creare un nuovo polo di innovazione. Tutti questi movimenti lasciano presagire economie di scala e collaborazioni in progetti strategici come la Spain Food Valley, finalizzata a migliorare la competitivit\u00e0 del settore attraverso gli sviluppi della digitalizzazione, della tracciabilit\u00e0 e della sicurezza alimentare.<\/p>\n<p>\u00a0<\/p>\n\n\n<div class=\"wp-block-image\">\n<figure class=\"aligncenter size-full\"><img decoding=\"async\" src=\"https:\/\/www.italcamara-es.com\/wp-content\/uploads\/2024\/02\/1-3.jpg\" alt=\"\" class=\"wp-image-36222\"\/><\/figure>\n<\/div>\n\n\n<p><\/p>\n\n\n\n<p><h2>Grande dinamismo nel settore<\/h2><\/p>\n\n\n\n<p>Elisa Carbonell, CEO di ICEX, ha affermato che il foodtech \u00e8 uno dei settori pi\u00f9 dinamici, con 420 start-up registrate, pi\u00f9 di 30.000 aziende potenziali acquirenti e 20 centri tecnologici.Ha inoltre sottolineato il ruolo svolto da programmi come <a href=\"https:\/\/www.monedaunica.net\/2023\/12\/nace-fate-la-asociacion-pionera-en-el-sector-foodtech\/\">DESAF\u00cdA<\/a> nel rispondere alla sfida della scalabilit\u00e0 dei progetti innovativi nell&#8217;industria alimentare.Nei Paesi Bassi pi\u00f9 di venti aziende sono gi\u00e0 passate attraverso il programma di accelerazione. Nel 2024, pi\u00f9 di una dozzina di startup si uniranno alle due nuove immersioni nel Regno Unito e in Germania.<\/p>\n\n\n\n<p>Elisa Carbonell ha inoltre evidenziato gli sforzi di proiezione internazionale compiuti dall&#8217;ICEX. Da un lato, attraverso la partecipazione a eventi strategici sia all&#8217;interno che all&#8217;esterno della Spagna (Food 4 Future Bilbao, AgriTech Expo Asia, Sustainable Food Forum a Londra\u2026). Dall&#8217;altro, attirando capitali stranieri attraverso il programma Rising Up in Spain di <strong>INVEST IN SPAIN<\/strong> e il primo progetto di open innovation agroalimentare in Brasile, un evento di matchmaking tra aziende spagnole e start-up brasiliane che si terr\u00e0 nel 2023.<\/p>\n\n\n\n<p>Da parte sua, Isabel Bombal, Direttore Generale dello Sviluppo Rurale, dell&#8217;Innovazione e della Formazione Agroalimentare del <strong>MAPA<\/strong>, ha sottolineato l&#8217;importanza delle aziende che fanno parte dell&#8217;ecosistema agroalimentare spagnolo che, con le loro soluzioni innovative e digitali, contribuiscono a consolidare un settore agroalimentare moderno, competitivo, sostenibile ed efficiente e costituiscono, di per s\u00e9, un&#8217;industria in crescita con un potenziale economico e sociale e con la capacit\u00e0 di esportare soluzioni tecnologiche in molti mercati internazionali. A questo proposito, il direttore generale ha anche passato in rassegna le iniziative del Ministero per sostenere l&#8217;imprenditorialit\u00e0 innovativa nelle aziende agroalimentari.<\/p>\n\n\n\n<p>Un impegno forte e sostenuto nel tempo verso l&#8217;innovazione come fattore di differenziazione dell&#8217;industria alimentare spagnola \u00e8 lo strumento migliore per aggiungere valore e rafforzare la nostra capacit\u00e0 di esportazione e il futuro del nostro pianeta.<\/p>\n\n\n\n<p><\/p>\n\n\n\n<p>Fonte: <a href=\"https:\/\/www.monedaunica.net\/\">https:\/\/www.monedaunica.net\/<\/a><\/p>\n","protected":false},"excerpt":{"rendered":"<p>Le conclusioni del quarto rapporto sul settore Foodtech in Spagna sono state presentate nell&#8217;ambito di un evento di networking in cui alcuni dei protagonisti dell&#8217;ecosistema hanno discusso le sfide future per il settore spagnolo, la sua regolamentazione e le sue possibilit\u00e0 di crescita, nonch\u00e9 l&#8217;evoluzione dell&#8217;ecosistema Foodtech spagnolo. Questo settore \u00e8 un anello essenziale dell&#8217;industria [&hellip;]<\/p>\n","protected":false},"author":1,"featured_media":56831,"comment_status":"open","ping_status":"open","sticky":false,"template":"","format":"standard","meta":{"inline_featured_image":false,"ocean_post_layout":"","ocean_both_sidebars_style":"","ocean_both_sidebars_content_width":0,"ocean_both_sidebars_sidebars_width":0,"ocean_sidebar":"","ocean_second_sidebar":"","ocean_disable_margins":"enable","ocean_add_body_class":"","ocean_shortcode_before_top_bar":"","ocean_shortcode_after_top_bar":"","ocean_shortcode_before_header":"","ocean_shortcode_after_header":"","ocean_has_shortcode":"","ocean_shortcode_after_title":"","ocean_shortcode_before_footer_widgets":"","ocean_shortcode_after_footer_widgets":"","ocean_shortcode_before_footer_bottom":"","ocean_shortcode_after_footer_bottom":"","ocean_display_top_bar":"default","ocean_display_header":"default","ocean_header_style":"","ocean_center_header_left_menu":"","ocean_custom_header_template":"","ocean_custom_logo":0,"ocean_custom_retina_logo":0,"ocean_custom_logo_max_width":0,"ocean_custom_logo_tablet_max_width":0,"ocean_custom_logo_mobile_max_width":0,"ocean_custom_logo_max_height":0,"ocean_custom_logo_tablet_max_height":0,"ocean_custom_logo_mobile_max_height":0,"ocean_header_custom_menu":"","ocean_menu_typo_font_family":"","ocean_menu_typo_font_subset":"","ocean_menu_typo_font_size":0,"ocean_menu_typo_font_size_tablet":0,"ocean_menu_typo_font_size_mobile":0,"ocean_menu_typo_font_size_unit":"px","ocean_menu_typo_font_weight":"","ocean_menu_typo_font_weight_tablet":"","ocean_menu_typo_font_weight_mobile":"","ocean_menu_typo_transform":"","ocean_menu_typo_transform_tablet":"","ocean_menu_typo_transform_mobile":"","ocean_menu_typo_line_height":0,"ocean_menu_typo_line_height_tablet":0,"ocean_menu_typo_line_height_mobile":0,"ocean_menu_typo_line_height_unit":"","ocean_menu_typo_spacing":0,"ocean_menu_typo_spacing_tablet":0,"ocean_menu_typo_spacing_mobile":0,"ocean_menu_typo_spacing_unit":"","ocean_menu_link_color":"","ocean_menu_link_color_hover":"","ocean_menu_link_color_active":"","ocean_menu_link_background":"","ocean_menu_link_hover_background":"","ocean_menu_link_active_background":"","ocean_menu_social_links_bg":"","ocean_menu_social_hover_links_bg":"","ocean_menu_social_links_color":"","ocean_menu_social_hover_links_color":"","ocean_disable_title":"default","ocean_disable_heading":"default","ocean_post_title":"","ocean_post_subheading":"","ocean_post_title_style":"","ocean_post_title_background_color":"","ocean_post_title_background":0,"ocean_post_title_bg_image_position":"","ocean_post_title_bg_image_attachment":"","ocean_post_title_bg_image_repeat":"","ocean_post_title_bg_image_size":"","ocean_post_title_height":0,"ocean_post_title_bg_overlay":0.5,"ocean_post_title_bg_overlay_color":"","ocean_disable_breadcrumbs":"default","ocean_breadcrumbs_color":"","ocean_breadcrumbs_separator_color":"","ocean_breadcrumbs_links_color":"","ocean_breadcrumbs_links_hover_color":"","ocean_display_footer_widgets":"default","ocean_display_footer_bottom":"default","ocean_custom_footer_template":"","ocean_post_oembed":"","ocean_post_self_hosted_media":"","ocean_post_video_embed":"","ocean_link_format":"","ocean_link_format_target":"self","ocean_quote_format":"","ocean_quote_format_link":"post","ocean_gallery_link_images":"on","ocean_gallery_id":[],"footnotes":""},"categories":[133],"tags":[138],"class_list":["post-56830","post","type-post","status-publish","format-standard","has-post-thumbnail","hentry","category-notizie","tag-notizie-di-mercato","entry","has-media"],"yoast_head":"<!-- This site is optimized with the Yoast SEO plugin v27.4 - https:\/\/yoast.com\/product\/yoast-seo-wordpress\/ -->\n<title>Il FoodTech spagnolo si consolida - Italcamara<\/title>\n<meta name=\"robots\" content=\"index, follow, max-snippet:-1, max-image-preview:large, max-video-preview:-1\" \/>\n<link rel=\"canonical\" href=\"https:\/\/italcamara-es.com\/noticias\/el-foodtech-espanol-se-consolida\/\" \/>\n<meta property=\"og:locale\" content=\"it_IT\" \/>\n<meta property=\"og:type\" content=\"article\" \/>\n<meta property=\"og:title\" content=\"Il FoodTech spagnolo si consolida - Italcamara\" \/>\n<meta property=\"og:description\" content=\"Le conclusioni del quarto rapporto sul settore Foodtech in Spagna sono state presentate nell&#8217;ambito di un evento di networking in cui alcuni dei protagonisti dell&#8217;ecosistema hanno discusso le sfide future per il settore spagnolo, la sua regolamentazione e le sue possibilit\u00e0 di crescita, nonch\u00e9 l&#8217;evoluzione dell&#8217;ecosistema Foodtech spagnolo. Questo settore \u00e8 un anello essenziale dell&#8217;industria [&hellip;]\" \/>\n<meta property=\"og:url\" content=\"https:\/\/italcamara-es.com\/noticias\/el-foodtech-espanol-se-consolida\/\" \/>\n<meta property=\"og:site_name\" content=\"Italcamara\" \/>\n<meta property=\"article:published_time\" content=\"2024-02-22T09:34:35+00:00\" \/>\n<meta property=\"og:image\" content=\"https:\/\/italcamara-es.com\/wp-content\/uploads\/2025\/03\/1-3.jpg\" \/>\n\t<meta property=\"og:image:width\" content=\"500\" \/>\n\t<meta property=\"og:image:height\" content=\"280\" \/>\n\t<meta property=\"og:image:type\" content=\"image\/jpeg\" \/>\n<meta name=\"author\" content=\"administrador\" \/>\n<meta name=\"twitter:card\" content=\"summary_large_image\" \/>\n<meta name=\"twitter:label1\" content=\"Scritto da\" \/>\n\t<meta name=\"twitter:data1\" content=\"administrador\" \/>\n\t<meta name=\"twitter:label2\" content=\"Tempo di lettura stimato\" \/>\n\t<meta name=\"twitter:data2\" content=\"3 minuti\" \/>\n<script type=\"application\/ld+json\" class=\"yoast-schema-graph\">{\"@context\":\"https:\\\/\\\/schema.org\",\"@graph\":[{\"@type\":\"Article\",\"@id\":\"https:\\\/\\\/italcamara-es.com\\\/noticias\\\/el-foodtech-espanol-se-consolida\\\/#article\",\"isPartOf\":{\"@id\":\"https:\\\/\\\/italcamara-es.com\\\/noticias\\\/el-foodtech-espanol-se-consolida\\\/\"},\"author\":{\"name\":\"administrador\",\"@id\":\"https:\\\/\\\/italcamara-es.com\\\/#\\\/schema\\\/person\\\/bb3c56263e405bbd9a15171dcfee93bb\"},\"headline\":\"Il FoodTech spagnolo si consolida\",\"datePublished\":\"2024-02-22T09:34:35+00:00\",\"mainEntityOfPage\":{\"@id\":\"https:\\\/\\\/italcamara-es.com\\\/noticias\\\/el-foodtech-espanol-se-consolida\\\/\"},\"wordCount\":587,\"commentCount\":0,\"image\":{\"@id\":\"https:\\\/\\\/italcamara-es.com\\\/noticias\\\/el-foodtech-espanol-se-consolida\\\/#primaryimage\"},\"thumbnailUrl\":\"https:\\\/\\\/italcamara-es.com\\\/wp-content\\\/uploads\\\/2025\\\/03\\\/1-3.jpg\",\"keywords\":[\"Notizie di Mercato\"],\"articleSection\":[\"Notizie\"],\"inLanguage\":\"it-IT\",\"potentialAction\":[{\"@type\":\"CommentAction\",\"name\":\"Comment\",\"target\":[\"https:\\\/\\\/italcamara-es.com\\\/noticias\\\/el-foodtech-espanol-se-consolida\\\/#respond\"]}]},{\"@type\":\"WebPage\",\"@id\":\"https:\\\/\\\/italcamara-es.com\\\/noticias\\\/el-foodtech-espanol-se-consolida\\\/\",\"url\":\"https:\\\/\\\/italcamara-es.com\\\/noticias\\\/el-foodtech-espanol-se-consolida\\\/\",\"name\":\"Il FoodTech spagnolo si consolida - Italcamara\",\"isPartOf\":{\"@id\":\"https:\\\/\\\/italcamara-es.com\\\/#website\"},\"primaryImageOfPage\":{\"@id\":\"https:\\\/\\\/italcamara-es.com\\\/noticias\\\/el-foodtech-espanol-se-consolida\\\/#primaryimage\"},\"image\":{\"@id\":\"https:\\\/\\\/italcamara-es.com\\\/noticias\\\/el-foodtech-espanol-se-consolida\\\/#primaryimage\"},\"thumbnailUrl\":\"https:\\\/\\\/italcamara-es.com\\\/wp-content\\\/uploads\\\/2025\\\/03\\\/1-3.jpg\",\"datePublished\":\"2024-02-22T09:34:35+00:00\",\"author\":{\"@id\":\"https:\\\/\\\/italcamara-es.com\\\/#\\\/schema\\\/person\\\/bb3c56263e405bbd9a15171dcfee93bb\"},\"breadcrumb\":{\"@id\":\"https:\\\/\\\/italcamara-es.com\\\/noticias\\\/el-foodtech-espanol-se-consolida\\\/#breadcrumb\"},\"inLanguage\":\"it-IT\",\"potentialAction\":[{\"@type\":\"ReadAction\",\"target\":[\"https:\\\/\\\/italcamara-es.com\\\/noticias\\\/el-foodtech-espanol-se-consolida\\\/\"]}]},{\"@type\":\"ImageObject\",\"inLanguage\":\"it-IT\",\"@id\":\"https:\\\/\\\/italcamara-es.com\\\/noticias\\\/el-foodtech-espanol-se-consolida\\\/#primaryimage\",\"url\":\"https:\\\/\\\/italcamara-es.com\\\/wp-content\\\/uploads\\\/2025\\\/03\\\/1-3.jpg\",\"contentUrl\":\"https:\\\/\\\/italcamara-es.com\\\/wp-content\\\/uploads\\\/2025\\\/03\\\/1-3.jpg\",\"width\":500,\"height\":280},{\"@type\":\"BreadcrumbList\",\"@id\":\"https:\\\/\\\/italcamara-es.com\\\/noticias\\\/el-foodtech-espanol-se-consolida\\\/#breadcrumb\",\"itemListElement\":[{\"@type\":\"ListItem\",\"position\":1,\"name\":\"Inicio\",\"item\":\"https:\\\/\\\/italcamara-es.com\\\/it\\\/homepage-ita\\\/\"},{\"@type\":\"ListItem\",\"position\":2,\"name\":\"Il FoodTech spagnolo si consolida\"}]},{\"@type\":\"WebSite\",\"@id\":\"https:\\\/\\\/italcamara-es.com\\\/#website\",\"url\":\"https:\\\/\\\/italcamara-es.com\\\/\",\"name\":\"Italcamara\",\"description\":\"\",\"potentialAction\":[{\"@type\":\"SearchAction\",\"target\":{\"@type\":\"EntryPoint\",\"urlTemplate\":\"https:\\\/\\\/italcamara-es.com\\\/?s={search_term_string}\"},\"query-input\":{\"@type\":\"PropertyValueSpecification\",\"valueRequired\":true,\"valueName\":\"search_term_string\"}}],\"inLanguage\":\"it-IT\"},{\"@type\":\"Person\",\"@id\":\"https:\\\/\\\/italcamara-es.com\\\/#\\\/schema\\\/person\\\/bb3c56263e405bbd9a15171dcfee93bb\",\"name\":\"administrador\",\"image\":{\"@type\":\"ImageObject\",\"inLanguage\":\"it-IT\",\"@id\":\"https:\\\/\\\/secure.gravatar.com\\\/avatar\\\/14b5e63db38320b12031bb28cf9f77e210aa71fb3a8a3602a3c9a05134fa75eb?s=96&d=mm&r=g\",\"url\":\"https:\\\/\\\/secure.gravatar.com\\\/avatar\\\/14b5e63db38320b12031bb28cf9f77e210aa71fb3a8a3602a3c9a05134fa75eb?s=96&d=mm&r=g\",\"contentUrl\":\"https:\\\/\\\/secure.gravatar.com\\\/avatar\\\/14b5e63db38320b12031bb28cf9f77e210aa71fb3a8a3602a3c9a05134fa75eb?s=96&d=mm&r=g\",\"caption\":\"administrador\"},\"sameAs\":[\"http:\\\/\\\/pre.italcamara-es.com\"],\"url\":\"https:\\\/\\\/italcamara-es.com\\\/it\\\/author\\\/administrador\\\/\"}]}<\/script>\n<!-- \/ Yoast SEO plugin. -->","yoast_head_json":{"title":"Il FoodTech spagnolo si consolida - Italcamara","robots":{"index":"index","follow":"follow","max-snippet":"max-snippet:-1","max-image-preview":"max-image-preview:large","max-video-preview":"max-video-preview:-1"},"canonical":"https:\/\/italcamara-es.com\/noticias\/el-foodtech-espanol-se-consolida\/","og_locale":"it_IT","og_type":"article","og_title":"Il FoodTech spagnolo si consolida - Italcamara","og_description":"Le conclusioni del quarto rapporto sul settore Foodtech in Spagna sono state presentate nell&#8217;ambito di un evento di networking in cui alcuni dei protagonisti dell&#8217;ecosistema hanno discusso le sfide future per il settore spagnolo, la sua regolamentazione e le sue possibilit\u00e0 di crescita, nonch\u00e9 l&#8217;evoluzione dell&#8217;ecosistema Foodtech spagnolo. Questo settore \u00e8 un anello essenziale dell&#8217;industria [&hellip;]","og_url":"https:\/\/italcamara-es.com\/noticias\/el-foodtech-espanol-se-consolida\/","og_site_name":"Italcamara","article_published_time":"2024-02-22T09:34:35+00:00","og_image":[{"width":500,"height":280,"url":"https:\/\/italcamara-es.com\/wp-content\/uploads\/2025\/03\/1-3.jpg","type":"image\/jpeg"}],"author":"administrador","twitter_card":"summary_large_image","twitter_misc":{"Scritto da":"administrador","Tempo di lettura stimato":"3 minuti"},"schema":{"@context":"https:\/\/schema.org","@graph":[{"@type":"Article","@id":"https:\/\/italcamara-es.com\/noticias\/el-foodtech-espanol-se-consolida\/#article","isPartOf":{"@id":"https:\/\/italcamara-es.com\/noticias\/el-foodtech-espanol-se-consolida\/"},"author":{"name":"administrador","@id":"https:\/\/italcamara-es.com\/#\/schema\/person\/bb3c56263e405bbd9a15171dcfee93bb"},"headline":"Il FoodTech spagnolo si consolida","datePublished":"2024-02-22T09:34:35+00:00","mainEntityOfPage":{"@id":"https:\/\/italcamara-es.com\/noticias\/el-foodtech-espanol-se-consolida\/"},"wordCount":587,"commentCount":0,"image":{"@id":"https:\/\/italcamara-es.com\/noticias\/el-foodtech-espanol-se-consolida\/#primaryimage"},"thumbnailUrl":"https:\/\/italcamara-es.com\/wp-content\/uploads\/2025\/03\/1-3.jpg","keywords":["Notizie di Mercato"],"articleSection":["Notizie"],"inLanguage":"it-IT","potentialAction":[{"@type":"CommentAction","name":"Comment","target":["https:\/\/italcamara-es.com\/noticias\/el-foodtech-espanol-se-consolida\/#respond"]}]},{"@type":"WebPage","@id":"https:\/\/italcamara-es.com\/noticias\/el-foodtech-espanol-se-consolida\/","url":"https:\/\/italcamara-es.com\/noticias\/el-foodtech-espanol-se-consolida\/","name":"Il FoodTech spagnolo si consolida - Italcamara","isPartOf":{"@id":"https:\/\/italcamara-es.com\/#website"},"primaryImageOfPage":{"@id":"https:\/\/italcamara-es.com\/noticias\/el-foodtech-espanol-se-consolida\/#primaryimage"},"image":{"@id":"https:\/\/italcamara-es.com\/noticias\/el-foodtech-espanol-se-consolida\/#primaryimage"},"thumbnailUrl":"https:\/\/italcamara-es.com\/wp-content\/uploads\/2025\/03\/1-3.jpg","datePublished":"2024-02-22T09:34:35+00:00","author":{"@id":"https:\/\/italcamara-es.com\/#\/schema\/person\/bb3c56263e405bbd9a15171dcfee93bb"},"breadcrumb":{"@id":"https:\/\/italcamara-es.com\/noticias\/el-foodtech-espanol-se-consolida\/#breadcrumb"},"inLanguage":"it-IT","potentialAction":[{"@type":"ReadAction","target":["https:\/\/italcamara-es.com\/noticias\/el-foodtech-espanol-se-consolida\/"]}]},{"@type":"ImageObject","inLanguage":"it-IT","@id":"https:\/\/italcamara-es.com\/noticias\/el-foodtech-espanol-se-consolida\/#primaryimage","url":"https:\/\/italcamara-es.com\/wp-content\/uploads\/2025\/03\/1-3.jpg","contentUrl":"https:\/\/italcamara-es.com\/wp-content\/uploads\/2025\/03\/1-3.jpg","width":500,"height":280},{"@type":"BreadcrumbList","@id":"https:\/\/italcamara-es.com\/noticias\/el-foodtech-espanol-se-consolida\/#breadcrumb","itemListElement":[{"@type":"ListItem","position":1,"name":"Inicio","item":"https:\/\/italcamara-es.com\/it\/homepage-ita\/"},{"@type":"ListItem","position":2,"name":"Il FoodTech spagnolo si consolida"}]},{"@type":"WebSite","@id":"https:\/\/italcamara-es.com\/#website","url":"https:\/\/italcamara-es.com\/","name":"Italcamara","description":"","potentialAction":[{"@type":"SearchAction","target":{"@type":"EntryPoint","urlTemplate":"https:\/\/italcamara-es.com\/?s={search_term_string}"},"query-input":{"@type":"PropertyValueSpecification","valueRequired":true,"valueName":"search_term_string"}}],"inLanguage":"it-IT"},{"@type":"Person","@id":"https:\/\/italcamara-es.com\/#\/schema\/person\/bb3c56263e405bbd9a15171dcfee93bb","name":"administrador","image":{"@type":"ImageObject","inLanguage":"it-IT","@id":"https:\/\/secure.gravatar.com\/avatar\/14b5e63db38320b12031bb28cf9f77e210aa71fb3a8a3602a3c9a05134fa75eb?s=96&d=mm&r=g","url":"https:\/\/secure.gravatar.com\/avatar\/14b5e63db38320b12031bb28cf9f77e210aa71fb3a8a3602a3c9a05134fa75eb?s=96&d=mm&r=g","contentUrl":"https:\/\/secure.gravatar.com\/avatar\/14b5e63db38320b12031bb28cf9f77e210aa71fb3a8a3602a3c9a05134fa75eb?s=96&d=mm&r=g","caption":"administrador"},"sameAs":["http:\/\/pre.italcamara-es.com"],"url":"https:\/\/italcamara-es.com\/it\/author\/administrador\/"}]}},"rttpg_featured_image_url":{"full":["https:\/\/italcamara-es.com\/wp-content\/uploads\/2025\/03\/1-3.jpg",500,280,false],"landscape":["https:\/\/italcamara-es.com\/wp-content\/uploads\/2025\/03\/1-3.jpg",500,280,false],"portraits":["https:\/\/italcamara-es.com\/wp-content\/uploads\/2025\/03\/1-3.jpg",500,280,false],"thumbnail":["https:\/\/italcamara-es.com\/wp-content\/uploads\/2025\/03\/1-3-150x150.jpg",150,150,true],"medium":["https:\/\/italcamara-es.com\/wp-content\/uploads\/2025\/03\/1-3-300x168.jpg",300,168,true],"large":["https:\/\/italcamara-es.com\/wp-content\/uploads\/2025\/03\/1-3.jpg",500,280,false],"1536x1536":["https:\/\/italcamara-es.com\/wp-content\/uploads\/2025\/03\/1-3.jpg",500,280,false],"2048x2048":["https:\/\/italcamara-es.com\/wp-content\/uploads\/2025\/03\/1-3.jpg",500,280,false],"ocean-thumb-m":["https:\/\/italcamara-es.com\/wp-content\/uploads\/2025\/03\/1-3.jpg",500,280,false],"ocean-thumb-ml":["https:\/\/italcamara-es.com\/wp-content\/uploads\/2025\/03\/1-3.jpg",500,280,false],"ocean-thumb-l":["https:\/\/italcamara-es.com\/wp-content\/uploads\/2025\/03\/1-3.jpg",500,280,false],"directorist_preview":["https:\/\/italcamara-es.com\/wp-content\/uploads\/2025\/03\/1-3.jpg",500,280,false]},"rttpg_author":{"display_name":"administrador","author_link":"https:\/\/italcamara-es.com\/it\/author\/administrador\/"},"rttpg_comment":0,"rttpg_category":"<a href=\"https:\/\/italcamara-es.com\/it\/category\/notizie\/\" rel=\"category tag\">Notizie<\/a>","rttpg_excerpt":"Le conclusioni del quarto rapporto sul settore Foodtech in Spagna sono state presentate nell&#8217;ambito di un evento di networking in cui alcuni dei protagonisti dell&#8217;ecosistema hanno discusso le sfide future per il settore spagnolo, la sua regolamentazione e le sue possibilit\u00e0 di crescita, nonch\u00e9 l&#8217;evoluzione dell&#8217;ecosistema Foodtech spagnolo. Questo settore \u00e8 un anello essenziale dell&#8217;industria&hellip;","_links":{"self":[{"href":"https:\/\/italcamara-es.com\/it\/wp-json\/wp\/v2\/posts\/56830","targetHints":{"allow":["GET"]}}],"collection":[{"href":"https:\/\/italcamara-es.com\/it\/wp-json\/wp\/v2\/posts"}],"about":[{"href":"https:\/\/italcamara-es.com\/it\/wp-json\/wp\/v2\/types\/post"}],"author":[{"embeddable":true,"href":"https:\/\/italcamara-es.com\/it\/wp-json\/wp\/v2\/users\/1"}],"replies":[{"embeddable":true,"href":"https:\/\/italcamara-es.com\/it\/wp-json\/wp\/v2\/comments?post=56830"}],"version-history":[{"count":0,"href":"https:\/\/italcamara-es.com\/it\/wp-json\/wp\/v2\/posts\/56830\/revisions"}],"wp:featuredmedia":[{"embeddable":true,"href":"https:\/\/italcamara-es.com\/it\/wp-json\/wp\/v2\/media\/56831"}],"wp:attachment":[{"href":"https:\/\/italcamara-es.com\/it\/wp-json\/wp\/v2\/media?parent=56830"}],"wp:term":[{"taxonomy":"category","embeddable":true,"href":"https:\/\/italcamara-es.com\/it\/wp-json\/wp\/v2\/categories?post=56830"},{"taxonomy":"post_tag","embeddable":true,"href":"https:\/\/italcamara-es.com\/it\/wp-json\/wp\/v2\/tags?post=56830"}],"curies":[{"name":"wp","href":"https:\/\/api.w.org\/{rel}","templated":true}]}}