	{"id":56841,"date":"2024-07-04T10:01:50","date_gmt":"2024-07-04T08:01:50","guid":{"rendered":"http:\/\/pre.italcamara-es.com\/senza-categoria\/il-settore-agroalimentare-spagnolo-ha-contribuito-per-quasi-il-9-al-pil-nazionale-nel-2023\/"},"modified":"2024-07-04T10:01:50","modified_gmt":"2024-07-04T08:01:50","slug":"il-settore-agroalimentare-spagnolo-ha-contribuito-per-quasi-il-9-al-pil-nazionale-nel-2023","status":"publish","type":"post","link":"https:\/\/italcamara-es.com\/it\/notizie\/il-settore-agroalimentare-spagnolo-ha-contribuito-per-quasi-il-9-al-pil-nazionale-nel-2023\/","title":{"rendered":"Il settore agroalimentare spagnolo ha contribuito per quasi il 9% al PIL nazionale nel 2023"},"content":{"rendered":"\n\n\n<p>Cajamar ha presentato lo scorso 2 luglio l&#8217;ultima edizione dell&#8217; &#8220;<strong>Osservatorio sul settore agroalimentare spagnolo nel contesto europeo<\/strong>&#8220;. Lo studio, che viene pubblicato annualmente dall&#8217;entit\u00e0 finanziaria, offre un&#8217;analisi dell&#8217;evoluzione dei principali indicatori della catena del valore del settore agroalimentare spagnolo nel suo complesso nel 2023.<\/p>\n\n\n\n<p>In particolare, il settore, considerando l&#8217;intera catena del valore, ha visto crescere il proprio valore aggiunto lordo (VAL) del 2,3% in termini reali, leggermente al di sotto del totale dell&#8217;economia (2,5%), ma al di sopra di quello dell&#8217;UE-27 (1,9%). Alla base di questa crescita c&#8217;\u00e8 il maggiore dinamismo del settore della distribuzione (il cui VAL \u00e8 aumentato del 4,3%) e dell&#8217;industria di trasformazione (3,4%), che contrasta con il calo dell&#8217;1,9% del settore primario. Pertanto, il settore agroalimentare contribuisce all&#8217;8,94% del PIL spagnolo&nbsp;(leggermente superiore all&#8217;8,9% nel 2022), con un valore di 119.140 milioni di euro. Per quanto riguarda l&#8217;occupazione, \u00e8 aumentata dello 0,3% nel 2023, raggiungendo i 2.394.353 dipendenti, l&#8217;11,3% dell&#8217;economia totale (4 decimi in meno rispetto al 2022).<\/p>\n\n\n\n<p>Come di solito accade, una caratteristica del settore agroalimentare \u00e8 la sua importanza come pilastro del settore delle esportazioni, con il valore esportato che torna a un massimo storico di 72.258 milioni di euro, il 3,5% in pi\u00f9 rispetto al 2022. Tuttavia, questa crescita si spiega con l&#8217;aumento del prezzo dei prodotti agroalimentari (in termini di volume, le esportazioni sono diminuite), in un contesto che continua a essere influenzato dall&#8217;aumento dei costi di produzione e dall&#8217;inflazione. Il settore agroalimentare contribuisce al 18,5% delle esportazioni totali di beni della Spagna (un punto in pi\u00f9 rispetto al 2022), il pi\u00f9 alto tra le principali economie esportatrici europee. La Spagna rimane il quarto esportatore del settore agroalimentare nell&#8217;UE-27, con una quota del 9,9% delle esportazioni totali verso l&#8217;UE. Un altro aspetto da sottolineare \u00e8 l&#8217;elevata competitivit\u00e0 del settore agroalimentare spagnolo nel contesto europeo, che si spiega soprattutto con la sua maggiore produttivit\u00e0. Il valore aggiunto per dipendente del settore \u00e8 del 22,4% superiore a quello dell&#8217;UE-27. Questa elevata produttivit\u00e0 si traduce in una maggiore competitivit\u00e0, in quanto il costo del lavoro per unit\u00e0 di prodotto \u00e8 inferiore del 15% rispetto a quello dei concorrenti europei.<\/p>\n\n\n\n<p>Il processo inflazionistico in atto nel settore, sebbene sia stato contenuto per tutto il 2023 in Spagna e nell&#8217;UE-27, continua a produrre alti tassi di crescita dei prezzi di alimenti e bevande. Ci\u00f2 \u00e8 dovuto al fatto che i costi di produzione non sono stati sufficientemente ridotti, nonostante il calo della spesa energetica a seguito della guerra tra Ucraina e Russia, alle tensioni sui mercati internazionali dovute alla carenza di alcuni prodotti, nonch\u00e9 alla siccit\u00e0 che \u00e8 alla base di queste tensioni e allo scarso raccolto di prodotti rilevanti per l&#8217;economia spagnola e dell&#8217;UE. Cos\u00ec, alla fine del 2023, i prodotti alimentari e le bevande analcoliche hanno raggiunto un tasso di inflazione del 7,3% in Spagna e del 5,9% nell&#8217;UE-27, ancora alto, ma lontano dal 15,7% e dal 17,8% registrati in entrambe le economie nel 2022.<\/p>\n\n\n\n<hr class=\"wp-block-separator has-alpha-channel-opacity\"\/>\n\n\n\n<p>Il rapporto completo (in lingua spagnola) \u00e8 disponibile cliccando il seguente link (per scaricarlo \u00e8 necessaria la registrazione alla pagina): <a href=\"https:\/\/www.plataformatierra.es\/innovacion\/observatorio-sector-agroalimentario-espanol-europeo-informe-2023\">Observatorio sobre el sector agroalimentario espa\u00f1ol en el contexto europeo. Informe 2023 (plataformatierra.es)<\/a><\/p>\n","protected":false},"excerpt":{"rendered":"<p>Cajamar ha presentato lo scorso 2 luglio l&#8217;ultima edizione dell&#8217; &#8220;Osservatorio sul settore agroalimentare spagnolo nel contesto europeo&#8220;. Lo studio, che viene pubblicato annualmente dall&#8217;entit\u00e0 finanziaria, offre un&#8217;analisi dell&#8217;evoluzione dei principali indicatori della catena del valore del settore agroalimentare spagnolo nel suo complesso nel 2023. In particolare, il settore, considerando l&#8217;intera catena del valore, ha [&hellip;]<\/p>\n","protected":false},"author":1,"featured_media":54070,"comment_status":"open","ping_status":"open","sticky":false,"template":"","format":"standard","meta":{"inline_featured_image":false,"ocean_post_layout":"","ocean_both_sidebars_style":"","ocean_both_sidebars_content_width":0,"ocean_both_sidebars_sidebars_width":0,"ocean_sidebar":"","ocean_second_sidebar":"","ocean_disable_margins":"enable","ocean_add_body_class":"","ocean_shortcode_before_top_bar":"","ocean_shortcode_after_top_bar":"","ocean_shortcode_before_header":"","ocean_shortcode_after_header":"","ocean_has_shortcode":"","ocean_shortcode_after_title":"","ocean_shortcode_before_footer_widgets":"","ocean_shortcode_after_footer_widgets":"","ocean_shortcode_before_footer_bottom":"","ocean_shortcode_after_footer_bottom":"","ocean_display_top_bar":"default","ocean_display_header":"default","ocean_header_style":"","ocean_center_header_left_menu":"","ocean_custom_header_template":"","ocean_custom_logo":0,"ocean_custom_retina_logo":0,"ocean_custom_logo_max_width":0,"ocean_custom_logo_tablet_max_width":0,"ocean_custom_logo_mobile_max_width":0,"ocean_custom_logo_max_height":0,"ocean_custom_logo_tablet_max_height":0,"ocean_custom_logo_mobile_max_height":0,"ocean_header_custom_menu":"","ocean_menu_typo_font_family":"","ocean_menu_typo_font_subset":"","ocean_menu_typo_font_size":0,"ocean_menu_typo_font_size_tablet":0,"ocean_menu_typo_font_size_mobile":0,"ocean_menu_typo_font_size_unit":"px","ocean_menu_typo_font_weight":"","ocean_menu_typo_font_weight_tablet":"","ocean_menu_typo_font_weight_mobile":"","ocean_menu_typo_transform":"","ocean_menu_typo_transform_tablet":"","ocean_menu_typo_transform_mobile":"","ocean_menu_typo_line_height":0,"ocean_menu_typo_line_height_tablet":0,"ocean_menu_typo_line_height_mobile":0,"ocean_menu_typo_line_height_unit":"","ocean_menu_typo_spacing":0,"ocean_menu_typo_spacing_tablet":0,"ocean_menu_typo_spacing_mobile":0,"ocean_menu_typo_spacing_unit":"","ocean_menu_link_color":"","ocean_menu_link_color_hover":"","ocean_menu_link_color_active":"","ocean_menu_link_background":"","ocean_menu_link_hover_background":"","ocean_menu_link_active_background":"","ocean_menu_social_links_bg":"","ocean_menu_social_hover_links_bg":"","ocean_menu_social_links_color":"","ocean_menu_social_hover_links_color":"","ocean_disable_title":"default","ocean_disable_heading":"default","ocean_post_title":"","ocean_post_subheading":"","ocean_post_title_style":"","ocean_post_title_background_color":"","ocean_post_title_background":0,"ocean_post_title_bg_image_position":"","ocean_post_title_bg_image_attachment":"","ocean_post_title_bg_image_repeat":"","ocean_post_title_bg_image_size":"","ocean_post_title_height":0,"ocean_post_title_bg_overlay":0.5,"ocean_post_title_bg_overlay_color":"","ocean_disable_breadcrumbs":"default","ocean_breadcrumbs_color":"","ocean_breadcrumbs_separator_color":"","ocean_breadcrumbs_links_color":"","ocean_breadcrumbs_links_hover_color":"","ocean_display_footer_widgets":"default","ocean_display_footer_bottom":"default","ocean_custom_footer_template":"","ocean_post_oembed":"","ocean_post_self_hosted_media":"","ocean_post_video_embed":"","ocean_link_format":"","ocean_link_format_target":"self","ocean_quote_format":"","ocean_quote_format_link":"post","ocean_gallery_link_images":"on","ocean_gallery_id":[],"footnotes":""},"categories":[133],"tags":[138],"class_list":["post-56841","post","type-post","status-publish","format-standard","has-post-thumbnail","hentry","category-notizie","tag-notizie-di-mercato","entry","has-media"],"yoast_head":"<!-- This site is optimized with the Yoast SEO plugin v27.4 - https:\/\/yoast.com\/product\/yoast-seo-wordpress\/ -->\n<title>Il settore agroalimentare spagnolo ha contribuito per quasi il 9% al PIL nazionale nel 2023 - Italcamara<\/title>\n<meta name=\"robots\" content=\"index, follow, max-snippet:-1, max-image-preview:large, max-video-preview:-1\" \/>\n<link rel=\"canonical\" href=\"https:\/\/italcamara-es.com\/it\/notizie\/il-settore-agroalimentare-spagnolo-ha-contribuito-per-quasi-il-9-al-pil-nazionale-nel-2023\/\" \/>\n<meta property=\"og:locale\" content=\"it_IT\" \/>\n<meta property=\"og:type\" content=\"article\" \/>\n<meta property=\"og:title\" content=\"Il settore agroalimentare spagnolo ha contribuito per quasi il 9% al PIL nazionale nel 2023 - Italcamara\" \/>\n<meta property=\"og:description\" content=\"Cajamar ha presentato lo scorso 2 luglio l&#8217;ultima edizione dell&#8217; &#8220;Osservatorio sul settore agroalimentare spagnolo nel contesto europeo&#8220;. Lo studio, che viene pubblicato annualmente dall&#8217;entit\u00e0 finanziaria, offre un&#8217;analisi dell&#8217;evoluzione dei principali indicatori della catena del valore del settore agroalimentare spagnolo nel suo complesso nel 2023. In particolare, il settore, considerando l&#8217;intera catena del valore, ha [&hellip;]\" \/>\n<meta property=\"og:url\" content=\"https:\/\/italcamara-es.com\/it\/notizie\/il-settore-agroalimentare-spagnolo-ha-contribuito-per-quasi-il-9-al-pil-nazionale-nel-2023\/\" \/>\n<meta property=\"og:site_name\" content=\"Italcamara\" \/>\n<meta property=\"article:published_time\" content=\"2024-07-04T08:01:50+00:00\" \/>\n<meta property=\"og:image\" content=\"https:\/\/italcamara-es.com\/wp-content\/uploads\/2025\/03\/sector-agroalimentario-500.jpg\" \/>\n\t<meta property=\"og:image:width\" content=\"500\" \/>\n\t<meta property=\"og:image:height\" content=\"280\" \/>\n\t<meta property=\"og:image:type\" content=\"image\/jpeg\" \/>\n<meta name=\"author\" content=\"administrador\" \/>\n<meta name=\"twitter:card\" content=\"summary_large_image\" \/>\n<meta name=\"twitter:label1\" content=\"Scritto da\" \/>\n\t<meta name=\"twitter:data1\" content=\"administrador\" \/>\n\t<meta name=\"twitter:label2\" content=\"Tempo di lettura stimato\" \/>\n\t<meta name=\"twitter:data2\" content=\"2 minuti\" \/>\n<script type=\"application\/ld+json\" class=\"yoast-schema-graph\">{\"@context\":\"https:\\\/\\\/schema.org\",\"@graph\":[{\"@type\":\"Article\",\"@id\":\"https:\\\/\\\/italcamara-es.com\\\/it\\\/notizie\\\/il-settore-agroalimentare-spagnolo-ha-contribuito-per-quasi-il-9-al-pil-nazionale-nel-2023\\\/#article\",\"isPartOf\":{\"@id\":\"https:\\\/\\\/italcamara-es.com\\\/it\\\/notizie\\\/il-settore-agroalimentare-spagnolo-ha-contribuito-per-quasi-il-9-al-pil-nazionale-nel-2023\\\/\"},\"author\":{\"name\":\"administrador\",\"@id\":\"https:\\\/\\\/italcamara-es.com\\\/#\\\/schema\\\/person\\\/bb3c56263e405bbd9a15171dcfee93bb\"},\"headline\":\"Il settore agroalimentare spagnolo ha contribuito per quasi il 9% al PIL nazionale nel 2023\",\"datePublished\":\"2024-07-04T08:01:50+00:00\",\"mainEntityOfPage\":{\"@id\":\"https:\\\/\\\/italcamara-es.com\\\/it\\\/notizie\\\/il-settore-agroalimentare-spagnolo-ha-contribuito-per-quasi-il-9-al-pil-nazionale-nel-2023\\\/\"},\"wordCount\":522,\"commentCount\":0,\"image\":{\"@id\":\"https:\\\/\\\/italcamara-es.com\\\/it\\\/notizie\\\/il-settore-agroalimentare-spagnolo-ha-contribuito-per-quasi-il-9-al-pil-nazionale-nel-2023\\\/#primaryimage\"},\"thumbnailUrl\":\"https:\\\/\\\/italcamara-es.com\\\/wp-content\\\/uploads\\\/2025\\\/03\\\/sector-agroalimentario-500.jpg\",\"keywords\":[\"Notizie di Mercato\"],\"articleSection\":[\"Notizie\"],\"inLanguage\":\"it-IT\",\"potentialAction\":[{\"@type\":\"CommentAction\",\"name\":\"Comment\",\"target\":[\"https:\\\/\\\/italcamara-es.com\\\/it\\\/notizie\\\/il-settore-agroalimentare-spagnolo-ha-contribuito-per-quasi-il-9-al-pil-nazionale-nel-2023\\\/#respond\"]}]},{\"@type\":\"WebPage\",\"@id\":\"https:\\\/\\\/italcamara-es.com\\\/it\\\/notizie\\\/il-settore-agroalimentare-spagnolo-ha-contribuito-per-quasi-il-9-al-pil-nazionale-nel-2023\\\/\",\"url\":\"https:\\\/\\\/italcamara-es.com\\\/it\\\/notizie\\\/il-settore-agroalimentare-spagnolo-ha-contribuito-per-quasi-il-9-al-pil-nazionale-nel-2023\\\/\",\"name\":\"Il settore agroalimentare spagnolo ha contribuito per quasi il 9% al PIL nazionale nel 2023 - Italcamara\",\"isPartOf\":{\"@id\":\"https:\\\/\\\/italcamara-es.com\\\/#website\"},\"primaryImageOfPage\":{\"@id\":\"https:\\\/\\\/italcamara-es.com\\\/it\\\/notizie\\\/il-settore-agroalimentare-spagnolo-ha-contribuito-per-quasi-il-9-al-pil-nazionale-nel-2023\\\/#primaryimage\"},\"image\":{\"@id\":\"https:\\\/\\\/italcamara-es.com\\\/it\\\/notizie\\\/il-settore-agroalimentare-spagnolo-ha-contribuito-per-quasi-il-9-al-pil-nazionale-nel-2023\\\/#primaryimage\"},\"thumbnailUrl\":\"https:\\\/\\\/italcamara-es.com\\\/wp-content\\\/uploads\\\/2025\\\/03\\\/sector-agroalimentario-500.jpg\",\"datePublished\":\"2024-07-04T08:01:50+00:00\",\"author\":{\"@id\":\"https:\\\/\\\/italcamara-es.com\\\/#\\\/schema\\\/person\\\/bb3c56263e405bbd9a15171dcfee93bb\"},\"breadcrumb\":{\"@id\":\"https:\\\/\\\/italcamara-es.com\\\/it\\\/notizie\\\/il-settore-agroalimentare-spagnolo-ha-contribuito-per-quasi-il-9-al-pil-nazionale-nel-2023\\\/#breadcrumb\"},\"inLanguage\":\"it-IT\",\"potentialAction\":[{\"@type\":\"ReadAction\",\"target\":[\"https:\\\/\\\/italcamara-es.com\\\/it\\\/notizie\\\/il-settore-agroalimentare-spagnolo-ha-contribuito-per-quasi-il-9-al-pil-nazionale-nel-2023\\\/\"]}]},{\"@type\":\"ImageObject\",\"inLanguage\":\"it-IT\",\"@id\":\"https:\\\/\\\/italcamara-es.com\\\/it\\\/notizie\\\/il-settore-agroalimentare-spagnolo-ha-contribuito-per-quasi-il-9-al-pil-nazionale-nel-2023\\\/#primaryimage\",\"url\":\"https:\\\/\\\/italcamara-es.com\\\/wp-content\\\/uploads\\\/2025\\\/03\\\/sector-agroalimentario-500.jpg\",\"contentUrl\":\"https:\\\/\\\/italcamara-es.com\\\/wp-content\\\/uploads\\\/2025\\\/03\\\/sector-agroalimentario-500.jpg\",\"width\":500,\"height\":280},{\"@type\":\"BreadcrumbList\",\"@id\":\"https:\\\/\\\/italcamara-es.com\\\/it\\\/notizie\\\/il-settore-agroalimentare-spagnolo-ha-contribuito-per-quasi-il-9-al-pil-nazionale-nel-2023\\\/#breadcrumb\",\"itemListElement\":[{\"@type\":\"ListItem\",\"position\":1,\"name\":\"Inicio\",\"item\":\"https:\\\/\\\/italcamara-es.com\\\/it\\\/homepage-ita\\\/\"},{\"@type\":\"ListItem\",\"position\":2,\"name\":\"Il settore agroalimentare spagnolo ha contribuito per quasi il 9% al PIL nazionale nel 2023\"}]},{\"@type\":\"WebSite\",\"@id\":\"https:\\\/\\\/italcamara-es.com\\\/#website\",\"url\":\"https:\\\/\\\/italcamara-es.com\\\/\",\"name\":\"Italcamara\",\"description\":\"\",\"potentialAction\":[{\"@type\":\"SearchAction\",\"target\":{\"@type\":\"EntryPoint\",\"urlTemplate\":\"https:\\\/\\\/italcamara-es.com\\\/?s={search_term_string}\"},\"query-input\":{\"@type\":\"PropertyValueSpecification\",\"valueRequired\":true,\"valueName\":\"search_term_string\"}}],\"inLanguage\":\"it-IT\"},{\"@type\":\"Person\",\"@id\":\"https:\\\/\\\/italcamara-es.com\\\/#\\\/schema\\\/person\\\/bb3c56263e405bbd9a15171dcfee93bb\",\"name\":\"administrador\",\"image\":{\"@type\":\"ImageObject\",\"inLanguage\":\"it-IT\",\"@id\":\"https:\\\/\\\/secure.gravatar.com\\\/avatar\\\/14b5e63db38320b12031bb28cf9f77e210aa71fb3a8a3602a3c9a05134fa75eb?s=96&d=mm&r=g\",\"url\":\"https:\\\/\\\/secure.gravatar.com\\\/avatar\\\/14b5e63db38320b12031bb28cf9f77e210aa71fb3a8a3602a3c9a05134fa75eb?s=96&d=mm&r=g\",\"contentUrl\":\"https:\\\/\\\/secure.gravatar.com\\\/avatar\\\/14b5e63db38320b12031bb28cf9f77e210aa71fb3a8a3602a3c9a05134fa75eb?s=96&d=mm&r=g\",\"caption\":\"administrador\"},\"sameAs\":[\"http:\\\/\\\/pre.italcamara-es.com\"],\"url\":\"https:\\\/\\\/italcamara-es.com\\\/it\\\/author\\\/administrador\\\/\"}]}<\/script>\n<!-- \/ Yoast SEO plugin. -->","yoast_head_json":{"title":"Il settore agroalimentare spagnolo ha contribuito per quasi il 9% al PIL nazionale nel 2023 - Italcamara","robots":{"index":"index","follow":"follow","max-snippet":"max-snippet:-1","max-image-preview":"max-image-preview:large","max-video-preview":"max-video-preview:-1"},"canonical":"https:\/\/italcamara-es.com\/it\/notizie\/il-settore-agroalimentare-spagnolo-ha-contribuito-per-quasi-il-9-al-pil-nazionale-nel-2023\/","og_locale":"it_IT","og_type":"article","og_title":"Il settore agroalimentare spagnolo ha contribuito per quasi il 9% al PIL nazionale nel 2023 - Italcamara","og_description":"Cajamar ha presentato lo scorso 2 luglio l&#8217;ultima edizione dell&#8217; &#8220;Osservatorio sul settore agroalimentare spagnolo nel contesto europeo&#8220;. Lo studio, che viene pubblicato annualmente dall&#8217;entit\u00e0 finanziaria, offre un&#8217;analisi dell&#8217;evoluzione dei principali indicatori della catena del valore del settore agroalimentare spagnolo nel suo complesso nel 2023. In particolare, il settore, considerando l&#8217;intera catena del valore, ha [&hellip;]","og_url":"https:\/\/italcamara-es.com\/it\/notizie\/il-settore-agroalimentare-spagnolo-ha-contribuito-per-quasi-il-9-al-pil-nazionale-nel-2023\/","og_site_name":"Italcamara","article_published_time":"2024-07-04T08:01:50+00:00","og_image":[{"width":500,"height":280,"url":"https:\/\/italcamara-es.com\/wp-content\/uploads\/2025\/03\/sector-agroalimentario-500.jpg","type":"image\/jpeg"}],"author":"administrador","twitter_card":"summary_large_image","twitter_misc":{"Scritto da":"administrador","Tempo di lettura stimato":"2 minuti"},"schema":{"@context":"https:\/\/schema.org","@graph":[{"@type":"Article","@id":"https:\/\/italcamara-es.com\/it\/notizie\/il-settore-agroalimentare-spagnolo-ha-contribuito-per-quasi-il-9-al-pil-nazionale-nel-2023\/#article","isPartOf":{"@id":"https:\/\/italcamara-es.com\/it\/notizie\/il-settore-agroalimentare-spagnolo-ha-contribuito-per-quasi-il-9-al-pil-nazionale-nel-2023\/"},"author":{"name":"administrador","@id":"https:\/\/italcamara-es.com\/#\/schema\/person\/bb3c56263e405bbd9a15171dcfee93bb"},"headline":"Il settore agroalimentare spagnolo ha contribuito per quasi il 9% al PIL nazionale nel 2023","datePublished":"2024-07-04T08:01:50+00:00","mainEntityOfPage":{"@id":"https:\/\/italcamara-es.com\/it\/notizie\/il-settore-agroalimentare-spagnolo-ha-contribuito-per-quasi-il-9-al-pil-nazionale-nel-2023\/"},"wordCount":522,"commentCount":0,"image":{"@id":"https:\/\/italcamara-es.com\/it\/notizie\/il-settore-agroalimentare-spagnolo-ha-contribuito-per-quasi-il-9-al-pil-nazionale-nel-2023\/#primaryimage"},"thumbnailUrl":"https:\/\/italcamara-es.com\/wp-content\/uploads\/2025\/03\/sector-agroalimentario-500.jpg","keywords":["Notizie di Mercato"],"articleSection":["Notizie"],"inLanguage":"it-IT","potentialAction":[{"@type":"CommentAction","name":"Comment","target":["https:\/\/italcamara-es.com\/it\/notizie\/il-settore-agroalimentare-spagnolo-ha-contribuito-per-quasi-il-9-al-pil-nazionale-nel-2023\/#respond"]}]},{"@type":"WebPage","@id":"https:\/\/italcamara-es.com\/it\/notizie\/il-settore-agroalimentare-spagnolo-ha-contribuito-per-quasi-il-9-al-pil-nazionale-nel-2023\/","url":"https:\/\/italcamara-es.com\/it\/notizie\/il-settore-agroalimentare-spagnolo-ha-contribuito-per-quasi-il-9-al-pil-nazionale-nel-2023\/","name":"Il settore agroalimentare spagnolo ha contribuito per quasi il 9% al PIL nazionale nel 2023 - Italcamara","isPartOf":{"@id":"https:\/\/italcamara-es.com\/#website"},"primaryImageOfPage":{"@id":"https:\/\/italcamara-es.com\/it\/notizie\/il-settore-agroalimentare-spagnolo-ha-contribuito-per-quasi-il-9-al-pil-nazionale-nel-2023\/#primaryimage"},"image":{"@id":"https:\/\/italcamara-es.com\/it\/notizie\/il-settore-agroalimentare-spagnolo-ha-contribuito-per-quasi-il-9-al-pil-nazionale-nel-2023\/#primaryimage"},"thumbnailUrl":"https:\/\/italcamara-es.com\/wp-content\/uploads\/2025\/03\/sector-agroalimentario-500.jpg","datePublished":"2024-07-04T08:01:50+00:00","author":{"@id":"https:\/\/italcamara-es.com\/#\/schema\/person\/bb3c56263e405bbd9a15171dcfee93bb"},"breadcrumb":{"@id":"https:\/\/italcamara-es.com\/it\/notizie\/il-settore-agroalimentare-spagnolo-ha-contribuito-per-quasi-il-9-al-pil-nazionale-nel-2023\/#breadcrumb"},"inLanguage":"it-IT","potentialAction":[{"@type":"ReadAction","target":["https:\/\/italcamara-es.com\/it\/notizie\/il-settore-agroalimentare-spagnolo-ha-contribuito-per-quasi-il-9-al-pil-nazionale-nel-2023\/"]}]},{"@type":"ImageObject","inLanguage":"it-IT","@id":"https:\/\/italcamara-es.com\/it\/notizie\/il-settore-agroalimentare-spagnolo-ha-contribuito-per-quasi-il-9-al-pil-nazionale-nel-2023\/#primaryimage","url":"https:\/\/italcamara-es.com\/wp-content\/uploads\/2025\/03\/sector-agroalimentario-500.jpg","contentUrl":"https:\/\/italcamara-es.com\/wp-content\/uploads\/2025\/03\/sector-agroalimentario-500.jpg","width":500,"height":280},{"@type":"BreadcrumbList","@id":"https:\/\/italcamara-es.com\/it\/notizie\/il-settore-agroalimentare-spagnolo-ha-contribuito-per-quasi-il-9-al-pil-nazionale-nel-2023\/#breadcrumb","itemListElement":[{"@type":"ListItem","position":1,"name":"Inicio","item":"https:\/\/italcamara-es.com\/it\/homepage-ita\/"},{"@type":"ListItem","position":2,"name":"Il settore agroalimentare spagnolo ha contribuito per quasi il 9% al PIL nazionale nel 2023"}]},{"@type":"WebSite","@id":"https:\/\/italcamara-es.com\/#website","url":"https:\/\/italcamara-es.com\/","name":"Italcamara","description":"","potentialAction":[{"@type":"SearchAction","target":{"@type":"EntryPoint","urlTemplate":"https:\/\/italcamara-es.com\/?s={search_term_string}"},"query-input":{"@type":"PropertyValueSpecification","valueRequired":true,"valueName":"search_term_string"}}],"inLanguage":"it-IT"},{"@type":"Person","@id":"https:\/\/italcamara-es.com\/#\/schema\/person\/bb3c56263e405bbd9a15171dcfee93bb","name":"administrador","image":{"@type":"ImageObject","inLanguage":"it-IT","@id":"https:\/\/secure.gravatar.com\/avatar\/14b5e63db38320b12031bb28cf9f77e210aa71fb3a8a3602a3c9a05134fa75eb?s=96&d=mm&r=g","url":"https:\/\/secure.gravatar.com\/avatar\/14b5e63db38320b12031bb28cf9f77e210aa71fb3a8a3602a3c9a05134fa75eb?s=96&d=mm&r=g","contentUrl":"https:\/\/secure.gravatar.com\/avatar\/14b5e63db38320b12031bb28cf9f77e210aa71fb3a8a3602a3c9a05134fa75eb?s=96&d=mm&r=g","caption":"administrador"},"sameAs":["http:\/\/pre.italcamara-es.com"],"url":"https:\/\/italcamara-es.com\/it\/author\/administrador\/"}]}},"rttpg_featured_image_url":{"full":["https:\/\/italcamara-es.com\/wp-content\/uploads\/2025\/03\/sector-agroalimentario-500.jpg",500,280,false],"landscape":["https:\/\/italcamara-es.com\/wp-content\/uploads\/2025\/03\/sector-agroalimentario-500.jpg",500,280,false],"portraits":["https:\/\/italcamara-es.com\/wp-content\/uploads\/2025\/03\/sector-agroalimentario-500.jpg",500,280,false],"thumbnail":["https:\/\/italcamara-es.com\/wp-content\/uploads\/2025\/03\/sector-agroalimentario-500-150x150.jpg",150,150,true],"medium":["https:\/\/italcamara-es.com\/wp-content\/uploads\/2025\/03\/sector-agroalimentario-500-300x168.jpg",300,168,true],"large":["https:\/\/italcamara-es.com\/wp-content\/uploads\/2025\/03\/sector-agroalimentario-500.jpg",500,280,false],"1536x1536":["https:\/\/italcamara-es.com\/wp-content\/uploads\/2025\/03\/sector-agroalimentario-500.jpg",500,280,false],"2048x2048":["https:\/\/italcamara-es.com\/wp-content\/uploads\/2025\/03\/sector-agroalimentario-500.jpg",500,280,false],"ocean-thumb-m":["https:\/\/italcamara-es.com\/wp-content\/uploads\/2025\/03\/sector-agroalimentario-500.jpg",500,280,false],"ocean-thumb-ml":["https:\/\/italcamara-es.com\/wp-content\/uploads\/2025\/03\/sector-agroalimentario-500.jpg",500,280,false],"ocean-thumb-l":["https:\/\/italcamara-es.com\/wp-content\/uploads\/2025\/03\/sector-agroalimentario-500.jpg",500,280,false],"directorist_preview":["https:\/\/italcamara-es.com\/wp-content\/uploads\/2025\/03\/sector-agroalimentario-500.jpg",500,280,false]},"rttpg_author":{"display_name":"administrador","author_link":"https:\/\/italcamara-es.com\/it\/author\/administrador\/"},"rttpg_comment":0,"rttpg_category":"<a href=\"https:\/\/italcamara-es.com\/it\/category\/notizie\/\" rel=\"category tag\">Notizie<\/a>","rttpg_excerpt":"Cajamar ha presentato lo scorso 2 luglio l&#8217;ultima edizione dell&#8217; &#8220;Osservatorio sul settore agroalimentare spagnolo nel contesto europeo&#8220;. Lo studio, che viene pubblicato annualmente dall&#8217;entit\u00e0 finanziaria, offre un&#8217;analisi dell&#8217;evoluzione dei principali indicatori della catena del valore del settore agroalimentare spagnolo nel suo complesso nel 2023. In particolare, il settore, considerando l&#8217;intera catena del valore, ha&hellip;","_links":{"self":[{"href":"https:\/\/italcamara-es.com\/it\/wp-json\/wp\/v2\/posts\/56841","targetHints":{"allow":["GET"]}}],"collection":[{"href":"https:\/\/italcamara-es.com\/it\/wp-json\/wp\/v2\/posts"}],"about":[{"href":"https:\/\/italcamara-es.com\/it\/wp-json\/wp\/v2\/types\/post"}],"author":[{"embeddable":true,"href":"https:\/\/italcamara-es.com\/it\/wp-json\/wp\/v2\/users\/1"}],"replies":[{"embeddable":true,"href":"https:\/\/italcamara-es.com\/it\/wp-json\/wp\/v2\/comments?post=56841"}],"version-history":[{"count":0,"href":"https:\/\/italcamara-es.com\/it\/wp-json\/wp\/v2\/posts\/56841\/revisions"}],"wp:featuredmedia":[{"embeddable":true,"href":"https:\/\/italcamara-es.com\/it\/wp-json\/wp\/v2\/media\/54070"}],"wp:attachment":[{"href":"https:\/\/italcamara-es.com\/it\/wp-json\/wp\/v2\/media?parent=56841"}],"wp:term":[{"taxonomy":"category","embeddable":true,"href":"https:\/\/italcamara-es.com\/it\/wp-json\/wp\/v2\/categories?post=56841"},{"taxonomy":"post_tag","embeddable":true,"href":"https:\/\/italcamara-es.com\/it\/wp-json\/wp\/v2\/tags?post=56841"}],"curies":[{"name":"wp","href":"https:\/\/api.w.org\/{rel}","templated":true}]}}