	{"id":56860,"date":"2025-01-17T08:57:13","date_gmt":"2025-01-17T07:57:13","guid":{"rendered":"http:\/\/pre.italcamara-es.com\/senza-categoria\/presentato-dalla-fondazione-symbola-il-report-litalia-in-10-selfie-2024\/"},"modified":"2025-01-17T08:57:13","modified_gmt":"2025-01-17T07:57:13","slug":"presentato-dalla-fondazione-symbola-il-report-litalia-in-10-selfie-2024","status":"publish","type":"post","link":"https:\/\/italcamara-es.com\/it\/notizie\/presentato-dalla-fondazione-symbola-il-report-litalia-in-10-selfie-2024\/","title":{"rendered":"Presentato dalla Fondazione Symbola il report &#8220;L&#8217;Italia in 10 selfie 2024&#8221;"},"content":{"rendered":"\n<p><strong>&#8220;L\u2019Italia in 10 selfie 2024&#8221;<\/strong>&nbsp;\u00e8 una&nbsp;fotografia a pi\u00f9 dimensioni dei punti di forza del sistema produttivo italiano. Giunta quest&#8217;anno alla sua 11\u00aa edizione, la ricerca, come ogni anno, rielabora i dati selezionati&nbsp;dai principali rapporti della Fondazione Symbola, dal network di partner associativi e da database nazionali ed internazionali. Il dossier&nbsp;\u00e8 realizzato in collaborazione con&nbsp;<strong>Unioncamere&nbsp;<\/strong>e&nbsp;<strong>Assocamerestero<\/strong>, con il Patrocinio del&nbsp;<strong>Ministero degli Affari Esteri e della Cooperazione Internazionale<\/strong>, del&nbsp;<strong>Ministero dell&#8217;Ambiente e della Sicurezza Energetica<\/strong>, del&nbsp;<strong>Ministero delle Imprese e del Made in Italy<\/strong>&nbsp;e con il supporto di diversi partner.&nbsp;<\/p>\n\n\n\n<p>I 10 Selfie sono stati presentati presso il Ministero degli Affari Esteri e della Cooperazione Internazionale da&nbsp;<strong>Ermete Realacci<\/strong>, Presidente della Fondazione Symbola, con l&#8217;introduzione di&nbsp;<strong>Antonio Tajani<\/strong>, Vice Presidente del Consiglio e Ministro degli Affari Esteri e della Cooperazione Internazionale, e commentati da&nbsp;<strong>Domenico Mauriello<\/strong>, Segretario Generale di Assocamerestero.<\/p>\n\n\n\n<p>Ecco i&nbsp;<strong>10 Selfie 2024<\/strong>:<\/p>\n\n\n\n<p>1.&nbsp;<strong>L\u2019Italia \u00e8 il Paese europeo con il pi\u00f9 alto tasso di riciclo sul totale dei rifiuti speciali e urbani<\/strong>&nbsp;(91,6%), un valore superiore alla media europea (57,9%) e a quello di Germania (75,3%), Francia (79,9%) e Spagna (73,4%). Grazie all\u2019impiego di materia seconda, ogni anno vengono evitate in Italia 16,4 milioni di tonnellate equivalenti di petrolio e 55 milioni di tonnellate equivalenti di CO2.<\/p>\n\n\n\n<p>2.&nbsp;<strong>\u00c8 italiano il pi\u00f9 grande operatore al mondo nelle rinnovabili tra le utilities quotate.&nbsp;<\/strong>Enel, attraverso la societ\u00e0 controllata Enel Green Power, \u00e8 il pi\u00f9 grande operatore privato al mondo nel settore delle rinnovabili con 63,3 GW di Capacit\u00e0 Installata Gross nel 2023 (valori inclusivi di Sistemi di accumulo di energia) proveniente da impianti eolici, solari, geotermici e idroelettrici localizzati in Europa, Americhe, Africa, Asia e Oceania. Seguono la francese Engie (45,4 GW) e la spagnola Iberdrola (42,2 GW). Enel sta costruendo a Catania il pi\u00f9 grande impianto di produzione di celle e moduli PV bifacciali ad alte prestazioni d\u2019Europa che a regime avr\u00e0 una capacit\u00e0 produttiva di 3 GW all\u2019anno, impianto che sar\u00e0 pienamente operativo a fine 2025.<\/p>\n\n\n\n<p>3.<strong>&nbsp;L\u2019industria siderurgica italiana \u00e8 leader nel processo di decarbonizzazione<\/strong>. Prima tra i Paesi del G7 per quota di acciaio prodotto con ciclo a forno elettrico, pari a all\u201986%, seguono Stati Uniti (68%) e Canada (42%). \u00c8 italiana la prima acciaieria al mondo certificata Net Zero Emission, ovvero a zero emissioni nette di anidride carbonica.<\/p>\n\n\n\n<p>4.&nbsp;<strong>L\u2019Italia \u00e8 prima in Europa per numero di aziende agricole biologiche<\/strong>, con 82.627 operatori, davanti a Francia (60.522), Spagna (55.851), Germania (36.688) e Austria (26.251). Inoltre, con 856 denominazioni \u00e8 anche&nbsp;<strong>prima in Europa per prodotti agroalimentari e vitivinicoli registrati e protetti<\/strong>: 584 DOP, 268 IGP e 4 STG.<\/p>\n\n\n\n<p>5.&nbsp;<strong>\u00c8 leader nelle esportazioni di giostre ed attrezzature per parchi divertimento<\/strong>. La produzione di giostre in Italia conta 137 imprese, per il 67,2% operanti nel triangolo Veneto-Emilia Romagna-Lombardia.<\/p>\n\n\n\n<p>6. Con $10,9 mld&nbsp;<strong>l\u2019Italia \u00e8 terza al mondo per saldo della bilancia commerciale nell\u2019arredo<\/strong>, preceduta da Cina ($119 mld) e Vietnam ($12,8 mld), superando Polonia ($9,7 mld) e Messico ($8,5 mld).<\/p>\n\n\n\n<p><strong>7<\/strong>.<strong>&nbsp;<\/strong><strong>L\u2019Italia \u00e8 prima in Europa e seconda al mondo per turismo congressuale<\/strong>, con 553 congressi ospitati nel 2023, superando Spagna (505), Francia (472) e Germania (463), e seguendo a livello mondiale i soli Stati Uniti (690).<\/p>\n\n\n\n<p>8.&nbsp;<strong>\u00c8 prima al mondo per produzione di pasta<\/strong>, con quasi 4 milioni di tonnellate all\u2019anno (3,67 mln) \u2013 seguita da Stati Uniti (2 mln t), Turchia (1,9 mln t), Egitto (1,20 mln t) e Brasile (1,15 mln t) \u2013 con un fatturato che si avvicina ai 7 miliardi di euro. Oltre il 60% della pasta prodotta nel nostro Paese \u00e8 destinata ai mercati esteri, con oltre 2,2 milioni di tonnellate nel 2023 (di cui 1,5 mln di tonnellate destinate all\u2019UE).<\/p>\n\n\n\n<p>9.&nbsp;<strong>L\u2019Italia \u00e8 il primo Paese al mondo per crescita in valore nell\u2019export del settore farmaceutico tra il 2021 e il 2023<\/strong>,&nbsp;con un balzo di 13,6 miliardi di dollari. Seguono gli Stati Uniti (+$12,3 miliardi), l\u2019Irlanda (+$4,0 miliardi), la Germania (+$1,74 miliardi) e l\u2019India (+$1,66 miliardi).&nbsp;<strong>Seconda in Europa<\/strong>&nbsp;(+35%)&nbsp;<strong>per crescita di domande di brevetto del settore farmaceutico<\/strong>&nbsp;(quinquennio 2019-2023 vs 2014-2018) avanti a Francia (+20%) e Germania (+14%).<\/p>\n\n\n\n<p>10.&nbsp;<strong>L\u2019Italia ha il primato mondiale per numero di siti nella Lista dei patrimoni dell\u2019umanit\u00e0<\/strong>. Ad oggi, dei 1223 siti riconosciuti dall\u2019UNESCO in 168 Paesi del mondo ben 60 sono in Italia, seguono Cina (59), Germania (54), Francia (53), Spagna (50). La cultura e creativit\u00e0 generano in Italia un valore aggiunto pari a \u20ac104,3 miliardi e in settori come il Design l\u2019Italia risulta prima in Europa per fatturato e addetti con una crescita del fatturato del +27,1%, quasi doppia rispetto alla media comunitaria (2021-2022). Circa il 75% dei designer progetta secondo criteri di sostenibilit\u00e0.<\/p>\n\n\n<div class=\"wp-block-image\">\n<figure class=\"aligncenter size-full\"><img decoding=\"async\" src=\"https:\/\/www.italcamara-es.com\/wp-content\/uploads\/2025\/01\/italia_in_10_selfie_2024_cover-1.png\" alt=\"\" class=\"wp-image-38435\"\/><\/figure>\n<\/div>\n\n\n<h3 class=\"wp-block-heading\">Rapporto &#8220;L&#8217;Italia in 10 Selfie&#8221;<\/h3>\n\n\n\n<p>Il rapporto pu\u00f2 essere consultato integralmente e scaricato a questo indirizzo: <a href=\"https:\/\/www.italcamara-es.com\/wp-content\/uploads\/2025\/01\/DEF-270x210_10selfie-2024_IT.pdf\">https:\/\/www.italcamara-es.com\/wp-content\/uploads\/2025\/01\/DEF-270x210_10selfie-2024_IT.pdf<\/a><\/p>\n","protected":false},"excerpt":{"rendered":"<p>&#8220;L\u2019Italia in 10 selfie 2024&#8221;&nbsp;\u00e8 una&nbsp;fotografia a pi\u00f9 dimensioni dei punti di forza del sistema produttivo italiano. Giunta quest&#8217;anno alla sua 11\u00aa edizione, la ricerca, come ogni anno, rielabora i dati selezionati&nbsp;dai principali rapporti della Fondazione Symbola, dal network di partner associativi e da database nazionali ed internazionali. Il dossier&nbsp;\u00e8 realizzato in collaborazione con&nbsp;Unioncamere&nbsp;e&nbsp;Assocamerestero, con [&hellip;]<\/p>\n","protected":false},"author":1,"featured_media":54099,"comment_status":"open","ping_status":"open","sticky":false,"template":"","format":"standard","meta":{"inline_featured_image":false,"ocean_post_layout":"","ocean_both_sidebars_style":"","ocean_both_sidebars_content_width":0,"ocean_both_sidebars_sidebars_width":0,"ocean_sidebar":"","ocean_second_sidebar":"","ocean_disable_margins":"enable","ocean_add_body_class":"","ocean_shortcode_before_top_bar":"","ocean_shortcode_after_top_bar":"","ocean_shortcode_before_header":"","ocean_shortcode_after_header":"","ocean_has_shortcode":"","ocean_shortcode_after_title":"","ocean_shortcode_before_footer_widgets":"","ocean_shortcode_after_footer_widgets":"","ocean_shortcode_before_footer_bottom":"","ocean_shortcode_after_footer_bottom":"","ocean_display_top_bar":"default","ocean_display_header":"default","ocean_header_style":"","ocean_center_header_left_menu":"","ocean_custom_header_template":"","ocean_custom_logo":0,"ocean_custom_retina_logo":0,"ocean_custom_logo_max_width":0,"ocean_custom_logo_tablet_max_width":0,"ocean_custom_logo_mobile_max_width":0,"ocean_custom_logo_max_height":0,"ocean_custom_logo_tablet_max_height":0,"ocean_custom_logo_mobile_max_height":0,"ocean_header_custom_menu":"","ocean_menu_typo_font_family":"","ocean_menu_typo_font_subset":"","ocean_menu_typo_font_size":0,"ocean_menu_typo_font_size_tablet":0,"ocean_menu_typo_font_size_mobile":0,"ocean_menu_typo_font_size_unit":"px","ocean_menu_typo_font_weight":"","ocean_menu_typo_font_weight_tablet":"","ocean_menu_typo_font_weight_mobile":"","ocean_menu_typo_transform":"","ocean_menu_typo_transform_tablet":"","ocean_menu_typo_transform_mobile":"","ocean_menu_typo_line_height":0,"ocean_menu_typo_line_height_tablet":0,"ocean_menu_typo_line_height_mobile":0,"ocean_menu_typo_line_height_unit":"","ocean_menu_typo_spacing":0,"ocean_menu_typo_spacing_tablet":0,"ocean_menu_typo_spacing_mobile":0,"ocean_menu_typo_spacing_unit":"","ocean_menu_link_color":"","ocean_menu_link_color_hover":"","ocean_menu_link_color_active":"","ocean_menu_link_background":"","ocean_menu_link_hover_background":"","ocean_menu_link_active_background":"","ocean_menu_social_links_bg":"","ocean_menu_social_hover_links_bg":"","ocean_menu_social_links_color":"","ocean_menu_social_hover_links_color":"","ocean_disable_title":"default","ocean_disable_heading":"default","ocean_post_title":"","ocean_post_subheading":"","ocean_post_title_style":"","ocean_post_title_background_color":"","ocean_post_title_background":0,"ocean_post_title_bg_image_position":"","ocean_post_title_bg_image_attachment":"","ocean_post_title_bg_image_repeat":"","ocean_post_title_bg_image_size":"","ocean_post_title_height":0,"ocean_post_title_bg_overlay":0.5,"ocean_post_title_bg_overlay_color":"","ocean_disable_breadcrumbs":"default","ocean_breadcrumbs_color":"","ocean_breadcrumbs_separator_color":"","ocean_breadcrumbs_links_color":"","ocean_breadcrumbs_links_hover_color":"","ocean_display_footer_widgets":"default","ocean_display_footer_bottom":"default","ocean_custom_footer_template":"","ocean_post_oembed":"","ocean_post_self_hosted_media":"","ocean_post_video_embed":"","ocean_link_format":"","ocean_link_format_target":"self","ocean_quote_format":"","ocean_quote_format_link":"post","ocean_gallery_link_images":"on","ocean_gallery_id":[],"footnotes":""},"categories":[133],"tags":[138],"class_list":["post-56860","post","type-post","status-publish","format-standard","has-post-thumbnail","hentry","category-notizie","tag-notizie-di-mercato","entry","has-media"],"yoast_head":"<!-- This site is optimized with the Yoast SEO plugin v27.4 - https:\/\/yoast.com\/product\/yoast-seo-wordpress\/ -->\n<title>Presentato dalla Fondazione Symbola il report &quot;L&#039;Italia in 10 selfie 2024&quot; - Italcamara<\/title>\n<meta name=\"robots\" content=\"index, follow, max-snippet:-1, max-image-preview:large, max-video-preview:-1\" \/>\n<link rel=\"canonical\" href=\"https:\/\/italcamara-es.com\/it\/notizie\/presentato-dalla-fondazione-symbola-il-report-litalia-in-10-selfie-2024\/\" \/>\n<meta property=\"og:locale\" content=\"it_IT\" \/>\n<meta property=\"og:type\" content=\"article\" \/>\n<meta property=\"og:title\" content=\"Presentato dalla Fondazione Symbola il report &quot;L&#039;Italia in 10 selfie 2024&quot; - Italcamara\" \/>\n<meta property=\"og:description\" content=\"&#8220;L\u2019Italia in 10 selfie 2024&#8221;&nbsp;\u00e8 una&nbsp;fotografia a pi\u00f9 dimensioni dei punti di forza del sistema produttivo italiano. Giunta quest&#8217;anno alla sua 11\u00aa edizione, la ricerca, come ogni anno, rielabora i dati selezionati&nbsp;dai principali rapporti della Fondazione Symbola, dal network di partner associativi e da database nazionali ed internazionali. Il dossier&nbsp;\u00e8 realizzato in collaborazione con&nbsp;Unioncamere&nbsp;e&nbsp;Assocamerestero, con [&hellip;]\" \/>\n<meta property=\"og:url\" content=\"https:\/\/italcamara-es.com\/it\/notizie\/presentato-dalla-fondazione-symbola-il-report-litalia-in-10-selfie-2024\/\" \/>\n<meta property=\"og:site_name\" content=\"Italcamara\" \/>\n<meta property=\"article:published_time\" content=\"2025-01-17T07:57:13+00:00\" \/>\n<meta property=\"og:image\" content=\"https:\/\/italcamara-es.com\/wp-content\/uploads\/2025\/03\/italia_in_10_selfie250.png\" \/>\n\t<meta property=\"og:image:width\" content=\"250\" \/>\n\t<meta property=\"og:image:height\" content=\"140\" \/>\n\t<meta property=\"og:image:type\" content=\"image\/png\" \/>\n<meta name=\"author\" content=\"administrador\" \/>\n<meta name=\"twitter:card\" content=\"summary_large_image\" \/>\n<meta name=\"twitter:label1\" content=\"Scritto da\" \/>\n\t<meta name=\"twitter:data1\" content=\"administrador\" \/>\n\t<meta name=\"twitter:label2\" content=\"Tempo di lettura stimato\" \/>\n\t<meta name=\"twitter:data2\" content=\"4 minuti\" \/>\n<script type=\"application\/ld+json\" class=\"yoast-schema-graph\">{\"@context\":\"https:\\\/\\\/schema.org\",\"@graph\":[{\"@type\":\"Article\",\"@id\":\"https:\\\/\\\/italcamara-es.com\\\/it\\\/notizie\\\/presentato-dalla-fondazione-symbola-il-report-litalia-in-10-selfie-2024\\\/#article\",\"isPartOf\":{\"@id\":\"https:\\\/\\\/italcamara-es.com\\\/it\\\/notizie\\\/presentato-dalla-fondazione-symbola-il-report-litalia-in-10-selfie-2024\\\/\"},\"author\":{\"name\":\"administrador\",\"@id\":\"https:\\\/\\\/italcamara-es.com\\\/#\\\/schema\\\/person\\\/bb3c56263e405bbd9a15171dcfee93bb\"},\"headline\":\"Presentato dalla Fondazione Symbola il report &#8220;L&#8217;Italia in 10 selfie 2024&#8221;\",\"datePublished\":\"2025-01-17T07:57:13+00:00\",\"mainEntityOfPage\":{\"@id\":\"https:\\\/\\\/italcamara-es.com\\\/it\\\/notizie\\\/presentato-dalla-fondazione-symbola-il-report-litalia-in-10-selfie-2024\\\/\"},\"wordCount\":778,\"commentCount\":0,\"image\":{\"@id\":\"https:\\\/\\\/italcamara-es.com\\\/it\\\/notizie\\\/presentato-dalla-fondazione-symbola-il-report-litalia-in-10-selfie-2024\\\/#primaryimage\"},\"thumbnailUrl\":\"https:\\\/\\\/italcamara-es.com\\\/wp-content\\\/uploads\\\/2025\\\/03\\\/italia_in_10_selfie250.png\",\"keywords\":[\"Notizie di Mercato\"],\"articleSection\":[\"Notizie\"],\"inLanguage\":\"it-IT\",\"potentialAction\":[{\"@type\":\"CommentAction\",\"name\":\"Comment\",\"target\":[\"https:\\\/\\\/italcamara-es.com\\\/it\\\/notizie\\\/presentato-dalla-fondazione-symbola-il-report-litalia-in-10-selfie-2024\\\/#respond\"]}]},{\"@type\":\"WebPage\",\"@id\":\"https:\\\/\\\/italcamara-es.com\\\/it\\\/notizie\\\/presentato-dalla-fondazione-symbola-il-report-litalia-in-10-selfie-2024\\\/\",\"url\":\"https:\\\/\\\/italcamara-es.com\\\/it\\\/notizie\\\/presentato-dalla-fondazione-symbola-il-report-litalia-in-10-selfie-2024\\\/\",\"name\":\"Presentato dalla Fondazione Symbola il report \\\"L'Italia in 10 selfie 2024\\\" - Italcamara\",\"isPartOf\":{\"@id\":\"https:\\\/\\\/italcamara-es.com\\\/#website\"},\"primaryImageOfPage\":{\"@id\":\"https:\\\/\\\/italcamara-es.com\\\/it\\\/notizie\\\/presentato-dalla-fondazione-symbola-il-report-litalia-in-10-selfie-2024\\\/#primaryimage\"},\"image\":{\"@id\":\"https:\\\/\\\/italcamara-es.com\\\/it\\\/notizie\\\/presentato-dalla-fondazione-symbola-il-report-litalia-in-10-selfie-2024\\\/#primaryimage\"},\"thumbnailUrl\":\"https:\\\/\\\/italcamara-es.com\\\/wp-content\\\/uploads\\\/2025\\\/03\\\/italia_in_10_selfie250.png\",\"datePublished\":\"2025-01-17T07:57:13+00:00\",\"author\":{\"@id\":\"https:\\\/\\\/italcamara-es.com\\\/#\\\/schema\\\/person\\\/bb3c56263e405bbd9a15171dcfee93bb\"},\"breadcrumb\":{\"@id\":\"https:\\\/\\\/italcamara-es.com\\\/it\\\/notizie\\\/presentato-dalla-fondazione-symbola-il-report-litalia-in-10-selfie-2024\\\/#breadcrumb\"},\"inLanguage\":\"it-IT\",\"potentialAction\":[{\"@type\":\"ReadAction\",\"target\":[\"https:\\\/\\\/italcamara-es.com\\\/it\\\/notizie\\\/presentato-dalla-fondazione-symbola-il-report-litalia-in-10-selfie-2024\\\/\"]}]},{\"@type\":\"ImageObject\",\"inLanguage\":\"it-IT\",\"@id\":\"https:\\\/\\\/italcamara-es.com\\\/it\\\/notizie\\\/presentato-dalla-fondazione-symbola-il-report-litalia-in-10-selfie-2024\\\/#primaryimage\",\"url\":\"https:\\\/\\\/italcamara-es.com\\\/wp-content\\\/uploads\\\/2025\\\/03\\\/italia_in_10_selfie250.png\",\"contentUrl\":\"https:\\\/\\\/italcamara-es.com\\\/wp-content\\\/uploads\\\/2025\\\/03\\\/italia_in_10_selfie250.png\",\"width\":250,\"height\":140},{\"@type\":\"BreadcrumbList\",\"@id\":\"https:\\\/\\\/italcamara-es.com\\\/it\\\/notizie\\\/presentato-dalla-fondazione-symbola-il-report-litalia-in-10-selfie-2024\\\/#breadcrumb\",\"itemListElement\":[{\"@type\":\"ListItem\",\"position\":1,\"name\":\"Inicio\",\"item\":\"https:\\\/\\\/italcamara-es.com\\\/it\\\/homepage-ita\\\/\"},{\"@type\":\"ListItem\",\"position\":2,\"name\":\"Presentato dalla Fondazione Symbola il report &#8220;L&#8217;Italia in 10 selfie 2024&#8221;\"}]},{\"@type\":\"WebSite\",\"@id\":\"https:\\\/\\\/italcamara-es.com\\\/#website\",\"url\":\"https:\\\/\\\/italcamara-es.com\\\/\",\"name\":\"Italcamara\",\"description\":\"\",\"potentialAction\":[{\"@type\":\"SearchAction\",\"target\":{\"@type\":\"EntryPoint\",\"urlTemplate\":\"https:\\\/\\\/italcamara-es.com\\\/?s={search_term_string}\"},\"query-input\":{\"@type\":\"PropertyValueSpecification\",\"valueRequired\":true,\"valueName\":\"search_term_string\"}}],\"inLanguage\":\"it-IT\"},{\"@type\":\"Person\",\"@id\":\"https:\\\/\\\/italcamara-es.com\\\/#\\\/schema\\\/person\\\/bb3c56263e405bbd9a15171dcfee93bb\",\"name\":\"administrador\",\"image\":{\"@type\":\"ImageObject\",\"inLanguage\":\"it-IT\",\"@id\":\"https:\\\/\\\/secure.gravatar.com\\\/avatar\\\/14b5e63db38320b12031bb28cf9f77e210aa71fb3a8a3602a3c9a05134fa75eb?s=96&d=mm&r=g\",\"url\":\"https:\\\/\\\/secure.gravatar.com\\\/avatar\\\/14b5e63db38320b12031bb28cf9f77e210aa71fb3a8a3602a3c9a05134fa75eb?s=96&d=mm&r=g\",\"contentUrl\":\"https:\\\/\\\/secure.gravatar.com\\\/avatar\\\/14b5e63db38320b12031bb28cf9f77e210aa71fb3a8a3602a3c9a05134fa75eb?s=96&d=mm&r=g\",\"caption\":\"administrador\"},\"sameAs\":[\"http:\\\/\\\/pre.italcamara-es.com\"],\"url\":\"https:\\\/\\\/italcamara-es.com\\\/it\\\/author\\\/administrador\\\/\"}]}<\/script>\n<!-- \/ Yoast SEO plugin. -->","yoast_head_json":{"title":"Presentato dalla Fondazione Symbola il report \"L'Italia in 10 selfie 2024\" - Italcamara","robots":{"index":"index","follow":"follow","max-snippet":"max-snippet:-1","max-image-preview":"max-image-preview:large","max-video-preview":"max-video-preview:-1"},"canonical":"https:\/\/italcamara-es.com\/it\/notizie\/presentato-dalla-fondazione-symbola-il-report-litalia-in-10-selfie-2024\/","og_locale":"it_IT","og_type":"article","og_title":"Presentato dalla Fondazione Symbola il report \"L'Italia in 10 selfie 2024\" - Italcamara","og_description":"&#8220;L\u2019Italia in 10 selfie 2024&#8221;&nbsp;\u00e8 una&nbsp;fotografia a pi\u00f9 dimensioni dei punti di forza del sistema produttivo italiano. Giunta quest&#8217;anno alla sua 11\u00aa edizione, la ricerca, come ogni anno, rielabora i dati selezionati&nbsp;dai principali rapporti della Fondazione Symbola, dal network di partner associativi e da database nazionali ed internazionali. Il dossier&nbsp;\u00e8 realizzato in collaborazione con&nbsp;Unioncamere&nbsp;e&nbsp;Assocamerestero, con [&hellip;]","og_url":"https:\/\/italcamara-es.com\/it\/notizie\/presentato-dalla-fondazione-symbola-il-report-litalia-in-10-selfie-2024\/","og_site_name":"Italcamara","article_published_time":"2025-01-17T07:57:13+00:00","og_image":[{"width":250,"height":140,"url":"https:\/\/italcamara-es.com\/wp-content\/uploads\/2025\/03\/italia_in_10_selfie250.png","type":"image\/png"}],"author":"administrador","twitter_card":"summary_large_image","twitter_misc":{"Scritto da":"administrador","Tempo di lettura stimato":"4 minuti"},"schema":{"@context":"https:\/\/schema.org","@graph":[{"@type":"Article","@id":"https:\/\/italcamara-es.com\/it\/notizie\/presentato-dalla-fondazione-symbola-il-report-litalia-in-10-selfie-2024\/#article","isPartOf":{"@id":"https:\/\/italcamara-es.com\/it\/notizie\/presentato-dalla-fondazione-symbola-il-report-litalia-in-10-selfie-2024\/"},"author":{"name":"administrador","@id":"https:\/\/italcamara-es.com\/#\/schema\/person\/bb3c56263e405bbd9a15171dcfee93bb"},"headline":"Presentato dalla Fondazione Symbola il report &#8220;L&#8217;Italia in 10 selfie 2024&#8221;","datePublished":"2025-01-17T07:57:13+00:00","mainEntityOfPage":{"@id":"https:\/\/italcamara-es.com\/it\/notizie\/presentato-dalla-fondazione-symbola-il-report-litalia-in-10-selfie-2024\/"},"wordCount":778,"commentCount":0,"image":{"@id":"https:\/\/italcamara-es.com\/it\/notizie\/presentato-dalla-fondazione-symbola-il-report-litalia-in-10-selfie-2024\/#primaryimage"},"thumbnailUrl":"https:\/\/italcamara-es.com\/wp-content\/uploads\/2025\/03\/italia_in_10_selfie250.png","keywords":["Notizie di Mercato"],"articleSection":["Notizie"],"inLanguage":"it-IT","potentialAction":[{"@type":"CommentAction","name":"Comment","target":["https:\/\/italcamara-es.com\/it\/notizie\/presentato-dalla-fondazione-symbola-il-report-litalia-in-10-selfie-2024\/#respond"]}]},{"@type":"WebPage","@id":"https:\/\/italcamara-es.com\/it\/notizie\/presentato-dalla-fondazione-symbola-il-report-litalia-in-10-selfie-2024\/","url":"https:\/\/italcamara-es.com\/it\/notizie\/presentato-dalla-fondazione-symbola-il-report-litalia-in-10-selfie-2024\/","name":"Presentato dalla Fondazione Symbola il report \"L'Italia in 10 selfie 2024\" - Italcamara","isPartOf":{"@id":"https:\/\/italcamara-es.com\/#website"},"primaryImageOfPage":{"@id":"https:\/\/italcamara-es.com\/it\/notizie\/presentato-dalla-fondazione-symbola-il-report-litalia-in-10-selfie-2024\/#primaryimage"},"image":{"@id":"https:\/\/italcamara-es.com\/it\/notizie\/presentato-dalla-fondazione-symbola-il-report-litalia-in-10-selfie-2024\/#primaryimage"},"thumbnailUrl":"https:\/\/italcamara-es.com\/wp-content\/uploads\/2025\/03\/italia_in_10_selfie250.png","datePublished":"2025-01-17T07:57:13+00:00","author":{"@id":"https:\/\/italcamara-es.com\/#\/schema\/person\/bb3c56263e405bbd9a15171dcfee93bb"},"breadcrumb":{"@id":"https:\/\/italcamara-es.com\/it\/notizie\/presentato-dalla-fondazione-symbola-il-report-litalia-in-10-selfie-2024\/#breadcrumb"},"inLanguage":"it-IT","potentialAction":[{"@type":"ReadAction","target":["https:\/\/italcamara-es.com\/it\/notizie\/presentato-dalla-fondazione-symbola-il-report-litalia-in-10-selfie-2024\/"]}]},{"@type":"ImageObject","inLanguage":"it-IT","@id":"https:\/\/italcamara-es.com\/it\/notizie\/presentato-dalla-fondazione-symbola-il-report-litalia-in-10-selfie-2024\/#primaryimage","url":"https:\/\/italcamara-es.com\/wp-content\/uploads\/2025\/03\/italia_in_10_selfie250.png","contentUrl":"https:\/\/italcamara-es.com\/wp-content\/uploads\/2025\/03\/italia_in_10_selfie250.png","width":250,"height":140},{"@type":"BreadcrumbList","@id":"https:\/\/italcamara-es.com\/it\/notizie\/presentato-dalla-fondazione-symbola-il-report-litalia-in-10-selfie-2024\/#breadcrumb","itemListElement":[{"@type":"ListItem","position":1,"name":"Inicio","item":"https:\/\/italcamara-es.com\/it\/homepage-ita\/"},{"@type":"ListItem","position":2,"name":"Presentato dalla Fondazione Symbola il report &#8220;L&#8217;Italia in 10 selfie 2024&#8221;"}]},{"@type":"WebSite","@id":"https:\/\/italcamara-es.com\/#website","url":"https:\/\/italcamara-es.com\/","name":"Italcamara","description":"","potentialAction":[{"@type":"SearchAction","target":{"@type":"EntryPoint","urlTemplate":"https:\/\/italcamara-es.com\/?s={search_term_string}"},"query-input":{"@type":"PropertyValueSpecification","valueRequired":true,"valueName":"search_term_string"}}],"inLanguage":"it-IT"},{"@type":"Person","@id":"https:\/\/italcamara-es.com\/#\/schema\/person\/bb3c56263e405bbd9a15171dcfee93bb","name":"administrador","image":{"@type":"ImageObject","inLanguage":"it-IT","@id":"https:\/\/secure.gravatar.com\/avatar\/14b5e63db38320b12031bb28cf9f77e210aa71fb3a8a3602a3c9a05134fa75eb?s=96&d=mm&r=g","url":"https:\/\/secure.gravatar.com\/avatar\/14b5e63db38320b12031bb28cf9f77e210aa71fb3a8a3602a3c9a05134fa75eb?s=96&d=mm&r=g","contentUrl":"https:\/\/secure.gravatar.com\/avatar\/14b5e63db38320b12031bb28cf9f77e210aa71fb3a8a3602a3c9a05134fa75eb?s=96&d=mm&r=g","caption":"administrador"},"sameAs":["http:\/\/pre.italcamara-es.com"],"url":"https:\/\/italcamara-es.com\/it\/author\/administrador\/"}]}},"rttpg_featured_image_url":{"full":["https:\/\/italcamara-es.com\/wp-content\/uploads\/2025\/03\/italia_in_10_selfie250.png",250,140,false],"landscape":["https:\/\/italcamara-es.com\/wp-content\/uploads\/2025\/03\/italia_in_10_selfie250.png",250,140,false],"portraits":["https:\/\/italcamara-es.com\/wp-content\/uploads\/2025\/03\/italia_in_10_selfie250.png",250,140,false],"thumbnail":["https:\/\/italcamara-es.com\/wp-content\/uploads\/2025\/03\/italia_in_10_selfie250-150x140.png",150,140,true],"medium":["https:\/\/italcamara-es.com\/wp-content\/uploads\/2025\/03\/italia_in_10_selfie250.png",250,140,false],"large":["https:\/\/italcamara-es.com\/wp-content\/uploads\/2025\/03\/italia_in_10_selfie250.png",250,140,false],"1536x1536":["https:\/\/italcamara-es.com\/wp-content\/uploads\/2025\/03\/italia_in_10_selfie250.png",250,140,false],"2048x2048":["https:\/\/italcamara-es.com\/wp-content\/uploads\/2025\/03\/italia_in_10_selfie250.png",250,140,false],"ocean-thumb-m":["https:\/\/italcamara-es.com\/wp-content\/uploads\/2025\/03\/italia_in_10_selfie250.png",250,140,false],"ocean-thumb-ml":["https:\/\/italcamara-es.com\/wp-content\/uploads\/2025\/03\/italia_in_10_selfie250.png",250,140,false],"ocean-thumb-l":["https:\/\/italcamara-es.com\/wp-content\/uploads\/2025\/03\/italia_in_10_selfie250.png",250,140,false],"directorist_preview":["https:\/\/italcamara-es.com\/wp-content\/uploads\/2025\/03\/italia_in_10_selfie250.png",250,140,false]},"rttpg_author":{"display_name":"administrador","author_link":"https:\/\/italcamara-es.com\/it\/author\/administrador\/"},"rttpg_comment":0,"rttpg_category":"<a href=\"https:\/\/italcamara-es.com\/it\/category\/notizie\/\" rel=\"category tag\">Notizie<\/a>","rttpg_excerpt":"&#8220;L\u2019Italia in 10 selfie 2024&#8221;&nbsp;\u00e8 una&nbsp;fotografia a pi\u00f9 dimensioni dei punti di forza del sistema produttivo italiano. Giunta quest&#8217;anno alla sua 11\u00aa edizione, la ricerca, come ogni anno, rielabora i dati selezionati&nbsp;dai principali rapporti della Fondazione Symbola, dal network di partner associativi e da database nazionali ed internazionali. Il dossier&nbsp;\u00e8 realizzato in collaborazione con&nbsp;Unioncamere&nbsp;e&nbsp;Assocamerestero, con&hellip;","_links":{"self":[{"href":"https:\/\/italcamara-es.com\/it\/wp-json\/wp\/v2\/posts\/56860","targetHints":{"allow":["GET"]}}],"collection":[{"href":"https:\/\/italcamara-es.com\/it\/wp-json\/wp\/v2\/posts"}],"about":[{"href":"https:\/\/italcamara-es.com\/it\/wp-json\/wp\/v2\/types\/post"}],"author":[{"embeddable":true,"href":"https:\/\/italcamara-es.com\/it\/wp-json\/wp\/v2\/users\/1"}],"replies":[{"embeddable":true,"href":"https:\/\/italcamara-es.com\/it\/wp-json\/wp\/v2\/comments?post=56860"}],"version-history":[{"count":0,"href":"https:\/\/italcamara-es.com\/it\/wp-json\/wp\/v2\/posts\/56860\/revisions"}],"wp:featuredmedia":[{"embeddable":true,"href":"https:\/\/italcamara-es.com\/it\/wp-json\/wp\/v2\/media\/54099"}],"wp:attachment":[{"href":"https:\/\/italcamara-es.com\/it\/wp-json\/wp\/v2\/media?parent=56860"}],"wp:term":[{"taxonomy":"category","embeddable":true,"href":"https:\/\/italcamara-es.com\/it\/wp-json\/wp\/v2\/categories?post=56860"},{"taxonomy":"post_tag","embeddable":true,"href":"https:\/\/italcamara-es.com\/it\/wp-json\/wp\/v2\/tags?post=56860"}],"curies":[{"name":"wp","href":"https:\/\/api.w.org\/{rel}","templated":true}]}}