	{"id":56872,"date":"2016-07-01T08:13:53","date_gmt":"2016-07-01T06:13:53","guid":{"rendered":"http:\/\/pre.italcamara-es.com\/senza-categoria\/miglior-risultato-in-termini-di-vendite-per-fiat-con-quota-di-mercato-record\/"},"modified":"2016-07-01T08:13:53","modified_gmt":"2016-07-01T06:13:53","slug":"miglior-risultato-in-termini-di-vendite-per-fiat-con-quota-di-mercato-record","status":"publish","type":"post","link":"https:\/\/italcamara-es.com\/it\/notizie\/miglior-risultato-in-termini-di-vendite-per-fiat-con-quota-di-mercato-record\/","title":{"rendered":"Miglior risultato in termini di vendite per Fiat, con quota di mercato record"},"content":{"rendered":"<p style=\"text-align: justify;\"><em>Fiat ha immatricolato nel mese di Giugno 6.740 vetture, registrando un aumento del 37,2% e collocandosi al sesto posto nella top 10 del mese, per numero di immatricolazioni. Inoltre, la marca italiana raggiunge il record di quota\u00a0<\/em><em>di mercato\u00a0<\/em><em>con un 5,4%<\/em><em>, \u00a0grazie alla vasta \u00a0gamma offerta negli ultimi anni.<\/em><\/p>\n<p style=\"text-align: justify;\"><em>\u00a0<\/em><\/p>\n<p style=\"text-align: justify;\">Il mercato spagnolo del turismo conclude il primo semestre del 2016 con il miglior risultato accumulato dal 2008, con un totale di 623.234 unit\u00e0 immatricolate (+11,2% rispetto al 2015). \u00a0In concreto, Giugno si converte nel quarto mese consecutivo dell\u2019anno con pi\u00f9 di 100.000 immatricolazioni, per un totale di 123.790 vetture ed un aumento del 11,2% rispetto allo stesso mese del 2015.<\/p>\n<p style=\"text-align: justify;\">\n<p style=\"text-align: justify;\"><strong>Fiat<\/strong> torna a dimostrare la gran competitivit\u00e0 dei suoi modelli e raggiunge un risultato storico, entrando nella top 10 del mercato spagnolo per immatricolazioni, con un totale di 6.740 unit\u00e0 nelmese di giugno ed una crescita del +37,2%, collocandosi al sesto posto della classifica. Un dato che, insieme alla quota record del 5,4% nel mercato spagnolo, dimostra i grandi risultati raggiunti dalla marca italiana.<\/p>\n<p style=\"text-align: justify;\">\n<p style=\"text-align: justify;\">Fiat celebra cosi il lancio della sua<strong> nuova gamma<\/strong>, la pi\u00f9 completa degli ultimi anni, con la famiglia 500, che continua ad essere in testa nel segmento A, pi\u00f9 polivalente che mai (grazie a 500L e 500X), senza smettere di annunciare novit\u00e0, come ad esempio la nuova 500S e l\u2019esclusiva 500 Riva. Una gamma ambiziosa che si \u00e8 appena completata, dopo il tanto atteso lancio della Fiat 124 Spider, che ha gi\u00e0 fatto la prima comparsa sul mercato.<\/p>\n<p style=\"text-align: justify;\">\n<p style=\"text-align: justify;\">D\u2019altro canto, la gamma funzionale, dopo il successo di Panda, sbarca nel segmento C con la nuova Fiat Tipo, facendosi strada tra le berline con la versione Sed\u00e1n, e con il recente arrivo della versione 5 porte, che precede l\u2019imminente lancio della carrozzeria familiare.<\/p>\n<p style=\"text-align: justify;\">\n<p style=\"text-align: justify;\">All\u2019interno di Fca, \u00e8 impossibile non citare Jeep, che continua a crescere senza sosta, registrando nel primo semestre pi\u00f9 di 3.752 matricole, un 39% in pi\u00f9 rispetto allo stesso periodo del 2015 (triplicando la media del mercato spagnolo).<\/p>\n<p style=\"text-align: justify;\">\n<p style=\"text-align: justify;\">Infine, va sottolineato il gran successo del lancio della nuova Alfa Romeo Giulia, da poche settimane sul mercato, che ha gi\u00e0 realizzato le sue prime 92 consegne, segnando cosi un futuro promettente per la marca.<\/p>\n<p style=\"text-align: justify;\">\n<p style=\"text-align: justify;\">Luca Parasacco, Consigliere delegato di FCA Spain afferma che \u201c<em>senza dubbio, questi eccellenti risultati raggiunti dalle nostre marche sono la miglior prova del fatto che il piano strategico di FCA \u00e8 stato un successo gi\u00e0 in partenza. Le gamme completamente rinnovate, i prodotti sempre pi\u00f9 competitivi e il gran investimento su una rete rafforzata e migliorata, sono i pilastri del nostro trionfo. Un piano che gi\u00e0 in passato fu fondamentale per rimanere in testa, in un momento sfavorevole, e che ora, a mano a mano che il mercato cresce, ci porta a battere i nostri stessi record, con crescite che duplicano quelle del mercato<\/em>\u201d.<\/p>\n<p style=\"text-align: justify;\">\n<p style=\"text-align: justify;\"><span style=\"text-decoration: underline;\">Dati ANFAC<\/span><\/p>\n<div><\/div>\n","protected":false},"excerpt":{"rendered":"<p>Fiat ha immatricolato nel mese di Giugno 6.740 vetture, registrando un aumento del 37,2% e collocandosi al sesto posto nella top 10 del mese, per numero di immatricolazioni. Inoltre, la marca italiana raggiunge il record di quota\u00a0di mercato\u00a0con un 5,4%, \u00a0grazie alla vasta \u00a0gamma offerta negli ultimi anni. \u00a0 Il mercato spagnolo del turismo conclude [&hellip;]<\/p>\n","protected":false},"author":1,"featured_media":0,"comment_status":"open","ping_status":"open","sticky":false,"template":"","format":"standard","meta":{"inline_featured_image":false,"ocean_post_layout":"","ocean_both_sidebars_style":"","ocean_both_sidebars_content_width":0,"ocean_both_sidebars_sidebars_width":0,"ocean_sidebar":"","ocean_second_sidebar":"","ocean_disable_margins":"enable","ocean_add_body_class":"","ocean_shortcode_before_top_bar":"","ocean_shortcode_after_top_bar":"","ocean_shortcode_before_header":"","ocean_shortcode_after_header":"","ocean_has_shortcode":"","ocean_shortcode_after_title":"","ocean_shortcode_before_footer_widgets":"","ocean_shortcode_after_footer_widgets":"","ocean_shortcode_before_footer_bottom":"","ocean_shortcode_after_footer_bottom":"","ocean_display_top_bar":"default","ocean_display_header":"default","ocean_header_style":"","ocean_center_header_left_menu":"","ocean_custom_header_template":"","ocean_custom_logo":0,"ocean_custom_retina_logo":0,"ocean_custom_logo_max_width":0,"ocean_custom_logo_tablet_max_width":0,"ocean_custom_logo_mobile_max_width":0,"ocean_custom_logo_max_height":0,"ocean_custom_logo_tablet_max_height":0,"ocean_custom_logo_mobile_max_height":0,"ocean_header_custom_menu":"","ocean_menu_typo_font_family":"","ocean_menu_typo_font_subset":"","ocean_menu_typo_font_size":0,"ocean_menu_typo_font_size_tablet":0,"ocean_menu_typo_font_size_mobile":0,"ocean_menu_typo_font_size_unit":"px","ocean_menu_typo_font_weight":"","ocean_menu_typo_font_weight_tablet":"","ocean_menu_typo_font_weight_mobile":"","ocean_menu_typo_transform":"","ocean_menu_typo_transform_tablet":"","ocean_menu_typo_transform_mobile":"","ocean_menu_typo_line_height":0,"ocean_menu_typo_line_height_tablet":0,"ocean_menu_typo_line_height_mobile":0,"ocean_menu_typo_line_height_unit":"","ocean_menu_typo_spacing":0,"ocean_menu_typo_spacing_tablet":0,"ocean_menu_typo_spacing_mobile":0,"ocean_menu_typo_spacing_unit":"","ocean_menu_link_color":"","ocean_menu_link_color_hover":"","ocean_menu_link_color_active":"","ocean_menu_link_background":"","ocean_menu_link_hover_background":"","ocean_menu_link_active_background":"","ocean_menu_social_links_bg":"","ocean_menu_social_hover_links_bg":"","ocean_menu_social_links_color":"","ocean_menu_social_hover_links_color":"","ocean_disable_title":"default","ocean_disable_heading":"default","ocean_post_title":"","ocean_post_subheading":"","ocean_post_title_style":"","ocean_post_title_background_color":"","ocean_post_title_background":0,"ocean_post_title_bg_image_position":"","ocean_post_title_bg_image_attachment":"","ocean_post_title_bg_image_repeat":"","ocean_post_title_bg_image_size":"","ocean_post_title_height":0,"ocean_post_title_bg_overlay":0.5,"ocean_post_title_bg_overlay_color":"","ocean_disable_breadcrumbs":"default","ocean_breadcrumbs_color":"","ocean_breadcrumbs_separator_color":"","ocean_breadcrumbs_links_color":"","ocean_breadcrumbs_links_hover_color":"","ocean_display_footer_widgets":"default","ocean_display_footer_bottom":"default","ocean_custom_footer_template":"","ocean_post_oembed":"","ocean_post_self_hosted_media":"","ocean_post_video_embed":"","ocean_link_format":"","ocean_link_format_target":"self","ocean_quote_format":"","ocean_quote_format_link":"post","ocean_gallery_link_images":"on","ocean_gallery_id":[],"footnotes":""},"categories":[133],"tags":[],"class_list":["post-56872","post","type-post","status-publish","format-standard","hentry","category-notizie","entry"],"yoast_head":"<!-- This site is optimized with the Yoast SEO plugin v27.4 - https:\/\/yoast.com\/product\/yoast-seo-wordpress\/ -->\n<title>Miglior risultato in termini di vendite per Fiat, con quota di mercato record - Italcamara<\/title>\n<meta name=\"robots\" content=\"index, follow, max-snippet:-1, max-image-preview:large, max-video-preview:-1\" \/>\n<link rel=\"canonical\" href=\"https:\/\/italcamara-es.com\/it\/notizie\/miglior-risultato-in-termini-di-vendite-per-fiat-con-quota-di-mercato-record\/\" \/>\n<meta property=\"og:locale\" content=\"it_IT\" \/>\n<meta property=\"og:type\" content=\"article\" \/>\n<meta property=\"og:title\" content=\"Miglior risultato in termini di vendite per Fiat, con quota di mercato record - Italcamara\" \/>\n<meta property=\"og:description\" content=\"Fiat ha immatricolato nel mese di Giugno 6.740 vetture, registrando un aumento del 37,2% e collocandosi al sesto posto nella top 10 del mese, per numero di immatricolazioni. Inoltre, la marca italiana raggiunge il record di quota\u00a0di mercato\u00a0con un 5,4%, \u00a0grazie alla vasta \u00a0gamma offerta negli ultimi anni. \u00a0 Il mercato spagnolo del turismo conclude [&hellip;]\" \/>\n<meta property=\"og:url\" content=\"https:\/\/italcamara-es.com\/it\/notizie\/miglior-risultato-in-termini-di-vendite-per-fiat-con-quota-di-mercato-record\/\" \/>\n<meta property=\"og:site_name\" content=\"Italcamara\" \/>\n<meta property=\"article:published_time\" content=\"2016-07-01T06:13:53+00:00\" \/>\n<meta name=\"author\" content=\"administrador\" \/>\n<meta name=\"twitter:card\" content=\"summary_large_image\" \/>\n<meta name=\"twitter:label1\" content=\"Scritto da\" \/>\n\t<meta name=\"twitter:data1\" content=\"administrador\" \/>\n\t<meta name=\"twitter:label2\" content=\"Tempo di lettura stimato\" \/>\n\t<meta name=\"twitter:data2\" content=\"2 minuti\" \/>\n<script type=\"application\/ld+json\" class=\"yoast-schema-graph\">{\"@context\":\"https:\\\/\\\/schema.org\",\"@graph\":[{\"@type\":\"Article\",\"@id\":\"https:\\\/\\\/italcamara-es.com\\\/it\\\/notizie\\\/miglior-risultato-in-termini-di-vendite-per-fiat-con-quota-di-mercato-record\\\/#article\",\"isPartOf\":{\"@id\":\"https:\\\/\\\/italcamara-es.com\\\/it\\\/notizie\\\/miglior-risultato-in-termini-di-vendite-per-fiat-con-quota-di-mercato-record\\\/\"},\"author\":{\"name\":\"administrador\",\"@id\":\"https:\\\/\\\/italcamara-es.com\\\/#\\\/schema\\\/person\\\/bb3c56263e405bbd9a15171dcfee93bb\"},\"headline\":\"Miglior risultato in termini di vendite per Fiat, con quota di mercato record\",\"datePublished\":\"2016-07-01T06:13:53+00:00\",\"mainEntityOfPage\":{\"@id\":\"https:\\\/\\\/italcamara-es.com\\\/it\\\/notizie\\\/miglior-risultato-in-termini-di-vendite-per-fiat-con-quota-di-mercato-record\\\/\"},\"wordCount\":467,\"commentCount\":0,\"articleSection\":[\"Notizie\"],\"inLanguage\":\"it-IT\",\"potentialAction\":[{\"@type\":\"CommentAction\",\"name\":\"Comment\",\"target\":[\"https:\\\/\\\/italcamara-es.com\\\/it\\\/notizie\\\/miglior-risultato-in-termini-di-vendite-per-fiat-con-quota-di-mercato-record\\\/#respond\"]}]},{\"@type\":\"WebPage\",\"@id\":\"https:\\\/\\\/italcamara-es.com\\\/it\\\/notizie\\\/miglior-risultato-in-termini-di-vendite-per-fiat-con-quota-di-mercato-record\\\/\",\"url\":\"https:\\\/\\\/italcamara-es.com\\\/it\\\/notizie\\\/miglior-risultato-in-termini-di-vendite-per-fiat-con-quota-di-mercato-record\\\/\",\"name\":\"Miglior risultato in termini di vendite per Fiat, con quota di mercato record - Italcamara\",\"isPartOf\":{\"@id\":\"https:\\\/\\\/italcamara-es.com\\\/#website\"},\"datePublished\":\"2016-07-01T06:13:53+00:00\",\"author\":{\"@id\":\"https:\\\/\\\/italcamara-es.com\\\/#\\\/schema\\\/person\\\/bb3c56263e405bbd9a15171dcfee93bb\"},\"breadcrumb\":{\"@id\":\"https:\\\/\\\/italcamara-es.com\\\/it\\\/notizie\\\/miglior-risultato-in-termini-di-vendite-per-fiat-con-quota-di-mercato-record\\\/#breadcrumb\"},\"inLanguage\":\"it-IT\",\"potentialAction\":[{\"@type\":\"ReadAction\",\"target\":[\"https:\\\/\\\/italcamara-es.com\\\/it\\\/notizie\\\/miglior-risultato-in-termini-di-vendite-per-fiat-con-quota-di-mercato-record\\\/\"]}]},{\"@type\":\"BreadcrumbList\",\"@id\":\"https:\\\/\\\/italcamara-es.com\\\/it\\\/notizie\\\/miglior-risultato-in-termini-di-vendite-per-fiat-con-quota-di-mercato-record\\\/#breadcrumb\",\"itemListElement\":[{\"@type\":\"ListItem\",\"position\":1,\"name\":\"Inicio\",\"item\":\"https:\\\/\\\/italcamara-es.com\\\/it\\\/homepage-ita\\\/\"},{\"@type\":\"ListItem\",\"position\":2,\"name\":\"Miglior risultato in termini di vendite per Fiat, con quota di mercato record\"}]},{\"@type\":\"WebSite\",\"@id\":\"https:\\\/\\\/italcamara-es.com\\\/#website\",\"url\":\"https:\\\/\\\/italcamara-es.com\\\/\",\"name\":\"Italcamara\",\"description\":\"\",\"potentialAction\":[{\"@type\":\"SearchAction\",\"target\":{\"@type\":\"EntryPoint\",\"urlTemplate\":\"https:\\\/\\\/italcamara-es.com\\\/?s={search_term_string}\"},\"query-input\":{\"@type\":\"PropertyValueSpecification\",\"valueRequired\":true,\"valueName\":\"search_term_string\"}}],\"inLanguage\":\"it-IT\"},{\"@type\":\"Person\",\"@id\":\"https:\\\/\\\/italcamara-es.com\\\/#\\\/schema\\\/person\\\/bb3c56263e405bbd9a15171dcfee93bb\",\"name\":\"administrador\",\"image\":{\"@type\":\"ImageObject\",\"inLanguage\":\"it-IT\",\"@id\":\"https:\\\/\\\/secure.gravatar.com\\\/avatar\\\/14b5e63db38320b12031bb28cf9f77e210aa71fb3a8a3602a3c9a05134fa75eb?s=96&d=mm&r=g\",\"url\":\"https:\\\/\\\/secure.gravatar.com\\\/avatar\\\/14b5e63db38320b12031bb28cf9f77e210aa71fb3a8a3602a3c9a05134fa75eb?s=96&d=mm&r=g\",\"contentUrl\":\"https:\\\/\\\/secure.gravatar.com\\\/avatar\\\/14b5e63db38320b12031bb28cf9f77e210aa71fb3a8a3602a3c9a05134fa75eb?s=96&d=mm&r=g\",\"caption\":\"administrador\"},\"sameAs\":[\"http:\\\/\\\/pre.italcamara-es.com\"],\"url\":\"https:\\\/\\\/italcamara-es.com\\\/it\\\/author\\\/administrador\\\/\"}]}<\/script>\n<!-- \/ Yoast SEO plugin. -->","yoast_head_json":{"title":"Miglior risultato in termini di vendite per Fiat, con quota di mercato record - Italcamara","robots":{"index":"index","follow":"follow","max-snippet":"max-snippet:-1","max-image-preview":"max-image-preview:large","max-video-preview":"max-video-preview:-1"},"canonical":"https:\/\/italcamara-es.com\/it\/notizie\/miglior-risultato-in-termini-di-vendite-per-fiat-con-quota-di-mercato-record\/","og_locale":"it_IT","og_type":"article","og_title":"Miglior risultato in termini di vendite per Fiat, con quota di mercato record - Italcamara","og_description":"Fiat ha immatricolato nel mese di Giugno 6.740 vetture, registrando un aumento del 37,2% e collocandosi al sesto posto nella top 10 del mese, per numero di immatricolazioni. Inoltre, la marca italiana raggiunge il record di quota\u00a0di mercato\u00a0con un 5,4%, \u00a0grazie alla vasta \u00a0gamma offerta negli ultimi anni. \u00a0 Il mercato spagnolo del turismo conclude [&hellip;]","og_url":"https:\/\/italcamara-es.com\/it\/notizie\/miglior-risultato-in-termini-di-vendite-per-fiat-con-quota-di-mercato-record\/","og_site_name":"Italcamara","article_published_time":"2016-07-01T06:13:53+00:00","author":"administrador","twitter_card":"summary_large_image","twitter_misc":{"Scritto da":"administrador","Tempo di lettura stimato":"2 minuti"},"schema":{"@context":"https:\/\/schema.org","@graph":[{"@type":"Article","@id":"https:\/\/italcamara-es.com\/it\/notizie\/miglior-risultato-in-termini-di-vendite-per-fiat-con-quota-di-mercato-record\/#article","isPartOf":{"@id":"https:\/\/italcamara-es.com\/it\/notizie\/miglior-risultato-in-termini-di-vendite-per-fiat-con-quota-di-mercato-record\/"},"author":{"name":"administrador","@id":"https:\/\/italcamara-es.com\/#\/schema\/person\/bb3c56263e405bbd9a15171dcfee93bb"},"headline":"Miglior risultato in termini di vendite per Fiat, con quota di mercato record","datePublished":"2016-07-01T06:13:53+00:00","mainEntityOfPage":{"@id":"https:\/\/italcamara-es.com\/it\/notizie\/miglior-risultato-in-termini-di-vendite-per-fiat-con-quota-di-mercato-record\/"},"wordCount":467,"commentCount":0,"articleSection":["Notizie"],"inLanguage":"it-IT","potentialAction":[{"@type":"CommentAction","name":"Comment","target":["https:\/\/italcamara-es.com\/it\/notizie\/miglior-risultato-in-termini-di-vendite-per-fiat-con-quota-di-mercato-record\/#respond"]}]},{"@type":"WebPage","@id":"https:\/\/italcamara-es.com\/it\/notizie\/miglior-risultato-in-termini-di-vendite-per-fiat-con-quota-di-mercato-record\/","url":"https:\/\/italcamara-es.com\/it\/notizie\/miglior-risultato-in-termini-di-vendite-per-fiat-con-quota-di-mercato-record\/","name":"Miglior risultato in termini di vendite per Fiat, con quota di mercato record - Italcamara","isPartOf":{"@id":"https:\/\/italcamara-es.com\/#website"},"datePublished":"2016-07-01T06:13:53+00:00","author":{"@id":"https:\/\/italcamara-es.com\/#\/schema\/person\/bb3c56263e405bbd9a15171dcfee93bb"},"breadcrumb":{"@id":"https:\/\/italcamara-es.com\/it\/notizie\/miglior-risultato-in-termini-di-vendite-per-fiat-con-quota-di-mercato-record\/#breadcrumb"},"inLanguage":"it-IT","potentialAction":[{"@type":"ReadAction","target":["https:\/\/italcamara-es.com\/it\/notizie\/miglior-risultato-in-termini-di-vendite-per-fiat-con-quota-di-mercato-record\/"]}]},{"@type":"BreadcrumbList","@id":"https:\/\/italcamara-es.com\/it\/notizie\/miglior-risultato-in-termini-di-vendite-per-fiat-con-quota-di-mercato-record\/#breadcrumb","itemListElement":[{"@type":"ListItem","position":1,"name":"Inicio","item":"https:\/\/italcamara-es.com\/it\/homepage-ita\/"},{"@type":"ListItem","position":2,"name":"Miglior risultato in termini di vendite per Fiat, con quota di mercato record"}]},{"@type":"WebSite","@id":"https:\/\/italcamara-es.com\/#website","url":"https:\/\/italcamara-es.com\/","name":"Italcamara","description":"","potentialAction":[{"@type":"SearchAction","target":{"@type":"EntryPoint","urlTemplate":"https:\/\/italcamara-es.com\/?s={search_term_string}"},"query-input":{"@type":"PropertyValueSpecification","valueRequired":true,"valueName":"search_term_string"}}],"inLanguage":"it-IT"},{"@type":"Person","@id":"https:\/\/italcamara-es.com\/#\/schema\/person\/bb3c56263e405bbd9a15171dcfee93bb","name":"administrador","image":{"@type":"ImageObject","inLanguage":"it-IT","@id":"https:\/\/secure.gravatar.com\/avatar\/14b5e63db38320b12031bb28cf9f77e210aa71fb3a8a3602a3c9a05134fa75eb?s=96&d=mm&r=g","url":"https:\/\/secure.gravatar.com\/avatar\/14b5e63db38320b12031bb28cf9f77e210aa71fb3a8a3602a3c9a05134fa75eb?s=96&d=mm&r=g","contentUrl":"https:\/\/secure.gravatar.com\/avatar\/14b5e63db38320b12031bb28cf9f77e210aa71fb3a8a3602a3c9a05134fa75eb?s=96&d=mm&r=g","caption":"administrador"},"sameAs":["http:\/\/pre.italcamara-es.com"],"url":"https:\/\/italcamara-es.com\/it\/author\/administrador\/"}]}},"rttpg_featured_image_url":null,"rttpg_author":{"display_name":"administrador","author_link":"https:\/\/italcamara-es.com\/it\/author\/administrador\/"},"rttpg_comment":0,"rttpg_category":"<a href=\"https:\/\/italcamara-es.com\/it\/category\/notizie\/\" rel=\"category tag\">Notizie<\/a>","rttpg_excerpt":"Fiat ha immatricolato nel mese di Giugno 6.740 vetture, registrando un aumento del 37,2% e collocandosi al sesto posto nella top 10 del mese, per numero di immatricolazioni. Inoltre, la marca italiana raggiunge il record di quota\u00a0di mercato\u00a0con un 5,4%, \u00a0grazie alla vasta \u00a0gamma offerta negli ultimi anni. \u00a0 Il mercato spagnolo del turismo conclude&hellip;","_links":{"self":[{"href":"https:\/\/italcamara-es.com\/it\/wp-json\/wp\/v2\/posts\/56872","targetHints":{"allow":["GET"]}}],"collection":[{"href":"https:\/\/italcamara-es.com\/it\/wp-json\/wp\/v2\/posts"}],"about":[{"href":"https:\/\/italcamara-es.com\/it\/wp-json\/wp\/v2\/types\/post"}],"author":[{"embeddable":true,"href":"https:\/\/italcamara-es.com\/it\/wp-json\/wp\/v2\/users\/1"}],"replies":[{"embeddable":true,"href":"https:\/\/italcamara-es.com\/it\/wp-json\/wp\/v2\/comments?post=56872"}],"version-history":[{"count":0,"href":"https:\/\/italcamara-es.com\/it\/wp-json\/wp\/v2\/posts\/56872\/revisions"}],"wp:attachment":[{"href":"https:\/\/italcamara-es.com\/it\/wp-json\/wp\/v2\/media?parent=56872"}],"wp:term":[{"taxonomy":"category","embeddable":true,"href":"https:\/\/italcamara-es.com\/it\/wp-json\/wp\/v2\/categories?post=56872"},{"taxonomy":"post_tag","embeddable":true,"href":"https:\/\/italcamara-es.com\/it\/wp-json\/wp\/v2\/tags?post=56872"}],"curies":[{"name":"wp","href":"https:\/\/api.w.org\/{rel}","templated":true}]}}