	{"id":56873,"date":"2016-07-07T08:48:34","date_gmt":"2016-07-07T06:48:34","guid":{"rendered":"http:\/\/pre.italcamara-es.com\/senza-categoria\/benito-tesier-di-brembo-espana-nuovo-presidente-della-commissione-di-ricambi-di-sernauto\/"},"modified":"2025-09-30T14:03:41","modified_gmt":"2025-09-30T12:03:41","slug":"benito-tesier-di-brembo-espana-nuovo-presidente-della-commissione-di-ricambi-di-sernauto","status":"publish","type":"post","link":"https:\/\/italcamara-es.com\/it\/notizie\/benito-tesier-di-brembo-espana-nuovo-presidente-della-commissione-di-ricambi-di-sernauto\/","title":{"rendered":"Benito Tesier, di Brembo Espa\u00f1a, nuovo presidente della Commissione di Ricambi di SERNAUTO"},"content":{"rendered":"<p style=\"text-align: justify;\"><em>Benito Tesier, direttore generale di Brembo in Spagna e Consigliere della Camera di Commercio e Industria Italiana per la Spagna, \u00e8 stato nominato come nuovo presidente della Commissione di Ricambi di SERNAUTO, l\u2019Associazione Spagnola di fabbricanti di macchinari e componentidi automozione.<\/em><\/p>\n<p style=\"text-align: justify;\">\n<p style=\"text-align: justify;\">Il 5 Luglio 2016 \u00e8 stato fatto il nome di <strong>Benito Tesier<\/strong>, durante la riunione celebrata a Madrid. La Commissione di Ricambi \u00e8 composto dai rappresentati di pi\u00f9 di 40 imprese del settore. Benito Tesier, <strong>Consigliere della CCIS<\/strong>, sostituir\u00e0 Joaqu\u00edn Bencomo, Automotive Aftermarket Director di GKN, presidente in carica dal 2012.<\/p>\n<p style=\"text-align: justify;\">\n<p style=\"text-align: justify;\">Tesier, che dal 1990 si dedica al settore dell\u2019automozione, \u00e8 attualmente il <strong>Direttore Generale di Brembo Espa\u00f1a<\/strong>, impresa specializzata in ingegneria, sviluppo e produzione di sistemi di freni e componenti per automobili. Inoltre, dal 2012 riveste anche la carica di presidente del Cl\u00faster de Automoci\u00f3n de Arag\u00f3n.<\/p>\n<p style=\"text-align: center;\"><a href=\"https:\/\/www.italcamara-es.com\/wp-content\/uploads\/2016\/07\/SERNAUTO1.jpg\"><img fetchpriority=\"high\" decoding=\"async\" class=\"alignnone size-full wp-image-1930\" src=\"https:\/\/www.italcamara-es.com\/wp-content\/uploads\/2016\/07\/SERNAUTO1.jpg\" alt=\"SERNAUTO\" width=\"736\" height=\"439\" \/><\/a><\/p>\n<p style=\"text-align: justify;\">Nel 2015, il fatturato del mercato\u00a0dei pezzi di ricambio \u00e8 stato pari a 4.600 milioni di euro, un 8% in pi\u00f9 del risultato raggiunto nel 2014. Questa cifra costituisce il 35% del fatturato totale del mercato nazionale (13.100 milioni di euro); ci\u00f2 dimostra l\u2019importanza del ricambio all\u2019interno del settore dell\u2019automozione. Il mercato dei ricambi continua a mantere un parco auto di pi\u00f9 di 29 milioni di veicoli.<\/p>\n<p style=\"text-align: justify;\">\n<p style=\"text-align: justify;\">Con lo scopo di aumentare la competitivit\u00e0 delle imprese del settore, nella Commisione di Ricambi di SERNAUTO si forniscono informazioni e si promuovono azioni comuni all\u2019interno del mercato stesso come, ad esempio, l\u2019organizazzione di discussioni riguardo tematiche di attualit\u00e0 legate alla post vendita. Allo stesso tempo, la Commissione accoglie diversi gruppi di lavoro in cui vengono trattati temi specifici che possano influire su determinate imprese. SERNAUTO si occupa di coordinare le attivit\u00e0 che si svolgono in ciascuno di questi gruppi.<\/p>\n<p>&nbsp;<\/p>\n<p style=\"text-align: justify;\">\u00ab<strong>SERNAUTO<\/strong> valorizza molto l\u2019attivit\u00e0 del ricambio\u00bb, ha sottolineato il nuovo Presidente, per il quale \u00ab\u00e8 un orgoglio poter rappresentare un insieme cosi ampio di imprese di primo livello, sia dal punto di vista personale che professionale, in un ambito tanto dinamico come quello della post vendita\u00bb. Inoltre, come precisato \u00abdopo 25 anni di esperienza professionale nel settore, credo che la post vendita spagnola si collochi tra i primi posti a livello mondiale, avendo raggiunto durante questi anni degli standard di qualit\u00e0 e professionalit\u00e0 di primo livello, sia da parte dei fabbricanti sia nel campo della distribuzione, e delle imprese di riparazione in Spagna. \u00c8 nostra responsabilit\u00e0 lavorare insieme per mantenere alto il livello delle prestazioni e della qualit\u00e0, all\u2019interno di un\u2019industria di automozione all\u2019avanguardia per tecnologia ed innovazione\u00bb.<\/p>\n<p style=\"text-align: justify;\"><img decoding=\"async\" class=\" size-full wp-image-1974 alignleft\" src=\"https:\/\/www.italcamara-es.com\/wp-content\/uploads\/2016\/07\/Benito-Tesier-y-Joaquin-Ben1.jpg\" alt=\"Benito-Tesier-y-Joaquin-Ben\" width=\"250\" height=\"198\" \/><\/p>\n<p style=\"text-align: justify; padding-left: 270px;\">La Direzione di SERNAUTO, la Giunta Direttiva ed i membri della Commissione hanno ringraziato Joaqu\u00edn Bencomo per il gran lavoro svolto a capo della Commissione durante questi anni e, M\u00aa Bego\u00f1a Llamazares, responsabile di mercato di SERNAUTO e coordinatrice della Commissione, si \u00e8 incaricata della consegna di una placca, in riconoscimento al suo impegno.\u00a0Per il presidente uscente, \u00ab\u00e8 stato un vero piacere essere a capo della Commissione durante questi ultimi anni\u00bb. Come membro della Giunta Direttiva di SERNAUTO, <strong>Joaqu\u00edn Bencomo<\/strong> continuer\u00e0 a fornire il suo appoggio e collaborazione per dare risalto a questo settore e, specialmente, il ricambio.<\/p>\n<p style=\"text-align: justify;\"><strong>La Commissione di Ricambi<\/strong> \u00e8 composta da altre imprese come: Airtex, Ajusa, Alko-Record, Bosal Espa\u00f1a, Brembo, Bridgestone Hispania, Cojali, Continental Automotive Spain, Contitech Espa\u00f1a, Dayco, Delphi, Doga, Eurofren, Exide, FAE, Fagor Ederland, Federal Mogul, Ferdinand Bilstein, Gates, GKN, Grupo Cautex, Grupo Fominter-Gecoinsa, Guardian, Hella, IADA, Icer Brakes, Industrias del Recambios, Johnson Controls, KYB, Magneti Marelli, Mahle, Mann-Hummel, Michelin, NGK, NTN-SNR Ib\u00e9rica, Osram, Philips, Rinder, Bosch, SPJ, Schaefler, SKF, Talleres Oran, Tenneco, TRW, Valeo Service, Wabco y ZF Service.<\/p>\n<p style=\"text-align: justify;\">\n<p>&nbsp;<\/p>\n","protected":false},"excerpt":{"rendered":"<p>Benito Tesier, direttore generale di Brembo in Spagna e Consigliere della Camera di Commercio e Industria Italiana per la Spagna, \u00e8 stato nominato come nuovo presidente della Commissione di Ricambi di SERNAUTO, l\u2019Associazione Spagnola di fabbricanti di macchinari e componentidi automozione. Il 5 Luglio 2016 \u00e8 stato fatto il nome di Benito Tesier, durante la [&hellip;]<\/p>\n","protected":false},"author":1,"featured_media":52383,"comment_status":"open","ping_status":"open","sticky":false,"template":"","format":"standard","meta":{"inline_featured_image":false,"ocean_post_layout":"","ocean_both_sidebars_style":"","ocean_both_sidebars_content_width":0,"ocean_both_sidebars_sidebars_width":0,"ocean_sidebar":"","ocean_second_sidebar":"","ocean_disable_margins":"enable","ocean_add_body_class":"","ocean_shortcode_before_top_bar":"","ocean_shortcode_after_top_bar":"","ocean_shortcode_before_header":"","ocean_shortcode_after_header":"","ocean_has_shortcode":"","ocean_shortcode_after_title":"","ocean_shortcode_before_footer_widgets":"","ocean_shortcode_after_footer_widgets":"","ocean_shortcode_before_footer_bottom":"","ocean_shortcode_after_footer_bottom":"","ocean_display_top_bar":"default","ocean_display_header":"default","ocean_header_style":"","ocean_center_header_left_menu":"","ocean_custom_header_template":"","ocean_custom_logo":0,"ocean_custom_retina_logo":0,"ocean_custom_logo_max_width":0,"ocean_custom_logo_tablet_max_width":0,"ocean_custom_logo_mobile_max_width":0,"ocean_custom_logo_max_height":0,"ocean_custom_logo_tablet_max_height":0,"ocean_custom_logo_mobile_max_height":0,"ocean_header_custom_menu":"","ocean_menu_typo_font_family":"","ocean_menu_typo_font_subset":"","ocean_menu_typo_font_size":0,"ocean_menu_typo_font_size_tablet":0,"ocean_menu_typo_font_size_mobile":0,"ocean_menu_typo_font_size_unit":"px","ocean_menu_typo_font_weight":"","ocean_menu_typo_font_weight_tablet":"","ocean_menu_typo_font_weight_mobile":"","ocean_menu_typo_transform":"","ocean_menu_typo_transform_tablet":"","ocean_menu_typo_transform_mobile":"","ocean_menu_typo_line_height":0,"ocean_menu_typo_line_height_tablet":0,"ocean_menu_typo_line_height_mobile":0,"ocean_menu_typo_line_height_unit":"","ocean_menu_typo_spacing":0,"ocean_menu_typo_spacing_tablet":0,"ocean_menu_typo_spacing_mobile":0,"ocean_menu_typo_spacing_unit":"","ocean_menu_link_color":"","ocean_menu_link_color_hover":"","ocean_menu_link_color_active":"","ocean_menu_link_background":"","ocean_menu_link_hover_background":"","ocean_menu_link_active_background":"","ocean_menu_social_links_bg":"","ocean_menu_social_hover_links_bg":"","ocean_menu_social_links_color":"","ocean_menu_social_hover_links_color":"","ocean_disable_title":"default","ocean_disable_heading":"default","ocean_post_title":"","ocean_post_subheading":"","ocean_post_title_style":"","ocean_post_title_background_color":"","ocean_post_title_background":0,"ocean_post_title_bg_image_position":"","ocean_post_title_bg_image_attachment":"","ocean_post_title_bg_image_repeat":"","ocean_post_title_bg_image_size":"","ocean_post_title_height":0,"ocean_post_title_bg_overlay":0.5,"ocean_post_title_bg_overlay_color":"","ocean_disable_breadcrumbs":"default","ocean_breadcrumbs_color":"","ocean_breadcrumbs_separator_color":"","ocean_breadcrumbs_links_color":"","ocean_breadcrumbs_links_hover_color":"","ocean_display_footer_widgets":"default","ocean_display_footer_bottom":"default","ocean_custom_footer_template":"","ocean_post_oembed":"","ocean_post_self_hosted_media":"","ocean_post_video_embed":"","ocean_link_format":"","ocean_link_format_target":"self","ocean_quote_format":"","ocean_quote_format_link":"post","ocean_gallery_link_images":"on","ocean_gallery_id":[],"footnotes":""},"categories":[133],"tags":[206],"class_list":["post-56873","post","type-post","status-publish","format-standard","has-post-thumbnail","hentry","category-notizie","tag-noticias-de-socios-it","entry","has-media"],"yoast_head":"<!-- This site is optimized with the Yoast SEO plugin v27.5 - https:\/\/yoast.com\/product\/yoast-seo-wordpress\/ -->\n<title>Benito Tesier, di Brembo Espa\u00f1a, nuovo presidente della Commissione di Ricambi di SERNAUTO - Italcamara<\/title>\n<meta name=\"robots\" content=\"index, follow, max-snippet:-1, max-image-preview:large, max-video-preview:-1\" \/>\n<link rel=\"canonical\" href=\"https:\/\/italcamara-es.com\/it\/notizie\/benito-tesier-di-brembo-espana-nuovo-presidente-della-commissione-di-ricambi-di-sernauto\/\" \/>\n<meta property=\"og:locale\" content=\"it_IT\" \/>\n<meta property=\"og:type\" content=\"article\" \/>\n<meta property=\"og:title\" content=\"Benito Tesier, di Brembo Espa\u00f1a, nuovo presidente della Commissione di Ricambi di SERNAUTO - Italcamara\" \/>\n<meta property=\"og:description\" content=\"Benito Tesier, direttore generale di Brembo in Spagna e Consigliere della Camera di Commercio e Industria Italiana per la Spagna, \u00e8 stato nominato come nuovo presidente della Commissione di Ricambi di SERNAUTO, l\u2019Associazione Spagnola di fabbricanti di macchinari e componentidi automozione. Il 5 Luglio 2016 \u00e8 stato fatto il nome di Benito Tesier, durante la [&hellip;]\" \/>\n<meta property=\"og:url\" content=\"https:\/\/italcamara-es.com\/it\/notizie\/benito-tesier-di-brembo-espana-nuovo-presidente-della-commissione-di-ricambi-di-sernauto\/\" \/>\n<meta property=\"og:site_name\" content=\"Italcamara\" \/>\n<meta property=\"article:published_time\" content=\"2016-07-07T06:48:34+00:00\" \/>\n<meta property=\"article:modified_time\" content=\"2025-09-30T12:03:41+00:00\" \/>\n<meta property=\"og:image\" content=\"https:\/\/italcamara-es.com\/wp-content\/uploads\/2025\/03\/2_Benito_Tesier_y_Joaquin_Bencomo_SERNAUTO.jpg\" \/>\n\t<meta property=\"og:image:width\" content=\"800\" \/>\n\t<meta property=\"og:image:height\" content=\"634\" \/>\n\t<meta property=\"og:image:type\" content=\"image\/jpeg\" \/>\n<meta name=\"author\" content=\"administrador\" \/>\n<meta name=\"twitter:card\" content=\"summary_large_image\" \/>\n<meta name=\"twitter:label1\" content=\"Scritto da\" \/>\n\t<meta name=\"twitter:data1\" content=\"administrador\" \/>\n\t<meta name=\"twitter:label2\" content=\"Tempo di lettura stimato\" \/>\n\t<meta name=\"twitter:data2\" content=\"3 minuti\" \/>\n<script type=\"application\/ld+json\" class=\"yoast-schema-graph\">{\"@context\":\"https:\\\/\\\/schema.org\",\"@graph\":[{\"@type\":\"Article\",\"@id\":\"https:\\\/\\\/italcamara-es.com\\\/it\\\/notizie\\\/benito-tesier-di-brembo-espana-nuovo-presidente-della-commissione-di-ricambi-di-sernauto\\\/#article\",\"isPartOf\":{\"@id\":\"https:\\\/\\\/italcamara-es.com\\\/it\\\/notizie\\\/benito-tesier-di-brembo-espana-nuovo-presidente-della-commissione-di-ricambi-di-sernauto\\\/\"},\"author\":{\"name\":\"administrador\",\"@id\":\"https:\\\/\\\/italcamara-es.com\\\/#\\\/schema\\\/person\\\/bb3c56263e405bbd9a15171dcfee93bb\"},\"headline\":\"Benito Tesier, di Brembo Espa\u00f1a, nuovo presidente della Commissione di Ricambi di SERNAUTO\",\"datePublished\":\"2016-07-07T06:48:34+00:00\",\"dateModified\":\"2025-09-30T12:03:41+00:00\",\"mainEntityOfPage\":{\"@id\":\"https:\\\/\\\/italcamara-es.com\\\/it\\\/notizie\\\/benito-tesier-di-brembo-espana-nuovo-presidente-della-commissione-di-ricambi-di-sernauto\\\/\"},\"wordCount\":606,\"commentCount\":0,\"image\":{\"@id\":\"https:\\\/\\\/italcamara-es.com\\\/it\\\/notizie\\\/benito-tesier-di-brembo-espana-nuovo-presidente-della-commissione-di-ricambi-di-sernauto\\\/#primaryimage\"},\"thumbnailUrl\":\"https:\\\/\\\/italcamara-es.com\\\/wp-content\\\/uploads\\\/2025\\\/03\\\/2_Benito_Tesier_y_Joaquin_Bencomo_SERNAUTO.jpg\",\"keywords\":[\"Notizie dei soci\"],\"articleSection\":[\"Notizie\"],\"inLanguage\":\"it-IT\",\"potentialAction\":[{\"@type\":\"CommentAction\",\"name\":\"Comment\",\"target\":[\"https:\\\/\\\/italcamara-es.com\\\/it\\\/notizie\\\/benito-tesier-di-brembo-espana-nuovo-presidente-della-commissione-di-ricambi-di-sernauto\\\/#respond\"]}]},{\"@type\":\"WebPage\",\"@id\":\"https:\\\/\\\/italcamara-es.com\\\/it\\\/notizie\\\/benito-tesier-di-brembo-espana-nuovo-presidente-della-commissione-di-ricambi-di-sernauto\\\/\",\"url\":\"https:\\\/\\\/italcamara-es.com\\\/it\\\/notizie\\\/benito-tesier-di-brembo-espana-nuovo-presidente-della-commissione-di-ricambi-di-sernauto\\\/\",\"name\":\"Benito Tesier, di Brembo Espa\u00f1a, nuovo presidente della Commissione di Ricambi di SERNAUTO - Italcamara\",\"isPartOf\":{\"@id\":\"https:\\\/\\\/italcamara-es.com\\\/#website\"},\"primaryImageOfPage\":{\"@id\":\"https:\\\/\\\/italcamara-es.com\\\/it\\\/notizie\\\/benito-tesier-di-brembo-espana-nuovo-presidente-della-commissione-di-ricambi-di-sernauto\\\/#primaryimage\"},\"image\":{\"@id\":\"https:\\\/\\\/italcamara-es.com\\\/it\\\/notizie\\\/benito-tesier-di-brembo-espana-nuovo-presidente-della-commissione-di-ricambi-di-sernauto\\\/#primaryimage\"},\"thumbnailUrl\":\"https:\\\/\\\/italcamara-es.com\\\/wp-content\\\/uploads\\\/2025\\\/03\\\/2_Benito_Tesier_y_Joaquin_Bencomo_SERNAUTO.jpg\",\"datePublished\":\"2016-07-07T06:48:34+00:00\",\"dateModified\":\"2025-09-30T12:03:41+00:00\",\"author\":{\"@id\":\"https:\\\/\\\/italcamara-es.com\\\/#\\\/schema\\\/person\\\/bb3c56263e405bbd9a15171dcfee93bb\"},\"breadcrumb\":{\"@id\":\"https:\\\/\\\/italcamara-es.com\\\/it\\\/notizie\\\/benito-tesier-di-brembo-espana-nuovo-presidente-della-commissione-di-ricambi-di-sernauto\\\/#breadcrumb\"},\"inLanguage\":\"it-IT\",\"potentialAction\":[{\"@type\":\"ReadAction\",\"target\":[\"https:\\\/\\\/italcamara-es.com\\\/it\\\/notizie\\\/benito-tesier-di-brembo-espana-nuovo-presidente-della-commissione-di-ricambi-di-sernauto\\\/\"]}]},{\"@type\":\"ImageObject\",\"inLanguage\":\"it-IT\",\"@id\":\"https:\\\/\\\/italcamara-es.com\\\/it\\\/notizie\\\/benito-tesier-di-brembo-espana-nuovo-presidente-della-commissione-di-ricambi-di-sernauto\\\/#primaryimage\",\"url\":\"https:\\\/\\\/italcamara-es.com\\\/wp-content\\\/uploads\\\/2025\\\/03\\\/2_Benito_Tesier_y_Joaquin_Bencomo_SERNAUTO.jpg\",\"contentUrl\":\"https:\\\/\\\/italcamara-es.com\\\/wp-content\\\/uploads\\\/2025\\\/03\\\/2_Benito_Tesier_y_Joaquin_Bencomo_SERNAUTO.jpg\",\"width\":800,\"height\":634},{\"@type\":\"BreadcrumbList\",\"@id\":\"https:\\\/\\\/italcamara-es.com\\\/it\\\/notizie\\\/benito-tesier-di-brembo-espana-nuovo-presidente-della-commissione-di-ricambi-di-sernauto\\\/#breadcrumb\",\"itemListElement\":[{\"@type\":\"ListItem\",\"position\":1,\"name\":\"Inicio\",\"item\":\"https:\\\/\\\/italcamara-es.com\\\/it\\\/homepage-ita\\\/\"},{\"@type\":\"ListItem\",\"position\":2,\"name\":\"Benito Tesier, di Brembo Espa\u00f1a, nuovo presidente della Commissione di Ricambi di SERNAUTO\"}]},{\"@type\":\"WebSite\",\"@id\":\"https:\\\/\\\/italcamara-es.com\\\/#website\",\"url\":\"https:\\\/\\\/italcamara-es.com\\\/\",\"name\":\"Italcamara\",\"description\":\"\",\"potentialAction\":[{\"@type\":\"SearchAction\",\"target\":{\"@type\":\"EntryPoint\",\"urlTemplate\":\"https:\\\/\\\/italcamara-es.com\\\/?s={search_term_string}\"},\"query-input\":{\"@type\":\"PropertyValueSpecification\",\"valueRequired\":true,\"valueName\":\"search_term_string\"}}],\"inLanguage\":\"it-IT\"},{\"@type\":\"Person\",\"@id\":\"https:\\\/\\\/italcamara-es.com\\\/#\\\/schema\\\/person\\\/bb3c56263e405bbd9a15171dcfee93bb\",\"name\":\"administrador\",\"image\":{\"@type\":\"ImageObject\",\"inLanguage\":\"it-IT\",\"@id\":\"https:\\\/\\\/secure.gravatar.com\\\/avatar\\\/14b5e63db38320b12031bb28cf9f77e210aa71fb3a8a3602a3c9a05134fa75eb?s=96&d=mm&r=g\",\"url\":\"https:\\\/\\\/secure.gravatar.com\\\/avatar\\\/14b5e63db38320b12031bb28cf9f77e210aa71fb3a8a3602a3c9a05134fa75eb?s=96&d=mm&r=g\",\"contentUrl\":\"https:\\\/\\\/secure.gravatar.com\\\/avatar\\\/14b5e63db38320b12031bb28cf9f77e210aa71fb3a8a3602a3c9a05134fa75eb?s=96&d=mm&r=g\",\"caption\":\"administrador\"},\"sameAs\":[\"http:\\\/\\\/pre.italcamara-es.com\"],\"url\":\"https:\\\/\\\/italcamara-es.com\\\/it\\\/author\\\/administrador\\\/\"}]}<\/script>\n<!-- \/ Yoast SEO plugin. -->","yoast_head_json":{"title":"Benito Tesier, di Brembo Espa\u00f1a, nuovo presidente della Commissione di Ricambi di SERNAUTO - Italcamara","robots":{"index":"index","follow":"follow","max-snippet":"max-snippet:-1","max-image-preview":"max-image-preview:large","max-video-preview":"max-video-preview:-1"},"canonical":"https:\/\/italcamara-es.com\/it\/notizie\/benito-tesier-di-brembo-espana-nuovo-presidente-della-commissione-di-ricambi-di-sernauto\/","og_locale":"it_IT","og_type":"article","og_title":"Benito Tesier, di Brembo Espa\u00f1a, nuovo presidente della Commissione di Ricambi di SERNAUTO - Italcamara","og_description":"Benito Tesier, direttore generale di Brembo in Spagna e Consigliere della Camera di Commercio e Industria Italiana per la Spagna, \u00e8 stato nominato come nuovo presidente della Commissione di Ricambi di SERNAUTO, l\u2019Associazione Spagnola di fabbricanti di macchinari e componentidi automozione. Il 5 Luglio 2016 \u00e8 stato fatto il nome di Benito Tesier, durante la [&hellip;]","og_url":"https:\/\/italcamara-es.com\/it\/notizie\/benito-tesier-di-brembo-espana-nuovo-presidente-della-commissione-di-ricambi-di-sernauto\/","og_site_name":"Italcamara","article_published_time":"2016-07-07T06:48:34+00:00","article_modified_time":"2025-09-30T12:03:41+00:00","og_image":[{"width":800,"height":634,"url":"https:\/\/italcamara-es.com\/wp-content\/uploads\/2025\/03\/2_Benito_Tesier_y_Joaquin_Bencomo_SERNAUTO.jpg","type":"image\/jpeg"}],"author":"administrador","twitter_card":"summary_large_image","twitter_misc":{"Scritto da":"administrador","Tempo di lettura stimato":"3 minuti"},"schema":{"@context":"https:\/\/schema.org","@graph":[{"@type":"Article","@id":"https:\/\/italcamara-es.com\/it\/notizie\/benito-tesier-di-brembo-espana-nuovo-presidente-della-commissione-di-ricambi-di-sernauto\/#article","isPartOf":{"@id":"https:\/\/italcamara-es.com\/it\/notizie\/benito-tesier-di-brembo-espana-nuovo-presidente-della-commissione-di-ricambi-di-sernauto\/"},"author":{"name":"administrador","@id":"https:\/\/italcamara-es.com\/#\/schema\/person\/bb3c56263e405bbd9a15171dcfee93bb"},"headline":"Benito Tesier, di Brembo Espa\u00f1a, nuovo presidente della Commissione di Ricambi di SERNAUTO","datePublished":"2016-07-07T06:48:34+00:00","dateModified":"2025-09-30T12:03:41+00:00","mainEntityOfPage":{"@id":"https:\/\/italcamara-es.com\/it\/notizie\/benito-tesier-di-brembo-espana-nuovo-presidente-della-commissione-di-ricambi-di-sernauto\/"},"wordCount":606,"commentCount":0,"image":{"@id":"https:\/\/italcamara-es.com\/it\/notizie\/benito-tesier-di-brembo-espana-nuovo-presidente-della-commissione-di-ricambi-di-sernauto\/#primaryimage"},"thumbnailUrl":"https:\/\/italcamara-es.com\/wp-content\/uploads\/2025\/03\/2_Benito_Tesier_y_Joaquin_Bencomo_SERNAUTO.jpg","keywords":["Notizie dei soci"],"articleSection":["Notizie"],"inLanguage":"it-IT","potentialAction":[{"@type":"CommentAction","name":"Comment","target":["https:\/\/italcamara-es.com\/it\/notizie\/benito-tesier-di-brembo-espana-nuovo-presidente-della-commissione-di-ricambi-di-sernauto\/#respond"]}]},{"@type":"WebPage","@id":"https:\/\/italcamara-es.com\/it\/notizie\/benito-tesier-di-brembo-espana-nuovo-presidente-della-commissione-di-ricambi-di-sernauto\/","url":"https:\/\/italcamara-es.com\/it\/notizie\/benito-tesier-di-brembo-espana-nuovo-presidente-della-commissione-di-ricambi-di-sernauto\/","name":"Benito Tesier, di Brembo Espa\u00f1a, nuovo presidente della Commissione di Ricambi di SERNAUTO - Italcamara","isPartOf":{"@id":"https:\/\/italcamara-es.com\/#website"},"primaryImageOfPage":{"@id":"https:\/\/italcamara-es.com\/it\/notizie\/benito-tesier-di-brembo-espana-nuovo-presidente-della-commissione-di-ricambi-di-sernauto\/#primaryimage"},"image":{"@id":"https:\/\/italcamara-es.com\/it\/notizie\/benito-tesier-di-brembo-espana-nuovo-presidente-della-commissione-di-ricambi-di-sernauto\/#primaryimage"},"thumbnailUrl":"https:\/\/italcamara-es.com\/wp-content\/uploads\/2025\/03\/2_Benito_Tesier_y_Joaquin_Bencomo_SERNAUTO.jpg","datePublished":"2016-07-07T06:48:34+00:00","dateModified":"2025-09-30T12:03:41+00:00","author":{"@id":"https:\/\/italcamara-es.com\/#\/schema\/person\/bb3c56263e405bbd9a15171dcfee93bb"},"breadcrumb":{"@id":"https:\/\/italcamara-es.com\/it\/notizie\/benito-tesier-di-brembo-espana-nuovo-presidente-della-commissione-di-ricambi-di-sernauto\/#breadcrumb"},"inLanguage":"it-IT","potentialAction":[{"@type":"ReadAction","target":["https:\/\/italcamara-es.com\/it\/notizie\/benito-tesier-di-brembo-espana-nuovo-presidente-della-commissione-di-ricambi-di-sernauto\/"]}]},{"@type":"ImageObject","inLanguage":"it-IT","@id":"https:\/\/italcamara-es.com\/it\/notizie\/benito-tesier-di-brembo-espana-nuovo-presidente-della-commissione-di-ricambi-di-sernauto\/#primaryimage","url":"https:\/\/italcamara-es.com\/wp-content\/uploads\/2025\/03\/2_Benito_Tesier_y_Joaquin_Bencomo_SERNAUTO.jpg","contentUrl":"https:\/\/italcamara-es.com\/wp-content\/uploads\/2025\/03\/2_Benito_Tesier_y_Joaquin_Bencomo_SERNAUTO.jpg","width":800,"height":634},{"@type":"BreadcrumbList","@id":"https:\/\/italcamara-es.com\/it\/notizie\/benito-tesier-di-brembo-espana-nuovo-presidente-della-commissione-di-ricambi-di-sernauto\/#breadcrumb","itemListElement":[{"@type":"ListItem","position":1,"name":"Inicio","item":"https:\/\/italcamara-es.com\/it\/homepage-ita\/"},{"@type":"ListItem","position":2,"name":"Benito Tesier, di Brembo Espa\u00f1a, nuovo presidente della Commissione di Ricambi di SERNAUTO"}]},{"@type":"WebSite","@id":"https:\/\/italcamara-es.com\/#website","url":"https:\/\/italcamara-es.com\/","name":"Italcamara","description":"","potentialAction":[{"@type":"SearchAction","target":{"@type":"EntryPoint","urlTemplate":"https:\/\/italcamara-es.com\/?s={search_term_string}"},"query-input":{"@type":"PropertyValueSpecification","valueRequired":true,"valueName":"search_term_string"}}],"inLanguage":"it-IT"},{"@type":"Person","@id":"https:\/\/italcamara-es.com\/#\/schema\/person\/bb3c56263e405bbd9a15171dcfee93bb","name":"administrador","image":{"@type":"ImageObject","inLanguage":"it-IT","@id":"https:\/\/secure.gravatar.com\/avatar\/14b5e63db38320b12031bb28cf9f77e210aa71fb3a8a3602a3c9a05134fa75eb?s=96&d=mm&r=g","url":"https:\/\/secure.gravatar.com\/avatar\/14b5e63db38320b12031bb28cf9f77e210aa71fb3a8a3602a3c9a05134fa75eb?s=96&d=mm&r=g","contentUrl":"https:\/\/secure.gravatar.com\/avatar\/14b5e63db38320b12031bb28cf9f77e210aa71fb3a8a3602a3c9a05134fa75eb?s=96&d=mm&r=g","caption":"administrador"},"sameAs":["http:\/\/pre.italcamara-es.com"],"url":"https:\/\/italcamara-es.com\/it\/author\/administrador\/"}]}},"rttpg_featured_image_url":{"full":["https:\/\/italcamara-es.com\/wp-content\/uploads\/2025\/03\/2_Benito_Tesier_y_Joaquin_Bencomo_SERNAUTO.jpg",800,634,false],"landscape":["https:\/\/italcamara-es.com\/wp-content\/uploads\/2025\/03\/2_Benito_Tesier_y_Joaquin_Bencomo_SERNAUTO.jpg",800,634,false],"portraits":["https:\/\/italcamara-es.com\/wp-content\/uploads\/2025\/03\/2_Benito_Tesier_y_Joaquin_Bencomo_SERNAUTO.jpg",800,634,false],"thumbnail":["https:\/\/italcamara-es.com\/wp-content\/uploads\/2025\/03\/2_Benito_Tesier_y_Joaquin_Bencomo_SERNAUTO-150x150.jpg",150,150,true],"medium":["https:\/\/italcamara-es.com\/wp-content\/uploads\/2025\/03\/2_Benito_Tesier_y_Joaquin_Bencomo_SERNAUTO-300x238.jpg",300,238,true],"large":["https:\/\/italcamara-es.com\/wp-content\/uploads\/2025\/03\/2_Benito_Tesier_y_Joaquin_Bencomo_SERNAUTO.jpg",800,634,false],"1536x1536":["https:\/\/italcamara-es.com\/wp-content\/uploads\/2025\/03\/2_Benito_Tesier_y_Joaquin_Bencomo_SERNAUTO.jpg",800,634,false],"2048x2048":["https:\/\/italcamara-es.com\/wp-content\/uploads\/2025\/03\/2_Benito_Tesier_y_Joaquin_Bencomo_SERNAUTO.jpg",800,634,false],"ocean-thumb-m":["https:\/\/italcamara-es.com\/wp-content\/uploads\/2025\/03\/2_Benito_Tesier_y_Joaquin_Bencomo_SERNAUTO-600x600.jpg",600,600,true],"ocean-thumb-ml":["https:\/\/italcamara-es.com\/wp-content\/uploads\/2025\/03\/2_Benito_Tesier_y_Joaquin_Bencomo_SERNAUTO-800x450.jpg",800,450,true],"ocean-thumb-l":["https:\/\/italcamara-es.com\/wp-content\/uploads\/2025\/03\/2_Benito_Tesier_y_Joaquin_Bencomo_SERNAUTO.jpg",800,634,false],"directorist_preview":["https:\/\/italcamara-es.com\/wp-content\/uploads\/2025\/03\/2_Benito_Tesier_y_Joaquin_Bencomo_SERNAUTO-640x360.jpg",640,360,true]},"rttpg_author":{"display_name":"administrador","author_link":"https:\/\/italcamara-es.com\/it\/author\/administrador\/"},"rttpg_comment":0,"rttpg_category":"<a href=\"https:\/\/italcamara-es.com\/it\/category\/notizie\/\" rel=\"category tag\">Notizie<\/a>","rttpg_excerpt":"Benito Tesier, direttore generale di Brembo in Spagna e Consigliere della Camera di Commercio e Industria Italiana per la Spagna, \u00e8 stato nominato come nuovo presidente della Commissione di Ricambi di SERNAUTO, l\u2019Associazione Spagnola di fabbricanti di macchinari e componentidi automozione. Il 5 Luglio 2016 \u00e8 stato fatto il nome di Benito Tesier, durante la&hellip;","_links":{"self":[{"href":"https:\/\/italcamara-es.com\/it\/wp-json\/wp\/v2\/posts\/56873","targetHints":{"allow":["GET"]}}],"collection":[{"href":"https:\/\/italcamara-es.com\/it\/wp-json\/wp\/v2\/posts"}],"about":[{"href":"https:\/\/italcamara-es.com\/it\/wp-json\/wp\/v2\/types\/post"}],"author":[{"embeddable":true,"href":"https:\/\/italcamara-es.com\/it\/wp-json\/wp\/v2\/users\/1"}],"replies":[{"embeddable":true,"href":"https:\/\/italcamara-es.com\/it\/wp-json\/wp\/v2\/comments?post=56873"}],"version-history":[{"count":1,"href":"https:\/\/italcamara-es.com\/it\/wp-json\/wp\/v2\/posts\/56873\/revisions"}],"predecessor-version":[{"id":58886,"href":"https:\/\/italcamara-es.com\/it\/wp-json\/wp\/v2\/posts\/56873\/revisions\/58886"}],"wp:featuredmedia":[{"embeddable":true,"href":"https:\/\/italcamara-es.com\/it\/wp-json\/wp\/v2\/media\/52383"}],"wp:attachment":[{"href":"https:\/\/italcamara-es.com\/it\/wp-json\/wp\/v2\/media?parent=56873"}],"wp:term":[{"taxonomy":"category","embeddable":true,"href":"https:\/\/italcamara-es.com\/it\/wp-json\/wp\/v2\/categories?post=56873"},{"taxonomy":"post_tag","embeddable":true,"href":"https:\/\/italcamara-es.com\/it\/wp-json\/wp\/v2\/tags?post=56873"}],"curies":[{"name":"wp","href":"https:\/\/api.w.org\/{rel}","templated":true}]}}