	{"id":56885,"date":"2016-04-04T09:31:48","date_gmt":"2016-04-04T07:31:48","guid":{"rendered":"http:\/\/pre.italcamara-es.com\/senza-categoria\/continua-il-trend-di-crescita-di-fiat-nel-mercato-spagnolo\/"},"modified":"2016-04-04T09:31:48","modified_gmt":"2016-04-04T07:31:48","slug":"continua-il-trend-di-crescita-di-fiat-nel-mercato-spagnolo","status":"publish","type":"post","link":"https:\/\/italcamara-es.com\/it\/notizie\/continua-il-trend-di-crescita-di-fiat-nel-mercato-spagnolo\/","title":{"rendered":"Continua il trend di crescita di Fiat nel mercato spagnolo"},"content":{"rendered":"<p><em>Il gruppo automobilistico cresce del 13,8% nei primi tre mesi del 2016 e riesce a immatricolare quasi 5.000 unita nel mese di marzo<\/em><\/p>\n<p>&nbsp;<\/p>\n<p>El terzo mese del 2016 si \u00e8 chiuso con un totale di 111.512 unit\u00e0 immatricolate in Spagna. Il primo trimestre dell\u2019anno si \u00e8 chiuso in positivo, con una crescita accumulata del 6,9% e un totale di 285.495 unit\u00e0, secondo i dati pubblicati da ANFAC<\/p>\n<p>&nbsp;<\/p>\n<p>Fiat ha sfiorato la cifra di 5.000 unit\u00e0 nel mese di marzo (4.961), per una crescita del 13,8% rispetto allo stesso mese del 2015. Considerando i primi tre mesi dell\u2019anno, il totale di unit\u00e0 immatricolate \u00e8 di 11.751, con una crscita media del 12,4%.<\/p>\n<p>&nbsp;<\/p>\n<p style=\"text-align: center;\"><a href=\"https:\/\/www.italcamara-es.com\/wp-content\/uploads\/2016\/07\/fiat7702.jpg\"><img fetchpriority=\"high\" decoding=\"async\" class=\"alignnone size-full wp-image-2455\" src=\"https:\/\/www.italcamara-es.com\/wp-content\/uploads\/2016\/07\/fiat7702.jpg\" alt=\"fiat770\" width=\"700\" height=\"490\" \/><\/a><\/p>\n<p>&nbsp;<\/p>\n<p>Dal canto suo, Jeep si conferma una delle marche di SUV di maggior successo e cresce inmarzo del 44% rispetto allo stesso mese del 2015. In totale, Jeep \u00e8 riuscita a immatricolare nei primi tre mesi dell\u2019anno il 22% di unit\u00e0 in pi\u00f9 rispetto al primo trimestre del 2015, triplicando la media del mercato spagnolo, per un totale di 1.669 unit\u00e0.<\/p>\n","protected":false},"excerpt":{"rendered":"<p>Il gruppo automobilistico cresce del 13,8% nei primi tre mesi del 2016 e riesce a immatricolare quasi 5.000 unita nel mese di marzo &nbsp; El terzo mese del 2016 si \u00e8 chiuso con un totale di 111.512 unit\u00e0 immatricolate in Spagna. Il primo trimestre dell\u2019anno si \u00e8 chiuso in positivo, con una crescita accumulata del [&hellip;]<\/p>\n","protected":false},"author":1,"featured_media":52399,"comment_status":"open","ping_status":"open","sticky":false,"template":"","format":"standard","meta":{"inline_featured_image":false,"ocean_post_layout":"","ocean_both_sidebars_style":"","ocean_both_sidebars_content_width":0,"ocean_both_sidebars_sidebars_width":0,"ocean_sidebar":"","ocean_second_sidebar":"","ocean_disable_margins":"enable","ocean_add_body_class":"","ocean_shortcode_before_top_bar":"","ocean_shortcode_after_top_bar":"","ocean_shortcode_before_header":"","ocean_shortcode_after_header":"","ocean_has_shortcode":"","ocean_shortcode_after_title":"","ocean_shortcode_before_footer_widgets":"","ocean_shortcode_after_footer_widgets":"","ocean_shortcode_before_footer_bottom":"","ocean_shortcode_after_footer_bottom":"","ocean_display_top_bar":"default","ocean_display_header":"default","ocean_header_style":"","ocean_center_header_left_menu":"","ocean_custom_header_template":"","ocean_custom_logo":0,"ocean_custom_retina_logo":0,"ocean_custom_logo_max_width":0,"ocean_custom_logo_tablet_max_width":0,"ocean_custom_logo_mobile_max_width":0,"ocean_custom_logo_max_height":0,"ocean_custom_logo_tablet_max_height":0,"ocean_custom_logo_mobile_max_height":0,"ocean_header_custom_menu":"","ocean_menu_typo_font_family":"","ocean_menu_typo_font_subset":"","ocean_menu_typo_font_size":0,"ocean_menu_typo_font_size_tablet":0,"ocean_menu_typo_font_size_mobile":0,"ocean_menu_typo_font_size_unit":"px","ocean_menu_typo_font_weight":"","ocean_menu_typo_font_weight_tablet":"","ocean_menu_typo_font_weight_mobile":"","ocean_menu_typo_transform":"","ocean_menu_typo_transform_tablet":"","ocean_menu_typo_transform_mobile":"","ocean_menu_typo_line_height":0,"ocean_menu_typo_line_height_tablet":0,"ocean_menu_typo_line_height_mobile":0,"ocean_menu_typo_line_height_unit":"","ocean_menu_typo_spacing":0,"ocean_menu_typo_spacing_tablet":0,"ocean_menu_typo_spacing_mobile":0,"ocean_menu_typo_spacing_unit":"","ocean_menu_link_color":"","ocean_menu_link_color_hover":"","ocean_menu_link_color_active":"","ocean_menu_link_background":"","ocean_menu_link_hover_background":"","ocean_menu_link_active_background":"","ocean_menu_social_links_bg":"","ocean_menu_social_hover_links_bg":"","ocean_menu_social_links_color":"","ocean_menu_social_hover_links_color":"","ocean_disable_title":"default","ocean_disable_heading":"default","ocean_post_title":"","ocean_post_subheading":"","ocean_post_title_style":"","ocean_post_title_background_color":"","ocean_post_title_background":0,"ocean_post_title_bg_image_position":"","ocean_post_title_bg_image_attachment":"","ocean_post_title_bg_image_repeat":"","ocean_post_title_bg_image_size":"","ocean_post_title_height":0,"ocean_post_title_bg_overlay":0.5,"ocean_post_title_bg_overlay_color":"","ocean_disable_breadcrumbs":"default","ocean_breadcrumbs_color":"","ocean_breadcrumbs_separator_color":"","ocean_breadcrumbs_links_color":"","ocean_breadcrumbs_links_hover_color":"","ocean_display_footer_widgets":"default","ocean_display_footer_bottom":"default","ocean_custom_footer_template":"","ocean_post_oembed":"","ocean_post_self_hosted_media":"","ocean_post_video_embed":"","ocean_link_format":"","ocean_link_format_target":"self","ocean_quote_format":"","ocean_quote_format_link":"post","ocean_gallery_link_images":"on","ocean_gallery_id":[],"footnotes":""},"categories":[133],"tags":[],"class_list":["post-56885","post","type-post","status-publish","format-standard","has-post-thumbnail","hentry","category-notizie","entry","has-media"],"yoast_head":"<!-- This site is optimized with the Yoast SEO plugin v27.5 - https:\/\/yoast.com\/product\/yoast-seo-wordpress\/ -->\n<title>Continua il trend di crescita di Fiat nel mercato spagnolo - Italcamara<\/title>\n<meta name=\"robots\" content=\"index, follow, max-snippet:-1, max-image-preview:large, max-video-preview:-1\" \/>\n<link rel=\"canonical\" href=\"https:\/\/italcamara-es.com\/it\/notizie\/continua-il-trend-di-crescita-di-fiat-nel-mercato-spagnolo\/\" \/>\n<meta property=\"og:locale\" content=\"it_IT\" \/>\n<meta property=\"og:type\" content=\"article\" \/>\n<meta property=\"og:title\" content=\"Continua il trend di crescita di Fiat nel mercato spagnolo - Italcamara\" \/>\n<meta property=\"og:description\" content=\"Il gruppo automobilistico cresce del 13,8% nei primi tre mesi del 2016 e riesce a immatricolare quasi 5.000 unita nel mese di marzo &nbsp; El terzo mese del 2016 si \u00e8 chiuso con un totale di 111.512 unit\u00e0 immatricolate in Spagna. Il primo trimestre dell\u2019anno si \u00e8 chiuso in positivo, con una crescita accumulata del [&hellip;]\" \/>\n<meta property=\"og:url\" content=\"https:\/\/italcamara-es.com\/it\/notizie\/continua-il-trend-di-crescita-di-fiat-nel-mercato-spagnolo\/\" \/>\n<meta property=\"og:site_name\" content=\"Italcamara\" \/>\n<meta property=\"article:published_time\" content=\"2016-04-04T07:31:48+00:00\" \/>\n<meta property=\"og:image\" content=\"https:\/\/italcamara-es.com\/wp-content\/uploads\/2025\/03\/fiat250.jpg\" \/>\n\t<meta property=\"og:image:width\" content=\"250\" \/>\n\t<meta property=\"og:image:height\" content=\"153\" \/>\n\t<meta property=\"og:image:type\" content=\"image\/jpeg\" \/>\n<meta name=\"author\" content=\"administrador\" \/>\n<meta name=\"twitter:card\" content=\"summary_large_image\" \/>\n<meta name=\"twitter:label1\" content=\"Scritto da\" \/>\n\t<meta name=\"twitter:data1\" content=\"administrador\" \/>\n\t<meta name=\"twitter:label2\" content=\"Tempo di lettura stimato\" \/>\n\t<meta name=\"twitter:data2\" content=\"1 minuto\" \/>\n<script type=\"application\/ld+json\" class=\"yoast-schema-graph\">{\"@context\":\"https:\\\/\\\/schema.org\",\"@graph\":[{\"@type\":\"Article\",\"@id\":\"https:\\\/\\\/italcamara-es.com\\\/it\\\/notizie\\\/continua-il-trend-di-crescita-di-fiat-nel-mercato-spagnolo\\\/#article\",\"isPartOf\":{\"@id\":\"https:\\\/\\\/italcamara-es.com\\\/it\\\/notizie\\\/continua-il-trend-di-crescita-di-fiat-nel-mercato-spagnolo\\\/\"},\"author\":{\"name\":\"administrador\",\"@id\":\"https:\\\/\\\/italcamara-es.com\\\/#\\\/schema\\\/person\\\/bb3c56263e405bbd9a15171dcfee93bb\"},\"headline\":\"Continua il trend di crescita di Fiat nel mercato spagnolo\",\"datePublished\":\"2016-04-04T07:31:48+00:00\",\"mainEntityOfPage\":{\"@id\":\"https:\\\/\\\/italcamara-es.com\\\/it\\\/notizie\\\/continua-il-trend-di-crescita-di-fiat-nel-mercato-spagnolo\\\/\"},\"wordCount\":167,\"commentCount\":0,\"image\":{\"@id\":\"https:\\\/\\\/italcamara-es.com\\\/it\\\/notizie\\\/continua-il-trend-di-crescita-di-fiat-nel-mercato-spagnolo\\\/#primaryimage\"},\"thumbnailUrl\":\"https:\\\/\\\/italcamara-es.com\\\/wp-content\\\/uploads\\\/2025\\\/03\\\/fiat250.jpg\",\"articleSection\":[\"Notizie\"],\"inLanguage\":\"it-IT\",\"potentialAction\":[{\"@type\":\"CommentAction\",\"name\":\"Comment\",\"target\":[\"https:\\\/\\\/italcamara-es.com\\\/it\\\/notizie\\\/continua-il-trend-di-crescita-di-fiat-nel-mercato-spagnolo\\\/#respond\"]}]},{\"@type\":\"WebPage\",\"@id\":\"https:\\\/\\\/italcamara-es.com\\\/it\\\/notizie\\\/continua-il-trend-di-crescita-di-fiat-nel-mercato-spagnolo\\\/\",\"url\":\"https:\\\/\\\/italcamara-es.com\\\/it\\\/notizie\\\/continua-il-trend-di-crescita-di-fiat-nel-mercato-spagnolo\\\/\",\"name\":\"Continua il trend di crescita di Fiat nel mercato spagnolo - Italcamara\",\"isPartOf\":{\"@id\":\"https:\\\/\\\/italcamara-es.com\\\/#website\"},\"primaryImageOfPage\":{\"@id\":\"https:\\\/\\\/italcamara-es.com\\\/it\\\/notizie\\\/continua-il-trend-di-crescita-di-fiat-nel-mercato-spagnolo\\\/#primaryimage\"},\"image\":{\"@id\":\"https:\\\/\\\/italcamara-es.com\\\/it\\\/notizie\\\/continua-il-trend-di-crescita-di-fiat-nel-mercato-spagnolo\\\/#primaryimage\"},\"thumbnailUrl\":\"https:\\\/\\\/italcamara-es.com\\\/wp-content\\\/uploads\\\/2025\\\/03\\\/fiat250.jpg\",\"datePublished\":\"2016-04-04T07:31:48+00:00\",\"author\":{\"@id\":\"https:\\\/\\\/italcamara-es.com\\\/#\\\/schema\\\/person\\\/bb3c56263e405bbd9a15171dcfee93bb\"},\"breadcrumb\":{\"@id\":\"https:\\\/\\\/italcamara-es.com\\\/it\\\/notizie\\\/continua-il-trend-di-crescita-di-fiat-nel-mercato-spagnolo\\\/#breadcrumb\"},\"inLanguage\":\"it-IT\",\"potentialAction\":[{\"@type\":\"ReadAction\",\"target\":[\"https:\\\/\\\/italcamara-es.com\\\/it\\\/notizie\\\/continua-il-trend-di-crescita-di-fiat-nel-mercato-spagnolo\\\/\"]}]},{\"@type\":\"ImageObject\",\"inLanguage\":\"it-IT\",\"@id\":\"https:\\\/\\\/italcamara-es.com\\\/it\\\/notizie\\\/continua-il-trend-di-crescita-di-fiat-nel-mercato-spagnolo\\\/#primaryimage\",\"url\":\"https:\\\/\\\/italcamara-es.com\\\/wp-content\\\/uploads\\\/2025\\\/03\\\/fiat250.jpg\",\"contentUrl\":\"https:\\\/\\\/italcamara-es.com\\\/wp-content\\\/uploads\\\/2025\\\/03\\\/fiat250.jpg\",\"width\":250,\"height\":153},{\"@type\":\"BreadcrumbList\",\"@id\":\"https:\\\/\\\/italcamara-es.com\\\/it\\\/notizie\\\/continua-il-trend-di-crescita-di-fiat-nel-mercato-spagnolo\\\/#breadcrumb\",\"itemListElement\":[{\"@type\":\"ListItem\",\"position\":1,\"name\":\"Inicio\",\"item\":\"https:\\\/\\\/italcamara-es.com\\\/it\\\/homepage-ita\\\/\"},{\"@type\":\"ListItem\",\"position\":2,\"name\":\"Continua il trend di crescita di Fiat nel mercato spagnolo\"}]},{\"@type\":\"WebSite\",\"@id\":\"https:\\\/\\\/italcamara-es.com\\\/#website\",\"url\":\"https:\\\/\\\/italcamara-es.com\\\/\",\"name\":\"Italcamara\",\"description\":\"\",\"potentialAction\":[{\"@type\":\"SearchAction\",\"target\":{\"@type\":\"EntryPoint\",\"urlTemplate\":\"https:\\\/\\\/italcamara-es.com\\\/?s={search_term_string}\"},\"query-input\":{\"@type\":\"PropertyValueSpecification\",\"valueRequired\":true,\"valueName\":\"search_term_string\"}}],\"inLanguage\":\"it-IT\"},{\"@type\":\"Person\",\"@id\":\"https:\\\/\\\/italcamara-es.com\\\/#\\\/schema\\\/person\\\/bb3c56263e405bbd9a15171dcfee93bb\",\"name\":\"administrador\",\"image\":{\"@type\":\"ImageObject\",\"inLanguage\":\"it-IT\",\"@id\":\"https:\\\/\\\/secure.gravatar.com\\\/avatar\\\/14b5e63db38320b12031bb28cf9f77e210aa71fb3a8a3602a3c9a05134fa75eb?s=96&d=mm&r=g\",\"url\":\"https:\\\/\\\/secure.gravatar.com\\\/avatar\\\/14b5e63db38320b12031bb28cf9f77e210aa71fb3a8a3602a3c9a05134fa75eb?s=96&d=mm&r=g\",\"contentUrl\":\"https:\\\/\\\/secure.gravatar.com\\\/avatar\\\/14b5e63db38320b12031bb28cf9f77e210aa71fb3a8a3602a3c9a05134fa75eb?s=96&d=mm&r=g\",\"caption\":\"administrador\"},\"sameAs\":[\"http:\\\/\\\/pre.italcamara-es.com\"],\"url\":\"https:\\\/\\\/italcamara-es.com\\\/it\\\/author\\\/administrador\\\/\"}]}<\/script>\n<!-- \/ Yoast SEO plugin. -->","yoast_head_json":{"title":"Continua il trend di crescita di Fiat nel mercato spagnolo - Italcamara","robots":{"index":"index","follow":"follow","max-snippet":"max-snippet:-1","max-image-preview":"max-image-preview:large","max-video-preview":"max-video-preview:-1"},"canonical":"https:\/\/italcamara-es.com\/it\/notizie\/continua-il-trend-di-crescita-di-fiat-nel-mercato-spagnolo\/","og_locale":"it_IT","og_type":"article","og_title":"Continua il trend di crescita di Fiat nel mercato spagnolo - Italcamara","og_description":"Il gruppo automobilistico cresce del 13,8% nei primi tre mesi del 2016 e riesce a immatricolare quasi 5.000 unita nel mese di marzo &nbsp; El terzo mese del 2016 si \u00e8 chiuso con un totale di 111.512 unit\u00e0 immatricolate in Spagna. Il primo trimestre dell\u2019anno si \u00e8 chiuso in positivo, con una crescita accumulata del [&hellip;]","og_url":"https:\/\/italcamara-es.com\/it\/notizie\/continua-il-trend-di-crescita-di-fiat-nel-mercato-spagnolo\/","og_site_name":"Italcamara","article_published_time":"2016-04-04T07:31:48+00:00","og_image":[{"width":250,"height":153,"url":"https:\/\/italcamara-es.com\/wp-content\/uploads\/2025\/03\/fiat250.jpg","type":"image\/jpeg"}],"author":"administrador","twitter_card":"summary_large_image","twitter_misc":{"Scritto da":"administrador","Tempo di lettura stimato":"1 minuto"},"schema":{"@context":"https:\/\/schema.org","@graph":[{"@type":"Article","@id":"https:\/\/italcamara-es.com\/it\/notizie\/continua-il-trend-di-crescita-di-fiat-nel-mercato-spagnolo\/#article","isPartOf":{"@id":"https:\/\/italcamara-es.com\/it\/notizie\/continua-il-trend-di-crescita-di-fiat-nel-mercato-spagnolo\/"},"author":{"name":"administrador","@id":"https:\/\/italcamara-es.com\/#\/schema\/person\/bb3c56263e405bbd9a15171dcfee93bb"},"headline":"Continua il trend di crescita di Fiat nel mercato spagnolo","datePublished":"2016-04-04T07:31:48+00:00","mainEntityOfPage":{"@id":"https:\/\/italcamara-es.com\/it\/notizie\/continua-il-trend-di-crescita-di-fiat-nel-mercato-spagnolo\/"},"wordCount":167,"commentCount":0,"image":{"@id":"https:\/\/italcamara-es.com\/it\/notizie\/continua-il-trend-di-crescita-di-fiat-nel-mercato-spagnolo\/#primaryimage"},"thumbnailUrl":"https:\/\/italcamara-es.com\/wp-content\/uploads\/2025\/03\/fiat250.jpg","articleSection":["Notizie"],"inLanguage":"it-IT","potentialAction":[{"@type":"CommentAction","name":"Comment","target":["https:\/\/italcamara-es.com\/it\/notizie\/continua-il-trend-di-crescita-di-fiat-nel-mercato-spagnolo\/#respond"]}]},{"@type":"WebPage","@id":"https:\/\/italcamara-es.com\/it\/notizie\/continua-il-trend-di-crescita-di-fiat-nel-mercato-spagnolo\/","url":"https:\/\/italcamara-es.com\/it\/notizie\/continua-il-trend-di-crescita-di-fiat-nel-mercato-spagnolo\/","name":"Continua il trend di crescita di Fiat nel mercato spagnolo - Italcamara","isPartOf":{"@id":"https:\/\/italcamara-es.com\/#website"},"primaryImageOfPage":{"@id":"https:\/\/italcamara-es.com\/it\/notizie\/continua-il-trend-di-crescita-di-fiat-nel-mercato-spagnolo\/#primaryimage"},"image":{"@id":"https:\/\/italcamara-es.com\/it\/notizie\/continua-il-trend-di-crescita-di-fiat-nel-mercato-spagnolo\/#primaryimage"},"thumbnailUrl":"https:\/\/italcamara-es.com\/wp-content\/uploads\/2025\/03\/fiat250.jpg","datePublished":"2016-04-04T07:31:48+00:00","author":{"@id":"https:\/\/italcamara-es.com\/#\/schema\/person\/bb3c56263e405bbd9a15171dcfee93bb"},"breadcrumb":{"@id":"https:\/\/italcamara-es.com\/it\/notizie\/continua-il-trend-di-crescita-di-fiat-nel-mercato-spagnolo\/#breadcrumb"},"inLanguage":"it-IT","potentialAction":[{"@type":"ReadAction","target":["https:\/\/italcamara-es.com\/it\/notizie\/continua-il-trend-di-crescita-di-fiat-nel-mercato-spagnolo\/"]}]},{"@type":"ImageObject","inLanguage":"it-IT","@id":"https:\/\/italcamara-es.com\/it\/notizie\/continua-il-trend-di-crescita-di-fiat-nel-mercato-spagnolo\/#primaryimage","url":"https:\/\/italcamara-es.com\/wp-content\/uploads\/2025\/03\/fiat250.jpg","contentUrl":"https:\/\/italcamara-es.com\/wp-content\/uploads\/2025\/03\/fiat250.jpg","width":250,"height":153},{"@type":"BreadcrumbList","@id":"https:\/\/italcamara-es.com\/it\/notizie\/continua-il-trend-di-crescita-di-fiat-nel-mercato-spagnolo\/#breadcrumb","itemListElement":[{"@type":"ListItem","position":1,"name":"Inicio","item":"https:\/\/italcamara-es.com\/it\/homepage-ita\/"},{"@type":"ListItem","position":2,"name":"Continua il trend di crescita di Fiat nel mercato spagnolo"}]},{"@type":"WebSite","@id":"https:\/\/italcamara-es.com\/#website","url":"https:\/\/italcamara-es.com\/","name":"Italcamara","description":"","potentialAction":[{"@type":"SearchAction","target":{"@type":"EntryPoint","urlTemplate":"https:\/\/italcamara-es.com\/?s={search_term_string}"},"query-input":{"@type":"PropertyValueSpecification","valueRequired":true,"valueName":"search_term_string"}}],"inLanguage":"it-IT"},{"@type":"Person","@id":"https:\/\/italcamara-es.com\/#\/schema\/person\/bb3c56263e405bbd9a15171dcfee93bb","name":"administrador","image":{"@type":"ImageObject","inLanguage":"it-IT","@id":"https:\/\/secure.gravatar.com\/avatar\/14b5e63db38320b12031bb28cf9f77e210aa71fb3a8a3602a3c9a05134fa75eb?s=96&d=mm&r=g","url":"https:\/\/secure.gravatar.com\/avatar\/14b5e63db38320b12031bb28cf9f77e210aa71fb3a8a3602a3c9a05134fa75eb?s=96&d=mm&r=g","contentUrl":"https:\/\/secure.gravatar.com\/avatar\/14b5e63db38320b12031bb28cf9f77e210aa71fb3a8a3602a3c9a05134fa75eb?s=96&d=mm&r=g","caption":"administrador"},"sameAs":["http:\/\/pre.italcamara-es.com"],"url":"https:\/\/italcamara-es.com\/it\/author\/administrador\/"}]}},"rttpg_featured_image_url":{"full":["https:\/\/italcamara-es.com\/wp-content\/uploads\/2025\/03\/fiat250.jpg",250,153,false],"landscape":["https:\/\/italcamara-es.com\/wp-content\/uploads\/2025\/03\/fiat250.jpg",250,153,false],"portraits":["https:\/\/italcamara-es.com\/wp-content\/uploads\/2025\/03\/fiat250.jpg",250,153,false],"thumbnail":["https:\/\/italcamara-es.com\/wp-content\/uploads\/2025\/03\/fiat250-150x150.jpg",150,150,true],"medium":["https:\/\/italcamara-es.com\/wp-content\/uploads\/2025\/03\/fiat250.jpg",250,153,false],"large":["https:\/\/italcamara-es.com\/wp-content\/uploads\/2025\/03\/fiat250.jpg",250,153,false],"1536x1536":["https:\/\/italcamara-es.com\/wp-content\/uploads\/2025\/03\/fiat250.jpg",250,153,false],"2048x2048":["https:\/\/italcamara-es.com\/wp-content\/uploads\/2025\/03\/fiat250.jpg",250,153,false],"ocean-thumb-m":["https:\/\/italcamara-es.com\/wp-content\/uploads\/2025\/03\/fiat250.jpg",250,153,false],"ocean-thumb-ml":["https:\/\/italcamara-es.com\/wp-content\/uploads\/2025\/03\/fiat250.jpg",250,153,false],"ocean-thumb-l":["https:\/\/italcamara-es.com\/wp-content\/uploads\/2025\/03\/fiat250.jpg",250,153,false],"directorist_preview":["https:\/\/italcamara-es.com\/wp-content\/uploads\/2025\/03\/fiat250.jpg",250,153,false]},"rttpg_author":{"display_name":"administrador","author_link":"https:\/\/italcamara-es.com\/it\/author\/administrador\/"},"rttpg_comment":0,"rttpg_category":"<a href=\"https:\/\/italcamara-es.com\/it\/category\/notizie\/\" rel=\"category tag\">Notizie<\/a>","rttpg_excerpt":"Il gruppo automobilistico cresce del 13,8% nei primi tre mesi del 2016 e riesce a immatricolare quasi 5.000 unita nel mese di marzo &nbsp; El terzo mese del 2016 si \u00e8 chiuso con un totale di 111.512 unit\u00e0 immatricolate in Spagna. Il primo trimestre dell\u2019anno si \u00e8 chiuso in positivo, con una crescita accumulata del&hellip;","_links":{"self":[{"href":"https:\/\/italcamara-es.com\/it\/wp-json\/wp\/v2\/posts\/56885","targetHints":{"allow":["GET"]}}],"collection":[{"href":"https:\/\/italcamara-es.com\/it\/wp-json\/wp\/v2\/posts"}],"about":[{"href":"https:\/\/italcamara-es.com\/it\/wp-json\/wp\/v2\/types\/post"}],"author":[{"embeddable":true,"href":"https:\/\/italcamara-es.com\/it\/wp-json\/wp\/v2\/users\/1"}],"replies":[{"embeddable":true,"href":"https:\/\/italcamara-es.com\/it\/wp-json\/wp\/v2\/comments?post=56885"}],"version-history":[{"count":0,"href":"https:\/\/italcamara-es.com\/it\/wp-json\/wp\/v2\/posts\/56885\/revisions"}],"wp:featuredmedia":[{"embeddable":true,"href":"https:\/\/italcamara-es.com\/it\/wp-json\/wp\/v2\/media\/52399"}],"wp:attachment":[{"href":"https:\/\/italcamara-es.com\/it\/wp-json\/wp\/v2\/media?parent=56885"}],"wp:term":[{"taxonomy":"category","embeddable":true,"href":"https:\/\/italcamara-es.com\/it\/wp-json\/wp\/v2\/categories?post=56885"},{"taxonomy":"post_tag","embeddable":true,"href":"https:\/\/italcamara-es.com\/it\/wp-json\/wp\/v2\/tags?post=56885"}],"curies":[{"name":"wp","href":"https:\/\/api.w.org\/{rel}","templated":true}]}}