	{"id":56889,"date":"2016-02-18T10:47:38","date_gmt":"2016-02-18T09:47:38","guid":{"rendered":"http:\/\/pre.italcamara-es.com\/senza-categoria\/positivo-linizio-del-2016-per-fca\/"},"modified":"2016-02-18T10:47:38","modified_gmt":"2016-02-18T09:47:38","slug":"positivo-linizio-del-2016-per-fca","status":"publish","type":"post","link":"https:\/\/italcamara-es.com\/it\/notizie\/positivo-linizio-del-2016-per-fca\/","title":{"rendered":"Positivo l\u2019inizio del 2016 per FCA"},"content":{"rendered":"<p style=\"text-align: justify;\"><em>Dopo aver chiuso un 2015 record, Alfa Romeo, Fiat y Jeep continuano il trend di crescita\u00a0<\/em><em>nel primo mese dell\u2019anno<\/em><\/p>\n<p style=\"text-align: justify;\">\n<p style=\"text-align: justify;\">Continua l\u2019andamento positivo per il mercato spagnolo delle autovetture. A gennaio 2016 le immatricolazioni sono aumentate del 12,1%, rispetto allo stesso mese del 2015, per un totale di 76.395 unit\u00e1, la migliore cifra di gennaio dall\u2019anno 2008.<\/p>\n<p style=\"text-align: justify;\">\n<p style=\"text-align: justify;\">In questo contesto, i marchi del Gruppo FCA continuano ad essere fra quelli che registrano una crescita maggiore, dopo aver chiuso un 2015 da record sia a livello nazionale che internazionale.<\/p>\n<p style=\"text-align: justify;\">\n<p style=\"text-align: justify;\">Nel primo mese del 2016 <strong>Fiat <\/strong>ha registrato un totale di 2.605 unit\u00e1 immatricolate, con un aumento del 10,6% rispetto al primo mese del 2015. Un valore che sottolinea il nuovo ruolo della Fiat Tipo, che \u00e9 stata appena introdotta nel mercato spagnolo, superando dell\u201980% le previsioni di vendita della marca. La Fiat 500 \u00e9 sempre leader nella sua categor\u00eda, con pi\u00f9 di 1.000 unit\u00e1 immatricolate nei primi 30 giorni dell\u2019anno.<\/p>\n<p style=\"text-align: justify;\"><a href=\"https:\/\/www.italcamara-es.com\/wp-content\/uploads\/2016\/07\/fiat7001.jpg\"><img fetchpriority=\"high\" decoding=\"async\" class=\" size-full wp-image-2579 aligncenter\" src=\"https:\/\/www.italcamara-es.com\/wp-content\/uploads\/2016\/07\/fiat7001.jpg\" alt=\"fiat700\" width=\"700\" height=\"467\" \/><\/a><\/p>\n<p style=\"text-align: justify;\"><strong>Alfa Romeo<\/strong> ha regsitrato una crescita del 23,1%, con la Giulietta protagonista delle nuove immatricolazioni (+27,6%), per un totale di 157 unit\u00e0.<\/p>\n<p style=\"text-align: justify;\">\n<p style=\"text-align: justify;\">Infine, <strong>Jeep<\/strong> continua ad essere uno dei marchi con maggiore crescita in termini di immatricolazioni. In continuit\u00e0 con la performance del 2015, il primo mese del 2016 si conclude con un aumento del 124,1%.<\/p>\n<p style=\"text-align: justify;\">\n<p style=\"text-align: justify;\"><em>*Dati ANFAC<\/em><\/p>\n","protected":false},"excerpt":{"rendered":"<p>Dopo aver chiuso un 2015 record, Alfa Romeo, Fiat y Jeep continuano il trend di crescita\u00a0nel primo mese dell\u2019anno Continua l\u2019andamento positivo per il mercato spagnolo delle autovetture. A gennaio 2016 le immatricolazioni sono aumentate del 12,1%, rispetto allo stesso mese del 2015, per un totale di 76.395 unit\u00e1, la migliore cifra di gennaio dall\u2019anno [&hellip;]<\/p>\n","protected":false},"author":1,"featured_media":52407,"comment_status":"open","ping_status":"open","sticky":false,"template":"","format":"standard","meta":{"inline_featured_image":false,"ocean_post_layout":"","ocean_both_sidebars_style":"","ocean_both_sidebars_content_width":0,"ocean_both_sidebars_sidebars_width":0,"ocean_sidebar":"","ocean_second_sidebar":"","ocean_disable_margins":"enable","ocean_add_body_class":"","ocean_shortcode_before_top_bar":"","ocean_shortcode_after_top_bar":"","ocean_shortcode_before_header":"","ocean_shortcode_after_header":"","ocean_has_shortcode":"","ocean_shortcode_after_title":"","ocean_shortcode_before_footer_widgets":"","ocean_shortcode_after_footer_widgets":"","ocean_shortcode_before_footer_bottom":"","ocean_shortcode_after_footer_bottom":"","ocean_display_top_bar":"default","ocean_display_header":"default","ocean_header_style":"","ocean_center_header_left_menu":"","ocean_custom_header_template":"","ocean_custom_logo":0,"ocean_custom_retina_logo":0,"ocean_custom_logo_max_width":0,"ocean_custom_logo_tablet_max_width":0,"ocean_custom_logo_mobile_max_width":0,"ocean_custom_logo_max_height":0,"ocean_custom_logo_tablet_max_height":0,"ocean_custom_logo_mobile_max_height":0,"ocean_header_custom_menu":"","ocean_menu_typo_font_family":"","ocean_menu_typo_font_subset":"","ocean_menu_typo_font_size":0,"ocean_menu_typo_font_size_tablet":0,"ocean_menu_typo_font_size_mobile":0,"ocean_menu_typo_font_size_unit":"px","ocean_menu_typo_font_weight":"","ocean_menu_typo_font_weight_tablet":"","ocean_menu_typo_font_weight_mobile":"","ocean_menu_typo_transform":"","ocean_menu_typo_transform_tablet":"","ocean_menu_typo_transform_mobile":"","ocean_menu_typo_line_height":0,"ocean_menu_typo_line_height_tablet":0,"ocean_menu_typo_line_height_mobile":0,"ocean_menu_typo_line_height_unit":"","ocean_menu_typo_spacing":0,"ocean_menu_typo_spacing_tablet":0,"ocean_menu_typo_spacing_mobile":0,"ocean_menu_typo_spacing_unit":"","ocean_menu_link_color":"","ocean_menu_link_color_hover":"","ocean_menu_link_color_active":"","ocean_menu_link_background":"","ocean_menu_link_hover_background":"","ocean_menu_link_active_background":"","ocean_menu_social_links_bg":"","ocean_menu_social_hover_links_bg":"","ocean_menu_social_links_color":"","ocean_menu_social_hover_links_color":"","ocean_disable_title":"default","ocean_disable_heading":"default","ocean_post_title":"","ocean_post_subheading":"","ocean_post_title_style":"","ocean_post_title_background_color":"","ocean_post_title_background":0,"ocean_post_title_bg_image_position":"","ocean_post_title_bg_image_attachment":"","ocean_post_title_bg_image_repeat":"","ocean_post_title_bg_image_size":"","ocean_post_title_height":0,"ocean_post_title_bg_overlay":0.5,"ocean_post_title_bg_overlay_color":"","ocean_disable_breadcrumbs":"default","ocean_breadcrumbs_color":"","ocean_breadcrumbs_separator_color":"","ocean_breadcrumbs_links_color":"","ocean_breadcrumbs_links_hover_color":"","ocean_display_footer_widgets":"default","ocean_display_footer_bottom":"default","ocean_custom_footer_template":"","ocean_post_oembed":"","ocean_post_self_hosted_media":"","ocean_post_video_embed":"","ocean_link_format":"","ocean_link_format_target":"self","ocean_quote_format":"","ocean_quote_format_link":"post","ocean_gallery_link_images":"on","ocean_gallery_id":[],"footnotes":""},"categories":[133],"tags":[],"class_list":["post-56889","post","type-post","status-publish","format-standard","has-post-thumbnail","hentry","category-notizie","entry","has-media"],"yoast_head":"<!-- This site is optimized with the Yoast SEO plugin v27.4 - https:\/\/yoast.com\/product\/yoast-seo-wordpress\/ -->\n<title>Positivo l\u2019inizio del 2016 per FCA - Italcamara<\/title>\n<meta name=\"robots\" content=\"index, follow, max-snippet:-1, max-image-preview:large, max-video-preview:-1\" \/>\n<link rel=\"canonical\" href=\"https:\/\/italcamara-es.com\/it\/notizie\/positivo-linizio-del-2016-per-fca\/\" \/>\n<meta property=\"og:locale\" content=\"it_IT\" \/>\n<meta property=\"og:type\" content=\"article\" \/>\n<meta property=\"og:title\" content=\"Positivo l\u2019inizio del 2016 per FCA - Italcamara\" \/>\n<meta property=\"og:description\" content=\"Dopo aver chiuso un 2015 record, Alfa Romeo, Fiat y Jeep continuano il trend di crescita\u00a0nel primo mese dell\u2019anno Continua l\u2019andamento positivo per il mercato spagnolo delle autovetture. A gennaio 2016 le immatricolazioni sono aumentate del 12,1%, rispetto allo stesso mese del 2015, per un totale di 76.395 unit\u00e1, la migliore cifra di gennaio dall\u2019anno [&hellip;]\" \/>\n<meta property=\"og:url\" content=\"https:\/\/italcamara-es.com\/it\/notizie\/positivo-linizio-del-2016-per-fca\/\" \/>\n<meta property=\"og:site_name\" content=\"Italcamara\" \/>\n<meta property=\"article:published_time\" content=\"2016-02-18T09:47:38+00:00\" \/>\n<meta property=\"og:image\" content=\"https:\/\/italcamara-es.com\/wp-content\/uploads\/2025\/03\/fiat2503.jpg\" \/>\n\t<meta property=\"og:image:width\" content=\"250\" \/>\n\t<meta property=\"og:image:height\" content=\"143\" \/>\n\t<meta property=\"og:image:type\" content=\"image\/jpeg\" \/>\n<meta name=\"author\" content=\"administrador\" \/>\n<meta name=\"twitter:card\" content=\"summary_large_image\" \/>\n<meta name=\"twitter:label1\" content=\"Scritto da\" \/>\n\t<meta name=\"twitter:data1\" content=\"administrador\" \/>\n\t<meta name=\"twitter:label2\" content=\"Tempo di lettura stimato\" \/>\n\t<meta name=\"twitter:data2\" content=\"1 minuto\" \/>\n<script type=\"application\/ld+json\" class=\"yoast-schema-graph\">{\"@context\":\"https:\\\/\\\/schema.org\",\"@graph\":[{\"@type\":\"Article\",\"@id\":\"https:\\\/\\\/italcamara-es.com\\\/it\\\/notizie\\\/positivo-linizio-del-2016-per-fca\\\/#article\",\"isPartOf\":{\"@id\":\"https:\\\/\\\/italcamara-es.com\\\/it\\\/notizie\\\/positivo-linizio-del-2016-per-fca\\\/\"},\"author\":{\"name\":\"administrador\",\"@id\":\"https:\\\/\\\/italcamara-es.com\\\/#\\\/schema\\\/person\\\/bb3c56263e405bbd9a15171dcfee93bb\"},\"headline\":\"Positivo l\u2019inizio del 2016 per FCA\",\"datePublished\":\"2016-02-18T09:47:38+00:00\",\"mainEntityOfPage\":{\"@id\":\"https:\\\/\\\/italcamara-es.com\\\/it\\\/notizie\\\/positivo-linizio-del-2016-per-fca\\\/\"},\"wordCount\":206,\"commentCount\":0,\"image\":{\"@id\":\"https:\\\/\\\/italcamara-es.com\\\/it\\\/notizie\\\/positivo-linizio-del-2016-per-fca\\\/#primaryimage\"},\"thumbnailUrl\":\"https:\\\/\\\/italcamara-es.com\\\/wp-content\\\/uploads\\\/2025\\\/03\\\/fiat2503.jpg\",\"articleSection\":[\"Notizie\"],\"inLanguage\":\"it-IT\",\"potentialAction\":[{\"@type\":\"CommentAction\",\"name\":\"Comment\",\"target\":[\"https:\\\/\\\/italcamara-es.com\\\/it\\\/notizie\\\/positivo-linizio-del-2016-per-fca\\\/#respond\"]}]},{\"@type\":\"WebPage\",\"@id\":\"https:\\\/\\\/italcamara-es.com\\\/it\\\/notizie\\\/positivo-linizio-del-2016-per-fca\\\/\",\"url\":\"https:\\\/\\\/italcamara-es.com\\\/it\\\/notizie\\\/positivo-linizio-del-2016-per-fca\\\/\",\"name\":\"Positivo l\u2019inizio del 2016 per FCA - Italcamara\",\"isPartOf\":{\"@id\":\"https:\\\/\\\/italcamara-es.com\\\/#website\"},\"primaryImageOfPage\":{\"@id\":\"https:\\\/\\\/italcamara-es.com\\\/it\\\/notizie\\\/positivo-linizio-del-2016-per-fca\\\/#primaryimage\"},\"image\":{\"@id\":\"https:\\\/\\\/italcamara-es.com\\\/it\\\/notizie\\\/positivo-linizio-del-2016-per-fca\\\/#primaryimage\"},\"thumbnailUrl\":\"https:\\\/\\\/italcamara-es.com\\\/wp-content\\\/uploads\\\/2025\\\/03\\\/fiat2503.jpg\",\"datePublished\":\"2016-02-18T09:47:38+00:00\",\"author\":{\"@id\":\"https:\\\/\\\/italcamara-es.com\\\/#\\\/schema\\\/person\\\/bb3c56263e405bbd9a15171dcfee93bb\"},\"breadcrumb\":{\"@id\":\"https:\\\/\\\/italcamara-es.com\\\/it\\\/notizie\\\/positivo-linizio-del-2016-per-fca\\\/#breadcrumb\"},\"inLanguage\":\"it-IT\",\"potentialAction\":[{\"@type\":\"ReadAction\",\"target\":[\"https:\\\/\\\/italcamara-es.com\\\/it\\\/notizie\\\/positivo-linizio-del-2016-per-fca\\\/\"]}]},{\"@type\":\"ImageObject\",\"inLanguage\":\"it-IT\",\"@id\":\"https:\\\/\\\/italcamara-es.com\\\/it\\\/notizie\\\/positivo-linizio-del-2016-per-fca\\\/#primaryimage\",\"url\":\"https:\\\/\\\/italcamara-es.com\\\/wp-content\\\/uploads\\\/2025\\\/03\\\/fiat2503.jpg\",\"contentUrl\":\"https:\\\/\\\/italcamara-es.com\\\/wp-content\\\/uploads\\\/2025\\\/03\\\/fiat2503.jpg\",\"width\":250,\"height\":143},{\"@type\":\"BreadcrumbList\",\"@id\":\"https:\\\/\\\/italcamara-es.com\\\/it\\\/notizie\\\/positivo-linizio-del-2016-per-fca\\\/#breadcrumb\",\"itemListElement\":[{\"@type\":\"ListItem\",\"position\":1,\"name\":\"Inicio\",\"item\":\"https:\\\/\\\/italcamara-es.com\\\/it\\\/homepage-ita\\\/\"},{\"@type\":\"ListItem\",\"position\":2,\"name\":\"Positivo l\u2019inizio del 2016 per FCA\"}]},{\"@type\":\"WebSite\",\"@id\":\"https:\\\/\\\/italcamara-es.com\\\/#website\",\"url\":\"https:\\\/\\\/italcamara-es.com\\\/\",\"name\":\"Italcamara\",\"description\":\"\",\"potentialAction\":[{\"@type\":\"SearchAction\",\"target\":{\"@type\":\"EntryPoint\",\"urlTemplate\":\"https:\\\/\\\/italcamara-es.com\\\/?s={search_term_string}\"},\"query-input\":{\"@type\":\"PropertyValueSpecification\",\"valueRequired\":true,\"valueName\":\"search_term_string\"}}],\"inLanguage\":\"it-IT\"},{\"@type\":\"Person\",\"@id\":\"https:\\\/\\\/italcamara-es.com\\\/#\\\/schema\\\/person\\\/bb3c56263e405bbd9a15171dcfee93bb\",\"name\":\"administrador\",\"image\":{\"@type\":\"ImageObject\",\"inLanguage\":\"it-IT\",\"@id\":\"https:\\\/\\\/secure.gravatar.com\\\/avatar\\\/14b5e63db38320b12031bb28cf9f77e210aa71fb3a8a3602a3c9a05134fa75eb?s=96&d=mm&r=g\",\"url\":\"https:\\\/\\\/secure.gravatar.com\\\/avatar\\\/14b5e63db38320b12031bb28cf9f77e210aa71fb3a8a3602a3c9a05134fa75eb?s=96&d=mm&r=g\",\"contentUrl\":\"https:\\\/\\\/secure.gravatar.com\\\/avatar\\\/14b5e63db38320b12031bb28cf9f77e210aa71fb3a8a3602a3c9a05134fa75eb?s=96&d=mm&r=g\",\"caption\":\"administrador\"},\"sameAs\":[\"http:\\\/\\\/pre.italcamara-es.com\"],\"url\":\"https:\\\/\\\/italcamara-es.com\\\/it\\\/author\\\/administrador\\\/\"}]}<\/script>\n<!-- \/ Yoast SEO plugin. -->","yoast_head_json":{"title":"Positivo l\u2019inizio del 2016 per FCA - Italcamara","robots":{"index":"index","follow":"follow","max-snippet":"max-snippet:-1","max-image-preview":"max-image-preview:large","max-video-preview":"max-video-preview:-1"},"canonical":"https:\/\/italcamara-es.com\/it\/notizie\/positivo-linizio-del-2016-per-fca\/","og_locale":"it_IT","og_type":"article","og_title":"Positivo l\u2019inizio del 2016 per FCA - Italcamara","og_description":"Dopo aver chiuso un 2015 record, Alfa Romeo, Fiat y Jeep continuano il trend di crescita\u00a0nel primo mese dell\u2019anno Continua l\u2019andamento positivo per il mercato spagnolo delle autovetture. A gennaio 2016 le immatricolazioni sono aumentate del 12,1%, rispetto allo stesso mese del 2015, per un totale di 76.395 unit\u00e1, la migliore cifra di gennaio dall\u2019anno [&hellip;]","og_url":"https:\/\/italcamara-es.com\/it\/notizie\/positivo-linizio-del-2016-per-fca\/","og_site_name":"Italcamara","article_published_time":"2016-02-18T09:47:38+00:00","og_image":[{"width":250,"height":143,"url":"https:\/\/italcamara-es.com\/wp-content\/uploads\/2025\/03\/fiat2503.jpg","type":"image\/jpeg"}],"author":"administrador","twitter_card":"summary_large_image","twitter_misc":{"Scritto da":"administrador","Tempo di lettura stimato":"1 minuto"},"schema":{"@context":"https:\/\/schema.org","@graph":[{"@type":"Article","@id":"https:\/\/italcamara-es.com\/it\/notizie\/positivo-linizio-del-2016-per-fca\/#article","isPartOf":{"@id":"https:\/\/italcamara-es.com\/it\/notizie\/positivo-linizio-del-2016-per-fca\/"},"author":{"name":"administrador","@id":"https:\/\/italcamara-es.com\/#\/schema\/person\/bb3c56263e405bbd9a15171dcfee93bb"},"headline":"Positivo l\u2019inizio del 2016 per FCA","datePublished":"2016-02-18T09:47:38+00:00","mainEntityOfPage":{"@id":"https:\/\/italcamara-es.com\/it\/notizie\/positivo-linizio-del-2016-per-fca\/"},"wordCount":206,"commentCount":0,"image":{"@id":"https:\/\/italcamara-es.com\/it\/notizie\/positivo-linizio-del-2016-per-fca\/#primaryimage"},"thumbnailUrl":"https:\/\/italcamara-es.com\/wp-content\/uploads\/2025\/03\/fiat2503.jpg","articleSection":["Notizie"],"inLanguage":"it-IT","potentialAction":[{"@type":"CommentAction","name":"Comment","target":["https:\/\/italcamara-es.com\/it\/notizie\/positivo-linizio-del-2016-per-fca\/#respond"]}]},{"@type":"WebPage","@id":"https:\/\/italcamara-es.com\/it\/notizie\/positivo-linizio-del-2016-per-fca\/","url":"https:\/\/italcamara-es.com\/it\/notizie\/positivo-linizio-del-2016-per-fca\/","name":"Positivo l\u2019inizio del 2016 per FCA - Italcamara","isPartOf":{"@id":"https:\/\/italcamara-es.com\/#website"},"primaryImageOfPage":{"@id":"https:\/\/italcamara-es.com\/it\/notizie\/positivo-linizio-del-2016-per-fca\/#primaryimage"},"image":{"@id":"https:\/\/italcamara-es.com\/it\/notizie\/positivo-linizio-del-2016-per-fca\/#primaryimage"},"thumbnailUrl":"https:\/\/italcamara-es.com\/wp-content\/uploads\/2025\/03\/fiat2503.jpg","datePublished":"2016-02-18T09:47:38+00:00","author":{"@id":"https:\/\/italcamara-es.com\/#\/schema\/person\/bb3c56263e405bbd9a15171dcfee93bb"},"breadcrumb":{"@id":"https:\/\/italcamara-es.com\/it\/notizie\/positivo-linizio-del-2016-per-fca\/#breadcrumb"},"inLanguage":"it-IT","potentialAction":[{"@type":"ReadAction","target":["https:\/\/italcamara-es.com\/it\/notizie\/positivo-linizio-del-2016-per-fca\/"]}]},{"@type":"ImageObject","inLanguage":"it-IT","@id":"https:\/\/italcamara-es.com\/it\/notizie\/positivo-linizio-del-2016-per-fca\/#primaryimage","url":"https:\/\/italcamara-es.com\/wp-content\/uploads\/2025\/03\/fiat2503.jpg","contentUrl":"https:\/\/italcamara-es.com\/wp-content\/uploads\/2025\/03\/fiat2503.jpg","width":250,"height":143},{"@type":"BreadcrumbList","@id":"https:\/\/italcamara-es.com\/it\/notizie\/positivo-linizio-del-2016-per-fca\/#breadcrumb","itemListElement":[{"@type":"ListItem","position":1,"name":"Inicio","item":"https:\/\/italcamara-es.com\/it\/homepage-ita\/"},{"@type":"ListItem","position":2,"name":"Positivo l\u2019inizio del 2016 per FCA"}]},{"@type":"WebSite","@id":"https:\/\/italcamara-es.com\/#website","url":"https:\/\/italcamara-es.com\/","name":"Italcamara","description":"","potentialAction":[{"@type":"SearchAction","target":{"@type":"EntryPoint","urlTemplate":"https:\/\/italcamara-es.com\/?s={search_term_string}"},"query-input":{"@type":"PropertyValueSpecification","valueRequired":true,"valueName":"search_term_string"}}],"inLanguage":"it-IT"},{"@type":"Person","@id":"https:\/\/italcamara-es.com\/#\/schema\/person\/bb3c56263e405bbd9a15171dcfee93bb","name":"administrador","image":{"@type":"ImageObject","inLanguage":"it-IT","@id":"https:\/\/secure.gravatar.com\/avatar\/14b5e63db38320b12031bb28cf9f77e210aa71fb3a8a3602a3c9a05134fa75eb?s=96&d=mm&r=g","url":"https:\/\/secure.gravatar.com\/avatar\/14b5e63db38320b12031bb28cf9f77e210aa71fb3a8a3602a3c9a05134fa75eb?s=96&d=mm&r=g","contentUrl":"https:\/\/secure.gravatar.com\/avatar\/14b5e63db38320b12031bb28cf9f77e210aa71fb3a8a3602a3c9a05134fa75eb?s=96&d=mm&r=g","caption":"administrador"},"sameAs":["http:\/\/pre.italcamara-es.com"],"url":"https:\/\/italcamara-es.com\/it\/author\/administrador\/"}]}},"rttpg_featured_image_url":{"full":["https:\/\/italcamara-es.com\/wp-content\/uploads\/2025\/03\/fiat2503.jpg",250,143,false],"landscape":["https:\/\/italcamara-es.com\/wp-content\/uploads\/2025\/03\/fiat2503.jpg",250,143,false],"portraits":["https:\/\/italcamara-es.com\/wp-content\/uploads\/2025\/03\/fiat2503.jpg",250,143,false],"thumbnail":["https:\/\/italcamara-es.com\/wp-content\/uploads\/2025\/03\/fiat2503-150x143.jpg",150,143,true],"medium":["https:\/\/italcamara-es.com\/wp-content\/uploads\/2025\/03\/fiat2503.jpg",250,143,false],"large":["https:\/\/italcamara-es.com\/wp-content\/uploads\/2025\/03\/fiat2503.jpg",250,143,false],"1536x1536":["https:\/\/italcamara-es.com\/wp-content\/uploads\/2025\/03\/fiat2503.jpg",250,143,false],"2048x2048":["https:\/\/italcamara-es.com\/wp-content\/uploads\/2025\/03\/fiat2503.jpg",250,143,false],"ocean-thumb-m":["https:\/\/italcamara-es.com\/wp-content\/uploads\/2025\/03\/fiat2503.jpg",250,143,false],"ocean-thumb-ml":["https:\/\/italcamara-es.com\/wp-content\/uploads\/2025\/03\/fiat2503.jpg",250,143,false],"ocean-thumb-l":["https:\/\/italcamara-es.com\/wp-content\/uploads\/2025\/03\/fiat2503.jpg",250,143,false],"directorist_preview":["https:\/\/italcamara-es.com\/wp-content\/uploads\/2025\/03\/fiat2503.jpg",250,143,false]},"rttpg_author":{"display_name":"administrador","author_link":"https:\/\/italcamara-es.com\/it\/author\/administrador\/"},"rttpg_comment":0,"rttpg_category":"<a href=\"https:\/\/italcamara-es.com\/it\/category\/notizie\/\" rel=\"category tag\">Notizie<\/a>","rttpg_excerpt":"Dopo aver chiuso un 2015 record, Alfa Romeo, Fiat y Jeep continuano il trend di crescita\u00a0nel primo mese dell\u2019anno Continua l\u2019andamento positivo per il mercato spagnolo delle autovetture. A gennaio 2016 le immatricolazioni sono aumentate del 12,1%, rispetto allo stesso mese del 2015, per un totale di 76.395 unit\u00e1, la migliore cifra di gennaio dall\u2019anno&hellip;","_links":{"self":[{"href":"https:\/\/italcamara-es.com\/it\/wp-json\/wp\/v2\/posts\/56889","targetHints":{"allow":["GET"]}}],"collection":[{"href":"https:\/\/italcamara-es.com\/it\/wp-json\/wp\/v2\/posts"}],"about":[{"href":"https:\/\/italcamara-es.com\/it\/wp-json\/wp\/v2\/types\/post"}],"author":[{"embeddable":true,"href":"https:\/\/italcamara-es.com\/it\/wp-json\/wp\/v2\/users\/1"}],"replies":[{"embeddable":true,"href":"https:\/\/italcamara-es.com\/it\/wp-json\/wp\/v2\/comments?post=56889"}],"version-history":[{"count":0,"href":"https:\/\/italcamara-es.com\/it\/wp-json\/wp\/v2\/posts\/56889\/revisions"}],"wp:featuredmedia":[{"embeddable":true,"href":"https:\/\/italcamara-es.com\/it\/wp-json\/wp\/v2\/media\/52407"}],"wp:attachment":[{"href":"https:\/\/italcamara-es.com\/it\/wp-json\/wp\/v2\/media?parent=56889"}],"wp:term":[{"taxonomy":"category","embeddable":true,"href":"https:\/\/italcamara-es.com\/it\/wp-json\/wp\/v2\/categories?post=56889"},{"taxonomy":"post_tag","embeddable":true,"href":"https:\/\/italcamara-es.com\/it\/wp-json\/wp\/v2\/tags?post=56889"}],"curies":[{"name":"wp","href":"https:\/\/api.w.org\/{rel}","templated":true}]}}